{"id":26282,"date":"2023-07-08T12:40:40","date_gmt":"2023-07-08T10:40:40","guid":{"rendered":"https:\/\/vosgesinfo.fr\/laplainedesvosgesinfo\/2023\/07\/subventions-en-augmentation-pour-les-associations-au-conseil-municipal-de-vittel\/"},"modified":"2023-07-08T12:40:40","modified_gmt":"2023-07-08T10:40:40","slug":"subventions-en-augmentation-pour-les-associations-au-conseil-municipal-de-vittel","status":"publish","type":"post","link":"https:\/\/vosgesinfo.fr\/laplainedesvosgesinfo\/2023\/07\/subventions-en-augmentation-pour-les-associations-au-conseil-municipal-de-vittel\/","title":{"rendered":"Subventions en augmentation pour les associations au Conseil municipal de Vittel"},"content":{"rendered":"\n<p><strong>Les \u00e9lus du Conseil municipal de Vittel se sont r\u00e9unis pour la derni\u00e8re fois avant les vacances d&rsquo;\u00e9t\u00e9 ce jeudi 6 juillet 2023. Comme le veux la tradition, Franck Perry a pris la parole en ouverture de s\u00e9ance. De nombreux sujets ont \u00e9t\u00e9 d\u00e9battus \u00e0 cette occasion. Il a fallu un peu plus de 2 heures 30 pour aborder l&rsquo;ensemble des points inscrits \u00e0 l&rsquo;ordre du jour. L&rsquo;attribution des subventions tant aux associations sportives que culturelles a donn\u00e9 lieu \u00e0 de nombreux \u00e9changes et pr\u00e9cisions de la part des \u00e9lus en direction des membres de l&rsquo;opposition.<\/strong><\/p>\n<p>Une bonne vingtaine de points diff\u00e9rents \u00e9taient inscrits ce jeudi 6 juillet 2023, \u00e0 l&rsquo;ordre du jour du dernier Conseil municipal de la cit\u00e9 thermale avant l&rsquo;\u00e9t\u00e9. L&rsquo;attribution des subventions aux associations de la ville, a n\u00e9cessit\u00e9 un long moment d&rsquo;explications et de questions &#8211; r\u00e9ponses. Il faut dire que le sujet \u00e9tait d&rsquo;importance puisque les subventions 2023 aux associations vittelloises \u00e9taient en nette augmentation par rapport \u00e0 l&rsquo;exercice 2022. Nicole Charron Adjointe au Tourisme et \u00e0 la vie associative \u00e9tait pour se faire aux cot\u00e9s d&rsquo;Alexandre Chopinez, Adjoint \u00e0 la vie sportive. Parmi les montants les plus importants dans la grille des subventions allou\u00e9es pour l&rsquo;exercice 2023, la Vigie de l&rsquo;eau b\u00e9n\u00e9ficiera d&rsquo;une petite augmentation d&rsquo;environ 10% pour atteindre la somme de 16500 euros. 10854 euros iront cette ann\u00e9e \u00e0 l&rsquo;Orchestre d&rsquo;Harmonie municipale, contre 9000 euros pour l&rsquo;exercice 2022. Du c\u00f4t\u00e9 des subventions aux associations sportives de la ville, le soutien est sup\u00e9rieur ou \u00e9gal \u00e0 l&rsquo;ann\u00e9e 2022.<\/p>\n<p><em>\u00a0\u00bb Une nouvelle donn\u00e9e est mise en avant dans le tableau d&rsquo;attribution des subventions aux associations pour l&rsquo;exercice 2023. Nous avons \u00e9galement mentionn\u00e9 dans les chiffres \u00e9nonc\u00e9s lors de ce Conseil municipal, les aides indirectes estim\u00e9es. Nous avions pour les exercices pr\u00e9c\u00e9dents, l&rsquo;ensemble de ces chiffres mais depuis cette ann\u00e9e, nous avons l&rsquo;obligation de les mentionner. Pour ceux qui ne le sauraient pas, ces \u00e9l\u00e9ments valorisent la mise \u00e0 disposition de plusieurs points, aupr\u00e8s des associations tels que les locaux et les diff\u00e9rentes charges aff\u00e9rentes, ainsi que le pr\u00eat de mat\u00e9riel. Ces estimations sont probablement inf\u00e9rieures \u00e0 la r\u00e9alit\u00e9, mais sont tout de m\u00eame repr\u00e9sentatives du soutien financier de la ville en direction des 82 associations vittelloises\u00a0\u00bb, <\/em>d\u00e9clare Patrick Floquet Premier Adjoint aux ressources et moyens g\u00e9n\u00e9raux ainsi qu&rsquo;au contr\u00f4le de gestion.<\/p>\n","protected":false},"excerpt":{"rendered":"<p>Les \u00e9lus du Conseil municipal de Vittel se sont r\u00e9unis pour la derni\u00e8re fois avant les vacances d&rsquo;\u00e9t\u00e9 ce jeudi [&hellip;]<\/p>\n","protected":false},"author":128,"featured_media":26283,"comment_status":"open","ping_status":"open","sticky":false,"template":"","format":"standard","meta":{"footnotes":""},"categories":[29,37,38],"tags":[7097,39,122,36],"class_list":["post-26282","post","type-post","status-publish","format-standard","has-post-thumbnail","hentry","category-a-la-une","category-la-plaine","category-vittel-la-plaine","tag-conseil-municipal-vittel","tag-franck-perry","tag-patrick-floquet","tag-ville-de-vittel"],"acf":[],"yoast_head":"<!-- This site is optimized with the Yoast SEO plugin v22.5 - https:\/\/yoast.com\/wordpress\/plugins\/seo\/ -->\n<title>Subventions en augmentation pour les associations au Conseil municipal de Vittel - La Plaine des Vosges<\/title>\n<meta name=\"robots\" content=\"index, follow, max-snippet:-1, max-image-preview:large, max-video-preview:-1\" \/>\n<link rel=\"canonical\" href=\"https:\/\/vosgesinfo.fr\/laplainedesvosgesinfo\/2023\/07\/subventions-en-augmentation-pour-les-associations-au-conseil-municipal-de-vittel\/\" \/>\n<meta name=\"twitter:card\" content=\"summary_large_image\" \/>\n<meta name=\"twitter:title\" content=\"Subventions en augmentation pour les associations au Conseil municipal de Vittel - La Plaine des Vosges\" \/>\n<meta name=\"twitter:description\" content=\"Les \u00e9lus du Conseil municipal de Vittel se sont r\u00e9unis pour la derni\u00e8re fois avant les vacances d&rsquo;\u00e9t\u00e9 ce jeudi [&hellip;]\" \/>\n<meta name=\"twitter:image\" content=\"https:\/\/vosgesinfo.fr\/app\/uploads\/sites\/2\/2024\/07\/20230756666f08-11c4-4895-8ed3-47ea3bda3e43.jpeg\" \/>\n<meta name=\"twitter:creator\" content=\"@VosgesInfo88\" \/>\n<meta name=\"twitter:site\" content=\"@VosgesInfo88\" \/>\n<meta name=\"twitter:label1\" content=\"\u00c9crit par\" \/>\n\t<meta name=\"twitter:data1\" content=\"F L\" \/>\n\t<meta name=\"twitter:label2\" content=\"Dur\u00e9e de lecture estim\u00e9e\" \/>\n\t<meta name=\"twitter:data2\" content=\"2 minutes\" \/>\n<script type=\"application\/ld+json\" class=\"yoast-schema-graph\">{\"@context\":\"https:\/\/schema.org\",\"@graph\":[{\"@type\":\"Article\",\"@id\":\"https:\/\/vosgesinfo.fr\/laplainedesvosgesinfo\/2023\/07\/subventions-en-augmentation-pour-les-associations-au-conseil-municipal-de-vittel\/#article\",\"isPartOf\":{\"@id\":\"https:\/\/vosgesinfo.fr\/laplainedesvosgesinfo\/2023\/07\/subventions-en-augmentation-pour-les-associations-au-conseil-municipal-de-vittel\/\"},\"author\":{\"name\":\"F L\",\"@id\":\"https:\/\/vosgesinfo.fr\/laplainedesvosgesinfo\/#\/schema\/person\/79e32bebcee803e323d575130a214cb1\"},\"headline\":\"Subventions en augmentation pour les associations au Conseil municipal de Vittel\",\"datePublished\":\"2023-07-08T10:40:40+00:00\",\"dateModified\":\"2023-07-08T10:40:40+00:00\",\"mainEntityOfPage\":{\"@id\":\"https:\/\/vosgesinfo.fr\/laplainedesvosgesinfo\/2023\/07\/subventions-en-augmentation-pour-les-associations-au-conseil-municipal-de-vittel\/\"},\"wordCount\":434,\"commentCount\":0,\"publisher\":{\"@id\":\"https:\/\/vosgesinfo.fr\/laplainedesvosgesinfo\/#organization\"},\"image\":{\"@id\":\"https:\/\/vosgesinfo.fr\/laplainedesvosgesinfo\/2023\/07\/subventions-en-augmentation-pour-les-associations-au-conseil-municipal-de-vittel\/#primaryimage\"},\"thumbnailUrl\":\"https:\/\/vosgesinfo.fr\/app\/uploads\/sites\/2\/2024\/07\/20230756666f08-11c4-4895-8ed3-47ea3bda3e43.jpeg\",\"keywords\":[\"Conseil municipal Vittel\",\"Franck Perry\",\"Patrick Floquet\",\"Ville de Vittel\"],\"articleSection\":[\"A la Une\",\"La Plaine\",\"Vittel\"],\"inLanguage\":\"fr-FR\",\"potentialAction\":[{\"@type\":\"CommentAction\",\"name\":\"Comment\",\"target\":[\"https:\/\/vosgesinfo.fr\/laplainedesvosgesinfo\/2023\/07\/subventions-en-augmentation-pour-les-associations-au-conseil-municipal-de-vittel\/#respond\"]}]},{\"@type\":\"WebPage\",\"@id\":\"https:\/\/vosgesinfo.fr\/laplainedesvosgesinfo\/2023\/07\/subventions-en-augmentation-pour-les-associations-au-conseil-municipal-de-vittel\/\",\"url\":\"https:\/\/vosgesinfo.fr\/laplainedesvosgesinfo\/2023\/07\/subventions-en-augmentation-pour-les-associations-au-conseil-municipal-de-vittel\/\",\"name\":\"Subventions en augmentation pour les associations au Conseil municipal de Vittel - La Plaine des Vosges\",\"isPartOf\":{\"@id\":\"https:\/\/vosgesinfo.fr\/laplainedesvosgesinfo\/#website\"},\"primaryImageOfPage\":{\"@id\":\"https:\/\/vosgesinfo.fr\/laplainedesvosgesinfo\/2023\/07\/subventions-en-augmentation-pour-les-associations-au-conseil-municipal-de-vittel\/#primaryimage\"},\"image\":{\"@id\":\"https:\/\/vosgesinfo.fr\/laplainedesvosgesinfo\/2023\/07\/subventions-en-augmentation-pour-les-associations-au-conseil-municipal-de-vittel\/#primaryimage\"},\"thumbnailUrl\":\"https:\/\/vosgesinfo.fr\/app\/uploads\/sites\/2\/2024\/07\/20230756666f08-11c4-4895-8ed3-47ea3bda3e43.jpeg\",\"datePublished\":\"2023-07-08T10:40:40+00:00\",\"dateModified\":\"2023-07-08T10:40:40+00:00\",\"breadcrumb\":{\"@id\":\"https:\/\/vosgesinfo.fr\/laplainedesvosgesinfo\/2023\/07\/subventions-en-augmentation-pour-les-associations-au-conseil-municipal-de-vittel\/#breadcrumb\"},\"inLanguage\":\"fr-FR\",\"potentialAction\":[{\"@type\":\"ReadAction\",\"target\":[\"https:\/\/vosgesinfo.fr\/laplainedesvosgesinfo\/2023\/07\/subventions-en-augmentation-pour-les-associations-au-conseil-municipal-de-vittel\/\"]}]},{\"@type\":\"ImageObject\",\"inLanguage\":\"fr-FR\",\"@id\":\"https:\/\/vosgesinfo.fr\/laplainedesvosgesinfo\/2023\/07\/subventions-en-augmentation-pour-les-associations-au-conseil-municipal-de-vittel\/#primaryimage\",\"url\":\"https:\/\/vosgesinfo.fr\/app\/uploads\/sites\/2\/2024\/07\/20230756666f08-11c4-4895-8ed3-47ea3bda3e43.jpeg\",\"contentUrl\":\"https:\/\/vosgesinfo.fr\/app\/uploads\/sites\/2\/2024\/07\/20230756666f08-11c4-4895-8ed3-47ea3bda3e43.jpeg\",\"width\":800,\"height\":600},{\"@type\":\"BreadcrumbList\",\"@id\":\"https:\/\/vosgesinfo.fr\/laplainedesvosgesinfo\/2023\/07\/subventions-en-augmentation-pour-les-associations-au-conseil-municipal-de-vittel\/#breadcrumb\",\"itemListElement\":[{\"@type\":\"ListItem\",\"position\":1,\"name\":\"Home\",\"item\":\"https:\/\/vosgesinfo.fr\/laplainedesvosgesinfo\/\"},{\"@type\":\"ListItem\",\"position\":2,\"name\":\"Subventions en augmentation pour les associations au Conseil municipal de Vittel\"}]},{\"@type\":\"WebSite\",\"@id\":\"https:\/\/vosgesinfo.fr\/laplainedesvosgesinfo\/#website\",\"url\":\"https:\/\/vosgesinfo.fr\/laplainedesvosgesinfo\/\",\"name\":\"La Plaine des Vosges\",\"description\":\"Toute l&#039;actualit\u00e9 de la plaine de Vosges\",\"publisher\":{\"@id\":\"https:\/\/vosgesinfo.fr\/laplainedesvosgesinfo\/#organization\"},\"alternateName\":\"Toute l'actualit\u00e9 de la plaine des Vosges\",\"potentialAction\":[{\"@type\":\"SearchAction\",\"target\":{\"@type\":\"EntryPoint\",\"urlTemplate\":\"https:\/\/vosgesinfo.fr\/laplainedesvosgesinfo\/?s={search_term_string}\"},\"query-input\":\"required name=search_term_string\"}],\"inLanguage\":\"fr-FR\"},{\"@type\":\"Organization\",\"@id\":\"https:\/\/vosgesinfo.fr\/laplainedesvosgesinfo\/#organization\",\"name\":\"La Plaine des Vosges\",\"url\":\"https:\/\/vosgesinfo.fr\/laplainedesvosgesinfo\/\",\"logo\":{\"@type\":\"ImageObject\",\"inLanguage\":\"fr-FR\",\"@id\":\"https:\/\/vosgesinfo.fr\/laplainedesvosgesinfo\/#\/schema\/logo\/image\/\",\"url\":\"https:\/\/vosgesinfo.fr\/app\/uploads\/sites\/2\/2023\/08\/logo-laplaineinfo.svg\",\"contentUrl\":\"https:\/\/vosgesinfo.fr\/app\/uploads\/sites\/2\/2023\/08\/logo-laplaineinfo.svg\",\"width\":1,\"height\":1,\"caption\":\"La Plaine des Vosges\"},\"image\":{\"@id\":\"https:\/\/vosgesinfo.fr\/laplainedesvosgesinfo\/#\/schema\/logo\/image\/\"},\"sameAs\":[\"https:\/\/www.facebook.com\/laplainedesvosges\",\"https:\/\/x.com\/VosgesInfo88\",\"https:\/\/www.youtube.com\/@vosgesinfo\"]},{\"@type\":\"Person\",\"@id\":\"https:\/\/vosgesinfo.fr\/laplainedesvosgesinfo\/#\/schema\/person\/79e32bebcee803e323d575130a214cb1\",\"name\":\"F L\",\"image\":{\"@type\":\"ImageObject\",\"inLanguage\":\"fr-FR\",\"@id\":\"https:\/\/vosgesinfo.fr\/laplainedesvosgesinfo\/#\/schema\/person\/image\/\",\"url\":\"https:\/\/secure.gravatar.com\/avatar\/d357c72e152089867fde6ef62184057ee532a6f21b254c937a932e835554cfb3?s=96&d=mm&r=g\",\"contentUrl\":\"https:\/\/secure.gravatar.com\/avatar\/d357c72e152089867fde6ef62184057ee532a6f21b254c937a932e835554cfb3?s=96&d=mm&r=g\",\"caption\":\"F L\"},\"url\":\"https:\/\/vosgesinfo.fr\/laplainedesvosgesinfo\/author\/frlevyp88\/\"}]}<\/script>\n<!-- \/ Yoast SEO plugin. -->","yoast_head_json":{"title":"Subventions en augmentation pour les associations au Conseil municipal de Vittel - La Plaine des Vosges","robots":{"index":"index","follow":"follow","max-snippet":"max-snippet:-1","max-image-preview":"max-image-preview:large","max-video-preview":"max-video-preview:-1"},"canonical":"https:\/\/vosgesinfo.fr\/laplainedesvosgesinfo\/2023\/07\/subventions-en-augmentation-pour-les-associations-au-conseil-municipal-de-vittel\/","twitter_card":"summary_large_image","twitter_title":"Subventions en augmentation pour les associations au Conseil municipal de Vittel - La Plaine des Vosges","twitter_description":"Les \u00e9lus du Conseil municipal de Vittel se sont r\u00e9unis pour la derni\u00e8re fois avant les vacances d&rsquo;\u00e9t\u00e9 ce jeudi [&hellip;]","twitter_image":"https:\/\/vosgesinfo.fr\/app\/uploads\/sites\/2\/2024\/07\/20230756666f08-11c4-4895-8ed3-47ea3bda3e43.jpeg","twitter_creator":"@VosgesInfo88","twitter_site":"@VosgesInfo88","twitter_misc":{"\u00c9crit par":"F L","Dur\u00e9e de lecture estim\u00e9e":"2 minutes"},"schema":{"@context":"https:\/\/schema.org","@graph":[{"@type":"Article","@id":"https:\/\/vosgesinfo.fr\/laplainedesvosgesinfo\/2023\/07\/subventions-en-augmentation-pour-les-associations-au-conseil-municipal-de-vittel\/#article","isPartOf":{"@id":"https:\/\/vosgesinfo.fr\/laplainedesvosgesinfo\/2023\/07\/subventions-en-augmentation-pour-les-associations-au-conseil-municipal-de-vittel\/"},"author":{"name":"F L","@id":"https:\/\/vosgesinfo.fr\/laplainedesvosgesinfo\/#\/schema\/person\/79e32bebcee803e323d575130a214cb1"},"headline":"Subventions en augmentation pour les associations au Conseil municipal de Vittel","datePublished":"2023-07-08T10:40:40+00:00","dateModified":"2023-07-08T10:40:40+00:00","mainEntityOfPage":{"@id":"https:\/\/vosgesinfo.fr\/laplainedesvosgesinfo\/2023\/07\/subventions-en-augmentation-pour-les-associations-au-conseil-municipal-de-vittel\/"},"wordCount":434,"commentCount":0,"publisher":{"@id":"https:\/\/vosgesinfo.fr\/laplainedesvosgesinfo\/#organization"},"image":{"@id":"https:\/\/vosgesinfo.fr\/laplainedesvosgesinfo\/2023\/07\/subventions-en-augmentation-pour-les-associations-au-conseil-municipal-de-vittel\/#primaryimage"},"thumbnailUrl":"https:\/\/vosgesinfo.fr\/app\/uploads\/sites\/2\/2024\/07\/20230756666f08-11c4-4895-8ed3-47ea3bda3e43.jpeg","keywords":["Conseil municipal Vittel","Franck Perry","Patrick Floquet","Ville de Vittel"],"articleSection":["A la Une","La Plaine","Vittel"],"inLanguage":"fr-FR","potentialAction":[{"@type":"CommentAction","name":"Comment","target":["https:\/\/vosgesinfo.fr\/laplainedesvosgesinfo\/2023\/07\/subventions-en-augmentation-pour-les-associations-au-conseil-municipal-de-vittel\/#respond"]}]},{"@type":"WebPage","@id":"https:\/\/vosgesinfo.fr\/laplainedesvosgesinfo\/2023\/07\/subventions-en-augmentation-pour-les-associations-au-conseil-municipal-de-vittel\/","url":"https:\/\/vosgesinfo.fr\/laplainedesvosgesinfo\/2023\/07\/subventions-en-augmentation-pour-les-associations-au-conseil-municipal-de-vittel\/","name":"Subventions en augmentation pour les associations au Conseil municipal de Vittel - La Plaine des Vosges","isPartOf":{"@id":"https:\/\/vosgesinfo.fr\/laplainedesvosgesinfo\/#website"},"primaryImageOfPage":{"@id":"https:\/\/vosgesinfo.fr\/laplainedesvosgesinfo\/2023\/07\/subventions-en-augmentation-pour-les-associations-au-conseil-municipal-de-vittel\/#primaryimage"},"image":{"@id":"https:\/\/vosgesinfo.fr\/laplainedesvosgesinfo\/2023\/07\/subventions-en-augmentation-pour-les-associations-au-conseil-municipal-de-vittel\/#primaryimage"},"thumbnailUrl":"https:\/\/vosgesinfo.fr\/app\/uploads\/sites\/2\/2024\/07\/20230756666f08-11c4-4895-8ed3-47ea3bda3e43.jpeg","datePublished":"2023-07-08T10:40:40+00:00","dateModified":"2023-07-08T10:40:40+00:00","breadcrumb":{"@id":"https:\/\/vosgesinfo.fr\/laplainedesvosgesinfo\/2023\/07\/subventions-en-augmentation-pour-les-associations-au-conseil-municipal-de-vittel\/#breadcrumb"},"inLanguage":"fr-FR","potentialAction":[{"@type":"ReadAction","target":["https:\/\/vosgesinfo.fr\/laplainedesvosgesinfo\/2023\/07\/subventions-en-augmentation-pour-les-associations-au-conseil-municipal-de-vittel\/"]}]},{"@type":"ImageObject","inLanguage":"fr-FR","@id":"https:\/\/vosgesinfo.fr\/laplainedesvosgesinfo\/2023\/07\/subventions-en-augmentation-pour-les-associations-au-conseil-municipal-de-vittel\/#primaryimage","url":"https:\/\/vosgesinfo.fr\/app\/uploads\/sites\/2\/2024\/07\/20230756666f08-11c4-4895-8ed3-47ea3bda3e43.jpeg","contentUrl":"https:\/\/vosgesinfo.fr\/app\/uploads\/sites\/2\/2024\/07\/20230756666f08-11c4-4895-8ed3-47ea3bda3e43.jpeg","width":800,"height":600},{"@type":"BreadcrumbList","@id":"https:\/\/vosgesinfo.fr\/laplainedesvosgesinfo\/2023\/07\/subventions-en-augmentation-pour-les-associations-au-conseil-municipal-de-vittel\/#breadcrumb","itemListElement":[{"@type":"ListItem","position":1,"name":"Home","item":"https:\/\/vosgesinfo.fr\/laplainedesvosgesinfo\/"},{"@type":"ListItem","position":2,"name":"Subventions en augmentation pour les associations au Conseil municipal de Vittel"}]},{"@type":"WebSite","@id":"https:\/\/vosgesinfo.fr\/laplainedesvosgesinfo\/#website","url":"https:\/\/vosgesinfo.fr\/laplainedesvosgesinfo\/","name":"La Plaine des Vosges","description":"Toute l&#039;actualit\u00e9 de la plaine de Vosges","publisher":{"@id":"https:\/\/vosgesinfo.fr\/laplainedesvosgesinfo\/#organization"},"alternateName":"Toute l'actualit\u00e9 de la plaine des Vosges","potentialAction":[{"@type":"SearchAction","target":{"@type":"EntryPoint","urlTemplate":"https:\/\/vosgesinfo.fr\/laplainedesvosgesinfo\/?s={search_term_string}"},"query-input":"required name=search_term_string"}],"inLanguage":"fr-FR"},{"@type":"Organization","@id":"https:\/\/vosgesinfo.fr\/laplainedesvosgesinfo\/#organization","name":"La Plaine des Vosges","url":"https:\/\/vosgesinfo.fr\/laplainedesvosgesinfo\/","logo":{"@type":"ImageObject","inLanguage":"fr-FR","@id":"https:\/\/vosgesinfo.fr\/laplainedesvosgesinfo\/#\/schema\/logo\/image\/","url":"https:\/\/vosgesinfo.fr\/app\/uploads\/sites\/2\/2023\/08\/logo-laplaineinfo.svg","contentUrl":"https:\/\/vosgesinfo.fr\/app\/uploads\/sites\/2\/2023\/08\/logo-laplaineinfo.svg","width":1,"height":1,"caption":"La Plaine des Vosges"},"image":{"@id":"https:\/\/vosgesinfo.fr\/laplainedesvosgesinfo\/#\/schema\/logo\/image\/"},"sameAs":["https:\/\/www.facebook.com\/laplainedesvosges","https:\/\/x.com\/VosgesInfo88","https:\/\/www.youtube.com\/@vosgesinfo"]},{"@type":"Person","@id":"https:\/\/vosgesinfo.fr\/laplainedesvosgesinfo\/#\/schema\/person\/79e32bebcee803e323d575130a214cb1","name":"F L","image":{"@type":"ImageObject","inLanguage":"fr-FR","@id":"https:\/\/vosgesinfo.fr\/laplainedesvosgesinfo\/#\/schema\/person\/image\/","url":"https:\/\/secure.gravatar.com\/avatar\/d357c72e152089867fde6ef62184057ee532a6f21b254c937a932e835554cfb3?s=96&d=mm&r=g","contentUrl":"https:\/\/secure.gravatar.com\/avatar\/d357c72e152089867fde6ef62184057ee532a6f21b254c937a932e835554cfb3?s=96&d=mm&r=g","caption":"F L"},"url":"https:\/\/vosgesinfo.fr\/laplainedesvosgesinfo\/author\/frlevyp88\/"}]}},"_links":{"self":[{"href":"https:\/\/vosgesinfo.fr\/laplainedesvosgesinfo\/wp-json\/wp\/v2\/posts\/26282","targetHints":{"allow":["GET"]}}],"collection":[{"href":"https:\/\/vosgesinfo.fr\/laplainedesvosgesinfo\/wp-json\/wp\/v2\/posts"}],"about":[{"href":"https:\/\/vosgesinfo.fr\/laplainedesvosgesinfo\/wp-json\/wp\/v2\/types\/post"}],"author":[{"embeddable":true,"href":"https:\/\/vosgesinfo.fr\/laplainedesvosgesinfo\/wp-json\/wp\/v2\/users\/128"}],"replies":[{"embeddable":true,"href":"https:\/\/vosgesinfo.fr\/laplainedesvosgesinfo\/wp-json\/wp\/v2\/comments?post=26282"}],"version-history":[{"count":0,"href":"https:\/\/vosgesinfo.fr\/laplainedesvosgesinfo\/wp-json\/wp\/v2\/posts\/26282\/revisions"}],"wp:featuredmedia":[{"embeddable":true,"href":"https:\/\/vosgesinfo.fr\/laplainedesvosgesinfo\/wp-json\/wp\/v2\/media\/26283"}],"wp:attachment":[{"href":"https:\/\/vosgesinfo.fr\/laplainedesvosgesinfo\/wp-json\/wp\/v2\/media?parent=26282"}],"wp:term":[{"taxonomy":"category","embeddable":true,"href":"https:\/\/vosgesinfo.fr\/laplainedesvosgesinfo\/wp-json\/wp\/v2\/categories?post=26282"},{"taxonomy":"post_tag","embeddable":true,"href":"https:\/\/vosgesinfo.fr\/laplainedesvosgesinfo\/wp-json\/wp\/v2\/tags?post=26282"}],"curies":[{"name":"wp","href":"https:\/\/api.w.org\/{rel}","templated":true}]}}