{"id":26286,"date":"2023-07-09T12:52:07","date_gmt":"2023-07-09T10:52:07","guid":{"rendered":"https:\/\/vosgesinfo.fr\/laplainedesvosgesinfo\/2023\/07\/au-dela-du-phenomene-artistique-de-nombreuses-retombees-pour-les-commercants-de-vittel\/"},"modified":"2023-07-09T12:52:07","modified_gmt":"2023-07-09T10:52:07","slug":"au-dela-du-phenomene-artistique-de-nombreuses-retombees-pour-les-commercants-de-vittel","status":"publish","type":"post","link":"https:\/\/vosgesinfo.fr\/laplainedesvosgesinfo\/2023\/07\/au-dela-du-phenomene-artistique-de-nombreuses-retombees-pour-les-commercants-de-vittel\/","title":{"rendered":"Au del\u00e0 du ph\u00e9nom\u00e8ne artistique, de nombreuses retomb\u00e9es pour les commer\u00e7ants de Vittel"},"content":{"rendered":"<div id=\"attachment_139808\" style=\"width: 810px\" class=\"wp-caption aligncenter\"><a href=\"\/2023\/07\/2FA6D2A1-A586-468D-A64F-73EBD972442F.jpeg\"><img decoding=\"async\" aria-describedby=\"caption-attachment-139808\" class=\"size-full wp-image-139808\" src=\"\/2023\/07\/2FA6D2A1-A586-468D-A64F-73EBD972442F.jpeg\" alt=\"Paquita Madrid pr\u00e9sente les retomb\u00e9es \u00e9conomiques du salon de peintures et sculptures pour les commer\u00e7ants de Vittel.\" width=\"800\" height=\"600\" \/><\/a><p id=\"caption-attachment-139808\" class=\"wp-caption-text\">Paquita Madrid pr\u00e9sente les retomb\u00e9es \u00e9conomiques du salon de peintures et de sculptures, pour les commer\u00e7ants de Vittel.<\/p><\/div>\n<p><strong>Alors que le 37\u00e8me salon de peintures et sculptures de Vittel est ouvert au public depuis samedi 8 juillet, le public afflue en nombre depuis l\u2019ouverture de ce dimanche matin. Les premiers ateliers artistiques \u00e0 destination de tout public, d\u00e9buteront d\u00e8s le d\u00e9but de l\u2019apr\u00e8s &#8211; midi. En fin de matin\u00e9e, la premi\u00e8re conf\u00e9rence sur l\u2019art en \u00c9gypte et la mythologie d\u00e9butait dans les salles du Palais des Congr\u00e8s. Paquita Madrid\u00a0revient sur les retomb\u00e9es en termes\u00a0\u00e9conomiques et touristiques, pour les commer\u00e7ants\u00a0de la ville de Vittel.<\/strong><\/p>\n<p><strong>Quels sont les grands d\u00e9fis logistiques \u00e0 relever pour l\u2019organisation d\u2019un tel salon ?<\/strong><\/p>\n<p><em>\u00ab L\u2019organisation du salon demande une ann\u00e9e de travail, \u00e0 toute l\u2019\u00e9quipe qui me soutient et m\u2019entoure. Il faut relever de nombreux d\u00e9fis pour maintenir un tel salon, qui de l\u2019avis du monde artistique est le meilleur de la R\u00e9gion Grand Est. Nous pr\u00e9sentons 481 \u0153uvres de plus de 200 artistes venus de plus de 11 pays diff\u00e9rents. L\u2019accrochage des \u0153uvres repr\u00e9sente un travail de Titan. Nous sommes heureux \u00e0 chaque \u00e9dition de retrouver Vittel \u00bb.<\/em><\/p>\n<p><b>Quelles sont les retomb\u00e9es pour l\u2019h\u00f4tellerie \u00e0 Vittel ?<\/b><\/p>\n<p><em>\u00ab Le salon repr\u00e9sente environ 500 nuit\u00e9es pour le tourisme. Il y a bien entendu les h\u00f4tels qui en b\u00e9n\u00e9ficient, mais \u00e9galement les g\u00eetes et les nombreux loueurs de meubl\u00e9s en ville \u00bb.<\/em><\/p>\n<p><strong>Et en terme de restauration ?<\/strong><\/p>\n<p>\u00ab Rien que pour le repas de la soir\u00e9e d\u2019ouverture du salon, nous \u00e9tions 145 personnes au restaurant de l\u2019Or\u00e9e du Bois. Cela repr\u00e9sente une somme importante de 6525 euros enti\u00e8rement r\u00e9gl\u00e9e par les artistes pr\u00e9sents. En plus de cette somme, le salon rapporte aux commer\u00e7ants vittellois la somme d\u2019environ 12000 euros en terme de repas pris quotidiennement dans les \u00e9tablissements de la ville \u00bb.<\/p>\n<p><strong>Quelles sont les aides que vous recevez de la Ville de Vittel ?<\/strong><\/p>\n<p><em>\u00ab Sans la pr\u00e9sence \u00e0 nos c\u00f4t\u00e9s des diff\u00e9rents services de la ville de Vittel, rien de tout ceci ne serait possible pour une association comme la n\u00f4tre. \u00c0 cette occasion, je tiens \u00e0 remercier le Maire de Vittel Franck Perry, pour son ind\u00e9fectible soutien \u00e0 cet \u00e9v\u00e9nement artistique ainsi que\u00a0Patrick Floquet, \u00a0pour tout ce qui touche aux finances. Nicole Charron est depuis bien des ann\u00e9es \u00e0 nos c\u00f4t\u00e9s pour l\u2019impact touristique que repr\u00e9sente le salon. Je remercie \u00e9galement Isabelle Boissel et le service culturel de la Ville. Sans entrer dans des d\u00e9tails trop techniques, nous avons \u00e0 notre charge seulement 9 jours de location au Palais des Congr\u00e8s. Les 15 autres journ\u00e9es sont des gratuit\u00e9s offertes par la ville de Vittel \u00bb.<\/em><\/p>\n","protected":false},"excerpt":{"rendered":"<p>Alors que le 37\u00e8me salon de peintures et sculptures de Vittel est ouvert au public depuis samedi 8 juillet, le [&hellip;]<\/p>\n","protected":false},"author":128,"featured_media":26287,"comment_status":"open","ping_status":"open","sticky":false,"template":"","format":"standard","meta":{"footnotes":""},"categories":[29,4,37,38,18],"tags":[39,72,7217,36],"class_list":["post-26286","post","type-post","status-publish","format-standard","has-post-thumbnail","hentry","category-a-la-une","category-culture","category-la-plaine","category-vittel-la-plaine","category-vosges","tag-franck-perry","tag-palais-des-congres-de-vittel","tag-paquita-madrid","tag-ville-de-vittel"],"acf":[],"yoast_head":"<!-- This site is optimized with the Yoast SEO plugin v22.5 - https:\/\/yoast.com\/wordpress\/plugins\/seo\/ -->\n<title>Au del\u00e0 du ph\u00e9nom\u00e8ne artistique, de nombreuses retomb\u00e9es pour les commer\u00e7ants de Vittel - La Plaine des Vosges<\/title>\n<meta name=\"robots\" content=\"index, follow, max-snippet:-1, max-image-preview:large, max-video-preview:-1\" \/>\n<link rel=\"canonical\" href=\"https:\/\/vosgesinfo.fr\/laplainedesvosgesinfo\/2023\/07\/au-dela-du-phenomene-artistique-de-nombreuses-retombees-pour-les-commercants-de-vittel\/\" \/>\n<meta name=\"twitter:card\" content=\"summary_large_image\" \/>\n<meta name=\"twitter:title\" content=\"Au del\u00e0 du ph\u00e9nom\u00e8ne artistique, de nombreuses retomb\u00e9es pour les commer\u00e7ants de Vittel - La Plaine des Vosges\" \/>\n<meta name=\"twitter:description\" content=\"Alors que le 37\u00e8me salon de peintures et sculptures de Vittel est ouvert au public depuis samedi 8 juillet, le [&hellip;]\" \/>\n<meta name=\"twitter:image\" content=\"https:\/\/vosgesinfo.fr\/app\/uploads\/sites\/2\/2024\/07\/2023072fa6d2a1-a586-468d-a64f-73ebd972442f.jpeg\" \/>\n<meta name=\"twitter:creator\" content=\"@VosgesInfo88\" \/>\n<meta name=\"twitter:site\" content=\"@VosgesInfo88\" \/>\n<meta name=\"twitter:label1\" content=\"\u00c9crit par\" \/>\n\t<meta name=\"twitter:data1\" content=\"F L\" \/>\n\t<meta name=\"twitter:label2\" content=\"Dur\u00e9e de lecture estim\u00e9e\" \/>\n\t<meta name=\"twitter:data2\" content=\"2 minutes\" \/>\n<script type=\"application\/ld+json\" class=\"yoast-schema-graph\">{\"@context\":\"https:\/\/schema.org\",\"@graph\":[{\"@type\":\"Article\",\"@id\":\"https:\/\/vosgesinfo.fr\/laplainedesvosgesinfo\/2023\/07\/au-dela-du-phenomene-artistique-de-nombreuses-retombees-pour-les-commercants-de-vittel\/#article\",\"isPartOf\":{\"@id\":\"https:\/\/vosgesinfo.fr\/laplainedesvosgesinfo\/2023\/07\/au-dela-du-phenomene-artistique-de-nombreuses-retombees-pour-les-commercants-de-vittel\/\"},\"author\":{\"name\":\"F L\",\"@id\":\"https:\/\/vosgesinfo.fr\/laplainedesvosgesinfo\/#\/schema\/person\/79e32bebcee803e323d575130a214cb1\"},\"headline\":\"Au del\u00e0 du ph\u00e9nom\u00e8ne artistique, de nombreuses retomb\u00e9es pour les commer\u00e7ants de Vittel\",\"datePublished\":\"2023-07-09T10:52:07+00:00\",\"dateModified\":\"2023-07-09T10:52:07+00:00\",\"mainEntityOfPage\":{\"@id\":\"https:\/\/vosgesinfo.fr\/laplainedesvosgesinfo\/2023\/07\/au-dela-du-phenomene-artistique-de-nombreuses-retombees-pour-les-commercants-de-vittel\/\"},\"wordCount\":505,\"commentCount\":0,\"publisher\":{\"@id\":\"https:\/\/vosgesinfo.fr\/laplainedesvosgesinfo\/#organization\"},\"image\":{\"@id\":\"https:\/\/vosgesinfo.fr\/laplainedesvosgesinfo\/2023\/07\/au-dela-du-phenomene-artistique-de-nombreuses-retombees-pour-les-commercants-de-vittel\/#primaryimage\"},\"thumbnailUrl\":\"https:\/\/vosgesinfo.fr\/app\/uploads\/sites\/2\/2024\/07\/2023072fa6d2a1-a586-468d-a64f-73ebd972442f.jpeg\",\"keywords\":[\"Franck Perry\",\"Palais des congr\u00e8s de Vittel\",\"Paquita Madrid\",\"Ville de Vittel\"],\"articleSection\":[\"A la Une\",\"Culture\",\"La Plaine\",\"Vittel\",\"Vosges\"],\"inLanguage\":\"fr-FR\",\"potentialAction\":[{\"@type\":\"CommentAction\",\"name\":\"Comment\",\"target\":[\"https:\/\/vosgesinfo.fr\/laplainedesvosgesinfo\/2023\/07\/au-dela-du-phenomene-artistique-de-nombreuses-retombees-pour-les-commercants-de-vittel\/#respond\"]}]},{\"@type\":\"WebPage\",\"@id\":\"https:\/\/vosgesinfo.fr\/laplainedesvosgesinfo\/2023\/07\/au-dela-du-phenomene-artistique-de-nombreuses-retombees-pour-les-commercants-de-vittel\/\",\"url\":\"https:\/\/vosgesinfo.fr\/laplainedesvosgesinfo\/2023\/07\/au-dela-du-phenomene-artistique-de-nombreuses-retombees-pour-les-commercants-de-vittel\/\",\"name\":\"Au del\u00e0 du ph\u00e9nom\u00e8ne artistique, de nombreuses retomb\u00e9es pour les commer\u00e7ants de Vittel - La Plaine des Vosges\",\"isPartOf\":{\"@id\":\"https:\/\/vosgesinfo.fr\/laplainedesvosgesinfo\/#website\"},\"primaryImageOfPage\":{\"@id\":\"https:\/\/vosgesinfo.fr\/laplainedesvosgesinfo\/2023\/07\/au-dela-du-phenomene-artistique-de-nombreuses-retombees-pour-les-commercants-de-vittel\/#primaryimage\"},\"image\":{\"@id\":\"https:\/\/vosgesinfo.fr\/laplainedesvosgesinfo\/2023\/07\/au-dela-du-phenomene-artistique-de-nombreuses-retombees-pour-les-commercants-de-vittel\/#primaryimage\"},\"thumbnailUrl\":\"https:\/\/vosgesinfo.fr\/app\/uploads\/sites\/2\/2024\/07\/2023072fa6d2a1-a586-468d-a64f-73ebd972442f.jpeg\",\"datePublished\":\"2023-07-09T10:52:07+00:00\",\"dateModified\":\"2023-07-09T10:52:07+00:00\",\"breadcrumb\":{\"@id\":\"https:\/\/vosgesinfo.fr\/laplainedesvosgesinfo\/2023\/07\/au-dela-du-phenomene-artistique-de-nombreuses-retombees-pour-les-commercants-de-vittel\/#breadcrumb\"},\"inLanguage\":\"fr-FR\",\"potentialAction\":[{\"@type\":\"ReadAction\",\"target\":[\"https:\/\/vosgesinfo.fr\/laplainedesvosgesinfo\/2023\/07\/au-dela-du-phenomene-artistique-de-nombreuses-retombees-pour-les-commercants-de-vittel\/\"]}]},{\"@type\":\"ImageObject\",\"inLanguage\":\"fr-FR\",\"@id\":\"https:\/\/vosgesinfo.fr\/laplainedesvosgesinfo\/2023\/07\/au-dela-du-phenomene-artistique-de-nombreuses-retombees-pour-les-commercants-de-vittel\/#primaryimage\",\"url\":\"https:\/\/vosgesinfo.fr\/app\/uploads\/sites\/2\/2024\/07\/2023072fa6d2a1-a586-468d-a64f-73ebd972442f.jpeg\",\"contentUrl\":\"https:\/\/vosgesinfo.fr\/app\/uploads\/sites\/2\/2024\/07\/2023072fa6d2a1-a586-468d-a64f-73ebd972442f.jpeg\",\"width\":800,\"height\":600},{\"@type\":\"BreadcrumbList\",\"@id\":\"https:\/\/vosgesinfo.fr\/laplainedesvosgesinfo\/2023\/07\/au-dela-du-phenomene-artistique-de-nombreuses-retombees-pour-les-commercants-de-vittel\/#breadcrumb\",\"itemListElement\":[{\"@type\":\"ListItem\",\"position\":1,\"name\":\"Home\",\"item\":\"https:\/\/vosgesinfo.fr\/laplainedesvosgesinfo\/\"},{\"@type\":\"ListItem\",\"position\":2,\"name\":\"Au del\u00e0 du ph\u00e9nom\u00e8ne artistique, de nombreuses retomb\u00e9es pour les commer\u00e7ants de Vittel\"}]},{\"@type\":\"WebSite\",\"@id\":\"https:\/\/vosgesinfo.fr\/laplainedesvosgesinfo\/#website\",\"url\":\"https:\/\/vosgesinfo.fr\/laplainedesvosgesinfo\/\",\"name\":\"La Plaine des Vosges\",\"description\":\"Toute l&#039;actualit\u00e9 de la plaine de Vosges\",\"publisher\":{\"@id\":\"https:\/\/vosgesinfo.fr\/laplainedesvosgesinfo\/#organization\"},\"alternateName\":\"Toute l'actualit\u00e9 de la plaine des Vosges\",\"potentialAction\":[{\"@type\":\"SearchAction\",\"target\":{\"@type\":\"EntryPoint\",\"urlTemplate\":\"https:\/\/vosgesinfo.fr\/laplainedesvosgesinfo\/?s={search_term_string}\"},\"query-input\":\"required name=search_term_string\"}],\"inLanguage\":\"fr-FR\"},{\"@type\":\"Organization\",\"@id\":\"https:\/\/vosgesinfo.fr\/laplainedesvosgesinfo\/#organization\",\"name\":\"La Plaine des Vosges\",\"url\":\"https:\/\/vosgesinfo.fr\/laplainedesvosgesinfo\/\",\"logo\":{\"@type\":\"ImageObject\",\"inLanguage\":\"fr-FR\",\"@id\":\"https:\/\/vosgesinfo.fr\/laplainedesvosgesinfo\/#\/schema\/logo\/image\/\",\"url\":\"https:\/\/vosgesinfo.fr\/app\/uploads\/sites\/2\/2023\/08\/logo-laplaineinfo.svg\",\"contentUrl\":\"https:\/\/vosgesinfo.fr\/app\/uploads\/sites\/2\/2023\/08\/logo-laplaineinfo.svg\",\"width\":1,\"height\":1,\"caption\":\"La Plaine des Vosges\"},\"image\":{\"@id\":\"https:\/\/vosgesinfo.fr\/laplainedesvosgesinfo\/#\/schema\/logo\/image\/\"},\"sameAs\":[\"https:\/\/www.facebook.com\/laplainedesvosges\",\"https:\/\/x.com\/VosgesInfo88\",\"https:\/\/www.youtube.com\/@vosgesinfo\"]},{\"@type\":\"Person\",\"@id\":\"https:\/\/vosgesinfo.fr\/laplainedesvosgesinfo\/#\/schema\/person\/79e32bebcee803e323d575130a214cb1\",\"name\":\"F L\",\"image\":{\"@type\":\"ImageObject\",\"inLanguage\":\"fr-FR\",\"@id\":\"https:\/\/vosgesinfo.fr\/laplainedesvosgesinfo\/#\/schema\/person\/image\/\",\"url\":\"https:\/\/secure.gravatar.com\/avatar\/d357c72e152089867fde6ef62184057ee532a6f21b254c937a932e835554cfb3?s=96&d=mm&r=g\",\"contentUrl\":\"https:\/\/secure.gravatar.com\/avatar\/d357c72e152089867fde6ef62184057ee532a6f21b254c937a932e835554cfb3?s=96&d=mm&r=g\",\"caption\":\"F L\"},\"url\":\"https:\/\/vosgesinfo.fr\/laplainedesvosgesinfo\/author\/frlevyp88\/\"}]}<\/script>\n<!-- \/ Yoast SEO plugin. -->","yoast_head_json":{"title":"Au del\u00e0 du ph\u00e9nom\u00e8ne artistique, de nombreuses retomb\u00e9es pour les commer\u00e7ants de Vittel - La Plaine des Vosges","robots":{"index":"index","follow":"follow","max-snippet":"max-snippet:-1","max-image-preview":"max-image-preview:large","max-video-preview":"max-video-preview:-1"},"canonical":"https:\/\/vosgesinfo.fr\/laplainedesvosgesinfo\/2023\/07\/au-dela-du-phenomene-artistique-de-nombreuses-retombees-pour-les-commercants-de-vittel\/","twitter_card":"summary_large_image","twitter_title":"Au del\u00e0 du ph\u00e9nom\u00e8ne artistique, de nombreuses retomb\u00e9es pour les commer\u00e7ants de Vittel - La Plaine des Vosges","twitter_description":"Alors que le 37\u00e8me salon de peintures et sculptures de Vittel est ouvert au public depuis samedi 8 juillet, le [&hellip;]","twitter_image":"https:\/\/vosgesinfo.fr\/app\/uploads\/sites\/2\/2024\/07\/2023072fa6d2a1-a586-468d-a64f-73ebd972442f.jpeg","twitter_creator":"@VosgesInfo88","twitter_site":"@VosgesInfo88","twitter_misc":{"\u00c9crit par":"F L","Dur\u00e9e de lecture estim\u00e9e":"2 minutes"},"schema":{"@context":"https:\/\/schema.org","@graph":[{"@type":"Article","@id":"https:\/\/vosgesinfo.fr\/laplainedesvosgesinfo\/2023\/07\/au-dela-du-phenomene-artistique-de-nombreuses-retombees-pour-les-commercants-de-vittel\/#article","isPartOf":{"@id":"https:\/\/vosgesinfo.fr\/laplainedesvosgesinfo\/2023\/07\/au-dela-du-phenomene-artistique-de-nombreuses-retombees-pour-les-commercants-de-vittel\/"},"author":{"name":"F L","@id":"https:\/\/vosgesinfo.fr\/laplainedesvosgesinfo\/#\/schema\/person\/79e32bebcee803e323d575130a214cb1"},"headline":"Au del\u00e0 du ph\u00e9nom\u00e8ne artistique, de nombreuses retomb\u00e9es pour les commer\u00e7ants de Vittel","datePublished":"2023-07-09T10:52:07+00:00","dateModified":"2023-07-09T10:52:07+00:00","mainEntityOfPage":{"@id":"https:\/\/vosgesinfo.fr\/laplainedesvosgesinfo\/2023\/07\/au-dela-du-phenomene-artistique-de-nombreuses-retombees-pour-les-commercants-de-vittel\/"},"wordCount":505,"commentCount":0,"publisher":{"@id":"https:\/\/vosgesinfo.fr\/laplainedesvosgesinfo\/#organization"},"image":{"@id":"https:\/\/vosgesinfo.fr\/laplainedesvosgesinfo\/2023\/07\/au-dela-du-phenomene-artistique-de-nombreuses-retombees-pour-les-commercants-de-vittel\/#primaryimage"},"thumbnailUrl":"https:\/\/vosgesinfo.fr\/app\/uploads\/sites\/2\/2024\/07\/2023072fa6d2a1-a586-468d-a64f-73ebd972442f.jpeg","keywords":["Franck Perry","Palais des congr\u00e8s de Vittel","Paquita Madrid","Ville de Vittel"],"articleSection":["A la Une","Culture","La Plaine","Vittel","Vosges"],"inLanguage":"fr-FR","potentialAction":[{"@type":"CommentAction","name":"Comment","target":["https:\/\/vosgesinfo.fr\/laplainedesvosgesinfo\/2023\/07\/au-dela-du-phenomene-artistique-de-nombreuses-retombees-pour-les-commercants-de-vittel\/#respond"]}]},{"@type":"WebPage","@id":"https:\/\/vosgesinfo.fr\/laplainedesvosgesinfo\/2023\/07\/au-dela-du-phenomene-artistique-de-nombreuses-retombees-pour-les-commercants-de-vittel\/","url":"https:\/\/vosgesinfo.fr\/laplainedesvosgesinfo\/2023\/07\/au-dela-du-phenomene-artistique-de-nombreuses-retombees-pour-les-commercants-de-vittel\/","name":"Au del\u00e0 du ph\u00e9nom\u00e8ne artistique, de nombreuses retomb\u00e9es pour les commer\u00e7ants de Vittel - La Plaine des Vosges","isPartOf":{"@id":"https:\/\/vosgesinfo.fr\/laplainedesvosgesinfo\/#website"},"primaryImageOfPage":{"@id":"https:\/\/vosgesinfo.fr\/laplainedesvosgesinfo\/2023\/07\/au-dela-du-phenomene-artistique-de-nombreuses-retombees-pour-les-commercants-de-vittel\/#primaryimage"},"image":{"@id":"https:\/\/vosgesinfo.fr\/laplainedesvosgesinfo\/2023\/07\/au-dela-du-phenomene-artistique-de-nombreuses-retombees-pour-les-commercants-de-vittel\/#primaryimage"},"thumbnailUrl":"https:\/\/vosgesinfo.fr\/app\/uploads\/sites\/2\/2024\/07\/2023072fa6d2a1-a586-468d-a64f-73ebd972442f.jpeg","datePublished":"2023-07-09T10:52:07+00:00","dateModified":"2023-07-09T10:52:07+00:00","breadcrumb":{"@id":"https:\/\/vosgesinfo.fr\/laplainedesvosgesinfo\/2023\/07\/au-dela-du-phenomene-artistique-de-nombreuses-retombees-pour-les-commercants-de-vittel\/#breadcrumb"},"inLanguage":"fr-FR","potentialAction":[{"@type":"ReadAction","target":["https:\/\/vosgesinfo.fr\/laplainedesvosgesinfo\/2023\/07\/au-dela-du-phenomene-artistique-de-nombreuses-retombees-pour-les-commercants-de-vittel\/"]}]},{"@type":"ImageObject","inLanguage":"fr-FR","@id":"https:\/\/vosgesinfo.fr\/laplainedesvosgesinfo\/2023\/07\/au-dela-du-phenomene-artistique-de-nombreuses-retombees-pour-les-commercants-de-vittel\/#primaryimage","url":"https:\/\/vosgesinfo.fr\/app\/uploads\/sites\/2\/2024\/07\/2023072fa6d2a1-a586-468d-a64f-73ebd972442f.jpeg","contentUrl":"https:\/\/vosgesinfo.fr\/app\/uploads\/sites\/2\/2024\/07\/2023072fa6d2a1-a586-468d-a64f-73ebd972442f.jpeg","width":800,"height":600},{"@type":"BreadcrumbList","@id":"https:\/\/vosgesinfo.fr\/laplainedesvosgesinfo\/2023\/07\/au-dela-du-phenomene-artistique-de-nombreuses-retombees-pour-les-commercants-de-vittel\/#breadcrumb","itemListElement":[{"@type":"ListItem","position":1,"name":"Home","item":"https:\/\/vosgesinfo.fr\/laplainedesvosgesinfo\/"},{"@type":"ListItem","position":2,"name":"Au del\u00e0 du ph\u00e9nom\u00e8ne artistique, de nombreuses retomb\u00e9es pour les commer\u00e7ants de Vittel"}]},{"@type":"WebSite","@id":"https:\/\/vosgesinfo.fr\/laplainedesvosgesinfo\/#website","url":"https:\/\/vosgesinfo.fr\/laplainedesvosgesinfo\/","name":"La Plaine des Vosges","description":"Toute l&#039;actualit\u00e9 de la plaine de Vosges","publisher":{"@id":"https:\/\/vosgesinfo.fr\/laplainedesvosgesinfo\/#organization"},"alternateName":"Toute l'actualit\u00e9 de la plaine des Vosges","potentialAction":[{"@type":"SearchAction","target":{"@type":"EntryPoint","urlTemplate":"https:\/\/vosgesinfo.fr\/laplainedesvosgesinfo\/?s={search_term_string}"},"query-input":"required name=search_term_string"}],"inLanguage":"fr-FR"},{"@type":"Organization","@id":"https:\/\/vosgesinfo.fr\/laplainedesvosgesinfo\/#organization","name":"La Plaine des Vosges","url":"https:\/\/vosgesinfo.fr\/laplainedesvosgesinfo\/","logo":{"@type":"ImageObject","inLanguage":"fr-FR","@id":"https:\/\/vosgesinfo.fr\/laplainedesvosgesinfo\/#\/schema\/logo\/image\/","url":"https:\/\/vosgesinfo.fr\/app\/uploads\/sites\/2\/2023\/08\/logo-laplaineinfo.svg","contentUrl":"https:\/\/vosgesinfo.fr\/app\/uploads\/sites\/2\/2023\/08\/logo-laplaineinfo.svg","width":1,"height":1,"caption":"La Plaine des Vosges"},"image":{"@id":"https:\/\/vosgesinfo.fr\/laplainedesvosgesinfo\/#\/schema\/logo\/image\/"},"sameAs":["https:\/\/www.facebook.com\/laplainedesvosges","https:\/\/x.com\/VosgesInfo88","https:\/\/www.youtube.com\/@vosgesinfo"]},{"@type":"Person","@id":"https:\/\/vosgesinfo.fr\/laplainedesvosgesinfo\/#\/schema\/person\/79e32bebcee803e323d575130a214cb1","name":"F L","image":{"@type":"ImageObject","inLanguage":"fr-FR","@id":"https:\/\/vosgesinfo.fr\/laplainedesvosgesinfo\/#\/schema\/person\/image\/","url":"https:\/\/secure.gravatar.com\/avatar\/d357c72e152089867fde6ef62184057ee532a6f21b254c937a932e835554cfb3?s=96&d=mm&r=g","contentUrl":"https:\/\/secure.gravatar.com\/avatar\/d357c72e152089867fde6ef62184057ee532a6f21b254c937a932e835554cfb3?s=96&d=mm&r=g","caption":"F L"},"url":"https:\/\/vosgesinfo.fr\/laplainedesvosgesinfo\/author\/frlevyp88\/"}]}},"_links":{"self":[{"href":"https:\/\/vosgesinfo.fr\/laplainedesvosgesinfo\/wp-json\/wp\/v2\/posts\/26286","targetHints":{"allow":["GET"]}}],"collection":[{"href":"https:\/\/vosgesinfo.fr\/laplainedesvosgesinfo\/wp-json\/wp\/v2\/posts"}],"about":[{"href":"https:\/\/vosgesinfo.fr\/laplainedesvosgesinfo\/wp-json\/wp\/v2\/types\/post"}],"author":[{"embeddable":true,"href":"https:\/\/vosgesinfo.fr\/laplainedesvosgesinfo\/wp-json\/wp\/v2\/users\/128"}],"replies":[{"embeddable":true,"href":"https:\/\/vosgesinfo.fr\/laplainedesvosgesinfo\/wp-json\/wp\/v2\/comments?post=26286"}],"version-history":[{"count":0,"href":"https:\/\/vosgesinfo.fr\/laplainedesvosgesinfo\/wp-json\/wp\/v2\/posts\/26286\/revisions"}],"wp:featuredmedia":[{"embeddable":true,"href":"https:\/\/vosgesinfo.fr\/laplainedesvosgesinfo\/wp-json\/wp\/v2\/media\/26287"}],"wp:attachment":[{"href":"https:\/\/vosgesinfo.fr\/laplainedesvosgesinfo\/wp-json\/wp\/v2\/media?parent=26286"}],"wp:term":[{"taxonomy":"category","embeddable":true,"href":"https:\/\/vosgesinfo.fr\/laplainedesvosgesinfo\/wp-json\/wp\/v2\/categories?post=26286"},{"taxonomy":"post_tag","embeddable":true,"href":"https:\/\/vosgesinfo.fr\/laplainedesvosgesinfo\/wp-json\/wp\/v2\/tags?post=26286"}],"curies":[{"name":"wp","href":"https:\/\/api.w.org\/{rel}","templated":true}]}}