{"id":26290,"date":"2023-07-10T15:36:51","date_gmt":"2023-07-10T13:36:51","guid":{"rendered":"https:\/\/vosgesinfo.fr\/laplainedesvosgesinfo\/2023\/07\/ladmd-tour-a-fait-etape-dans-les-vosges-pour-sensibiliser-le-public-au-droit-de-mourir-dans-la-dignite\/"},"modified":"2023-07-10T15:36:51","modified_gmt":"2023-07-10T13:36:51","slug":"ladmd-tour-a-fait-etape-dans-les-vosges-pour-sensibiliser-le-public-au-droit-de-mourir-dans-la-dignite","status":"publish","type":"post","link":"https:\/\/vosgesinfo.fr\/laplainedesvosgesinfo\/2023\/07\/ladmd-tour-a-fait-etape-dans-les-vosges-pour-sensibiliser-le-public-au-droit-de-mourir-dans-la-dignite\/","title":{"rendered":"L\u2019ADMD Tour a fait \u00e9tape dans les Vosges, pour sensibiliser le public au droit de mourir dans la dignit\u00e9"},"content":{"rendered":"<h2><strong>L\u2019Association pour le Droit de Mourir dans la Dignit\u00e9 \u2013 ADMD \u2013 pr\u00f4ne \u00ab\u00a0le droit pour chacun d\u2019avoir une fin de vie conforme \u00e0 ses conceptions personnelles de dignit\u00e9 et de libert\u00e9.\u00a0\u00bb Ce lundi, l\u2019association a fait escale sur la place Jules-Ferry de Saint-Di\u00e9-des-Vosges, pour la 8e des 19 \u00e9tapes du 8e ADMD Tour.<br \/>\n<\/strong><\/h2>\n<p>Cet \u00e9t\u00e9, et comme ces derni\u00e8res ann\u00e9es, l\u2019ADMD effectue un tour de France afin de sensibiliser le public au droit de mourir dans la dignit\u00e9, anim\u00e9 par des adh\u00e9rents de l\u2019association \u00e2g\u00e9s de moins de 36 ans. <em>Photobooth<\/em>, caf\u00e9, d\u00e9coration color\u00e9e, recommandations litt\u00e9raires\u2026 l\u2019id\u00e9e est de casser le premier \u00e0 priori que l\u2019on peut avoir lorsque le sujet principal est la mort. Les 19 d\u00e9partements travers\u00e9s du 2 au 23 juillet, avec une derni\u00e8re \u00e9tape \u00e0 Mende en Loz\u00e8re, n\u2019ont pas \u00e9t\u00e9 choisis au hasard puisqu\u2019ils sont tous d\u00e9pourvus d\u2019unit\u00e9 de soins palliatifs.<\/p>\n","protected":false},"excerpt":{"rendered":"<p>L\u2019Association pour le Droit de Mourir dans la Dignit\u00e9 \u2013 ADMD \u2013 pr\u00f4ne \u00ab\u00a0le droit pour chacun d\u2019avoir une fin [&hellip;]<\/p>\n","protected":false},"author":42,"featured_media":26291,"comment_status":"open","ping_status":"open","sticky":false,"template":"","format":"standard","meta":{"footnotes":""},"categories":[29,12,18],"tags":[7247],"class_list":["post-26290","post","type-post","status-publish","format-standard","has-post-thumbnail","hentry","category-a-la-une","category-sante","category-vosges","tag-admd"],"acf":[],"yoast_head":"<!-- This site is optimized with the Yoast SEO plugin v22.5 - https:\/\/yoast.com\/wordpress\/plugins\/seo\/ -->\n<title>L\u2019ADMD Tour a fait \u00e9tape dans les Vosges, pour sensibiliser le public au droit de mourir dans la dignit\u00e9 - La Plaine des Vosges<\/title>\n<meta name=\"robots\" content=\"index, follow, max-snippet:-1, max-image-preview:large, max-video-preview:-1\" \/>\n<link rel=\"canonical\" href=\"https:\/\/vosgesinfo.fr\/laplainedesvosgesinfo\/2023\/07\/ladmd-tour-a-fait-etape-dans-les-vosges-pour-sensibiliser-le-public-au-droit-de-mourir-dans-la-dignite\/\" \/>\n<meta name=\"twitter:card\" content=\"summary_large_image\" \/>\n<meta name=\"twitter:title\" content=\"L\u2019ADMD Tour a fait \u00e9tape dans les Vosges, pour sensibiliser le public au droit de mourir dans la dignit\u00e9 - La Plaine des Vosges\" \/>\n<meta name=\"twitter:description\" content=\"L\u2019Association pour le Droit de Mourir dans la Dignit\u00e9 \u2013 ADMD \u2013 pr\u00f4ne \u00ab\u00a0le droit pour chacun d\u2019avoir une fin [&hellip;]\" \/>\n<meta name=\"twitter:image\" content=\"https:\/\/vosgesinfo.fr\/app\/uploads\/sites\/2\/2024\/07\/202307admd-tour-sddv-1.jpg\" \/>\n<meta name=\"twitter:creator\" content=\"@VosgesInfo88\" \/>\n<meta name=\"twitter:site\" content=\"@VosgesInfo88\" \/>\n<meta name=\"twitter:label1\" content=\"\u00c9crit par\" \/>\n\t<meta name=\"twitter:data1\" content=\"QG\" \/>\n\t<meta name=\"twitter:label2\" content=\"Dur\u00e9e de lecture estim\u00e9e\" \/>\n\t<meta name=\"twitter:data2\" content=\"1 minute\" \/>\n<script type=\"application\/ld+json\" class=\"yoast-schema-graph\">{\"@context\":\"https:\/\/schema.org\",\"@graph\":[{\"@type\":\"Article\",\"@id\":\"https:\/\/vosgesinfo.fr\/laplainedesvosgesinfo\/2023\/07\/ladmd-tour-a-fait-etape-dans-les-vosges-pour-sensibiliser-le-public-au-droit-de-mourir-dans-la-dignite\/#article\",\"isPartOf\":{\"@id\":\"https:\/\/vosgesinfo.fr\/laplainedesvosgesinfo\/2023\/07\/ladmd-tour-a-fait-etape-dans-les-vosges-pour-sensibiliser-le-public-au-droit-de-mourir-dans-la-dignite\/\"},\"author\":{\"name\":\"QG\",\"@id\":\"https:\/\/vosgesinfo.fr\/laplainedesvosgesinfo\/#\/schema\/person\/db5605779a843dad16b5368f3e7613a5\"},\"headline\":\"L\u2019ADMD Tour a fait \u00e9tape dans les Vosges, pour sensibiliser le public au droit de mourir dans la dignit\u00e9\",\"datePublished\":\"2023-07-10T13:36:51+00:00\",\"dateModified\":\"2023-07-10T13:36:51+00:00\",\"mainEntityOfPage\":{\"@id\":\"https:\/\/vosgesinfo.fr\/laplainedesvosgesinfo\/2023\/07\/ladmd-tour-a-fait-etape-dans-les-vosges-pour-sensibiliser-le-public-au-droit-de-mourir-dans-la-dignite\/\"},\"wordCount\":182,\"commentCount\":0,\"publisher\":{\"@id\":\"https:\/\/vosgesinfo.fr\/laplainedesvosgesinfo\/#organization\"},\"image\":{\"@id\":\"https:\/\/vosgesinfo.fr\/laplainedesvosgesinfo\/2023\/07\/ladmd-tour-a-fait-etape-dans-les-vosges-pour-sensibiliser-le-public-au-droit-de-mourir-dans-la-dignite\/#primaryimage\"},\"thumbnailUrl\":\"https:\/\/vosgesinfo.fr\/app\/uploads\/sites\/2\/2024\/07\/202307admd-tour-sddv-1.jpg\",\"keywords\":[\"ADMD\"],\"articleSection\":[\"A la Une\",\"Sant\u00e9\",\"Vosges\"],\"inLanguage\":\"fr-FR\",\"potentialAction\":[{\"@type\":\"CommentAction\",\"name\":\"Comment\",\"target\":[\"https:\/\/vosgesinfo.fr\/laplainedesvosgesinfo\/2023\/07\/ladmd-tour-a-fait-etape-dans-les-vosges-pour-sensibiliser-le-public-au-droit-de-mourir-dans-la-dignite\/#respond\"]}]},{\"@type\":\"WebPage\",\"@id\":\"https:\/\/vosgesinfo.fr\/laplainedesvosgesinfo\/2023\/07\/ladmd-tour-a-fait-etape-dans-les-vosges-pour-sensibiliser-le-public-au-droit-de-mourir-dans-la-dignite\/\",\"url\":\"https:\/\/vosgesinfo.fr\/laplainedesvosgesinfo\/2023\/07\/ladmd-tour-a-fait-etape-dans-les-vosges-pour-sensibiliser-le-public-au-droit-de-mourir-dans-la-dignite\/\",\"name\":\"L\u2019ADMD Tour a fait \u00e9tape dans les Vosges, pour sensibiliser le public au droit de mourir dans la dignit\u00e9 - La Plaine des Vosges\",\"isPartOf\":{\"@id\":\"https:\/\/vosgesinfo.fr\/laplainedesvosgesinfo\/#website\"},\"primaryImageOfPage\":{\"@id\":\"https:\/\/vosgesinfo.fr\/laplainedesvosgesinfo\/2023\/07\/ladmd-tour-a-fait-etape-dans-les-vosges-pour-sensibiliser-le-public-au-droit-de-mourir-dans-la-dignite\/#primaryimage\"},\"image\":{\"@id\":\"https:\/\/vosgesinfo.fr\/laplainedesvosgesinfo\/2023\/07\/ladmd-tour-a-fait-etape-dans-les-vosges-pour-sensibiliser-le-public-au-droit-de-mourir-dans-la-dignite\/#primaryimage\"},\"thumbnailUrl\":\"https:\/\/vosgesinfo.fr\/app\/uploads\/sites\/2\/2024\/07\/202307admd-tour-sddv-1.jpg\",\"datePublished\":\"2023-07-10T13:36:51+00:00\",\"dateModified\":\"2023-07-10T13:36:51+00:00\",\"breadcrumb\":{\"@id\":\"https:\/\/vosgesinfo.fr\/laplainedesvosgesinfo\/2023\/07\/ladmd-tour-a-fait-etape-dans-les-vosges-pour-sensibiliser-le-public-au-droit-de-mourir-dans-la-dignite\/#breadcrumb\"},\"inLanguage\":\"fr-FR\",\"potentialAction\":[{\"@type\":\"ReadAction\",\"target\":[\"https:\/\/vosgesinfo.fr\/laplainedesvosgesinfo\/2023\/07\/ladmd-tour-a-fait-etape-dans-les-vosges-pour-sensibiliser-le-public-au-droit-de-mourir-dans-la-dignite\/\"]}]},{\"@type\":\"ImageObject\",\"inLanguage\":\"fr-FR\",\"@id\":\"https:\/\/vosgesinfo.fr\/laplainedesvosgesinfo\/2023\/07\/ladmd-tour-a-fait-etape-dans-les-vosges-pour-sensibiliser-le-public-au-droit-de-mourir-dans-la-dignite\/#primaryimage\",\"url\":\"https:\/\/vosgesinfo.fr\/app\/uploads\/sites\/2\/2024\/07\/202307admd-tour-sddv-1.jpg\",\"contentUrl\":\"https:\/\/vosgesinfo.fr\/app\/uploads\/sites\/2\/2024\/07\/202307admd-tour-sddv-1.jpg\",\"width\":800,\"height\":534},{\"@type\":\"BreadcrumbList\",\"@id\":\"https:\/\/vosgesinfo.fr\/laplainedesvosgesinfo\/2023\/07\/ladmd-tour-a-fait-etape-dans-les-vosges-pour-sensibiliser-le-public-au-droit-de-mourir-dans-la-dignite\/#breadcrumb\",\"itemListElement\":[{\"@type\":\"ListItem\",\"position\":1,\"name\":\"Home\",\"item\":\"https:\/\/vosgesinfo.fr\/laplainedesvosgesinfo\/\"},{\"@type\":\"ListItem\",\"position\":2,\"name\":\"L\u2019ADMD Tour a fait \u00e9tape dans les Vosges, pour sensibiliser le public au droit de mourir dans la dignit\u00e9\"}]},{\"@type\":\"WebSite\",\"@id\":\"https:\/\/vosgesinfo.fr\/laplainedesvosgesinfo\/#website\",\"url\":\"https:\/\/vosgesinfo.fr\/laplainedesvosgesinfo\/\",\"name\":\"La Plaine des Vosges\",\"description\":\"Toute l&#039;actualit\u00e9 de la plaine de Vosges\",\"publisher\":{\"@id\":\"https:\/\/vosgesinfo.fr\/laplainedesvosgesinfo\/#organization\"},\"alternateName\":\"Toute l'actualit\u00e9 de la plaine des Vosges\",\"potentialAction\":[{\"@type\":\"SearchAction\",\"target\":{\"@type\":\"EntryPoint\",\"urlTemplate\":\"https:\/\/vosgesinfo.fr\/laplainedesvosgesinfo\/?s={search_term_string}\"},\"query-input\":\"required name=search_term_string\"}],\"inLanguage\":\"fr-FR\"},{\"@type\":\"Organization\",\"@id\":\"https:\/\/vosgesinfo.fr\/laplainedesvosgesinfo\/#organization\",\"name\":\"La Plaine des Vosges\",\"url\":\"https:\/\/vosgesinfo.fr\/laplainedesvosgesinfo\/\",\"logo\":{\"@type\":\"ImageObject\",\"inLanguage\":\"fr-FR\",\"@id\":\"https:\/\/vosgesinfo.fr\/laplainedesvosgesinfo\/#\/schema\/logo\/image\/\",\"url\":\"https:\/\/vosgesinfo.fr\/app\/uploads\/sites\/2\/2023\/08\/logo-laplaineinfo.svg\",\"contentUrl\":\"https:\/\/vosgesinfo.fr\/app\/uploads\/sites\/2\/2023\/08\/logo-laplaineinfo.svg\",\"width\":1,\"height\":1,\"caption\":\"La Plaine des Vosges\"},\"image\":{\"@id\":\"https:\/\/vosgesinfo.fr\/laplainedesvosgesinfo\/#\/schema\/logo\/image\/\"},\"sameAs\":[\"https:\/\/www.facebook.com\/laplainedesvosges\",\"https:\/\/x.com\/VosgesInfo88\",\"https:\/\/www.youtube.com\/@vosgesinfo\"]},{\"@type\":\"Person\",\"@id\":\"https:\/\/vosgesinfo.fr\/laplainedesvosgesinfo\/#\/schema\/person\/db5605779a843dad16b5368f3e7613a5\",\"name\":\"QG\",\"image\":{\"@type\":\"ImageObject\",\"inLanguage\":\"fr-FR\",\"@id\":\"https:\/\/vosgesinfo.fr\/laplainedesvosgesinfo\/#\/schema\/person\/image\/\",\"url\":\"https:\/\/secure.gravatar.com\/avatar\/ea80c42c204b534408512832fde52504ecabb9706bcb6151cf6175e5b64e6793?s=96&d=mm&r=g\",\"contentUrl\":\"https:\/\/secure.gravatar.com\/avatar\/ea80c42c204b534408512832fde52504ecabb9706bcb6151cf6175e5b64e6793?s=96&d=mm&r=g\",\"caption\":\"QG\"},\"url\":\"https:\/\/vosgesinfo.fr\/laplainedesvosgesinfo\/author\/quentin88\/\"}]}<\/script>\n<!-- \/ Yoast SEO plugin. -->","yoast_head_json":{"title":"L\u2019ADMD Tour a fait \u00e9tape dans les Vosges, pour sensibiliser le public au droit de mourir dans la dignit\u00e9 - La Plaine des Vosges","robots":{"index":"index","follow":"follow","max-snippet":"max-snippet:-1","max-image-preview":"max-image-preview:large","max-video-preview":"max-video-preview:-1"},"canonical":"https:\/\/vosgesinfo.fr\/laplainedesvosgesinfo\/2023\/07\/ladmd-tour-a-fait-etape-dans-les-vosges-pour-sensibiliser-le-public-au-droit-de-mourir-dans-la-dignite\/","twitter_card":"summary_large_image","twitter_title":"L\u2019ADMD Tour a fait \u00e9tape dans les Vosges, pour sensibiliser le public au droit de mourir dans la dignit\u00e9 - La Plaine des Vosges","twitter_description":"L\u2019Association pour le Droit de Mourir dans la Dignit\u00e9 \u2013 ADMD \u2013 pr\u00f4ne \u00ab\u00a0le droit pour chacun d\u2019avoir une fin [&hellip;]","twitter_image":"https:\/\/vosgesinfo.fr\/app\/uploads\/sites\/2\/2024\/07\/202307admd-tour-sddv-1.jpg","twitter_creator":"@VosgesInfo88","twitter_site":"@VosgesInfo88","twitter_misc":{"\u00c9crit par":"QG","Dur\u00e9e de lecture estim\u00e9e":"1 minute"},"schema":{"@context":"https:\/\/schema.org","@graph":[{"@type":"Article","@id":"https:\/\/vosgesinfo.fr\/laplainedesvosgesinfo\/2023\/07\/ladmd-tour-a-fait-etape-dans-les-vosges-pour-sensibiliser-le-public-au-droit-de-mourir-dans-la-dignite\/#article","isPartOf":{"@id":"https:\/\/vosgesinfo.fr\/laplainedesvosgesinfo\/2023\/07\/ladmd-tour-a-fait-etape-dans-les-vosges-pour-sensibiliser-le-public-au-droit-de-mourir-dans-la-dignite\/"},"author":{"name":"QG","@id":"https:\/\/vosgesinfo.fr\/laplainedesvosgesinfo\/#\/schema\/person\/db5605779a843dad16b5368f3e7613a5"},"headline":"L\u2019ADMD Tour a fait \u00e9tape dans les Vosges, pour sensibiliser le public au droit de mourir dans la dignit\u00e9","datePublished":"2023-07-10T13:36:51+00:00","dateModified":"2023-07-10T13:36:51+00:00","mainEntityOfPage":{"@id":"https:\/\/vosgesinfo.fr\/laplainedesvosgesinfo\/2023\/07\/ladmd-tour-a-fait-etape-dans-les-vosges-pour-sensibiliser-le-public-au-droit-de-mourir-dans-la-dignite\/"},"wordCount":182,"commentCount":0,"publisher":{"@id":"https:\/\/vosgesinfo.fr\/laplainedesvosgesinfo\/#organization"},"image":{"@id":"https:\/\/vosgesinfo.fr\/laplainedesvosgesinfo\/2023\/07\/ladmd-tour-a-fait-etape-dans-les-vosges-pour-sensibiliser-le-public-au-droit-de-mourir-dans-la-dignite\/#primaryimage"},"thumbnailUrl":"https:\/\/vosgesinfo.fr\/app\/uploads\/sites\/2\/2024\/07\/202307admd-tour-sddv-1.jpg","keywords":["ADMD"],"articleSection":["A la Une","Sant\u00e9","Vosges"],"inLanguage":"fr-FR","potentialAction":[{"@type":"CommentAction","name":"Comment","target":["https:\/\/vosgesinfo.fr\/laplainedesvosgesinfo\/2023\/07\/ladmd-tour-a-fait-etape-dans-les-vosges-pour-sensibiliser-le-public-au-droit-de-mourir-dans-la-dignite\/#respond"]}]},{"@type":"WebPage","@id":"https:\/\/vosgesinfo.fr\/laplainedesvosgesinfo\/2023\/07\/ladmd-tour-a-fait-etape-dans-les-vosges-pour-sensibiliser-le-public-au-droit-de-mourir-dans-la-dignite\/","url":"https:\/\/vosgesinfo.fr\/laplainedesvosgesinfo\/2023\/07\/ladmd-tour-a-fait-etape-dans-les-vosges-pour-sensibiliser-le-public-au-droit-de-mourir-dans-la-dignite\/","name":"L\u2019ADMD Tour a fait \u00e9tape dans les Vosges, pour sensibiliser le public au droit de mourir dans la dignit\u00e9 - La Plaine des Vosges","isPartOf":{"@id":"https:\/\/vosgesinfo.fr\/laplainedesvosgesinfo\/#website"},"primaryImageOfPage":{"@id":"https:\/\/vosgesinfo.fr\/laplainedesvosgesinfo\/2023\/07\/ladmd-tour-a-fait-etape-dans-les-vosges-pour-sensibiliser-le-public-au-droit-de-mourir-dans-la-dignite\/#primaryimage"},"image":{"@id":"https:\/\/vosgesinfo.fr\/laplainedesvosgesinfo\/2023\/07\/ladmd-tour-a-fait-etape-dans-les-vosges-pour-sensibiliser-le-public-au-droit-de-mourir-dans-la-dignite\/#primaryimage"},"thumbnailUrl":"https:\/\/vosgesinfo.fr\/app\/uploads\/sites\/2\/2024\/07\/202307admd-tour-sddv-1.jpg","datePublished":"2023-07-10T13:36:51+00:00","dateModified":"2023-07-10T13:36:51+00:00","breadcrumb":{"@id":"https:\/\/vosgesinfo.fr\/laplainedesvosgesinfo\/2023\/07\/ladmd-tour-a-fait-etape-dans-les-vosges-pour-sensibiliser-le-public-au-droit-de-mourir-dans-la-dignite\/#breadcrumb"},"inLanguage":"fr-FR","potentialAction":[{"@type":"ReadAction","target":["https:\/\/vosgesinfo.fr\/laplainedesvosgesinfo\/2023\/07\/ladmd-tour-a-fait-etape-dans-les-vosges-pour-sensibiliser-le-public-au-droit-de-mourir-dans-la-dignite\/"]}]},{"@type":"ImageObject","inLanguage":"fr-FR","@id":"https:\/\/vosgesinfo.fr\/laplainedesvosgesinfo\/2023\/07\/ladmd-tour-a-fait-etape-dans-les-vosges-pour-sensibiliser-le-public-au-droit-de-mourir-dans-la-dignite\/#primaryimage","url":"https:\/\/vosgesinfo.fr\/app\/uploads\/sites\/2\/2024\/07\/202307admd-tour-sddv-1.jpg","contentUrl":"https:\/\/vosgesinfo.fr\/app\/uploads\/sites\/2\/2024\/07\/202307admd-tour-sddv-1.jpg","width":800,"height":534},{"@type":"BreadcrumbList","@id":"https:\/\/vosgesinfo.fr\/laplainedesvosgesinfo\/2023\/07\/ladmd-tour-a-fait-etape-dans-les-vosges-pour-sensibiliser-le-public-au-droit-de-mourir-dans-la-dignite\/#breadcrumb","itemListElement":[{"@type":"ListItem","position":1,"name":"Home","item":"https:\/\/vosgesinfo.fr\/laplainedesvosgesinfo\/"},{"@type":"ListItem","position":2,"name":"L\u2019ADMD Tour a fait \u00e9tape dans les Vosges, pour sensibiliser le public au droit de mourir dans la dignit\u00e9"}]},{"@type":"WebSite","@id":"https:\/\/vosgesinfo.fr\/laplainedesvosgesinfo\/#website","url":"https:\/\/vosgesinfo.fr\/laplainedesvosgesinfo\/","name":"La Plaine des Vosges","description":"Toute l&#039;actualit\u00e9 de la plaine de Vosges","publisher":{"@id":"https:\/\/vosgesinfo.fr\/laplainedesvosgesinfo\/#organization"},"alternateName":"Toute l'actualit\u00e9 de la plaine des Vosges","potentialAction":[{"@type":"SearchAction","target":{"@type":"EntryPoint","urlTemplate":"https:\/\/vosgesinfo.fr\/laplainedesvosgesinfo\/?s={search_term_string}"},"query-input":"required name=search_term_string"}],"inLanguage":"fr-FR"},{"@type":"Organization","@id":"https:\/\/vosgesinfo.fr\/laplainedesvosgesinfo\/#organization","name":"La Plaine des Vosges","url":"https:\/\/vosgesinfo.fr\/laplainedesvosgesinfo\/","logo":{"@type":"ImageObject","inLanguage":"fr-FR","@id":"https:\/\/vosgesinfo.fr\/laplainedesvosgesinfo\/#\/schema\/logo\/image\/","url":"https:\/\/vosgesinfo.fr\/app\/uploads\/sites\/2\/2023\/08\/logo-laplaineinfo.svg","contentUrl":"https:\/\/vosgesinfo.fr\/app\/uploads\/sites\/2\/2023\/08\/logo-laplaineinfo.svg","width":1,"height":1,"caption":"La Plaine des Vosges"},"image":{"@id":"https:\/\/vosgesinfo.fr\/laplainedesvosgesinfo\/#\/schema\/logo\/image\/"},"sameAs":["https:\/\/www.facebook.com\/laplainedesvosges","https:\/\/x.com\/VosgesInfo88","https:\/\/www.youtube.com\/@vosgesinfo"]},{"@type":"Person","@id":"https:\/\/vosgesinfo.fr\/laplainedesvosgesinfo\/#\/schema\/person\/db5605779a843dad16b5368f3e7613a5","name":"QG","image":{"@type":"ImageObject","inLanguage":"fr-FR","@id":"https:\/\/vosgesinfo.fr\/laplainedesvosgesinfo\/#\/schema\/person\/image\/","url":"https:\/\/secure.gravatar.com\/avatar\/ea80c42c204b534408512832fde52504ecabb9706bcb6151cf6175e5b64e6793?s=96&d=mm&r=g","contentUrl":"https:\/\/secure.gravatar.com\/avatar\/ea80c42c204b534408512832fde52504ecabb9706bcb6151cf6175e5b64e6793?s=96&d=mm&r=g","caption":"QG"},"url":"https:\/\/vosgesinfo.fr\/laplainedesvosgesinfo\/author\/quentin88\/"}]}},"_links":{"self":[{"href":"https:\/\/vosgesinfo.fr\/laplainedesvosgesinfo\/wp-json\/wp\/v2\/posts\/26290","targetHints":{"allow":["GET"]}}],"collection":[{"href":"https:\/\/vosgesinfo.fr\/laplainedesvosgesinfo\/wp-json\/wp\/v2\/posts"}],"about":[{"href":"https:\/\/vosgesinfo.fr\/laplainedesvosgesinfo\/wp-json\/wp\/v2\/types\/post"}],"author":[{"embeddable":true,"href":"https:\/\/vosgesinfo.fr\/laplainedesvosgesinfo\/wp-json\/wp\/v2\/users\/42"}],"replies":[{"embeddable":true,"href":"https:\/\/vosgesinfo.fr\/laplainedesvosgesinfo\/wp-json\/wp\/v2\/comments?post=26290"}],"version-history":[{"count":0,"href":"https:\/\/vosgesinfo.fr\/laplainedesvosgesinfo\/wp-json\/wp\/v2\/posts\/26290\/revisions"}],"wp:featuredmedia":[{"embeddable":true,"href":"https:\/\/vosgesinfo.fr\/laplainedesvosgesinfo\/wp-json\/wp\/v2\/media\/26291"}],"wp:attachment":[{"href":"https:\/\/vosgesinfo.fr\/laplainedesvosgesinfo\/wp-json\/wp\/v2\/media?parent=26290"}],"wp:term":[{"taxonomy":"category","embeddable":true,"href":"https:\/\/vosgesinfo.fr\/laplainedesvosgesinfo\/wp-json\/wp\/v2\/categories?post=26290"},{"taxonomy":"post_tag","embeddable":true,"href":"https:\/\/vosgesinfo.fr\/laplainedesvosgesinfo\/wp-json\/wp\/v2\/tags?post=26290"}],"curies":[{"name":"wp","href":"https:\/\/api.w.org\/{rel}","templated":true}]}}