{"id":26427,"date":"2023-07-28T15:46:55","date_gmt":"2023-07-28T13:46:55","guid":{"rendered":"https:\/\/vosgesinfo.fr\/laplainedesvosgesinfo\/2023\/07\/jean-luc-melenchon-a-rochesson-en-soutien-au-militant-de-la-france-insoumise-pas-de-violence-elle-ne-mene-nul-part\/"},"modified":"2023-07-28T15:46:55","modified_gmt":"2023-07-28T13:46:55","slug":"jean-luc-melenchon-a-rochesson-en-soutien-au-militant-de-la-france-insoumise-pas-de-violence-elle-ne-mene-nul-part","status":"publish","type":"post","link":"https:\/\/vosgesinfo.fr\/laplainedesvosgesinfo\/2023\/07\/jean-luc-melenchon-a-rochesson-en-soutien-au-militant-de-la-france-insoumise-pas-de-violence-elle-ne-mene-nul-part\/","title":{"rendered":"Jean-Luc M\u00e9lenchon \u00e0 Rochesson en soutien au militant de La France insoumise : \u00ab\u00a0Pas de violence, elle ne m\u00e8ne nul part\u00a0\u00bb"},"content":{"rendered":"<p><strong>En d\u00e9placement ce vendredi \u00e0 G\u00e9rardmer et Rochesson o\u00f9 la maison d\u2019un militant LFI a \u00e9t\u00e9 incendi\u00e9e, Jean-Luc M\u00e9lenchon s\u2019est dit satisfait de la d\u00e9cision du Procureur de la R\u00e9publique qui a retenu la tentative d\u2019assassinat. La justice doit d\u00e9sormais faire son travail et le leader de la France Insoumise appelle ses militants \u00e0 rester souder et sereins, mais surtout \u00e0 ne pas c\u00e9der \u00e0 la violence ou au d\u00e9sir de vengeance.<\/strong><\/p>\n","protected":false},"excerpt":{"rendered":"<p>En d\u00e9placement ce vendredi \u00e0 G\u00e9rardmer et Rochesson o\u00f9 la maison d\u2019un militant LFI a \u00e9t\u00e9 incendi\u00e9e, Jean-Luc M\u00e9lenchon s\u2019est [&hellip;]<\/p>\n","protected":false},"author":42,"featured_media":26428,"comment_status":"open","ping_status":"open","sticky":false,"template":"","format":"standard","meta":{"footnotes":""},"categories":[29,18],"tags":[],"class_list":["post-26427","post","type-post","status-publish","format-standard","has-post-thumbnail","hentry","category-a-la-une","category-vosges"],"acf":[],"yoast_head":"<!-- This site is optimized with the Yoast SEO plugin v22.5 - https:\/\/yoast.com\/wordpress\/plugins\/seo\/ -->\n<title>Jean-Luc M\u00e9lenchon \u00e0 Rochesson en soutien au militant de La France insoumise : &quot;Pas de violence, elle ne m\u00e8ne nul part&quot; - La Plaine des Vosges<\/title>\n<meta name=\"robots\" content=\"index, follow, max-snippet:-1, max-image-preview:large, max-video-preview:-1\" \/>\n<link rel=\"canonical\" href=\"https:\/\/vosgesinfo.fr\/laplainedesvosgesinfo\/2023\/07\/jean-luc-melenchon-a-rochesson-en-soutien-au-militant-de-la-france-insoumise-pas-de-violence-elle-ne-mene-nul-part\/\" \/>\n<meta name=\"twitter:card\" content=\"summary_large_image\" \/>\n<meta name=\"twitter:title\" content=\"Jean-Luc M\u00e9lenchon \u00e0 Rochesson en soutien au militant de La France insoumise : &quot;Pas de violence, elle ne m\u00e8ne nul part&quot; - La Plaine des Vosges\" \/>\n<meta name=\"twitter:description\" content=\"En d\u00e9placement ce vendredi \u00e0 G\u00e9rardmer et Rochesson o\u00f9 la maison d\u2019un militant LFI a \u00e9t\u00e9 incendi\u00e9e, Jean-Luc M\u00e9lenchon s\u2019est [&hellip;]\" \/>\n<meta name=\"twitter:image\" content=\"https:\/\/vosgesinfo.fr\/app\/uploads\/sites\/2\/2024\/07\/202307jean-luc-melenchon-willy-malaroda-rochesson-88-9.jpg\" \/>\n<meta name=\"twitter:creator\" content=\"@VosgesInfo88\" \/>\n<meta name=\"twitter:site\" content=\"@VosgesInfo88\" \/>\n<meta name=\"twitter:label1\" content=\"\u00c9crit par\" \/>\n\t<meta name=\"twitter:data1\" content=\"QG\" \/>\n<script type=\"application\/ld+json\" class=\"yoast-schema-graph\">{\"@context\":\"https:\/\/schema.org\",\"@graph\":[{\"@type\":\"Article\",\"@id\":\"https:\/\/vosgesinfo.fr\/laplainedesvosgesinfo\/2023\/07\/jean-luc-melenchon-a-rochesson-en-soutien-au-militant-de-la-france-insoumise-pas-de-violence-elle-ne-mene-nul-part\/#article\",\"isPartOf\":{\"@id\":\"https:\/\/vosgesinfo.fr\/laplainedesvosgesinfo\/2023\/07\/jean-luc-melenchon-a-rochesson-en-soutien-au-militant-de-la-france-insoumise-pas-de-violence-elle-ne-mene-nul-part\/\"},\"author\":{\"name\":\"QG\",\"@id\":\"https:\/\/vosgesinfo.fr\/laplainedesvosgesinfo\/#\/schema\/person\/db5605779a843dad16b5368f3e7613a5\"},\"headline\":\"Jean-Luc M\u00e9lenchon \u00e0 Rochesson en soutien au militant de La France insoumise : \u00ab\u00a0Pas de violence, elle ne m\u00e8ne nul part\u00a0\u00bb\",\"datePublished\":\"2023-07-28T13:46:55+00:00\",\"dateModified\":\"2023-07-28T13:46:55+00:00\",\"mainEntityOfPage\":{\"@id\":\"https:\/\/vosgesinfo.fr\/laplainedesvosgesinfo\/2023\/07\/jean-luc-melenchon-a-rochesson-en-soutien-au-militant-de-la-france-insoumise-pas-de-violence-elle-ne-mene-nul-part\/\"},\"wordCount\":101,\"commentCount\":0,\"publisher\":{\"@id\":\"https:\/\/vosgesinfo.fr\/laplainedesvosgesinfo\/#organization\"},\"image\":{\"@id\":\"https:\/\/vosgesinfo.fr\/laplainedesvosgesinfo\/2023\/07\/jean-luc-melenchon-a-rochesson-en-soutien-au-militant-de-la-france-insoumise-pas-de-violence-elle-ne-mene-nul-part\/#primaryimage\"},\"thumbnailUrl\":\"https:\/\/vosgesinfo.fr\/app\/uploads\/sites\/2\/2024\/07\/202307jean-luc-melenchon-willy-malaroda-rochesson-88-9.jpg\",\"articleSection\":[\"A la Une\",\"Vosges\"],\"inLanguage\":\"fr-FR\",\"potentialAction\":[{\"@type\":\"CommentAction\",\"name\":\"Comment\",\"target\":[\"https:\/\/vosgesinfo.fr\/laplainedesvosgesinfo\/2023\/07\/jean-luc-melenchon-a-rochesson-en-soutien-au-militant-de-la-france-insoumise-pas-de-violence-elle-ne-mene-nul-part\/#respond\"]}]},{\"@type\":\"WebPage\",\"@id\":\"https:\/\/vosgesinfo.fr\/laplainedesvosgesinfo\/2023\/07\/jean-luc-melenchon-a-rochesson-en-soutien-au-militant-de-la-france-insoumise-pas-de-violence-elle-ne-mene-nul-part\/\",\"url\":\"https:\/\/vosgesinfo.fr\/laplainedesvosgesinfo\/2023\/07\/jean-luc-melenchon-a-rochesson-en-soutien-au-militant-de-la-france-insoumise-pas-de-violence-elle-ne-mene-nul-part\/\",\"name\":\"Jean-Luc M\u00e9lenchon \u00e0 Rochesson en soutien au militant de La France insoumise : \\\"Pas de violence, elle ne m\u00e8ne nul part\\\" - La Plaine des Vosges\",\"isPartOf\":{\"@id\":\"https:\/\/vosgesinfo.fr\/laplainedesvosgesinfo\/#website\"},\"primaryImageOfPage\":{\"@id\":\"https:\/\/vosgesinfo.fr\/laplainedesvosgesinfo\/2023\/07\/jean-luc-melenchon-a-rochesson-en-soutien-au-militant-de-la-france-insoumise-pas-de-violence-elle-ne-mene-nul-part\/#primaryimage\"},\"image\":{\"@id\":\"https:\/\/vosgesinfo.fr\/laplainedesvosgesinfo\/2023\/07\/jean-luc-melenchon-a-rochesson-en-soutien-au-militant-de-la-france-insoumise-pas-de-violence-elle-ne-mene-nul-part\/#primaryimage\"},\"thumbnailUrl\":\"https:\/\/vosgesinfo.fr\/app\/uploads\/sites\/2\/2024\/07\/202307jean-luc-melenchon-willy-malaroda-rochesson-88-9.jpg\",\"datePublished\":\"2023-07-28T13:46:55+00:00\",\"dateModified\":\"2023-07-28T13:46:55+00:00\",\"breadcrumb\":{\"@id\":\"https:\/\/vosgesinfo.fr\/laplainedesvosgesinfo\/2023\/07\/jean-luc-melenchon-a-rochesson-en-soutien-au-militant-de-la-france-insoumise-pas-de-violence-elle-ne-mene-nul-part\/#breadcrumb\"},\"inLanguage\":\"fr-FR\",\"potentialAction\":[{\"@type\":\"ReadAction\",\"target\":[\"https:\/\/vosgesinfo.fr\/laplainedesvosgesinfo\/2023\/07\/jean-luc-melenchon-a-rochesson-en-soutien-au-militant-de-la-france-insoumise-pas-de-violence-elle-ne-mene-nul-part\/\"]}]},{\"@type\":\"ImageObject\",\"inLanguage\":\"fr-FR\",\"@id\":\"https:\/\/vosgesinfo.fr\/laplainedesvosgesinfo\/2023\/07\/jean-luc-melenchon-a-rochesson-en-soutien-au-militant-de-la-france-insoumise-pas-de-violence-elle-ne-mene-nul-part\/#primaryimage\",\"url\":\"https:\/\/vosgesinfo.fr\/app\/uploads\/sites\/2\/2024\/07\/202307jean-luc-melenchon-willy-malaroda-rochesson-88-9.jpg\",\"contentUrl\":\"https:\/\/vosgesinfo.fr\/app\/uploads\/sites\/2\/2024\/07\/202307jean-luc-melenchon-willy-malaroda-rochesson-88-9.jpg\",\"width\":800,\"height\":602},{\"@type\":\"BreadcrumbList\",\"@id\":\"https:\/\/vosgesinfo.fr\/laplainedesvosgesinfo\/2023\/07\/jean-luc-melenchon-a-rochesson-en-soutien-au-militant-de-la-france-insoumise-pas-de-violence-elle-ne-mene-nul-part\/#breadcrumb\",\"itemListElement\":[{\"@type\":\"ListItem\",\"position\":1,\"name\":\"Home\",\"item\":\"https:\/\/vosgesinfo.fr\/laplainedesvosgesinfo\/\"},{\"@type\":\"ListItem\",\"position\":2,\"name\":\"Jean-Luc M\u00e9lenchon \u00e0 Rochesson en soutien au militant de La France insoumise : \u00ab\u00a0Pas de violence, elle ne m\u00e8ne nul part\u00a0\u00bb\"}]},{\"@type\":\"WebSite\",\"@id\":\"https:\/\/vosgesinfo.fr\/laplainedesvosgesinfo\/#website\",\"url\":\"https:\/\/vosgesinfo.fr\/laplainedesvosgesinfo\/\",\"name\":\"La Plaine des Vosges\",\"description\":\"Toute l&#039;actualit\u00e9 de la plaine de Vosges\",\"publisher\":{\"@id\":\"https:\/\/vosgesinfo.fr\/laplainedesvosgesinfo\/#organization\"},\"alternateName\":\"Toute l'actualit\u00e9 de la plaine des Vosges\",\"potentialAction\":[{\"@type\":\"SearchAction\",\"target\":{\"@type\":\"EntryPoint\",\"urlTemplate\":\"https:\/\/vosgesinfo.fr\/laplainedesvosgesinfo\/?s={search_term_string}\"},\"query-input\":\"required name=search_term_string\"}],\"inLanguage\":\"fr-FR\"},{\"@type\":\"Organization\",\"@id\":\"https:\/\/vosgesinfo.fr\/laplainedesvosgesinfo\/#organization\",\"name\":\"La Plaine des Vosges\",\"url\":\"https:\/\/vosgesinfo.fr\/laplainedesvosgesinfo\/\",\"logo\":{\"@type\":\"ImageObject\",\"inLanguage\":\"fr-FR\",\"@id\":\"https:\/\/vosgesinfo.fr\/laplainedesvosgesinfo\/#\/schema\/logo\/image\/\",\"url\":\"https:\/\/vosgesinfo.fr\/app\/uploads\/sites\/2\/2023\/08\/logo-laplaineinfo.svg\",\"contentUrl\":\"https:\/\/vosgesinfo.fr\/app\/uploads\/sites\/2\/2023\/08\/logo-laplaineinfo.svg\",\"width\":1,\"height\":1,\"caption\":\"La Plaine des Vosges\"},\"image\":{\"@id\":\"https:\/\/vosgesinfo.fr\/laplainedesvosgesinfo\/#\/schema\/logo\/image\/\"},\"sameAs\":[\"https:\/\/www.facebook.com\/laplainedesvosges\",\"https:\/\/x.com\/VosgesInfo88\",\"https:\/\/www.youtube.com\/@vosgesinfo\"]},{\"@type\":\"Person\",\"@id\":\"https:\/\/vosgesinfo.fr\/laplainedesvosgesinfo\/#\/schema\/person\/db5605779a843dad16b5368f3e7613a5\",\"name\":\"QG\",\"image\":{\"@type\":\"ImageObject\",\"inLanguage\":\"fr-FR\",\"@id\":\"https:\/\/vosgesinfo.fr\/laplainedesvosgesinfo\/#\/schema\/person\/image\/\",\"url\":\"https:\/\/secure.gravatar.com\/avatar\/ea80c42c204b534408512832fde52504ecabb9706bcb6151cf6175e5b64e6793?s=96&d=mm&r=g\",\"contentUrl\":\"https:\/\/secure.gravatar.com\/avatar\/ea80c42c204b534408512832fde52504ecabb9706bcb6151cf6175e5b64e6793?s=96&d=mm&r=g\",\"caption\":\"QG\"},\"url\":\"https:\/\/vosgesinfo.fr\/laplainedesvosgesinfo\/author\/quentin88\/\"}]}<\/script>\n<!-- \/ Yoast SEO plugin. -->","yoast_head_json":{"title":"Jean-Luc M\u00e9lenchon \u00e0 Rochesson en soutien au militant de La France insoumise : \"Pas de violence, elle ne m\u00e8ne nul part\" - La Plaine des Vosges","robots":{"index":"index","follow":"follow","max-snippet":"max-snippet:-1","max-image-preview":"max-image-preview:large","max-video-preview":"max-video-preview:-1"},"canonical":"https:\/\/vosgesinfo.fr\/laplainedesvosgesinfo\/2023\/07\/jean-luc-melenchon-a-rochesson-en-soutien-au-militant-de-la-france-insoumise-pas-de-violence-elle-ne-mene-nul-part\/","twitter_card":"summary_large_image","twitter_title":"Jean-Luc M\u00e9lenchon \u00e0 Rochesson en soutien au militant de La France insoumise : \"Pas de violence, elle ne m\u00e8ne nul part\" - La Plaine des Vosges","twitter_description":"En d\u00e9placement ce vendredi \u00e0 G\u00e9rardmer et Rochesson o\u00f9 la maison d\u2019un militant LFI a \u00e9t\u00e9 incendi\u00e9e, Jean-Luc M\u00e9lenchon s\u2019est [&hellip;]","twitter_image":"https:\/\/vosgesinfo.fr\/app\/uploads\/sites\/2\/2024\/07\/202307jean-luc-melenchon-willy-malaroda-rochesson-88-9.jpg","twitter_creator":"@VosgesInfo88","twitter_site":"@VosgesInfo88","twitter_misc":{"\u00c9crit par":"QG"},"schema":{"@context":"https:\/\/schema.org","@graph":[{"@type":"Article","@id":"https:\/\/vosgesinfo.fr\/laplainedesvosgesinfo\/2023\/07\/jean-luc-melenchon-a-rochesson-en-soutien-au-militant-de-la-france-insoumise-pas-de-violence-elle-ne-mene-nul-part\/#article","isPartOf":{"@id":"https:\/\/vosgesinfo.fr\/laplainedesvosgesinfo\/2023\/07\/jean-luc-melenchon-a-rochesson-en-soutien-au-militant-de-la-france-insoumise-pas-de-violence-elle-ne-mene-nul-part\/"},"author":{"name":"QG","@id":"https:\/\/vosgesinfo.fr\/laplainedesvosgesinfo\/#\/schema\/person\/db5605779a843dad16b5368f3e7613a5"},"headline":"Jean-Luc M\u00e9lenchon \u00e0 Rochesson en soutien au militant de La France insoumise : \u00ab\u00a0Pas de violence, elle ne m\u00e8ne nul part\u00a0\u00bb","datePublished":"2023-07-28T13:46:55+00:00","dateModified":"2023-07-28T13:46:55+00:00","mainEntityOfPage":{"@id":"https:\/\/vosgesinfo.fr\/laplainedesvosgesinfo\/2023\/07\/jean-luc-melenchon-a-rochesson-en-soutien-au-militant-de-la-france-insoumise-pas-de-violence-elle-ne-mene-nul-part\/"},"wordCount":101,"commentCount":0,"publisher":{"@id":"https:\/\/vosgesinfo.fr\/laplainedesvosgesinfo\/#organization"},"image":{"@id":"https:\/\/vosgesinfo.fr\/laplainedesvosgesinfo\/2023\/07\/jean-luc-melenchon-a-rochesson-en-soutien-au-militant-de-la-france-insoumise-pas-de-violence-elle-ne-mene-nul-part\/#primaryimage"},"thumbnailUrl":"https:\/\/vosgesinfo.fr\/app\/uploads\/sites\/2\/2024\/07\/202307jean-luc-melenchon-willy-malaroda-rochesson-88-9.jpg","articleSection":["A la Une","Vosges"],"inLanguage":"fr-FR","potentialAction":[{"@type":"CommentAction","name":"Comment","target":["https:\/\/vosgesinfo.fr\/laplainedesvosgesinfo\/2023\/07\/jean-luc-melenchon-a-rochesson-en-soutien-au-militant-de-la-france-insoumise-pas-de-violence-elle-ne-mene-nul-part\/#respond"]}]},{"@type":"WebPage","@id":"https:\/\/vosgesinfo.fr\/laplainedesvosgesinfo\/2023\/07\/jean-luc-melenchon-a-rochesson-en-soutien-au-militant-de-la-france-insoumise-pas-de-violence-elle-ne-mene-nul-part\/","url":"https:\/\/vosgesinfo.fr\/laplainedesvosgesinfo\/2023\/07\/jean-luc-melenchon-a-rochesson-en-soutien-au-militant-de-la-france-insoumise-pas-de-violence-elle-ne-mene-nul-part\/","name":"Jean-Luc M\u00e9lenchon \u00e0 Rochesson en soutien au militant de La France insoumise : \"Pas de violence, elle ne m\u00e8ne nul part\" - La Plaine des Vosges","isPartOf":{"@id":"https:\/\/vosgesinfo.fr\/laplainedesvosgesinfo\/#website"},"primaryImageOfPage":{"@id":"https:\/\/vosgesinfo.fr\/laplainedesvosgesinfo\/2023\/07\/jean-luc-melenchon-a-rochesson-en-soutien-au-militant-de-la-france-insoumise-pas-de-violence-elle-ne-mene-nul-part\/#primaryimage"},"image":{"@id":"https:\/\/vosgesinfo.fr\/laplainedesvosgesinfo\/2023\/07\/jean-luc-melenchon-a-rochesson-en-soutien-au-militant-de-la-france-insoumise-pas-de-violence-elle-ne-mene-nul-part\/#primaryimage"},"thumbnailUrl":"https:\/\/vosgesinfo.fr\/app\/uploads\/sites\/2\/2024\/07\/202307jean-luc-melenchon-willy-malaroda-rochesson-88-9.jpg","datePublished":"2023-07-28T13:46:55+00:00","dateModified":"2023-07-28T13:46:55+00:00","breadcrumb":{"@id":"https:\/\/vosgesinfo.fr\/laplainedesvosgesinfo\/2023\/07\/jean-luc-melenchon-a-rochesson-en-soutien-au-militant-de-la-france-insoumise-pas-de-violence-elle-ne-mene-nul-part\/#breadcrumb"},"inLanguage":"fr-FR","potentialAction":[{"@type":"ReadAction","target":["https:\/\/vosgesinfo.fr\/laplainedesvosgesinfo\/2023\/07\/jean-luc-melenchon-a-rochesson-en-soutien-au-militant-de-la-france-insoumise-pas-de-violence-elle-ne-mene-nul-part\/"]}]},{"@type":"ImageObject","inLanguage":"fr-FR","@id":"https:\/\/vosgesinfo.fr\/laplainedesvosgesinfo\/2023\/07\/jean-luc-melenchon-a-rochesson-en-soutien-au-militant-de-la-france-insoumise-pas-de-violence-elle-ne-mene-nul-part\/#primaryimage","url":"https:\/\/vosgesinfo.fr\/app\/uploads\/sites\/2\/2024\/07\/202307jean-luc-melenchon-willy-malaroda-rochesson-88-9.jpg","contentUrl":"https:\/\/vosgesinfo.fr\/app\/uploads\/sites\/2\/2024\/07\/202307jean-luc-melenchon-willy-malaroda-rochesson-88-9.jpg","width":800,"height":602},{"@type":"BreadcrumbList","@id":"https:\/\/vosgesinfo.fr\/laplainedesvosgesinfo\/2023\/07\/jean-luc-melenchon-a-rochesson-en-soutien-au-militant-de-la-france-insoumise-pas-de-violence-elle-ne-mene-nul-part\/#breadcrumb","itemListElement":[{"@type":"ListItem","position":1,"name":"Home","item":"https:\/\/vosgesinfo.fr\/laplainedesvosgesinfo\/"},{"@type":"ListItem","position":2,"name":"Jean-Luc M\u00e9lenchon \u00e0 Rochesson en soutien au militant de La France insoumise : \u00ab\u00a0Pas de violence, elle ne m\u00e8ne nul part\u00a0\u00bb"}]},{"@type":"WebSite","@id":"https:\/\/vosgesinfo.fr\/laplainedesvosgesinfo\/#website","url":"https:\/\/vosgesinfo.fr\/laplainedesvosgesinfo\/","name":"La Plaine des Vosges","description":"Toute l&#039;actualit\u00e9 de la plaine de Vosges","publisher":{"@id":"https:\/\/vosgesinfo.fr\/laplainedesvosgesinfo\/#organization"},"alternateName":"Toute l'actualit\u00e9 de la plaine des Vosges","potentialAction":[{"@type":"SearchAction","target":{"@type":"EntryPoint","urlTemplate":"https:\/\/vosgesinfo.fr\/laplainedesvosgesinfo\/?s={search_term_string}"},"query-input":"required name=search_term_string"}],"inLanguage":"fr-FR"},{"@type":"Organization","@id":"https:\/\/vosgesinfo.fr\/laplainedesvosgesinfo\/#organization","name":"La Plaine des Vosges","url":"https:\/\/vosgesinfo.fr\/laplainedesvosgesinfo\/","logo":{"@type":"ImageObject","inLanguage":"fr-FR","@id":"https:\/\/vosgesinfo.fr\/laplainedesvosgesinfo\/#\/schema\/logo\/image\/","url":"https:\/\/vosgesinfo.fr\/app\/uploads\/sites\/2\/2023\/08\/logo-laplaineinfo.svg","contentUrl":"https:\/\/vosgesinfo.fr\/app\/uploads\/sites\/2\/2023\/08\/logo-laplaineinfo.svg","width":1,"height":1,"caption":"La Plaine des Vosges"},"image":{"@id":"https:\/\/vosgesinfo.fr\/laplainedesvosgesinfo\/#\/schema\/logo\/image\/"},"sameAs":["https:\/\/www.facebook.com\/laplainedesvosges","https:\/\/x.com\/VosgesInfo88","https:\/\/www.youtube.com\/@vosgesinfo"]},{"@type":"Person","@id":"https:\/\/vosgesinfo.fr\/laplainedesvosgesinfo\/#\/schema\/person\/db5605779a843dad16b5368f3e7613a5","name":"QG","image":{"@type":"ImageObject","inLanguage":"fr-FR","@id":"https:\/\/vosgesinfo.fr\/laplainedesvosgesinfo\/#\/schema\/person\/image\/","url":"https:\/\/secure.gravatar.com\/avatar\/ea80c42c204b534408512832fde52504ecabb9706bcb6151cf6175e5b64e6793?s=96&d=mm&r=g","contentUrl":"https:\/\/secure.gravatar.com\/avatar\/ea80c42c204b534408512832fde52504ecabb9706bcb6151cf6175e5b64e6793?s=96&d=mm&r=g","caption":"QG"},"url":"https:\/\/vosgesinfo.fr\/laplainedesvosgesinfo\/author\/quentin88\/"}]}},"_links":{"self":[{"href":"https:\/\/vosgesinfo.fr\/laplainedesvosgesinfo\/wp-json\/wp\/v2\/posts\/26427","targetHints":{"allow":["GET"]}}],"collection":[{"href":"https:\/\/vosgesinfo.fr\/laplainedesvosgesinfo\/wp-json\/wp\/v2\/posts"}],"about":[{"href":"https:\/\/vosgesinfo.fr\/laplainedesvosgesinfo\/wp-json\/wp\/v2\/types\/post"}],"author":[{"embeddable":true,"href":"https:\/\/vosgesinfo.fr\/laplainedesvosgesinfo\/wp-json\/wp\/v2\/users\/42"}],"replies":[{"embeddable":true,"href":"https:\/\/vosgesinfo.fr\/laplainedesvosgesinfo\/wp-json\/wp\/v2\/comments?post=26427"}],"version-history":[{"count":0,"href":"https:\/\/vosgesinfo.fr\/laplainedesvosgesinfo\/wp-json\/wp\/v2\/posts\/26427\/revisions"}],"wp:featuredmedia":[{"embeddable":true,"href":"https:\/\/vosgesinfo.fr\/laplainedesvosgesinfo\/wp-json\/wp\/v2\/media\/26428"}],"wp:attachment":[{"href":"https:\/\/vosgesinfo.fr\/laplainedesvosgesinfo\/wp-json\/wp\/v2\/media?parent=26427"}],"wp:term":[{"taxonomy":"category","embeddable":true,"href":"https:\/\/vosgesinfo.fr\/laplainedesvosgesinfo\/wp-json\/wp\/v2\/categories?post=26427"},{"taxonomy":"post_tag","embeddable":true,"href":"https:\/\/vosgesinfo.fr\/laplainedesvosgesinfo\/wp-json\/wp\/v2\/tags?post=26427"}],"curies":[{"name":"wp","href":"https:\/\/api.w.org\/{rel}","templated":true}]}}