{"id":26429,"date":"2023-07-29T13:38:28","date_gmt":"2023-07-29T11:38:28","guid":{"rendered":"https:\/\/vosgesinfo.fr\/laplainedesvosgesinfo\/2023\/07\/la-mediatheque-de-vittel-deplace-le-spectacle-prevu-au-parc-thermal\/"},"modified":"2023-07-29T13:38:28","modified_gmt":"2023-07-29T11:38:28","slug":"la-mediatheque-de-vittel-deplace-le-spectacle-prevu-au-parc-thermal","status":"publish","type":"post","link":"https:\/\/vosgesinfo.fr\/laplainedesvosgesinfo\/2023\/07\/la-mediatheque-de-vittel-deplace-le-spectacle-prevu-au-parc-thermal\/","title":{"rendered":"La M\u00e9diath\u00e8que de Vittel d\u00e9place le spectacle pr\u00e9vu au parc thermal"},"content":{"rendered":"<div id=\"attachment_140263\" style=\"width: 431px\" class=\"wp-caption alignnone\"><a href=\"\/2023\/07\/8118D6CC-2316-4470-A44C-4CE3EC8C302F.jpeg\"><img decoding=\"async\" aria-describedby=\"caption-attachment-140263\" class=\"size-full wp-image-140263\" src=\"\/2023\/07\/8118D6CC-2316-4470-A44C-4CE3EC8C302F.jpeg\" alt=\"La Compagnie \u00ab\u00a0Les Moissonneuses Batteuses\u00a0\u00bb pr\u00e9sentent leur spectacle Albatros \u00e0 la M\u00e9diath\u00e8que de Vittel.\" width=\"421\" height=\"800\" \/><\/a><p id=\"caption-attachment-140263\" class=\"wp-caption-text\">La Compagnie \u00ab\u00a0Les Moissonneuses Batteuses\u00a0\u00bb pr\u00e9sentent leur spectacle Albatros \u00e0 la M\u00e9diath\u00e8que de Vittel.<\/p><\/div>\n<p><strong>Les conditions m\u00e9t\u00e9orologiques incertaines ont\u00a0d\u00e9cid\u00e9 Marie Aubert Responsable de la M\u00e9diath\u00e8que de Vittel et de toute son \u00e9quipe, de faire un repli strat\u00e9gique en int\u00e9rieur pour le spectacle pr\u00e9vu ce samedi 29 juillet 2023.<\/strong><\/p>\n<p>\u00ab Albatros \u00bb sera finalement\u00a0pr\u00e9sent\u00e9 au public vittellois ce samedi 29 juillet mais en int\u00e9rieur, \u00e0 16 heures 30. Le collectif \u00ab Les Moissonneuses Batteuses \u00bb \u00e0 l\u2019origine du spectacle initialement pr\u00e9vu dans le cadre du parc thermal, n\u2019a pas souhait\u00e9 annuler cette animation gratuite et ouverte \u00e0 tous. Tout a \u00e9t\u00e9 mis en \u0153uvre pour se r\u00e9organiser en derni\u00e8re minute, et d\u00e9placer le spectacle.<\/p>\n","protected":false},"excerpt":{"rendered":"<p>Les conditions m\u00e9t\u00e9orologiques incertaines ont\u00a0d\u00e9cid\u00e9 Marie Aubert Responsable de la M\u00e9diath\u00e8que de Vittel et de toute son \u00e9quipe, de faire [&hellip;]<\/p>\n","protected":false},"author":128,"featured_media":26430,"comment_status":"open","ping_status":"open","sticky":false,"template":"","format":"standard","meta":{"footnotes":""},"categories":[29,4,37,38],"tags":[7268,6295,55,36],"class_list":["post-26429","post","type-post","status-publish","format-standard","has-post-thumbnail","hentry","category-a-la-une","category-culture","category-la-plaine","category-vittel-la-plaine","tag-les-moissonneuses-batteuses","tag-mediatheque-de-vittel","tag-thermalire","tag-ville-de-vittel"],"acf":[],"yoast_head":"<!-- This site is optimized with the Yoast SEO plugin v22.5 - https:\/\/yoast.com\/wordpress\/plugins\/seo\/ -->\n<title>La M\u00e9diath\u00e8que de Vittel d\u00e9place le spectacle pr\u00e9vu au parc thermal - La Plaine des Vosges<\/title>\n<meta name=\"robots\" content=\"index, follow, max-snippet:-1, max-image-preview:large, max-video-preview:-1\" \/>\n<link rel=\"canonical\" href=\"https:\/\/vosgesinfo.fr\/laplainedesvosgesinfo\/2023\/07\/la-mediatheque-de-vittel-deplace-le-spectacle-prevu-au-parc-thermal\/\" \/>\n<meta name=\"twitter:card\" content=\"summary_large_image\" \/>\n<meta name=\"twitter:title\" content=\"La M\u00e9diath\u00e8que de Vittel d\u00e9place le spectacle pr\u00e9vu au parc thermal - La Plaine des Vosges\" \/>\n<meta name=\"twitter:description\" content=\"Les conditions m\u00e9t\u00e9orologiques incertaines ont\u00a0d\u00e9cid\u00e9 Marie Aubert Responsable de la M\u00e9diath\u00e8que de Vittel et de toute son \u00e9quipe, de faire [&hellip;]\" \/>\n<meta name=\"twitter:image\" content=\"https:\/\/vosgesinfo.fr\/app\/uploads\/sites\/2\/2024\/07\/2023078118d6cc-2316-4470-a44c-4ce3ec8c302f.jpeg\" \/>\n<meta name=\"twitter:creator\" content=\"@VosgesInfo88\" \/>\n<meta name=\"twitter:site\" content=\"@VosgesInfo88\" \/>\n<meta name=\"twitter:label1\" content=\"\u00c9crit par\" \/>\n\t<meta name=\"twitter:data1\" content=\"F L\" \/>\n\t<meta name=\"twitter:label2\" content=\"Dur\u00e9e de lecture estim\u00e9e\" \/>\n\t<meta name=\"twitter:data2\" content=\"1 minute\" \/>\n<script type=\"application\/ld+json\" class=\"yoast-schema-graph\">{\"@context\":\"https:\/\/schema.org\",\"@graph\":[{\"@type\":\"Article\",\"@id\":\"https:\/\/vosgesinfo.fr\/laplainedesvosgesinfo\/2023\/07\/la-mediatheque-de-vittel-deplace-le-spectacle-prevu-au-parc-thermal\/#article\",\"isPartOf\":{\"@id\":\"https:\/\/vosgesinfo.fr\/laplainedesvosgesinfo\/2023\/07\/la-mediatheque-de-vittel-deplace-le-spectacle-prevu-au-parc-thermal\/\"},\"author\":{\"name\":\"F L\",\"@id\":\"https:\/\/vosgesinfo.fr\/laplainedesvosgesinfo\/#\/schema\/person\/79e32bebcee803e323d575130a214cb1\"},\"headline\":\"La M\u00e9diath\u00e8que de Vittel d\u00e9place le spectacle pr\u00e9vu au parc thermal\",\"datePublished\":\"2023-07-29T11:38:28+00:00\",\"dateModified\":\"2023-07-29T11:38:28+00:00\",\"mainEntityOfPage\":{\"@id\":\"https:\/\/vosgesinfo.fr\/laplainedesvosgesinfo\/2023\/07\/la-mediatheque-de-vittel-deplace-le-spectacle-prevu-au-parc-thermal\/\"},\"wordCount\":143,\"commentCount\":0,\"publisher\":{\"@id\":\"https:\/\/vosgesinfo.fr\/laplainedesvosgesinfo\/#organization\"},\"image\":{\"@id\":\"https:\/\/vosgesinfo.fr\/laplainedesvosgesinfo\/2023\/07\/la-mediatheque-de-vittel-deplace-le-spectacle-prevu-au-parc-thermal\/#primaryimage\"},\"thumbnailUrl\":\"https:\/\/vosgesinfo.fr\/app\/uploads\/sites\/2\/2024\/07\/2023078118d6cc-2316-4470-a44c-4ce3ec8c302f.jpeg\",\"keywords\":[\"Les Moissonneuses Batteuses\",\"M\u00e9diath\u00e8que de Vittel\",\"Thermalire\",\"Ville de Vittel\"],\"articleSection\":[\"A la Une\",\"Culture\",\"La Plaine\",\"Vittel\"],\"inLanguage\":\"fr-FR\",\"potentialAction\":[{\"@type\":\"CommentAction\",\"name\":\"Comment\",\"target\":[\"https:\/\/vosgesinfo.fr\/laplainedesvosgesinfo\/2023\/07\/la-mediatheque-de-vittel-deplace-le-spectacle-prevu-au-parc-thermal\/#respond\"]}]},{\"@type\":\"WebPage\",\"@id\":\"https:\/\/vosgesinfo.fr\/laplainedesvosgesinfo\/2023\/07\/la-mediatheque-de-vittel-deplace-le-spectacle-prevu-au-parc-thermal\/\",\"url\":\"https:\/\/vosgesinfo.fr\/laplainedesvosgesinfo\/2023\/07\/la-mediatheque-de-vittel-deplace-le-spectacle-prevu-au-parc-thermal\/\",\"name\":\"La M\u00e9diath\u00e8que de Vittel d\u00e9place le spectacle pr\u00e9vu au parc thermal - La Plaine des Vosges\",\"isPartOf\":{\"@id\":\"https:\/\/vosgesinfo.fr\/laplainedesvosgesinfo\/#website\"},\"primaryImageOfPage\":{\"@id\":\"https:\/\/vosgesinfo.fr\/laplainedesvosgesinfo\/2023\/07\/la-mediatheque-de-vittel-deplace-le-spectacle-prevu-au-parc-thermal\/#primaryimage\"},\"image\":{\"@id\":\"https:\/\/vosgesinfo.fr\/laplainedesvosgesinfo\/2023\/07\/la-mediatheque-de-vittel-deplace-le-spectacle-prevu-au-parc-thermal\/#primaryimage\"},\"thumbnailUrl\":\"https:\/\/vosgesinfo.fr\/app\/uploads\/sites\/2\/2024\/07\/2023078118d6cc-2316-4470-a44c-4ce3ec8c302f.jpeg\",\"datePublished\":\"2023-07-29T11:38:28+00:00\",\"dateModified\":\"2023-07-29T11:38:28+00:00\",\"breadcrumb\":{\"@id\":\"https:\/\/vosgesinfo.fr\/laplainedesvosgesinfo\/2023\/07\/la-mediatheque-de-vittel-deplace-le-spectacle-prevu-au-parc-thermal\/#breadcrumb\"},\"inLanguage\":\"fr-FR\",\"potentialAction\":[{\"@type\":\"ReadAction\",\"target\":[\"https:\/\/vosgesinfo.fr\/laplainedesvosgesinfo\/2023\/07\/la-mediatheque-de-vittel-deplace-le-spectacle-prevu-au-parc-thermal\/\"]}]},{\"@type\":\"ImageObject\",\"inLanguage\":\"fr-FR\",\"@id\":\"https:\/\/vosgesinfo.fr\/laplainedesvosgesinfo\/2023\/07\/la-mediatheque-de-vittel-deplace-le-spectacle-prevu-au-parc-thermal\/#primaryimage\",\"url\":\"https:\/\/vosgesinfo.fr\/app\/uploads\/sites\/2\/2024\/07\/2023078118d6cc-2316-4470-a44c-4ce3ec8c302f.jpeg\",\"contentUrl\":\"https:\/\/vosgesinfo.fr\/app\/uploads\/sites\/2\/2024\/07\/2023078118d6cc-2316-4470-a44c-4ce3ec8c302f.jpeg\",\"width\":421,\"height\":800},{\"@type\":\"BreadcrumbList\",\"@id\":\"https:\/\/vosgesinfo.fr\/laplainedesvosgesinfo\/2023\/07\/la-mediatheque-de-vittel-deplace-le-spectacle-prevu-au-parc-thermal\/#breadcrumb\",\"itemListElement\":[{\"@type\":\"ListItem\",\"position\":1,\"name\":\"Home\",\"item\":\"https:\/\/vosgesinfo.fr\/laplainedesvosgesinfo\/\"},{\"@type\":\"ListItem\",\"position\":2,\"name\":\"La M\u00e9diath\u00e8que de Vittel d\u00e9place le spectacle pr\u00e9vu au parc thermal\"}]},{\"@type\":\"WebSite\",\"@id\":\"https:\/\/vosgesinfo.fr\/laplainedesvosgesinfo\/#website\",\"url\":\"https:\/\/vosgesinfo.fr\/laplainedesvosgesinfo\/\",\"name\":\"La Plaine des Vosges\",\"description\":\"Toute l&#039;actualit\u00e9 de la plaine de Vosges\",\"publisher\":{\"@id\":\"https:\/\/vosgesinfo.fr\/laplainedesvosgesinfo\/#organization\"},\"alternateName\":\"Toute l'actualit\u00e9 de la plaine des Vosges\",\"potentialAction\":[{\"@type\":\"SearchAction\",\"target\":{\"@type\":\"EntryPoint\",\"urlTemplate\":\"https:\/\/vosgesinfo.fr\/laplainedesvosgesinfo\/?s={search_term_string}\"},\"query-input\":\"required name=search_term_string\"}],\"inLanguage\":\"fr-FR\"},{\"@type\":\"Organization\",\"@id\":\"https:\/\/vosgesinfo.fr\/laplainedesvosgesinfo\/#organization\",\"name\":\"La Plaine des Vosges\",\"url\":\"https:\/\/vosgesinfo.fr\/laplainedesvosgesinfo\/\",\"logo\":{\"@type\":\"ImageObject\",\"inLanguage\":\"fr-FR\",\"@id\":\"https:\/\/vosgesinfo.fr\/laplainedesvosgesinfo\/#\/schema\/logo\/image\/\",\"url\":\"https:\/\/vosgesinfo.fr\/app\/uploads\/sites\/2\/2023\/08\/logo-laplaineinfo.svg\",\"contentUrl\":\"https:\/\/vosgesinfo.fr\/app\/uploads\/sites\/2\/2023\/08\/logo-laplaineinfo.svg\",\"width\":1,\"height\":1,\"caption\":\"La Plaine des Vosges\"},\"image\":{\"@id\":\"https:\/\/vosgesinfo.fr\/laplainedesvosgesinfo\/#\/schema\/logo\/image\/\"},\"sameAs\":[\"https:\/\/www.facebook.com\/laplainedesvosges\",\"https:\/\/x.com\/VosgesInfo88\",\"https:\/\/www.youtube.com\/@vosgesinfo\"]},{\"@type\":\"Person\",\"@id\":\"https:\/\/vosgesinfo.fr\/laplainedesvosgesinfo\/#\/schema\/person\/79e32bebcee803e323d575130a214cb1\",\"name\":\"F L\",\"image\":{\"@type\":\"ImageObject\",\"inLanguage\":\"fr-FR\",\"@id\":\"https:\/\/vosgesinfo.fr\/laplainedesvosgesinfo\/#\/schema\/person\/image\/\",\"url\":\"https:\/\/secure.gravatar.com\/avatar\/d357c72e152089867fde6ef62184057ee532a6f21b254c937a932e835554cfb3?s=96&d=mm&r=g\",\"contentUrl\":\"https:\/\/secure.gravatar.com\/avatar\/d357c72e152089867fde6ef62184057ee532a6f21b254c937a932e835554cfb3?s=96&d=mm&r=g\",\"caption\":\"F L\"},\"url\":\"https:\/\/vosgesinfo.fr\/laplainedesvosgesinfo\/author\/frlevyp88\/\"}]}<\/script>\n<!-- \/ Yoast SEO plugin. -->","yoast_head_json":{"title":"La M\u00e9diath\u00e8que de Vittel d\u00e9place le spectacle pr\u00e9vu au parc thermal - La Plaine des Vosges","robots":{"index":"index","follow":"follow","max-snippet":"max-snippet:-1","max-image-preview":"max-image-preview:large","max-video-preview":"max-video-preview:-1"},"canonical":"https:\/\/vosgesinfo.fr\/laplainedesvosgesinfo\/2023\/07\/la-mediatheque-de-vittel-deplace-le-spectacle-prevu-au-parc-thermal\/","twitter_card":"summary_large_image","twitter_title":"La M\u00e9diath\u00e8que de Vittel d\u00e9place le spectacle pr\u00e9vu au parc thermal - La Plaine des Vosges","twitter_description":"Les conditions m\u00e9t\u00e9orologiques incertaines ont\u00a0d\u00e9cid\u00e9 Marie Aubert Responsable de la M\u00e9diath\u00e8que de Vittel et de toute son \u00e9quipe, de faire [&hellip;]","twitter_image":"https:\/\/vosgesinfo.fr\/app\/uploads\/sites\/2\/2024\/07\/2023078118d6cc-2316-4470-a44c-4ce3ec8c302f.jpeg","twitter_creator":"@VosgesInfo88","twitter_site":"@VosgesInfo88","twitter_misc":{"\u00c9crit par":"F L","Dur\u00e9e de lecture estim\u00e9e":"1 minute"},"schema":{"@context":"https:\/\/schema.org","@graph":[{"@type":"Article","@id":"https:\/\/vosgesinfo.fr\/laplainedesvosgesinfo\/2023\/07\/la-mediatheque-de-vittel-deplace-le-spectacle-prevu-au-parc-thermal\/#article","isPartOf":{"@id":"https:\/\/vosgesinfo.fr\/laplainedesvosgesinfo\/2023\/07\/la-mediatheque-de-vittel-deplace-le-spectacle-prevu-au-parc-thermal\/"},"author":{"name":"F L","@id":"https:\/\/vosgesinfo.fr\/laplainedesvosgesinfo\/#\/schema\/person\/79e32bebcee803e323d575130a214cb1"},"headline":"La M\u00e9diath\u00e8que de Vittel d\u00e9place le spectacle pr\u00e9vu au parc thermal","datePublished":"2023-07-29T11:38:28+00:00","dateModified":"2023-07-29T11:38:28+00:00","mainEntityOfPage":{"@id":"https:\/\/vosgesinfo.fr\/laplainedesvosgesinfo\/2023\/07\/la-mediatheque-de-vittel-deplace-le-spectacle-prevu-au-parc-thermal\/"},"wordCount":143,"commentCount":0,"publisher":{"@id":"https:\/\/vosgesinfo.fr\/laplainedesvosgesinfo\/#organization"},"image":{"@id":"https:\/\/vosgesinfo.fr\/laplainedesvosgesinfo\/2023\/07\/la-mediatheque-de-vittel-deplace-le-spectacle-prevu-au-parc-thermal\/#primaryimage"},"thumbnailUrl":"https:\/\/vosgesinfo.fr\/app\/uploads\/sites\/2\/2024\/07\/2023078118d6cc-2316-4470-a44c-4ce3ec8c302f.jpeg","keywords":["Les Moissonneuses Batteuses","M\u00e9diath\u00e8que de Vittel","Thermalire","Ville de Vittel"],"articleSection":["A la Une","Culture","La Plaine","Vittel"],"inLanguage":"fr-FR","potentialAction":[{"@type":"CommentAction","name":"Comment","target":["https:\/\/vosgesinfo.fr\/laplainedesvosgesinfo\/2023\/07\/la-mediatheque-de-vittel-deplace-le-spectacle-prevu-au-parc-thermal\/#respond"]}]},{"@type":"WebPage","@id":"https:\/\/vosgesinfo.fr\/laplainedesvosgesinfo\/2023\/07\/la-mediatheque-de-vittel-deplace-le-spectacle-prevu-au-parc-thermal\/","url":"https:\/\/vosgesinfo.fr\/laplainedesvosgesinfo\/2023\/07\/la-mediatheque-de-vittel-deplace-le-spectacle-prevu-au-parc-thermal\/","name":"La M\u00e9diath\u00e8que de Vittel d\u00e9place le spectacle pr\u00e9vu au parc thermal - La Plaine des Vosges","isPartOf":{"@id":"https:\/\/vosgesinfo.fr\/laplainedesvosgesinfo\/#website"},"primaryImageOfPage":{"@id":"https:\/\/vosgesinfo.fr\/laplainedesvosgesinfo\/2023\/07\/la-mediatheque-de-vittel-deplace-le-spectacle-prevu-au-parc-thermal\/#primaryimage"},"image":{"@id":"https:\/\/vosgesinfo.fr\/laplainedesvosgesinfo\/2023\/07\/la-mediatheque-de-vittel-deplace-le-spectacle-prevu-au-parc-thermal\/#primaryimage"},"thumbnailUrl":"https:\/\/vosgesinfo.fr\/app\/uploads\/sites\/2\/2024\/07\/2023078118d6cc-2316-4470-a44c-4ce3ec8c302f.jpeg","datePublished":"2023-07-29T11:38:28+00:00","dateModified":"2023-07-29T11:38:28+00:00","breadcrumb":{"@id":"https:\/\/vosgesinfo.fr\/laplainedesvosgesinfo\/2023\/07\/la-mediatheque-de-vittel-deplace-le-spectacle-prevu-au-parc-thermal\/#breadcrumb"},"inLanguage":"fr-FR","potentialAction":[{"@type":"ReadAction","target":["https:\/\/vosgesinfo.fr\/laplainedesvosgesinfo\/2023\/07\/la-mediatheque-de-vittel-deplace-le-spectacle-prevu-au-parc-thermal\/"]}]},{"@type":"ImageObject","inLanguage":"fr-FR","@id":"https:\/\/vosgesinfo.fr\/laplainedesvosgesinfo\/2023\/07\/la-mediatheque-de-vittel-deplace-le-spectacle-prevu-au-parc-thermal\/#primaryimage","url":"https:\/\/vosgesinfo.fr\/app\/uploads\/sites\/2\/2024\/07\/2023078118d6cc-2316-4470-a44c-4ce3ec8c302f.jpeg","contentUrl":"https:\/\/vosgesinfo.fr\/app\/uploads\/sites\/2\/2024\/07\/2023078118d6cc-2316-4470-a44c-4ce3ec8c302f.jpeg","width":421,"height":800},{"@type":"BreadcrumbList","@id":"https:\/\/vosgesinfo.fr\/laplainedesvosgesinfo\/2023\/07\/la-mediatheque-de-vittel-deplace-le-spectacle-prevu-au-parc-thermal\/#breadcrumb","itemListElement":[{"@type":"ListItem","position":1,"name":"Home","item":"https:\/\/vosgesinfo.fr\/laplainedesvosgesinfo\/"},{"@type":"ListItem","position":2,"name":"La M\u00e9diath\u00e8que de Vittel d\u00e9place le spectacle pr\u00e9vu au parc thermal"}]},{"@type":"WebSite","@id":"https:\/\/vosgesinfo.fr\/laplainedesvosgesinfo\/#website","url":"https:\/\/vosgesinfo.fr\/laplainedesvosgesinfo\/","name":"La Plaine des Vosges","description":"Toute l&#039;actualit\u00e9 de la plaine de Vosges","publisher":{"@id":"https:\/\/vosgesinfo.fr\/laplainedesvosgesinfo\/#organization"},"alternateName":"Toute l'actualit\u00e9 de la plaine des Vosges","potentialAction":[{"@type":"SearchAction","target":{"@type":"EntryPoint","urlTemplate":"https:\/\/vosgesinfo.fr\/laplainedesvosgesinfo\/?s={search_term_string}"},"query-input":"required name=search_term_string"}],"inLanguage":"fr-FR"},{"@type":"Organization","@id":"https:\/\/vosgesinfo.fr\/laplainedesvosgesinfo\/#organization","name":"La Plaine des Vosges","url":"https:\/\/vosgesinfo.fr\/laplainedesvosgesinfo\/","logo":{"@type":"ImageObject","inLanguage":"fr-FR","@id":"https:\/\/vosgesinfo.fr\/laplainedesvosgesinfo\/#\/schema\/logo\/image\/","url":"https:\/\/vosgesinfo.fr\/app\/uploads\/sites\/2\/2023\/08\/logo-laplaineinfo.svg","contentUrl":"https:\/\/vosgesinfo.fr\/app\/uploads\/sites\/2\/2023\/08\/logo-laplaineinfo.svg","width":1,"height":1,"caption":"La Plaine des Vosges"},"image":{"@id":"https:\/\/vosgesinfo.fr\/laplainedesvosgesinfo\/#\/schema\/logo\/image\/"},"sameAs":["https:\/\/www.facebook.com\/laplainedesvosges","https:\/\/x.com\/VosgesInfo88","https:\/\/www.youtube.com\/@vosgesinfo"]},{"@type":"Person","@id":"https:\/\/vosgesinfo.fr\/laplainedesvosgesinfo\/#\/schema\/person\/79e32bebcee803e323d575130a214cb1","name":"F L","image":{"@type":"ImageObject","inLanguage":"fr-FR","@id":"https:\/\/vosgesinfo.fr\/laplainedesvosgesinfo\/#\/schema\/person\/image\/","url":"https:\/\/secure.gravatar.com\/avatar\/d357c72e152089867fde6ef62184057ee532a6f21b254c937a932e835554cfb3?s=96&d=mm&r=g","contentUrl":"https:\/\/secure.gravatar.com\/avatar\/d357c72e152089867fde6ef62184057ee532a6f21b254c937a932e835554cfb3?s=96&d=mm&r=g","caption":"F L"},"url":"https:\/\/vosgesinfo.fr\/laplainedesvosgesinfo\/author\/frlevyp88\/"}]}},"_links":{"self":[{"href":"https:\/\/vosgesinfo.fr\/laplainedesvosgesinfo\/wp-json\/wp\/v2\/posts\/26429","targetHints":{"allow":["GET"]}}],"collection":[{"href":"https:\/\/vosgesinfo.fr\/laplainedesvosgesinfo\/wp-json\/wp\/v2\/posts"}],"about":[{"href":"https:\/\/vosgesinfo.fr\/laplainedesvosgesinfo\/wp-json\/wp\/v2\/types\/post"}],"author":[{"embeddable":true,"href":"https:\/\/vosgesinfo.fr\/laplainedesvosgesinfo\/wp-json\/wp\/v2\/users\/128"}],"replies":[{"embeddable":true,"href":"https:\/\/vosgesinfo.fr\/laplainedesvosgesinfo\/wp-json\/wp\/v2\/comments?post=26429"}],"version-history":[{"count":0,"href":"https:\/\/vosgesinfo.fr\/laplainedesvosgesinfo\/wp-json\/wp\/v2\/posts\/26429\/revisions"}],"wp:featuredmedia":[{"embeddable":true,"href":"https:\/\/vosgesinfo.fr\/laplainedesvosgesinfo\/wp-json\/wp\/v2\/media\/26430"}],"wp:attachment":[{"href":"https:\/\/vosgesinfo.fr\/laplainedesvosgesinfo\/wp-json\/wp\/v2\/media?parent=26429"}],"wp:term":[{"taxonomy":"category","embeddable":true,"href":"https:\/\/vosgesinfo.fr\/laplainedesvosgesinfo\/wp-json\/wp\/v2\/categories?post=26429"},{"taxonomy":"post_tag","embeddable":true,"href":"https:\/\/vosgesinfo.fr\/laplainedesvosgesinfo\/wp-json\/wp\/v2\/tags?post=26429"}],"curies":[{"name":"wp","href":"https:\/\/api.w.org\/{rel}","templated":true}]}}