{"id":26431,"date":"2023-07-29T14:10:35","date_gmt":"2023-07-29T12:10:35","guid":{"rendered":"https:\/\/vosgesinfo.fr\/laplainedesvosgesinfo\/2023\/07\/la-journee-de-lalimentation-sest-tenue-a-remoncourt\/"},"modified":"2023-07-29T14:10:35","modified_gmt":"2023-07-29T12:10:35","slug":"la-journee-de-lalimentation-sest-tenue-a-remoncourt","status":"publish","type":"post","link":"https:\/\/vosgesinfo.fr\/laplainedesvosgesinfo\/2023\/07\/la-journee-de-lalimentation-sest-tenue-a-remoncourt\/","title":{"rendered":"La Journ\u00e9e de l\u2019Alimentation s\u2019est tenue \u00e0 Remoncourt"},"content":{"rendered":"<p><a href=\"\/2023\/07\/E51E30A6-CF74-4AA2-8C67-EC8C601F26C4.jpeg\"><img decoding=\"async\" class=\"aligncenter size-full wp-image-140271\" src=\"\/2023\/07\/E51E30A6-CF74-4AA2-8C67-EC8C601F26C4.jpeg\" alt=\"Repas des Producteurs Locaux\" width=\"600\" height=\"800\" \/><\/a><br \/>\nL<strong>es projets alimentaires territoriaux (PAT) ont pour objectif de relocaliser l&rsquo;agriculture et l&rsquo;alimentation dans les territoires en soutenant l&rsquo;installation d&rsquo;agriculteurs, mais \u00e9galement les circuits courts ou les produits locaux dans les cantines scolaires. \u00ab La Journ\u00e9e de l\u2019Alimentation \u00bb organis\u00e9 sous l\u2019\u00e9gide de la Communaut\u00e9 de Communes Terre d\u2019eau, s\u2019est tenue \u00e0 Remoncourt. L\u2019association \u00ab Le Courageux Combat d\u2019Antoine \u00bb, prenait \u00e9galement part \u00e0 cette journ\u00e9e.<\/strong><\/p>\n<p>Le PETR de la Plaine des Vosges a r\u00e9pondu \u00e0 l\u2019appel \u00e0 projet du Programme National pour l\u2019Alimentation dans le cadre de France relance ce 28 juillet 2023. Suite \u00e0 une s\u00e9rie d\u2019\u00e9tudes r\u00e9alis\u00e9es en 2021, suivies de la mise en place de diverses actions sur le territoire depuis 2022, la Journ\u00e9e de l\u2019Alimentation \u00bb s\u2019est tenue dans le village de Remoncourt.\u00a0Trois ann\u00e9es de travail ont \u00e9t\u00e9 n\u00e9cessaires, afin d\u2019obtenir les\u00a0conditions pour \u00eatre reconnu comme un PAT confirm\u00e9.<\/p>\n","protected":false},"excerpt":{"rendered":"<p>Les projets alimentaires territoriaux (PAT) ont pour objectif de relocaliser l&rsquo;agriculture et l&rsquo;alimentation dans les territoires en soutenant l&rsquo;installation d&rsquo;agriculteurs, [&hellip;]<\/p>\n","protected":false},"author":128,"featured_media":26432,"comment_status":"open","ping_status":"open","sticky":false,"template":"","format":"standard","meta":{"footnotes":""},"categories":[29,37,13,38],"tags":[7269,5307,7270,5952],"class_list":["post-26431","post","type-post","status-publish","format-standard","has-post-thumbnail","hentry","category-a-la-une","category-la-plaine","category-societe","category-vittel-la-plaine","tag-journee-de-lalimentation","tag-le-courageux-combat-dantoine","tag-pter","tag-remoncourt"],"acf":[],"yoast_head":"<!-- This site is optimized with the Yoast SEO plugin v22.5 - https:\/\/yoast.com\/wordpress\/plugins\/seo\/ -->\n<title>La Journ\u00e9e de l\u2019Alimentation s\u2019est tenue \u00e0 Remoncourt - La Plaine des Vosges<\/title>\n<meta name=\"robots\" content=\"index, follow, max-snippet:-1, max-image-preview:large, max-video-preview:-1\" \/>\n<link rel=\"canonical\" href=\"https:\/\/vosgesinfo.fr\/laplainedesvosgesinfo\/2023\/07\/la-journee-de-lalimentation-sest-tenue-a-remoncourt\/\" \/>\n<meta name=\"twitter:card\" content=\"summary_large_image\" \/>\n<meta name=\"twitter:title\" content=\"La Journ\u00e9e de l\u2019Alimentation s\u2019est tenue \u00e0 Remoncourt - La Plaine des Vosges\" \/>\n<meta name=\"twitter:description\" content=\"Les projets alimentaires territoriaux (PAT) ont pour objectif de relocaliser l&rsquo;agriculture et l&rsquo;alimentation dans les territoires en soutenant l&rsquo;installation d&rsquo;agriculteurs, [&hellip;]\" \/>\n<meta name=\"twitter:image\" content=\"https:\/\/vosgesinfo.fr\/app\/uploads\/sites\/2\/2024\/07\/202307e51e30a6-cf74-4aa2-8c67-ec8c601f26c4.jpeg\" \/>\n<meta name=\"twitter:creator\" content=\"@VosgesInfo88\" \/>\n<meta name=\"twitter:site\" content=\"@VosgesInfo88\" \/>\n<meta name=\"twitter:label1\" content=\"\u00c9crit par\" \/>\n\t<meta name=\"twitter:data1\" content=\"F L\" \/>\n\t<meta name=\"twitter:label2\" content=\"Dur\u00e9e de lecture estim\u00e9e\" \/>\n\t<meta name=\"twitter:data2\" content=\"1 minute\" \/>\n<script type=\"application\/ld+json\" class=\"yoast-schema-graph\">{\"@context\":\"https:\/\/schema.org\",\"@graph\":[{\"@type\":\"Article\",\"@id\":\"https:\/\/vosgesinfo.fr\/laplainedesvosgesinfo\/2023\/07\/la-journee-de-lalimentation-sest-tenue-a-remoncourt\/#article\",\"isPartOf\":{\"@id\":\"https:\/\/vosgesinfo.fr\/laplainedesvosgesinfo\/2023\/07\/la-journee-de-lalimentation-sest-tenue-a-remoncourt\/\"},\"author\":{\"name\":\"F L\",\"@id\":\"https:\/\/vosgesinfo.fr\/laplainedesvosgesinfo\/#\/schema\/person\/79e32bebcee803e323d575130a214cb1\"},\"headline\":\"La Journ\u00e9e de l\u2019Alimentation s\u2019est tenue \u00e0 Remoncourt\",\"datePublished\":\"2023-07-29T12:10:35+00:00\",\"dateModified\":\"2023-07-29T12:10:35+00:00\",\"mainEntityOfPage\":{\"@id\":\"https:\/\/vosgesinfo.fr\/laplainedesvosgesinfo\/2023\/07\/la-journee-de-lalimentation-sest-tenue-a-remoncourt\/\"},\"wordCount\":167,\"commentCount\":0,\"publisher\":{\"@id\":\"https:\/\/vosgesinfo.fr\/laplainedesvosgesinfo\/#organization\"},\"image\":{\"@id\":\"https:\/\/vosgesinfo.fr\/laplainedesvosgesinfo\/2023\/07\/la-journee-de-lalimentation-sest-tenue-a-remoncourt\/#primaryimage\"},\"thumbnailUrl\":\"https:\/\/vosgesinfo.fr\/app\/uploads\/sites\/2\/2024\/07\/202307e51e30a6-cf74-4aa2-8c67-ec8c601f26c4.jpeg\",\"keywords\":[\"Journ\u00e9e de l\u2019Alimentation\",\"le courageux combat d'Antoine\",\"PTER\",\"Remoncourt\"],\"articleSection\":[\"A la Une\",\"La Plaine\",\"Soci\u00e9t\u00e9\",\"Vittel\"],\"inLanguage\":\"fr-FR\",\"potentialAction\":[{\"@type\":\"CommentAction\",\"name\":\"Comment\",\"target\":[\"https:\/\/vosgesinfo.fr\/laplainedesvosgesinfo\/2023\/07\/la-journee-de-lalimentation-sest-tenue-a-remoncourt\/#respond\"]}]},{\"@type\":\"WebPage\",\"@id\":\"https:\/\/vosgesinfo.fr\/laplainedesvosgesinfo\/2023\/07\/la-journee-de-lalimentation-sest-tenue-a-remoncourt\/\",\"url\":\"https:\/\/vosgesinfo.fr\/laplainedesvosgesinfo\/2023\/07\/la-journee-de-lalimentation-sest-tenue-a-remoncourt\/\",\"name\":\"La Journ\u00e9e de l\u2019Alimentation s\u2019est tenue \u00e0 Remoncourt - La Plaine des Vosges\",\"isPartOf\":{\"@id\":\"https:\/\/vosgesinfo.fr\/laplainedesvosgesinfo\/#website\"},\"primaryImageOfPage\":{\"@id\":\"https:\/\/vosgesinfo.fr\/laplainedesvosgesinfo\/2023\/07\/la-journee-de-lalimentation-sest-tenue-a-remoncourt\/#primaryimage\"},\"image\":{\"@id\":\"https:\/\/vosgesinfo.fr\/laplainedesvosgesinfo\/2023\/07\/la-journee-de-lalimentation-sest-tenue-a-remoncourt\/#primaryimage\"},\"thumbnailUrl\":\"https:\/\/vosgesinfo.fr\/app\/uploads\/sites\/2\/2024\/07\/202307e51e30a6-cf74-4aa2-8c67-ec8c601f26c4.jpeg\",\"datePublished\":\"2023-07-29T12:10:35+00:00\",\"dateModified\":\"2023-07-29T12:10:35+00:00\",\"breadcrumb\":{\"@id\":\"https:\/\/vosgesinfo.fr\/laplainedesvosgesinfo\/2023\/07\/la-journee-de-lalimentation-sest-tenue-a-remoncourt\/#breadcrumb\"},\"inLanguage\":\"fr-FR\",\"potentialAction\":[{\"@type\":\"ReadAction\",\"target\":[\"https:\/\/vosgesinfo.fr\/laplainedesvosgesinfo\/2023\/07\/la-journee-de-lalimentation-sest-tenue-a-remoncourt\/\"]}]},{\"@type\":\"ImageObject\",\"inLanguage\":\"fr-FR\",\"@id\":\"https:\/\/vosgesinfo.fr\/laplainedesvosgesinfo\/2023\/07\/la-journee-de-lalimentation-sest-tenue-a-remoncourt\/#primaryimage\",\"url\":\"https:\/\/vosgesinfo.fr\/app\/uploads\/sites\/2\/2024\/07\/202307e51e30a6-cf74-4aa2-8c67-ec8c601f26c4.jpeg\",\"contentUrl\":\"https:\/\/vosgesinfo.fr\/app\/uploads\/sites\/2\/2024\/07\/202307e51e30a6-cf74-4aa2-8c67-ec8c601f26c4.jpeg\",\"width\":600,\"height\":800},{\"@type\":\"BreadcrumbList\",\"@id\":\"https:\/\/vosgesinfo.fr\/laplainedesvosgesinfo\/2023\/07\/la-journee-de-lalimentation-sest-tenue-a-remoncourt\/#breadcrumb\",\"itemListElement\":[{\"@type\":\"ListItem\",\"position\":1,\"name\":\"Home\",\"item\":\"https:\/\/vosgesinfo.fr\/laplainedesvosgesinfo\/\"},{\"@type\":\"ListItem\",\"position\":2,\"name\":\"La Journ\u00e9e de l\u2019Alimentation s\u2019est tenue \u00e0 Remoncourt\"}]},{\"@type\":\"WebSite\",\"@id\":\"https:\/\/vosgesinfo.fr\/laplainedesvosgesinfo\/#website\",\"url\":\"https:\/\/vosgesinfo.fr\/laplainedesvosgesinfo\/\",\"name\":\"La Plaine des Vosges\",\"description\":\"Toute l&#039;actualit\u00e9 de la plaine de Vosges\",\"publisher\":{\"@id\":\"https:\/\/vosgesinfo.fr\/laplainedesvosgesinfo\/#organization\"},\"alternateName\":\"Toute l'actualit\u00e9 de la plaine des Vosges\",\"potentialAction\":[{\"@type\":\"SearchAction\",\"target\":{\"@type\":\"EntryPoint\",\"urlTemplate\":\"https:\/\/vosgesinfo.fr\/laplainedesvosgesinfo\/?s={search_term_string}\"},\"query-input\":\"required name=search_term_string\"}],\"inLanguage\":\"fr-FR\"},{\"@type\":\"Organization\",\"@id\":\"https:\/\/vosgesinfo.fr\/laplainedesvosgesinfo\/#organization\",\"name\":\"La Plaine des Vosges\",\"url\":\"https:\/\/vosgesinfo.fr\/laplainedesvosgesinfo\/\",\"logo\":{\"@type\":\"ImageObject\",\"inLanguage\":\"fr-FR\",\"@id\":\"https:\/\/vosgesinfo.fr\/laplainedesvosgesinfo\/#\/schema\/logo\/image\/\",\"url\":\"https:\/\/vosgesinfo.fr\/app\/uploads\/sites\/2\/2023\/08\/logo-laplaineinfo.svg\",\"contentUrl\":\"https:\/\/vosgesinfo.fr\/app\/uploads\/sites\/2\/2023\/08\/logo-laplaineinfo.svg\",\"width\":1,\"height\":1,\"caption\":\"La Plaine des Vosges\"},\"image\":{\"@id\":\"https:\/\/vosgesinfo.fr\/laplainedesvosgesinfo\/#\/schema\/logo\/image\/\"},\"sameAs\":[\"https:\/\/www.facebook.com\/laplainedesvosges\",\"https:\/\/x.com\/VosgesInfo88\",\"https:\/\/www.youtube.com\/@vosgesinfo\"]},{\"@type\":\"Person\",\"@id\":\"https:\/\/vosgesinfo.fr\/laplainedesvosgesinfo\/#\/schema\/person\/79e32bebcee803e323d575130a214cb1\",\"name\":\"F L\",\"image\":{\"@type\":\"ImageObject\",\"inLanguage\":\"fr-FR\",\"@id\":\"https:\/\/vosgesinfo.fr\/laplainedesvosgesinfo\/#\/schema\/person\/image\/\",\"url\":\"https:\/\/secure.gravatar.com\/avatar\/d357c72e152089867fde6ef62184057ee532a6f21b254c937a932e835554cfb3?s=96&d=mm&r=g\",\"contentUrl\":\"https:\/\/secure.gravatar.com\/avatar\/d357c72e152089867fde6ef62184057ee532a6f21b254c937a932e835554cfb3?s=96&d=mm&r=g\",\"caption\":\"F L\"},\"url\":\"https:\/\/vosgesinfo.fr\/laplainedesvosgesinfo\/author\/frlevyp88\/\"}]}<\/script>\n<!-- \/ Yoast SEO plugin. -->","yoast_head_json":{"title":"La Journ\u00e9e de l\u2019Alimentation s\u2019est tenue \u00e0 Remoncourt - La Plaine des Vosges","robots":{"index":"index","follow":"follow","max-snippet":"max-snippet:-1","max-image-preview":"max-image-preview:large","max-video-preview":"max-video-preview:-1"},"canonical":"https:\/\/vosgesinfo.fr\/laplainedesvosgesinfo\/2023\/07\/la-journee-de-lalimentation-sest-tenue-a-remoncourt\/","twitter_card":"summary_large_image","twitter_title":"La Journ\u00e9e de l\u2019Alimentation s\u2019est tenue \u00e0 Remoncourt - La Plaine des Vosges","twitter_description":"Les projets alimentaires territoriaux (PAT) ont pour objectif de relocaliser l&rsquo;agriculture et l&rsquo;alimentation dans les territoires en soutenant l&rsquo;installation d&rsquo;agriculteurs, [&hellip;]","twitter_image":"https:\/\/vosgesinfo.fr\/app\/uploads\/sites\/2\/2024\/07\/202307e51e30a6-cf74-4aa2-8c67-ec8c601f26c4.jpeg","twitter_creator":"@VosgesInfo88","twitter_site":"@VosgesInfo88","twitter_misc":{"\u00c9crit par":"F L","Dur\u00e9e de lecture estim\u00e9e":"1 minute"},"schema":{"@context":"https:\/\/schema.org","@graph":[{"@type":"Article","@id":"https:\/\/vosgesinfo.fr\/laplainedesvosgesinfo\/2023\/07\/la-journee-de-lalimentation-sest-tenue-a-remoncourt\/#article","isPartOf":{"@id":"https:\/\/vosgesinfo.fr\/laplainedesvosgesinfo\/2023\/07\/la-journee-de-lalimentation-sest-tenue-a-remoncourt\/"},"author":{"name":"F L","@id":"https:\/\/vosgesinfo.fr\/laplainedesvosgesinfo\/#\/schema\/person\/79e32bebcee803e323d575130a214cb1"},"headline":"La Journ\u00e9e de l\u2019Alimentation s\u2019est tenue \u00e0 Remoncourt","datePublished":"2023-07-29T12:10:35+00:00","dateModified":"2023-07-29T12:10:35+00:00","mainEntityOfPage":{"@id":"https:\/\/vosgesinfo.fr\/laplainedesvosgesinfo\/2023\/07\/la-journee-de-lalimentation-sest-tenue-a-remoncourt\/"},"wordCount":167,"commentCount":0,"publisher":{"@id":"https:\/\/vosgesinfo.fr\/laplainedesvosgesinfo\/#organization"},"image":{"@id":"https:\/\/vosgesinfo.fr\/laplainedesvosgesinfo\/2023\/07\/la-journee-de-lalimentation-sest-tenue-a-remoncourt\/#primaryimage"},"thumbnailUrl":"https:\/\/vosgesinfo.fr\/app\/uploads\/sites\/2\/2024\/07\/202307e51e30a6-cf74-4aa2-8c67-ec8c601f26c4.jpeg","keywords":["Journ\u00e9e de l\u2019Alimentation","le courageux combat d'Antoine","PTER","Remoncourt"],"articleSection":["A la Une","La Plaine","Soci\u00e9t\u00e9","Vittel"],"inLanguage":"fr-FR","potentialAction":[{"@type":"CommentAction","name":"Comment","target":["https:\/\/vosgesinfo.fr\/laplainedesvosgesinfo\/2023\/07\/la-journee-de-lalimentation-sest-tenue-a-remoncourt\/#respond"]}]},{"@type":"WebPage","@id":"https:\/\/vosgesinfo.fr\/laplainedesvosgesinfo\/2023\/07\/la-journee-de-lalimentation-sest-tenue-a-remoncourt\/","url":"https:\/\/vosgesinfo.fr\/laplainedesvosgesinfo\/2023\/07\/la-journee-de-lalimentation-sest-tenue-a-remoncourt\/","name":"La Journ\u00e9e de l\u2019Alimentation s\u2019est tenue \u00e0 Remoncourt - La Plaine des Vosges","isPartOf":{"@id":"https:\/\/vosgesinfo.fr\/laplainedesvosgesinfo\/#website"},"primaryImageOfPage":{"@id":"https:\/\/vosgesinfo.fr\/laplainedesvosgesinfo\/2023\/07\/la-journee-de-lalimentation-sest-tenue-a-remoncourt\/#primaryimage"},"image":{"@id":"https:\/\/vosgesinfo.fr\/laplainedesvosgesinfo\/2023\/07\/la-journee-de-lalimentation-sest-tenue-a-remoncourt\/#primaryimage"},"thumbnailUrl":"https:\/\/vosgesinfo.fr\/app\/uploads\/sites\/2\/2024\/07\/202307e51e30a6-cf74-4aa2-8c67-ec8c601f26c4.jpeg","datePublished":"2023-07-29T12:10:35+00:00","dateModified":"2023-07-29T12:10:35+00:00","breadcrumb":{"@id":"https:\/\/vosgesinfo.fr\/laplainedesvosgesinfo\/2023\/07\/la-journee-de-lalimentation-sest-tenue-a-remoncourt\/#breadcrumb"},"inLanguage":"fr-FR","potentialAction":[{"@type":"ReadAction","target":["https:\/\/vosgesinfo.fr\/laplainedesvosgesinfo\/2023\/07\/la-journee-de-lalimentation-sest-tenue-a-remoncourt\/"]}]},{"@type":"ImageObject","inLanguage":"fr-FR","@id":"https:\/\/vosgesinfo.fr\/laplainedesvosgesinfo\/2023\/07\/la-journee-de-lalimentation-sest-tenue-a-remoncourt\/#primaryimage","url":"https:\/\/vosgesinfo.fr\/app\/uploads\/sites\/2\/2024\/07\/202307e51e30a6-cf74-4aa2-8c67-ec8c601f26c4.jpeg","contentUrl":"https:\/\/vosgesinfo.fr\/app\/uploads\/sites\/2\/2024\/07\/202307e51e30a6-cf74-4aa2-8c67-ec8c601f26c4.jpeg","width":600,"height":800},{"@type":"BreadcrumbList","@id":"https:\/\/vosgesinfo.fr\/laplainedesvosgesinfo\/2023\/07\/la-journee-de-lalimentation-sest-tenue-a-remoncourt\/#breadcrumb","itemListElement":[{"@type":"ListItem","position":1,"name":"Home","item":"https:\/\/vosgesinfo.fr\/laplainedesvosgesinfo\/"},{"@type":"ListItem","position":2,"name":"La Journ\u00e9e de l\u2019Alimentation s\u2019est tenue \u00e0 Remoncourt"}]},{"@type":"WebSite","@id":"https:\/\/vosgesinfo.fr\/laplainedesvosgesinfo\/#website","url":"https:\/\/vosgesinfo.fr\/laplainedesvosgesinfo\/","name":"La Plaine des Vosges","description":"Toute l&#039;actualit\u00e9 de la plaine de Vosges","publisher":{"@id":"https:\/\/vosgesinfo.fr\/laplainedesvosgesinfo\/#organization"},"alternateName":"Toute l'actualit\u00e9 de la plaine des Vosges","potentialAction":[{"@type":"SearchAction","target":{"@type":"EntryPoint","urlTemplate":"https:\/\/vosgesinfo.fr\/laplainedesvosgesinfo\/?s={search_term_string}"},"query-input":"required name=search_term_string"}],"inLanguage":"fr-FR"},{"@type":"Organization","@id":"https:\/\/vosgesinfo.fr\/laplainedesvosgesinfo\/#organization","name":"La Plaine des Vosges","url":"https:\/\/vosgesinfo.fr\/laplainedesvosgesinfo\/","logo":{"@type":"ImageObject","inLanguage":"fr-FR","@id":"https:\/\/vosgesinfo.fr\/laplainedesvosgesinfo\/#\/schema\/logo\/image\/","url":"https:\/\/vosgesinfo.fr\/app\/uploads\/sites\/2\/2023\/08\/logo-laplaineinfo.svg","contentUrl":"https:\/\/vosgesinfo.fr\/app\/uploads\/sites\/2\/2023\/08\/logo-laplaineinfo.svg","width":1,"height":1,"caption":"La Plaine des Vosges"},"image":{"@id":"https:\/\/vosgesinfo.fr\/laplainedesvosgesinfo\/#\/schema\/logo\/image\/"},"sameAs":["https:\/\/www.facebook.com\/laplainedesvosges","https:\/\/x.com\/VosgesInfo88","https:\/\/www.youtube.com\/@vosgesinfo"]},{"@type":"Person","@id":"https:\/\/vosgesinfo.fr\/laplainedesvosgesinfo\/#\/schema\/person\/79e32bebcee803e323d575130a214cb1","name":"F L","image":{"@type":"ImageObject","inLanguage":"fr-FR","@id":"https:\/\/vosgesinfo.fr\/laplainedesvosgesinfo\/#\/schema\/person\/image\/","url":"https:\/\/secure.gravatar.com\/avatar\/d357c72e152089867fde6ef62184057ee532a6f21b254c937a932e835554cfb3?s=96&d=mm&r=g","contentUrl":"https:\/\/secure.gravatar.com\/avatar\/d357c72e152089867fde6ef62184057ee532a6f21b254c937a932e835554cfb3?s=96&d=mm&r=g","caption":"F L"},"url":"https:\/\/vosgesinfo.fr\/laplainedesvosgesinfo\/author\/frlevyp88\/"}]}},"_links":{"self":[{"href":"https:\/\/vosgesinfo.fr\/laplainedesvosgesinfo\/wp-json\/wp\/v2\/posts\/26431","targetHints":{"allow":["GET"]}}],"collection":[{"href":"https:\/\/vosgesinfo.fr\/laplainedesvosgesinfo\/wp-json\/wp\/v2\/posts"}],"about":[{"href":"https:\/\/vosgesinfo.fr\/laplainedesvosgesinfo\/wp-json\/wp\/v2\/types\/post"}],"author":[{"embeddable":true,"href":"https:\/\/vosgesinfo.fr\/laplainedesvosgesinfo\/wp-json\/wp\/v2\/users\/128"}],"replies":[{"embeddable":true,"href":"https:\/\/vosgesinfo.fr\/laplainedesvosgesinfo\/wp-json\/wp\/v2\/comments?post=26431"}],"version-history":[{"count":0,"href":"https:\/\/vosgesinfo.fr\/laplainedesvosgesinfo\/wp-json\/wp\/v2\/posts\/26431\/revisions"}],"wp:featuredmedia":[{"embeddable":true,"href":"https:\/\/vosgesinfo.fr\/laplainedesvosgesinfo\/wp-json\/wp\/v2\/media\/26432"}],"wp:attachment":[{"href":"https:\/\/vosgesinfo.fr\/laplainedesvosgesinfo\/wp-json\/wp\/v2\/media?parent=26431"}],"wp:term":[{"taxonomy":"category","embeddable":true,"href":"https:\/\/vosgesinfo.fr\/laplainedesvosgesinfo\/wp-json\/wp\/v2\/categories?post=26431"},{"taxonomy":"post_tag","embeddable":true,"href":"https:\/\/vosgesinfo.fr\/laplainedesvosgesinfo\/wp-json\/wp\/v2\/tags?post=26431"}],"curies":[{"name":"wp","href":"https:\/\/api.w.org\/{rel}","templated":true}]}}