{"id":26433,"date":"2023-07-29T19:40:02","date_gmt":"2023-07-29T17:40:02","guid":{"rendered":"https:\/\/vosgesinfo.fr\/laplainedesvosgesinfo\/2023\/07\/les-chantiers-jeunes-2023-sorganisent-a-vittel\/"},"modified":"2023-07-29T19:40:02","modified_gmt":"2023-07-29T17:40:02","slug":"les-chantiers-jeunes-2023-sorganisent-a-vittel","status":"publish","type":"post","link":"https:\/\/vosgesinfo.fr\/laplainedesvosgesinfo\/2023\/07\/les-chantiers-jeunes-2023-sorganisent-a-vittel\/","title":{"rendered":"Les chantiers Jeunes 2023 s\u2019organisent \u00e0 Vittel"},"content":{"rendered":"\n<p class=\"p1\"><strong><span class=\"s1\">Les Chantiers Jeunes organis\u00e9s par le CCAS de Vittel, ont d\u00e9marr\u00e9 depuis le 10 juillet 2023. Apr\u00e8s avoir r\u00e9nov\u00e9 les figurines sportives \u00e0 l\u2019entr\u00e9e du Centre de Pr\u00e9paration Omnisport, les jeunes vittellois entre 14 et 17 ans de la promotion 2023, effectuent des travaux de peinture sur du mobilier urbain.<\/span><\/strong><\/p>\n<p class=\"p1\"><span class=\"s1\">En raison d\u2019une m\u00e9t\u00e9o plus qu\u2019incertaine sur Vittel, les chantiers jeunes pr\u00e9vus ce jeudi 27 juillet 2023 sur le parking Badenweiller, ont d\u00fb changer de lieu. C\u2019est donc dans les\u00a0locaux techniques de la ville, que Sylvie Vincent Directrice du CCAS de la ville et Adjointe aux Affaires Sociales a\u00a0r\u00e9organis\u00e9 cette matin\u00e9e aux c\u00f4t\u00e9s de Sabine Combacal.<\/span><\/p>\n<p class=\"p2\"><span class=\"s2\">Comme chaque ann\u00e9e depuis 2016, ces chantiers visent \u00e0 r\u00e9compenser des adolescents en \u00e9change d\u2019une vingtaine d\u2019heures de travail citoyen. Les jeunes inscrit dans l\u2019\u00e9dition 2023 ont entre 14 et 17 ans. \u00c0 la fin de ces chantiers d\u2019\u00e9t\u00e9, les jeunes re\u00e7oivent un ch\u00e8que de la municipalit\u00e9 afin de les aider \u00e0 financer un projet personnel. <\/span><\/p>\n<p class=\"p2\"><span class=\"s2\">Chaque ann\u00e9e, les candidatures sont ouvertes pour les adolescents d\u00e8s l\u2019\u00e2ge de 14 ans au lieu de 15 ans pr\u00e9c\u00e9demment. Afin d\u2019\u00e9viter les actions r\u00e9p\u00e9titives et valoriser l\u2019image de la jeunesse de la ville, une nouvelle activit\u00e9 d\u2019atelier peinture<span class=\"Apple-converted-space\">\u00a0 <\/span>a \u00e9t\u00e9 ajout\u00e9e au programme 2023 des chantiers jeunes. Un chantier de peinture a \u00e9t\u00e9 cr\u00e9\u00e9 cette ann\u00e9e, pour repeindre des balustrades situ\u00e9es en centre &#8211; ville. Pour pouvoir s\u2019inscrire aux chantiers jeunes, plusieurs conditions sont \u00e0 remplir par les adolescents vittellois. La premi\u00e8re est d\u2019\u00eatre r\u00e9sident de la cit\u00e9 thermale et la seconde, non des moindres, est de candidater en ayant un projet personnel \u00e0 financer. Ces chantiers jeunes dureront six semaines pour cette \u00e9dition 2023. Ils auront lieu entre le 10 juillet et le 18 ao\u00fbt. <\/span><\/p>\n<p class=\"p1\"><span class=\"s1\">\u00a0<\/span><\/p>\n","protected":false},"excerpt":{"rendered":"<p>Les Chantiers Jeunes organis\u00e9s par le CCAS de Vittel, ont d\u00e9marr\u00e9 depuis le 10 juillet 2023. Apr\u00e8s avoir r\u00e9nov\u00e9 les [&hellip;]<\/p>\n","protected":false},"author":128,"featured_media":26434,"comment_status":"open","ping_status":"open","sticky":false,"template":"","format":"standard","meta":{"footnotes":""},"categories":[29,6,37,13,38],"tags":[211,1101,6571,6417,36],"class_list":["post-26433","post","type-post","status-publish","format-standard","has-post-thumbnail","hentry","category-a-la-une","category-education","category-la-plaine","category-societe","category-vittel-la-plaine","tag-ccas-de-vittel","tag-chantiers-jeunes","tag-sabine-combacal","tag-sylvie-vincent","tag-ville-de-vittel"],"acf":[],"yoast_head":"<!-- This site is optimized with the Yoast SEO plugin v22.5 - https:\/\/yoast.com\/wordpress\/plugins\/seo\/ -->\n<title>Les chantiers Jeunes 2023 s\u2019organisent \u00e0 Vittel - La Plaine des Vosges<\/title>\n<meta name=\"robots\" content=\"index, follow, max-snippet:-1, max-image-preview:large, max-video-preview:-1\" \/>\n<link rel=\"canonical\" href=\"https:\/\/vosgesinfo.fr\/laplainedesvosgesinfo\/2023\/07\/les-chantiers-jeunes-2023-sorganisent-a-vittel\/\" \/>\n<meta name=\"twitter:card\" content=\"summary_large_image\" \/>\n<meta name=\"twitter:title\" content=\"Les chantiers Jeunes 2023 s\u2019organisent \u00e0 Vittel - La Plaine des Vosges\" \/>\n<meta name=\"twitter:description\" content=\"Les Chantiers Jeunes organis\u00e9s par le CCAS de Vittel, ont d\u00e9marr\u00e9 depuis le 10 juillet 2023. Apr\u00e8s avoir r\u00e9nov\u00e9 les [&hellip;]\" \/>\n<meta name=\"twitter:image\" content=\"https:\/\/vosgesinfo.fr\/app\/uploads\/sites\/2\/2024\/07\/20230769a41d6b-3e01-407e-be09-808e33a5d8ce.jpeg\" \/>\n<meta name=\"twitter:creator\" content=\"@VosgesInfo88\" \/>\n<meta name=\"twitter:site\" content=\"@VosgesInfo88\" \/>\n<meta name=\"twitter:label1\" content=\"\u00c9crit par\" \/>\n\t<meta name=\"twitter:data1\" content=\"F L\" \/>\n\t<meta name=\"twitter:label2\" content=\"Dur\u00e9e de lecture estim\u00e9e\" \/>\n\t<meta name=\"twitter:data2\" content=\"2 minutes\" \/>\n<script type=\"application\/ld+json\" class=\"yoast-schema-graph\">{\"@context\":\"https:\/\/schema.org\",\"@graph\":[{\"@type\":\"Article\",\"@id\":\"https:\/\/vosgesinfo.fr\/laplainedesvosgesinfo\/2023\/07\/les-chantiers-jeunes-2023-sorganisent-a-vittel\/#article\",\"isPartOf\":{\"@id\":\"https:\/\/vosgesinfo.fr\/laplainedesvosgesinfo\/2023\/07\/les-chantiers-jeunes-2023-sorganisent-a-vittel\/\"},\"author\":{\"name\":\"F L\",\"@id\":\"https:\/\/vosgesinfo.fr\/laplainedesvosgesinfo\/#\/schema\/person\/79e32bebcee803e323d575130a214cb1\"},\"headline\":\"Les chantiers Jeunes 2023 s\u2019organisent \u00e0 Vittel\",\"datePublished\":\"2023-07-29T17:40:02+00:00\",\"dateModified\":\"2023-07-29T17:40:02+00:00\",\"mainEntityOfPage\":{\"@id\":\"https:\/\/vosgesinfo.fr\/laplainedesvosgesinfo\/2023\/07\/les-chantiers-jeunes-2023-sorganisent-a-vittel\/\"},\"wordCount\":321,\"commentCount\":0,\"publisher\":{\"@id\":\"https:\/\/vosgesinfo.fr\/laplainedesvosgesinfo\/#organization\"},\"image\":{\"@id\":\"https:\/\/vosgesinfo.fr\/laplainedesvosgesinfo\/2023\/07\/les-chantiers-jeunes-2023-sorganisent-a-vittel\/#primaryimage\"},\"thumbnailUrl\":\"https:\/\/vosgesinfo.fr\/app\/uploads\/sites\/2\/2024\/07\/20230769a41d6b-3e01-407e-be09-808e33a5d8ce.jpeg\",\"keywords\":[\"CCAS de Vittel\",\"Chantiers Jeunes\",\"Sabine Combacal\",\"Sylvie Vincent\",\"Ville de Vittel\"],\"articleSection\":[\"A la Une\",\"\u00c9ducation\",\"La Plaine\",\"Soci\u00e9t\u00e9\",\"Vittel\"],\"inLanguage\":\"fr-FR\",\"potentialAction\":[{\"@type\":\"CommentAction\",\"name\":\"Comment\",\"target\":[\"https:\/\/vosgesinfo.fr\/laplainedesvosgesinfo\/2023\/07\/les-chantiers-jeunes-2023-sorganisent-a-vittel\/#respond\"]}]},{\"@type\":\"WebPage\",\"@id\":\"https:\/\/vosgesinfo.fr\/laplainedesvosgesinfo\/2023\/07\/les-chantiers-jeunes-2023-sorganisent-a-vittel\/\",\"url\":\"https:\/\/vosgesinfo.fr\/laplainedesvosgesinfo\/2023\/07\/les-chantiers-jeunes-2023-sorganisent-a-vittel\/\",\"name\":\"Les chantiers Jeunes 2023 s\u2019organisent \u00e0 Vittel - La Plaine des Vosges\",\"isPartOf\":{\"@id\":\"https:\/\/vosgesinfo.fr\/laplainedesvosgesinfo\/#website\"},\"primaryImageOfPage\":{\"@id\":\"https:\/\/vosgesinfo.fr\/laplainedesvosgesinfo\/2023\/07\/les-chantiers-jeunes-2023-sorganisent-a-vittel\/#primaryimage\"},\"image\":{\"@id\":\"https:\/\/vosgesinfo.fr\/laplainedesvosgesinfo\/2023\/07\/les-chantiers-jeunes-2023-sorganisent-a-vittel\/#primaryimage\"},\"thumbnailUrl\":\"https:\/\/vosgesinfo.fr\/app\/uploads\/sites\/2\/2024\/07\/20230769a41d6b-3e01-407e-be09-808e33a5d8ce.jpeg\",\"datePublished\":\"2023-07-29T17:40:02+00:00\",\"dateModified\":\"2023-07-29T17:40:02+00:00\",\"breadcrumb\":{\"@id\":\"https:\/\/vosgesinfo.fr\/laplainedesvosgesinfo\/2023\/07\/les-chantiers-jeunes-2023-sorganisent-a-vittel\/#breadcrumb\"},\"inLanguage\":\"fr-FR\",\"potentialAction\":[{\"@type\":\"ReadAction\",\"target\":[\"https:\/\/vosgesinfo.fr\/laplainedesvosgesinfo\/2023\/07\/les-chantiers-jeunes-2023-sorganisent-a-vittel\/\"]}]},{\"@type\":\"ImageObject\",\"inLanguage\":\"fr-FR\",\"@id\":\"https:\/\/vosgesinfo.fr\/laplainedesvosgesinfo\/2023\/07\/les-chantiers-jeunes-2023-sorganisent-a-vittel\/#primaryimage\",\"url\":\"https:\/\/vosgesinfo.fr\/app\/uploads\/sites\/2\/2024\/07\/20230769a41d6b-3e01-407e-be09-808e33a5d8ce.jpeg\",\"contentUrl\":\"https:\/\/vosgesinfo.fr\/app\/uploads\/sites\/2\/2024\/07\/20230769a41d6b-3e01-407e-be09-808e33a5d8ce.jpeg\",\"width\":800,\"height\":361},{\"@type\":\"BreadcrumbList\",\"@id\":\"https:\/\/vosgesinfo.fr\/laplainedesvosgesinfo\/2023\/07\/les-chantiers-jeunes-2023-sorganisent-a-vittel\/#breadcrumb\",\"itemListElement\":[{\"@type\":\"ListItem\",\"position\":1,\"name\":\"Home\",\"item\":\"https:\/\/vosgesinfo.fr\/laplainedesvosgesinfo\/\"},{\"@type\":\"ListItem\",\"position\":2,\"name\":\"Les chantiers Jeunes 2023 s\u2019organisent \u00e0 Vittel\"}]},{\"@type\":\"WebSite\",\"@id\":\"https:\/\/vosgesinfo.fr\/laplainedesvosgesinfo\/#website\",\"url\":\"https:\/\/vosgesinfo.fr\/laplainedesvosgesinfo\/\",\"name\":\"La Plaine des Vosges\",\"description\":\"Toute l&#039;actualit\u00e9 de la plaine de Vosges\",\"publisher\":{\"@id\":\"https:\/\/vosgesinfo.fr\/laplainedesvosgesinfo\/#organization\"},\"alternateName\":\"Toute l'actualit\u00e9 de la plaine des Vosges\",\"potentialAction\":[{\"@type\":\"SearchAction\",\"target\":{\"@type\":\"EntryPoint\",\"urlTemplate\":\"https:\/\/vosgesinfo.fr\/laplainedesvosgesinfo\/?s={search_term_string}\"},\"query-input\":\"required name=search_term_string\"}],\"inLanguage\":\"fr-FR\"},{\"@type\":\"Organization\",\"@id\":\"https:\/\/vosgesinfo.fr\/laplainedesvosgesinfo\/#organization\",\"name\":\"La Plaine des Vosges\",\"url\":\"https:\/\/vosgesinfo.fr\/laplainedesvosgesinfo\/\",\"logo\":{\"@type\":\"ImageObject\",\"inLanguage\":\"fr-FR\",\"@id\":\"https:\/\/vosgesinfo.fr\/laplainedesvosgesinfo\/#\/schema\/logo\/image\/\",\"url\":\"https:\/\/vosgesinfo.fr\/app\/uploads\/sites\/2\/2023\/08\/logo-laplaineinfo.svg\",\"contentUrl\":\"https:\/\/vosgesinfo.fr\/app\/uploads\/sites\/2\/2023\/08\/logo-laplaineinfo.svg\",\"width\":1,\"height\":1,\"caption\":\"La Plaine des Vosges\"},\"image\":{\"@id\":\"https:\/\/vosgesinfo.fr\/laplainedesvosgesinfo\/#\/schema\/logo\/image\/\"},\"sameAs\":[\"https:\/\/www.facebook.com\/laplainedesvosges\",\"https:\/\/x.com\/VosgesInfo88\",\"https:\/\/www.youtube.com\/@vosgesinfo\"]},{\"@type\":\"Person\",\"@id\":\"https:\/\/vosgesinfo.fr\/laplainedesvosgesinfo\/#\/schema\/person\/79e32bebcee803e323d575130a214cb1\",\"name\":\"F L\",\"image\":{\"@type\":\"ImageObject\",\"inLanguage\":\"fr-FR\",\"@id\":\"https:\/\/vosgesinfo.fr\/laplainedesvosgesinfo\/#\/schema\/person\/image\/\",\"url\":\"https:\/\/secure.gravatar.com\/avatar\/d357c72e152089867fde6ef62184057ee532a6f21b254c937a932e835554cfb3?s=96&d=mm&r=g\",\"contentUrl\":\"https:\/\/secure.gravatar.com\/avatar\/d357c72e152089867fde6ef62184057ee532a6f21b254c937a932e835554cfb3?s=96&d=mm&r=g\",\"caption\":\"F L\"},\"url\":\"https:\/\/vosgesinfo.fr\/laplainedesvosgesinfo\/author\/frlevyp88\/\"}]}<\/script>\n<!-- \/ Yoast SEO plugin. -->","yoast_head_json":{"title":"Les chantiers Jeunes 2023 s\u2019organisent \u00e0 Vittel - La Plaine des Vosges","robots":{"index":"index","follow":"follow","max-snippet":"max-snippet:-1","max-image-preview":"max-image-preview:large","max-video-preview":"max-video-preview:-1"},"canonical":"https:\/\/vosgesinfo.fr\/laplainedesvosgesinfo\/2023\/07\/les-chantiers-jeunes-2023-sorganisent-a-vittel\/","twitter_card":"summary_large_image","twitter_title":"Les chantiers Jeunes 2023 s\u2019organisent \u00e0 Vittel - La Plaine des Vosges","twitter_description":"Les Chantiers Jeunes organis\u00e9s par le CCAS de Vittel, ont d\u00e9marr\u00e9 depuis le 10 juillet 2023. Apr\u00e8s avoir r\u00e9nov\u00e9 les [&hellip;]","twitter_image":"https:\/\/vosgesinfo.fr\/app\/uploads\/sites\/2\/2024\/07\/20230769a41d6b-3e01-407e-be09-808e33a5d8ce.jpeg","twitter_creator":"@VosgesInfo88","twitter_site":"@VosgesInfo88","twitter_misc":{"\u00c9crit par":"F L","Dur\u00e9e de lecture estim\u00e9e":"2 minutes"},"schema":{"@context":"https:\/\/schema.org","@graph":[{"@type":"Article","@id":"https:\/\/vosgesinfo.fr\/laplainedesvosgesinfo\/2023\/07\/les-chantiers-jeunes-2023-sorganisent-a-vittel\/#article","isPartOf":{"@id":"https:\/\/vosgesinfo.fr\/laplainedesvosgesinfo\/2023\/07\/les-chantiers-jeunes-2023-sorganisent-a-vittel\/"},"author":{"name":"F L","@id":"https:\/\/vosgesinfo.fr\/laplainedesvosgesinfo\/#\/schema\/person\/79e32bebcee803e323d575130a214cb1"},"headline":"Les chantiers Jeunes 2023 s\u2019organisent \u00e0 Vittel","datePublished":"2023-07-29T17:40:02+00:00","dateModified":"2023-07-29T17:40:02+00:00","mainEntityOfPage":{"@id":"https:\/\/vosgesinfo.fr\/laplainedesvosgesinfo\/2023\/07\/les-chantiers-jeunes-2023-sorganisent-a-vittel\/"},"wordCount":321,"commentCount":0,"publisher":{"@id":"https:\/\/vosgesinfo.fr\/laplainedesvosgesinfo\/#organization"},"image":{"@id":"https:\/\/vosgesinfo.fr\/laplainedesvosgesinfo\/2023\/07\/les-chantiers-jeunes-2023-sorganisent-a-vittel\/#primaryimage"},"thumbnailUrl":"https:\/\/vosgesinfo.fr\/app\/uploads\/sites\/2\/2024\/07\/20230769a41d6b-3e01-407e-be09-808e33a5d8ce.jpeg","keywords":["CCAS de Vittel","Chantiers Jeunes","Sabine Combacal","Sylvie Vincent","Ville de Vittel"],"articleSection":["A la Une","\u00c9ducation","La Plaine","Soci\u00e9t\u00e9","Vittel"],"inLanguage":"fr-FR","potentialAction":[{"@type":"CommentAction","name":"Comment","target":["https:\/\/vosgesinfo.fr\/laplainedesvosgesinfo\/2023\/07\/les-chantiers-jeunes-2023-sorganisent-a-vittel\/#respond"]}]},{"@type":"WebPage","@id":"https:\/\/vosgesinfo.fr\/laplainedesvosgesinfo\/2023\/07\/les-chantiers-jeunes-2023-sorganisent-a-vittel\/","url":"https:\/\/vosgesinfo.fr\/laplainedesvosgesinfo\/2023\/07\/les-chantiers-jeunes-2023-sorganisent-a-vittel\/","name":"Les chantiers Jeunes 2023 s\u2019organisent \u00e0 Vittel - La Plaine des Vosges","isPartOf":{"@id":"https:\/\/vosgesinfo.fr\/laplainedesvosgesinfo\/#website"},"primaryImageOfPage":{"@id":"https:\/\/vosgesinfo.fr\/laplainedesvosgesinfo\/2023\/07\/les-chantiers-jeunes-2023-sorganisent-a-vittel\/#primaryimage"},"image":{"@id":"https:\/\/vosgesinfo.fr\/laplainedesvosgesinfo\/2023\/07\/les-chantiers-jeunes-2023-sorganisent-a-vittel\/#primaryimage"},"thumbnailUrl":"https:\/\/vosgesinfo.fr\/app\/uploads\/sites\/2\/2024\/07\/20230769a41d6b-3e01-407e-be09-808e33a5d8ce.jpeg","datePublished":"2023-07-29T17:40:02+00:00","dateModified":"2023-07-29T17:40:02+00:00","breadcrumb":{"@id":"https:\/\/vosgesinfo.fr\/laplainedesvosgesinfo\/2023\/07\/les-chantiers-jeunes-2023-sorganisent-a-vittel\/#breadcrumb"},"inLanguage":"fr-FR","potentialAction":[{"@type":"ReadAction","target":["https:\/\/vosgesinfo.fr\/laplainedesvosgesinfo\/2023\/07\/les-chantiers-jeunes-2023-sorganisent-a-vittel\/"]}]},{"@type":"ImageObject","inLanguage":"fr-FR","@id":"https:\/\/vosgesinfo.fr\/laplainedesvosgesinfo\/2023\/07\/les-chantiers-jeunes-2023-sorganisent-a-vittel\/#primaryimage","url":"https:\/\/vosgesinfo.fr\/app\/uploads\/sites\/2\/2024\/07\/20230769a41d6b-3e01-407e-be09-808e33a5d8ce.jpeg","contentUrl":"https:\/\/vosgesinfo.fr\/app\/uploads\/sites\/2\/2024\/07\/20230769a41d6b-3e01-407e-be09-808e33a5d8ce.jpeg","width":800,"height":361},{"@type":"BreadcrumbList","@id":"https:\/\/vosgesinfo.fr\/laplainedesvosgesinfo\/2023\/07\/les-chantiers-jeunes-2023-sorganisent-a-vittel\/#breadcrumb","itemListElement":[{"@type":"ListItem","position":1,"name":"Home","item":"https:\/\/vosgesinfo.fr\/laplainedesvosgesinfo\/"},{"@type":"ListItem","position":2,"name":"Les chantiers Jeunes 2023 s\u2019organisent \u00e0 Vittel"}]},{"@type":"WebSite","@id":"https:\/\/vosgesinfo.fr\/laplainedesvosgesinfo\/#website","url":"https:\/\/vosgesinfo.fr\/laplainedesvosgesinfo\/","name":"La Plaine des Vosges","description":"Toute l&#039;actualit\u00e9 de la plaine de Vosges","publisher":{"@id":"https:\/\/vosgesinfo.fr\/laplainedesvosgesinfo\/#organization"},"alternateName":"Toute l'actualit\u00e9 de la plaine des Vosges","potentialAction":[{"@type":"SearchAction","target":{"@type":"EntryPoint","urlTemplate":"https:\/\/vosgesinfo.fr\/laplainedesvosgesinfo\/?s={search_term_string}"},"query-input":"required name=search_term_string"}],"inLanguage":"fr-FR"},{"@type":"Organization","@id":"https:\/\/vosgesinfo.fr\/laplainedesvosgesinfo\/#organization","name":"La Plaine des Vosges","url":"https:\/\/vosgesinfo.fr\/laplainedesvosgesinfo\/","logo":{"@type":"ImageObject","inLanguage":"fr-FR","@id":"https:\/\/vosgesinfo.fr\/laplainedesvosgesinfo\/#\/schema\/logo\/image\/","url":"https:\/\/vosgesinfo.fr\/app\/uploads\/sites\/2\/2023\/08\/logo-laplaineinfo.svg","contentUrl":"https:\/\/vosgesinfo.fr\/app\/uploads\/sites\/2\/2023\/08\/logo-laplaineinfo.svg","width":1,"height":1,"caption":"La Plaine des Vosges"},"image":{"@id":"https:\/\/vosgesinfo.fr\/laplainedesvosgesinfo\/#\/schema\/logo\/image\/"},"sameAs":["https:\/\/www.facebook.com\/laplainedesvosges","https:\/\/x.com\/VosgesInfo88","https:\/\/www.youtube.com\/@vosgesinfo"]},{"@type":"Person","@id":"https:\/\/vosgesinfo.fr\/laplainedesvosgesinfo\/#\/schema\/person\/79e32bebcee803e323d575130a214cb1","name":"F L","image":{"@type":"ImageObject","inLanguage":"fr-FR","@id":"https:\/\/vosgesinfo.fr\/laplainedesvosgesinfo\/#\/schema\/person\/image\/","url":"https:\/\/secure.gravatar.com\/avatar\/d357c72e152089867fde6ef62184057ee532a6f21b254c937a932e835554cfb3?s=96&d=mm&r=g","contentUrl":"https:\/\/secure.gravatar.com\/avatar\/d357c72e152089867fde6ef62184057ee532a6f21b254c937a932e835554cfb3?s=96&d=mm&r=g","caption":"F L"},"url":"https:\/\/vosgesinfo.fr\/laplainedesvosgesinfo\/author\/frlevyp88\/"}]}},"_links":{"self":[{"href":"https:\/\/vosgesinfo.fr\/laplainedesvosgesinfo\/wp-json\/wp\/v2\/posts\/26433","targetHints":{"allow":["GET"]}}],"collection":[{"href":"https:\/\/vosgesinfo.fr\/laplainedesvosgesinfo\/wp-json\/wp\/v2\/posts"}],"about":[{"href":"https:\/\/vosgesinfo.fr\/laplainedesvosgesinfo\/wp-json\/wp\/v2\/types\/post"}],"author":[{"embeddable":true,"href":"https:\/\/vosgesinfo.fr\/laplainedesvosgesinfo\/wp-json\/wp\/v2\/users\/128"}],"replies":[{"embeddable":true,"href":"https:\/\/vosgesinfo.fr\/laplainedesvosgesinfo\/wp-json\/wp\/v2\/comments?post=26433"}],"version-history":[{"count":0,"href":"https:\/\/vosgesinfo.fr\/laplainedesvosgesinfo\/wp-json\/wp\/v2\/posts\/26433\/revisions"}],"wp:featuredmedia":[{"embeddable":true,"href":"https:\/\/vosgesinfo.fr\/laplainedesvosgesinfo\/wp-json\/wp\/v2\/media\/26434"}],"wp:attachment":[{"href":"https:\/\/vosgesinfo.fr\/laplainedesvosgesinfo\/wp-json\/wp\/v2\/media?parent=26433"}],"wp:term":[{"taxonomy":"category","embeddable":true,"href":"https:\/\/vosgesinfo.fr\/laplainedesvosgesinfo\/wp-json\/wp\/v2\/categories?post=26433"},{"taxonomy":"post_tag","embeddable":true,"href":"https:\/\/vosgesinfo.fr\/laplainedesvosgesinfo\/wp-json\/wp\/v2\/tags?post=26433"}],"curies":[{"name":"wp","href":"https:\/\/api.w.org\/{rel}","templated":true}]}}