{"id":26655,"date":"2024-08-26T07:04:56","date_gmt":"2024-08-26T05:04:56","guid":{"rendered":"https:\/\/vosgesinfo.fr\/laplainedesvosgesinfo\/2024\/08\/de-nouvelles-filieres-sinvitent-dans-vos-decheteries-2\/"},"modified":"2024-08-26T07:04:56","modified_gmt":"2024-08-26T05:04:56","slug":"de-nouvelles-filieres-sinvitent-dans-vos-decheteries-2","status":"publish","type":"post","link":"https:\/\/vosgesinfo.fr\/laplainedesvosgesinfo\/2024\/08\/de-nouvelles-filieres-sinvitent-dans-vos-decheteries-2\/","title":{"rendered":"De nouvelles fili\u00e8res s\u2019invitent dans vos d\u00e9ch\u00e8teries"},"content":{"rendered":"<h2><strong><a href=\"https:\/\/vosgesinfo.fr\/app\/uploads\/sites\/3\/2024\/08\/nouvelle-filiere-outillage-du-peintre.png\"><img decoding=\"async\" class=\"aligncenter size-full wp-image-120705\" src=\"https:\/\/vosgesinfo.fr\/app\/uploads\/sites\/3\/2024\/08\/nouvelle-filiere-outillage-du-peintre.png\" alt=\"\" width=\"1080\" height=\"1080\" \/><\/a>\u00c9vodia<\/strong><strong> a pour mission de d\u00e9velopper le recyclage et de r\u00e9duire la quantit\u00e9 de d\u00e9chets incin\u00e9rables dans le d\u00e9partement des Vosges. Pour y parvenir, de nouvelles fili\u00e8res de tri se d\u00e9ploient dans les 38 d\u00e9ch\u00e8teries du d\u00e9partement. Plus il y a de fili\u00e8res de recyclage, plus les objets et mat\u00e9riaux peuvent \u00eatre recycl\u00e9s, r\u00e9duisant ainsi le volume de d\u00e9chets incin\u00e9r\u00e9s ou enfouis.<\/strong><\/h2>\n<p>En 2023, cinq nouvelles fili\u00e8res ont \u00e9t\u00e9 mises en place en d\u00e9ch\u00e8terie\u00a0:<\/p>\n<ul>\n<li><strong>Outillage de peintre<\/strong> : pinceaux, brosses, rouleaux, manchons, couteaux, bacs \u00e0 peinture, etc.<\/li>\n<li><strong>Articles de bricolage et jardinage<\/strong> : caisses \u00e0 outils, petits outils non \u00e9lectriques, pots de fleurs, arrosoirs, etc.<\/li>\n<li><strong>Jouets<\/strong> : poup\u00e9es, jeux de soci\u00e9t\u00e9, maquettes, etc.<\/li>\n<\/ul>\n<p>A venir, trois autres fili\u00e8res, elles concerneront\u00a0:<\/p>\n<ul>\n<li>Les mat\u00e9riaux et produits de construction du b\u00e2timent,<\/li>\n<li>Les articles de sport et de loisirs,<\/li>\n<li>Les articles de bricolage et jardin motoris\u00e9s.<\/li>\n<\/ul>\n<p><strong>Un d\u00e9fi (presque) r\u00e9ussi !<\/strong><br \/>\nLes vosgiens ont d\u00e9pos\u00e9 plus de d\u00e9chets dans les d\u00e9ch\u00e8teries du d\u00e9partement. Un habitant a apport\u00e9 106 KG en 2023, soit 2 KG de plus qu&rsquo;en 2022. La r\u00e9paration, le r\u00e9emploi, et la mise en place de nouvelles fili\u00e8res ont contribu\u00e9 \u00e0 r\u00e9duire de 6% les d\u00e9chets m\u00e9nagers. Ce r\u00e9sultat met \u00e0 port\u00e9e de main l&rsquo;objectif fix\u00e9 \u00e0 -15% d&rsquo;ici fin 2025.<\/p>\n<p><strong>Organisez le tri de vos d\u00e9chets<\/strong><br \/>\nNe l\u2019oublions pas, le meilleur d\u00e9chet est celui que l\u2019on ne produit pas. Avant de jeter nos objets, posons-nous quelques questions simples\u00a0: Est-il r\u00e9parable\u00a0? Est-ce que je peux le r\u00e9utiliser autrement\u00a0? Pourrait-il servir \u00e0 quelqu\u2019un d\u2019autre\u00a0? Si la r\u00e9paration, la r\u00e9utilisation ou le r\u00e9emploi ne sont pas possible, voici quelques astuces pour bien trier.<\/p>\n<p><strong>Un tri efficace facilite le travail des agents et r\u00e9duit les erreurs.<\/strong> Pour les meubles, pensez \u00e0 les d\u00e9monter afin de faciliter le recyclage des diff\u00e9rents mat\u00e9riaux. D\u00e9posez les produits dangereux dans leur emballage d&rsquo;origine ou \u00e9tiquetez-les. Les petits appareils \u00e9lectriques, comme les c\u00e2bles USB et \u00e9couteurs, peuvent \u00e9galement \u00eatre d\u00e9pos\u00e9s en d\u00e9ch\u00e8terie.<\/p>\n<p><em>Lien\u00a0: <\/em><a href=\"https:\/\/www.facebook.com\/evodiavosges\"><em>https:\/\/www.facebook.com\/evodiavosges<\/em><\/a><\/p>\n<p>Seul, je TRIE. Ensemble, on REDUIT. D\u00e9fi presque REUSSI\u00a0!<\/p>\n","protected":false},"excerpt":{"rendered":"<p>\u00c9vodia a pour mission de d\u00e9velopper le recyclage et de r\u00e9duire la quantit\u00e9 de d\u00e9chets incin\u00e9rables dans le d\u00e9partement des [&hellip;]<\/p>\n","protected":false},"author":52,"featured_media":26656,"comment_status":"open","ping_status":"open","sticky":false,"template":"","format":"standard","meta":{"footnotes":""},"categories":[29,383,294,380,114,381,384,18],"tags":[],"class_list":["post-26655","post","type-post","status-publish","format-standard","has-post-thumbnail","hentry","category-a-la-une","category-epinal","category-gerardmer","category-la-plaine-des-vosges","category-publireportage","category-remiremont","category-saint-die","category-vosges"],"acf":[],"yoast_head":"<!-- This site is optimized with the Yoast SEO plugin v22.5 - https:\/\/yoast.com\/wordpress\/plugins\/seo\/ -->\n<title>De nouvelles fili\u00e8res s\u2019invitent dans vos d\u00e9ch\u00e8teries - La Plaine des Vosges<\/title>\n<meta name=\"robots\" content=\"index, follow, max-snippet:-1, max-image-preview:large, max-video-preview:-1\" \/>\n<link rel=\"canonical\" href=\"https:\/\/vosgesinfo.fr\/laplainedesvosgesinfo\/2024\/08\/de-nouvelles-filieres-sinvitent-dans-vos-decheteries-2\/\" \/>\n<meta name=\"twitter:card\" content=\"summary_large_image\" \/>\n<meta name=\"twitter:title\" content=\"De nouvelles fili\u00e8res s\u2019invitent dans vos d\u00e9ch\u00e8teries - La Plaine des Vosges\" \/>\n<meta name=\"twitter:description\" content=\"\u00c9vodia a pour mission de d\u00e9velopper le recyclage et de r\u00e9duire la quantit\u00e9 de d\u00e9chets incin\u00e9rables dans le d\u00e9partement des [&hellip;]\" \/>\n<meta name=\"twitter:image\" content=\"https:\/\/vosgesinfo.fr\/app\/uploads\/sites\/2\/2024\/08\/nouvelle-filiere-outillage-du-peintre-1.png\" \/>\n<meta name=\"twitter:creator\" content=\"@VosgesInfo88\" \/>\n<meta name=\"twitter:site\" content=\"@VosgesInfo88\" \/>\n<meta name=\"twitter:label1\" content=\"\u00c9crit par\" \/>\n\t<meta name=\"twitter:data1\" content=\"C.K.\" \/>\n\t<meta name=\"twitter:label2\" content=\"Dur\u00e9e de lecture estim\u00e9e\" \/>\n\t<meta name=\"twitter:data2\" content=\"2 minutes\" \/>\n<script type=\"application\/ld+json\" class=\"yoast-schema-graph\">{\"@context\":\"https:\/\/schema.org\",\"@graph\":[{\"@type\":\"Article\",\"@id\":\"https:\/\/vosgesinfo.fr\/laplainedesvosgesinfo\/2024\/08\/de-nouvelles-filieres-sinvitent-dans-vos-decheteries-2\/#article\",\"isPartOf\":{\"@id\":\"https:\/\/vosgesinfo.fr\/laplainedesvosgesinfo\/2024\/08\/de-nouvelles-filieres-sinvitent-dans-vos-decheteries-2\/\"},\"author\":{\"name\":\"C.K.\",\"@id\":\"https:\/\/vosgesinfo.fr\/laplainedesvosgesinfo\/#\/schema\/person\/6f9a650eeea99d969b6c4ab78fccbe81\"},\"headline\":\"De nouvelles fili\u00e8res s\u2019invitent dans vos d\u00e9ch\u00e8teries\",\"datePublished\":\"2024-08-26T05:04:56+00:00\",\"dateModified\":\"2024-08-26T05:04:56+00:00\",\"mainEntityOfPage\":{\"@id\":\"https:\/\/vosgesinfo.fr\/laplainedesvosgesinfo\/2024\/08\/de-nouvelles-filieres-sinvitent-dans-vos-decheteries-2\/\"},\"wordCount\":396,\"commentCount\":0,\"publisher\":{\"@id\":\"https:\/\/vosgesinfo.fr\/laplainedesvosgesinfo\/#organization\"},\"image\":{\"@id\":\"https:\/\/vosgesinfo.fr\/laplainedesvosgesinfo\/2024\/08\/de-nouvelles-filieres-sinvitent-dans-vos-decheteries-2\/#primaryimage\"},\"thumbnailUrl\":\"https:\/\/vosgesinfo.fr\/app\/uploads\/sites\/2\/2024\/08\/nouvelle-filiere-outillage-du-peintre-1.png\",\"articleSection\":[\"A la Une\",\"Epinal\",\"G\u00e9rardmer\",\"La plaine des vosges\",\"Publireportage\",\"Remiremont\",\"Saint-di\u00e9\",\"Vosges\"],\"inLanguage\":\"fr-FR\",\"potentialAction\":[{\"@type\":\"CommentAction\",\"name\":\"Comment\",\"target\":[\"https:\/\/vosgesinfo.fr\/laplainedesvosgesinfo\/2024\/08\/de-nouvelles-filieres-sinvitent-dans-vos-decheteries-2\/#respond\"]}]},{\"@type\":\"WebPage\",\"@id\":\"https:\/\/vosgesinfo.fr\/laplainedesvosgesinfo\/2024\/08\/de-nouvelles-filieres-sinvitent-dans-vos-decheteries-2\/\",\"url\":\"https:\/\/vosgesinfo.fr\/laplainedesvosgesinfo\/2024\/08\/de-nouvelles-filieres-sinvitent-dans-vos-decheteries-2\/\",\"name\":\"De nouvelles fili\u00e8res s\u2019invitent dans vos d\u00e9ch\u00e8teries - La Plaine des Vosges\",\"isPartOf\":{\"@id\":\"https:\/\/vosgesinfo.fr\/laplainedesvosgesinfo\/#website\"},\"primaryImageOfPage\":{\"@id\":\"https:\/\/vosgesinfo.fr\/laplainedesvosgesinfo\/2024\/08\/de-nouvelles-filieres-sinvitent-dans-vos-decheteries-2\/#primaryimage\"},\"image\":{\"@id\":\"https:\/\/vosgesinfo.fr\/laplainedesvosgesinfo\/2024\/08\/de-nouvelles-filieres-sinvitent-dans-vos-decheteries-2\/#primaryimage\"},\"thumbnailUrl\":\"https:\/\/vosgesinfo.fr\/app\/uploads\/sites\/2\/2024\/08\/nouvelle-filiere-outillage-du-peintre-1.png\",\"datePublished\":\"2024-08-26T05:04:56+00:00\",\"dateModified\":\"2024-08-26T05:04:56+00:00\",\"breadcrumb\":{\"@id\":\"https:\/\/vosgesinfo.fr\/laplainedesvosgesinfo\/2024\/08\/de-nouvelles-filieres-sinvitent-dans-vos-decheteries-2\/#breadcrumb\"},\"inLanguage\":\"fr-FR\",\"potentialAction\":[{\"@type\":\"ReadAction\",\"target\":[\"https:\/\/vosgesinfo.fr\/laplainedesvosgesinfo\/2024\/08\/de-nouvelles-filieres-sinvitent-dans-vos-decheteries-2\/\"]}]},{\"@type\":\"ImageObject\",\"inLanguage\":\"fr-FR\",\"@id\":\"https:\/\/vosgesinfo.fr\/laplainedesvosgesinfo\/2024\/08\/de-nouvelles-filieres-sinvitent-dans-vos-decheteries-2\/#primaryimage\",\"url\":\"https:\/\/vosgesinfo.fr\/app\/uploads\/sites\/2\/2024\/08\/nouvelle-filiere-outillage-du-peintre-1.png\",\"contentUrl\":\"https:\/\/vosgesinfo.fr\/app\/uploads\/sites\/2\/2024\/08\/nouvelle-filiere-outillage-du-peintre-1.png\",\"width\":1080,\"height\":1080},{\"@type\":\"BreadcrumbList\",\"@id\":\"https:\/\/vosgesinfo.fr\/laplainedesvosgesinfo\/2024\/08\/de-nouvelles-filieres-sinvitent-dans-vos-decheteries-2\/#breadcrumb\",\"itemListElement\":[{\"@type\":\"ListItem\",\"position\":1,\"name\":\"Home\",\"item\":\"https:\/\/vosgesinfo.fr\/laplainedesvosgesinfo\/\"},{\"@type\":\"ListItem\",\"position\":2,\"name\":\"De nouvelles fili\u00e8res s\u2019invitent dans vos d\u00e9ch\u00e8teries\"}]},{\"@type\":\"WebSite\",\"@id\":\"https:\/\/vosgesinfo.fr\/laplainedesvosgesinfo\/#website\",\"url\":\"https:\/\/vosgesinfo.fr\/laplainedesvosgesinfo\/\",\"name\":\"La Plaine des Vosges\",\"description\":\"Toute l&#039;actualit\u00e9 de la plaine de Vosges\",\"publisher\":{\"@id\":\"https:\/\/vosgesinfo.fr\/laplainedesvosgesinfo\/#organization\"},\"alternateName\":\"Toute l'actualit\u00e9 de la plaine des Vosges\",\"potentialAction\":[{\"@type\":\"SearchAction\",\"target\":{\"@type\":\"EntryPoint\",\"urlTemplate\":\"https:\/\/vosgesinfo.fr\/laplainedesvosgesinfo\/?s={search_term_string}\"},\"query-input\":\"required name=search_term_string\"}],\"inLanguage\":\"fr-FR\"},{\"@type\":\"Organization\",\"@id\":\"https:\/\/vosgesinfo.fr\/laplainedesvosgesinfo\/#organization\",\"name\":\"La Plaine des Vosges\",\"url\":\"https:\/\/vosgesinfo.fr\/laplainedesvosgesinfo\/\",\"logo\":{\"@type\":\"ImageObject\",\"inLanguage\":\"fr-FR\",\"@id\":\"https:\/\/vosgesinfo.fr\/laplainedesvosgesinfo\/#\/schema\/logo\/image\/\",\"url\":\"https:\/\/vosgesinfo.fr\/app\/uploads\/sites\/2\/2023\/08\/logo-laplaineinfo.svg\",\"contentUrl\":\"https:\/\/vosgesinfo.fr\/app\/uploads\/sites\/2\/2023\/08\/logo-laplaineinfo.svg\",\"width\":1,\"height\":1,\"caption\":\"La Plaine des Vosges\"},\"image\":{\"@id\":\"https:\/\/vosgesinfo.fr\/laplainedesvosgesinfo\/#\/schema\/logo\/image\/\"},\"sameAs\":[\"https:\/\/www.facebook.com\/laplainedesvosges\",\"https:\/\/x.com\/VosgesInfo88\",\"https:\/\/www.youtube.com\/@vosgesinfo\"]},{\"@type\":\"Person\",\"@id\":\"https:\/\/vosgesinfo.fr\/laplainedesvosgesinfo\/#\/schema\/person\/6f9a650eeea99d969b6c4ab78fccbe81\",\"name\":\"C.K.\",\"image\":{\"@type\":\"ImageObject\",\"inLanguage\":\"fr-FR\",\"@id\":\"https:\/\/vosgesinfo.fr\/laplainedesvosgesinfo\/#\/schema\/person\/image\/\",\"url\":\"https:\/\/secure.gravatar.com\/avatar\/48e3fc7f8421ba8942be6b74a2b7f014ca39bc00dece156b7a8e098ae7dc87bf?s=96&d=mm&r=g\",\"contentUrl\":\"https:\/\/secure.gravatar.com\/avatar\/48e3fc7f8421ba8942be6b74a2b7f014ca39bc00dece156b7a8e098ae7dc87bf?s=96&d=mm&r=g\",\"caption\":\"C.K.\"},\"url\":\"https:\/\/vosgesinfo.fr\/laplainedesvosgesinfo\/author\/celia-k-n\/\"}]}<\/script>\n<!-- \/ Yoast SEO plugin. -->","yoast_head_json":{"title":"De nouvelles fili\u00e8res s\u2019invitent dans vos d\u00e9ch\u00e8teries - La Plaine des Vosges","robots":{"index":"index","follow":"follow","max-snippet":"max-snippet:-1","max-image-preview":"max-image-preview:large","max-video-preview":"max-video-preview:-1"},"canonical":"https:\/\/vosgesinfo.fr\/laplainedesvosgesinfo\/2024\/08\/de-nouvelles-filieres-sinvitent-dans-vos-decheteries-2\/","twitter_card":"summary_large_image","twitter_title":"De nouvelles fili\u00e8res s\u2019invitent dans vos d\u00e9ch\u00e8teries - La Plaine des Vosges","twitter_description":"\u00c9vodia a pour mission de d\u00e9velopper le recyclage et de r\u00e9duire la quantit\u00e9 de d\u00e9chets incin\u00e9rables dans le d\u00e9partement des [&hellip;]","twitter_image":"https:\/\/vosgesinfo.fr\/app\/uploads\/sites\/2\/2024\/08\/nouvelle-filiere-outillage-du-peintre-1.png","twitter_creator":"@VosgesInfo88","twitter_site":"@VosgesInfo88","twitter_misc":{"\u00c9crit par":"C.K.","Dur\u00e9e de lecture estim\u00e9e":"2 minutes"},"schema":{"@context":"https:\/\/schema.org","@graph":[{"@type":"Article","@id":"https:\/\/vosgesinfo.fr\/laplainedesvosgesinfo\/2024\/08\/de-nouvelles-filieres-sinvitent-dans-vos-decheteries-2\/#article","isPartOf":{"@id":"https:\/\/vosgesinfo.fr\/laplainedesvosgesinfo\/2024\/08\/de-nouvelles-filieres-sinvitent-dans-vos-decheteries-2\/"},"author":{"name":"C.K.","@id":"https:\/\/vosgesinfo.fr\/laplainedesvosgesinfo\/#\/schema\/person\/6f9a650eeea99d969b6c4ab78fccbe81"},"headline":"De nouvelles fili\u00e8res s\u2019invitent dans vos d\u00e9ch\u00e8teries","datePublished":"2024-08-26T05:04:56+00:00","dateModified":"2024-08-26T05:04:56+00:00","mainEntityOfPage":{"@id":"https:\/\/vosgesinfo.fr\/laplainedesvosgesinfo\/2024\/08\/de-nouvelles-filieres-sinvitent-dans-vos-decheteries-2\/"},"wordCount":396,"commentCount":0,"publisher":{"@id":"https:\/\/vosgesinfo.fr\/laplainedesvosgesinfo\/#organization"},"image":{"@id":"https:\/\/vosgesinfo.fr\/laplainedesvosgesinfo\/2024\/08\/de-nouvelles-filieres-sinvitent-dans-vos-decheteries-2\/#primaryimage"},"thumbnailUrl":"https:\/\/vosgesinfo.fr\/app\/uploads\/sites\/2\/2024\/08\/nouvelle-filiere-outillage-du-peintre-1.png","articleSection":["A la Une","Epinal","G\u00e9rardmer","La plaine des vosges","Publireportage","Remiremont","Saint-di\u00e9","Vosges"],"inLanguage":"fr-FR","potentialAction":[{"@type":"CommentAction","name":"Comment","target":["https:\/\/vosgesinfo.fr\/laplainedesvosgesinfo\/2024\/08\/de-nouvelles-filieres-sinvitent-dans-vos-decheteries-2\/#respond"]}]},{"@type":"WebPage","@id":"https:\/\/vosgesinfo.fr\/laplainedesvosgesinfo\/2024\/08\/de-nouvelles-filieres-sinvitent-dans-vos-decheteries-2\/","url":"https:\/\/vosgesinfo.fr\/laplainedesvosgesinfo\/2024\/08\/de-nouvelles-filieres-sinvitent-dans-vos-decheteries-2\/","name":"De nouvelles fili\u00e8res s\u2019invitent dans vos d\u00e9ch\u00e8teries - La Plaine des Vosges","isPartOf":{"@id":"https:\/\/vosgesinfo.fr\/laplainedesvosgesinfo\/#website"},"primaryImageOfPage":{"@id":"https:\/\/vosgesinfo.fr\/laplainedesvosgesinfo\/2024\/08\/de-nouvelles-filieres-sinvitent-dans-vos-decheteries-2\/#primaryimage"},"image":{"@id":"https:\/\/vosgesinfo.fr\/laplainedesvosgesinfo\/2024\/08\/de-nouvelles-filieres-sinvitent-dans-vos-decheteries-2\/#primaryimage"},"thumbnailUrl":"https:\/\/vosgesinfo.fr\/app\/uploads\/sites\/2\/2024\/08\/nouvelle-filiere-outillage-du-peintre-1.png","datePublished":"2024-08-26T05:04:56+00:00","dateModified":"2024-08-26T05:04:56+00:00","breadcrumb":{"@id":"https:\/\/vosgesinfo.fr\/laplainedesvosgesinfo\/2024\/08\/de-nouvelles-filieres-sinvitent-dans-vos-decheteries-2\/#breadcrumb"},"inLanguage":"fr-FR","potentialAction":[{"@type":"ReadAction","target":["https:\/\/vosgesinfo.fr\/laplainedesvosgesinfo\/2024\/08\/de-nouvelles-filieres-sinvitent-dans-vos-decheteries-2\/"]}]},{"@type":"ImageObject","inLanguage":"fr-FR","@id":"https:\/\/vosgesinfo.fr\/laplainedesvosgesinfo\/2024\/08\/de-nouvelles-filieres-sinvitent-dans-vos-decheteries-2\/#primaryimage","url":"https:\/\/vosgesinfo.fr\/app\/uploads\/sites\/2\/2024\/08\/nouvelle-filiere-outillage-du-peintre-1.png","contentUrl":"https:\/\/vosgesinfo.fr\/app\/uploads\/sites\/2\/2024\/08\/nouvelle-filiere-outillage-du-peintre-1.png","width":1080,"height":1080},{"@type":"BreadcrumbList","@id":"https:\/\/vosgesinfo.fr\/laplainedesvosgesinfo\/2024\/08\/de-nouvelles-filieres-sinvitent-dans-vos-decheteries-2\/#breadcrumb","itemListElement":[{"@type":"ListItem","position":1,"name":"Home","item":"https:\/\/vosgesinfo.fr\/laplainedesvosgesinfo\/"},{"@type":"ListItem","position":2,"name":"De nouvelles fili\u00e8res s\u2019invitent dans vos d\u00e9ch\u00e8teries"}]},{"@type":"WebSite","@id":"https:\/\/vosgesinfo.fr\/laplainedesvosgesinfo\/#website","url":"https:\/\/vosgesinfo.fr\/laplainedesvosgesinfo\/","name":"La Plaine des Vosges","description":"Toute l&#039;actualit\u00e9 de la plaine de Vosges","publisher":{"@id":"https:\/\/vosgesinfo.fr\/laplainedesvosgesinfo\/#organization"},"alternateName":"Toute l'actualit\u00e9 de la plaine des Vosges","potentialAction":[{"@type":"SearchAction","target":{"@type":"EntryPoint","urlTemplate":"https:\/\/vosgesinfo.fr\/laplainedesvosgesinfo\/?s={search_term_string}"},"query-input":"required name=search_term_string"}],"inLanguage":"fr-FR"},{"@type":"Organization","@id":"https:\/\/vosgesinfo.fr\/laplainedesvosgesinfo\/#organization","name":"La Plaine des Vosges","url":"https:\/\/vosgesinfo.fr\/laplainedesvosgesinfo\/","logo":{"@type":"ImageObject","inLanguage":"fr-FR","@id":"https:\/\/vosgesinfo.fr\/laplainedesvosgesinfo\/#\/schema\/logo\/image\/","url":"https:\/\/vosgesinfo.fr\/app\/uploads\/sites\/2\/2023\/08\/logo-laplaineinfo.svg","contentUrl":"https:\/\/vosgesinfo.fr\/app\/uploads\/sites\/2\/2023\/08\/logo-laplaineinfo.svg","width":1,"height":1,"caption":"La Plaine des Vosges"},"image":{"@id":"https:\/\/vosgesinfo.fr\/laplainedesvosgesinfo\/#\/schema\/logo\/image\/"},"sameAs":["https:\/\/www.facebook.com\/laplainedesvosges","https:\/\/x.com\/VosgesInfo88","https:\/\/www.youtube.com\/@vosgesinfo"]},{"@type":"Person","@id":"https:\/\/vosgesinfo.fr\/laplainedesvosgesinfo\/#\/schema\/person\/6f9a650eeea99d969b6c4ab78fccbe81","name":"C.K.","image":{"@type":"ImageObject","inLanguage":"fr-FR","@id":"https:\/\/vosgesinfo.fr\/laplainedesvosgesinfo\/#\/schema\/person\/image\/","url":"https:\/\/secure.gravatar.com\/avatar\/48e3fc7f8421ba8942be6b74a2b7f014ca39bc00dece156b7a8e098ae7dc87bf?s=96&d=mm&r=g","contentUrl":"https:\/\/secure.gravatar.com\/avatar\/48e3fc7f8421ba8942be6b74a2b7f014ca39bc00dece156b7a8e098ae7dc87bf?s=96&d=mm&r=g","caption":"C.K."},"url":"https:\/\/vosgesinfo.fr\/laplainedesvosgesinfo\/author\/celia-k-n\/"}]}},"_links":{"self":[{"href":"https:\/\/vosgesinfo.fr\/laplainedesvosgesinfo\/wp-json\/wp\/v2\/posts\/26655","targetHints":{"allow":["GET"]}}],"collection":[{"href":"https:\/\/vosgesinfo.fr\/laplainedesvosgesinfo\/wp-json\/wp\/v2\/posts"}],"about":[{"href":"https:\/\/vosgesinfo.fr\/laplainedesvosgesinfo\/wp-json\/wp\/v2\/types\/post"}],"author":[{"embeddable":true,"href":"https:\/\/vosgesinfo.fr\/laplainedesvosgesinfo\/wp-json\/wp\/v2\/users\/52"}],"replies":[{"embeddable":true,"href":"https:\/\/vosgesinfo.fr\/laplainedesvosgesinfo\/wp-json\/wp\/v2\/comments?post=26655"}],"version-history":[{"count":0,"href":"https:\/\/vosgesinfo.fr\/laplainedesvosgesinfo\/wp-json\/wp\/v2\/posts\/26655\/revisions"}],"wp:featuredmedia":[{"embeddable":true,"href":"https:\/\/vosgesinfo.fr\/laplainedesvosgesinfo\/wp-json\/wp\/v2\/media\/26656"}],"wp:attachment":[{"href":"https:\/\/vosgesinfo.fr\/laplainedesvosgesinfo\/wp-json\/wp\/v2\/media?parent=26655"}],"wp:term":[{"taxonomy":"category","embeddable":true,"href":"https:\/\/vosgesinfo.fr\/laplainedesvosgesinfo\/wp-json\/wp\/v2\/categories?post=26655"},{"taxonomy":"post_tag","embeddable":true,"href":"https:\/\/vosgesinfo.fr\/laplainedesvosgesinfo\/wp-json\/wp\/v2\/tags?post=26655"}],"curies":[{"name":"wp","href":"https:\/\/api.w.org\/{rel}","templated":true}]}}