{"id":26720,"date":"2024-09-08T17:00:47","date_gmt":"2024-09-08T15:00:47","guid":{"rendered":"https:\/\/vosgesinfo.fr\/laplainedesvosgesinfo\/2024\/09\/triathlon-d-o-noah-servais-et-solene-billouin-en-solitaire\/"},"modified":"2024-09-08T17:00:47","modified_gmt":"2024-09-08T15:00:47","slug":"triathlon-d-o-noah-servais-et-solene-billouin-en-solitaire","status":"publish","type":"post","link":"https:\/\/vosgesinfo.fr\/laplainedesvosgesinfo\/2024\/09\/triathlon-d-o-noah-servais-et-solene-billouin-en-solitaire\/","title":{"rendered":"Triathlon D.O : Noah Servais et Sol\u00e8ne Billouin en solitaire"},"content":{"rendered":"<p><iframe loading=\"lazy\" src=\"\/\/www.youtube.com\/embed\/6SGQJzuWYx0\" width=\"560\" height=\"314\" allowfullscreen=\"allowfullscreen\"><\/iframe><\/p>\n<p><a href=\"https:\/\/vosgesinfo.fr\/app\/uploads\/sites\/6\/2024\/09\/podium-homme-triathlon-d.o-de-gerardmer.jpg\"><img decoding=\"async\" class=\"aligncenter size-large wp-image-68528\" src=\"https:\/\/vosgesinfo.fr\/app\/uploads\/sites\/6\/2024\/09\/podium-homme-triathlon-d.o-de-gerardmer-1024x771.jpg\" alt=\"\" width=\"1024\" height=\"771\" \/><\/a><\/p>\n\n<h3>Deux \u00ab\u00a0cavalier seul\u00a0\u00bb pour ce triathlon Distance Olympique de G\u00e9rardmer qui a vu le Belge Noah Servais s&rsquo;imposer pour la deuxi\u00e8me fois de suite sur cette \u00e9preuve.<\/h3>\n<p>&nbsp;<\/p>\n<p><a href=\"https:\/\/vosgesinfo.fr\/app\/uploads\/sites\/6\/2024\/09\/triathlon-gerardmer-velo-montee-rayee-d.o.jpg\"><img decoding=\"async\" class=\"alignright size-medium wp-image-68526\" src=\"https:\/\/vosgesinfo.fr\/app\/uploads\/sites\/6\/2024\/09\/triathlon-gerardmer-velo-montee-rayee-d.o-225x300.jpg\" alt=\"\" width=\"225\" height=\"300\" \/><\/a>Visiblement \u00e0 l&rsquo;aise d\u00e8s sa sortie de l&rsquo;eau, Servais a particuli\u00e8rement bien g\u00e9r\u00e9 sa course en maintenant \u00e0 distance ses poursuivants. Il a notamment r\u00e9sist\u00e9 au retour de l&rsquo;Italien Michele Sarzilla qui a pourtant essay\u00e9 de mettre le paquet pour refaire son retard dans le dernier tour. Mais le Belge en avait encore sous le pied et finit en 2 :04 :37, am\u00e9liorant au passage son chrono de l&rsquo;an dernier de 3 minutes. En troisi\u00e8me position, on retrouve le Fran\u00e7ais Th\u00e9otim Lawson qui devance Amaury Dietrich de quelques secondes.<\/p>\n<p>Chez les dames, promenade de sant\u00e9 pour la Fran\u00e7aise Sol\u00e8ne Billouin du SCO Angers Triathlon qui boucle l&rsquo;\u00e9preuve en 2:23:04 et devance sa dauphine Laura Bontemps de plus de 8 minutes ! Juste derri\u00e8re, Julie Ducarme de Montlu\u00e7on compl\u00e8te le podium de ce D.O qui sera finalement pass\u00e9 entre les gouttes et s&rsquo;annonce d\u00e9j\u00e0 comme une belle r\u00e9ussite !<\/p>\n<p>les chronos : <a href=\"https:\/\/www.acn-timing.com\/?lng=FR#\/events\/2141105621600956\/ctx\/20240907_gerardmer\/generic\/198024_5\/home\/TRIDO5\" target=\"_blank\" rel=\"noopener\">cliquez ici !<\/a><\/p>\n","protected":false},"excerpt":{"rendered":"<p>Deux \u00ab\u00a0cavalier seul\u00a0\u00bb pour ce triathlon Distance Olympique de G\u00e9rardmer qui a vu le Belge Noah Servais s&rsquo;imposer pour la [&hellip;]<\/p>\n","protected":false},"author":42,"featured_media":26721,"comment_status":"open","ping_status":"open","sticky":false,"template":"","format":"standard","meta":{"footnotes":""},"categories":[29,383,294,380,381,384,14,18],"tags":[7297,7298,7296],"class_list":["post-26720","post","type-post","status-publish","format-standard","has-post-thumbnail","hentry","category-a-la-une","category-epinal","category-gerardmer","category-la-plaine-des-vosges","category-remiremont","category-saint-die","category-sport","category-vosges","tag-noah-servais","tag-solene-billouin","tag-triathlon-de-gerardmer-distance-olympique"],"acf":[],"yoast_head":"<!-- This site is optimized with the Yoast SEO plugin v22.5 - https:\/\/yoast.com\/wordpress\/plugins\/seo\/ -->\n<title>Triathlon D.O : Noah Servais et Sol\u00e8ne Billouin en solitaire - La Plaine des Vosges<\/title>\n<meta name=\"robots\" content=\"index, follow, max-snippet:-1, max-image-preview:large, max-video-preview:-1\" \/>\n<link rel=\"canonical\" href=\"https:\/\/vosgesinfo.fr\/laplainedesvosgesinfo\/2024\/09\/triathlon-d-o-noah-servais-et-solene-billouin-en-solitaire\/\" \/>\n<meta name=\"twitter:card\" content=\"summary_large_image\" \/>\n<meta name=\"twitter:title\" content=\"Triathlon D.O : Noah Servais et Sol\u00e8ne Billouin en solitaire - La Plaine des Vosges\" \/>\n<meta name=\"twitter:description\" content=\"Deux \u00ab\u00a0cavalier seul\u00a0\u00bb pour ce triathlon Distance Olympique de G\u00e9rardmer qui a vu le Belge Noah Servais s&rsquo;imposer pour la [&hellip;]\" \/>\n<meta name=\"twitter:image\" content=\"https:\/\/vosgesinfo.fr\/app\/uploads\/sites\/2\/2024\/09\/solene-billouin-triathlon-de-gerardmer.jpg\" \/>\n<meta name=\"twitter:creator\" content=\"@VosgesInfo88\" \/>\n<meta name=\"twitter:site\" content=\"@VosgesInfo88\" \/>\n<meta name=\"twitter:label1\" content=\"\u00c9crit par\" \/>\n\t<meta name=\"twitter:data1\" content=\"QG\" \/>\n\t<meta name=\"twitter:label2\" content=\"Dur\u00e9e de lecture estim\u00e9e\" \/>\n\t<meta name=\"twitter:data2\" content=\"1 minute\" \/>\n<script type=\"application\/ld+json\" class=\"yoast-schema-graph\">{\"@context\":\"https:\/\/schema.org\",\"@graph\":[{\"@type\":\"Article\",\"@id\":\"https:\/\/vosgesinfo.fr\/laplainedesvosgesinfo\/2024\/09\/triathlon-d-o-noah-servais-et-solene-billouin-en-solitaire\/#article\",\"isPartOf\":{\"@id\":\"https:\/\/vosgesinfo.fr\/laplainedesvosgesinfo\/2024\/09\/triathlon-d-o-noah-servais-et-solene-billouin-en-solitaire\/\"},\"author\":{\"name\":\"QG\",\"@id\":\"https:\/\/vosgesinfo.fr\/laplainedesvosgesinfo\/#\/schema\/person\/db5605779a843dad16b5368f3e7613a5\"},\"headline\":\"Triathlon D.O : Noah Servais et Sol\u00e8ne Billouin en solitaire\",\"datePublished\":\"2024-09-08T15:00:47+00:00\",\"dateModified\":\"2024-09-08T15:00:47+00:00\",\"mainEntityOfPage\":{\"@id\":\"https:\/\/vosgesinfo.fr\/laplainedesvosgesinfo\/2024\/09\/triathlon-d-o-noah-servais-et-solene-billouin-en-solitaire\/\"},\"wordCount\":213,\"commentCount\":0,\"publisher\":{\"@id\":\"https:\/\/vosgesinfo.fr\/laplainedesvosgesinfo\/#organization\"},\"image\":{\"@id\":\"https:\/\/vosgesinfo.fr\/laplainedesvosgesinfo\/2024\/09\/triathlon-d-o-noah-servais-et-solene-billouin-en-solitaire\/#primaryimage\"},\"thumbnailUrl\":\"https:\/\/vosgesinfo.fr\/app\/uploads\/sites\/2\/2024\/09\/solene-billouin-triathlon-de-gerardmer.jpg\",\"keywords\":[\"Noah Servais\",\"Sol\u00e8ne Billouin\",\"triathlon de G\u00e9rardmer distance olympique\"],\"articleSection\":[\"A la Une\",\"Epinal\",\"G\u00e9rardmer\",\"La plaine des vosges\",\"Remiremont\",\"Saint-di\u00e9\",\"Sport\",\"Vosges\"],\"inLanguage\":\"fr-FR\",\"potentialAction\":[{\"@type\":\"CommentAction\",\"name\":\"Comment\",\"target\":[\"https:\/\/vosgesinfo.fr\/laplainedesvosgesinfo\/2024\/09\/triathlon-d-o-noah-servais-et-solene-billouin-en-solitaire\/#respond\"]}]},{\"@type\":\"WebPage\",\"@id\":\"https:\/\/vosgesinfo.fr\/laplainedesvosgesinfo\/2024\/09\/triathlon-d-o-noah-servais-et-solene-billouin-en-solitaire\/\",\"url\":\"https:\/\/vosgesinfo.fr\/laplainedesvosgesinfo\/2024\/09\/triathlon-d-o-noah-servais-et-solene-billouin-en-solitaire\/\",\"name\":\"Triathlon D.O : Noah Servais et Sol\u00e8ne Billouin en solitaire - La Plaine des Vosges\",\"isPartOf\":{\"@id\":\"https:\/\/vosgesinfo.fr\/laplainedesvosgesinfo\/#website\"},\"primaryImageOfPage\":{\"@id\":\"https:\/\/vosgesinfo.fr\/laplainedesvosgesinfo\/2024\/09\/triathlon-d-o-noah-servais-et-solene-billouin-en-solitaire\/#primaryimage\"},\"image\":{\"@id\":\"https:\/\/vosgesinfo.fr\/laplainedesvosgesinfo\/2024\/09\/triathlon-d-o-noah-servais-et-solene-billouin-en-solitaire\/#primaryimage\"},\"thumbnailUrl\":\"https:\/\/vosgesinfo.fr\/app\/uploads\/sites\/2\/2024\/09\/solene-billouin-triathlon-de-gerardmer.jpg\",\"datePublished\":\"2024-09-08T15:00:47+00:00\",\"dateModified\":\"2024-09-08T15:00:47+00:00\",\"breadcrumb\":{\"@id\":\"https:\/\/vosgesinfo.fr\/laplainedesvosgesinfo\/2024\/09\/triathlon-d-o-noah-servais-et-solene-billouin-en-solitaire\/#breadcrumb\"},\"inLanguage\":\"fr-FR\",\"potentialAction\":[{\"@type\":\"ReadAction\",\"target\":[\"https:\/\/vosgesinfo.fr\/laplainedesvosgesinfo\/2024\/09\/triathlon-d-o-noah-servais-et-solene-billouin-en-solitaire\/\"]}]},{\"@type\":\"ImageObject\",\"inLanguage\":\"fr-FR\",\"@id\":\"https:\/\/vosgesinfo.fr\/laplainedesvosgesinfo\/2024\/09\/triathlon-d-o-noah-servais-et-solene-billouin-en-solitaire\/#primaryimage\",\"url\":\"https:\/\/vosgesinfo.fr\/app\/uploads\/sites\/2\/2024\/09\/solene-billouin-triathlon-de-gerardmer.jpg\",\"contentUrl\":\"https:\/\/vosgesinfo.fr\/app\/uploads\/sites\/2\/2024\/09\/solene-billouin-triathlon-de-gerardmer.jpg\",\"width\":2040,\"height\":1536},{\"@type\":\"BreadcrumbList\",\"@id\":\"https:\/\/vosgesinfo.fr\/laplainedesvosgesinfo\/2024\/09\/triathlon-d-o-noah-servais-et-solene-billouin-en-solitaire\/#breadcrumb\",\"itemListElement\":[{\"@type\":\"ListItem\",\"position\":1,\"name\":\"Home\",\"item\":\"https:\/\/vosgesinfo.fr\/laplainedesvosgesinfo\/\"},{\"@type\":\"ListItem\",\"position\":2,\"name\":\"Triathlon D.O : Noah Servais et Sol\u00e8ne Billouin en solitaire\"}]},{\"@type\":\"WebSite\",\"@id\":\"https:\/\/vosgesinfo.fr\/laplainedesvosgesinfo\/#website\",\"url\":\"https:\/\/vosgesinfo.fr\/laplainedesvosgesinfo\/\",\"name\":\"La Plaine des Vosges\",\"description\":\"Toute l&#039;actualit\u00e9 de la plaine de Vosges\",\"publisher\":{\"@id\":\"https:\/\/vosgesinfo.fr\/laplainedesvosgesinfo\/#organization\"},\"alternateName\":\"Toute l'actualit\u00e9 de la plaine des Vosges\",\"potentialAction\":[{\"@type\":\"SearchAction\",\"target\":{\"@type\":\"EntryPoint\",\"urlTemplate\":\"https:\/\/vosgesinfo.fr\/laplainedesvosgesinfo\/?s={search_term_string}\"},\"query-input\":\"required name=search_term_string\"}],\"inLanguage\":\"fr-FR\"},{\"@type\":\"Organization\",\"@id\":\"https:\/\/vosgesinfo.fr\/laplainedesvosgesinfo\/#organization\",\"name\":\"La Plaine des Vosges\",\"url\":\"https:\/\/vosgesinfo.fr\/laplainedesvosgesinfo\/\",\"logo\":{\"@type\":\"ImageObject\",\"inLanguage\":\"fr-FR\",\"@id\":\"https:\/\/vosgesinfo.fr\/laplainedesvosgesinfo\/#\/schema\/logo\/image\/\",\"url\":\"https:\/\/vosgesinfo.fr\/app\/uploads\/sites\/2\/2023\/08\/logo-laplaineinfo.svg\",\"contentUrl\":\"https:\/\/vosgesinfo.fr\/app\/uploads\/sites\/2\/2023\/08\/logo-laplaineinfo.svg\",\"width\":1,\"height\":1,\"caption\":\"La Plaine des Vosges\"},\"image\":{\"@id\":\"https:\/\/vosgesinfo.fr\/laplainedesvosgesinfo\/#\/schema\/logo\/image\/\"},\"sameAs\":[\"https:\/\/www.facebook.com\/laplainedesvosges\",\"https:\/\/x.com\/VosgesInfo88\",\"https:\/\/www.youtube.com\/@vosgesinfo\"]},{\"@type\":\"Person\",\"@id\":\"https:\/\/vosgesinfo.fr\/laplainedesvosgesinfo\/#\/schema\/person\/db5605779a843dad16b5368f3e7613a5\",\"name\":\"QG\",\"image\":{\"@type\":\"ImageObject\",\"inLanguage\":\"fr-FR\",\"@id\":\"https:\/\/vosgesinfo.fr\/laplainedesvosgesinfo\/#\/schema\/person\/image\/\",\"url\":\"https:\/\/secure.gravatar.com\/avatar\/ea80c42c204b534408512832fde52504ecabb9706bcb6151cf6175e5b64e6793?s=96&d=mm&r=g\",\"contentUrl\":\"https:\/\/secure.gravatar.com\/avatar\/ea80c42c204b534408512832fde52504ecabb9706bcb6151cf6175e5b64e6793?s=96&d=mm&r=g\",\"caption\":\"QG\"},\"url\":\"https:\/\/vosgesinfo.fr\/laplainedesvosgesinfo\/author\/quentin88\/\"}]}<\/script>\n<!-- \/ Yoast SEO plugin. -->","yoast_head_json":{"title":"Triathlon D.O : Noah Servais et Sol\u00e8ne Billouin en solitaire - La Plaine des Vosges","robots":{"index":"index","follow":"follow","max-snippet":"max-snippet:-1","max-image-preview":"max-image-preview:large","max-video-preview":"max-video-preview:-1"},"canonical":"https:\/\/vosgesinfo.fr\/laplainedesvosgesinfo\/2024\/09\/triathlon-d-o-noah-servais-et-solene-billouin-en-solitaire\/","twitter_card":"summary_large_image","twitter_title":"Triathlon D.O : Noah Servais et Sol\u00e8ne Billouin en solitaire - La Plaine des Vosges","twitter_description":"Deux \u00ab\u00a0cavalier seul\u00a0\u00bb pour ce triathlon Distance Olympique de G\u00e9rardmer qui a vu le Belge Noah Servais s&rsquo;imposer pour la [&hellip;]","twitter_image":"https:\/\/vosgesinfo.fr\/app\/uploads\/sites\/2\/2024\/09\/solene-billouin-triathlon-de-gerardmer.jpg","twitter_creator":"@VosgesInfo88","twitter_site":"@VosgesInfo88","twitter_misc":{"\u00c9crit par":"QG","Dur\u00e9e de lecture estim\u00e9e":"1 minute"},"schema":{"@context":"https:\/\/schema.org","@graph":[{"@type":"Article","@id":"https:\/\/vosgesinfo.fr\/laplainedesvosgesinfo\/2024\/09\/triathlon-d-o-noah-servais-et-solene-billouin-en-solitaire\/#article","isPartOf":{"@id":"https:\/\/vosgesinfo.fr\/laplainedesvosgesinfo\/2024\/09\/triathlon-d-o-noah-servais-et-solene-billouin-en-solitaire\/"},"author":{"name":"QG","@id":"https:\/\/vosgesinfo.fr\/laplainedesvosgesinfo\/#\/schema\/person\/db5605779a843dad16b5368f3e7613a5"},"headline":"Triathlon D.O : Noah Servais et Sol\u00e8ne Billouin en solitaire","datePublished":"2024-09-08T15:00:47+00:00","dateModified":"2024-09-08T15:00:47+00:00","mainEntityOfPage":{"@id":"https:\/\/vosgesinfo.fr\/laplainedesvosgesinfo\/2024\/09\/triathlon-d-o-noah-servais-et-solene-billouin-en-solitaire\/"},"wordCount":213,"commentCount":0,"publisher":{"@id":"https:\/\/vosgesinfo.fr\/laplainedesvosgesinfo\/#organization"},"image":{"@id":"https:\/\/vosgesinfo.fr\/laplainedesvosgesinfo\/2024\/09\/triathlon-d-o-noah-servais-et-solene-billouin-en-solitaire\/#primaryimage"},"thumbnailUrl":"https:\/\/vosgesinfo.fr\/app\/uploads\/sites\/2\/2024\/09\/solene-billouin-triathlon-de-gerardmer.jpg","keywords":["Noah Servais","Sol\u00e8ne Billouin","triathlon de G\u00e9rardmer distance olympique"],"articleSection":["A la Une","Epinal","G\u00e9rardmer","La plaine des vosges","Remiremont","Saint-di\u00e9","Sport","Vosges"],"inLanguage":"fr-FR","potentialAction":[{"@type":"CommentAction","name":"Comment","target":["https:\/\/vosgesinfo.fr\/laplainedesvosgesinfo\/2024\/09\/triathlon-d-o-noah-servais-et-solene-billouin-en-solitaire\/#respond"]}]},{"@type":"WebPage","@id":"https:\/\/vosgesinfo.fr\/laplainedesvosgesinfo\/2024\/09\/triathlon-d-o-noah-servais-et-solene-billouin-en-solitaire\/","url":"https:\/\/vosgesinfo.fr\/laplainedesvosgesinfo\/2024\/09\/triathlon-d-o-noah-servais-et-solene-billouin-en-solitaire\/","name":"Triathlon D.O : Noah Servais et Sol\u00e8ne Billouin en solitaire - La Plaine des Vosges","isPartOf":{"@id":"https:\/\/vosgesinfo.fr\/laplainedesvosgesinfo\/#website"},"primaryImageOfPage":{"@id":"https:\/\/vosgesinfo.fr\/laplainedesvosgesinfo\/2024\/09\/triathlon-d-o-noah-servais-et-solene-billouin-en-solitaire\/#primaryimage"},"image":{"@id":"https:\/\/vosgesinfo.fr\/laplainedesvosgesinfo\/2024\/09\/triathlon-d-o-noah-servais-et-solene-billouin-en-solitaire\/#primaryimage"},"thumbnailUrl":"https:\/\/vosgesinfo.fr\/app\/uploads\/sites\/2\/2024\/09\/solene-billouin-triathlon-de-gerardmer.jpg","datePublished":"2024-09-08T15:00:47+00:00","dateModified":"2024-09-08T15:00:47+00:00","breadcrumb":{"@id":"https:\/\/vosgesinfo.fr\/laplainedesvosgesinfo\/2024\/09\/triathlon-d-o-noah-servais-et-solene-billouin-en-solitaire\/#breadcrumb"},"inLanguage":"fr-FR","potentialAction":[{"@type":"ReadAction","target":["https:\/\/vosgesinfo.fr\/laplainedesvosgesinfo\/2024\/09\/triathlon-d-o-noah-servais-et-solene-billouin-en-solitaire\/"]}]},{"@type":"ImageObject","inLanguage":"fr-FR","@id":"https:\/\/vosgesinfo.fr\/laplainedesvosgesinfo\/2024\/09\/triathlon-d-o-noah-servais-et-solene-billouin-en-solitaire\/#primaryimage","url":"https:\/\/vosgesinfo.fr\/app\/uploads\/sites\/2\/2024\/09\/solene-billouin-triathlon-de-gerardmer.jpg","contentUrl":"https:\/\/vosgesinfo.fr\/app\/uploads\/sites\/2\/2024\/09\/solene-billouin-triathlon-de-gerardmer.jpg","width":2040,"height":1536},{"@type":"BreadcrumbList","@id":"https:\/\/vosgesinfo.fr\/laplainedesvosgesinfo\/2024\/09\/triathlon-d-o-noah-servais-et-solene-billouin-en-solitaire\/#breadcrumb","itemListElement":[{"@type":"ListItem","position":1,"name":"Home","item":"https:\/\/vosgesinfo.fr\/laplainedesvosgesinfo\/"},{"@type":"ListItem","position":2,"name":"Triathlon D.O : Noah Servais et Sol\u00e8ne Billouin en solitaire"}]},{"@type":"WebSite","@id":"https:\/\/vosgesinfo.fr\/laplainedesvosgesinfo\/#website","url":"https:\/\/vosgesinfo.fr\/laplainedesvosgesinfo\/","name":"La Plaine des Vosges","description":"Toute l&#039;actualit\u00e9 de la plaine de Vosges","publisher":{"@id":"https:\/\/vosgesinfo.fr\/laplainedesvosgesinfo\/#organization"},"alternateName":"Toute l'actualit\u00e9 de la plaine des Vosges","potentialAction":[{"@type":"SearchAction","target":{"@type":"EntryPoint","urlTemplate":"https:\/\/vosgesinfo.fr\/laplainedesvosgesinfo\/?s={search_term_string}"},"query-input":"required name=search_term_string"}],"inLanguage":"fr-FR"},{"@type":"Organization","@id":"https:\/\/vosgesinfo.fr\/laplainedesvosgesinfo\/#organization","name":"La Plaine des Vosges","url":"https:\/\/vosgesinfo.fr\/laplainedesvosgesinfo\/","logo":{"@type":"ImageObject","inLanguage":"fr-FR","@id":"https:\/\/vosgesinfo.fr\/laplainedesvosgesinfo\/#\/schema\/logo\/image\/","url":"https:\/\/vosgesinfo.fr\/app\/uploads\/sites\/2\/2023\/08\/logo-laplaineinfo.svg","contentUrl":"https:\/\/vosgesinfo.fr\/app\/uploads\/sites\/2\/2023\/08\/logo-laplaineinfo.svg","width":1,"height":1,"caption":"La Plaine des Vosges"},"image":{"@id":"https:\/\/vosgesinfo.fr\/laplainedesvosgesinfo\/#\/schema\/logo\/image\/"},"sameAs":["https:\/\/www.facebook.com\/laplainedesvosges","https:\/\/x.com\/VosgesInfo88","https:\/\/www.youtube.com\/@vosgesinfo"]},{"@type":"Person","@id":"https:\/\/vosgesinfo.fr\/laplainedesvosgesinfo\/#\/schema\/person\/db5605779a843dad16b5368f3e7613a5","name":"QG","image":{"@type":"ImageObject","inLanguage":"fr-FR","@id":"https:\/\/vosgesinfo.fr\/laplainedesvosgesinfo\/#\/schema\/person\/image\/","url":"https:\/\/secure.gravatar.com\/avatar\/ea80c42c204b534408512832fde52504ecabb9706bcb6151cf6175e5b64e6793?s=96&d=mm&r=g","contentUrl":"https:\/\/secure.gravatar.com\/avatar\/ea80c42c204b534408512832fde52504ecabb9706bcb6151cf6175e5b64e6793?s=96&d=mm&r=g","caption":"QG"},"url":"https:\/\/vosgesinfo.fr\/laplainedesvosgesinfo\/author\/quentin88\/"}]}},"_links":{"self":[{"href":"https:\/\/vosgesinfo.fr\/laplainedesvosgesinfo\/wp-json\/wp\/v2\/posts\/26720","targetHints":{"allow":["GET"]}}],"collection":[{"href":"https:\/\/vosgesinfo.fr\/laplainedesvosgesinfo\/wp-json\/wp\/v2\/posts"}],"about":[{"href":"https:\/\/vosgesinfo.fr\/laplainedesvosgesinfo\/wp-json\/wp\/v2\/types\/post"}],"author":[{"embeddable":true,"href":"https:\/\/vosgesinfo.fr\/laplainedesvosgesinfo\/wp-json\/wp\/v2\/users\/42"}],"replies":[{"embeddable":true,"href":"https:\/\/vosgesinfo.fr\/laplainedesvosgesinfo\/wp-json\/wp\/v2\/comments?post=26720"}],"version-history":[{"count":0,"href":"https:\/\/vosgesinfo.fr\/laplainedesvosgesinfo\/wp-json\/wp\/v2\/posts\/26720\/revisions"}],"wp:featuredmedia":[{"embeddable":true,"href":"https:\/\/vosgesinfo.fr\/laplainedesvosgesinfo\/wp-json\/wp\/v2\/media\/26721"}],"wp:attachment":[{"href":"https:\/\/vosgesinfo.fr\/laplainedesvosgesinfo\/wp-json\/wp\/v2\/media?parent=26720"}],"wp:term":[{"taxonomy":"category","embeddable":true,"href":"https:\/\/vosgesinfo.fr\/laplainedesvosgesinfo\/wp-json\/wp\/v2\/categories?post=26720"},{"taxonomy":"post_tag","embeddable":true,"href":"https:\/\/vosgesinfo.fr\/laplainedesvosgesinfo\/wp-json\/wp\/v2\/tags?post=26720"}],"curies":[{"name":"wp","href":"https:\/\/api.w.org\/{rel}","templated":true}]}}