{"id":2677,"date":"2016-02-12T15:21:37","date_gmt":"2016-02-12T14:21:37","guid":{"rendered":"https:\/\/vosgesinfo.fr\/laplainedesvosgesinfo\/2016\/02\/vittel-diner-litteraire-avec-vincent-haegele\/"},"modified":"2016-02-12T15:21:37","modified_gmt":"2016-02-12T14:21:37","slug":"vittel-diner-litteraire-avec-vincent-haegele","status":"publish","type":"post","link":"https:\/\/vosgesinfo.fr\/laplainedesvosgesinfo\/2016\/02\/vittel-diner-litteraire-avec-vincent-haegele\/","title":{"rendered":"Vittel &#8211; D\u00eener Litt\u00e9raire avec Vincent Haegele"},"content":{"rendered":"<p>L&rsquo;Association \u00ab\u00a0Plumes et Saveurs\u00a0\u00bb et l&rsquo;H\u00f4tel-restaurant l&rsquo;Or\u00e9e du Bois vous proposent chaque mois, anim\u00e9s par l&rsquo;\u00e9crivain-conf\u00e9rencier Gilles Laporte, des rendez-vous litt\u00e9raires. Les auteurs invit\u00e9s sont toujours de grande qualit\u00e9. Pour le mois de f\u00e9vrier, le rendez-vous est donn\u00e9 ce samedi 13 f\u00e9vrier.<\/p>\n<p>Ce samedi est invit\u00e9 Vincent Haegele:<\/p>\n<p><em>Ancien \u00e9l\u00e8ve de l\u2019Ecole des Chartes, historien, Vincent Haegele d\u00e9chiffre l\u2019\u00e9criture de Napol\u00e9on, ce qui n\u2019est pas une mince affaire : elle ressemble plus \u00e0 celle d\u2019un m\u00e9decin qu\u2019\u00e0 celle d\u2019un instituteur. La Fondation Napol\u00e9on a eu recours \u00e0 ses comp\u00e9tences en pal\u00e9ographie (\u00e9tude des \u00e9critures anciennes) pour \u00e9plucher la correspondance de l\u2019Empereur. Vincent Haegele, aujourd\u2019hui directeur des biblioth\u00e8ques de Compi\u00e8gne, a ainsi planch\u00e9 sur les lettres \u00e9chang\u00e9es entre Napol\u00e9on 1er et son fr\u00e8re Joseph. Il en a d\u00e9j\u00e0 tir\u00e9 une th\u00e8se et deux livres, l\u2019un qui reprend la correspondance int\u00e9grale des deux hommes, l\u2019autre intitul\u00e9 Napol\u00e9on et Joseph Bonaparte, le pouvoir et l\u2019ambition.<\/em><\/p>\n<p><a href=\"\/2016\/02\/murat.jpg\"><img decoding=\"async\" class=\" wp-image-72601 alignleft\" src=\"\/2016\/02\/murat.jpg\" alt=\"murat\" width=\"207\" height=\"326\" \/><\/a>Vincent Haegele n\u2019en a pas fini avec le Premier Empire, puisqu\u2019il vient de sortir un nouvel ouvrage d\u2019histoire \u00ab\u00a0Murat, la solitude du cavalier\u00a0\u00bb<\/p>\n<p>Cette nouvelle biographie de Joachim Murat, qui se lit comme un roman passionnant, t\u00e9moigne de l\u2019empathie que le chartiste Vincent Haegele confesse avoir \u00e9prouv\u00e9e pour un personnage qui incarne le h\u00e9ros romantique \u00e0 la destin\u00e9e aussi glorieuse qu\u2019\u00e9ph\u00e9m\u00e8re. Pourquoi ce fils de paysan du Quercy a-t-il fini fusill\u00e9 comme un mis\u00e9rable dans une bourgade du sud de l\u2019Italie apr\u00e8s avoir \u00e9t\u00e9 g\u00e9n\u00e9ral, mar\u00e9chal, grand-duc, roi et\u2026 prince de l&rsquo;Empire apr\u00e8s son mariage avec la s\u0153ur de Napol\u00e9on ? Appuy\u00e9 sur une solide documentation, le livre montre les fragilit\u00e9s d\u2019un homme \u00e0 la bravoure proverbiale, plus habile sur les champs de bataille que dans les salons o\u00f9 la diplomatie se doit de briller. Raconter le destin m\u00e9t\u00e9orique de Murat, c\u2019est aussi \u00e9voquer le faste des cours de D\u00fcsseldorf et de Naples, son go\u00fbt des uniformes, la place occup\u00e9e par Caroline Bonaparte dans sa vie, sans omettre l\u2019exercice autoritaire du pouvoir que l\u2019auteur caract\u00e9rise par trois adjectifs : pr\u00e9venant, s\u00e9v\u00e8re et omniscient. Le h\u00e9ros \u00e0 la popularit\u00e9 fragile mais bruyante retrouve taille humaine sous la plume alerte et incisive de l\u2019auteur. Une derni\u00e8re fois avec lui, authentique cavalier du jeu d\u2019\u00e9checs, la France aura tent\u00e9 de s\u2019implanter dans la botte italienne.<\/p>\n<p>Vincent Haegele a tenu \u00ab <em>\u00e0 refaire le portrait de quelqu\u2019un dans toutes ses nuances<\/em> \u00bb, trouver le juste milieu entre l\u2019image de \u00ab<em> bourrin de la politique<\/em> \u00bb qui colle parfois au personnage et celle de \u00ab <em>centaure magnifique<\/em> \u00bb du cavalier qui avait pour devise \u00ab <em>Dieu, la gloire et les dames.<\/em> \u00bb \u00ab<em> Il y a des failles dans cet homme qui \u00e9crivait de la po\u00e9sie, lisait beaucoup, se confiait tr\u00e8s peu<\/em> \u00bb, poursuit l\u2019historien. Il pr\u00e9vient : \u00ab <em>Ce n\u2019est pas une biographie au sens classique du terme.<\/em> \u00bb \u00c0 travers Murat, il aborde le fonctionnement du Premier Empire et des th\u00e8mes \u00ab <em>qui nous parlent encore aujourd\u2019hui<\/em>. \u00bb Et de prendre l\u2019exemple de la religion et de la dette. \u00ab<em> Ils \u00e9taient endett\u00e9s jusqu\u2019au cou \u00e0 l\u2019\u00e9poque<\/em>.\u00bb<\/p>\n<p><strong>Une soir\u00e9e historique et passionnante !<\/strong><\/p>\n","protected":false},"excerpt":{"rendered":"<p>L&rsquo;Association \u00ab\u00a0Plumes et Saveurs\u00a0\u00bb et l&rsquo;H\u00f4tel-restaurant l&rsquo;Or\u00e9e du Bois vous proposent chaque mois, anim\u00e9s par l&rsquo;\u00e9crivain-conf\u00e9rencier Gilles Laporte, des rendez-vous [&hellip;]<\/p>\n","protected":false},"author":1,"featured_media":2678,"comment_status":"open","ping_status":"open","sticky":false,"template":"","format":"standard","meta":{"footnotes":""},"categories":[4,37,271,38],"tags":[],"class_list":["post-2677","post","type-post","status-publish","format-standard","has-post-thumbnail","hentry","category-culture","category-la-plaine","category-litterature","category-vittel-la-plaine"],"acf":[],"yoast_head":"<!-- This site is optimized with the Yoast SEO plugin v22.5 - https:\/\/yoast.com\/wordpress\/plugins\/seo\/ -->\n<title>Vittel - D\u00eener Litt\u00e9raire avec Vincent Haegele - La Plaine des Vosges<\/title>\n<meta name=\"robots\" content=\"index, follow, max-snippet:-1, max-image-preview:large, max-video-preview:-1\" \/>\n<link rel=\"canonical\" href=\"https:\/\/vosgesinfo.fr\/laplainedesvosgesinfo\/2016\/02\/vittel-diner-litteraire-avec-vincent-haegele\/\" \/>\n<meta name=\"twitter:card\" content=\"summary_large_image\" \/>\n<meta name=\"twitter:title\" content=\"Vittel - D\u00eener Litt\u00e9raire avec Vincent Haegele - La Plaine des Vosges\" \/>\n<meta name=\"twitter:description\" content=\"L&rsquo;Association \u00ab\u00a0Plumes et Saveurs\u00a0\u00bb et l&rsquo;H\u00f4tel-restaurant l&rsquo;Or\u00e9e du Bois vous proposent chaque mois, anim\u00e9s par l&rsquo;\u00e9crivain-conf\u00e9rencier Gilles Laporte, des rendez-vous [&hellip;]\" \/>\n<meta name=\"twitter:image\" content=\"https:\/\/vosgesinfo.fr\/app\/uploads\/sites\/2\/2024\/06\/201602murat.jpg\" \/>\n<meta name=\"twitter:creator\" content=\"@VosgesInfo88\" \/>\n<meta name=\"twitter:site\" content=\"@VosgesInfo88\" \/>\n<meta name=\"twitter:label1\" content=\"\u00c9crit par\" \/>\n\t<meta name=\"twitter:data1\" content=\"qs_admin\" \/>\n\t<meta name=\"twitter:label2\" content=\"Dur\u00e9e de lecture estim\u00e9e\" \/>\n\t<meta name=\"twitter:data2\" content=\"3 minutes\" \/>\n<script type=\"application\/ld+json\" class=\"yoast-schema-graph\">{\"@context\":\"https:\/\/schema.org\",\"@graph\":[{\"@type\":\"Article\",\"@id\":\"https:\/\/vosgesinfo.fr\/laplainedesvosgesinfo\/2016\/02\/vittel-diner-litteraire-avec-vincent-haegele\/#article\",\"isPartOf\":{\"@id\":\"https:\/\/vosgesinfo.fr\/laplainedesvosgesinfo\/2016\/02\/vittel-diner-litteraire-avec-vincent-haegele\/\"},\"author\":{\"name\":\"qs_admin\",\"@id\":\"https:\/\/vosgesinfo.fr\/laplainedesvosgesinfo\/#\/schema\/person\/bc5d02d71e6932e81b6dadb7386667b1\"},\"headline\":\"Vittel &#8211; D\u00eener Litt\u00e9raire avec Vincent Haegele\",\"datePublished\":\"2016-02-12T14:21:37+00:00\",\"dateModified\":\"2016-02-12T14:21:37+00:00\",\"mainEntityOfPage\":{\"@id\":\"https:\/\/vosgesinfo.fr\/laplainedesvosgesinfo\/2016\/02\/vittel-diner-litteraire-avec-vincent-haegele\/\"},\"wordCount\":584,\"commentCount\":0,\"publisher\":{\"@id\":\"https:\/\/vosgesinfo.fr\/laplainedesvosgesinfo\/#organization\"},\"image\":{\"@id\":\"https:\/\/vosgesinfo.fr\/laplainedesvosgesinfo\/2016\/02\/vittel-diner-litteraire-avec-vincent-haegele\/#primaryimage\"},\"thumbnailUrl\":\"https:\/\/vosgesinfo.fr\/app\/uploads\/sites\/2\/2024\/06\/201602murat.jpg\",\"articleSection\":[\"Culture\",\"La Plaine\",\"Litt\u00e9rature\",\"Vittel\"],\"inLanguage\":\"fr-FR\",\"potentialAction\":[{\"@type\":\"CommentAction\",\"name\":\"Comment\",\"target\":[\"https:\/\/vosgesinfo.fr\/laplainedesvosgesinfo\/2016\/02\/vittel-diner-litteraire-avec-vincent-haegele\/#respond\"]}]},{\"@type\":\"WebPage\",\"@id\":\"https:\/\/vosgesinfo.fr\/laplainedesvosgesinfo\/2016\/02\/vittel-diner-litteraire-avec-vincent-haegele\/\",\"url\":\"https:\/\/vosgesinfo.fr\/laplainedesvosgesinfo\/2016\/02\/vittel-diner-litteraire-avec-vincent-haegele\/\",\"name\":\"Vittel - D\u00eener Litt\u00e9raire avec Vincent Haegele - La Plaine des Vosges\",\"isPartOf\":{\"@id\":\"https:\/\/vosgesinfo.fr\/laplainedesvosgesinfo\/#website\"},\"primaryImageOfPage\":{\"@id\":\"https:\/\/vosgesinfo.fr\/laplainedesvosgesinfo\/2016\/02\/vittel-diner-litteraire-avec-vincent-haegele\/#primaryimage\"},\"image\":{\"@id\":\"https:\/\/vosgesinfo.fr\/laplainedesvosgesinfo\/2016\/02\/vittel-diner-litteraire-avec-vincent-haegele\/#primaryimage\"},\"thumbnailUrl\":\"https:\/\/vosgesinfo.fr\/app\/uploads\/sites\/2\/2024\/06\/201602murat.jpg\",\"datePublished\":\"2016-02-12T14:21:37+00:00\",\"dateModified\":\"2016-02-12T14:21:37+00:00\",\"breadcrumb\":{\"@id\":\"https:\/\/vosgesinfo.fr\/laplainedesvosgesinfo\/2016\/02\/vittel-diner-litteraire-avec-vincent-haegele\/#breadcrumb\"},\"inLanguage\":\"fr-FR\",\"potentialAction\":[{\"@type\":\"ReadAction\",\"target\":[\"https:\/\/vosgesinfo.fr\/laplainedesvosgesinfo\/2016\/02\/vittel-diner-litteraire-avec-vincent-haegele\/\"]}]},{\"@type\":\"ImageObject\",\"inLanguage\":\"fr-FR\",\"@id\":\"https:\/\/vosgesinfo.fr\/laplainedesvosgesinfo\/2016\/02\/vittel-diner-litteraire-avec-vincent-haegele\/#primaryimage\",\"url\":\"https:\/\/vosgesinfo.fr\/app\/uploads\/sites\/2\/2024\/06\/201602murat.jpg\",\"contentUrl\":\"https:\/\/vosgesinfo.fr\/app\/uploads\/sites\/2\/2024\/06\/201602murat.jpg\",\"width\":317,\"height\":499},{\"@type\":\"BreadcrumbList\",\"@id\":\"https:\/\/vosgesinfo.fr\/laplainedesvosgesinfo\/2016\/02\/vittel-diner-litteraire-avec-vincent-haegele\/#breadcrumb\",\"itemListElement\":[{\"@type\":\"ListItem\",\"position\":1,\"name\":\"Home\",\"item\":\"https:\/\/vosgesinfo.fr\/laplainedesvosgesinfo\/\"},{\"@type\":\"ListItem\",\"position\":2,\"name\":\"Vittel &#8211; D\u00eener Litt\u00e9raire avec Vincent Haegele\"}]},{\"@type\":\"WebSite\",\"@id\":\"https:\/\/vosgesinfo.fr\/laplainedesvosgesinfo\/#website\",\"url\":\"https:\/\/vosgesinfo.fr\/laplainedesvosgesinfo\/\",\"name\":\"La Plaine des Vosges\",\"description\":\"Toute l&#039;actualit\u00e9 de la plaine de Vosges\",\"publisher\":{\"@id\":\"https:\/\/vosgesinfo.fr\/laplainedesvosgesinfo\/#organization\"},\"alternateName\":\"Toute l'actualit\u00e9 de la plaine des Vosges\",\"potentialAction\":[{\"@type\":\"SearchAction\",\"target\":{\"@type\":\"EntryPoint\",\"urlTemplate\":\"https:\/\/vosgesinfo.fr\/laplainedesvosgesinfo\/?s={search_term_string}\"},\"query-input\":\"required name=search_term_string\"}],\"inLanguage\":\"fr-FR\"},{\"@type\":\"Organization\",\"@id\":\"https:\/\/vosgesinfo.fr\/laplainedesvosgesinfo\/#organization\",\"name\":\"La Plaine des Vosges\",\"url\":\"https:\/\/vosgesinfo.fr\/laplainedesvosgesinfo\/\",\"logo\":{\"@type\":\"ImageObject\",\"inLanguage\":\"fr-FR\",\"@id\":\"https:\/\/vosgesinfo.fr\/laplainedesvosgesinfo\/#\/schema\/logo\/image\/\",\"url\":\"https:\/\/vosgesinfo.fr\/app\/uploads\/sites\/2\/2023\/08\/logo-laplaineinfo.svg\",\"contentUrl\":\"https:\/\/vosgesinfo.fr\/app\/uploads\/sites\/2\/2023\/08\/logo-laplaineinfo.svg\",\"width\":1,\"height\":1,\"caption\":\"La Plaine des Vosges\"},\"image\":{\"@id\":\"https:\/\/vosgesinfo.fr\/laplainedesvosgesinfo\/#\/schema\/logo\/image\/\"},\"sameAs\":[\"https:\/\/www.facebook.com\/laplainedesvosges\",\"https:\/\/x.com\/VosgesInfo88\",\"https:\/\/www.youtube.com\/@vosgesinfo\"]},{\"@type\":\"Person\",\"@id\":\"https:\/\/vosgesinfo.fr\/laplainedesvosgesinfo\/#\/schema\/person\/bc5d02d71e6932e81b6dadb7386667b1\",\"name\":\"qs_admin\",\"image\":{\"@type\":\"ImageObject\",\"inLanguage\":\"fr-FR\",\"@id\":\"https:\/\/vosgesinfo.fr\/laplainedesvosgesinfo\/#\/schema\/person\/image\/\",\"url\":\"https:\/\/secure.gravatar.com\/avatar\/94b18ee0ed79e4a42ea2f2931277b6841a8999fc6fde214600c78057cf1fe1de?s=96&d=mm&r=g\",\"contentUrl\":\"https:\/\/secure.gravatar.com\/avatar\/94b18ee0ed79e4a42ea2f2931277b6841a8999fc6fde214600c78057cf1fe1de?s=96&d=mm&r=g\",\"caption\":\"qs_admin\"},\"sameAs\":[\"https:\/\/vosgesinfo.fr\/wp\"],\"url\":\"https:\/\/vosgesinfo.fr\/laplainedesvosgesinfo\/author\/qs_admin\/\"}]}<\/script>\n<!-- \/ Yoast SEO plugin. -->","yoast_head_json":{"title":"Vittel - D\u00eener Litt\u00e9raire avec Vincent Haegele - La Plaine des Vosges","robots":{"index":"index","follow":"follow","max-snippet":"max-snippet:-1","max-image-preview":"max-image-preview:large","max-video-preview":"max-video-preview:-1"},"canonical":"https:\/\/vosgesinfo.fr\/laplainedesvosgesinfo\/2016\/02\/vittel-diner-litteraire-avec-vincent-haegele\/","twitter_card":"summary_large_image","twitter_title":"Vittel - D\u00eener Litt\u00e9raire avec Vincent Haegele - La Plaine des Vosges","twitter_description":"L&rsquo;Association \u00ab\u00a0Plumes et Saveurs\u00a0\u00bb et l&rsquo;H\u00f4tel-restaurant l&rsquo;Or\u00e9e du Bois vous proposent chaque mois, anim\u00e9s par l&rsquo;\u00e9crivain-conf\u00e9rencier Gilles Laporte, des rendez-vous [&hellip;]","twitter_image":"https:\/\/vosgesinfo.fr\/app\/uploads\/sites\/2\/2024\/06\/201602murat.jpg","twitter_creator":"@VosgesInfo88","twitter_site":"@VosgesInfo88","twitter_misc":{"\u00c9crit par":"qs_admin","Dur\u00e9e de lecture estim\u00e9e":"3 minutes"},"schema":{"@context":"https:\/\/schema.org","@graph":[{"@type":"Article","@id":"https:\/\/vosgesinfo.fr\/laplainedesvosgesinfo\/2016\/02\/vittel-diner-litteraire-avec-vincent-haegele\/#article","isPartOf":{"@id":"https:\/\/vosgesinfo.fr\/laplainedesvosgesinfo\/2016\/02\/vittel-diner-litteraire-avec-vincent-haegele\/"},"author":{"name":"qs_admin","@id":"https:\/\/vosgesinfo.fr\/laplainedesvosgesinfo\/#\/schema\/person\/bc5d02d71e6932e81b6dadb7386667b1"},"headline":"Vittel &#8211; D\u00eener Litt\u00e9raire avec Vincent Haegele","datePublished":"2016-02-12T14:21:37+00:00","dateModified":"2016-02-12T14:21:37+00:00","mainEntityOfPage":{"@id":"https:\/\/vosgesinfo.fr\/laplainedesvosgesinfo\/2016\/02\/vittel-diner-litteraire-avec-vincent-haegele\/"},"wordCount":584,"commentCount":0,"publisher":{"@id":"https:\/\/vosgesinfo.fr\/laplainedesvosgesinfo\/#organization"},"image":{"@id":"https:\/\/vosgesinfo.fr\/laplainedesvosgesinfo\/2016\/02\/vittel-diner-litteraire-avec-vincent-haegele\/#primaryimage"},"thumbnailUrl":"https:\/\/vosgesinfo.fr\/app\/uploads\/sites\/2\/2024\/06\/201602murat.jpg","articleSection":["Culture","La Plaine","Litt\u00e9rature","Vittel"],"inLanguage":"fr-FR","potentialAction":[{"@type":"CommentAction","name":"Comment","target":["https:\/\/vosgesinfo.fr\/laplainedesvosgesinfo\/2016\/02\/vittel-diner-litteraire-avec-vincent-haegele\/#respond"]}]},{"@type":"WebPage","@id":"https:\/\/vosgesinfo.fr\/laplainedesvosgesinfo\/2016\/02\/vittel-diner-litteraire-avec-vincent-haegele\/","url":"https:\/\/vosgesinfo.fr\/laplainedesvosgesinfo\/2016\/02\/vittel-diner-litteraire-avec-vincent-haegele\/","name":"Vittel - D\u00eener Litt\u00e9raire avec Vincent Haegele - La Plaine des Vosges","isPartOf":{"@id":"https:\/\/vosgesinfo.fr\/laplainedesvosgesinfo\/#website"},"primaryImageOfPage":{"@id":"https:\/\/vosgesinfo.fr\/laplainedesvosgesinfo\/2016\/02\/vittel-diner-litteraire-avec-vincent-haegele\/#primaryimage"},"image":{"@id":"https:\/\/vosgesinfo.fr\/laplainedesvosgesinfo\/2016\/02\/vittel-diner-litteraire-avec-vincent-haegele\/#primaryimage"},"thumbnailUrl":"https:\/\/vosgesinfo.fr\/app\/uploads\/sites\/2\/2024\/06\/201602murat.jpg","datePublished":"2016-02-12T14:21:37+00:00","dateModified":"2016-02-12T14:21:37+00:00","breadcrumb":{"@id":"https:\/\/vosgesinfo.fr\/laplainedesvosgesinfo\/2016\/02\/vittel-diner-litteraire-avec-vincent-haegele\/#breadcrumb"},"inLanguage":"fr-FR","potentialAction":[{"@type":"ReadAction","target":["https:\/\/vosgesinfo.fr\/laplainedesvosgesinfo\/2016\/02\/vittel-diner-litteraire-avec-vincent-haegele\/"]}]},{"@type":"ImageObject","inLanguage":"fr-FR","@id":"https:\/\/vosgesinfo.fr\/laplainedesvosgesinfo\/2016\/02\/vittel-diner-litteraire-avec-vincent-haegele\/#primaryimage","url":"https:\/\/vosgesinfo.fr\/app\/uploads\/sites\/2\/2024\/06\/201602murat.jpg","contentUrl":"https:\/\/vosgesinfo.fr\/app\/uploads\/sites\/2\/2024\/06\/201602murat.jpg","width":317,"height":499},{"@type":"BreadcrumbList","@id":"https:\/\/vosgesinfo.fr\/laplainedesvosgesinfo\/2016\/02\/vittel-diner-litteraire-avec-vincent-haegele\/#breadcrumb","itemListElement":[{"@type":"ListItem","position":1,"name":"Home","item":"https:\/\/vosgesinfo.fr\/laplainedesvosgesinfo\/"},{"@type":"ListItem","position":2,"name":"Vittel &#8211; D\u00eener Litt\u00e9raire avec Vincent Haegele"}]},{"@type":"WebSite","@id":"https:\/\/vosgesinfo.fr\/laplainedesvosgesinfo\/#website","url":"https:\/\/vosgesinfo.fr\/laplainedesvosgesinfo\/","name":"La Plaine des Vosges","description":"Toute l&#039;actualit\u00e9 de la plaine de Vosges","publisher":{"@id":"https:\/\/vosgesinfo.fr\/laplainedesvosgesinfo\/#organization"},"alternateName":"Toute l'actualit\u00e9 de la plaine des Vosges","potentialAction":[{"@type":"SearchAction","target":{"@type":"EntryPoint","urlTemplate":"https:\/\/vosgesinfo.fr\/laplainedesvosgesinfo\/?s={search_term_string}"},"query-input":"required name=search_term_string"}],"inLanguage":"fr-FR"},{"@type":"Organization","@id":"https:\/\/vosgesinfo.fr\/laplainedesvosgesinfo\/#organization","name":"La Plaine des Vosges","url":"https:\/\/vosgesinfo.fr\/laplainedesvosgesinfo\/","logo":{"@type":"ImageObject","inLanguage":"fr-FR","@id":"https:\/\/vosgesinfo.fr\/laplainedesvosgesinfo\/#\/schema\/logo\/image\/","url":"https:\/\/vosgesinfo.fr\/app\/uploads\/sites\/2\/2023\/08\/logo-laplaineinfo.svg","contentUrl":"https:\/\/vosgesinfo.fr\/app\/uploads\/sites\/2\/2023\/08\/logo-laplaineinfo.svg","width":1,"height":1,"caption":"La Plaine des Vosges"},"image":{"@id":"https:\/\/vosgesinfo.fr\/laplainedesvosgesinfo\/#\/schema\/logo\/image\/"},"sameAs":["https:\/\/www.facebook.com\/laplainedesvosges","https:\/\/x.com\/VosgesInfo88","https:\/\/www.youtube.com\/@vosgesinfo"]},{"@type":"Person","@id":"https:\/\/vosgesinfo.fr\/laplainedesvosgesinfo\/#\/schema\/person\/bc5d02d71e6932e81b6dadb7386667b1","name":"qs_admin","image":{"@type":"ImageObject","inLanguage":"fr-FR","@id":"https:\/\/vosgesinfo.fr\/laplainedesvosgesinfo\/#\/schema\/person\/image\/","url":"https:\/\/secure.gravatar.com\/avatar\/94b18ee0ed79e4a42ea2f2931277b6841a8999fc6fde214600c78057cf1fe1de?s=96&d=mm&r=g","contentUrl":"https:\/\/secure.gravatar.com\/avatar\/94b18ee0ed79e4a42ea2f2931277b6841a8999fc6fde214600c78057cf1fe1de?s=96&d=mm&r=g","caption":"qs_admin"},"sameAs":["https:\/\/vosgesinfo.fr\/wp"],"url":"https:\/\/vosgesinfo.fr\/laplainedesvosgesinfo\/author\/qs_admin\/"}]}},"_links":{"self":[{"href":"https:\/\/vosgesinfo.fr\/laplainedesvosgesinfo\/wp-json\/wp\/v2\/posts\/2677","targetHints":{"allow":["GET"]}}],"collection":[{"href":"https:\/\/vosgesinfo.fr\/laplainedesvosgesinfo\/wp-json\/wp\/v2\/posts"}],"about":[{"href":"https:\/\/vosgesinfo.fr\/laplainedesvosgesinfo\/wp-json\/wp\/v2\/types\/post"}],"author":[{"embeddable":true,"href":"https:\/\/vosgesinfo.fr\/laplainedesvosgesinfo\/wp-json\/wp\/v2\/users\/1"}],"replies":[{"embeddable":true,"href":"https:\/\/vosgesinfo.fr\/laplainedesvosgesinfo\/wp-json\/wp\/v2\/comments?post=2677"}],"version-history":[{"count":0,"href":"https:\/\/vosgesinfo.fr\/laplainedesvosgesinfo\/wp-json\/wp\/v2\/posts\/2677\/revisions"}],"wp:featuredmedia":[{"embeddable":true,"href":"https:\/\/vosgesinfo.fr\/laplainedesvosgesinfo\/wp-json\/wp\/v2\/media\/2678"}],"wp:attachment":[{"href":"https:\/\/vosgesinfo.fr\/laplainedesvosgesinfo\/wp-json\/wp\/v2\/media?parent=2677"}],"wp:term":[{"taxonomy":"category","embeddable":true,"href":"https:\/\/vosgesinfo.fr\/laplainedesvosgesinfo\/wp-json\/wp\/v2\/categories?post=2677"},{"taxonomy":"post_tag","embeddable":true,"href":"https:\/\/vosgesinfo.fr\/laplainedesvosgesinfo\/wp-json\/wp\/v2\/tags?post=2677"}],"curies":[{"name":"wp","href":"https:\/\/api.w.org\/{rel}","templated":true}]}}