{"id":27047,"date":"2024-10-21T10:40:40","date_gmt":"2024-10-21T08:40:40","guid":{"rendered":"https:\/\/vosgesinfo.fr\/laplainedesvosgesinfo\/2024\/10\/la-compagnie-pericard-a-allume-le-feu-au-palais-des-congres-de-remiremont-video\/"},"modified":"2024-10-21T10:40:40","modified_gmt":"2024-10-21T08:40:40","slug":"la-compagnie-pericard-a-allume-le-feu-au-palais-des-congres-de-remiremont-video","status":"publish","type":"post","link":"https:\/\/vosgesinfo.fr\/laplainedesvosgesinfo\/2024\/10\/la-compagnie-pericard-a-allume-le-feu-au-palais-des-congres-de-remiremont-video\/","title":{"rendered":"La Compagnie Pericard a allum\u00e9 le feu au Palais des Congr\u00e8s de Remiremont (vid\u00e9o)"},"content":{"rendered":"<div class=\"page\" title=\"Page 1\">\n<div class=\"layoutArea\">\n<div class=\"column\">\n<div class=\"page\" title=\"Page 1\">\n<div class=\"layoutArea\">\n<div class=\"column\">\n<div class=\"page\" title=\"Page 1\">\n<div class=\"layoutArea\">\n<div class=\"column\">\n<div class=\"page\" title=\"Page 1\">\n<div class=\"layoutArea\">\n<div class=\"column\">\n<div class=\"page\" title=\"Page 1\">\n<div class=\"layoutArea\">\n<div class=\"column\">\n<div class=\"page\" title=\"Page 1\">\n<div class=\"layoutArea\">\n<div class=\"column\">\n<p><a href=\"https:\/\/vosgesinfo.fr\/app\/uploads\/sites\/5\/2024\/10\/concert-johnny-remiremont006-scaled.jpg\"><img decoding=\"async\" class=\"aligncenter size-full wp-image-74602\" src=\"https:\/\/vosgesinfo.fr\/app\/uploads\/sites\/5\/2024\/10\/concert-johnny-remiremont006-scaled.jpg\" alt=\"\" width=\"2560\" height=\"1440\" \/><\/a><\/p>\n<p><strong>Le concert Tribute Johnny Hallyday a r\u00e9serv\u00e9 de belles surprises ce dimanche 20 octobre au Palais des Congr\u00e8s de Remiremont. Entre guitare et moto de Johnny, mais aussi show exceptionnel avec des changements de tenues et la pr\u00e9sence du sosie de Johnny, le public est sorti le sourire aux l\u00e8vres du concert. L&rsquo;\u00e9v\u00e8nement, organis\u00e9 par le Rotary Club de Remiremont et soutenu par Alain Lazzarini qui a fait venir \u00e0 plusieurs reprises L&rsquo;Idole des Jeunes dans la cit\u00e9 des chanoinesses, a mis en sc\u00e8ne une quinzaine d&rsquo;artistes de la Compagnie Pericard : musiciens, chanteurs et danseurs. Les b\u00e9n\u00e9fices de l&rsquo;\u00e9v\u00e8nement visent \u00e0 soutenir la recherche contre les cancers p\u00e9diatriques. Pour cl\u00f4turer le spectacle en <\/strong><strong>beaut\u00e9, une Harley-Davidson a d\u00e9barqu\u00e9 en trombe dans le Palais des Congr\u00e8s \u00e0 la surprise g\u00e9n\u00e9rale. Quant \u00e0 la v\u00e9ritable moto de Johnny Hallyday, elle a \u00e9t\u00e9 l\u2019attraction photographique pendant l\u2019entracte ! Visionnez notre vid\u00e9o pour revivre les moments forts du concert :\u00a0<\/strong><\/p>\n<p><iframe loading=\"lazy\" title=\"Le concert Johnny Hallyday a allum\u00e9 le feu \u00e0 Remiremont\" width=\"500\" height=\"281\" src=\"https:\/\/www.youtube.com\/embed\/kqOHERPq5ps?feature=oembed\" frameborder=\"0\" allow=\"accelerometer; autoplay; clipboard-write; encrypted-media; gyroscope; picture-in-picture; web-share\" referrerpolicy=\"strict-origin-when-cross-origin\" allowfullscreen><\/iframe><\/p>\n\n<\/div>\n<\/div>\n<\/div>\n<\/div>\n<\/div>\n<\/div>\n<\/div>\n<\/div>\n<\/div>\n<\/div>\n<\/div>\n<\/div>\n<\/div>\n<\/div>\n<\/div>\n<\/div>\n<\/div>\n<\/div>\n","protected":false},"excerpt":{"rendered":"<p>Le concert Tribute Johnny Hallyday a r\u00e9serv\u00e9 de belles surprises ce dimanche 20 octobre au Palais des Congr\u00e8s de Remiremont. [&hellip;]<\/p>\n","protected":false},"author":418,"featured_media":27048,"comment_status":"open","ping_status":"open","sticky":false,"template":"","format":"standard","meta":{"footnotes":""},"categories":[29,42,383,294,380,381,384],"tags":[7318,7429,7371,7320],"class_list":["post-27047","post","type-post","status-publish","format-standard","has-post-thumbnail","hentry","category-a-la-une","category-concert","category-epinal","category-gerardmer","category-la-plaine-des-vosges","category-remiremont","category-saint-die","tag-alain-lazzarini","tag-compagnie-patrice-pericard","tag-concert-tribute-johnny-hallyday","tag-rotary-club"],"acf":[],"yoast_head":"<!-- This site is optimized with the Yoast SEO plugin v22.5 - https:\/\/yoast.com\/wordpress\/plugins\/seo\/ -->\n<title>La Compagnie Pericard a allum\u00e9 le feu au Palais des Congr\u00e8s de Remiremont (vid\u00e9o) - La Plaine des Vosges<\/title>\n<meta name=\"robots\" content=\"index, follow, max-snippet:-1, max-image-preview:large, max-video-preview:-1\" \/>\n<link rel=\"canonical\" href=\"https:\/\/vosgesinfo.fr\/laplainedesvosgesinfo\/2024\/10\/la-compagnie-pericard-a-allume-le-feu-au-palais-des-congres-de-remiremont-video\/\" \/>\n<meta name=\"twitter:card\" content=\"summary_large_image\" \/>\n<meta name=\"twitter:title\" content=\"La Compagnie Pericard a allum\u00e9 le feu au Palais des Congr\u00e8s de Remiremont (vid\u00e9o) - La Plaine des Vosges\" \/>\n<meta name=\"twitter:description\" content=\"Le concert Tribute Johnny Hallyday a r\u00e9serv\u00e9 de belles surprises ce dimanche 20 octobre au Palais des Congr\u00e8s de Remiremont. [&hellip;]\" \/>\n<meta name=\"twitter:image\" content=\"https:\/\/vosgesinfo.fr\/app\/uploads\/sites\/2\/2024\/10\/concert-johnny-remiremont014-scaled-1.jpg\" \/>\n<meta name=\"twitter:creator\" content=\"@VosgesInfo88\" \/>\n<meta name=\"twitter:site\" content=\"@VosgesInfo88\" \/>\n<meta name=\"twitter:label1\" content=\"\u00c9crit par\" \/>\n\t<meta name=\"twitter:data1\" content=\"C.M\" \/>\n\t<meta name=\"twitter:label2\" content=\"Dur\u00e9e de lecture estim\u00e9e\" \/>\n\t<meta name=\"twitter:data2\" content=\"1 minute\" \/>\n<script type=\"application\/ld+json\" class=\"yoast-schema-graph\">{\"@context\":\"https:\/\/schema.org\",\"@graph\":[{\"@type\":\"Article\",\"@id\":\"https:\/\/vosgesinfo.fr\/laplainedesvosgesinfo\/2024\/10\/la-compagnie-pericard-a-allume-le-feu-au-palais-des-congres-de-remiremont-video\/#article\",\"isPartOf\":{\"@id\":\"https:\/\/vosgesinfo.fr\/laplainedesvosgesinfo\/2024\/10\/la-compagnie-pericard-a-allume-le-feu-au-palais-des-congres-de-remiremont-video\/\"},\"author\":{\"name\":\"C.M\",\"@id\":\"https:\/\/vosgesinfo.fr\/laplainedesvosgesinfo\/#\/schema\/person\/4f38cd3068e342935b7304695c797d08\"},\"headline\":\"La Compagnie Pericard a allum\u00e9 le feu au Palais des Congr\u00e8s de Remiremont (vid\u00e9o)\",\"datePublished\":\"2024-10-21T08:40:40+00:00\",\"dateModified\":\"2024-10-21T08:40:40+00:00\",\"mainEntityOfPage\":{\"@id\":\"https:\/\/vosgesinfo.fr\/laplainedesvosgesinfo\/2024\/10\/la-compagnie-pericard-a-allume-le-feu-au-palais-des-congres-de-remiremont-video\/\"},\"wordCount\":199,\"commentCount\":0,\"publisher\":{\"@id\":\"https:\/\/vosgesinfo.fr\/laplainedesvosgesinfo\/#organization\"},\"image\":{\"@id\":\"https:\/\/vosgesinfo.fr\/laplainedesvosgesinfo\/2024\/10\/la-compagnie-pericard-a-allume-le-feu-au-palais-des-congres-de-remiremont-video\/#primaryimage\"},\"thumbnailUrl\":\"https:\/\/vosgesinfo.fr\/app\/uploads\/sites\/2\/2024\/10\/concert-johnny-remiremont014-scaled-1.jpg\",\"keywords\":[\"Alain Lazzarini\",\"Compagnie Patrice Pericard\",\"Concert Tribute Johnny Hallyday\",\"Rotary Club\"],\"articleSection\":[\"A la Une\",\"Concert\",\"Epinal\",\"G\u00e9rardmer\",\"La plaine des vosges\",\"Remiremont\",\"Saint-di\u00e9\"],\"inLanguage\":\"fr-FR\",\"potentialAction\":[{\"@type\":\"CommentAction\",\"name\":\"Comment\",\"target\":[\"https:\/\/vosgesinfo.fr\/laplainedesvosgesinfo\/2024\/10\/la-compagnie-pericard-a-allume-le-feu-au-palais-des-congres-de-remiremont-video\/#respond\"]}]},{\"@type\":\"WebPage\",\"@id\":\"https:\/\/vosgesinfo.fr\/laplainedesvosgesinfo\/2024\/10\/la-compagnie-pericard-a-allume-le-feu-au-palais-des-congres-de-remiremont-video\/\",\"url\":\"https:\/\/vosgesinfo.fr\/laplainedesvosgesinfo\/2024\/10\/la-compagnie-pericard-a-allume-le-feu-au-palais-des-congres-de-remiremont-video\/\",\"name\":\"La Compagnie Pericard a allum\u00e9 le feu au Palais des Congr\u00e8s de Remiremont (vid\u00e9o) - La Plaine des Vosges\",\"isPartOf\":{\"@id\":\"https:\/\/vosgesinfo.fr\/laplainedesvosgesinfo\/#website\"},\"primaryImageOfPage\":{\"@id\":\"https:\/\/vosgesinfo.fr\/laplainedesvosgesinfo\/2024\/10\/la-compagnie-pericard-a-allume-le-feu-au-palais-des-congres-de-remiremont-video\/#primaryimage\"},\"image\":{\"@id\":\"https:\/\/vosgesinfo.fr\/laplainedesvosgesinfo\/2024\/10\/la-compagnie-pericard-a-allume-le-feu-au-palais-des-congres-de-remiremont-video\/#primaryimage\"},\"thumbnailUrl\":\"https:\/\/vosgesinfo.fr\/app\/uploads\/sites\/2\/2024\/10\/concert-johnny-remiremont014-scaled-1.jpg\",\"datePublished\":\"2024-10-21T08:40:40+00:00\",\"dateModified\":\"2024-10-21T08:40:40+00:00\",\"breadcrumb\":{\"@id\":\"https:\/\/vosgesinfo.fr\/laplainedesvosgesinfo\/2024\/10\/la-compagnie-pericard-a-allume-le-feu-au-palais-des-congres-de-remiremont-video\/#breadcrumb\"},\"inLanguage\":\"fr-FR\",\"potentialAction\":[{\"@type\":\"ReadAction\",\"target\":[\"https:\/\/vosgesinfo.fr\/laplainedesvosgesinfo\/2024\/10\/la-compagnie-pericard-a-allume-le-feu-au-palais-des-congres-de-remiremont-video\/\"]}]},{\"@type\":\"ImageObject\",\"inLanguage\":\"fr-FR\",\"@id\":\"https:\/\/vosgesinfo.fr\/laplainedesvosgesinfo\/2024\/10\/la-compagnie-pericard-a-allume-le-feu-au-palais-des-congres-de-remiremont-video\/#primaryimage\",\"url\":\"https:\/\/vosgesinfo.fr\/app\/uploads\/sites\/2\/2024\/10\/concert-johnny-remiremont014-scaled-1.jpg\",\"contentUrl\":\"https:\/\/vosgesinfo.fr\/app\/uploads\/sites\/2\/2024\/10\/concert-johnny-remiremont014-scaled-1.jpg\",\"width\":2560,\"height\":1440},{\"@type\":\"BreadcrumbList\",\"@id\":\"https:\/\/vosgesinfo.fr\/laplainedesvosgesinfo\/2024\/10\/la-compagnie-pericard-a-allume-le-feu-au-palais-des-congres-de-remiremont-video\/#breadcrumb\",\"itemListElement\":[{\"@type\":\"ListItem\",\"position\":1,\"name\":\"Home\",\"item\":\"https:\/\/vosgesinfo.fr\/laplainedesvosgesinfo\/\"},{\"@type\":\"ListItem\",\"position\":2,\"name\":\"La Compagnie Pericard a allum\u00e9 le feu au Palais des Congr\u00e8s de Remiremont (vid\u00e9o)\"}]},{\"@type\":\"WebSite\",\"@id\":\"https:\/\/vosgesinfo.fr\/laplainedesvosgesinfo\/#website\",\"url\":\"https:\/\/vosgesinfo.fr\/laplainedesvosgesinfo\/\",\"name\":\"La Plaine des Vosges\",\"description\":\"Toute l&#039;actualit\u00e9 de la plaine de Vosges\",\"publisher\":{\"@id\":\"https:\/\/vosgesinfo.fr\/laplainedesvosgesinfo\/#organization\"},\"alternateName\":\"Toute l'actualit\u00e9 de la plaine des Vosges\",\"potentialAction\":[{\"@type\":\"SearchAction\",\"target\":{\"@type\":\"EntryPoint\",\"urlTemplate\":\"https:\/\/vosgesinfo.fr\/laplainedesvosgesinfo\/?s={search_term_string}\"},\"query-input\":\"required name=search_term_string\"}],\"inLanguage\":\"fr-FR\"},{\"@type\":\"Organization\",\"@id\":\"https:\/\/vosgesinfo.fr\/laplainedesvosgesinfo\/#organization\",\"name\":\"La Plaine des Vosges\",\"url\":\"https:\/\/vosgesinfo.fr\/laplainedesvosgesinfo\/\",\"logo\":{\"@type\":\"ImageObject\",\"inLanguage\":\"fr-FR\",\"@id\":\"https:\/\/vosgesinfo.fr\/laplainedesvosgesinfo\/#\/schema\/logo\/image\/\",\"url\":\"https:\/\/vosgesinfo.fr\/app\/uploads\/sites\/2\/2023\/08\/logo-laplaineinfo.svg\",\"contentUrl\":\"https:\/\/vosgesinfo.fr\/app\/uploads\/sites\/2\/2023\/08\/logo-laplaineinfo.svg\",\"width\":1,\"height\":1,\"caption\":\"La Plaine des Vosges\"},\"image\":{\"@id\":\"https:\/\/vosgesinfo.fr\/laplainedesvosgesinfo\/#\/schema\/logo\/image\/\"},\"sameAs\":[\"https:\/\/www.facebook.com\/laplainedesvosges\",\"https:\/\/x.com\/VosgesInfo88\",\"https:\/\/www.youtube.com\/@vosgesinfo\"]},{\"@type\":\"Person\",\"@id\":\"https:\/\/vosgesinfo.fr\/laplainedesvosgesinfo\/#\/schema\/person\/4f38cd3068e342935b7304695c797d08\",\"name\":\"C.M\",\"image\":{\"@type\":\"ImageObject\",\"inLanguage\":\"fr-FR\",\"@id\":\"https:\/\/vosgesinfo.fr\/laplainedesvosgesinfo\/#\/schema\/person\/image\/\",\"url\":\"https:\/\/secure.gravatar.com\/avatar\/fe9daaef0164d920717484172682f3c5c9bcf7d42aa8c7048c76c34f0eb6c8da?s=96&d=mm&r=g\",\"contentUrl\":\"https:\/\/secure.gravatar.com\/avatar\/fe9daaef0164d920717484172682f3c5c9bcf7d42aa8c7048c76c34f0eb6c8da?s=96&d=mm&r=g\",\"caption\":\"C.M\"},\"url\":\"https:\/\/vosgesinfo.fr\/laplainedesvosgesinfo\/author\/cm88200\/\"}]}<\/script>\n<!-- \/ Yoast SEO plugin. -->","yoast_head_json":{"title":"La Compagnie Pericard a allum\u00e9 le feu au Palais des Congr\u00e8s de Remiremont (vid\u00e9o) - La Plaine des Vosges","robots":{"index":"index","follow":"follow","max-snippet":"max-snippet:-1","max-image-preview":"max-image-preview:large","max-video-preview":"max-video-preview:-1"},"canonical":"https:\/\/vosgesinfo.fr\/laplainedesvosgesinfo\/2024\/10\/la-compagnie-pericard-a-allume-le-feu-au-palais-des-congres-de-remiremont-video\/","twitter_card":"summary_large_image","twitter_title":"La Compagnie Pericard a allum\u00e9 le feu au Palais des Congr\u00e8s de Remiremont (vid\u00e9o) - La Plaine des Vosges","twitter_description":"Le concert Tribute Johnny Hallyday a r\u00e9serv\u00e9 de belles surprises ce dimanche 20 octobre au Palais des Congr\u00e8s de Remiremont. [&hellip;]","twitter_image":"https:\/\/vosgesinfo.fr\/app\/uploads\/sites\/2\/2024\/10\/concert-johnny-remiremont014-scaled-1.jpg","twitter_creator":"@VosgesInfo88","twitter_site":"@VosgesInfo88","twitter_misc":{"\u00c9crit par":"C.M","Dur\u00e9e de lecture estim\u00e9e":"1 minute"},"schema":{"@context":"https:\/\/schema.org","@graph":[{"@type":"Article","@id":"https:\/\/vosgesinfo.fr\/laplainedesvosgesinfo\/2024\/10\/la-compagnie-pericard-a-allume-le-feu-au-palais-des-congres-de-remiremont-video\/#article","isPartOf":{"@id":"https:\/\/vosgesinfo.fr\/laplainedesvosgesinfo\/2024\/10\/la-compagnie-pericard-a-allume-le-feu-au-palais-des-congres-de-remiremont-video\/"},"author":{"name":"C.M","@id":"https:\/\/vosgesinfo.fr\/laplainedesvosgesinfo\/#\/schema\/person\/4f38cd3068e342935b7304695c797d08"},"headline":"La Compagnie Pericard a allum\u00e9 le feu au Palais des Congr\u00e8s de Remiremont (vid\u00e9o)","datePublished":"2024-10-21T08:40:40+00:00","dateModified":"2024-10-21T08:40:40+00:00","mainEntityOfPage":{"@id":"https:\/\/vosgesinfo.fr\/laplainedesvosgesinfo\/2024\/10\/la-compagnie-pericard-a-allume-le-feu-au-palais-des-congres-de-remiremont-video\/"},"wordCount":199,"commentCount":0,"publisher":{"@id":"https:\/\/vosgesinfo.fr\/laplainedesvosgesinfo\/#organization"},"image":{"@id":"https:\/\/vosgesinfo.fr\/laplainedesvosgesinfo\/2024\/10\/la-compagnie-pericard-a-allume-le-feu-au-palais-des-congres-de-remiremont-video\/#primaryimage"},"thumbnailUrl":"https:\/\/vosgesinfo.fr\/app\/uploads\/sites\/2\/2024\/10\/concert-johnny-remiremont014-scaled-1.jpg","keywords":["Alain Lazzarini","Compagnie Patrice Pericard","Concert Tribute Johnny Hallyday","Rotary Club"],"articleSection":["A la Une","Concert","Epinal","G\u00e9rardmer","La plaine des vosges","Remiremont","Saint-di\u00e9"],"inLanguage":"fr-FR","potentialAction":[{"@type":"CommentAction","name":"Comment","target":["https:\/\/vosgesinfo.fr\/laplainedesvosgesinfo\/2024\/10\/la-compagnie-pericard-a-allume-le-feu-au-palais-des-congres-de-remiremont-video\/#respond"]}]},{"@type":"WebPage","@id":"https:\/\/vosgesinfo.fr\/laplainedesvosgesinfo\/2024\/10\/la-compagnie-pericard-a-allume-le-feu-au-palais-des-congres-de-remiremont-video\/","url":"https:\/\/vosgesinfo.fr\/laplainedesvosgesinfo\/2024\/10\/la-compagnie-pericard-a-allume-le-feu-au-palais-des-congres-de-remiremont-video\/","name":"La Compagnie Pericard a allum\u00e9 le feu au Palais des Congr\u00e8s de Remiremont (vid\u00e9o) - La Plaine des Vosges","isPartOf":{"@id":"https:\/\/vosgesinfo.fr\/laplainedesvosgesinfo\/#website"},"primaryImageOfPage":{"@id":"https:\/\/vosgesinfo.fr\/laplainedesvosgesinfo\/2024\/10\/la-compagnie-pericard-a-allume-le-feu-au-palais-des-congres-de-remiremont-video\/#primaryimage"},"image":{"@id":"https:\/\/vosgesinfo.fr\/laplainedesvosgesinfo\/2024\/10\/la-compagnie-pericard-a-allume-le-feu-au-palais-des-congres-de-remiremont-video\/#primaryimage"},"thumbnailUrl":"https:\/\/vosgesinfo.fr\/app\/uploads\/sites\/2\/2024\/10\/concert-johnny-remiremont014-scaled-1.jpg","datePublished":"2024-10-21T08:40:40+00:00","dateModified":"2024-10-21T08:40:40+00:00","breadcrumb":{"@id":"https:\/\/vosgesinfo.fr\/laplainedesvosgesinfo\/2024\/10\/la-compagnie-pericard-a-allume-le-feu-au-palais-des-congres-de-remiremont-video\/#breadcrumb"},"inLanguage":"fr-FR","potentialAction":[{"@type":"ReadAction","target":["https:\/\/vosgesinfo.fr\/laplainedesvosgesinfo\/2024\/10\/la-compagnie-pericard-a-allume-le-feu-au-palais-des-congres-de-remiremont-video\/"]}]},{"@type":"ImageObject","inLanguage":"fr-FR","@id":"https:\/\/vosgesinfo.fr\/laplainedesvosgesinfo\/2024\/10\/la-compagnie-pericard-a-allume-le-feu-au-palais-des-congres-de-remiremont-video\/#primaryimage","url":"https:\/\/vosgesinfo.fr\/app\/uploads\/sites\/2\/2024\/10\/concert-johnny-remiremont014-scaled-1.jpg","contentUrl":"https:\/\/vosgesinfo.fr\/app\/uploads\/sites\/2\/2024\/10\/concert-johnny-remiremont014-scaled-1.jpg","width":2560,"height":1440},{"@type":"BreadcrumbList","@id":"https:\/\/vosgesinfo.fr\/laplainedesvosgesinfo\/2024\/10\/la-compagnie-pericard-a-allume-le-feu-au-palais-des-congres-de-remiremont-video\/#breadcrumb","itemListElement":[{"@type":"ListItem","position":1,"name":"Home","item":"https:\/\/vosgesinfo.fr\/laplainedesvosgesinfo\/"},{"@type":"ListItem","position":2,"name":"La Compagnie Pericard a allum\u00e9 le feu au Palais des Congr\u00e8s de Remiremont (vid\u00e9o)"}]},{"@type":"WebSite","@id":"https:\/\/vosgesinfo.fr\/laplainedesvosgesinfo\/#website","url":"https:\/\/vosgesinfo.fr\/laplainedesvosgesinfo\/","name":"La Plaine des Vosges","description":"Toute l&#039;actualit\u00e9 de la plaine de Vosges","publisher":{"@id":"https:\/\/vosgesinfo.fr\/laplainedesvosgesinfo\/#organization"},"alternateName":"Toute l'actualit\u00e9 de la plaine des Vosges","potentialAction":[{"@type":"SearchAction","target":{"@type":"EntryPoint","urlTemplate":"https:\/\/vosgesinfo.fr\/laplainedesvosgesinfo\/?s={search_term_string}"},"query-input":"required name=search_term_string"}],"inLanguage":"fr-FR"},{"@type":"Organization","@id":"https:\/\/vosgesinfo.fr\/laplainedesvosgesinfo\/#organization","name":"La Plaine des Vosges","url":"https:\/\/vosgesinfo.fr\/laplainedesvosgesinfo\/","logo":{"@type":"ImageObject","inLanguage":"fr-FR","@id":"https:\/\/vosgesinfo.fr\/laplainedesvosgesinfo\/#\/schema\/logo\/image\/","url":"https:\/\/vosgesinfo.fr\/app\/uploads\/sites\/2\/2023\/08\/logo-laplaineinfo.svg","contentUrl":"https:\/\/vosgesinfo.fr\/app\/uploads\/sites\/2\/2023\/08\/logo-laplaineinfo.svg","width":1,"height":1,"caption":"La Plaine des Vosges"},"image":{"@id":"https:\/\/vosgesinfo.fr\/laplainedesvosgesinfo\/#\/schema\/logo\/image\/"},"sameAs":["https:\/\/www.facebook.com\/laplainedesvosges","https:\/\/x.com\/VosgesInfo88","https:\/\/www.youtube.com\/@vosgesinfo"]},{"@type":"Person","@id":"https:\/\/vosgesinfo.fr\/laplainedesvosgesinfo\/#\/schema\/person\/4f38cd3068e342935b7304695c797d08","name":"C.M","image":{"@type":"ImageObject","inLanguage":"fr-FR","@id":"https:\/\/vosgesinfo.fr\/laplainedesvosgesinfo\/#\/schema\/person\/image\/","url":"https:\/\/secure.gravatar.com\/avatar\/fe9daaef0164d920717484172682f3c5c9bcf7d42aa8c7048c76c34f0eb6c8da?s=96&d=mm&r=g","contentUrl":"https:\/\/secure.gravatar.com\/avatar\/fe9daaef0164d920717484172682f3c5c9bcf7d42aa8c7048c76c34f0eb6c8da?s=96&d=mm&r=g","caption":"C.M"},"url":"https:\/\/vosgesinfo.fr\/laplainedesvosgesinfo\/author\/cm88200\/"}]}},"_links":{"self":[{"href":"https:\/\/vosgesinfo.fr\/laplainedesvosgesinfo\/wp-json\/wp\/v2\/posts\/27047","targetHints":{"allow":["GET"]}}],"collection":[{"href":"https:\/\/vosgesinfo.fr\/laplainedesvosgesinfo\/wp-json\/wp\/v2\/posts"}],"about":[{"href":"https:\/\/vosgesinfo.fr\/laplainedesvosgesinfo\/wp-json\/wp\/v2\/types\/post"}],"author":[{"embeddable":true,"href":"https:\/\/vosgesinfo.fr\/laplainedesvosgesinfo\/wp-json\/wp\/v2\/users\/418"}],"replies":[{"embeddable":true,"href":"https:\/\/vosgesinfo.fr\/laplainedesvosgesinfo\/wp-json\/wp\/v2\/comments?post=27047"}],"version-history":[{"count":0,"href":"https:\/\/vosgesinfo.fr\/laplainedesvosgesinfo\/wp-json\/wp\/v2\/posts\/27047\/revisions"}],"wp:featuredmedia":[{"embeddable":true,"href":"https:\/\/vosgesinfo.fr\/laplainedesvosgesinfo\/wp-json\/wp\/v2\/media\/27048"}],"wp:attachment":[{"href":"https:\/\/vosgesinfo.fr\/laplainedesvosgesinfo\/wp-json\/wp\/v2\/media?parent=27047"}],"wp:term":[{"taxonomy":"category","embeddable":true,"href":"https:\/\/vosgesinfo.fr\/laplainedesvosgesinfo\/wp-json\/wp\/v2\/categories?post=27047"},{"taxonomy":"post_tag","embeddable":true,"href":"https:\/\/vosgesinfo.fr\/laplainedesvosgesinfo\/wp-json\/wp\/v2\/tags?post=27047"}],"curies":[{"name":"wp","href":"https:\/\/api.w.org\/{rel}","templated":true}]}}