{"id":27255,"date":"2024-11-14T10:06:43","date_gmt":"2024-11-14T09:06:43","guid":{"rendered":"https:\/\/vosgesinfo.fr\/laplainedesvosgesinfo\/2024\/11\/le-comite-des-fetes-de-saint-die-des-vosges-organise-une-soiree-cabaret-2\/"},"modified":"2024-11-14T10:06:43","modified_gmt":"2024-11-14T09:06:43","slug":"le-comite-des-fetes-de-saint-die-des-vosges-organise-une-soiree-cabaret-2","status":"publish","type":"post","link":"https:\/\/vosgesinfo.fr\/laplainedesvosgesinfo\/2024\/11\/le-comite-des-fetes-de-saint-die-des-vosges-organise-une-soiree-cabaret-2\/","title":{"rendered":"Le Comit\u00e9 des F\u00eates de Saint-Di\u00e9-des-Vosges organise une soir\u00e9e cabaret"},"content":{"rendered":"<h2>Les b\u00e9n\u00e9voles du Comit\u00e9 de F\u00eates de Saint-Di\u00e9-des-Vosges semblent infatigables. Soir\u00e9e th\u00e9\u00e2tre, Cyclo&rsquo;Folies, Grande R\u00e9cr\u00e9ation, Nuit Blanche nouvelle formule, D\u00e9o&rsquo;Voice, r\u00e9alisation du char de Saint-Nicolas&#8230; et maintenant une soir\u00e9e cabaret, qui aura lieu le samedi 25 janvier 2025 \u00e0 l&rsquo;Espace Fran\u00e7ois-Mitterrand.<\/h2>\n<p><!--more--><\/p>\n<p>Pour cette toute premi\u00e8re soir\u00e9e cabaret d\u00e9odatienne, le pr\u00e9sident du Comit\u00e9 des F\u00eates Serge Vincent et son \u00e9quipe ont invit\u00e9 l&rsquo;humoriste Mademoiselle Serge, qu&rsquo;on ne pr\u00e9sente plus dans les Vosges, le groupe local de com\u00e9die musicale Les French Cop&rsquo;s, ainsi que le cabaret professionnel meurthe-et-mosellan Miss&rsquo;Tic Cabaret.<\/p>\n<p>Comme pour la soir\u00e9e th\u00e9\u00e2tre et D\u00e9o&rsquo;Voice, les prestations sc\u00e9niques s&rsquo;encha\u00eeneront devant des convives attabl\u00e9s. Car le Comit\u00e9 des F\u00eates a concoct\u00e9 une nouvelle soir\u00e9e-repas, avec 2 formules propos\u00e9es\u00a0: une formule repas et spectacle, et une formule dessert et spectacle. Le d\u00e9tail des menus est \u00e0 retrouver sur l&rsquo;affiche ci-dessous.<\/p>\n<p>Les r\u00e9servations pour la soir\u00e9e se font uniquement par ch\u00e8que, \u00e0 adresser au Comit\u00e9 des F\u00eates de Saint-Di\u00e9-des-Vosges \u2013 11 rue de la Ferme \u2013 Marzelay \u2013 88100 Saint-Di\u00e9-des-Vosges. En pr\u00e9cisant votre num\u00e9ro de t\u00e9l\u00e9phone et l&rsquo;adresse \u00e0 laquelle les billets seront envoy\u00e9s. Plus de renseignements par t\u00e9l\u00e9phone, au 06-76-04-81-50.<\/p>\n<p>J.J.<\/p>\n<p><a href=\"https:\/\/vosgesinfo.fr\/app\/uploads\/sites\/4\/2024\/11\/soiree-cabaret-comite-fetes-sddv.jpg\"><img decoding=\"async\" class=\"alignnone size-large wp-image-70358\" src=\"https:\/\/vosgesinfo.fr\/app\/uploads\/sites\/4\/2024\/11\/soiree-cabaret-comite-fetes-sddv-723x1024.jpg\" alt=\"\" width=\"723\" height=\"1024\" \/><\/a><\/p>\n","protected":false},"excerpt":{"rendered":"<p>Les b\u00e9n\u00e9voles du Comit\u00e9 de F\u00eates de Saint-Di\u00e9-des-Vosges semblent infatigables. Soir\u00e9e th\u00e9\u00e2tre, Cyclo&rsquo;Folies, Grande R\u00e9cr\u00e9ation, Nuit Blanche nouvelle formule, D\u00e9o&rsquo;Voice, [&hellip;]<\/p>\n","protected":false},"author":46,"featured_media":27256,"comment_status":"open","ping_status":"open","sticky":false,"template":"","format":"standard","meta":{"footnotes":""},"categories":[29,383,294,380,25,381,393,17,18],"tags":[7513,2494,7514,7515,7516,7517,7518],"class_list":["post-27255","post","type-post","status-publish","format-standard","has-post-thumbnail","hentry","category-a-la-une","category-epinal","category-gerardmer","category-la-plaine-des-vosges","category-loisirs","category-remiremont","category-saint-die-des-vosges","category-vie-associative","category-vosges","tag-comite-des-fetes-de-saint-die-des-vosges","tag-espace-francois-mitterrand","tag-les-french-cops","tag-mademoiselle-serge","tag-misstic-cabaret","tag-soiree-cabaret","tag-soiree-cabaret-a-saint-die-des-vosges"],"acf":[],"yoast_head":"<!-- This site is optimized with the Yoast SEO plugin v22.5 - https:\/\/yoast.com\/wordpress\/plugins\/seo\/ -->\n<title>Le Comit\u00e9 des F\u00eates de Saint-Di\u00e9-des-Vosges organise une soir\u00e9e cabaret - La Plaine des Vosges<\/title>\n<meta name=\"robots\" content=\"index, follow, max-snippet:-1, max-image-preview:large, max-video-preview:-1\" \/>\n<link rel=\"canonical\" href=\"https:\/\/vosgesinfo.fr\/laplainedesvosgesinfo\/2024\/11\/le-comite-des-fetes-de-saint-die-des-vosges-organise-une-soiree-cabaret-2\/\" \/>\n<meta name=\"twitter:card\" content=\"summary_large_image\" \/>\n<meta name=\"twitter:title\" content=\"Le Comit\u00e9 des F\u00eates de Saint-Di\u00e9-des-Vosges organise une soir\u00e9e cabaret - La Plaine des Vosges\" \/>\n<meta name=\"twitter:description\" content=\"Les b\u00e9n\u00e9voles du Comit\u00e9 de F\u00eates de Saint-Di\u00e9-des-Vosges semblent infatigables. Soir\u00e9e th\u00e9\u00e2tre, Cyclo&rsquo;Folies, Grande R\u00e9cr\u00e9ation, Nuit Blanche nouvelle formule, D\u00e9o&rsquo;Voice, [&hellip;]\" \/>\n<meta name=\"twitter:image\" content=\"https:\/\/vosgesinfo.fr\/app\/uploads\/sites\/2\/2024\/11\/soiree-cabaret-comite-fetes-sddv-1.jpg\" \/>\n<meta name=\"twitter:creator\" content=\"@VosgesInfo88\" \/>\n<meta name=\"twitter:site\" content=\"@VosgesInfo88\" \/>\n<meta name=\"twitter:label1\" content=\"\u00c9crit par\" \/>\n\t<meta name=\"twitter:data1\" content=\"J.J.\" \/>\n\t<meta name=\"twitter:label2\" content=\"Dur\u00e9e de lecture estim\u00e9e\" \/>\n\t<meta name=\"twitter:data2\" content=\"1 minute\" \/>\n<script type=\"application\/ld+json\" class=\"yoast-schema-graph\">{\"@context\":\"https:\/\/schema.org\",\"@graph\":[{\"@type\":\"Article\",\"@id\":\"https:\/\/vosgesinfo.fr\/laplainedesvosgesinfo\/2024\/11\/le-comite-des-fetes-de-saint-die-des-vosges-organise-une-soiree-cabaret-2\/#article\",\"isPartOf\":{\"@id\":\"https:\/\/vosgesinfo.fr\/laplainedesvosgesinfo\/2024\/11\/le-comite-des-fetes-de-saint-die-des-vosges-organise-une-soiree-cabaret-2\/\"},\"author\":{\"name\":\"J.J.\",\"@id\":\"https:\/\/vosgesinfo.fr\/laplainedesvosgesinfo\/#\/schema\/person\/fa73e9f726d67bb88f46d5b7943cb572\"},\"headline\":\"Le Comit\u00e9 des F\u00eates de Saint-Di\u00e9-des-Vosges organise une soir\u00e9e cabaret\",\"datePublished\":\"2024-11-14T09:06:43+00:00\",\"dateModified\":\"2024-11-14T09:06:43+00:00\",\"mainEntityOfPage\":{\"@id\":\"https:\/\/vosgesinfo.fr\/laplainedesvosgesinfo\/2024\/11\/le-comite-des-fetes-de-saint-die-des-vosges-organise-une-soiree-cabaret-2\/\"},\"wordCount\":247,\"commentCount\":0,\"publisher\":{\"@id\":\"https:\/\/vosgesinfo.fr\/laplainedesvosgesinfo\/#organization\"},\"image\":{\"@id\":\"https:\/\/vosgesinfo.fr\/laplainedesvosgesinfo\/2024\/11\/le-comite-des-fetes-de-saint-die-des-vosges-organise-une-soiree-cabaret-2\/#primaryimage\"},\"thumbnailUrl\":\"https:\/\/vosgesinfo.fr\/app\/uploads\/sites\/2\/2024\/11\/soiree-cabaret-comite-fetes-sddv-1.jpg\",\"keywords\":[\"Comit\u00e9 des F\u00eates de Saint-Di\u00e9-des-Vosges\",\"Espace Fran\u00e7ois-Mitterrand\",\"Les French Cop's\",\"Mademoiselle Serge\",\"Miss'Tic Cabaret\",\"Soir\u00e9e cabaret\",\"Soir\u00e9e cabaret \u00e0 Saint-Di\u00e9-des-Vosges\"],\"articleSection\":[\"A la Une\",\"Epinal\",\"G\u00e9rardmer\",\"La plaine des vosges\",\"Loisirs\",\"Remiremont\",\"Saint-Di\u00e9-des-Vosges\",\"Vie Associative\",\"Vosges\"],\"inLanguage\":\"fr-FR\",\"potentialAction\":[{\"@type\":\"CommentAction\",\"name\":\"Comment\",\"target\":[\"https:\/\/vosgesinfo.fr\/laplainedesvosgesinfo\/2024\/11\/le-comite-des-fetes-de-saint-die-des-vosges-organise-une-soiree-cabaret-2\/#respond\"]}]},{\"@type\":\"WebPage\",\"@id\":\"https:\/\/vosgesinfo.fr\/laplainedesvosgesinfo\/2024\/11\/le-comite-des-fetes-de-saint-die-des-vosges-organise-une-soiree-cabaret-2\/\",\"url\":\"https:\/\/vosgesinfo.fr\/laplainedesvosgesinfo\/2024\/11\/le-comite-des-fetes-de-saint-die-des-vosges-organise-une-soiree-cabaret-2\/\",\"name\":\"Le Comit\u00e9 des F\u00eates de Saint-Di\u00e9-des-Vosges organise une soir\u00e9e cabaret - La Plaine des Vosges\",\"isPartOf\":{\"@id\":\"https:\/\/vosgesinfo.fr\/laplainedesvosgesinfo\/#website\"},\"primaryImageOfPage\":{\"@id\":\"https:\/\/vosgesinfo.fr\/laplainedesvosgesinfo\/2024\/11\/le-comite-des-fetes-de-saint-die-des-vosges-organise-une-soiree-cabaret-2\/#primaryimage\"},\"image\":{\"@id\":\"https:\/\/vosgesinfo.fr\/laplainedesvosgesinfo\/2024\/11\/le-comite-des-fetes-de-saint-die-des-vosges-organise-une-soiree-cabaret-2\/#primaryimage\"},\"thumbnailUrl\":\"https:\/\/vosgesinfo.fr\/app\/uploads\/sites\/2\/2024\/11\/soiree-cabaret-comite-fetes-sddv-1.jpg\",\"datePublished\":\"2024-11-14T09:06:43+00:00\",\"dateModified\":\"2024-11-14T09:06:43+00:00\",\"breadcrumb\":{\"@id\":\"https:\/\/vosgesinfo.fr\/laplainedesvosgesinfo\/2024\/11\/le-comite-des-fetes-de-saint-die-des-vosges-organise-une-soiree-cabaret-2\/#breadcrumb\"},\"inLanguage\":\"fr-FR\",\"potentialAction\":[{\"@type\":\"ReadAction\",\"target\":[\"https:\/\/vosgesinfo.fr\/laplainedesvosgesinfo\/2024\/11\/le-comite-des-fetes-de-saint-die-des-vosges-organise-une-soiree-cabaret-2\/\"]}]},{\"@type\":\"ImageObject\",\"inLanguage\":\"fr-FR\",\"@id\":\"https:\/\/vosgesinfo.fr\/laplainedesvosgesinfo\/2024\/11\/le-comite-des-fetes-de-saint-die-des-vosges-organise-une-soiree-cabaret-2\/#primaryimage\",\"url\":\"https:\/\/vosgesinfo.fr\/app\/uploads\/sites\/2\/2024\/11\/soiree-cabaret-comite-fetes-sddv-1.jpg\",\"contentUrl\":\"https:\/\/vosgesinfo.fr\/app\/uploads\/sites\/2\/2024\/11\/soiree-cabaret-comite-fetes-sddv-1.jpg\",\"width\":734,\"height\":1039},{\"@type\":\"BreadcrumbList\",\"@id\":\"https:\/\/vosgesinfo.fr\/laplainedesvosgesinfo\/2024\/11\/le-comite-des-fetes-de-saint-die-des-vosges-organise-une-soiree-cabaret-2\/#breadcrumb\",\"itemListElement\":[{\"@type\":\"ListItem\",\"position\":1,\"name\":\"Home\",\"item\":\"https:\/\/vosgesinfo.fr\/laplainedesvosgesinfo\/\"},{\"@type\":\"ListItem\",\"position\":2,\"name\":\"Le Comit\u00e9 des F\u00eates de Saint-Di\u00e9-des-Vosges organise une soir\u00e9e cabaret\"}]},{\"@type\":\"WebSite\",\"@id\":\"https:\/\/vosgesinfo.fr\/laplainedesvosgesinfo\/#website\",\"url\":\"https:\/\/vosgesinfo.fr\/laplainedesvosgesinfo\/\",\"name\":\"La Plaine des Vosges\",\"description\":\"Toute l&#039;actualit\u00e9 de la plaine de Vosges\",\"publisher\":{\"@id\":\"https:\/\/vosgesinfo.fr\/laplainedesvosgesinfo\/#organization\"},\"alternateName\":\"Toute l'actualit\u00e9 de la plaine des Vosges\",\"potentialAction\":[{\"@type\":\"SearchAction\",\"target\":{\"@type\":\"EntryPoint\",\"urlTemplate\":\"https:\/\/vosgesinfo.fr\/laplainedesvosgesinfo\/?s={search_term_string}\"},\"query-input\":\"required name=search_term_string\"}],\"inLanguage\":\"fr-FR\"},{\"@type\":\"Organization\",\"@id\":\"https:\/\/vosgesinfo.fr\/laplainedesvosgesinfo\/#organization\",\"name\":\"La Plaine des Vosges\",\"url\":\"https:\/\/vosgesinfo.fr\/laplainedesvosgesinfo\/\",\"logo\":{\"@type\":\"ImageObject\",\"inLanguage\":\"fr-FR\",\"@id\":\"https:\/\/vosgesinfo.fr\/laplainedesvosgesinfo\/#\/schema\/logo\/image\/\",\"url\":\"https:\/\/vosgesinfo.fr\/app\/uploads\/sites\/2\/2023\/08\/logo-laplaineinfo.svg\",\"contentUrl\":\"https:\/\/vosgesinfo.fr\/app\/uploads\/sites\/2\/2023\/08\/logo-laplaineinfo.svg\",\"width\":1,\"height\":1,\"caption\":\"La Plaine des Vosges\"},\"image\":{\"@id\":\"https:\/\/vosgesinfo.fr\/laplainedesvosgesinfo\/#\/schema\/logo\/image\/\"},\"sameAs\":[\"https:\/\/www.facebook.com\/laplainedesvosges\",\"https:\/\/x.com\/VosgesInfo88\",\"https:\/\/www.youtube.com\/@vosgesinfo\"]},{\"@type\":\"Person\",\"@id\":\"https:\/\/vosgesinfo.fr\/laplainedesvosgesinfo\/#\/schema\/person\/fa73e9f726d67bb88f46d5b7943cb572\",\"name\":\"J.J.\",\"image\":{\"@type\":\"ImageObject\",\"inLanguage\":\"fr-FR\",\"@id\":\"https:\/\/vosgesinfo.fr\/laplainedesvosgesinfo\/#\/schema\/person\/image\/\",\"url\":\"https:\/\/secure.gravatar.com\/avatar\/219e749e47ffbcca018a360ae4add7d4cdf1cdaaf8bc7676b27efade3fe65615?s=96&d=mm&r=g\",\"contentUrl\":\"https:\/\/secure.gravatar.com\/avatar\/219e749e47ffbcca018a360ae4add7d4cdf1cdaaf8bc7676b27efade3fe65615?s=96&d=mm&r=g\",\"caption\":\"J.J.\"},\"url\":\"https:\/\/vosgesinfo.fr\/laplainedesvosgesinfo\/author\/j-j\/\"}]}<\/script>\n<!-- \/ Yoast SEO plugin. -->","yoast_head_json":{"title":"Le Comit\u00e9 des F\u00eates de Saint-Di\u00e9-des-Vosges organise une soir\u00e9e cabaret - La Plaine des Vosges","robots":{"index":"index","follow":"follow","max-snippet":"max-snippet:-1","max-image-preview":"max-image-preview:large","max-video-preview":"max-video-preview:-1"},"canonical":"https:\/\/vosgesinfo.fr\/laplainedesvosgesinfo\/2024\/11\/le-comite-des-fetes-de-saint-die-des-vosges-organise-une-soiree-cabaret-2\/","twitter_card":"summary_large_image","twitter_title":"Le Comit\u00e9 des F\u00eates de Saint-Di\u00e9-des-Vosges organise une soir\u00e9e cabaret - La Plaine des Vosges","twitter_description":"Les b\u00e9n\u00e9voles du Comit\u00e9 de F\u00eates de Saint-Di\u00e9-des-Vosges semblent infatigables. Soir\u00e9e th\u00e9\u00e2tre, Cyclo&rsquo;Folies, Grande R\u00e9cr\u00e9ation, Nuit Blanche nouvelle formule, D\u00e9o&rsquo;Voice, [&hellip;]","twitter_image":"https:\/\/vosgesinfo.fr\/app\/uploads\/sites\/2\/2024\/11\/soiree-cabaret-comite-fetes-sddv-1.jpg","twitter_creator":"@VosgesInfo88","twitter_site":"@VosgesInfo88","twitter_misc":{"\u00c9crit par":"J.J.","Dur\u00e9e de lecture estim\u00e9e":"1 minute"},"schema":{"@context":"https:\/\/schema.org","@graph":[{"@type":"Article","@id":"https:\/\/vosgesinfo.fr\/laplainedesvosgesinfo\/2024\/11\/le-comite-des-fetes-de-saint-die-des-vosges-organise-une-soiree-cabaret-2\/#article","isPartOf":{"@id":"https:\/\/vosgesinfo.fr\/laplainedesvosgesinfo\/2024\/11\/le-comite-des-fetes-de-saint-die-des-vosges-organise-une-soiree-cabaret-2\/"},"author":{"name":"J.J.","@id":"https:\/\/vosgesinfo.fr\/laplainedesvosgesinfo\/#\/schema\/person\/fa73e9f726d67bb88f46d5b7943cb572"},"headline":"Le Comit\u00e9 des F\u00eates de Saint-Di\u00e9-des-Vosges organise une soir\u00e9e cabaret","datePublished":"2024-11-14T09:06:43+00:00","dateModified":"2024-11-14T09:06:43+00:00","mainEntityOfPage":{"@id":"https:\/\/vosgesinfo.fr\/laplainedesvosgesinfo\/2024\/11\/le-comite-des-fetes-de-saint-die-des-vosges-organise-une-soiree-cabaret-2\/"},"wordCount":247,"commentCount":0,"publisher":{"@id":"https:\/\/vosgesinfo.fr\/laplainedesvosgesinfo\/#organization"},"image":{"@id":"https:\/\/vosgesinfo.fr\/laplainedesvosgesinfo\/2024\/11\/le-comite-des-fetes-de-saint-die-des-vosges-organise-une-soiree-cabaret-2\/#primaryimage"},"thumbnailUrl":"https:\/\/vosgesinfo.fr\/app\/uploads\/sites\/2\/2024\/11\/soiree-cabaret-comite-fetes-sddv-1.jpg","keywords":["Comit\u00e9 des F\u00eates de Saint-Di\u00e9-des-Vosges","Espace Fran\u00e7ois-Mitterrand","Les French Cop's","Mademoiselle Serge","Miss'Tic Cabaret","Soir\u00e9e cabaret","Soir\u00e9e cabaret \u00e0 Saint-Di\u00e9-des-Vosges"],"articleSection":["A la Une","Epinal","G\u00e9rardmer","La plaine des vosges","Loisirs","Remiremont","Saint-Di\u00e9-des-Vosges","Vie Associative","Vosges"],"inLanguage":"fr-FR","potentialAction":[{"@type":"CommentAction","name":"Comment","target":["https:\/\/vosgesinfo.fr\/laplainedesvosgesinfo\/2024\/11\/le-comite-des-fetes-de-saint-die-des-vosges-organise-une-soiree-cabaret-2\/#respond"]}]},{"@type":"WebPage","@id":"https:\/\/vosgesinfo.fr\/laplainedesvosgesinfo\/2024\/11\/le-comite-des-fetes-de-saint-die-des-vosges-organise-une-soiree-cabaret-2\/","url":"https:\/\/vosgesinfo.fr\/laplainedesvosgesinfo\/2024\/11\/le-comite-des-fetes-de-saint-die-des-vosges-organise-une-soiree-cabaret-2\/","name":"Le Comit\u00e9 des F\u00eates de Saint-Di\u00e9-des-Vosges organise une soir\u00e9e cabaret - La Plaine des Vosges","isPartOf":{"@id":"https:\/\/vosgesinfo.fr\/laplainedesvosgesinfo\/#website"},"primaryImageOfPage":{"@id":"https:\/\/vosgesinfo.fr\/laplainedesvosgesinfo\/2024\/11\/le-comite-des-fetes-de-saint-die-des-vosges-organise-une-soiree-cabaret-2\/#primaryimage"},"image":{"@id":"https:\/\/vosgesinfo.fr\/laplainedesvosgesinfo\/2024\/11\/le-comite-des-fetes-de-saint-die-des-vosges-organise-une-soiree-cabaret-2\/#primaryimage"},"thumbnailUrl":"https:\/\/vosgesinfo.fr\/app\/uploads\/sites\/2\/2024\/11\/soiree-cabaret-comite-fetes-sddv-1.jpg","datePublished":"2024-11-14T09:06:43+00:00","dateModified":"2024-11-14T09:06:43+00:00","breadcrumb":{"@id":"https:\/\/vosgesinfo.fr\/laplainedesvosgesinfo\/2024\/11\/le-comite-des-fetes-de-saint-die-des-vosges-organise-une-soiree-cabaret-2\/#breadcrumb"},"inLanguage":"fr-FR","potentialAction":[{"@type":"ReadAction","target":["https:\/\/vosgesinfo.fr\/laplainedesvosgesinfo\/2024\/11\/le-comite-des-fetes-de-saint-die-des-vosges-organise-une-soiree-cabaret-2\/"]}]},{"@type":"ImageObject","inLanguage":"fr-FR","@id":"https:\/\/vosgesinfo.fr\/laplainedesvosgesinfo\/2024\/11\/le-comite-des-fetes-de-saint-die-des-vosges-organise-une-soiree-cabaret-2\/#primaryimage","url":"https:\/\/vosgesinfo.fr\/app\/uploads\/sites\/2\/2024\/11\/soiree-cabaret-comite-fetes-sddv-1.jpg","contentUrl":"https:\/\/vosgesinfo.fr\/app\/uploads\/sites\/2\/2024\/11\/soiree-cabaret-comite-fetes-sddv-1.jpg","width":734,"height":1039},{"@type":"BreadcrumbList","@id":"https:\/\/vosgesinfo.fr\/laplainedesvosgesinfo\/2024\/11\/le-comite-des-fetes-de-saint-die-des-vosges-organise-une-soiree-cabaret-2\/#breadcrumb","itemListElement":[{"@type":"ListItem","position":1,"name":"Home","item":"https:\/\/vosgesinfo.fr\/laplainedesvosgesinfo\/"},{"@type":"ListItem","position":2,"name":"Le Comit\u00e9 des F\u00eates de Saint-Di\u00e9-des-Vosges organise une soir\u00e9e cabaret"}]},{"@type":"WebSite","@id":"https:\/\/vosgesinfo.fr\/laplainedesvosgesinfo\/#website","url":"https:\/\/vosgesinfo.fr\/laplainedesvosgesinfo\/","name":"La Plaine des Vosges","description":"Toute l&#039;actualit\u00e9 de la plaine de Vosges","publisher":{"@id":"https:\/\/vosgesinfo.fr\/laplainedesvosgesinfo\/#organization"},"alternateName":"Toute l'actualit\u00e9 de la plaine des Vosges","potentialAction":[{"@type":"SearchAction","target":{"@type":"EntryPoint","urlTemplate":"https:\/\/vosgesinfo.fr\/laplainedesvosgesinfo\/?s={search_term_string}"},"query-input":"required name=search_term_string"}],"inLanguage":"fr-FR"},{"@type":"Organization","@id":"https:\/\/vosgesinfo.fr\/laplainedesvosgesinfo\/#organization","name":"La Plaine des Vosges","url":"https:\/\/vosgesinfo.fr\/laplainedesvosgesinfo\/","logo":{"@type":"ImageObject","inLanguage":"fr-FR","@id":"https:\/\/vosgesinfo.fr\/laplainedesvosgesinfo\/#\/schema\/logo\/image\/","url":"https:\/\/vosgesinfo.fr\/app\/uploads\/sites\/2\/2023\/08\/logo-laplaineinfo.svg","contentUrl":"https:\/\/vosgesinfo.fr\/app\/uploads\/sites\/2\/2023\/08\/logo-laplaineinfo.svg","width":1,"height":1,"caption":"La Plaine des Vosges"},"image":{"@id":"https:\/\/vosgesinfo.fr\/laplainedesvosgesinfo\/#\/schema\/logo\/image\/"},"sameAs":["https:\/\/www.facebook.com\/laplainedesvosges","https:\/\/x.com\/VosgesInfo88","https:\/\/www.youtube.com\/@vosgesinfo"]},{"@type":"Person","@id":"https:\/\/vosgesinfo.fr\/laplainedesvosgesinfo\/#\/schema\/person\/fa73e9f726d67bb88f46d5b7943cb572","name":"J.J.","image":{"@type":"ImageObject","inLanguage":"fr-FR","@id":"https:\/\/vosgesinfo.fr\/laplainedesvosgesinfo\/#\/schema\/person\/image\/","url":"https:\/\/secure.gravatar.com\/avatar\/219e749e47ffbcca018a360ae4add7d4cdf1cdaaf8bc7676b27efade3fe65615?s=96&d=mm&r=g","contentUrl":"https:\/\/secure.gravatar.com\/avatar\/219e749e47ffbcca018a360ae4add7d4cdf1cdaaf8bc7676b27efade3fe65615?s=96&d=mm&r=g","caption":"J.J."},"url":"https:\/\/vosgesinfo.fr\/laplainedesvosgesinfo\/author\/j-j\/"}]}},"_links":{"self":[{"href":"https:\/\/vosgesinfo.fr\/laplainedesvosgesinfo\/wp-json\/wp\/v2\/posts\/27255","targetHints":{"allow":["GET"]}}],"collection":[{"href":"https:\/\/vosgesinfo.fr\/laplainedesvosgesinfo\/wp-json\/wp\/v2\/posts"}],"about":[{"href":"https:\/\/vosgesinfo.fr\/laplainedesvosgesinfo\/wp-json\/wp\/v2\/types\/post"}],"author":[{"embeddable":true,"href":"https:\/\/vosgesinfo.fr\/laplainedesvosgesinfo\/wp-json\/wp\/v2\/users\/46"}],"replies":[{"embeddable":true,"href":"https:\/\/vosgesinfo.fr\/laplainedesvosgesinfo\/wp-json\/wp\/v2\/comments?post=27255"}],"version-history":[{"count":0,"href":"https:\/\/vosgesinfo.fr\/laplainedesvosgesinfo\/wp-json\/wp\/v2\/posts\/27255\/revisions"}],"wp:featuredmedia":[{"embeddable":true,"href":"https:\/\/vosgesinfo.fr\/laplainedesvosgesinfo\/wp-json\/wp\/v2\/media\/27256"}],"wp:attachment":[{"href":"https:\/\/vosgesinfo.fr\/laplainedesvosgesinfo\/wp-json\/wp\/v2\/media?parent=27255"}],"wp:term":[{"taxonomy":"category","embeddable":true,"href":"https:\/\/vosgesinfo.fr\/laplainedesvosgesinfo\/wp-json\/wp\/v2\/categories?post=27255"},{"taxonomy":"post_tag","embeddable":true,"href":"https:\/\/vosgesinfo.fr\/laplainedesvosgesinfo\/wp-json\/wp\/v2\/tags?post=27255"}],"curies":[{"name":"wp","href":"https:\/\/api.w.org\/{rel}","templated":true}]}}