{"id":27281,"date":"2024-11-15T15:06:04","date_gmt":"2024-11-15T14:06:04","guid":{"rendered":"https:\/\/vosgesinfo.fr\/laplainedesvosgesinfo\/2024\/11\/en-images-le-7e-salon-des-loisirs-creatifs-de-saint-die-des-vosges-est-ouvert-2\/"},"modified":"2024-11-15T15:06:04","modified_gmt":"2024-11-15T14:06:04","slug":"en-images-le-7e-salon-des-loisirs-creatifs-de-saint-die-des-vosges-est-ouvert-2","status":"publish","type":"post","link":"https:\/\/vosgesinfo.fr\/laplainedesvosgesinfo\/2024\/11\/en-images-le-7e-salon-des-loisirs-creatifs-de-saint-die-des-vosges-est-ouvert-2\/","title":{"rendered":"En images \u2013 Le 7e Salon des Loisirs Cr\u00e9atifs de Saint-Di\u00e9-des-Vosges est ouvert\u00a0!"},"content":{"rendered":"<p><a href=\"https:\/\/vosgesinfo.fr\/app\/uploads\/sites\/4\/2024\/11\/7e-salon-loisirs-creatifs-sddv-16-scaled.jpg\"><img decoding=\"async\" class=\"alignnone size-large wp-image-70411\" src=\"https:\/\/vosgesinfo.fr\/app\/uploads\/sites\/4\/2024\/11\/7e-salon-loisirs-creatifs-sddv-16-1024x771.jpg\" alt=\"\" width=\"1024\" height=\"771\" \/><\/a><\/p>\n<h2>Le troisi\u00e8me week-end de novembre, et le vendredi qui le pr\u00e9c\u00e8de, sont marqu\u00e9s d&rsquo;une croix sur les calendriers des amateurs de tricots, scrapbooking et autres broderies. Car c&rsquo;est durant ces 3 jours-l\u00e0 qu&rsquo;a lieu le Salon des Loisirs Cr\u00e9atifs de Saint-Di\u00e9-des-Vosges, dont la 7e \u00e9dition s&rsquo;est ouverte ce vendredi matin.<\/h2>\n<p><!--more--><\/p>\n<p>Jusqu&rsquo;\u00e0 18h ce soir, puis de 10h \u00e0 18h samedi et de 9h30 \u00e0 17h30 dimanche, 37 exposants sont install\u00e9s sur les 2 \u00e9tages de l&rsquo;Espace Fran\u00e7ois-Mitterrand. Des exposants locaux, de la R\u00e9gion et des 4 coins de la France, parmi lesquels 6 sont de nouvelles t\u00eates. Sur place, les visiteurs pourront admirer les cr\u00e9ations des exposants, acheter tout le mat\u00e9riel et toutes les mati\u00e8res premi\u00e8res pour s&rsquo;adonner aux loisirs cr\u00e9atifs, ou s&rsquo;initier via les ateliers qui seront organis\u00e9s par certains exposants durant tout le week-end. Une buvette, de la restauration avec le food-truck \u00d4&rsquo;Ptit Napoli, et une entr\u00e9e toujours gratuite viennent compl\u00e9ter le tableau de ce 7e Salon des Loisirs Cr\u00e9atifs de Saint-Di\u00e9-des-Vosges, qui est toujours organis\u00e9 par le club Aux Bons Points avec le soutien de la Ville de Saint-Di\u00e9-des-Vosges.<\/p>\n<h3>Petit tour en images en guise d&rsquo;aper\u00e7u\u00a0:<\/h3>\n\n<p>J.J.<\/p>\n","protected":false},"excerpt":{"rendered":"<p>Le troisi\u00e8me week-end de novembre, et le vendredi qui le pr\u00e9c\u00e8de, sont marqu\u00e9s d&rsquo;une croix sur les calendriers des amateurs [&hellip;]<\/p>\n","protected":false},"author":46,"featured_media":27282,"comment_status":"open","ping_status":"open","sticky":false,"template":"","format":"standard","meta":{"footnotes":""},"categories":[29,383,294,380,25,381,393,17,18],"tags":[7442,7444,2494,7445,4968],"class_list":["post-27281","post","type-post","status-publish","format-standard","has-post-thumbnail","hentry","category-a-la-une","category-epinal","category-gerardmer","category-la-plaine-des-vosges","category-loisirs","category-remiremont","category-saint-die-des-vosges","category-vie-associative","category-vosges","tag-7e-salon-des-loisirs-creatifs-de-saint-die-des-vosges","tag-club-aux-bons-points","tag-espace-francois-mitterrand","tag-loisirs-creatifs","tag-ville-de-saint-die-des-vosges"],"acf":[],"yoast_head":"<!-- This site is optimized with the Yoast SEO plugin v22.5 - https:\/\/yoast.com\/wordpress\/plugins\/seo\/ -->\n<title>En images \u2013 Le 7e Salon des Loisirs Cr\u00e9atifs de Saint-Di\u00e9-des-Vosges est ouvert\u00a0! - La Plaine des Vosges<\/title>\n<meta name=\"robots\" content=\"index, follow, max-snippet:-1, max-image-preview:large, max-video-preview:-1\" \/>\n<link rel=\"canonical\" href=\"https:\/\/vosgesinfo.fr\/laplainedesvosgesinfo\/2024\/11\/en-images-le-7e-salon-des-loisirs-creatifs-de-saint-die-des-vosges-est-ouvert-2\/\" \/>\n<meta name=\"twitter:card\" content=\"summary_large_image\" \/>\n<meta name=\"twitter:title\" content=\"En images \u2013 Le 7e Salon des Loisirs Cr\u00e9atifs de Saint-Di\u00e9-des-Vosges est ouvert\u00a0! - La Plaine des Vosges\" \/>\n<meta name=\"twitter:description\" content=\"Le troisi\u00e8me week-end de novembre, et le vendredi qui le pr\u00e9c\u00e8de, sont marqu\u00e9s d&rsquo;une croix sur les calendriers des amateurs [&hellip;]\" \/>\n<meta name=\"twitter:image\" content=\"https:\/\/vosgesinfo.fr\/app\/uploads\/sites\/2\/2024\/11\/7e-salon-loisirs-creatifs-sddv-16-scaled-2.jpg\" \/>\n<meta name=\"twitter:creator\" content=\"@VosgesInfo88\" \/>\n<meta name=\"twitter:site\" content=\"@VosgesInfo88\" \/>\n<meta name=\"twitter:label1\" content=\"\u00c9crit par\" \/>\n\t<meta name=\"twitter:data1\" content=\"J.J.\" \/>\n\t<meta name=\"twitter:label2\" content=\"Dur\u00e9e de lecture estim\u00e9e\" \/>\n\t<meta name=\"twitter:data2\" content=\"1 minute\" \/>\n<script type=\"application\/ld+json\" class=\"yoast-schema-graph\">{\"@context\":\"https:\/\/schema.org\",\"@graph\":[{\"@type\":\"Article\",\"@id\":\"https:\/\/vosgesinfo.fr\/laplainedesvosgesinfo\/2024\/11\/en-images-le-7e-salon-des-loisirs-creatifs-de-saint-die-des-vosges-est-ouvert-2\/#article\",\"isPartOf\":{\"@id\":\"https:\/\/vosgesinfo.fr\/laplainedesvosgesinfo\/2024\/11\/en-images-le-7e-salon-des-loisirs-creatifs-de-saint-die-des-vosges-est-ouvert-2\/\"},\"author\":{\"name\":\"J.J.\",\"@id\":\"https:\/\/vosgesinfo.fr\/laplainedesvosgesinfo\/#\/schema\/person\/fa73e9f726d67bb88f46d5b7943cb572\"},\"headline\":\"En images \u2013 Le 7e Salon des Loisirs Cr\u00e9atifs de Saint-Di\u00e9-des-Vosges est ouvert\u00a0!\",\"datePublished\":\"2024-11-15T14:06:04+00:00\",\"dateModified\":\"2024-11-15T14:06:04+00:00\",\"mainEntityOfPage\":{\"@id\":\"https:\/\/vosgesinfo.fr\/laplainedesvosgesinfo\/2024\/11\/en-images-le-7e-salon-des-loisirs-creatifs-de-saint-die-des-vosges-est-ouvert-2\/\"},\"wordCount\":232,\"commentCount\":0,\"publisher\":{\"@id\":\"https:\/\/vosgesinfo.fr\/laplainedesvosgesinfo\/#organization\"},\"image\":{\"@id\":\"https:\/\/vosgesinfo.fr\/laplainedesvosgesinfo\/2024\/11\/en-images-le-7e-salon-des-loisirs-creatifs-de-saint-die-des-vosges-est-ouvert-2\/#primaryimage\"},\"thumbnailUrl\":\"https:\/\/vosgesinfo.fr\/app\/uploads\/sites\/2\/2024\/11\/7e-salon-loisirs-creatifs-sddv-16-scaled-2.jpg\",\"keywords\":[\"7e Salon des Loisirs Cr\u00e9atifs de Saint-Di\u00e9-des-Vosges\",\"Club Aux bons points\",\"Espace Fran\u00e7ois-Mitterrand\",\"Loisirs cr\u00e9atifs\",\"Ville de Saint-Di\u00e9-des-Vosges\"],\"articleSection\":[\"A la Une\",\"Epinal\",\"G\u00e9rardmer\",\"La plaine des vosges\",\"Loisirs\",\"Remiremont\",\"Saint-Di\u00e9-des-Vosges\",\"Vie Associative\",\"Vosges\"],\"inLanguage\":\"fr-FR\",\"potentialAction\":[{\"@type\":\"CommentAction\",\"name\":\"Comment\",\"target\":[\"https:\/\/vosgesinfo.fr\/laplainedesvosgesinfo\/2024\/11\/en-images-le-7e-salon-des-loisirs-creatifs-de-saint-die-des-vosges-est-ouvert-2\/#respond\"]}]},{\"@type\":\"WebPage\",\"@id\":\"https:\/\/vosgesinfo.fr\/laplainedesvosgesinfo\/2024\/11\/en-images-le-7e-salon-des-loisirs-creatifs-de-saint-die-des-vosges-est-ouvert-2\/\",\"url\":\"https:\/\/vosgesinfo.fr\/laplainedesvosgesinfo\/2024\/11\/en-images-le-7e-salon-des-loisirs-creatifs-de-saint-die-des-vosges-est-ouvert-2\/\",\"name\":\"En images \u2013 Le 7e Salon des Loisirs Cr\u00e9atifs de Saint-Di\u00e9-des-Vosges est ouvert\u00a0! - La Plaine des Vosges\",\"isPartOf\":{\"@id\":\"https:\/\/vosgesinfo.fr\/laplainedesvosgesinfo\/#website\"},\"primaryImageOfPage\":{\"@id\":\"https:\/\/vosgesinfo.fr\/laplainedesvosgesinfo\/2024\/11\/en-images-le-7e-salon-des-loisirs-creatifs-de-saint-die-des-vosges-est-ouvert-2\/#primaryimage\"},\"image\":{\"@id\":\"https:\/\/vosgesinfo.fr\/laplainedesvosgesinfo\/2024\/11\/en-images-le-7e-salon-des-loisirs-creatifs-de-saint-die-des-vosges-est-ouvert-2\/#primaryimage\"},\"thumbnailUrl\":\"https:\/\/vosgesinfo.fr\/app\/uploads\/sites\/2\/2024\/11\/7e-salon-loisirs-creatifs-sddv-16-scaled-2.jpg\",\"datePublished\":\"2024-11-15T14:06:04+00:00\",\"dateModified\":\"2024-11-15T14:06:04+00:00\",\"breadcrumb\":{\"@id\":\"https:\/\/vosgesinfo.fr\/laplainedesvosgesinfo\/2024\/11\/en-images-le-7e-salon-des-loisirs-creatifs-de-saint-die-des-vosges-est-ouvert-2\/#breadcrumb\"},\"inLanguage\":\"fr-FR\",\"potentialAction\":[{\"@type\":\"ReadAction\",\"target\":[\"https:\/\/vosgesinfo.fr\/laplainedesvosgesinfo\/2024\/11\/en-images-le-7e-salon-des-loisirs-creatifs-de-saint-die-des-vosges-est-ouvert-2\/\"]}]},{\"@type\":\"ImageObject\",\"inLanguage\":\"fr-FR\",\"@id\":\"https:\/\/vosgesinfo.fr\/laplainedesvosgesinfo\/2024\/11\/en-images-le-7e-salon-des-loisirs-creatifs-de-saint-die-des-vosges-est-ouvert-2\/#primaryimage\",\"url\":\"https:\/\/vosgesinfo.fr\/app\/uploads\/sites\/2\/2024\/11\/7e-salon-loisirs-creatifs-sddv-16-scaled-2.jpg\",\"contentUrl\":\"https:\/\/vosgesinfo.fr\/app\/uploads\/sites\/2\/2024\/11\/7e-salon-loisirs-creatifs-sddv-16-scaled-2.jpg\",\"width\":2560,\"height\":1928},{\"@type\":\"BreadcrumbList\",\"@id\":\"https:\/\/vosgesinfo.fr\/laplainedesvosgesinfo\/2024\/11\/en-images-le-7e-salon-des-loisirs-creatifs-de-saint-die-des-vosges-est-ouvert-2\/#breadcrumb\",\"itemListElement\":[{\"@type\":\"ListItem\",\"position\":1,\"name\":\"Home\",\"item\":\"https:\/\/vosgesinfo.fr\/laplainedesvosgesinfo\/\"},{\"@type\":\"ListItem\",\"position\":2,\"name\":\"En images \u2013 Le 7e Salon des Loisirs Cr\u00e9atifs de Saint-Di\u00e9-des-Vosges est ouvert\u00a0!\"}]},{\"@type\":\"WebSite\",\"@id\":\"https:\/\/vosgesinfo.fr\/laplainedesvosgesinfo\/#website\",\"url\":\"https:\/\/vosgesinfo.fr\/laplainedesvosgesinfo\/\",\"name\":\"La Plaine des Vosges\",\"description\":\"Toute l&#039;actualit\u00e9 de la plaine de Vosges\",\"publisher\":{\"@id\":\"https:\/\/vosgesinfo.fr\/laplainedesvosgesinfo\/#organization\"},\"alternateName\":\"Toute l'actualit\u00e9 de la plaine des Vosges\",\"potentialAction\":[{\"@type\":\"SearchAction\",\"target\":{\"@type\":\"EntryPoint\",\"urlTemplate\":\"https:\/\/vosgesinfo.fr\/laplainedesvosgesinfo\/?s={search_term_string}\"},\"query-input\":\"required name=search_term_string\"}],\"inLanguage\":\"fr-FR\"},{\"@type\":\"Organization\",\"@id\":\"https:\/\/vosgesinfo.fr\/laplainedesvosgesinfo\/#organization\",\"name\":\"La Plaine des Vosges\",\"url\":\"https:\/\/vosgesinfo.fr\/laplainedesvosgesinfo\/\",\"logo\":{\"@type\":\"ImageObject\",\"inLanguage\":\"fr-FR\",\"@id\":\"https:\/\/vosgesinfo.fr\/laplainedesvosgesinfo\/#\/schema\/logo\/image\/\",\"url\":\"https:\/\/vosgesinfo.fr\/app\/uploads\/sites\/2\/2023\/08\/logo-laplaineinfo.svg\",\"contentUrl\":\"https:\/\/vosgesinfo.fr\/app\/uploads\/sites\/2\/2023\/08\/logo-laplaineinfo.svg\",\"width\":1,\"height\":1,\"caption\":\"La Plaine des Vosges\"},\"image\":{\"@id\":\"https:\/\/vosgesinfo.fr\/laplainedesvosgesinfo\/#\/schema\/logo\/image\/\"},\"sameAs\":[\"https:\/\/www.facebook.com\/laplainedesvosges\",\"https:\/\/x.com\/VosgesInfo88\",\"https:\/\/www.youtube.com\/@vosgesinfo\"]},{\"@type\":\"Person\",\"@id\":\"https:\/\/vosgesinfo.fr\/laplainedesvosgesinfo\/#\/schema\/person\/fa73e9f726d67bb88f46d5b7943cb572\",\"name\":\"J.J.\",\"image\":{\"@type\":\"ImageObject\",\"inLanguage\":\"fr-FR\",\"@id\":\"https:\/\/vosgesinfo.fr\/laplainedesvosgesinfo\/#\/schema\/person\/image\/\",\"url\":\"https:\/\/secure.gravatar.com\/avatar\/219e749e47ffbcca018a360ae4add7d4cdf1cdaaf8bc7676b27efade3fe65615?s=96&d=mm&r=g\",\"contentUrl\":\"https:\/\/secure.gravatar.com\/avatar\/219e749e47ffbcca018a360ae4add7d4cdf1cdaaf8bc7676b27efade3fe65615?s=96&d=mm&r=g\",\"caption\":\"J.J.\"},\"url\":\"https:\/\/vosgesinfo.fr\/laplainedesvosgesinfo\/author\/j-j\/\"}]}<\/script>\n<!-- \/ Yoast SEO plugin. -->","yoast_head_json":{"title":"En images \u2013 Le 7e Salon des Loisirs Cr\u00e9atifs de Saint-Di\u00e9-des-Vosges est ouvert\u00a0! - La Plaine des Vosges","robots":{"index":"index","follow":"follow","max-snippet":"max-snippet:-1","max-image-preview":"max-image-preview:large","max-video-preview":"max-video-preview:-1"},"canonical":"https:\/\/vosgesinfo.fr\/laplainedesvosgesinfo\/2024\/11\/en-images-le-7e-salon-des-loisirs-creatifs-de-saint-die-des-vosges-est-ouvert-2\/","twitter_card":"summary_large_image","twitter_title":"En images \u2013 Le 7e Salon des Loisirs Cr\u00e9atifs de Saint-Di\u00e9-des-Vosges est ouvert\u00a0! - La Plaine des Vosges","twitter_description":"Le troisi\u00e8me week-end de novembre, et le vendredi qui le pr\u00e9c\u00e8de, sont marqu\u00e9s d&rsquo;une croix sur les calendriers des amateurs [&hellip;]","twitter_image":"https:\/\/vosgesinfo.fr\/app\/uploads\/sites\/2\/2024\/11\/7e-salon-loisirs-creatifs-sddv-16-scaled-2.jpg","twitter_creator":"@VosgesInfo88","twitter_site":"@VosgesInfo88","twitter_misc":{"\u00c9crit par":"J.J.","Dur\u00e9e de lecture estim\u00e9e":"1 minute"},"schema":{"@context":"https:\/\/schema.org","@graph":[{"@type":"Article","@id":"https:\/\/vosgesinfo.fr\/laplainedesvosgesinfo\/2024\/11\/en-images-le-7e-salon-des-loisirs-creatifs-de-saint-die-des-vosges-est-ouvert-2\/#article","isPartOf":{"@id":"https:\/\/vosgesinfo.fr\/laplainedesvosgesinfo\/2024\/11\/en-images-le-7e-salon-des-loisirs-creatifs-de-saint-die-des-vosges-est-ouvert-2\/"},"author":{"name":"J.J.","@id":"https:\/\/vosgesinfo.fr\/laplainedesvosgesinfo\/#\/schema\/person\/fa73e9f726d67bb88f46d5b7943cb572"},"headline":"En images \u2013 Le 7e Salon des Loisirs Cr\u00e9atifs de Saint-Di\u00e9-des-Vosges est ouvert\u00a0!","datePublished":"2024-11-15T14:06:04+00:00","dateModified":"2024-11-15T14:06:04+00:00","mainEntityOfPage":{"@id":"https:\/\/vosgesinfo.fr\/laplainedesvosgesinfo\/2024\/11\/en-images-le-7e-salon-des-loisirs-creatifs-de-saint-die-des-vosges-est-ouvert-2\/"},"wordCount":232,"commentCount":0,"publisher":{"@id":"https:\/\/vosgesinfo.fr\/laplainedesvosgesinfo\/#organization"},"image":{"@id":"https:\/\/vosgesinfo.fr\/laplainedesvosgesinfo\/2024\/11\/en-images-le-7e-salon-des-loisirs-creatifs-de-saint-die-des-vosges-est-ouvert-2\/#primaryimage"},"thumbnailUrl":"https:\/\/vosgesinfo.fr\/app\/uploads\/sites\/2\/2024\/11\/7e-salon-loisirs-creatifs-sddv-16-scaled-2.jpg","keywords":["7e Salon des Loisirs Cr\u00e9atifs de Saint-Di\u00e9-des-Vosges","Club Aux bons points","Espace Fran\u00e7ois-Mitterrand","Loisirs cr\u00e9atifs","Ville de Saint-Di\u00e9-des-Vosges"],"articleSection":["A la Une","Epinal","G\u00e9rardmer","La plaine des vosges","Loisirs","Remiremont","Saint-Di\u00e9-des-Vosges","Vie Associative","Vosges"],"inLanguage":"fr-FR","potentialAction":[{"@type":"CommentAction","name":"Comment","target":["https:\/\/vosgesinfo.fr\/laplainedesvosgesinfo\/2024\/11\/en-images-le-7e-salon-des-loisirs-creatifs-de-saint-die-des-vosges-est-ouvert-2\/#respond"]}]},{"@type":"WebPage","@id":"https:\/\/vosgesinfo.fr\/laplainedesvosgesinfo\/2024\/11\/en-images-le-7e-salon-des-loisirs-creatifs-de-saint-die-des-vosges-est-ouvert-2\/","url":"https:\/\/vosgesinfo.fr\/laplainedesvosgesinfo\/2024\/11\/en-images-le-7e-salon-des-loisirs-creatifs-de-saint-die-des-vosges-est-ouvert-2\/","name":"En images \u2013 Le 7e Salon des Loisirs Cr\u00e9atifs de Saint-Di\u00e9-des-Vosges est ouvert\u00a0! - La Plaine des Vosges","isPartOf":{"@id":"https:\/\/vosgesinfo.fr\/laplainedesvosgesinfo\/#website"},"primaryImageOfPage":{"@id":"https:\/\/vosgesinfo.fr\/laplainedesvosgesinfo\/2024\/11\/en-images-le-7e-salon-des-loisirs-creatifs-de-saint-die-des-vosges-est-ouvert-2\/#primaryimage"},"image":{"@id":"https:\/\/vosgesinfo.fr\/laplainedesvosgesinfo\/2024\/11\/en-images-le-7e-salon-des-loisirs-creatifs-de-saint-die-des-vosges-est-ouvert-2\/#primaryimage"},"thumbnailUrl":"https:\/\/vosgesinfo.fr\/app\/uploads\/sites\/2\/2024\/11\/7e-salon-loisirs-creatifs-sddv-16-scaled-2.jpg","datePublished":"2024-11-15T14:06:04+00:00","dateModified":"2024-11-15T14:06:04+00:00","breadcrumb":{"@id":"https:\/\/vosgesinfo.fr\/laplainedesvosgesinfo\/2024\/11\/en-images-le-7e-salon-des-loisirs-creatifs-de-saint-die-des-vosges-est-ouvert-2\/#breadcrumb"},"inLanguage":"fr-FR","potentialAction":[{"@type":"ReadAction","target":["https:\/\/vosgesinfo.fr\/laplainedesvosgesinfo\/2024\/11\/en-images-le-7e-salon-des-loisirs-creatifs-de-saint-die-des-vosges-est-ouvert-2\/"]}]},{"@type":"ImageObject","inLanguage":"fr-FR","@id":"https:\/\/vosgesinfo.fr\/laplainedesvosgesinfo\/2024\/11\/en-images-le-7e-salon-des-loisirs-creatifs-de-saint-die-des-vosges-est-ouvert-2\/#primaryimage","url":"https:\/\/vosgesinfo.fr\/app\/uploads\/sites\/2\/2024\/11\/7e-salon-loisirs-creatifs-sddv-16-scaled-2.jpg","contentUrl":"https:\/\/vosgesinfo.fr\/app\/uploads\/sites\/2\/2024\/11\/7e-salon-loisirs-creatifs-sddv-16-scaled-2.jpg","width":2560,"height":1928},{"@type":"BreadcrumbList","@id":"https:\/\/vosgesinfo.fr\/laplainedesvosgesinfo\/2024\/11\/en-images-le-7e-salon-des-loisirs-creatifs-de-saint-die-des-vosges-est-ouvert-2\/#breadcrumb","itemListElement":[{"@type":"ListItem","position":1,"name":"Home","item":"https:\/\/vosgesinfo.fr\/laplainedesvosgesinfo\/"},{"@type":"ListItem","position":2,"name":"En images \u2013 Le 7e Salon des Loisirs Cr\u00e9atifs de Saint-Di\u00e9-des-Vosges est ouvert\u00a0!"}]},{"@type":"WebSite","@id":"https:\/\/vosgesinfo.fr\/laplainedesvosgesinfo\/#website","url":"https:\/\/vosgesinfo.fr\/laplainedesvosgesinfo\/","name":"La Plaine des Vosges","description":"Toute l&#039;actualit\u00e9 de la plaine de Vosges","publisher":{"@id":"https:\/\/vosgesinfo.fr\/laplainedesvosgesinfo\/#organization"},"alternateName":"Toute l'actualit\u00e9 de la plaine des Vosges","potentialAction":[{"@type":"SearchAction","target":{"@type":"EntryPoint","urlTemplate":"https:\/\/vosgesinfo.fr\/laplainedesvosgesinfo\/?s={search_term_string}"},"query-input":"required name=search_term_string"}],"inLanguage":"fr-FR"},{"@type":"Organization","@id":"https:\/\/vosgesinfo.fr\/laplainedesvosgesinfo\/#organization","name":"La Plaine des Vosges","url":"https:\/\/vosgesinfo.fr\/laplainedesvosgesinfo\/","logo":{"@type":"ImageObject","inLanguage":"fr-FR","@id":"https:\/\/vosgesinfo.fr\/laplainedesvosgesinfo\/#\/schema\/logo\/image\/","url":"https:\/\/vosgesinfo.fr\/app\/uploads\/sites\/2\/2023\/08\/logo-laplaineinfo.svg","contentUrl":"https:\/\/vosgesinfo.fr\/app\/uploads\/sites\/2\/2023\/08\/logo-laplaineinfo.svg","width":1,"height":1,"caption":"La Plaine des Vosges"},"image":{"@id":"https:\/\/vosgesinfo.fr\/laplainedesvosgesinfo\/#\/schema\/logo\/image\/"},"sameAs":["https:\/\/www.facebook.com\/laplainedesvosges","https:\/\/x.com\/VosgesInfo88","https:\/\/www.youtube.com\/@vosgesinfo"]},{"@type":"Person","@id":"https:\/\/vosgesinfo.fr\/laplainedesvosgesinfo\/#\/schema\/person\/fa73e9f726d67bb88f46d5b7943cb572","name":"J.J.","image":{"@type":"ImageObject","inLanguage":"fr-FR","@id":"https:\/\/vosgesinfo.fr\/laplainedesvosgesinfo\/#\/schema\/person\/image\/","url":"https:\/\/secure.gravatar.com\/avatar\/219e749e47ffbcca018a360ae4add7d4cdf1cdaaf8bc7676b27efade3fe65615?s=96&d=mm&r=g","contentUrl":"https:\/\/secure.gravatar.com\/avatar\/219e749e47ffbcca018a360ae4add7d4cdf1cdaaf8bc7676b27efade3fe65615?s=96&d=mm&r=g","caption":"J.J."},"url":"https:\/\/vosgesinfo.fr\/laplainedesvosgesinfo\/author\/j-j\/"}]}},"_links":{"self":[{"href":"https:\/\/vosgesinfo.fr\/laplainedesvosgesinfo\/wp-json\/wp\/v2\/posts\/27281","targetHints":{"allow":["GET"]}}],"collection":[{"href":"https:\/\/vosgesinfo.fr\/laplainedesvosgesinfo\/wp-json\/wp\/v2\/posts"}],"about":[{"href":"https:\/\/vosgesinfo.fr\/laplainedesvosgesinfo\/wp-json\/wp\/v2\/types\/post"}],"author":[{"embeddable":true,"href":"https:\/\/vosgesinfo.fr\/laplainedesvosgesinfo\/wp-json\/wp\/v2\/users\/46"}],"replies":[{"embeddable":true,"href":"https:\/\/vosgesinfo.fr\/laplainedesvosgesinfo\/wp-json\/wp\/v2\/comments?post=27281"}],"version-history":[{"count":0,"href":"https:\/\/vosgesinfo.fr\/laplainedesvosgesinfo\/wp-json\/wp\/v2\/posts\/27281\/revisions"}],"wp:featuredmedia":[{"embeddable":true,"href":"https:\/\/vosgesinfo.fr\/laplainedesvosgesinfo\/wp-json\/wp\/v2\/media\/27282"}],"wp:attachment":[{"href":"https:\/\/vosgesinfo.fr\/laplainedesvosgesinfo\/wp-json\/wp\/v2\/media?parent=27281"}],"wp:term":[{"taxonomy":"category","embeddable":true,"href":"https:\/\/vosgesinfo.fr\/laplainedesvosgesinfo\/wp-json\/wp\/v2\/categories?post=27281"},{"taxonomy":"post_tag","embeddable":true,"href":"https:\/\/vosgesinfo.fr\/laplainedesvosgesinfo\/wp-json\/wp\/v2\/tags?post=27281"}],"curies":[{"name":"wp","href":"https:\/\/api.w.org\/{rel}","templated":true}]}}