{"id":27757,"date":"2024-12-13T14:02:48","date_gmt":"2024-12-13T13:02:48","guid":{"rendered":"https:\/\/vosgesinfo.fr\/laplainedesvosgesinfo\/?p=27757"},"modified":"2024-12-13T14:02:48","modified_gmt":"2024-12-13T13:02:48","slug":"le-salon-du-mariage-fait-son-retour-a-saint-die-des-vosges","status":"publish","type":"post","link":"https:\/\/vosgesinfo.fr\/laplainedesvosgesinfo\/2024\/12\/le-salon-du-mariage-fait-son-retour-a-saint-die-des-vosges\/","title":{"rendered":"Le salon du mariage fait son retour \u00e0 Saint-Di\u00e9-des-Vosges !"},"content":{"rendered":"<p><iframe loading=\"lazy\" title=\"Le Salon Saint-Di\u00e9 Mariage aura lieu les 11 et 12 janvier 2025 \u00e0 l&#039;Espace Fran\u00e7ois-Mitterrand\" width=\"500\" height=\"281\" src=\"https:\/\/www.youtube.com\/embed\/c1o_tThEfwg?feature=oembed\" frameborder=\"0\" allow=\"accelerometer; autoplay; clipboard-write; encrypted-media; gyroscope; picture-in-picture; web-share\" referrerpolicy=\"strict-origin-when-cross-origin\" allowfullscreen><\/iframe><\/p>\n<h2>Apr\u00e8s de nombreuses ann\u00e9es d&rsquo;absence, il y aura bient\u00f4t de nouveau un salon du mariage \u00e0 Saint-Di\u00e9-des-Vosges. Cette fois-ci sous l&rsquo;impulsion de PrestaTech-Ev\u00e9nements, qui organise le week-end des 11 et 12 janvier 2025 le Salon Saint-Di\u00e9 Mariage \u00e0 l&rsquo;Espace Fran\u00e7ois-Mitterrand. L&rsquo;agence \u00e9v\u00e9nementielle pr\u00e9sid\u00e9e par Adrien Christophe est bien rod\u00e9e dans cet exercice, puisqu&rsquo;elle organise d\u00e9j\u00e0 le salon du mariage d&rsquo;Epinal.<\/h2>\n<p><!--more--><\/p>\n<p>Lors du Salon Saint-Di\u00e9 Mariage, tous les artisans et commer\u00e7ants experts du mariage seront r\u00e9unis autour du th\u00e8me \u00ab Le Romantisme de la Nature \u00bb. \u00ab A travers ce th\u00e8me, nous souhaitons encourager les couples \u00e0 imaginer un mariage qui refl\u00e8te leur amour pour l&rsquo;authenticit\u00e9, la simplicit\u00e9 et un art de vivre \u00e9coresponsable. Gr\u00e2ce \u00e0 ce th\u00e8me, le salon offrira une vision nouvelle du mariage, avec un retour aux sources o\u00f9 la nature devient le plus beau d\u00e9cor d&rsquo;une c\u00e9l\u00e9bration, et o\u00f9 chaque couple peut se projeter dans un cadre aussi intime qu&rsquo;inoubliable \u00bb explique PrestaTech-Evenements.<\/p>\n<div id=\"attachment_71801\" style=\"width: 1034px\" class=\"wp-caption alignnone\"><a href=\"https:\/\/vosgesinfo.fr\/app\/uploads\/sites\/4\/2024\/12\/presentation-salon-mariage-sddv-2-scaled.jpg\"><img decoding=\"async\" aria-describedby=\"caption-attachment-71801\" class=\"wp-image-71801 size-large\" src=\"https:\/\/vosgesinfo.fr\/app\/uploads\/sites\/4\/2024\/12\/presentation-salon-mariage-sddv-2-1024x771.jpg\" alt=\"\" width=\"1024\" height=\"771\" \/><\/a><p id=\"caption-attachment-71801\" class=\"wp-caption-text\">Adrien Christophe et Apolline Mercier ont pr\u00e9sent\u00e9 le Salon Saint-Di\u00e9 Mariage ce jeudi soir \u00e0 la Tour de la Libert\u00e9.<\/p><\/div>\n<p>&nbsp;<\/p>\n<p>Sur place, samedi et dimanche de 10h \u00e0 18h en continu, les futurs mari\u00e9s pourront rencontrer plus d&rsquo;une vingtaine de professionnels de la D\u00e9odatie et des Vosges. Cr\u00e9ateurs de robes de mari\u00e9es, photographes, d\u00e9corateurs, fleuristes, bijoutiers, traiteurs, voyagistes, etc. Le salon du mariage d\u00e9odatien sera l&rsquo;opportunit\u00e9 de trouver de l&rsquo;inspiration, de d\u00e9couvrir les tendances de l&rsquo;ann\u00e9e 2025, d&rsquo;\u00eatre conseill\u00e9, de comparer, de discuter, et m\u00eame de r\u00e9server directement des prestataires. Le tout afin de pr\u00e9parer au mieux et rendre inoubliable ce grand \u00e9v\u00e9nement qu&rsquo;est le mariage.<\/p>\n<p><a href=\"https:\/\/vosgesinfo.fr\/app\/uploads\/sites\/4\/2024\/12\/presentation-salon-mariage-sddv-1-scaled.jpg\"><img decoding=\"async\" class=\"alignnone size-large wp-image-71800\" src=\"https:\/\/vosgesinfo.fr\/app\/uploads\/sites\/4\/2024\/12\/presentation-salon-mariage-sddv-1-1024x771.jpg\" alt=\"\" width=\"1024\" height=\"771\" \/><\/a><\/p>\n<p>Le week-end sera rythm\u00e9 par 5 \u00ab\u00a0flashmodes\u00a0\u00bb, des mini-d\u00e9fil\u00e9s de 15 minutes qui mettront en avant les derni\u00e8res tendances pr\u00eat-\u00e0-porter du mariage, f\u00e9minin comme masculin. Ces \u00ab\u00a0flashmodes\u00a0\u00bb auront respectivement lieu \u00e0 14h et 16h le samedi, puis \u00e0 11h, 15h et 17h le lendemain dimanche. Ils seront entrecoup\u00e9s par des s\u00e9quences assur\u00e9es par les danseuses et danseurs de l&rsquo;association margaritaine Mag&rsquo;Danse.<\/p>\n<p>Un bar et de la restauration viendront compl\u00e9ter le tableau du Salon Saint-Di\u00e9 Mariage. A noter enfin que l&rsquo;entr\u00e9e est de 5\u20ac, sachant que plus de 2500 invitations ont \u00e9t\u00e9 distribu\u00e9es \u00e0 diff\u00e9rents endroits de la ville, notamment chez les exposants et autres commerces.<\/p>\n<p>Pour suivre l&rsquo;actualit\u00e9 du Salon Saint-Di\u00e9 Mariage, <a href=\"https:\/\/www.facebook.com\/profile.php?id=61553031274325\" target=\"_blank\" rel=\"noopener\">rendez-vous sur la page Facebook Salons Vosges Mariage.<\/a><\/p>\n<p><a href=\"https:\/\/vosgesinfo.fr\/app\/uploads\/sites\/4\/2024\/12\/presentation-salon-mariage-sddv-3.png\"><img decoding=\"async\" class=\"alignnone size-large wp-image-71804\" src=\"https:\/\/vosgesinfo.fr\/app\/uploads\/sites\/4\/2024\/12\/presentation-salon-mariage-sddv-3-725x1024.png\" alt=\"\" width=\"725\" height=\"1024\" \/><\/a><\/p>\n","protected":false},"excerpt":{"rendered":"<p>Apr\u00e8s de nombreuses ann\u00e9es d&rsquo;absence, il y aura bient\u00f4t de nouveau un salon du mariage \u00e0 Saint-Di\u00e9-des-Vosges. Cette fois-ci sous [&hellip;]<\/p>\n","protected":false},"author":46,"featured_media":27758,"comment_status":"open","ping_status":"open","sticky":false,"template":"","format":"standard","meta":{"footnotes":""},"categories":[29,383,294,380,396,381,393,18],"tags":[2494,7675,7676,7677],"class_list":["post-27757","post","type-post","status-publish","format-standard","has-post-thumbnail","hentry","category-a-la-une","category-epinal","category-gerardmer","category-la-plaine-des-vosges","category-publi-reportage","category-remiremont","category-saint-die-des-vosges","category-vosges","tag-espace-francois-mitterrand","tag-prestatech-evenements","tag-salon-du-mariage-de-saint-die-des-vosges","tag-salon-saint-die-mariage"],"acf":[],"yoast_head":"<!-- This site is optimized with the Yoast SEO plugin v22.5 - https:\/\/yoast.com\/wordpress\/plugins\/seo\/ -->\n<title>Le salon du mariage fait son retour \u00e0 Saint-Di\u00e9-des-Vosges ! - La Plaine des Vosges<\/title>\n<meta name=\"robots\" content=\"index, follow, max-snippet:-1, max-image-preview:large, max-video-preview:-1\" \/>\n<link rel=\"canonical\" href=\"https:\/\/vosgesinfo.fr\/laplainedesvosgesinfo\/2024\/12\/le-salon-du-mariage-fait-son-retour-a-saint-die-des-vosges\/\" \/>\n<meta name=\"twitter:card\" content=\"summary_large_image\" \/>\n<meta name=\"twitter:title\" content=\"Le salon du mariage fait son retour \u00e0 Saint-Di\u00e9-des-Vosges ! - La Plaine des Vosges\" \/>\n<meta name=\"twitter:description\" content=\"Apr\u00e8s de nombreuses ann\u00e9es d&rsquo;absence, il y aura bient\u00f4t de nouveau un salon du mariage \u00e0 Saint-Di\u00e9-des-Vosges. Cette fois-ci sous [&hellip;]\" \/>\n<meta name=\"twitter:image\" content=\"https:\/\/vosgesinfo.fr\/app\/uploads\/sites\/2\/2024\/12\/presentation-salon-mariage-sddv-2-scaled-1.jpg\" \/>\n<meta name=\"twitter:creator\" content=\"@VosgesInfo88\" \/>\n<meta name=\"twitter:site\" content=\"@VosgesInfo88\" \/>\n<meta name=\"twitter:label1\" content=\"\u00c9crit par\" \/>\n\t<meta name=\"twitter:data1\" content=\"J.J.\" \/>\n\t<meta name=\"twitter:label2\" content=\"Dur\u00e9e de lecture estim\u00e9e\" \/>\n\t<meta name=\"twitter:data2\" content=\"2 minutes\" \/>\n<script type=\"application\/ld+json\" class=\"yoast-schema-graph\">{\"@context\":\"https:\/\/schema.org\",\"@graph\":[{\"@type\":\"Article\",\"@id\":\"https:\/\/vosgesinfo.fr\/laplainedesvosgesinfo\/2024\/12\/le-salon-du-mariage-fait-son-retour-a-saint-die-des-vosges\/#article\",\"isPartOf\":{\"@id\":\"https:\/\/vosgesinfo.fr\/laplainedesvosgesinfo\/2024\/12\/le-salon-du-mariage-fait-son-retour-a-saint-die-des-vosges\/\"},\"author\":{\"name\":\"J.J.\",\"@id\":\"https:\/\/vosgesinfo.fr\/laplainedesvosgesinfo\/#\/schema\/person\/fa73e9f726d67bb88f46d5b7943cb572\"},\"headline\":\"Le salon du mariage fait son retour \u00e0 Saint-Di\u00e9-des-Vosges !\",\"datePublished\":\"2024-12-13T13:02:48+00:00\",\"dateModified\":\"2024-12-13T13:02:48+00:00\",\"mainEntityOfPage\":{\"@id\":\"https:\/\/vosgesinfo.fr\/laplainedesvosgesinfo\/2024\/12\/le-salon-du-mariage-fait-son-retour-a-saint-die-des-vosges\/\"},\"wordCount\":450,\"commentCount\":1,\"publisher\":{\"@id\":\"https:\/\/vosgesinfo.fr\/laplainedesvosgesinfo\/#organization\"},\"image\":{\"@id\":\"https:\/\/vosgesinfo.fr\/laplainedesvosgesinfo\/2024\/12\/le-salon-du-mariage-fait-son-retour-a-saint-die-des-vosges\/#primaryimage\"},\"thumbnailUrl\":\"https:\/\/vosgesinfo.fr\/app\/uploads\/sites\/2\/2024\/12\/presentation-salon-mariage-sddv-2-scaled-1.jpg\",\"keywords\":[\"Espace Fran\u00e7ois-Mitterrand\",\"Prestatech Ev\u00e9nements\",\"Salon du mariage de Saint-Di\u00e9-des-Vosges\",\"Salon Saint-Di\u00e9 Mariage\"],\"articleSection\":[\"A la Une\",\"Epinal\",\"G\u00e9rardmer\",\"La plaine des vosges\",\"Publi-reportage\",\"Remiremont\",\"Saint-Di\u00e9-des-Vosges\",\"Vosges\"],\"inLanguage\":\"fr-FR\",\"potentialAction\":[{\"@type\":\"CommentAction\",\"name\":\"Comment\",\"target\":[\"https:\/\/vosgesinfo.fr\/laplainedesvosgesinfo\/2024\/12\/le-salon-du-mariage-fait-son-retour-a-saint-die-des-vosges\/#respond\"]}]},{\"@type\":\"WebPage\",\"@id\":\"https:\/\/vosgesinfo.fr\/laplainedesvosgesinfo\/2024\/12\/le-salon-du-mariage-fait-son-retour-a-saint-die-des-vosges\/\",\"url\":\"https:\/\/vosgesinfo.fr\/laplainedesvosgesinfo\/2024\/12\/le-salon-du-mariage-fait-son-retour-a-saint-die-des-vosges\/\",\"name\":\"Le salon du mariage fait son retour \u00e0 Saint-Di\u00e9-des-Vosges ! - La Plaine des Vosges\",\"isPartOf\":{\"@id\":\"https:\/\/vosgesinfo.fr\/laplainedesvosgesinfo\/#website\"},\"primaryImageOfPage\":{\"@id\":\"https:\/\/vosgesinfo.fr\/laplainedesvosgesinfo\/2024\/12\/le-salon-du-mariage-fait-son-retour-a-saint-die-des-vosges\/#primaryimage\"},\"image\":{\"@id\":\"https:\/\/vosgesinfo.fr\/laplainedesvosgesinfo\/2024\/12\/le-salon-du-mariage-fait-son-retour-a-saint-die-des-vosges\/#primaryimage\"},\"thumbnailUrl\":\"https:\/\/vosgesinfo.fr\/app\/uploads\/sites\/2\/2024\/12\/presentation-salon-mariage-sddv-2-scaled-1.jpg\",\"datePublished\":\"2024-12-13T13:02:48+00:00\",\"dateModified\":\"2024-12-13T13:02:48+00:00\",\"breadcrumb\":{\"@id\":\"https:\/\/vosgesinfo.fr\/laplainedesvosgesinfo\/2024\/12\/le-salon-du-mariage-fait-son-retour-a-saint-die-des-vosges\/#breadcrumb\"},\"inLanguage\":\"fr-FR\",\"potentialAction\":[{\"@type\":\"ReadAction\",\"target\":[\"https:\/\/vosgesinfo.fr\/laplainedesvosgesinfo\/2024\/12\/le-salon-du-mariage-fait-son-retour-a-saint-die-des-vosges\/\"]}]},{\"@type\":\"ImageObject\",\"inLanguage\":\"fr-FR\",\"@id\":\"https:\/\/vosgesinfo.fr\/laplainedesvosgesinfo\/2024\/12\/le-salon-du-mariage-fait-son-retour-a-saint-die-des-vosges\/#primaryimage\",\"url\":\"https:\/\/vosgesinfo.fr\/app\/uploads\/sites\/2\/2024\/12\/presentation-salon-mariage-sddv-2-scaled-1.jpg\",\"contentUrl\":\"https:\/\/vosgesinfo.fr\/app\/uploads\/sites\/2\/2024\/12\/presentation-salon-mariage-sddv-2-scaled-1.jpg\",\"width\":2560,\"height\":1928},{\"@type\":\"BreadcrumbList\",\"@id\":\"https:\/\/vosgesinfo.fr\/laplainedesvosgesinfo\/2024\/12\/le-salon-du-mariage-fait-son-retour-a-saint-die-des-vosges\/#breadcrumb\",\"itemListElement\":[{\"@type\":\"ListItem\",\"position\":1,\"name\":\"Home\",\"item\":\"https:\/\/vosgesinfo.fr\/laplainedesvosgesinfo\/\"},{\"@type\":\"ListItem\",\"position\":2,\"name\":\"Le salon du mariage fait son retour \u00e0 Saint-Di\u00e9-des-Vosges !\"}]},{\"@type\":\"WebSite\",\"@id\":\"https:\/\/vosgesinfo.fr\/laplainedesvosgesinfo\/#website\",\"url\":\"https:\/\/vosgesinfo.fr\/laplainedesvosgesinfo\/\",\"name\":\"La Plaine des Vosges\",\"description\":\"Toute l&#039;actualit\u00e9 de la plaine de Vosges\",\"publisher\":{\"@id\":\"https:\/\/vosgesinfo.fr\/laplainedesvosgesinfo\/#organization\"},\"alternateName\":\"Toute l'actualit\u00e9 de la plaine des Vosges\",\"potentialAction\":[{\"@type\":\"SearchAction\",\"target\":{\"@type\":\"EntryPoint\",\"urlTemplate\":\"https:\/\/vosgesinfo.fr\/laplainedesvosgesinfo\/?s={search_term_string}\"},\"query-input\":\"required name=search_term_string\"}],\"inLanguage\":\"fr-FR\"},{\"@type\":\"Organization\",\"@id\":\"https:\/\/vosgesinfo.fr\/laplainedesvosgesinfo\/#organization\",\"name\":\"La Plaine des Vosges\",\"url\":\"https:\/\/vosgesinfo.fr\/laplainedesvosgesinfo\/\",\"logo\":{\"@type\":\"ImageObject\",\"inLanguage\":\"fr-FR\",\"@id\":\"https:\/\/vosgesinfo.fr\/laplainedesvosgesinfo\/#\/schema\/logo\/image\/\",\"url\":\"https:\/\/vosgesinfo.fr\/app\/uploads\/sites\/2\/2023\/08\/logo-laplaineinfo.svg\",\"contentUrl\":\"https:\/\/vosgesinfo.fr\/app\/uploads\/sites\/2\/2023\/08\/logo-laplaineinfo.svg\",\"width\":1,\"height\":1,\"caption\":\"La Plaine des Vosges\"},\"image\":{\"@id\":\"https:\/\/vosgesinfo.fr\/laplainedesvosgesinfo\/#\/schema\/logo\/image\/\"},\"sameAs\":[\"https:\/\/www.facebook.com\/laplainedesvosges\",\"https:\/\/x.com\/VosgesInfo88\",\"https:\/\/www.youtube.com\/@vosgesinfo\"]},{\"@type\":\"Person\",\"@id\":\"https:\/\/vosgesinfo.fr\/laplainedesvosgesinfo\/#\/schema\/person\/fa73e9f726d67bb88f46d5b7943cb572\",\"name\":\"J.J.\",\"image\":{\"@type\":\"ImageObject\",\"inLanguage\":\"fr-FR\",\"@id\":\"https:\/\/vosgesinfo.fr\/laplainedesvosgesinfo\/#\/schema\/person\/image\/\",\"url\":\"https:\/\/secure.gravatar.com\/avatar\/219e749e47ffbcca018a360ae4add7d4cdf1cdaaf8bc7676b27efade3fe65615?s=96&d=mm&r=g\",\"contentUrl\":\"https:\/\/secure.gravatar.com\/avatar\/219e749e47ffbcca018a360ae4add7d4cdf1cdaaf8bc7676b27efade3fe65615?s=96&d=mm&r=g\",\"caption\":\"J.J.\"},\"url\":\"https:\/\/vosgesinfo.fr\/laplainedesvosgesinfo\/author\/j-j\/\"}]}<\/script>\n<!-- \/ Yoast SEO plugin. -->","yoast_head_json":{"title":"Le salon du mariage fait son retour \u00e0 Saint-Di\u00e9-des-Vosges ! - La Plaine des Vosges","robots":{"index":"index","follow":"follow","max-snippet":"max-snippet:-1","max-image-preview":"max-image-preview:large","max-video-preview":"max-video-preview:-1"},"canonical":"https:\/\/vosgesinfo.fr\/laplainedesvosgesinfo\/2024\/12\/le-salon-du-mariage-fait-son-retour-a-saint-die-des-vosges\/","twitter_card":"summary_large_image","twitter_title":"Le salon du mariage fait son retour \u00e0 Saint-Di\u00e9-des-Vosges ! - La Plaine des Vosges","twitter_description":"Apr\u00e8s de nombreuses ann\u00e9es d&rsquo;absence, il y aura bient\u00f4t de nouveau un salon du mariage \u00e0 Saint-Di\u00e9-des-Vosges. Cette fois-ci sous [&hellip;]","twitter_image":"https:\/\/vosgesinfo.fr\/app\/uploads\/sites\/2\/2024\/12\/presentation-salon-mariage-sddv-2-scaled-1.jpg","twitter_creator":"@VosgesInfo88","twitter_site":"@VosgesInfo88","twitter_misc":{"\u00c9crit par":"J.J.","Dur\u00e9e de lecture estim\u00e9e":"2 minutes"},"schema":{"@context":"https:\/\/schema.org","@graph":[{"@type":"Article","@id":"https:\/\/vosgesinfo.fr\/laplainedesvosgesinfo\/2024\/12\/le-salon-du-mariage-fait-son-retour-a-saint-die-des-vosges\/#article","isPartOf":{"@id":"https:\/\/vosgesinfo.fr\/laplainedesvosgesinfo\/2024\/12\/le-salon-du-mariage-fait-son-retour-a-saint-die-des-vosges\/"},"author":{"name":"J.J.","@id":"https:\/\/vosgesinfo.fr\/laplainedesvosgesinfo\/#\/schema\/person\/fa73e9f726d67bb88f46d5b7943cb572"},"headline":"Le salon du mariage fait son retour \u00e0 Saint-Di\u00e9-des-Vosges !","datePublished":"2024-12-13T13:02:48+00:00","dateModified":"2024-12-13T13:02:48+00:00","mainEntityOfPage":{"@id":"https:\/\/vosgesinfo.fr\/laplainedesvosgesinfo\/2024\/12\/le-salon-du-mariage-fait-son-retour-a-saint-die-des-vosges\/"},"wordCount":450,"commentCount":1,"publisher":{"@id":"https:\/\/vosgesinfo.fr\/laplainedesvosgesinfo\/#organization"},"image":{"@id":"https:\/\/vosgesinfo.fr\/laplainedesvosgesinfo\/2024\/12\/le-salon-du-mariage-fait-son-retour-a-saint-die-des-vosges\/#primaryimage"},"thumbnailUrl":"https:\/\/vosgesinfo.fr\/app\/uploads\/sites\/2\/2024\/12\/presentation-salon-mariage-sddv-2-scaled-1.jpg","keywords":["Espace Fran\u00e7ois-Mitterrand","Prestatech Ev\u00e9nements","Salon du mariage de Saint-Di\u00e9-des-Vosges","Salon Saint-Di\u00e9 Mariage"],"articleSection":["A la Une","Epinal","G\u00e9rardmer","La plaine des vosges","Publi-reportage","Remiremont","Saint-Di\u00e9-des-Vosges","Vosges"],"inLanguage":"fr-FR","potentialAction":[{"@type":"CommentAction","name":"Comment","target":["https:\/\/vosgesinfo.fr\/laplainedesvosgesinfo\/2024\/12\/le-salon-du-mariage-fait-son-retour-a-saint-die-des-vosges\/#respond"]}]},{"@type":"WebPage","@id":"https:\/\/vosgesinfo.fr\/laplainedesvosgesinfo\/2024\/12\/le-salon-du-mariage-fait-son-retour-a-saint-die-des-vosges\/","url":"https:\/\/vosgesinfo.fr\/laplainedesvosgesinfo\/2024\/12\/le-salon-du-mariage-fait-son-retour-a-saint-die-des-vosges\/","name":"Le salon du mariage fait son retour \u00e0 Saint-Di\u00e9-des-Vosges ! - La Plaine des Vosges","isPartOf":{"@id":"https:\/\/vosgesinfo.fr\/laplainedesvosgesinfo\/#website"},"primaryImageOfPage":{"@id":"https:\/\/vosgesinfo.fr\/laplainedesvosgesinfo\/2024\/12\/le-salon-du-mariage-fait-son-retour-a-saint-die-des-vosges\/#primaryimage"},"image":{"@id":"https:\/\/vosgesinfo.fr\/laplainedesvosgesinfo\/2024\/12\/le-salon-du-mariage-fait-son-retour-a-saint-die-des-vosges\/#primaryimage"},"thumbnailUrl":"https:\/\/vosgesinfo.fr\/app\/uploads\/sites\/2\/2024\/12\/presentation-salon-mariage-sddv-2-scaled-1.jpg","datePublished":"2024-12-13T13:02:48+00:00","dateModified":"2024-12-13T13:02:48+00:00","breadcrumb":{"@id":"https:\/\/vosgesinfo.fr\/laplainedesvosgesinfo\/2024\/12\/le-salon-du-mariage-fait-son-retour-a-saint-die-des-vosges\/#breadcrumb"},"inLanguage":"fr-FR","potentialAction":[{"@type":"ReadAction","target":["https:\/\/vosgesinfo.fr\/laplainedesvosgesinfo\/2024\/12\/le-salon-du-mariage-fait-son-retour-a-saint-die-des-vosges\/"]}]},{"@type":"ImageObject","inLanguage":"fr-FR","@id":"https:\/\/vosgesinfo.fr\/laplainedesvosgesinfo\/2024\/12\/le-salon-du-mariage-fait-son-retour-a-saint-die-des-vosges\/#primaryimage","url":"https:\/\/vosgesinfo.fr\/app\/uploads\/sites\/2\/2024\/12\/presentation-salon-mariage-sddv-2-scaled-1.jpg","contentUrl":"https:\/\/vosgesinfo.fr\/app\/uploads\/sites\/2\/2024\/12\/presentation-salon-mariage-sddv-2-scaled-1.jpg","width":2560,"height":1928},{"@type":"BreadcrumbList","@id":"https:\/\/vosgesinfo.fr\/laplainedesvosgesinfo\/2024\/12\/le-salon-du-mariage-fait-son-retour-a-saint-die-des-vosges\/#breadcrumb","itemListElement":[{"@type":"ListItem","position":1,"name":"Home","item":"https:\/\/vosgesinfo.fr\/laplainedesvosgesinfo\/"},{"@type":"ListItem","position":2,"name":"Le salon du mariage fait son retour \u00e0 Saint-Di\u00e9-des-Vosges !"}]},{"@type":"WebSite","@id":"https:\/\/vosgesinfo.fr\/laplainedesvosgesinfo\/#website","url":"https:\/\/vosgesinfo.fr\/laplainedesvosgesinfo\/","name":"La Plaine des Vosges","description":"Toute l&#039;actualit\u00e9 de la plaine de Vosges","publisher":{"@id":"https:\/\/vosgesinfo.fr\/laplainedesvosgesinfo\/#organization"},"alternateName":"Toute l'actualit\u00e9 de la plaine des Vosges","potentialAction":[{"@type":"SearchAction","target":{"@type":"EntryPoint","urlTemplate":"https:\/\/vosgesinfo.fr\/laplainedesvosgesinfo\/?s={search_term_string}"},"query-input":"required name=search_term_string"}],"inLanguage":"fr-FR"},{"@type":"Organization","@id":"https:\/\/vosgesinfo.fr\/laplainedesvosgesinfo\/#organization","name":"La Plaine des Vosges","url":"https:\/\/vosgesinfo.fr\/laplainedesvosgesinfo\/","logo":{"@type":"ImageObject","inLanguage":"fr-FR","@id":"https:\/\/vosgesinfo.fr\/laplainedesvosgesinfo\/#\/schema\/logo\/image\/","url":"https:\/\/vosgesinfo.fr\/app\/uploads\/sites\/2\/2023\/08\/logo-laplaineinfo.svg","contentUrl":"https:\/\/vosgesinfo.fr\/app\/uploads\/sites\/2\/2023\/08\/logo-laplaineinfo.svg","width":1,"height":1,"caption":"La Plaine des Vosges"},"image":{"@id":"https:\/\/vosgesinfo.fr\/laplainedesvosgesinfo\/#\/schema\/logo\/image\/"},"sameAs":["https:\/\/www.facebook.com\/laplainedesvosges","https:\/\/x.com\/VosgesInfo88","https:\/\/www.youtube.com\/@vosgesinfo"]},{"@type":"Person","@id":"https:\/\/vosgesinfo.fr\/laplainedesvosgesinfo\/#\/schema\/person\/fa73e9f726d67bb88f46d5b7943cb572","name":"J.J.","image":{"@type":"ImageObject","inLanguage":"fr-FR","@id":"https:\/\/vosgesinfo.fr\/laplainedesvosgesinfo\/#\/schema\/person\/image\/","url":"https:\/\/secure.gravatar.com\/avatar\/219e749e47ffbcca018a360ae4add7d4cdf1cdaaf8bc7676b27efade3fe65615?s=96&d=mm&r=g","contentUrl":"https:\/\/secure.gravatar.com\/avatar\/219e749e47ffbcca018a360ae4add7d4cdf1cdaaf8bc7676b27efade3fe65615?s=96&d=mm&r=g","caption":"J.J."},"url":"https:\/\/vosgesinfo.fr\/laplainedesvosgesinfo\/author\/j-j\/"}]}},"_links":{"self":[{"href":"https:\/\/vosgesinfo.fr\/laplainedesvosgesinfo\/wp-json\/wp\/v2\/posts\/27757","targetHints":{"allow":["GET"]}}],"collection":[{"href":"https:\/\/vosgesinfo.fr\/laplainedesvosgesinfo\/wp-json\/wp\/v2\/posts"}],"about":[{"href":"https:\/\/vosgesinfo.fr\/laplainedesvosgesinfo\/wp-json\/wp\/v2\/types\/post"}],"author":[{"embeddable":true,"href":"https:\/\/vosgesinfo.fr\/laplainedesvosgesinfo\/wp-json\/wp\/v2\/users\/46"}],"replies":[{"embeddable":true,"href":"https:\/\/vosgesinfo.fr\/laplainedesvosgesinfo\/wp-json\/wp\/v2\/comments?post=27757"}],"version-history":[{"count":0,"href":"https:\/\/vosgesinfo.fr\/laplainedesvosgesinfo\/wp-json\/wp\/v2\/posts\/27757\/revisions"}],"wp:featuredmedia":[{"embeddable":true,"href":"https:\/\/vosgesinfo.fr\/laplainedesvosgesinfo\/wp-json\/wp\/v2\/media\/27758"}],"wp:attachment":[{"href":"https:\/\/vosgesinfo.fr\/laplainedesvosgesinfo\/wp-json\/wp\/v2\/media?parent=27757"}],"wp:term":[{"taxonomy":"category","embeddable":true,"href":"https:\/\/vosgesinfo.fr\/laplainedesvosgesinfo\/wp-json\/wp\/v2\/categories?post=27757"},{"taxonomy":"post_tag","embeddable":true,"href":"https:\/\/vosgesinfo.fr\/laplainedesvosgesinfo\/wp-json\/wp\/v2\/tags?post=27757"}],"curies":[{"name":"wp","href":"https:\/\/api.w.org\/{rel}","templated":true}]}}