{"id":27802,"date":"2024-12-17T11:49:41","date_gmt":"2024-12-17T10:49:41","guid":{"rendered":"https:\/\/vosgesinfo.fr\/laplainedesvosgesinfo\/2024\/12\/a-vos-marques-triez-podium-et-fin-de-la-deuxieme-edition-du-defi-propose-par-evodia-aux-entreprises-vosgiennes\/"},"modified":"2024-12-17T11:49:41","modified_gmt":"2024-12-17T10:49:41","slug":"a-vos-marques-triez-podium-et-fin-de-la-deuxieme-edition-du-defi-propose-par-evodia-aux-entreprises-vosgiennes","status":"publish","type":"post","link":"https:\/\/vosgesinfo.fr\/laplainedesvosgesinfo\/2024\/12\/a-vos-marques-triez-podium-et-fin-de-la-deuxieme-edition-du-defi-propose-par-evodia-aux-entreprises-vosgiennes\/","title":{"rendered":"\u00ab A vos marques\u2026 Triez ! \u00bb, podium et fin de la deuxi\u00e8me \u00e9dition du d\u00e9fi propos\u00e9 par Evodia aux entreprises vosgiennes"},"content":{"rendered":"<h2><a href=\"https:\/\/vosgesinfo.fr\/app\/uploads\/sites\/3\/2024\/12\/sans-titre-6.jpg\"><img decoding=\"async\" class=\"aligncenter size-full wp-image-126257\" src=\"https:\/\/vosgesinfo.fr\/app\/uploads\/sites\/3\/2024\/12\/sans-titre-6.jpg\" alt=\"\" width=\"567\" height=\"564\" \/><\/a>A l\u2019occasion de la Semaine Europ\u00e9enne de R\u00e9duction des D\u00e9chets (SERD), qui s\u2019est d\u00e9roul\u00e9e du 16 au 24 novembre 2024, Evodia a lanc\u00e9, en partenariat avec Vosges TLC, une grande collecte de textiles aupr\u00e8s des entreprises implant\u00e9es dans les Vosges. Au total, cette course textiles d\u2019une semaine a rassembl\u00e9 plus d\u2019une trentaine d\u2019entreprises sur tout le territoire.<\/h2>\n<h3><\/h3>\n<h3>Et les gagnants sont\u2026<\/h3>\n<p>Gr\u00e2ce \u00e0 l\u2019accompagnement d\u2019Evodia et de Vosges TLC, un total de 3,6 tonnes a \u00e9t\u00e9 collect\u00e9 au cours de cette<br \/>\nsemaine ! L\u2019entreprise MUOVI monte sur la 1\u00e8re marche du podium avec 6,82 kilos par salari\u00e9 ; la 2\u00e8me<br \/>\nmarche est occup\u00e9e par ORCOM CFGS qui a collect\u00e9 5,62 kilos par salari\u00e9 et la 3\u00e8me place est attribu\u00e9e \u00e0<br \/>\nACERE avec 5,60 kilos par salari\u00e9. De belles performances !<\/p>\n<p>Nous remercions toutes les entreprises vosgienne engag\u00e9es : Oi Manufacturing, Cevofil, Maison Et Services,<br \/>\nGroupe Livio, Nouvelle Soci\u00e9t\u00e9 Gerbois, Acere Groupe, Groupe Cr\u00e9dit Agricole, Scab &#8211; Artisans Artip\u00f4le<br \/>\nGrand-Est, Muovi, Via Mobilis, Apf France Handicap Dinoze, Charcuterie Pierrat, Exco Nexiom, Orcom,<br \/>\nFramatec, Confiserie Des Hautes Vosges, La Poste, Bleufor\u00eat, Sibelco, Harmonie Mutuelle, Citeos, Boiron<br \/>\nFrance, Lucart, MGE, Association De Belval Portieux, Bonini Sas, Citraval, FENIIX, Bongrain Et Vosgelis<\/p>\n<h3>Une deuxi\u00e8me \u00e9dition et des nouveaut\u00e9s<\/h3>\n<p>En 2023, cette course des textiles d\u2019une semaine avait d\u00e9j\u00e0 rassembl\u00e9 une trentaine d\u2019entreprises avec 48<br \/>\npoints de collecte sur tout le territoire. Cette ann\u00e9e, Evodia offre aux trois entreprises sur le podium un<br \/>\ndiagnostic \u00ab d\u00e9chets \u00bb et une animation sous format \u00ab stand de sensibilisation \u00bb.<\/p>\n<h3>Des salari\u00e9s citoyens dans des entreprises responsables<\/h3>\n<p>L\u2019objectif de cette op\u00e9ration est de sensibiliser les Vosgiens aux enjeux du tri, du r\u00e9emploi et du recyclage<br \/>\ndes textiles usag\u00e9s et de leur faire d\u00e9couvrir, voire adopter, des solutions pour diminuer les impacts de<br \/>\nl\u2019industrie textile (qui reste la 2\u00e8me plus polluante au monde) : trier ses v\u00eatements et les d\u00e9poser dans les<br \/>\nbornes textiles, les donner ou les vendre, les r\u00e9parer, les transformer\u2026 mais aussi modifier ses habitudes de<br \/>\nconsommation et r\u00e9sister (quelque peu) \u00e0 la fast fashion dont les produits de pi\u00e8tre qualit\u00e9, sont aussi vite<br \/>\nachet\u00e9s que jet\u00e9s. Les entreprises vosgiennes, dont les r\u00f4les sociaux et environnementaux sont clairement<br \/>\naffich\u00e9s, sont un cadre parfait pour \u00e9voquer ces enjeux et s\u2019adresser aux salari\u00e9s qui sont aussi et surtout<br \/>\ndes citoyens. En 2024, Evodia a propos\u00e9 un nouveau d\u00e9fi aux entreprises vosgiennes avec l\u2019objectif d\u2019inscrire<br \/>\nces collectes \u00e9v\u00e9nementielles dans la dur\u00e9e. Elles pourront notamment \u00eatre r\u00e9alis\u00e9es conjointement au<br \/>\nlancement des nouvelles fili\u00e8res de recyclage et de valorisation des d\u00e9chets.<\/p>\n<h3>Tous les textiles se trient\u2026 dans les Vosges !<\/h3>\n<p>Dans les Vosges, c\u2019est Vosges TLC (pour Textiles, Linge, Chaussures) qui g\u00e8re la fili\u00e8re des textiles usag\u00e9s.<br \/>\nCr\u00e9\u00e9e par Evodia en 2013, cette entreprise d\u2019insertion a accueilli 4 500 tonnes de v\u00eatements, chaussures,<br \/>\nsacs, accessoires, linge de maison\u2026 dont plus de 1 600 issues des 330 bornes disponibles sur tout le<br \/>\nd\u00e9partement. Bas\u00e9 \u00e0 Girmont, le centre de tri permet de s\u00e9parer les textiles selon leur qualit\u00e9. En tr\u00e8s bon<br \/>\n\u00e9tat et au go\u00fbt du jour ? Ils alimentent les 7 friperies de Vosges TLC. Le reste sera transform\u00e9 en chiffons<br \/>\nd\u2019essuyage ou en de nouvelles bobines de fil, en isolant ou en de nouvelles mati\u00e8res premi\u00e8res.<br \/>\nSi les Vosgiens d\u00e9posent plus de 4 kilos de textiles par an dans les bornes de Vosges TLC (plus que la moyenne<br \/>\nnationale), des efforts restent \u00e0 faire ! On retrouve encore de nombreux textiles dans la poubelle d\u2019ordures<br \/>\nm\u00e9nag\u00e8res, dans les sacs et bacs jaunes et dans les bennes de \u00ab tout-venant \u00bb des d\u00e9ch\u00e8teries. Autant de<br \/>\nv\u00eatements, chaussures\u2026 qui sont incin\u00e9r\u00e9s et \u00e9chappent donc \u00e0 une nouvelle vie.<br \/>\nLe bon geste de tri des textiles est un des maillons de l\u2019\u00e9conomie circulaire vertueuse pour l\u2019environnement,<br \/>\npour l\u2019\u00e9conomie et pour la solidarit\u00e9 dans les Vosges.<\/p>\n","protected":false},"excerpt":{"rendered":"<p>A l\u2019occasion de la Semaine Europ\u00e9enne de R\u00e9duction des D\u00e9chets (SERD), qui s\u2019est d\u00e9roul\u00e9e du 16 au 24 novembre 2024, [&hellip;]<\/p>\n","protected":false},"author":52,"featured_media":27803,"comment_status":"open","ping_status":"open","sticky":false,"template":"","format":"standard","meta":{"footnotes":""},"categories":[29,383,294,380,381,384],"tags":[],"class_list":["post-27802","post","type-post","status-publish","format-standard","has-post-thumbnail","hentry","category-a-la-une","category-epinal","category-gerardmer","category-la-plaine-des-vosges","category-remiremont","category-saint-die"],"acf":[],"yoast_head":"<!-- This site is optimized with the Yoast SEO plugin v22.5 - https:\/\/yoast.com\/wordpress\/plugins\/seo\/ -->\n<title>\u00ab A vos marques\u2026 Triez ! \u00bb, podium et fin de la deuxi\u00e8me \u00e9dition du d\u00e9fi propos\u00e9 par Evodia aux entreprises vosgiennes - La Plaine des Vosges<\/title>\n<meta name=\"robots\" content=\"index, follow, max-snippet:-1, max-image-preview:large, max-video-preview:-1\" \/>\n<link rel=\"canonical\" href=\"https:\/\/vosgesinfo.fr\/laplainedesvosgesinfo\/2024\/12\/a-vos-marques-triez-podium-et-fin-de-la-deuxieme-edition-du-defi-propose-par-evodia-aux-entreprises-vosgiennes\/\" \/>\n<meta name=\"twitter:card\" content=\"summary_large_image\" \/>\n<meta name=\"twitter:title\" content=\"\u00ab A vos marques\u2026 Triez ! \u00bb, podium et fin de la deuxi\u00e8me \u00e9dition du d\u00e9fi propos\u00e9 par Evodia aux entreprises vosgiennes - La Plaine des Vosges\" \/>\n<meta name=\"twitter:description\" content=\"A l\u2019occasion de la Semaine Europ\u00e9enne de R\u00e9duction des D\u00e9chets (SERD), qui s\u2019est d\u00e9roul\u00e9e du 16 au 24 novembre 2024, [&hellip;]\" \/>\n<meta name=\"twitter:image\" content=\"https:\/\/vosgesinfo.fr\/app\/uploads\/sites\/2\/2024\/12\/sans-titre-6.jpg\" \/>\n<meta name=\"twitter:creator\" content=\"@VosgesInfo88\" \/>\n<meta name=\"twitter:site\" content=\"@VosgesInfo88\" \/>\n<meta name=\"twitter:label1\" content=\"\u00c9crit par\" \/>\n\t<meta name=\"twitter:data1\" content=\"C.K.\" \/>\n\t<meta name=\"twitter:label2\" content=\"Dur\u00e9e de lecture estim\u00e9e\" \/>\n\t<meta name=\"twitter:data2\" content=\"3 minutes\" \/>\n<script type=\"application\/ld+json\" class=\"yoast-schema-graph\">{\"@context\":\"https:\/\/schema.org\",\"@graph\":[{\"@type\":\"Article\",\"@id\":\"https:\/\/vosgesinfo.fr\/laplainedesvosgesinfo\/2024\/12\/a-vos-marques-triez-podium-et-fin-de-la-deuxieme-edition-du-defi-propose-par-evodia-aux-entreprises-vosgiennes\/#article\",\"isPartOf\":{\"@id\":\"https:\/\/vosgesinfo.fr\/laplainedesvosgesinfo\/2024\/12\/a-vos-marques-triez-podium-et-fin-de-la-deuxieme-edition-du-defi-propose-par-evodia-aux-entreprises-vosgiennes\/\"},\"author\":{\"name\":\"C.K.\",\"@id\":\"https:\/\/vosgesinfo.fr\/laplainedesvosgesinfo\/#\/schema\/person\/6f9a650eeea99d969b6c4ab78fccbe81\"},\"headline\":\"\u00ab A vos marques\u2026 Triez ! \u00bb, podium et fin de la deuxi\u00e8me \u00e9dition du d\u00e9fi propos\u00e9 par Evodia aux entreprises vosgiennes\",\"datePublished\":\"2024-12-17T10:49:41+00:00\",\"dateModified\":\"2024-12-17T10:49:41+00:00\",\"mainEntityOfPage\":{\"@id\":\"https:\/\/vosgesinfo.fr\/laplainedesvosgesinfo\/2024\/12\/a-vos-marques-triez-podium-et-fin-de-la-deuxieme-edition-du-defi-propose-par-evodia-aux-entreprises-vosgiennes\/\"},\"wordCount\":698,\"commentCount\":0,\"publisher\":{\"@id\":\"https:\/\/vosgesinfo.fr\/laplainedesvosgesinfo\/#organization\"},\"image\":{\"@id\":\"https:\/\/vosgesinfo.fr\/laplainedesvosgesinfo\/2024\/12\/a-vos-marques-triez-podium-et-fin-de-la-deuxieme-edition-du-defi-propose-par-evodia-aux-entreprises-vosgiennes\/#primaryimage\"},\"thumbnailUrl\":\"https:\/\/vosgesinfo.fr\/app\/uploads\/sites\/2\/2024\/12\/sans-titre-6.jpg\",\"articleSection\":[\"A la Une\",\"Epinal\",\"G\u00e9rardmer\",\"La plaine des vosges\",\"Remiremont\",\"Saint-di\u00e9\"],\"inLanguage\":\"fr-FR\",\"potentialAction\":[{\"@type\":\"CommentAction\",\"name\":\"Comment\",\"target\":[\"https:\/\/vosgesinfo.fr\/laplainedesvosgesinfo\/2024\/12\/a-vos-marques-triez-podium-et-fin-de-la-deuxieme-edition-du-defi-propose-par-evodia-aux-entreprises-vosgiennes\/#respond\"]}]},{\"@type\":\"WebPage\",\"@id\":\"https:\/\/vosgesinfo.fr\/laplainedesvosgesinfo\/2024\/12\/a-vos-marques-triez-podium-et-fin-de-la-deuxieme-edition-du-defi-propose-par-evodia-aux-entreprises-vosgiennes\/\",\"url\":\"https:\/\/vosgesinfo.fr\/laplainedesvosgesinfo\/2024\/12\/a-vos-marques-triez-podium-et-fin-de-la-deuxieme-edition-du-defi-propose-par-evodia-aux-entreprises-vosgiennes\/\",\"name\":\"\u00ab A vos marques\u2026 Triez ! \u00bb, podium et fin de la deuxi\u00e8me \u00e9dition du d\u00e9fi propos\u00e9 par Evodia aux entreprises vosgiennes - La Plaine des Vosges\",\"isPartOf\":{\"@id\":\"https:\/\/vosgesinfo.fr\/laplainedesvosgesinfo\/#website\"},\"primaryImageOfPage\":{\"@id\":\"https:\/\/vosgesinfo.fr\/laplainedesvosgesinfo\/2024\/12\/a-vos-marques-triez-podium-et-fin-de-la-deuxieme-edition-du-defi-propose-par-evodia-aux-entreprises-vosgiennes\/#primaryimage\"},\"image\":{\"@id\":\"https:\/\/vosgesinfo.fr\/laplainedesvosgesinfo\/2024\/12\/a-vos-marques-triez-podium-et-fin-de-la-deuxieme-edition-du-defi-propose-par-evodia-aux-entreprises-vosgiennes\/#primaryimage\"},\"thumbnailUrl\":\"https:\/\/vosgesinfo.fr\/app\/uploads\/sites\/2\/2024\/12\/sans-titre-6.jpg\",\"datePublished\":\"2024-12-17T10:49:41+00:00\",\"dateModified\":\"2024-12-17T10:49:41+00:00\",\"breadcrumb\":{\"@id\":\"https:\/\/vosgesinfo.fr\/laplainedesvosgesinfo\/2024\/12\/a-vos-marques-triez-podium-et-fin-de-la-deuxieme-edition-du-defi-propose-par-evodia-aux-entreprises-vosgiennes\/#breadcrumb\"},\"inLanguage\":\"fr-FR\",\"potentialAction\":[{\"@type\":\"ReadAction\",\"target\":[\"https:\/\/vosgesinfo.fr\/laplainedesvosgesinfo\/2024\/12\/a-vos-marques-triez-podium-et-fin-de-la-deuxieme-edition-du-defi-propose-par-evodia-aux-entreprises-vosgiennes\/\"]}]},{\"@type\":\"ImageObject\",\"inLanguage\":\"fr-FR\",\"@id\":\"https:\/\/vosgesinfo.fr\/laplainedesvosgesinfo\/2024\/12\/a-vos-marques-triez-podium-et-fin-de-la-deuxieme-edition-du-defi-propose-par-evodia-aux-entreprises-vosgiennes\/#primaryimage\",\"url\":\"https:\/\/vosgesinfo.fr\/app\/uploads\/sites\/2\/2024\/12\/sans-titre-6.jpg\",\"contentUrl\":\"https:\/\/vosgesinfo.fr\/app\/uploads\/sites\/2\/2024\/12\/sans-titre-6.jpg\",\"width\":567,\"height\":564},{\"@type\":\"BreadcrumbList\",\"@id\":\"https:\/\/vosgesinfo.fr\/laplainedesvosgesinfo\/2024\/12\/a-vos-marques-triez-podium-et-fin-de-la-deuxieme-edition-du-defi-propose-par-evodia-aux-entreprises-vosgiennes\/#breadcrumb\",\"itemListElement\":[{\"@type\":\"ListItem\",\"position\":1,\"name\":\"Home\",\"item\":\"https:\/\/vosgesinfo.fr\/laplainedesvosgesinfo\/\"},{\"@type\":\"ListItem\",\"position\":2,\"name\":\"\u00ab A vos marques\u2026 Triez ! \u00bb, podium et fin de la deuxi\u00e8me \u00e9dition du d\u00e9fi propos\u00e9 par Evodia aux entreprises vosgiennes\"}]},{\"@type\":\"WebSite\",\"@id\":\"https:\/\/vosgesinfo.fr\/laplainedesvosgesinfo\/#website\",\"url\":\"https:\/\/vosgesinfo.fr\/laplainedesvosgesinfo\/\",\"name\":\"La Plaine des Vosges\",\"description\":\"Toute l&#039;actualit\u00e9 de la plaine de Vosges\",\"publisher\":{\"@id\":\"https:\/\/vosgesinfo.fr\/laplainedesvosgesinfo\/#organization\"},\"alternateName\":\"Toute l'actualit\u00e9 de la plaine des Vosges\",\"potentialAction\":[{\"@type\":\"SearchAction\",\"target\":{\"@type\":\"EntryPoint\",\"urlTemplate\":\"https:\/\/vosgesinfo.fr\/laplainedesvosgesinfo\/?s={search_term_string}\"},\"query-input\":\"required name=search_term_string\"}],\"inLanguage\":\"fr-FR\"},{\"@type\":\"Organization\",\"@id\":\"https:\/\/vosgesinfo.fr\/laplainedesvosgesinfo\/#organization\",\"name\":\"La Plaine des Vosges\",\"url\":\"https:\/\/vosgesinfo.fr\/laplainedesvosgesinfo\/\",\"logo\":{\"@type\":\"ImageObject\",\"inLanguage\":\"fr-FR\",\"@id\":\"https:\/\/vosgesinfo.fr\/laplainedesvosgesinfo\/#\/schema\/logo\/image\/\",\"url\":\"https:\/\/vosgesinfo.fr\/app\/uploads\/sites\/2\/2023\/08\/logo-laplaineinfo.svg\",\"contentUrl\":\"https:\/\/vosgesinfo.fr\/app\/uploads\/sites\/2\/2023\/08\/logo-laplaineinfo.svg\",\"width\":1,\"height\":1,\"caption\":\"La Plaine des Vosges\"},\"image\":{\"@id\":\"https:\/\/vosgesinfo.fr\/laplainedesvosgesinfo\/#\/schema\/logo\/image\/\"},\"sameAs\":[\"https:\/\/www.facebook.com\/laplainedesvosges\",\"https:\/\/x.com\/VosgesInfo88\",\"https:\/\/www.youtube.com\/@vosgesinfo\"]},{\"@type\":\"Person\",\"@id\":\"https:\/\/vosgesinfo.fr\/laplainedesvosgesinfo\/#\/schema\/person\/6f9a650eeea99d969b6c4ab78fccbe81\",\"name\":\"C.K.\",\"image\":{\"@type\":\"ImageObject\",\"inLanguage\":\"fr-FR\",\"@id\":\"https:\/\/vosgesinfo.fr\/laplainedesvosgesinfo\/#\/schema\/person\/image\/\",\"url\":\"https:\/\/secure.gravatar.com\/avatar\/48e3fc7f8421ba8942be6b74a2b7f014ca39bc00dece156b7a8e098ae7dc87bf?s=96&d=mm&r=g\",\"contentUrl\":\"https:\/\/secure.gravatar.com\/avatar\/48e3fc7f8421ba8942be6b74a2b7f014ca39bc00dece156b7a8e098ae7dc87bf?s=96&d=mm&r=g\",\"caption\":\"C.K.\"},\"url\":\"https:\/\/vosgesinfo.fr\/laplainedesvosgesinfo\/author\/celia-k-n\/\"}]}<\/script>\n<!-- \/ Yoast SEO plugin. -->","yoast_head_json":{"title":"\u00ab A vos marques\u2026 Triez ! \u00bb, podium et fin de la deuxi\u00e8me \u00e9dition du d\u00e9fi propos\u00e9 par Evodia aux entreprises vosgiennes - La Plaine des Vosges","robots":{"index":"index","follow":"follow","max-snippet":"max-snippet:-1","max-image-preview":"max-image-preview:large","max-video-preview":"max-video-preview:-1"},"canonical":"https:\/\/vosgesinfo.fr\/laplainedesvosgesinfo\/2024\/12\/a-vos-marques-triez-podium-et-fin-de-la-deuxieme-edition-du-defi-propose-par-evodia-aux-entreprises-vosgiennes\/","twitter_card":"summary_large_image","twitter_title":"\u00ab A vos marques\u2026 Triez ! \u00bb, podium et fin de la deuxi\u00e8me \u00e9dition du d\u00e9fi propos\u00e9 par Evodia aux entreprises vosgiennes - La Plaine des Vosges","twitter_description":"A l\u2019occasion de la Semaine Europ\u00e9enne de R\u00e9duction des D\u00e9chets (SERD), qui s\u2019est d\u00e9roul\u00e9e du 16 au 24 novembre 2024, [&hellip;]","twitter_image":"https:\/\/vosgesinfo.fr\/app\/uploads\/sites\/2\/2024\/12\/sans-titre-6.jpg","twitter_creator":"@VosgesInfo88","twitter_site":"@VosgesInfo88","twitter_misc":{"\u00c9crit par":"C.K.","Dur\u00e9e de lecture estim\u00e9e":"3 minutes"},"schema":{"@context":"https:\/\/schema.org","@graph":[{"@type":"Article","@id":"https:\/\/vosgesinfo.fr\/laplainedesvosgesinfo\/2024\/12\/a-vos-marques-triez-podium-et-fin-de-la-deuxieme-edition-du-defi-propose-par-evodia-aux-entreprises-vosgiennes\/#article","isPartOf":{"@id":"https:\/\/vosgesinfo.fr\/laplainedesvosgesinfo\/2024\/12\/a-vos-marques-triez-podium-et-fin-de-la-deuxieme-edition-du-defi-propose-par-evodia-aux-entreprises-vosgiennes\/"},"author":{"name":"C.K.","@id":"https:\/\/vosgesinfo.fr\/laplainedesvosgesinfo\/#\/schema\/person\/6f9a650eeea99d969b6c4ab78fccbe81"},"headline":"\u00ab A vos marques\u2026 Triez ! \u00bb, podium et fin de la deuxi\u00e8me \u00e9dition du d\u00e9fi propos\u00e9 par Evodia aux entreprises vosgiennes","datePublished":"2024-12-17T10:49:41+00:00","dateModified":"2024-12-17T10:49:41+00:00","mainEntityOfPage":{"@id":"https:\/\/vosgesinfo.fr\/laplainedesvosgesinfo\/2024\/12\/a-vos-marques-triez-podium-et-fin-de-la-deuxieme-edition-du-defi-propose-par-evodia-aux-entreprises-vosgiennes\/"},"wordCount":698,"commentCount":0,"publisher":{"@id":"https:\/\/vosgesinfo.fr\/laplainedesvosgesinfo\/#organization"},"image":{"@id":"https:\/\/vosgesinfo.fr\/laplainedesvosgesinfo\/2024\/12\/a-vos-marques-triez-podium-et-fin-de-la-deuxieme-edition-du-defi-propose-par-evodia-aux-entreprises-vosgiennes\/#primaryimage"},"thumbnailUrl":"https:\/\/vosgesinfo.fr\/app\/uploads\/sites\/2\/2024\/12\/sans-titre-6.jpg","articleSection":["A la Une","Epinal","G\u00e9rardmer","La plaine des vosges","Remiremont","Saint-di\u00e9"],"inLanguage":"fr-FR","potentialAction":[{"@type":"CommentAction","name":"Comment","target":["https:\/\/vosgesinfo.fr\/laplainedesvosgesinfo\/2024\/12\/a-vos-marques-triez-podium-et-fin-de-la-deuxieme-edition-du-defi-propose-par-evodia-aux-entreprises-vosgiennes\/#respond"]}]},{"@type":"WebPage","@id":"https:\/\/vosgesinfo.fr\/laplainedesvosgesinfo\/2024\/12\/a-vos-marques-triez-podium-et-fin-de-la-deuxieme-edition-du-defi-propose-par-evodia-aux-entreprises-vosgiennes\/","url":"https:\/\/vosgesinfo.fr\/laplainedesvosgesinfo\/2024\/12\/a-vos-marques-triez-podium-et-fin-de-la-deuxieme-edition-du-defi-propose-par-evodia-aux-entreprises-vosgiennes\/","name":"\u00ab A vos marques\u2026 Triez ! \u00bb, podium et fin de la deuxi\u00e8me \u00e9dition du d\u00e9fi propos\u00e9 par Evodia aux entreprises vosgiennes - La Plaine des Vosges","isPartOf":{"@id":"https:\/\/vosgesinfo.fr\/laplainedesvosgesinfo\/#website"},"primaryImageOfPage":{"@id":"https:\/\/vosgesinfo.fr\/laplainedesvosgesinfo\/2024\/12\/a-vos-marques-triez-podium-et-fin-de-la-deuxieme-edition-du-defi-propose-par-evodia-aux-entreprises-vosgiennes\/#primaryimage"},"image":{"@id":"https:\/\/vosgesinfo.fr\/laplainedesvosgesinfo\/2024\/12\/a-vos-marques-triez-podium-et-fin-de-la-deuxieme-edition-du-defi-propose-par-evodia-aux-entreprises-vosgiennes\/#primaryimage"},"thumbnailUrl":"https:\/\/vosgesinfo.fr\/app\/uploads\/sites\/2\/2024\/12\/sans-titre-6.jpg","datePublished":"2024-12-17T10:49:41+00:00","dateModified":"2024-12-17T10:49:41+00:00","breadcrumb":{"@id":"https:\/\/vosgesinfo.fr\/laplainedesvosgesinfo\/2024\/12\/a-vos-marques-triez-podium-et-fin-de-la-deuxieme-edition-du-defi-propose-par-evodia-aux-entreprises-vosgiennes\/#breadcrumb"},"inLanguage":"fr-FR","potentialAction":[{"@type":"ReadAction","target":["https:\/\/vosgesinfo.fr\/laplainedesvosgesinfo\/2024\/12\/a-vos-marques-triez-podium-et-fin-de-la-deuxieme-edition-du-defi-propose-par-evodia-aux-entreprises-vosgiennes\/"]}]},{"@type":"ImageObject","inLanguage":"fr-FR","@id":"https:\/\/vosgesinfo.fr\/laplainedesvosgesinfo\/2024\/12\/a-vos-marques-triez-podium-et-fin-de-la-deuxieme-edition-du-defi-propose-par-evodia-aux-entreprises-vosgiennes\/#primaryimage","url":"https:\/\/vosgesinfo.fr\/app\/uploads\/sites\/2\/2024\/12\/sans-titre-6.jpg","contentUrl":"https:\/\/vosgesinfo.fr\/app\/uploads\/sites\/2\/2024\/12\/sans-titre-6.jpg","width":567,"height":564},{"@type":"BreadcrumbList","@id":"https:\/\/vosgesinfo.fr\/laplainedesvosgesinfo\/2024\/12\/a-vos-marques-triez-podium-et-fin-de-la-deuxieme-edition-du-defi-propose-par-evodia-aux-entreprises-vosgiennes\/#breadcrumb","itemListElement":[{"@type":"ListItem","position":1,"name":"Home","item":"https:\/\/vosgesinfo.fr\/laplainedesvosgesinfo\/"},{"@type":"ListItem","position":2,"name":"\u00ab A vos marques\u2026 Triez ! \u00bb, podium et fin de la deuxi\u00e8me \u00e9dition du d\u00e9fi propos\u00e9 par Evodia aux entreprises vosgiennes"}]},{"@type":"WebSite","@id":"https:\/\/vosgesinfo.fr\/laplainedesvosgesinfo\/#website","url":"https:\/\/vosgesinfo.fr\/laplainedesvosgesinfo\/","name":"La Plaine des Vosges","description":"Toute l&#039;actualit\u00e9 de la plaine de Vosges","publisher":{"@id":"https:\/\/vosgesinfo.fr\/laplainedesvosgesinfo\/#organization"},"alternateName":"Toute l'actualit\u00e9 de la plaine des Vosges","potentialAction":[{"@type":"SearchAction","target":{"@type":"EntryPoint","urlTemplate":"https:\/\/vosgesinfo.fr\/laplainedesvosgesinfo\/?s={search_term_string}"},"query-input":"required name=search_term_string"}],"inLanguage":"fr-FR"},{"@type":"Organization","@id":"https:\/\/vosgesinfo.fr\/laplainedesvosgesinfo\/#organization","name":"La Plaine des Vosges","url":"https:\/\/vosgesinfo.fr\/laplainedesvosgesinfo\/","logo":{"@type":"ImageObject","inLanguage":"fr-FR","@id":"https:\/\/vosgesinfo.fr\/laplainedesvosgesinfo\/#\/schema\/logo\/image\/","url":"https:\/\/vosgesinfo.fr\/app\/uploads\/sites\/2\/2023\/08\/logo-laplaineinfo.svg","contentUrl":"https:\/\/vosgesinfo.fr\/app\/uploads\/sites\/2\/2023\/08\/logo-laplaineinfo.svg","width":1,"height":1,"caption":"La Plaine des Vosges"},"image":{"@id":"https:\/\/vosgesinfo.fr\/laplainedesvosgesinfo\/#\/schema\/logo\/image\/"},"sameAs":["https:\/\/www.facebook.com\/laplainedesvosges","https:\/\/x.com\/VosgesInfo88","https:\/\/www.youtube.com\/@vosgesinfo"]},{"@type":"Person","@id":"https:\/\/vosgesinfo.fr\/laplainedesvosgesinfo\/#\/schema\/person\/6f9a650eeea99d969b6c4ab78fccbe81","name":"C.K.","image":{"@type":"ImageObject","inLanguage":"fr-FR","@id":"https:\/\/vosgesinfo.fr\/laplainedesvosgesinfo\/#\/schema\/person\/image\/","url":"https:\/\/secure.gravatar.com\/avatar\/48e3fc7f8421ba8942be6b74a2b7f014ca39bc00dece156b7a8e098ae7dc87bf?s=96&d=mm&r=g","contentUrl":"https:\/\/secure.gravatar.com\/avatar\/48e3fc7f8421ba8942be6b74a2b7f014ca39bc00dece156b7a8e098ae7dc87bf?s=96&d=mm&r=g","caption":"C.K."},"url":"https:\/\/vosgesinfo.fr\/laplainedesvosgesinfo\/author\/celia-k-n\/"}]}},"_links":{"self":[{"href":"https:\/\/vosgesinfo.fr\/laplainedesvosgesinfo\/wp-json\/wp\/v2\/posts\/27802","targetHints":{"allow":["GET"]}}],"collection":[{"href":"https:\/\/vosgesinfo.fr\/laplainedesvosgesinfo\/wp-json\/wp\/v2\/posts"}],"about":[{"href":"https:\/\/vosgesinfo.fr\/laplainedesvosgesinfo\/wp-json\/wp\/v2\/types\/post"}],"author":[{"embeddable":true,"href":"https:\/\/vosgesinfo.fr\/laplainedesvosgesinfo\/wp-json\/wp\/v2\/users\/52"}],"replies":[{"embeddable":true,"href":"https:\/\/vosgesinfo.fr\/laplainedesvosgesinfo\/wp-json\/wp\/v2\/comments?post=27802"}],"version-history":[{"count":0,"href":"https:\/\/vosgesinfo.fr\/laplainedesvosgesinfo\/wp-json\/wp\/v2\/posts\/27802\/revisions"}],"wp:featuredmedia":[{"embeddable":true,"href":"https:\/\/vosgesinfo.fr\/laplainedesvosgesinfo\/wp-json\/wp\/v2\/media\/27803"}],"wp:attachment":[{"href":"https:\/\/vosgesinfo.fr\/laplainedesvosgesinfo\/wp-json\/wp\/v2\/media?parent=27802"}],"wp:term":[{"taxonomy":"category","embeddable":true,"href":"https:\/\/vosgesinfo.fr\/laplainedesvosgesinfo\/wp-json\/wp\/v2\/categories?post=27802"},{"taxonomy":"post_tag","embeddable":true,"href":"https:\/\/vosgesinfo.fr\/laplainedesvosgesinfo\/wp-json\/wp\/v2\/tags?post=27802"}],"curies":[{"name":"wp","href":"https:\/\/api.w.org\/{rel}","templated":true}]}}