{"id":2802,"date":"2016-02-18T13:04:27","date_gmt":"2016-02-18T12:04:27","guid":{"rendered":"https:\/\/vosgesinfo.fr\/laplainedesvosgesinfo\/2016\/02\/vosges-un-concours-photo-declic-pour-les-zones-humides-du-bassin-rhin-meuse\/"},"modified":"2016-02-18T13:04:27","modified_gmt":"2016-02-18T12:04:27","slug":"vosges-un-concours-photo-declic-pour-les-zones-humides-du-bassin-rhin-meuse","status":"publish","type":"post","link":"https:\/\/vosgesinfo.fr\/laplainedesvosgesinfo\/2016\/02\/vosges-un-concours-photo-declic-pour-les-zones-humides-du-bassin-rhin-meuse\/","title":{"rendered":"Vosges &#8211; Un concours photo, d\u00e9clic pour les zones humides du bassin Rhin-Meuse !"},"content":{"rendered":"<p>&nbsp;<\/p>\n<p><strong>Un concours photo, intitul\u00e9 \u00ab\u00a0Zones Humides\u00a0\u00bb, est lanc\u00e9 par l\u2019agence de l\u2019eau Rhin-Meuse et les Conservatoires d\u2019espaces naturels \u00e0 l\u2019occasion de la Journ\u00e9e mondiale des zones humides, qui s&rsquo;est d\u00e9roul\u00e9e le 2 f\u00e9vrier dernier. Vincent Munier, photographe animalier de renomm\u00e9e internationale, est le parrain de cette premi\u00e8re \u00e9dition. <\/strong><\/p>\n<p><a href=\"\/2016\/02\/concours_photo_affiche_OK.jpg\"><img decoding=\"async\" class=\"wp-image-72864 aligncenter\" src=\"\/2016\/02\/concours_photo_affiche_OK.jpg\" alt=\"concours_photo_affiche_OK\" width=\"431\" height=\"610\" \/><\/a><\/p>\n<p>Ce concours photo est ouvert \u00e0 tous les photographes amateurs, \u00e0 la fois aux adultes\/enfants et scolaires (2 cat\u00e9gories).<\/p>\n<p>En premier lieu, photographiez une zone humide du Grand Est (bassin Rhin-Meuse) et d\u00e9posez votre clich\u00e9 sur le site internet <a href=\"http:\/\/www.eau-rhin-meuse.fr\/\">eau-rhin-meuse<\/a> avant le 29 avril 2016.<br \/>\nAttention, les zones humides sont des endroits pr\u00e9cieux pour la biodiversit\u00e9, la prise de photo en ces lieux doit ob\u00e9ir \u00e0 certaines r\u00e8gles de bonne conduite.<\/p>\n<p><strong>\u00a0<\/strong>La d\u00e9signation des gagnants se fera en deux \u00e9tapes, en premier, un jury s\u00e9lectionnera les quinze photos les plus repr\u00e9sentatives des zones humides du territoire du bassin Rhin-Meuse sur la base de l&rsquo;esth\u00e9tique de la photo, du respect des conditions de prises de vue et de son originalit\u00e9. Ce jury sera compos\u00e9 du directeur g\u00e9n\u00e9ral de l&rsquo;agence Rhin-Meuse ou de son repr\u00e9sentant, d&rsquo;un membre du Comit\u00e9 de bassin, du directeur de l&rsquo;ONEMA de la r\u00e9gion Est, du directeur des conservatoires des espaces naturels partenaires de l&rsquo;op\u00e9ration, un repr\u00e9sentant du Conseil Scientifique du Comit\u00e9 de bassin Rhin-Meuse et d&rsquo;un photographe professionnel naturaliste.<\/p>\n<p>Par la suite, du 15 mai au 10 juin 2016, les photos s\u00e9lectionn\u00e9es seront mises \u00e0 disposition des internautes. Ceux-ci seront appel\u00e9s \u00e0 voter sur le site internet de l&rsquo;agence de l&rsquo;eau Rhin-Meuse, et \u00e0 choisir les photos qui lui plaisent le plus.<\/p>\n<p>Un lot sera \u00e0 gagner dans chaque cat\u00e9gorie.<\/p>\n<p>Cat\u00e9gorie adulte et enfant:<\/p>\n<ul>\n<li>1er prix: la photo agrandie et encadr\u00e9e (en 40x60cm) avec une critique personnalis\u00e9e de Vincent Munier. Cette photo sera diffus\u00e9e sur les pages des r\u00e9seaux sociaux de l&rsquo;eau Rhin-Meuse ainsi que sur celles des conservatoires des espaces naturels. Elle sera utilis\u00e9e comme visuel officiel de la Journ\u00e9e Mondiale des Zones Humindes de bassin Rhin-Meuse en 2017.<\/li>\n<li>2\u00e8me et 3\u00e8me prix: Le livre \u00ab\u00a0<em>Au fil des songes<\/em>\u00a0\u00bb de et d\u00e9dicac\u00e9 par Vincent Munier.<\/li>\n<\/ul>\n<p>Pour les scolaires :<\/p>\n<ul>\n<li>L&rsquo;intervention d&rsquo;un photographe naturaliste dans la classe gagnante.<\/li>\n<\/ul>\n<p><strong>Vous aimez la nature et la photographie ? Alors \u00e0 vos appareils photos et tentez votre chance ! Et surtout, ouvrez l&rsquo;\u0153il, il existe une multitude de zones humides autour de vous, m\u00eame en ville ! Derni\u00e8re limite de d\u00e9p\u00f4t le 29 avril 2016.<\/strong><\/p>\n","protected":false},"excerpt":{"rendered":"<p>&nbsp; Un concours photo, intitul\u00e9 \u00ab\u00a0Zones Humides\u00a0\u00bb, est lanc\u00e9 par l\u2019agence de l\u2019eau Rhin-Meuse et les Conservatoires d\u2019espaces naturels \u00e0 [&hellip;]<\/p>\n","protected":false},"author":1,"featured_media":2803,"comment_status":"open","ping_status":"open","sticky":false,"template":"","format":"standard","meta":{"footnotes":""},"categories":[29,18],"tags":[],"class_list":["post-2802","post","type-post","status-publish","format-standard","has-post-thumbnail","hentry","category-a-la-une","category-vosges"],"acf":[],"yoast_head":"<!-- This site is optimized with the Yoast SEO plugin v22.5 - https:\/\/yoast.com\/wordpress\/plugins\/seo\/ -->\n<title>Vosges - Un concours photo, d\u00e9clic pour les zones humides du bassin Rhin-Meuse ! - La Plaine des Vosges<\/title>\n<meta name=\"robots\" content=\"index, follow, max-snippet:-1, max-image-preview:large, max-video-preview:-1\" \/>\n<link rel=\"canonical\" href=\"https:\/\/vosgesinfo.fr\/laplainedesvosgesinfo\/2016\/02\/vosges-un-concours-photo-declic-pour-les-zones-humides-du-bassin-rhin-meuse\/\" \/>\n<meta name=\"twitter:card\" content=\"summary_large_image\" \/>\n<meta name=\"twitter:title\" content=\"Vosges - Un concours photo, d\u00e9clic pour les zones humides du bassin Rhin-Meuse ! - La Plaine des Vosges\" \/>\n<meta name=\"twitter:description\" content=\"&nbsp; Un concours photo, intitul\u00e9 \u00ab\u00a0Zones Humides\u00a0\u00bb, est lanc\u00e9 par l\u2019agence de l\u2019eau Rhin-Meuse et les Conservatoires d\u2019espaces naturels \u00e0 [&hellip;]\" \/>\n<meta name=\"twitter:image\" content=\"https:\/\/vosgesinfo.fr\/app\/uploads\/sites\/2\/2024\/06\/201602concours-photo-affiche-ok.jpg\" \/>\n<meta name=\"twitter:creator\" content=\"@VosgesInfo88\" \/>\n<meta name=\"twitter:site\" content=\"@VosgesInfo88\" \/>\n<meta name=\"twitter:label1\" content=\"\u00c9crit par\" \/>\n\t<meta name=\"twitter:data1\" content=\"qs_admin\" \/>\n\t<meta name=\"twitter:label2\" content=\"Dur\u00e9e de lecture estim\u00e9e\" \/>\n\t<meta name=\"twitter:data2\" content=\"2 minutes\" \/>\n<script type=\"application\/ld+json\" class=\"yoast-schema-graph\">{\"@context\":\"https:\/\/schema.org\",\"@graph\":[{\"@type\":\"Article\",\"@id\":\"https:\/\/vosgesinfo.fr\/laplainedesvosgesinfo\/2016\/02\/vosges-un-concours-photo-declic-pour-les-zones-humides-du-bassin-rhin-meuse\/#article\",\"isPartOf\":{\"@id\":\"https:\/\/vosgesinfo.fr\/laplainedesvosgesinfo\/2016\/02\/vosges-un-concours-photo-declic-pour-les-zones-humides-du-bassin-rhin-meuse\/\"},\"author\":{\"name\":\"qs_admin\",\"@id\":\"https:\/\/vosgesinfo.fr\/laplainedesvosgesinfo\/#\/schema\/person\/bc5d02d71e6932e81b6dadb7386667b1\"},\"headline\":\"Vosges &#8211; Un concours photo, d\u00e9clic pour les zones humides du bassin Rhin-Meuse !\",\"datePublished\":\"2016-02-18T12:04:27+00:00\",\"dateModified\":\"2016-02-18T12:04:27+00:00\",\"mainEntityOfPage\":{\"@id\":\"https:\/\/vosgesinfo.fr\/laplainedesvosgesinfo\/2016\/02\/vosges-un-concours-photo-declic-pour-les-zones-humides-du-bassin-rhin-meuse\/\"},\"wordCount\":451,\"commentCount\":0,\"publisher\":{\"@id\":\"https:\/\/vosgesinfo.fr\/laplainedesvosgesinfo\/#organization\"},\"image\":{\"@id\":\"https:\/\/vosgesinfo.fr\/laplainedesvosgesinfo\/2016\/02\/vosges-un-concours-photo-declic-pour-les-zones-humides-du-bassin-rhin-meuse\/#primaryimage\"},\"thumbnailUrl\":\"https:\/\/vosgesinfo.fr\/app\/uploads\/sites\/2\/2024\/06\/201602concours-photo-affiche-ok.jpg\",\"articleSection\":[\"A la Une\",\"Vosges\"],\"inLanguage\":\"fr-FR\",\"potentialAction\":[{\"@type\":\"CommentAction\",\"name\":\"Comment\",\"target\":[\"https:\/\/vosgesinfo.fr\/laplainedesvosgesinfo\/2016\/02\/vosges-un-concours-photo-declic-pour-les-zones-humides-du-bassin-rhin-meuse\/#respond\"]}]},{\"@type\":\"WebPage\",\"@id\":\"https:\/\/vosgesinfo.fr\/laplainedesvosgesinfo\/2016\/02\/vosges-un-concours-photo-declic-pour-les-zones-humides-du-bassin-rhin-meuse\/\",\"url\":\"https:\/\/vosgesinfo.fr\/laplainedesvosgesinfo\/2016\/02\/vosges-un-concours-photo-declic-pour-les-zones-humides-du-bassin-rhin-meuse\/\",\"name\":\"Vosges - Un concours photo, d\u00e9clic pour les zones humides du bassin Rhin-Meuse ! - La Plaine des Vosges\",\"isPartOf\":{\"@id\":\"https:\/\/vosgesinfo.fr\/laplainedesvosgesinfo\/#website\"},\"primaryImageOfPage\":{\"@id\":\"https:\/\/vosgesinfo.fr\/laplainedesvosgesinfo\/2016\/02\/vosges-un-concours-photo-declic-pour-les-zones-humides-du-bassin-rhin-meuse\/#primaryimage\"},\"image\":{\"@id\":\"https:\/\/vosgesinfo.fr\/laplainedesvosgesinfo\/2016\/02\/vosges-un-concours-photo-declic-pour-les-zones-humides-du-bassin-rhin-meuse\/#primaryimage\"},\"thumbnailUrl\":\"https:\/\/vosgesinfo.fr\/app\/uploads\/sites\/2\/2024\/06\/201602concours-photo-affiche-ok.jpg\",\"datePublished\":\"2016-02-18T12:04:27+00:00\",\"dateModified\":\"2016-02-18T12:04:27+00:00\",\"breadcrumb\":{\"@id\":\"https:\/\/vosgesinfo.fr\/laplainedesvosgesinfo\/2016\/02\/vosges-un-concours-photo-declic-pour-les-zones-humides-du-bassin-rhin-meuse\/#breadcrumb\"},\"inLanguage\":\"fr-FR\",\"potentialAction\":[{\"@type\":\"ReadAction\",\"target\":[\"https:\/\/vosgesinfo.fr\/laplainedesvosgesinfo\/2016\/02\/vosges-un-concours-photo-declic-pour-les-zones-humides-du-bassin-rhin-meuse\/\"]}]},{\"@type\":\"ImageObject\",\"inLanguage\":\"fr-FR\",\"@id\":\"https:\/\/vosgesinfo.fr\/laplainedesvosgesinfo\/2016\/02\/vosges-un-concours-photo-declic-pour-les-zones-humides-du-bassin-rhin-meuse\/#primaryimage\",\"url\":\"https:\/\/vosgesinfo.fr\/app\/uploads\/sites\/2\/2024\/06\/201602concours-photo-affiche-ok.jpg\",\"contentUrl\":\"https:\/\/vosgesinfo.fr\/app\/uploads\/sites\/2\/2024\/06\/201602concours-photo-affiche-ok.jpg\",\"width\":566,\"height\":800},{\"@type\":\"BreadcrumbList\",\"@id\":\"https:\/\/vosgesinfo.fr\/laplainedesvosgesinfo\/2016\/02\/vosges-un-concours-photo-declic-pour-les-zones-humides-du-bassin-rhin-meuse\/#breadcrumb\",\"itemListElement\":[{\"@type\":\"ListItem\",\"position\":1,\"name\":\"Home\",\"item\":\"https:\/\/vosgesinfo.fr\/laplainedesvosgesinfo\/\"},{\"@type\":\"ListItem\",\"position\":2,\"name\":\"Vosges &#8211; Un concours photo, d\u00e9clic pour les zones humides du bassin Rhin-Meuse !\"}]},{\"@type\":\"WebSite\",\"@id\":\"https:\/\/vosgesinfo.fr\/laplainedesvosgesinfo\/#website\",\"url\":\"https:\/\/vosgesinfo.fr\/laplainedesvosgesinfo\/\",\"name\":\"La Plaine des Vosges\",\"description\":\"Toute l&#039;actualit\u00e9 de la plaine de Vosges\",\"publisher\":{\"@id\":\"https:\/\/vosgesinfo.fr\/laplainedesvosgesinfo\/#organization\"},\"alternateName\":\"Toute l'actualit\u00e9 de la plaine des Vosges\",\"potentialAction\":[{\"@type\":\"SearchAction\",\"target\":{\"@type\":\"EntryPoint\",\"urlTemplate\":\"https:\/\/vosgesinfo.fr\/laplainedesvosgesinfo\/?s={search_term_string}\"},\"query-input\":\"required name=search_term_string\"}],\"inLanguage\":\"fr-FR\"},{\"@type\":\"Organization\",\"@id\":\"https:\/\/vosgesinfo.fr\/laplainedesvosgesinfo\/#organization\",\"name\":\"La Plaine des Vosges\",\"url\":\"https:\/\/vosgesinfo.fr\/laplainedesvosgesinfo\/\",\"logo\":{\"@type\":\"ImageObject\",\"inLanguage\":\"fr-FR\",\"@id\":\"https:\/\/vosgesinfo.fr\/laplainedesvosgesinfo\/#\/schema\/logo\/image\/\",\"url\":\"https:\/\/vosgesinfo.fr\/app\/uploads\/sites\/2\/2023\/08\/logo-laplaineinfo.svg\",\"contentUrl\":\"https:\/\/vosgesinfo.fr\/app\/uploads\/sites\/2\/2023\/08\/logo-laplaineinfo.svg\",\"width\":1,\"height\":1,\"caption\":\"La Plaine des Vosges\"},\"image\":{\"@id\":\"https:\/\/vosgesinfo.fr\/laplainedesvosgesinfo\/#\/schema\/logo\/image\/\"},\"sameAs\":[\"https:\/\/www.facebook.com\/laplainedesvosges\",\"https:\/\/x.com\/VosgesInfo88\",\"https:\/\/www.youtube.com\/@vosgesinfo\"]},{\"@type\":\"Person\",\"@id\":\"https:\/\/vosgesinfo.fr\/laplainedesvosgesinfo\/#\/schema\/person\/bc5d02d71e6932e81b6dadb7386667b1\",\"name\":\"qs_admin\",\"image\":{\"@type\":\"ImageObject\",\"inLanguage\":\"fr-FR\",\"@id\":\"https:\/\/vosgesinfo.fr\/laplainedesvosgesinfo\/#\/schema\/person\/image\/\",\"url\":\"https:\/\/secure.gravatar.com\/avatar\/94b18ee0ed79e4a42ea2f2931277b6841a8999fc6fde214600c78057cf1fe1de?s=96&d=mm&r=g\",\"contentUrl\":\"https:\/\/secure.gravatar.com\/avatar\/94b18ee0ed79e4a42ea2f2931277b6841a8999fc6fde214600c78057cf1fe1de?s=96&d=mm&r=g\",\"caption\":\"qs_admin\"},\"sameAs\":[\"https:\/\/vosgesinfo.fr\/wp\"],\"url\":\"https:\/\/vosgesinfo.fr\/laplainedesvosgesinfo\/author\/qs_admin\/\"}]}<\/script>\n<!-- \/ Yoast SEO plugin. -->","yoast_head_json":{"title":"Vosges - Un concours photo, d\u00e9clic pour les zones humides du bassin Rhin-Meuse ! - La Plaine des Vosges","robots":{"index":"index","follow":"follow","max-snippet":"max-snippet:-1","max-image-preview":"max-image-preview:large","max-video-preview":"max-video-preview:-1"},"canonical":"https:\/\/vosgesinfo.fr\/laplainedesvosgesinfo\/2016\/02\/vosges-un-concours-photo-declic-pour-les-zones-humides-du-bassin-rhin-meuse\/","twitter_card":"summary_large_image","twitter_title":"Vosges - Un concours photo, d\u00e9clic pour les zones humides du bassin Rhin-Meuse ! - La Plaine des Vosges","twitter_description":"&nbsp; Un concours photo, intitul\u00e9 \u00ab\u00a0Zones Humides\u00a0\u00bb, est lanc\u00e9 par l\u2019agence de l\u2019eau Rhin-Meuse et les Conservatoires d\u2019espaces naturels \u00e0 [&hellip;]","twitter_image":"https:\/\/vosgesinfo.fr\/app\/uploads\/sites\/2\/2024\/06\/201602concours-photo-affiche-ok.jpg","twitter_creator":"@VosgesInfo88","twitter_site":"@VosgesInfo88","twitter_misc":{"\u00c9crit par":"qs_admin","Dur\u00e9e de lecture estim\u00e9e":"2 minutes"},"schema":{"@context":"https:\/\/schema.org","@graph":[{"@type":"Article","@id":"https:\/\/vosgesinfo.fr\/laplainedesvosgesinfo\/2016\/02\/vosges-un-concours-photo-declic-pour-les-zones-humides-du-bassin-rhin-meuse\/#article","isPartOf":{"@id":"https:\/\/vosgesinfo.fr\/laplainedesvosgesinfo\/2016\/02\/vosges-un-concours-photo-declic-pour-les-zones-humides-du-bassin-rhin-meuse\/"},"author":{"name":"qs_admin","@id":"https:\/\/vosgesinfo.fr\/laplainedesvosgesinfo\/#\/schema\/person\/bc5d02d71e6932e81b6dadb7386667b1"},"headline":"Vosges &#8211; Un concours photo, d\u00e9clic pour les zones humides du bassin Rhin-Meuse !","datePublished":"2016-02-18T12:04:27+00:00","dateModified":"2016-02-18T12:04:27+00:00","mainEntityOfPage":{"@id":"https:\/\/vosgesinfo.fr\/laplainedesvosgesinfo\/2016\/02\/vosges-un-concours-photo-declic-pour-les-zones-humides-du-bassin-rhin-meuse\/"},"wordCount":451,"commentCount":0,"publisher":{"@id":"https:\/\/vosgesinfo.fr\/laplainedesvosgesinfo\/#organization"},"image":{"@id":"https:\/\/vosgesinfo.fr\/laplainedesvosgesinfo\/2016\/02\/vosges-un-concours-photo-declic-pour-les-zones-humides-du-bassin-rhin-meuse\/#primaryimage"},"thumbnailUrl":"https:\/\/vosgesinfo.fr\/app\/uploads\/sites\/2\/2024\/06\/201602concours-photo-affiche-ok.jpg","articleSection":["A la Une","Vosges"],"inLanguage":"fr-FR","potentialAction":[{"@type":"CommentAction","name":"Comment","target":["https:\/\/vosgesinfo.fr\/laplainedesvosgesinfo\/2016\/02\/vosges-un-concours-photo-declic-pour-les-zones-humides-du-bassin-rhin-meuse\/#respond"]}]},{"@type":"WebPage","@id":"https:\/\/vosgesinfo.fr\/laplainedesvosgesinfo\/2016\/02\/vosges-un-concours-photo-declic-pour-les-zones-humides-du-bassin-rhin-meuse\/","url":"https:\/\/vosgesinfo.fr\/laplainedesvosgesinfo\/2016\/02\/vosges-un-concours-photo-declic-pour-les-zones-humides-du-bassin-rhin-meuse\/","name":"Vosges - Un concours photo, d\u00e9clic pour les zones humides du bassin Rhin-Meuse ! - La Plaine des Vosges","isPartOf":{"@id":"https:\/\/vosgesinfo.fr\/laplainedesvosgesinfo\/#website"},"primaryImageOfPage":{"@id":"https:\/\/vosgesinfo.fr\/laplainedesvosgesinfo\/2016\/02\/vosges-un-concours-photo-declic-pour-les-zones-humides-du-bassin-rhin-meuse\/#primaryimage"},"image":{"@id":"https:\/\/vosgesinfo.fr\/laplainedesvosgesinfo\/2016\/02\/vosges-un-concours-photo-declic-pour-les-zones-humides-du-bassin-rhin-meuse\/#primaryimage"},"thumbnailUrl":"https:\/\/vosgesinfo.fr\/app\/uploads\/sites\/2\/2024\/06\/201602concours-photo-affiche-ok.jpg","datePublished":"2016-02-18T12:04:27+00:00","dateModified":"2016-02-18T12:04:27+00:00","breadcrumb":{"@id":"https:\/\/vosgesinfo.fr\/laplainedesvosgesinfo\/2016\/02\/vosges-un-concours-photo-declic-pour-les-zones-humides-du-bassin-rhin-meuse\/#breadcrumb"},"inLanguage":"fr-FR","potentialAction":[{"@type":"ReadAction","target":["https:\/\/vosgesinfo.fr\/laplainedesvosgesinfo\/2016\/02\/vosges-un-concours-photo-declic-pour-les-zones-humides-du-bassin-rhin-meuse\/"]}]},{"@type":"ImageObject","inLanguage":"fr-FR","@id":"https:\/\/vosgesinfo.fr\/laplainedesvosgesinfo\/2016\/02\/vosges-un-concours-photo-declic-pour-les-zones-humides-du-bassin-rhin-meuse\/#primaryimage","url":"https:\/\/vosgesinfo.fr\/app\/uploads\/sites\/2\/2024\/06\/201602concours-photo-affiche-ok.jpg","contentUrl":"https:\/\/vosgesinfo.fr\/app\/uploads\/sites\/2\/2024\/06\/201602concours-photo-affiche-ok.jpg","width":566,"height":800},{"@type":"BreadcrumbList","@id":"https:\/\/vosgesinfo.fr\/laplainedesvosgesinfo\/2016\/02\/vosges-un-concours-photo-declic-pour-les-zones-humides-du-bassin-rhin-meuse\/#breadcrumb","itemListElement":[{"@type":"ListItem","position":1,"name":"Home","item":"https:\/\/vosgesinfo.fr\/laplainedesvosgesinfo\/"},{"@type":"ListItem","position":2,"name":"Vosges &#8211; Un concours photo, d\u00e9clic pour les zones humides du bassin Rhin-Meuse !"}]},{"@type":"WebSite","@id":"https:\/\/vosgesinfo.fr\/laplainedesvosgesinfo\/#website","url":"https:\/\/vosgesinfo.fr\/laplainedesvosgesinfo\/","name":"La Plaine des Vosges","description":"Toute l&#039;actualit\u00e9 de la plaine de Vosges","publisher":{"@id":"https:\/\/vosgesinfo.fr\/laplainedesvosgesinfo\/#organization"},"alternateName":"Toute l'actualit\u00e9 de la plaine des Vosges","potentialAction":[{"@type":"SearchAction","target":{"@type":"EntryPoint","urlTemplate":"https:\/\/vosgesinfo.fr\/laplainedesvosgesinfo\/?s={search_term_string}"},"query-input":"required name=search_term_string"}],"inLanguage":"fr-FR"},{"@type":"Organization","@id":"https:\/\/vosgesinfo.fr\/laplainedesvosgesinfo\/#organization","name":"La Plaine des Vosges","url":"https:\/\/vosgesinfo.fr\/laplainedesvosgesinfo\/","logo":{"@type":"ImageObject","inLanguage":"fr-FR","@id":"https:\/\/vosgesinfo.fr\/laplainedesvosgesinfo\/#\/schema\/logo\/image\/","url":"https:\/\/vosgesinfo.fr\/app\/uploads\/sites\/2\/2023\/08\/logo-laplaineinfo.svg","contentUrl":"https:\/\/vosgesinfo.fr\/app\/uploads\/sites\/2\/2023\/08\/logo-laplaineinfo.svg","width":1,"height":1,"caption":"La Plaine des Vosges"},"image":{"@id":"https:\/\/vosgesinfo.fr\/laplainedesvosgesinfo\/#\/schema\/logo\/image\/"},"sameAs":["https:\/\/www.facebook.com\/laplainedesvosges","https:\/\/x.com\/VosgesInfo88","https:\/\/www.youtube.com\/@vosgesinfo"]},{"@type":"Person","@id":"https:\/\/vosgesinfo.fr\/laplainedesvosgesinfo\/#\/schema\/person\/bc5d02d71e6932e81b6dadb7386667b1","name":"qs_admin","image":{"@type":"ImageObject","inLanguage":"fr-FR","@id":"https:\/\/vosgesinfo.fr\/laplainedesvosgesinfo\/#\/schema\/person\/image\/","url":"https:\/\/secure.gravatar.com\/avatar\/94b18ee0ed79e4a42ea2f2931277b6841a8999fc6fde214600c78057cf1fe1de?s=96&d=mm&r=g","contentUrl":"https:\/\/secure.gravatar.com\/avatar\/94b18ee0ed79e4a42ea2f2931277b6841a8999fc6fde214600c78057cf1fe1de?s=96&d=mm&r=g","caption":"qs_admin"},"sameAs":["https:\/\/vosgesinfo.fr\/wp"],"url":"https:\/\/vosgesinfo.fr\/laplainedesvosgesinfo\/author\/qs_admin\/"}]}},"_links":{"self":[{"href":"https:\/\/vosgesinfo.fr\/laplainedesvosgesinfo\/wp-json\/wp\/v2\/posts\/2802","targetHints":{"allow":["GET"]}}],"collection":[{"href":"https:\/\/vosgesinfo.fr\/laplainedesvosgesinfo\/wp-json\/wp\/v2\/posts"}],"about":[{"href":"https:\/\/vosgesinfo.fr\/laplainedesvosgesinfo\/wp-json\/wp\/v2\/types\/post"}],"author":[{"embeddable":true,"href":"https:\/\/vosgesinfo.fr\/laplainedesvosgesinfo\/wp-json\/wp\/v2\/users\/1"}],"replies":[{"embeddable":true,"href":"https:\/\/vosgesinfo.fr\/laplainedesvosgesinfo\/wp-json\/wp\/v2\/comments?post=2802"}],"version-history":[{"count":0,"href":"https:\/\/vosgesinfo.fr\/laplainedesvosgesinfo\/wp-json\/wp\/v2\/posts\/2802\/revisions"}],"wp:featuredmedia":[{"embeddable":true,"href":"https:\/\/vosgesinfo.fr\/laplainedesvosgesinfo\/wp-json\/wp\/v2\/media\/2803"}],"wp:attachment":[{"href":"https:\/\/vosgesinfo.fr\/laplainedesvosgesinfo\/wp-json\/wp\/v2\/media?parent=2802"}],"wp:term":[{"taxonomy":"category","embeddable":true,"href":"https:\/\/vosgesinfo.fr\/laplainedesvosgesinfo\/wp-json\/wp\/v2\/categories?post=2802"},{"taxonomy":"post_tag","embeddable":true,"href":"https:\/\/vosgesinfo.fr\/laplainedesvosgesinfo\/wp-json\/wp\/v2\/tags?post=2802"}],"curies":[{"name":"wp","href":"https:\/\/api.w.org\/{rel}","templated":true}]}}