{"id":28119,"date":"2025-01-12T08:00:06","date_gmt":"2025-01-12T07:00:06","guid":{"rendered":"https:\/\/vosgesinfo.fr\/laplainedesvosgesinfo\/?p=28119"},"modified":"2025-01-12T08:00:06","modified_gmt":"2025-01-12T07:00:06","slug":"amitie-franco-chinoise-une-exposition-de-celadons-au-musee-friry-de-remiremont","status":"publish","type":"post","link":"https:\/\/vosgesinfo.fr\/laplainedesvosgesinfo\/2025\/01\/amitie-franco-chinoise-une-exposition-de-celadons-au-musee-friry-de-remiremont\/","title":{"rendered":"Amiti\u00e9 franco-chinoise : une exposition de c\u00e9ladons au mus\u00e9e Friry de Remiremont\u00a0"},"content":{"rendered":"<div id=\"attachment_77312\" style=\"width: 1034px\" class=\"wp-caption aligncenter\"><a href=\"https:\/\/vosgesinfo.fr\/app\/uploads\/sites\/5\/2025\/01\/expo-celadons-005-scaled.jpg\"><img decoding=\"async\" aria-describedby=\"caption-attachment-77312\" class=\"wp-image-77312 size-large\" src=\"https:\/\/vosgesinfo.fr\/app\/uploads\/sites\/5\/2025\/01\/expo-celadons-005-1024x768.jpg\" alt=\"\" width=\"1024\" height=\"768\" \/><\/a><p id=\"caption-attachment-77312\" class=\"wp-caption-text\">De gauche \u00e0 droite : Pan Yumin, Jean-Beno\u00eet Tisserand, Jean Hingray, Aur\u00e9lien Vacheret et Liu Hongge.<\/p><\/div>\n<p><strong>Ce samedi 11 janvier, le mus\u00e9e Charles Friry de Remiremont a officiellement inaugur\u00e9 l&rsquo;exposition \u00ab\u00a0C\u00e9ladons de style Song\u00a0\u00bb, une plong\u00e9e dans l&rsquo;\u00e9l\u00e9gance de la c\u00e9ramique chinoise. Cet \u00e9v\u00e9nement prestigieux s&rsquo;inscrit dans le cadre du partenariat entre la ville de Remiremont et la Chine, un lien renforc\u00e9 par le s\u00e9nateur Jean Hingray dans la continuit\u00e9 du travail de Christian Poncelet.<\/strong><\/p>\n<p>L\u2019inauguration a rassembl\u00e9 des personnalit\u00e9s de premier plan, notamment Pan Yumin, consul g\u00e9n\u00e9ral de Chine \u00e0 Strasbourg, et le directeur du Centre culturel de Chine \u00e0 Paris, Liu Hongge. Ils \u00e9taient entour\u00e9s de Jean Hingray, s\u00e9nateur des Vosges, Jean-Beno\u00eet Tisserand, maire de Remiremont, et Aur\u00e9lien Vacheret, conservateur des mus\u00e9es de la ville.<\/p>\n<p>Outre la d\u00e9couverte des \u0153uvres, l\u2019\u00e9v\u00e9nement offrait une d\u00e9gustation de th\u00e9 ainsi qu&rsquo;une pr\u00e9sentation musicale des instruments traditionnels chinois, le guqin et le pipa, invitant les visiteurs \u00e0 une immersion sensorielle dans la culture chinoise.<\/p>\n<p>Accessible au public jusqu\u2019au 2 f\u00e9vrier, cette exposition offre une opportunit\u00e9 unique de d\u00e9couvrir un pan m\u00e9connu de l\u2019histoire artistique chinoise, tout en c\u00e9l\u00e9brant l\u2019amiti\u00e9 franco-chinoise.<\/p>\n<h3>Un partenariat culturel et diplomatique<\/h3>\n<p>Pour le s\u00e9nateur Jean Hingray, cet \u00e9v\u00e9nement constitue une \u00e9tape significative dans la c\u00e9l\u00e9bration des 60 ans de relations diplomatiques entre la France et la Chine, \u00e9tablies par Charles de Gaulle. Cette exposition s\u2019inscrit \u00e9galement dans une d\u00e9marche d\u2019ouverture des mus\u00e9es de Remiremont \u00e0 un public plus large et \u00e0 des perspectives internationales.<\/p>\n<p>L&rsquo;exposition \u00ab\u00a0C\u00e9ladons de style Song\u00a0\u00bb refl\u00e8te la volont\u00e9 de Remiremont de s\u2019inscrire dans une dynamique culturelle mondiale tout en valorisant son patrimoine local. Pour les amateurs d\u2019art, d\u2019histoire ou de culture, ce rendez-vous est une invitation \u00e0 explorer la richesse d\u2019une tradition mill\u00e9naire.<\/p>\n<p>Rendez-vous au mus\u00e9e Charles Friry avant le 2 f\u00e9vrier pour plonger dans l\u2019\u00e9l\u00e9gance intemporelle des c\u00e9ladons et c\u00e9l\u00e9brer, \u00e0 travers cette exposition, le dialogue entre l\u2019Orient et l\u2019Occident.<\/p>\n<p>&nbsp;<\/p>\n\n\t\t<style type=\"text\/css\">\n\t\t\t#gallery-1 {\n\t\t\t\tmargin: auto;\n\t\t\t}\n\t\t\t#gallery-1 .gallery-item {\n\t\t\t\tfloat: left;\n\t\t\t\tmargin-top: 10px;\n\t\t\t\ttext-align: center;\n\t\t\t\twidth: 33%;\n\t\t\t}\n\t\t\t#gallery-1 img {\n\t\t\t\tborder: 2px solid #cfcfcf;\n\t\t\t}\n\t\t\t#gallery-1 .gallery-caption {\n\t\t\t\tmargin-left: 0;\n\t\t\t}\n\t\t\t\/* see gallery_shortcode() in wp-includes\/media.php *\/\n\t\t<\/style>\n\t\t<div id='gallery-1' class='gallery galleryid-28119 gallery-columns-3 gallery-size-thumbnail'><dl class='gallery-item'>\n\t\t\t<dt class='gallery-icon landscape'>\n\t\t\t\t<a href='https:\/\/vosgesinfo.fr\/app\/uploads\/sites\/2\/2025\/01\/expo-celadons-001-scaled-1.jpg'><img decoding=\"async\" width=\"150\" height=\"150\" src=\"https:\/\/vosgesinfo.fr\/app\/uploads\/sites\/2\/2025\/01\/expo-celadons-001-scaled-1-150x150.jpg\" class=\"attachment-thumbnail size-thumbnail\" alt=\"\" \/><\/a>\n\t\t\t<\/dt><\/dl><dl class='gallery-item'>\n\t\t\t<dt class='gallery-icon landscape'>\n\t\t\t\t<a href='https:\/\/vosgesinfo.fr\/app\/uploads\/sites\/2\/2025\/01\/expo-celadons-002-scaled-1.jpg'><img decoding=\"async\" width=\"150\" height=\"150\" src=\"https:\/\/vosgesinfo.fr\/app\/uploads\/sites\/2\/2025\/01\/expo-celadons-002-scaled-1-150x150.jpg\" class=\"attachment-thumbnail size-thumbnail\" alt=\"\" \/><\/a>\n\t\t\t<\/dt><\/dl><dl class='gallery-item'>\n\t\t\t<dt class='gallery-icon landscape'>\n\t\t\t\t<a href='https:\/\/vosgesinfo.fr\/app\/uploads\/sites\/2\/2025\/01\/expo-celadons-003-scaled-1.jpg'><img decoding=\"async\" width=\"150\" height=\"150\" src=\"https:\/\/vosgesinfo.fr\/app\/uploads\/sites\/2\/2025\/01\/expo-celadons-003-scaled-1-150x150.jpg\" class=\"attachment-thumbnail size-thumbnail\" alt=\"\" \/><\/a>\n\t\t\t<\/dt><\/dl><br style=\"clear: both\" \/><dl class='gallery-item'>\n\t\t\t<dt class='gallery-icon landscape'>\n\t\t\t\t<a href='https:\/\/vosgesinfo.fr\/app\/uploads\/sites\/2\/2025\/01\/expo-celadons-004-scaled-1.jpg'><img decoding=\"async\" width=\"150\" height=\"150\" src=\"https:\/\/vosgesinfo.fr\/app\/uploads\/sites\/2\/2025\/01\/expo-celadons-004-scaled-1-150x150.jpg\" class=\"attachment-thumbnail size-thumbnail\" alt=\"\" \/><\/a>\n\t\t\t<\/dt><\/dl><dl class='gallery-item'>\n\t\t\t<dt class='gallery-icon landscape'>\n\t\t\t\t<a href='https:\/\/vosgesinfo.fr\/app\/uploads\/sites\/2\/2025\/01\/expo-celadons-006-scaled-1.jpg'><img decoding=\"async\" width=\"150\" height=\"150\" src=\"https:\/\/vosgesinfo.fr\/app\/uploads\/sites\/2\/2025\/01\/expo-celadons-006-scaled-1-150x150.jpg\" class=\"attachment-thumbnail size-thumbnail\" alt=\"\" \/><\/a>\n\t\t\t<\/dt><\/dl><dl class='gallery-item'>\n\t\t\t<dt class='gallery-icon landscape'>\n\t\t\t\t<a href='https:\/\/vosgesinfo.fr\/app\/uploads\/sites\/2\/2025\/01\/expo-celadons-007-scaled-1.jpg'><img decoding=\"async\" width=\"150\" height=\"150\" src=\"https:\/\/vosgesinfo.fr\/app\/uploads\/sites\/2\/2025\/01\/expo-celadons-007-scaled-1-150x150.jpg\" class=\"attachment-thumbnail size-thumbnail\" alt=\"\" \/><\/a>\n\t\t\t<\/dt><\/dl><br style=\"clear: both\" \/>\n\t\t<\/div>\n\n","protected":false},"excerpt":{"rendered":"<p>Ce samedi 11 janvier, le mus\u00e9e Charles Friry de Remiremont a officiellement inaugur\u00e9 l&rsquo;exposition \u00ab\u00a0C\u00e9ladons de style Song\u00a0\u00bb, une plong\u00e9e [&hellip;]<\/p>\n","protected":false},"author":418,"featured_media":28120,"comment_status":"open","ping_status":"open","sticky":false,"template":"","format":"standard","meta":{"footnotes":""},"categories":[29,7734,383,294,380,381,384],"tags":[7778,7779,221],"class_list":["post-28119","post","type-post","status-publish","format-standard","has-post-thumbnail","hentry","category-a-la-une","category-art","category-epinal","category-gerardmer","category-la-plaine-des-vosges","category-remiremont","category-saint-die","tag-amitie-franco-chinoise","tag-celadons-de-style-song","tag-jean-hingray"],"acf":[],"yoast_head":"<!-- This site is optimized with the Yoast SEO plugin v22.5 - https:\/\/yoast.com\/wordpress\/plugins\/seo\/ -->\n<title>Amiti\u00e9 franco-chinoise : une exposition de c\u00e9ladons au mus\u00e9e Friry de Remiremont\u00a0 - La Plaine des Vosges<\/title>\n<meta name=\"robots\" content=\"index, follow, max-snippet:-1, max-image-preview:large, max-video-preview:-1\" \/>\n<link rel=\"canonical\" href=\"https:\/\/vosgesinfo.fr\/laplainedesvosgesinfo\/2025\/01\/amitie-franco-chinoise-une-exposition-de-celadons-au-musee-friry-de-remiremont\/\" \/>\n<meta name=\"twitter:card\" content=\"summary_large_image\" \/>\n<meta name=\"twitter:title\" content=\"Amiti\u00e9 franco-chinoise : une exposition de c\u00e9ladons au mus\u00e9e Friry de Remiremont\u00a0 - La Plaine des Vosges\" \/>\n<meta name=\"twitter:description\" content=\"Ce samedi 11 janvier, le mus\u00e9e Charles Friry de Remiremont a officiellement inaugur\u00e9 l&rsquo;exposition \u00ab\u00a0C\u00e9ladons de style Song\u00a0\u00bb, une plong\u00e9e [&hellip;]\" \/>\n<meta name=\"twitter:image\" content=\"https:\/\/vosgesinfo.fr\/app\/uploads\/sites\/2\/2025\/01\/expo-celadons-005-scaled-1.jpg\" \/>\n<meta name=\"twitter:creator\" content=\"@VosgesInfo88\" \/>\n<meta name=\"twitter:site\" content=\"@VosgesInfo88\" \/>\n<meta name=\"twitter:label1\" content=\"\u00c9crit par\" \/>\n\t<meta name=\"twitter:data1\" content=\"C.M\" \/>\n\t<meta name=\"twitter:label2\" content=\"Dur\u00e9e de lecture estim\u00e9e\" \/>\n\t<meta name=\"twitter:data2\" content=\"2 minutes\" \/>\n<script type=\"application\/ld+json\" class=\"yoast-schema-graph\">{\"@context\":\"https:\/\/schema.org\",\"@graph\":[{\"@type\":\"Article\",\"@id\":\"https:\/\/vosgesinfo.fr\/laplainedesvosgesinfo\/2025\/01\/amitie-franco-chinoise-une-exposition-de-celadons-au-musee-friry-de-remiremont\/#article\",\"isPartOf\":{\"@id\":\"https:\/\/vosgesinfo.fr\/laplainedesvosgesinfo\/2025\/01\/amitie-franco-chinoise-une-exposition-de-celadons-au-musee-friry-de-remiremont\/\"},\"author\":{\"name\":\"C.M\",\"@id\":\"https:\/\/vosgesinfo.fr\/laplainedesvosgesinfo\/#\/schema\/person\/4f38cd3068e342935b7304695c797d08\"},\"headline\":\"Amiti\u00e9 franco-chinoise : une exposition de c\u00e9ladons au mus\u00e9e Friry de Remiremont\u00a0\",\"datePublished\":\"2025-01-12T07:00:06+00:00\",\"dateModified\":\"2025-01-12T07:00:06+00:00\",\"mainEntityOfPage\":{\"@id\":\"https:\/\/vosgesinfo.fr\/laplainedesvosgesinfo\/2025\/01\/amitie-franco-chinoise-une-exposition-de-celadons-au-musee-friry-de-remiremont\/\"},\"wordCount\":389,\"commentCount\":0,\"publisher\":{\"@id\":\"https:\/\/vosgesinfo.fr\/laplainedesvosgesinfo\/#organization\"},\"image\":{\"@id\":\"https:\/\/vosgesinfo.fr\/laplainedesvosgesinfo\/2025\/01\/amitie-franco-chinoise-une-exposition-de-celadons-au-musee-friry-de-remiremont\/#primaryimage\"},\"thumbnailUrl\":\"https:\/\/vosgesinfo.fr\/app\/uploads\/sites\/2\/2025\/01\/expo-celadons-005-scaled-1.jpg\",\"keywords\":[\"Amiti\u00e9 franco-chinoise\",\"C\u00e9ladons de style song\",\"Jean Hingray\"],\"articleSection\":[\"A la Une\",\"Art\",\"Epinal\",\"G\u00e9rardmer\",\"La plaine des vosges\",\"Remiremont\",\"Saint-di\u00e9\"],\"inLanguage\":\"fr-FR\",\"potentialAction\":[{\"@type\":\"CommentAction\",\"name\":\"Comment\",\"target\":[\"https:\/\/vosgesinfo.fr\/laplainedesvosgesinfo\/2025\/01\/amitie-franco-chinoise-une-exposition-de-celadons-au-musee-friry-de-remiremont\/#respond\"]}]},{\"@type\":\"WebPage\",\"@id\":\"https:\/\/vosgesinfo.fr\/laplainedesvosgesinfo\/2025\/01\/amitie-franco-chinoise-une-exposition-de-celadons-au-musee-friry-de-remiremont\/\",\"url\":\"https:\/\/vosgesinfo.fr\/laplainedesvosgesinfo\/2025\/01\/amitie-franco-chinoise-une-exposition-de-celadons-au-musee-friry-de-remiremont\/\",\"name\":\"Amiti\u00e9 franco-chinoise : une exposition de c\u00e9ladons au mus\u00e9e Friry de Remiremont\u00a0 - La Plaine des Vosges\",\"isPartOf\":{\"@id\":\"https:\/\/vosgesinfo.fr\/laplainedesvosgesinfo\/#website\"},\"primaryImageOfPage\":{\"@id\":\"https:\/\/vosgesinfo.fr\/laplainedesvosgesinfo\/2025\/01\/amitie-franco-chinoise-une-exposition-de-celadons-au-musee-friry-de-remiremont\/#primaryimage\"},\"image\":{\"@id\":\"https:\/\/vosgesinfo.fr\/laplainedesvosgesinfo\/2025\/01\/amitie-franco-chinoise-une-exposition-de-celadons-au-musee-friry-de-remiremont\/#primaryimage\"},\"thumbnailUrl\":\"https:\/\/vosgesinfo.fr\/app\/uploads\/sites\/2\/2025\/01\/expo-celadons-005-scaled-1.jpg\",\"datePublished\":\"2025-01-12T07:00:06+00:00\",\"dateModified\":\"2025-01-12T07:00:06+00:00\",\"breadcrumb\":{\"@id\":\"https:\/\/vosgesinfo.fr\/laplainedesvosgesinfo\/2025\/01\/amitie-franco-chinoise-une-exposition-de-celadons-au-musee-friry-de-remiremont\/#breadcrumb\"},\"inLanguage\":\"fr-FR\",\"potentialAction\":[{\"@type\":\"ReadAction\",\"target\":[\"https:\/\/vosgesinfo.fr\/laplainedesvosgesinfo\/2025\/01\/amitie-franco-chinoise-une-exposition-de-celadons-au-musee-friry-de-remiremont\/\"]}]},{\"@type\":\"ImageObject\",\"inLanguage\":\"fr-FR\",\"@id\":\"https:\/\/vosgesinfo.fr\/laplainedesvosgesinfo\/2025\/01\/amitie-franco-chinoise-une-exposition-de-celadons-au-musee-friry-de-remiremont\/#primaryimage\",\"url\":\"https:\/\/vosgesinfo.fr\/app\/uploads\/sites\/2\/2025\/01\/expo-celadons-005-scaled-1.jpg\",\"contentUrl\":\"https:\/\/vosgesinfo.fr\/app\/uploads\/sites\/2\/2025\/01\/expo-celadons-005-scaled-1.jpg\",\"width\":2560,\"height\":1920},{\"@type\":\"BreadcrumbList\",\"@id\":\"https:\/\/vosgesinfo.fr\/laplainedesvosgesinfo\/2025\/01\/amitie-franco-chinoise-une-exposition-de-celadons-au-musee-friry-de-remiremont\/#breadcrumb\",\"itemListElement\":[{\"@type\":\"ListItem\",\"position\":1,\"name\":\"Home\",\"item\":\"https:\/\/vosgesinfo.fr\/laplainedesvosgesinfo\/\"},{\"@type\":\"ListItem\",\"position\":2,\"name\":\"Amiti\u00e9 franco-chinoise : une exposition de c\u00e9ladons au mus\u00e9e Friry de Remiremont\u00a0\"}]},{\"@type\":\"WebSite\",\"@id\":\"https:\/\/vosgesinfo.fr\/laplainedesvosgesinfo\/#website\",\"url\":\"https:\/\/vosgesinfo.fr\/laplainedesvosgesinfo\/\",\"name\":\"La Plaine des Vosges\",\"description\":\"Toute l&#039;actualit\u00e9 de la plaine de Vosges\",\"publisher\":{\"@id\":\"https:\/\/vosgesinfo.fr\/laplainedesvosgesinfo\/#organization\"},\"alternateName\":\"Toute l'actualit\u00e9 de la plaine des Vosges\",\"potentialAction\":[{\"@type\":\"SearchAction\",\"target\":{\"@type\":\"EntryPoint\",\"urlTemplate\":\"https:\/\/vosgesinfo.fr\/laplainedesvosgesinfo\/?s={search_term_string}\"},\"query-input\":\"required name=search_term_string\"}],\"inLanguage\":\"fr-FR\"},{\"@type\":\"Organization\",\"@id\":\"https:\/\/vosgesinfo.fr\/laplainedesvosgesinfo\/#organization\",\"name\":\"La Plaine des Vosges\",\"url\":\"https:\/\/vosgesinfo.fr\/laplainedesvosgesinfo\/\",\"logo\":{\"@type\":\"ImageObject\",\"inLanguage\":\"fr-FR\",\"@id\":\"https:\/\/vosgesinfo.fr\/laplainedesvosgesinfo\/#\/schema\/logo\/image\/\",\"url\":\"https:\/\/vosgesinfo.fr\/app\/uploads\/sites\/2\/2023\/08\/logo-laplaineinfo.svg\",\"contentUrl\":\"https:\/\/vosgesinfo.fr\/app\/uploads\/sites\/2\/2023\/08\/logo-laplaineinfo.svg\",\"width\":1,\"height\":1,\"caption\":\"La Plaine des Vosges\"},\"image\":{\"@id\":\"https:\/\/vosgesinfo.fr\/laplainedesvosgesinfo\/#\/schema\/logo\/image\/\"},\"sameAs\":[\"https:\/\/www.facebook.com\/laplainedesvosges\",\"https:\/\/x.com\/VosgesInfo88\",\"https:\/\/www.youtube.com\/@vosgesinfo\"]},{\"@type\":\"Person\",\"@id\":\"https:\/\/vosgesinfo.fr\/laplainedesvosgesinfo\/#\/schema\/person\/4f38cd3068e342935b7304695c797d08\",\"name\":\"C.M\",\"image\":{\"@type\":\"ImageObject\",\"inLanguage\":\"fr-FR\",\"@id\":\"https:\/\/vosgesinfo.fr\/laplainedesvosgesinfo\/#\/schema\/person\/image\/\",\"url\":\"https:\/\/secure.gravatar.com\/avatar\/fe9daaef0164d920717484172682f3c5c9bcf7d42aa8c7048c76c34f0eb6c8da?s=96&d=mm&r=g\",\"contentUrl\":\"https:\/\/secure.gravatar.com\/avatar\/fe9daaef0164d920717484172682f3c5c9bcf7d42aa8c7048c76c34f0eb6c8da?s=96&d=mm&r=g\",\"caption\":\"C.M\"},\"url\":\"https:\/\/vosgesinfo.fr\/laplainedesvosgesinfo\/author\/cm88200\/\"}]}<\/script>\n<!-- \/ Yoast SEO plugin. -->","yoast_head_json":{"title":"Amiti\u00e9 franco-chinoise : une exposition de c\u00e9ladons au mus\u00e9e Friry de Remiremont\u00a0 - La Plaine des Vosges","robots":{"index":"index","follow":"follow","max-snippet":"max-snippet:-1","max-image-preview":"max-image-preview:large","max-video-preview":"max-video-preview:-1"},"canonical":"https:\/\/vosgesinfo.fr\/laplainedesvosgesinfo\/2025\/01\/amitie-franco-chinoise-une-exposition-de-celadons-au-musee-friry-de-remiremont\/","twitter_card":"summary_large_image","twitter_title":"Amiti\u00e9 franco-chinoise : une exposition de c\u00e9ladons au mus\u00e9e Friry de Remiremont\u00a0 - La Plaine des Vosges","twitter_description":"Ce samedi 11 janvier, le mus\u00e9e Charles Friry de Remiremont a officiellement inaugur\u00e9 l&rsquo;exposition \u00ab\u00a0C\u00e9ladons de style Song\u00a0\u00bb, une plong\u00e9e [&hellip;]","twitter_image":"https:\/\/vosgesinfo.fr\/app\/uploads\/sites\/2\/2025\/01\/expo-celadons-005-scaled-1.jpg","twitter_creator":"@VosgesInfo88","twitter_site":"@VosgesInfo88","twitter_misc":{"\u00c9crit par":"C.M","Dur\u00e9e de lecture estim\u00e9e":"2 minutes"},"schema":{"@context":"https:\/\/schema.org","@graph":[{"@type":"Article","@id":"https:\/\/vosgesinfo.fr\/laplainedesvosgesinfo\/2025\/01\/amitie-franco-chinoise-une-exposition-de-celadons-au-musee-friry-de-remiremont\/#article","isPartOf":{"@id":"https:\/\/vosgesinfo.fr\/laplainedesvosgesinfo\/2025\/01\/amitie-franco-chinoise-une-exposition-de-celadons-au-musee-friry-de-remiremont\/"},"author":{"name":"C.M","@id":"https:\/\/vosgesinfo.fr\/laplainedesvosgesinfo\/#\/schema\/person\/4f38cd3068e342935b7304695c797d08"},"headline":"Amiti\u00e9 franco-chinoise : une exposition de c\u00e9ladons au mus\u00e9e Friry de Remiremont\u00a0","datePublished":"2025-01-12T07:00:06+00:00","dateModified":"2025-01-12T07:00:06+00:00","mainEntityOfPage":{"@id":"https:\/\/vosgesinfo.fr\/laplainedesvosgesinfo\/2025\/01\/amitie-franco-chinoise-une-exposition-de-celadons-au-musee-friry-de-remiremont\/"},"wordCount":389,"commentCount":0,"publisher":{"@id":"https:\/\/vosgesinfo.fr\/laplainedesvosgesinfo\/#organization"},"image":{"@id":"https:\/\/vosgesinfo.fr\/laplainedesvosgesinfo\/2025\/01\/amitie-franco-chinoise-une-exposition-de-celadons-au-musee-friry-de-remiremont\/#primaryimage"},"thumbnailUrl":"https:\/\/vosgesinfo.fr\/app\/uploads\/sites\/2\/2025\/01\/expo-celadons-005-scaled-1.jpg","keywords":["Amiti\u00e9 franco-chinoise","C\u00e9ladons de style song","Jean Hingray"],"articleSection":["A la Une","Art","Epinal","G\u00e9rardmer","La plaine des vosges","Remiremont","Saint-di\u00e9"],"inLanguage":"fr-FR","potentialAction":[{"@type":"CommentAction","name":"Comment","target":["https:\/\/vosgesinfo.fr\/laplainedesvosgesinfo\/2025\/01\/amitie-franco-chinoise-une-exposition-de-celadons-au-musee-friry-de-remiremont\/#respond"]}]},{"@type":"WebPage","@id":"https:\/\/vosgesinfo.fr\/laplainedesvosgesinfo\/2025\/01\/amitie-franco-chinoise-une-exposition-de-celadons-au-musee-friry-de-remiremont\/","url":"https:\/\/vosgesinfo.fr\/laplainedesvosgesinfo\/2025\/01\/amitie-franco-chinoise-une-exposition-de-celadons-au-musee-friry-de-remiremont\/","name":"Amiti\u00e9 franco-chinoise : une exposition de c\u00e9ladons au mus\u00e9e Friry de Remiremont\u00a0 - La Plaine des Vosges","isPartOf":{"@id":"https:\/\/vosgesinfo.fr\/laplainedesvosgesinfo\/#website"},"primaryImageOfPage":{"@id":"https:\/\/vosgesinfo.fr\/laplainedesvosgesinfo\/2025\/01\/amitie-franco-chinoise-une-exposition-de-celadons-au-musee-friry-de-remiremont\/#primaryimage"},"image":{"@id":"https:\/\/vosgesinfo.fr\/laplainedesvosgesinfo\/2025\/01\/amitie-franco-chinoise-une-exposition-de-celadons-au-musee-friry-de-remiremont\/#primaryimage"},"thumbnailUrl":"https:\/\/vosgesinfo.fr\/app\/uploads\/sites\/2\/2025\/01\/expo-celadons-005-scaled-1.jpg","datePublished":"2025-01-12T07:00:06+00:00","dateModified":"2025-01-12T07:00:06+00:00","breadcrumb":{"@id":"https:\/\/vosgesinfo.fr\/laplainedesvosgesinfo\/2025\/01\/amitie-franco-chinoise-une-exposition-de-celadons-au-musee-friry-de-remiremont\/#breadcrumb"},"inLanguage":"fr-FR","potentialAction":[{"@type":"ReadAction","target":["https:\/\/vosgesinfo.fr\/laplainedesvosgesinfo\/2025\/01\/amitie-franco-chinoise-une-exposition-de-celadons-au-musee-friry-de-remiremont\/"]}]},{"@type":"ImageObject","inLanguage":"fr-FR","@id":"https:\/\/vosgesinfo.fr\/laplainedesvosgesinfo\/2025\/01\/amitie-franco-chinoise-une-exposition-de-celadons-au-musee-friry-de-remiremont\/#primaryimage","url":"https:\/\/vosgesinfo.fr\/app\/uploads\/sites\/2\/2025\/01\/expo-celadons-005-scaled-1.jpg","contentUrl":"https:\/\/vosgesinfo.fr\/app\/uploads\/sites\/2\/2025\/01\/expo-celadons-005-scaled-1.jpg","width":2560,"height":1920},{"@type":"BreadcrumbList","@id":"https:\/\/vosgesinfo.fr\/laplainedesvosgesinfo\/2025\/01\/amitie-franco-chinoise-une-exposition-de-celadons-au-musee-friry-de-remiremont\/#breadcrumb","itemListElement":[{"@type":"ListItem","position":1,"name":"Home","item":"https:\/\/vosgesinfo.fr\/laplainedesvosgesinfo\/"},{"@type":"ListItem","position":2,"name":"Amiti\u00e9 franco-chinoise : une exposition de c\u00e9ladons au mus\u00e9e Friry de Remiremont\u00a0"}]},{"@type":"WebSite","@id":"https:\/\/vosgesinfo.fr\/laplainedesvosgesinfo\/#website","url":"https:\/\/vosgesinfo.fr\/laplainedesvosgesinfo\/","name":"La Plaine des Vosges","description":"Toute l&#039;actualit\u00e9 de la plaine de Vosges","publisher":{"@id":"https:\/\/vosgesinfo.fr\/laplainedesvosgesinfo\/#organization"},"alternateName":"Toute l'actualit\u00e9 de la plaine des Vosges","potentialAction":[{"@type":"SearchAction","target":{"@type":"EntryPoint","urlTemplate":"https:\/\/vosgesinfo.fr\/laplainedesvosgesinfo\/?s={search_term_string}"},"query-input":"required name=search_term_string"}],"inLanguage":"fr-FR"},{"@type":"Organization","@id":"https:\/\/vosgesinfo.fr\/laplainedesvosgesinfo\/#organization","name":"La Plaine des Vosges","url":"https:\/\/vosgesinfo.fr\/laplainedesvosgesinfo\/","logo":{"@type":"ImageObject","inLanguage":"fr-FR","@id":"https:\/\/vosgesinfo.fr\/laplainedesvosgesinfo\/#\/schema\/logo\/image\/","url":"https:\/\/vosgesinfo.fr\/app\/uploads\/sites\/2\/2023\/08\/logo-laplaineinfo.svg","contentUrl":"https:\/\/vosgesinfo.fr\/app\/uploads\/sites\/2\/2023\/08\/logo-laplaineinfo.svg","width":1,"height":1,"caption":"La Plaine des Vosges"},"image":{"@id":"https:\/\/vosgesinfo.fr\/laplainedesvosgesinfo\/#\/schema\/logo\/image\/"},"sameAs":["https:\/\/www.facebook.com\/laplainedesvosges","https:\/\/x.com\/VosgesInfo88","https:\/\/www.youtube.com\/@vosgesinfo"]},{"@type":"Person","@id":"https:\/\/vosgesinfo.fr\/laplainedesvosgesinfo\/#\/schema\/person\/4f38cd3068e342935b7304695c797d08","name":"C.M","image":{"@type":"ImageObject","inLanguage":"fr-FR","@id":"https:\/\/vosgesinfo.fr\/laplainedesvosgesinfo\/#\/schema\/person\/image\/","url":"https:\/\/secure.gravatar.com\/avatar\/fe9daaef0164d920717484172682f3c5c9bcf7d42aa8c7048c76c34f0eb6c8da?s=96&d=mm&r=g","contentUrl":"https:\/\/secure.gravatar.com\/avatar\/fe9daaef0164d920717484172682f3c5c9bcf7d42aa8c7048c76c34f0eb6c8da?s=96&d=mm&r=g","caption":"C.M"},"url":"https:\/\/vosgesinfo.fr\/laplainedesvosgesinfo\/author\/cm88200\/"}]}},"_links":{"self":[{"href":"https:\/\/vosgesinfo.fr\/laplainedesvosgesinfo\/wp-json\/wp\/v2\/posts\/28119","targetHints":{"allow":["GET"]}}],"collection":[{"href":"https:\/\/vosgesinfo.fr\/laplainedesvosgesinfo\/wp-json\/wp\/v2\/posts"}],"about":[{"href":"https:\/\/vosgesinfo.fr\/laplainedesvosgesinfo\/wp-json\/wp\/v2\/types\/post"}],"author":[{"embeddable":true,"href":"https:\/\/vosgesinfo.fr\/laplainedesvosgesinfo\/wp-json\/wp\/v2\/users\/418"}],"replies":[{"embeddable":true,"href":"https:\/\/vosgesinfo.fr\/laplainedesvosgesinfo\/wp-json\/wp\/v2\/comments?post=28119"}],"version-history":[{"count":0,"href":"https:\/\/vosgesinfo.fr\/laplainedesvosgesinfo\/wp-json\/wp\/v2\/posts\/28119\/revisions"}],"wp:featuredmedia":[{"embeddable":true,"href":"https:\/\/vosgesinfo.fr\/laplainedesvosgesinfo\/wp-json\/wp\/v2\/media\/28120"}],"wp:attachment":[{"href":"https:\/\/vosgesinfo.fr\/laplainedesvosgesinfo\/wp-json\/wp\/v2\/media?parent=28119"}],"wp:term":[{"taxonomy":"category","embeddable":true,"href":"https:\/\/vosgesinfo.fr\/laplainedesvosgesinfo\/wp-json\/wp\/v2\/categories?post=28119"},{"taxonomy":"post_tag","embeddable":true,"href":"https:\/\/vosgesinfo.fr\/laplainedesvosgesinfo\/wp-json\/wp\/v2\/tags?post=28119"}],"curies":[{"name":"wp","href":"https:\/\/api.w.org\/{rel}","templated":true}]}}