{"id":28129,"date":"2025-01-13T10:47:35","date_gmt":"2025-01-13T09:47:35","guid":{"rendered":"https:\/\/vosgesinfo.fr\/laplainedesvosgesinfo\/?p=28129"},"modified":"2025-01-13T10:47:35","modified_gmt":"2025-01-13T09:47:35","slug":"futsal-160-footballeurs-en-herbe-reunis-a-saint-die-des-vosges-pour-la-kalidou-koulibaly-cup","status":"publish","type":"post","link":"https:\/\/vosgesinfo.fr\/laplainedesvosgesinfo\/2025\/01\/futsal-160-footballeurs-en-herbe-reunis-a-saint-die-des-vosges-pour-la-kalidou-koulibaly-cup\/","title":{"rendered":"Futsal\u00a0: 160 footballeurs en herbe r\u00e9unis \u00e0 Saint-Di\u00e9-des-Vosges pour la Kalidou Koulibaly Cup"},"content":{"rendered":"<div id=\"attachment_72702\" style=\"width: 1034px\" class=\"wp-caption alignnone\"><a href=\"https:\/\/vosgesinfo.fr\/app\/uploads\/sites\/4\/2025\/01\/kk-cup-futsal-3.jpg\"><img decoding=\"async\" aria-describedby=\"caption-attachment-72702\" class=\"size-large wp-image-72702\" src=\"https:\/\/vosgesinfo.fr\/app\/uploads\/sites\/4\/2025\/01\/kk-cup-futsal-3-1024x683.jpg\" alt=\"\" width=\"1024\" height=\"683\" \/><\/a><p id=\"caption-attachment-72702\" class=\"wp-caption-text\">(Photographies Marc Fourniquet)<\/p><\/div>\n<h2>Le club SR Saint-Di\u00e9 Kellermann \u2013 SRDK \u2013 organisait hier dimanche au Palais Omnisports Joseph-Claudel la Kalidou Koulibaly Cup \u2013 KK&rsquo; Cup.<\/h2>\n<p><!--more--><\/p>\n<p>Comme son nom l&rsquo;indique ce tournoi de futsal tourn\u00e9 vers les jeunes est parrain\u00e9 par le D\u00e9odatien Kalidou Koulibaly, joueur de football professionnel. En raison d&rsquo;obligations professionnelles avec son club, le Al-Hilal FC, le d\u00e9fenseur central de renomm\u00e9e internationale n&rsquo;a pas pu \u00eatre pr\u00e9sent dans sa ville natale pour assister aux matchs.<\/p>\n<p>La KK&rsquo; Cup a r\u00e9uni au total 160 footballeurs en herbe, des cat\u00e9gories U12 et U13, qui se sont affront\u00e9s tout au long de la journ\u00e9e sur les 2 terrains du tournoi. 16 \u00e9quipes des Vosges, du Grand Et et de Suisse ont pris part \u00e0 la KK&rsquo; Cup, qui ont \u00e9t\u00e9 d\u00e9partag\u00e9es selon 2 classements. Le FC Metz remporte ainsi le classement \u00ab\u00a0Champions League\u00a0\u00bb, devant les SR Saint-Di\u00e9 Kellermann (2e) et le FC Eloyes (3e). Pour le classement \u00ab\u00a0Europa League\u00a0\u00bb, le FR Haguenau est mont\u00e9 sur la premi\u00e8re marche du podium, le SA Epinal sur la deuxi\u00e8m et l&rsquo;ASC Biesheim sur la troisi\u00e8me.<\/p>\n\n\t\t<style type=\"text\/css\">\n\t\t\t#gallery-1 {\n\t\t\t\tmargin: auto;\n\t\t\t}\n\t\t\t#gallery-1 .gallery-item {\n\t\t\t\tfloat: left;\n\t\t\t\tmargin-top: 10px;\n\t\t\t\ttext-align: center;\n\t\t\t\twidth: 33%;\n\t\t\t}\n\t\t\t#gallery-1 img {\n\t\t\t\tborder: 2px solid #cfcfcf;\n\t\t\t}\n\t\t\t#gallery-1 .gallery-caption {\n\t\t\t\tmargin-left: 0;\n\t\t\t}\n\t\t\t\/* see gallery_shortcode() in wp-includes\/media.php *\/\n\t\t<\/style>\n\t\t<div id='gallery-1' class='gallery galleryid-28129 gallery-columns-3 gallery-size-thumbnail'><dl class='gallery-item'>\n\t\t\t<dt class='gallery-icon landscape'>\n\t\t\t\t<a href='https:\/\/vosgesinfo.fr\/app\/uploads\/sites\/2\/2025\/01\/kk-cup-futsal-1.jpg'><img decoding=\"async\" width=\"150\" height=\"150\" src=\"https:\/\/vosgesinfo.fr\/app\/uploads\/sites\/2\/2025\/01\/kk-cup-futsal-1-150x150.jpg\" class=\"attachment-thumbnail size-thumbnail\" alt=\"\" \/><\/a>\n\t\t\t<\/dt><\/dl><dl class='gallery-item'>\n\t\t\t<dt class='gallery-icon landscape'>\n\t\t\t\t<a href='https:\/\/vosgesinfo.fr\/app\/uploads\/sites\/2\/2025\/01\/kk-cup-futsal-2.jpg'><img decoding=\"async\" width=\"150\" height=\"150\" src=\"https:\/\/vosgesinfo.fr\/app\/uploads\/sites\/2\/2025\/01\/kk-cup-futsal-2-150x150.jpg\" class=\"attachment-thumbnail size-thumbnail\" alt=\"\" \/><\/a>\n\t\t\t<\/dt><\/dl><dl class='gallery-item'>\n\t\t\t<dt class='gallery-icon landscape'>\n\t\t\t\t<a href='https:\/\/vosgesinfo.fr\/app\/uploads\/sites\/2\/2025\/01\/kk-cup-futsal-4.jpg'><img decoding=\"async\" width=\"150\" height=\"150\" src=\"https:\/\/vosgesinfo.fr\/app\/uploads\/sites\/2\/2025\/01\/kk-cup-futsal-4-150x150.jpg\" class=\"attachment-thumbnail size-thumbnail\" alt=\"\" \/><\/a>\n\t\t\t<\/dt><\/dl><br style=\"clear: both\" \/><dl class='gallery-item'>\n\t\t\t<dt class='gallery-icon landscape'>\n\t\t\t\t<a href='https:\/\/vosgesinfo.fr\/app\/uploads\/sites\/2\/2025\/01\/kk-cup-futsal-5.jpg'><img decoding=\"async\" width=\"150\" height=\"150\" src=\"https:\/\/vosgesinfo.fr\/app\/uploads\/sites\/2\/2025\/01\/kk-cup-futsal-5-150x150.jpg\" class=\"attachment-thumbnail size-thumbnail\" alt=\"\" \/><\/a>\n\t\t\t<\/dt><\/dl>\n\t\t\t<br style='clear: both' \/>\n\t\t<\/div>\n\n<h3>Les r\u00e9sultats complets de la KK&rsquo; Cup\u00a0:<\/h3>\n<h4>Classement \u00ab\u00a0Champions League\u00a0\u00bb<\/h4>\n<ol>\n<li>FC Metz<\/li>\n<li>SR Saint-Di\u00e9 Kellermann<\/li>\n<li>FC Eloyes<\/li>\n<li>ES Exincourt<\/li>\n<li>MJC Nancy Pichon<\/li>\n<li>AC Montbeliard<\/li>\n<li>AS Ludres<\/li>\n<li>US Thionville<\/li>\n<\/ol>\n<h4>Classement \u00ab\u00a0Europa League\u00a0\u00bb<\/h4>\n<ol>\n<li>FR Haguenau<\/li>\n<li>SA Epinal<\/li>\n<li>ASC Biesheim<\/li>\n<li>FCOSK 06<\/li>\n<li>Jarvilles Jeunes Football<\/li>\n<li>Agiir Florival<\/li>\n<li>Stade Lausanne 1<\/li>\n<li>Stade Lausanne 2<\/li>\n<\/ol>\n<p>J.J.<\/p>\n","protected":false},"excerpt":{"rendered":"<p>Le club SR Saint-Di\u00e9 Kellermann \u2013 SRDK \u2013 organisait hier dimanche au Palais Omnisports Joseph-Claudel la Kalidou Koulibaly Cup \u2013 [&hellip;]<\/p>\n","protected":false},"author":46,"featured_media":28130,"comment_status":"open","ping_status":"open","sticky":false,"template":"","format":"standard","meta":{"footnotes":""},"categories":[29,383,294,380,381,393,14,18],"tags":[7261,7782,6227,7783,4411,7784,7785],"class_list":["post-28129","post","type-post","status-publish","format-standard","has-post-thumbnail","hentry","category-a-la-une","category-epinal","category-gerardmer","category-la-plaine-des-vosges","category-remiremont","category-saint-die-des-vosges","category-sport","category-vosges","tag-fc-metz","tag-fr-haguenau","tag-kalidou-koulibaly","tag-kk-cup","tag-palais-omnisports-joseph-claudel","tag-sr-saint-die-kellermann","tag-srdk-football"],"acf":[],"yoast_head":"<!-- This site is optimized with the Yoast SEO plugin v22.5 - https:\/\/yoast.com\/wordpress\/plugins\/seo\/ -->\n<title>Futsal\u00a0: 160 footballeurs en herbe r\u00e9unis \u00e0 Saint-Di\u00e9-des-Vosges pour la Kalidou Koulibaly Cup - La Plaine des Vosges<\/title>\n<meta name=\"robots\" content=\"index, follow, max-snippet:-1, max-image-preview:large, max-video-preview:-1\" \/>\n<link rel=\"canonical\" href=\"https:\/\/vosgesinfo.fr\/laplainedesvosgesinfo\/2025\/01\/futsal-160-footballeurs-en-herbe-reunis-a-saint-die-des-vosges-pour-la-kalidou-koulibaly-cup\/\" \/>\n<meta name=\"twitter:card\" content=\"summary_large_image\" \/>\n<meta name=\"twitter:title\" content=\"Futsal\u00a0: 160 footballeurs en herbe r\u00e9unis \u00e0 Saint-Di\u00e9-des-Vosges pour la Kalidou Koulibaly Cup - La Plaine des Vosges\" \/>\n<meta name=\"twitter:description\" content=\"Le club SR Saint-Di\u00e9 Kellermann \u2013 SRDK \u2013 organisait hier dimanche au Palais Omnisports Joseph-Claudel la Kalidou Koulibaly Cup \u2013 [&hellip;]\" \/>\n<meta name=\"twitter:image\" content=\"https:\/\/vosgesinfo.fr\/app\/uploads\/sites\/2\/2025\/01\/kk-cup-futsal-3.jpg\" \/>\n<meta name=\"twitter:creator\" content=\"@VosgesInfo88\" \/>\n<meta name=\"twitter:site\" content=\"@VosgesInfo88\" \/>\n<meta name=\"twitter:label1\" content=\"\u00c9crit par\" \/>\n\t<meta name=\"twitter:data1\" content=\"J.J.\" \/>\n\t<meta name=\"twitter:label2\" content=\"Dur\u00e9e de lecture estim\u00e9e\" \/>\n\t<meta name=\"twitter:data2\" content=\"1 minute\" \/>\n<script type=\"application\/ld+json\" class=\"yoast-schema-graph\">{\"@context\":\"https:\/\/schema.org\",\"@graph\":[{\"@type\":\"Article\",\"@id\":\"https:\/\/vosgesinfo.fr\/laplainedesvosgesinfo\/2025\/01\/futsal-160-footballeurs-en-herbe-reunis-a-saint-die-des-vosges-pour-la-kalidou-koulibaly-cup\/#article\",\"isPartOf\":{\"@id\":\"https:\/\/vosgesinfo.fr\/laplainedesvosgesinfo\/2025\/01\/futsal-160-footballeurs-en-herbe-reunis-a-saint-die-des-vosges-pour-la-kalidou-koulibaly-cup\/\"},\"author\":{\"name\":\"J.J.\",\"@id\":\"https:\/\/vosgesinfo.fr\/laplainedesvosgesinfo\/#\/schema\/person\/fa73e9f726d67bb88f46d5b7943cb572\"},\"headline\":\"Futsal\u00a0: 160 footballeurs en herbe r\u00e9unis \u00e0 Saint-Di\u00e9-des-Vosges pour la Kalidou Koulibaly Cup\",\"datePublished\":\"2025-01-13T09:47:35+00:00\",\"dateModified\":\"2025-01-13T09:47:35+00:00\",\"mainEntityOfPage\":{\"@id\":\"https:\/\/vosgesinfo.fr\/laplainedesvosgesinfo\/2025\/01\/futsal-160-footballeurs-en-herbe-reunis-a-saint-die-des-vosges-pour-la-kalidou-koulibaly-cup\/\"},\"wordCount\":264,\"commentCount\":0,\"publisher\":{\"@id\":\"https:\/\/vosgesinfo.fr\/laplainedesvosgesinfo\/#organization\"},\"image\":{\"@id\":\"https:\/\/vosgesinfo.fr\/laplainedesvosgesinfo\/2025\/01\/futsal-160-footballeurs-en-herbe-reunis-a-saint-die-des-vosges-pour-la-kalidou-koulibaly-cup\/#primaryimage\"},\"thumbnailUrl\":\"https:\/\/vosgesinfo.fr\/app\/uploads\/sites\/2\/2025\/01\/kk-cup-futsal-3.jpg\",\"keywords\":[\"FC Metz\",\"FR Haguenau\",\"Kalidou Koulibaly\",\"KK' Cup\",\"Palais Omnisports Joseph-Claudel\",\"SR Saint-Di\u00e9 Kellermann\",\"SRDK Football\"],\"articleSection\":[\"A la Une\",\"Epinal\",\"G\u00e9rardmer\",\"La plaine des vosges\",\"Remiremont\",\"Saint-Di\u00e9-des-Vosges\",\"Sport\",\"Vosges\"],\"inLanguage\":\"fr-FR\",\"potentialAction\":[{\"@type\":\"CommentAction\",\"name\":\"Comment\",\"target\":[\"https:\/\/vosgesinfo.fr\/laplainedesvosgesinfo\/2025\/01\/futsal-160-footballeurs-en-herbe-reunis-a-saint-die-des-vosges-pour-la-kalidou-koulibaly-cup\/#respond\"]}]},{\"@type\":\"WebPage\",\"@id\":\"https:\/\/vosgesinfo.fr\/laplainedesvosgesinfo\/2025\/01\/futsal-160-footballeurs-en-herbe-reunis-a-saint-die-des-vosges-pour-la-kalidou-koulibaly-cup\/\",\"url\":\"https:\/\/vosgesinfo.fr\/laplainedesvosgesinfo\/2025\/01\/futsal-160-footballeurs-en-herbe-reunis-a-saint-die-des-vosges-pour-la-kalidou-koulibaly-cup\/\",\"name\":\"Futsal\u00a0: 160 footballeurs en herbe r\u00e9unis \u00e0 Saint-Di\u00e9-des-Vosges pour la Kalidou Koulibaly Cup - La Plaine des Vosges\",\"isPartOf\":{\"@id\":\"https:\/\/vosgesinfo.fr\/laplainedesvosgesinfo\/#website\"},\"primaryImageOfPage\":{\"@id\":\"https:\/\/vosgesinfo.fr\/laplainedesvosgesinfo\/2025\/01\/futsal-160-footballeurs-en-herbe-reunis-a-saint-die-des-vosges-pour-la-kalidou-koulibaly-cup\/#primaryimage\"},\"image\":{\"@id\":\"https:\/\/vosgesinfo.fr\/laplainedesvosgesinfo\/2025\/01\/futsal-160-footballeurs-en-herbe-reunis-a-saint-die-des-vosges-pour-la-kalidou-koulibaly-cup\/#primaryimage\"},\"thumbnailUrl\":\"https:\/\/vosgesinfo.fr\/app\/uploads\/sites\/2\/2025\/01\/kk-cup-futsal-3.jpg\",\"datePublished\":\"2025-01-13T09:47:35+00:00\",\"dateModified\":\"2025-01-13T09:47:35+00:00\",\"breadcrumb\":{\"@id\":\"https:\/\/vosgesinfo.fr\/laplainedesvosgesinfo\/2025\/01\/futsal-160-footballeurs-en-herbe-reunis-a-saint-die-des-vosges-pour-la-kalidou-koulibaly-cup\/#breadcrumb\"},\"inLanguage\":\"fr-FR\",\"potentialAction\":[{\"@type\":\"ReadAction\",\"target\":[\"https:\/\/vosgesinfo.fr\/laplainedesvosgesinfo\/2025\/01\/futsal-160-footballeurs-en-herbe-reunis-a-saint-die-des-vosges-pour-la-kalidou-koulibaly-cup\/\"]}]},{\"@type\":\"ImageObject\",\"inLanguage\":\"fr-FR\",\"@id\":\"https:\/\/vosgesinfo.fr\/laplainedesvosgesinfo\/2025\/01\/futsal-160-footballeurs-en-herbe-reunis-a-saint-die-des-vosges-pour-la-kalidou-koulibaly-cup\/#primaryimage\",\"url\":\"https:\/\/vosgesinfo.fr\/app\/uploads\/sites\/2\/2025\/01\/kk-cup-futsal-3.jpg\",\"contentUrl\":\"https:\/\/vosgesinfo.fr\/app\/uploads\/sites\/2\/2025\/01\/kk-cup-futsal-3.jpg\",\"width\":1200,\"height\":800},{\"@type\":\"BreadcrumbList\",\"@id\":\"https:\/\/vosgesinfo.fr\/laplainedesvosgesinfo\/2025\/01\/futsal-160-footballeurs-en-herbe-reunis-a-saint-die-des-vosges-pour-la-kalidou-koulibaly-cup\/#breadcrumb\",\"itemListElement\":[{\"@type\":\"ListItem\",\"position\":1,\"name\":\"Home\",\"item\":\"https:\/\/vosgesinfo.fr\/laplainedesvosgesinfo\/\"},{\"@type\":\"ListItem\",\"position\":2,\"name\":\"Futsal\u00a0: 160 footballeurs en herbe r\u00e9unis \u00e0 Saint-Di\u00e9-des-Vosges pour la Kalidou Koulibaly Cup\"}]},{\"@type\":\"WebSite\",\"@id\":\"https:\/\/vosgesinfo.fr\/laplainedesvosgesinfo\/#website\",\"url\":\"https:\/\/vosgesinfo.fr\/laplainedesvosgesinfo\/\",\"name\":\"La Plaine des Vosges\",\"description\":\"Toute l&#039;actualit\u00e9 de la plaine de Vosges\",\"publisher\":{\"@id\":\"https:\/\/vosgesinfo.fr\/laplainedesvosgesinfo\/#organization\"},\"alternateName\":\"Toute l'actualit\u00e9 de la plaine des Vosges\",\"potentialAction\":[{\"@type\":\"SearchAction\",\"target\":{\"@type\":\"EntryPoint\",\"urlTemplate\":\"https:\/\/vosgesinfo.fr\/laplainedesvosgesinfo\/?s={search_term_string}\"},\"query-input\":\"required name=search_term_string\"}],\"inLanguage\":\"fr-FR\"},{\"@type\":\"Organization\",\"@id\":\"https:\/\/vosgesinfo.fr\/laplainedesvosgesinfo\/#organization\",\"name\":\"La Plaine des Vosges\",\"url\":\"https:\/\/vosgesinfo.fr\/laplainedesvosgesinfo\/\",\"logo\":{\"@type\":\"ImageObject\",\"inLanguage\":\"fr-FR\",\"@id\":\"https:\/\/vosgesinfo.fr\/laplainedesvosgesinfo\/#\/schema\/logo\/image\/\",\"url\":\"https:\/\/vosgesinfo.fr\/app\/uploads\/sites\/2\/2023\/08\/logo-laplaineinfo.svg\",\"contentUrl\":\"https:\/\/vosgesinfo.fr\/app\/uploads\/sites\/2\/2023\/08\/logo-laplaineinfo.svg\",\"width\":1,\"height\":1,\"caption\":\"La Plaine des Vosges\"},\"image\":{\"@id\":\"https:\/\/vosgesinfo.fr\/laplainedesvosgesinfo\/#\/schema\/logo\/image\/\"},\"sameAs\":[\"https:\/\/www.facebook.com\/laplainedesvosges\",\"https:\/\/x.com\/VosgesInfo88\",\"https:\/\/www.youtube.com\/@vosgesinfo\"]},{\"@type\":\"Person\",\"@id\":\"https:\/\/vosgesinfo.fr\/laplainedesvosgesinfo\/#\/schema\/person\/fa73e9f726d67bb88f46d5b7943cb572\",\"name\":\"J.J.\",\"image\":{\"@type\":\"ImageObject\",\"inLanguage\":\"fr-FR\",\"@id\":\"https:\/\/vosgesinfo.fr\/laplainedesvosgesinfo\/#\/schema\/person\/image\/\",\"url\":\"https:\/\/secure.gravatar.com\/avatar\/219e749e47ffbcca018a360ae4add7d4cdf1cdaaf8bc7676b27efade3fe65615?s=96&d=mm&r=g\",\"contentUrl\":\"https:\/\/secure.gravatar.com\/avatar\/219e749e47ffbcca018a360ae4add7d4cdf1cdaaf8bc7676b27efade3fe65615?s=96&d=mm&r=g\",\"caption\":\"J.J.\"},\"url\":\"https:\/\/vosgesinfo.fr\/laplainedesvosgesinfo\/author\/j-j\/\"}]}<\/script>\n<!-- \/ Yoast SEO plugin. -->","yoast_head_json":{"title":"Futsal\u00a0: 160 footballeurs en herbe r\u00e9unis \u00e0 Saint-Di\u00e9-des-Vosges pour la Kalidou Koulibaly Cup - La Plaine des Vosges","robots":{"index":"index","follow":"follow","max-snippet":"max-snippet:-1","max-image-preview":"max-image-preview:large","max-video-preview":"max-video-preview:-1"},"canonical":"https:\/\/vosgesinfo.fr\/laplainedesvosgesinfo\/2025\/01\/futsal-160-footballeurs-en-herbe-reunis-a-saint-die-des-vosges-pour-la-kalidou-koulibaly-cup\/","twitter_card":"summary_large_image","twitter_title":"Futsal\u00a0: 160 footballeurs en herbe r\u00e9unis \u00e0 Saint-Di\u00e9-des-Vosges pour la Kalidou Koulibaly Cup - La Plaine des Vosges","twitter_description":"Le club SR Saint-Di\u00e9 Kellermann \u2013 SRDK \u2013 organisait hier dimanche au Palais Omnisports Joseph-Claudel la Kalidou Koulibaly Cup \u2013 [&hellip;]","twitter_image":"https:\/\/vosgesinfo.fr\/app\/uploads\/sites\/2\/2025\/01\/kk-cup-futsal-3.jpg","twitter_creator":"@VosgesInfo88","twitter_site":"@VosgesInfo88","twitter_misc":{"\u00c9crit par":"J.J.","Dur\u00e9e de lecture estim\u00e9e":"1 minute"},"schema":{"@context":"https:\/\/schema.org","@graph":[{"@type":"Article","@id":"https:\/\/vosgesinfo.fr\/laplainedesvosgesinfo\/2025\/01\/futsal-160-footballeurs-en-herbe-reunis-a-saint-die-des-vosges-pour-la-kalidou-koulibaly-cup\/#article","isPartOf":{"@id":"https:\/\/vosgesinfo.fr\/laplainedesvosgesinfo\/2025\/01\/futsal-160-footballeurs-en-herbe-reunis-a-saint-die-des-vosges-pour-la-kalidou-koulibaly-cup\/"},"author":{"name":"J.J.","@id":"https:\/\/vosgesinfo.fr\/laplainedesvosgesinfo\/#\/schema\/person\/fa73e9f726d67bb88f46d5b7943cb572"},"headline":"Futsal\u00a0: 160 footballeurs en herbe r\u00e9unis \u00e0 Saint-Di\u00e9-des-Vosges pour la Kalidou Koulibaly Cup","datePublished":"2025-01-13T09:47:35+00:00","dateModified":"2025-01-13T09:47:35+00:00","mainEntityOfPage":{"@id":"https:\/\/vosgesinfo.fr\/laplainedesvosgesinfo\/2025\/01\/futsal-160-footballeurs-en-herbe-reunis-a-saint-die-des-vosges-pour-la-kalidou-koulibaly-cup\/"},"wordCount":264,"commentCount":0,"publisher":{"@id":"https:\/\/vosgesinfo.fr\/laplainedesvosgesinfo\/#organization"},"image":{"@id":"https:\/\/vosgesinfo.fr\/laplainedesvosgesinfo\/2025\/01\/futsal-160-footballeurs-en-herbe-reunis-a-saint-die-des-vosges-pour-la-kalidou-koulibaly-cup\/#primaryimage"},"thumbnailUrl":"https:\/\/vosgesinfo.fr\/app\/uploads\/sites\/2\/2025\/01\/kk-cup-futsal-3.jpg","keywords":["FC Metz","FR Haguenau","Kalidou Koulibaly","KK' Cup","Palais Omnisports Joseph-Claudel","SR Saint-Di\u00e9 Kellermann","SRDK Football"],"articleSection":["A la Une","Epinal","G\u00e9rardmer","La plaine des vosges","Remiremont","Saint-Di\u00e9-des-Vosges","Sport","Vosges"],"inLanguage":"fr-FR","potentialAction":[{"@type":"CommentAction","name":"Comment","target":["https:\/\/vosgesinfo.fr\/laplainedesvosgesinfo\/2025\/01\/futsal-160-footballeurs-en-herbe-reunis-a-saint-die-des-vosges-pour-la-kalidou-koulibaly-cup\/#respond"]}]},{"@type":"WebPage","@id":"https:\/\/vosgesinfo.fr\/laplainedesvosgesinfo\/2025\/01\/futsal-160-footballeurs-en-herbe-reunis-a-saint-die-des-vosges-pour-la-kalidou-koulibaly-cup\/","url":"https:\/\/vosgesinfo.fr\/laplainedesvosgesinfo\/2025\/01\/futsal-160-footballeurs-en-herbe-reunis-a-saint-die-des-vosges-pour-la-kalidou-koulibaly-cup\/","name":"Futsal\u00a0: 160 footballeurs en herbe r\u00e9unis \u00e0 Saint-Di\u00e9-des-Vosges pour la Kalidou Koulibaly Cup - La Plaine des Vosges","isPartOf":{"@id":"https:\/\/vosgesinfo.fr\/laplainedesvosgesinfo\/#website"},"primaryImageOfPage":{"@id":"https:\/\/vosgesinfo.fr\/laplainedesvosgesinfo\/2025\/01\/futsal-160-footballeurs-en-herbe-reunis-a-saint-die-des-vosges-pour-la-kalidou-koulibaly-cup\/#primaryimage"},"image":{"@id":"https:\/\/vosgesinfo.fr\/laplainedesvosgesinfo\/2025\/01\/futsal-160-footballeurs-en-herbe-reunis-a-saint-die-des-vosges-pour-la-kalidou-koulibaly-cup\/#primaryimage"},"thumbnailUrl":"https:\/\/vosgesinfo.fr\/app\/uploads\/sites\/2\/2025\/01\/kk-cup-futsal-3.jpg","datePublished":"2025-01-13T09:47:35+00:00","dateModified":"2025-01-13T09:47:35+00:00","breadcrumb":{"@id":"https:\/\/vosgesinfo.fr\/laplainedesvosgesinfo\/2025\/01\/futsal-160-footballeurs-en-herbe-reunis-a-saint-die-des-vosges-pour-la-kalidou-koulibaly-cup\/#breadcrumb"},"inLanguage":"fr-FR","potentialAction":[{"@type":"ReadAction","target":["https:\/\/vosgesinfo.fr\/laplainedesvosgesinfo\/2025\/01\/futsal-160-footballeurs-en-herbe-reunis-a-saint-die-des-vosges-pour-la-kalidou-koulibaly-cup\/"]}]},{"@type":"ImageObject","inLanguage":"fr-FR","@id":"https:\/\/vosgesinfo.fr\/laplainedesvosgesinfo\/2025\/01\/futsal-160-footballeurs-en-herbe-reunis-a-saint-die-des-vosges-pour-la-kalidou-koulibaly-cup\/#primaryimage","url":"https:\/\/vosgesinfo.fr\/app\/uploads\/sites\/2\/2025\/01\/kk-cup-futsal-3.jpg","contentUrl":"https:\/\/vosgesinfo.fr\/app\/uploads\/sites\/2\/2025\/01\/kk-cup-futsal-3.jpg","width":1200,"height":800},{"@type":"BreadcrumbList","@id":"https:\/\/vosgesinfo.fr\/laplainedesvosgesinfo\/2025\/01\/futsal-160-footballeurs-en-herbe-reunis-a-saint-die-des-vosges-pour-la-kalidou-koulibaly-cup\/#breadcrumb","itemListElement":[{"@type":"ListItem","position":1,"name":"Home","item":"https:\/\/vosgesinfo.fr\/laplainedesvosgesinfo\/"},{"@type":"ListItem","position":2,"name":"Futsal\u00a0: 160 footballeurs en herbe r\u00e9unis \u00e0 Saint-Di\u00e9-des-Vosges pour la Kalidou Koulibaly Cup"}]},{"@type":"WebSite","@id":"https:\/\/vosgesinfo.fr\/laplainedesvosgesinfo\/#website","url":"https:\/\/vosgesinfo.fr\/laplainedesvosgesinfo\/","name":"La Plaine des Vosges","description":"Toute l&#039;actualit\u00e9 de la plaine de Vosges","publisher":{"@id":"https:\/\/vosgesinfo.fr\/laplainedesvosgesinfo\/#organization"},"alternateName":"Toute l'actualit\u00e9 de la plaine des Vosges","potentialAction":[{"@type":"SearchAction","target":{"@type":"EntryPoint","urlTemplate":"https:\/\/vosgesinfo.fr\/laplainedesvosgesinfo\/?s={search_term_string}"},"query-input":"required name=search_term_string"}],"inLanguage":"fr-FR"},{"@type":"Organization","@id":"https:\/\/vosgesinfo.fr\/laplainedesvosgesinfo\/#organization","name":"La Plaine des Vosges","url":"https:\/\/vosgesinfo.fr\/laplainedesvosgesinfo\/","logo":{"@type":"ImageObject","inLanguage":"fr-FR","@id":"https:\/\/vosgesinfo.fr\/laplainedesvosgesinfo\/#\/schema\/logo\/image\/","url":"https:\/\/vosgesinfo.fr\/app\/uploads\/sites\/2\/2023\/08\/logo-laplaineinfo.svg","contentUrl":"https:\/\/vosgesinfo.fr\/app\/uploads\/sites\/2\/2023\/08\/logo-laplaineinfo.svg","width":1,"height":1,"caption":"La Plaine des Vosges"},"image":{"@id":"https:\/\/vosgesinfo.fr\/laplainedesvosgesinfo\/#\/schema\/logo\/image\/"},"sameAs":["https:\/\/www.facebook.com\/laplainedesvosges","https:\/\/x.com\/VosgesInfo88","https:\/\/www.youtube.com\/@vosgesinfo"]},{"@type":"Person","@id":"https:\/\/vosgesinfo.fr\/laplainedesvosgesinfo\/#\/schema\/person\/fa73e9f726d67bb88f46d5b7943cb572","name":"J.J.","image":{"@type":"ImageObject","inLanguage":"fr-FR","@id":"https:\/\/vosgesinfo.fr\/laplainedesvosgesinfo\/#\/schema\/person\/image\/","url":"https:\/\/secure.gravatar.com\/avatar\/219e749e47ffbcca018a360ae4add7d4cdf1cdaaf8bc7676b27efade3fe65615?s=96&d=mm&r=g","contentUrl":"https:\/\/secure.gravatar.com\/avatar\/219e749e47ffbcca018a360ae4add7d4cdf1cdaaf8bc7676b27efade3fe65615?s=96&d=mm&r=g","caption":"J.J."},"url":"https:\/\/vosgesinfo.fr\/laplainedesvosgesinfo\/author\/j-j\/"}]}},"_links":{"self":[{"href":"https:\/\/vosgesinfo.fr\/laplainedesvosgesinfo\/wp-json\/wp\/v2\/posts\/28129","targetHints":{"allow":["GET"]}}],"collection":[{"href":"https:\/\/vosgesinfo.fr\/laplainedesvosgesinfo\/wp-json\/wp\/v2\/posts"}],"about":[{"href":"https:\/\/vosgesinfo.fr\/laplainedesvosgesinfo\/wp-json\/wp\/v2\/types\/post"}],"author":[{"embeddable":true,"href":"https:\/\/vosgesinfo.fr\/laplainedesvosgesinfo\/wp-json\/wp\/v2\/users\/46"}],"replies":[{"embeddable":true,"href":"https:\/\/vosgesinfo.fr\/laplainedesvosgesinfo\/wp-json\/wp\/v2\/comments?post=28129"}],"version-history":[{"count":0,"href":"https:\/\/vosgesinfo.fr\/laplainedesvosgesinfo\/wp-json\/wp\/v2\/posts\/28129\/revisions"}],"wp:featuredmedia":[{"embeddable":true,"href":"https:\/\/vosgesinfo.fr\/laplainedesvosgesinfo\/wp-json\/wp\/v2\/media\/28130"}],"wp:attachment":[{"href":"https:\/\/vosgesinfo.fr\/laplainedesvosgesinfo\/wp-json\/wp\/v2\/media?parent=28129"}],"wp:term":[{"taxonomy":"category","embeddable":true,"href":"https:\/\/vosgesinfo.fr\/laplainedesvosgesinfo\/wp-json\/wp\/v2\/categories?post=28129"},{"taxonomy":"post_tag","embeddable":true,"href":"https:\/\/vosgesinfo.fr\/laplainedesvosgesinfo\/wp-json\/wp\/v2\/tags?post=28129"}],"curies":[{"name":"wp","href":"https:\/\/api.w.org\/{rel}","templated":true}]}}