{"id":28154,"date":"2025-01-14T08:58:07","date_gmt":"2025-01-14T07:58:07","guid":{"rendered":"https:\/\/vosgesinfo.fr\/laplainedesvosgesinfo\/2025\/01\/recensement-de-la-population-a-vittel\/"},"modified":"2025-01-14T08:58:07","modified_gmt":"2025-01-14T07:58:07","slug":"recensement-de-la-population-a-vittel","status":"publish","type":"post","link":"https:\/\/vosgesinfo.fr\/laplainedesvosgesinfo\/2025\/01\/recensement-de-la-population-a-vittel\/","title":{"rendered":"Recensement de la population \u00e0 Vittel"},"content":{"rendered":"<h2><a href=\"https:\/\/vosgesinfo.fr\/app\/uploads\/sites\/3\/2025\/01\/population.jpg\"><img decoding=\"async\" class=\"aligncenter size-full wp-image-127105\" src=\"https:\/\/vosgesinfo.fr\/app\/uploads\/sites\/3\/2025\/01\/population.jpg\" alt=\"\" width=\"960\" height=\"641\" \/><\/a>Cette ann\u00e9e, la ville de Vittel proc\u00e8de, en lien avec l\u2019INSEE, au recensement de sa population. Cette d\u00e9marche essentielle permet de mieux comprendre l&rsquo;\u00e9volution d\u00e9mographique de la commune, d\u2019identifier ses besoins et de planifier des projets adapt\u00e9s, qu\u2019ils soient d\u2019envergure ou plus modestes.<\/h2>\n<p><em><strong>Communiqu\u00e9 de presse :<\/strong> <\/em><\/p>\n<p>Pourquoi le recensement est-il important ?<br \/>\nLe recensement de la population vise \u00e0 :<br \/>\n\u2022 Conna\u00eetre le nombre d\u2019habitants et leur r\u00e9partition : il \u00e9tablit la population officielle de<br \/>\nchaque commune en France.<br \/>\n\u2022 Fournir des donn\u00e9es essentielles : les statistiques collect\u00e9es incluent des informations sur<br \/>\nl\u2019\u00e2ge, les professions, les moyens de transport, ainsi que sur les caract\u00e9ristiques des<br \/>\nlogements.<br \/>\nCes donn\u00e9es sont cruciales pour la commune :<br \/>\n\u2022 Financement communal : la participation de l\u2019\u00c9tat au budget de la commune est calcul\u00e9e<br \/>\nen fonction de la taille de la population. R\u00e9pondre au recensement, c\u2019est donc aider Vittel \u00e0<br \/>\nobtenir les ressources n\u00e9cessaires \u00e0 son d\u00e9veloppement.<br \/>\n\u2022 Organisation municipale : le nombre de repr\u00e9sentants au conseil municipal, le mode de<br \/>\nscrutin ou encore le nombre de pharmacies d\u00e9pendent des chiffres du recensement.<br \/>\n\u2022 Planification des infrastructures : les r\u00e9sultats permettent d\u2019ajuster l\u2019action publique,<br \/>\nnotamment pour les \u00e9quipements collectifs (transports, \u00e9coles, maisons de retraite,<br \/>\n\u00e9quipements sportifs, etc.), les commerces et les logements.<br \/>\nComment \u00e7a se passe ?<br \/>\nDes agents recenseurs, recrut\u00e9s par la ville, distribueront aux habitants une notice explicative. Les<br \/>\nagents recenseurs sont dot\u00e9s d\u2019une carte tricolore idoine.<br \/>\nLe recensement peut d\u00e9sormais s\u2019effectuer en ligne. C\u2019est plus simple, rapide et respectueux de<br \/>\nl\u2019environnement.<br \/>\nContact presse :<br \/>\nClaudie MORIN ANTOINE \/\/ 03 29 08 88 49 \/ 06 88 14 38 87 \u2013 cantoine@ville-vittel.fr<br \/>\nLes habitants ne disposant pas d\u2019ordinateur connect\u00e9 \u00e0 internet peuvent en disposer \u00e0 la<br \/>\nm\u00e9diath\u00e8que et \u00e0 France Services.<br \/>\nUn questionnaire papier peut \u00eatre remis par les agents recenseurs aux personnes d\u00e9sirant r\u00e9pondre<br \/>\npar \u00e9crit.<br \/>\nLe recensement est obligatoire, mais avant tout un acte citoyen. Toutes les donn\u00e9es collect\u00e9es sont<br \/>\nanonymes et strictement confidentielles.<br \/>\nLes notices seront distribu\u00e9es pour le 21 janvier au plus tard. Les Vittellois qui ne les auraient pas<br \/>\nre\u00e7ues sont invit\u00e9s \u00e0 contacter la mairie au 03 29 08 04 38.<br \/>\nLe recensement est enti\u00e8rement gratuit.<br \/>\nL\u2019enqu\u00eate Familles 2025 : une initiative compl\u00e9mentaire<br \/>\nEn compl\u00e9ment du recensement, l\u2019INSEE enrichit ses donn\u00e9es aupr\u00e8s des familles avec une<br \/>\nenqu\u00eate sp\u00e9cifique s\u2019int\u00e9ressant aux situations familiales et \u00e0 leurs modes de vie.<br \/>\nPr\u00e8s de 1 500 communes, dont Vittel, sont concern\u00e9es par cette enqu\u00eate suppl\u00e9mentaire. Les foyers<br \/>\nconcern\u00e9s en seront inform\u00e9s lors du passage de l\u2019agent recenseur. Comme pour le recensement,<br \/>\nla r\u00e9ponse peut s\u2019effectuer en ligne ou sur papier.<\/p>\n","protected":false},"excerpt":{"rendered":"<p>Cette ann\u00e9e, la ville de Vittel proc\u00e8de, en lien avec l\u2019INSEE, au recensement de sa population. Cette d\u00e9marche essentielle permet [&hellip;]<\/p>\n","protected":false},"author":41,"featured_media":28155,"comment_status":"open","ping_status":"open","sticky":false,"template":"","format":"standard","meta":{"footnotes":""},"categories":[29,383,380,13],"tags":[],"class_list":["post-28154","post","type-post","status-publish","format-standard","has-post-thumbnail","hentry","category-a-la-une","category-epinal","category-la-plaine-des-vosges","category-societe"],"acf":[],"yoast_head":"<!-- This site is optimized with the Yoast SEO plugin v22.5 - https:\/\/yoast.com\/wordpress\/plugins\/seo\/ -->\n<title>Recensement de la population \u00e0 Vittel - La Plaine des Vosges<\/title>\n<meta name=\"robots\" content=\"index, follow, max-snippet:-1, max-image-preview:large, max-video-preview:-1\" \/>\n<link rel=\"canonical\" href=\"https:\/\/vosgesinfo.fr\/laplainedesvosgesinfo\/2025\/01\/recensement-de-la-population-a-vittel\/\" \/>\n<meta name=\"twitter:card\" content=\"summary_large_image\" \/>\n<meta name=\"twitter:title\" content=\"Recensement de la population \u00e0 Vittel - La Plaine des Vosges\" \/>\n<meta name=\"twitter:description\" content=\"Cette ann\u00e9e, la ville de Vittel proc\u00e8de, en lien avec l\u2019INSEE, au recensement de sa population. Cette d\u00e9marche essentielle permet [&hellip;]\" \/>\n<meta name=\"twitter:image\" content=\"https:\/\/vosgesinfo.fr\/app\/uploads\/sites\/2\/2025\/01\/population.jpg\" \/>\n<meta name=\"twitter:creator\" content=\"@VosgesInfo88\" \/>\n<meta name=\"twitter:site\" content=\"@VosgesInfo88\" \/>\n<meta name=\"twitter:label1\" content=\"\u00c9crit par\" \/>\n\t<meta name=\"twitter:data1\" content=\"La r\u00e9daction\" \/>\n\t<meta name=\"twitter:label2\" content=\"Dur\u00e9e de lecture estim\u00e9e\" \/>\n\t<meta name=\"twitter:data2\" content=\"2 minutes\" \/>\n<script type=\"application\/ld+json\" class=\"yoast-schema-graph\">{\"@context\":\"https:\/\/schema.org\",\"@graph\":[{\"@type\":\"Article\",\"@id\":\"https:\/\/vosgesinfo.fr\/laplainedesvosgesinfo\/2025\/01\/recensement-de-la-population-a-vittel\/#article\",\"isPartOf\":{\"@id\":\"https:\/\/vosgesinfo.fr\/laplainedesvosgesinfo\/2025\/01\/recensement-de-la-population-a-vittel\/\"},\"author\":{\"name\":\"La r\u00e9daction\",\"@id\":\"https:\/\/vosgesinfo.fr\/laplainedesvosgesinfo\/#\/schema\/person\/44f5fff67d0ae31d2770e1f7555c711d\"},\"headline\":\"Recensement de la population \u00e0 Vittel\",\"datePublished\":\"2025-01-14T07:58:07+00:00\",\"dateModified\":\"2025-01-14T07:58:07+00:00\",\"mainEntityOfPage\":{\"@id\":\"https:\/\/vosgesinfo.fr\/laplainedesvosgesinfo\/2025\/01\/recensement-de-la-population-a-vittel\/\"},\"wordCount\":457,\"commentCount\":0,\"publisher\":{\"@id\":\"https:\/\/vosgesinfo.fr\/laplainedesvosgesinfo\/#organization\"},\"image\":{\"@id\":\"https:\/\/vosgesinfo.fr\/laplainedesvosgesinfo\/2025\/01\/recensement-de-la-population-a-vittel\/#primaryimage\"},\"thumbnailUrl\":\"https:\/\/vosgesinfo.fr\/app\/uploads\/sites\/2\/2025\/01\/population.jpg\",\"articleSection\":[\"A la Une\",\"Epinal\",\"La plaine des vosges\",\"Soci\u00e9t\u00e9\"],\"inLanguage\":\"fr-FR\",\"potentialAction\":[{\"@type\":\"CommentAction\",\"name\":\"Comment\",\"target\":[\"https:\/\/vosgesinfo.fr\/laplainedesvosgesinfo\/2025\/01\/recensement-de-la-population-a-vittel\/#respond\"]}]},{\"@type\":\"WebPage\",\"@id\":\"https:\/\/vosgesinfo.fr\/laplainedesvosgesinfo\/2025\/01\/recensement-de-la-population-a-vittel\/\",\"url\":\"https:\/\/vosgesinfo.fr\/laplainedesvosgesinfo\/2025\/01\/recensement-de-la-population-a-vittel\/\",\"name\":\"Recensement de la population \u00e0 Vittel - La Plaine des Vosges\",\"isPartOf\":{\"@id\":\"https:\/\/vosgesinfo.fr\/laplainedesvosgesinfo\/#website\"},\"primaryImageOfPage\":{\"@id\":\"https:\/\/vosgesinfo.fr\/laplainedesvosgesinfo\/2025\/01\/recensement-de-la-population-a-vittel\/#primaryimage\"},\"image\":{\"@id\":\"https:\/\/vosgesinfo.fr\/laplainedesvosgesinfo\/2025\/01\/recensement-de-la-population-a-vittel\/#primaryimage\"},\"thumbnailUrl\":\"https:\/\/vosgesinfo.fr\/app\/uploads\/sites\/2\/2025\/01\/population.jpg\",\"datePublished\":\"2025-01-14T07:58:07+00:00\",\"dateModified\":\"2025-01-14T07:58:07+00:00\",\"breadcrumb\":{\"@id\":\"https:\/\/vosgesinfo.fr\/laplainedesvosgesinfo\/2025\/01\/recensement-de-la-population-a-vittel\/#breadcrumb\"},\"inLanguage\":\"fr-FR\",\"potentialAction\":[{\"@type\":\"ReadAction\",\"target\":[\"https:\/\/vosgesinfo.fr\/laplainedesvosgesinfo\/2025\/01\/recensement-de-la-population-a-vittel\/\"]}]},{\"@type\":\"ImageObject\",\"inLanguage\":\"fr-FR\",\"@id\":\"https:\/\/vosgesinfo.fr\/laplainedesvosgesinfo\/2025\/01\/recensement-de-la-population-a-vittel\/#primaryimage\",\"url\":\"https:\/\/vosgesinfo.fr\/app\/uploads\/sites\/2\/2025\/01\/population.jpg\",\"contentUrl\":\"https:\/\/vosgesinfo.fr\/app\/uploads\/sites\/2\/2025\/01\/population.jpg\",\"width\":960,\"height\":641},{\"@type\":\"BreadcrumbList\",\"@id\":\"https:\/\/vosgesinfo.fr\/laplainedesvosgesinfo\/2025\/01\/recensement-de-la-population-a-vittel\/#breadcrumb\",\"itemListElement\":[{\"@type\":\"ListItem\",\"position\":1,\"name\":\"Home\",\"item\":\"https:\/\/vosgesinfo.fr\/laplainedesvosgesinfo\/\"},{\"@type\":\"ListItem\",\"position\":2,\"name\":\"Recensement de la population \u00e0 Vittel\"}]},{\"@type\":\"WebSite\",\"@id\":\"https:\/\/vosgesinfo.fr\/laplainedesvosgesinfo\/#website\",\"url\":\"https:\/\/vosgesinfo.fr\/laplainedesvosgesinfo\/\",\"name\":\"La Plaine des Vosges\",\"description\":\"Toute l&#039;actualit\u00e9 de la plaine de Vosges\",\"publisher\":{\"@id\":\"https:\/\/vosgesinfo.fr\/laplainedesvosgesinfo\/#organization\"},\"alternateName\":\"Toute l'actualit\u00e9 de la plaine des Vosges\",\"potentialAction\":[{\"@type\":\"SearchAction\",\"target\":{\"@type\":\"EntryPoint\",\"urlTemplate\":\"https:\/\/vosgesinfo.fr\/laplainedesvosgesinfo\/?s={search_term_string}\"},\"query-input\":\"required name=search_term_string\"}],\"inLanguage\":\"fr-FR\"},{\"@type\":\"Organization\",\"@id\":\"https:\/\/vosgesinfo.fr\/laplainedesvosgesinfo\/#organization\",\"name\":\"La Plaine des Vosges\",\"url\":\"https:\/\/vosgesinfo.fr\/laplainedesvosgesinfo\/\",\"logo\":{\"@type\":\"ImageObject\",\"inLanguage\":\"fr-FR\",\"@id\":\"https:\/\/vosgesinfo.fr\/laplainedesvosgesinfo\/#\/schema\/logo\/image\/\",\"url\":\"https:\/\/vosgesinfo.fr\/app\/uploads\/sites\/2\/2023\/08\/logo-laplaineinfo.svg\",\"contentUrl\":\"https:\/\/vosgesinfo.fr\/app\/uploads\/sites\/2\/2023\/08\/logo-laplaineinfo.svg\",\"width\":1,\"height\":1,\"caption\":\"La Plaine des Vosges\"},\"image\":{\"@id\":\"https:\/\/vosgesinfo.fr\/laplainedesvosgesinfo\/#\/schema\/logo\/image\/\"},\"sameAs\":[\"https:\/\/www.facebook.com\/laplainedesvosges\",\"https:\/\/x.com\/VosgesInfo88\",\"https:\/\/www.youtube.com\/@vosgesinfo\"]},{\"@type\":\"Person\",\"@id\":\"https:\/\/vosgesinfo.fr\/laplainedesvosgesinfo\/#\/schema\/person\/44f5fff67d0ae31d2770e1f7555c711d\",\"name\":\"La r\u00e9daction\",\"image\":{\"@type\":\"ImageObject\",\"inLanguage\":\"fr-FR\",\"@id\":\"https:\/\/vosgesinfo.fr\/laplainedesvosgesinfo\/#\/schema\/person\/image\/\",\"url\":\"https:\/\/secure.gravatar.com\/avatar\/16dedd2578b2ae59b9a3a38f046defecb4cf834aaec7bb1d03d9ba6b5e55a8d5?s=96&d=mm&r=g\",\"contentUrl\":\"https:\/\/secure.gravatar.com\/avatar\/16dedd2578b2ae59b9a3a38f046defecb4cf834aaec7bb1d03d9ba6b5e55a8d5?s=96&d=mm&r=g\",\"caption\":\"La r\u00e9daction\"},\"url\":\"https:\/\/vosgesinfo.fr\/laplainedesvosgesinfo\/author\/poupy\/\"}]}<\/script>\n<!-- \/ Yoast SEO plugin. -->","yoast_head_json":{"title":"Recensement de la population \u00e0 Vittel - La Plaine des Vosges","robots":{"index":"index","follow":"follow","max-snippet":"max-snippet:-1","max-image-preview":"max-image-preview:large","max-video-preview":"max-video-preview:-1"},"canonical":"https:\/\/vosgesinfo.fr\/laplainedesvosgesinfo\/2025\/01\/recensement-de-la-population-a-vittel\/","twitter_card":"summary_large_image","twitter_title":"Recensement de la population \u00e0 Vittel - La Plaine des Vosges","twitter_description":"Cette ann\u00e9e, la ville de Vittel proc\u00e8de, en lien avec l\u2019INSEE, au recensement de sa population. Cette d\u00e9marche essentielle permet [&hellip;]","twitter_image":"https:\/\/vosgesinfo.fr\/app\/uploads\/sites\/2\/2025\/01\/population.jpg","twitter_creator":"@VosgesInfo88","twitter_site":"@VosgesInfo88","twitter_misc":{"\u00c9crit par":"La r\u00e9daction","Dur\u00e9e de lecture estim\u00e9e":"2 minutes"},"schema":{"@context":"https:\/\/schema.org","@graph":[{"@type":"Article","@id":"https:\/\/vosgesinfo.fr\/laplainedesvosgesinfo\/2025\/01\/recensement-de-la-population-a-vittel\/#article","isPartOf":{"@id":"https:\/\/vosgesinfo.fr\/laplainedesvosgesinfo\/2025\/01\/recensement-de-la-population-a-vittel\/"},"author":{"name":"La r\u00e9daction","@id":"https:\/\/vosgesinfo.fr\/laplainedesvosgesinfo\/#\/schema\/person\/44f5fff67d0ae31d2770e1f7555c711d"},"headline":"Recensement de la population \u00e0 Vittel","datePublished":"2025-01-14T07:58:07+00:00","dateModified":"2025-01-14T07:58:07+00:00","mainEntityOfPage":{"@id":"https:\/\/vosgesinfo.fr\/laplainedesvosgesinfo\/2025\/01\/recensement-de-la-population-a-vittel\/"},"wordCount":457,"commentCount":0,"publisher":{"@id":"https:\/\/vosgesinfo.fr\/laplainedesvosgesinfo\/#organization"},"image":{"@id":"https:\/\/vosgesinfo.fr\/laplainedesvosgesinfo\/2025\/01\/recensement-de-la-population-a-vittel\/#primaryimage"},"thumbnailUrl":"https:\/\/vosgesinfo.fr\/app\/uploads\/sites\/2\/2025\/01\/population.jpg","articleSection":["A la Une","Epinal","La plaine des vosges","Soci\u00e9t\u00e9"],"inLanguage":"fr-FR","potentialAction":[{"@type":"CommentAction","name":"Comment","target":["https:\/\/vosgesinfo.fr\/laplainedesvosgesinfo\/2025\/01\/recensement-de-la-population-a-vittel\/#respond"]}]},{"@type":"WebPage","@id":"https:\/\/vosgesinfo.fr\/laplainedesvosgesinfo\/2025\/01\/recensement-de-la-population-a-vittel\/","url":"https:\/\/vosgesinfo.fr\/laplainedesvosgesinfo\/2025\/01\/recensement-de-la-population-a-vittel\/","name":"Recensement de la population \u00e0 Vittel - La Plaine des Vosges","isPartOf":{"@id":"https:\/\/vosgesinfo.fr\/laplainedesvosgesinfo\/#website"},"primaryImageOfPage":{"@id":"https:\/\/vosgesinfo.fr\/laplainedesvosgesinfo\/2025\/01\/recensement-de-la-population-a-vittel\/#primaryimage"},"image":{"@id":"https:\/\/vosgesinfo.fr\/laplainedesvosgesinfo\/2025\/01\/recensement-de-la-population-a-vittel\/#primaryimage"},"thumbnailUrl":"https:\/\/vosgesinfo.fr\/app\/uploads\/sites\/2\/2025\/01\/population.jpg","datePublished":"2025-01-14T07:58:07+00:00","dateModified":"2025-01-14T07:58:07+00:00","breadcrumb":{"@id":"https:\/\/vosgesinfo.fr\/laplainedesvosgesinfo\/2025\/01\/recensement-de-la-population-a-vittel\/#breadcrumb"},"inLanguage":"fr-FR","potentialAction":[{"@type":"ReadAction","target":["https:\/\/vosgesinfo.fr\/laplainedesvosgesinfo\/2025\/01\/recensement-de-la-population-a-vittel\/"]}]},{"@type":"ImageObject","inLanguage":"fr-FR","@id":"https:\/\/vosgesinfo.fr\/laplainedesvosgesinfo\/2025\/01\/recensement-de-la-population-a-vittel\/#primaryimage","url":"https:\/\/vosgesinfo.fr\/app\/uploads\/sites\/2\/2025\/01\/population.jpg","contentUrl":"https:\/\/vosgesinfo.fr\/app\/uploads\/sites\/2\/2025\/01\/population.jpg","width":960,"height":641},{"@type":"BreadcrumbList","@id":"https:\/\/vosgesinfo.fr\/laplainedesvosgesinfo\/2025\/01\/recensement-de-la-population-a-vittel\/#breadcrumb","itemListElement":[{"@type":"ListItem","position":1,"name":"Home","item":"https:\/\/vosgesinfo.fr\/laplainedesvosgesinfo\/"},{"@type":"ListItem","position":2,"name":"Recensement de la population \u00e0 Vittel"}]},{"@type":"WebSite","@id":"https:\/\/vosgesinfo.fr\/laplainedesvosgesinfo\/#website","url":"https:\/\/vosgesinfo.fr\/laplainedesvosgesinfo\/","name":"La Plaine des Vosges","description":"Toute l&#039;actualit\u00e9 de la plaine de Vosges","publisher":{"@id":"https:\/\/vosgesinfo.fr\/laplainedesvosgesinfo\/#organization"},"alternateName":"Toute l'actualit\u00e9 de la plaine des Vosges","potentialAction":[{"@type":"SearchAction","target":{"@type":"EntryPoint","urlTemplate":"https:\/\/vosgesinfo.fr\/laplainedesvosgesinfo\/?s={search_term_string}"},"query-input":"required name=search_term_string"}],"inLanguage":"fr-FR"},{"@type":"Organization","@id":"https:\/\/vosgesinfo.fr\/laplainedesvosgesinfo\/#organization","name":"La Plaine des Vosges","url":"https:\/\/vosgesinfo.fr\/laplainedesvosgesinfo\/","logo":{"@type":"ImageObject","inLanguage":"fr-FR","@id":"https:\/\/vosgesinfo.fr\/laplainedesvosgesinfo\/#\/schema\/logo\/image\/","url":"https:\/\/vosgesinfo.fr\/app\/uploads\/sites\/2\/2023\/08\/logo-laplaineinfo.svg","contentUrl":"https:\/\/vosgesinfo.fr\/app\/uploads\/sites\/2\/2023\/08\/logo-laplaineinfo.svg","width":1,"height":1,"caption":"La Plaine des Vosges"},"image":{"@id":"https:\/\/vosgesinfo.fr\/laplainedesvosgesinfo\/#\/schema\/logo\/image\/"},"sameAs":["https:\/\/www.facebook.com\/laplainedesvosges","https:\/\/x.com\/VosgesInfo88","https:\/\/www.youtube.com\/@vosgesinfo"]},{"@type":"Person","@id":"https:\/\/vosgesinfo.fr\/laplainedesvosgesinfo\/#\/schema\/person\/44f5fff67d0ae31d2770e1f7555c711d","name":"La r\u00e9daction","image":{"@type":"ImageObject","inLanguage":"fr-FR","@id":"https:\/\/vosgesinfo.fr\/laplainedesvosgesinfo\/#\/schema\/person\/image\/","url":"https:\/\/secure.gravatar.com\/avatar\/16dedd2578b2ae59b9a3a38f046defecb4cf834aaec7bb1d03d9ba6b5e55a8d5?s=96&d=mm&r=g","contentUrl":"https:\/\/secure.gravatar.com\/avatar\/16dedd2578b2ae59b9a3a38f046defecb4cf834aaec7bb1d03d9ba6b5e55a8d5?s=96&d=mm&r=g","caption":"La r\u00e9daction"},"url":"https:\/\/vosgesinfo.fr\/laplainedesvosgesinfo\/author\/poupy\/"}]}},"_links":{"self":[{"href":"https:\/\/vosgesinfo.fr\/laplainedesvosgesinfo\/wp-json\/wp\/v2\/posts\/28154","targetHints":{"allow":["GET"]}}],"collection":[{"href":"https:\/\/vosgesinfo.fr\/laplainedesvosgesinfo\/wp-json\/wp\/v2\/posts"}],"about":[{"href":"https:\/\/vosgesinfo.fr\/laplainedesvosgesinfo\/wp-json\/wp\/v2\/types\/post"}],"author":[{"embeddable":true,"href":"https:\/\/vosgesinfo.fr\/laplainedesvosgesinfo\/wp-json\/wp\/v2\/users\/41"}],"replies":[{"embeddable":true,"href":"https:\/\/vosgesinfo.fr\/laplainedesvosgesinfo\/wp-json\/wp\/v2\/comments?post=28154"}],"version-history":[{"count":0,"href":"https:\/\/vosgesinfo.fr\/laplainedesvosgesinfo\/wp-json\/wp\/v2\/posts\/28154\/revisions"}],"wp:featuredmedia":[{"embeddable":true,"href":"https:\/\/vosgesinfo.fr\/laplainedesvosgesinfo\/wp-json\/wp\/v2\/media\/28155"}],"wp:attachment":[{"href":"https:\/\/vosgesinfo.fr\/laplainedesvosgesinfo\/wp-json\/wp\/v2\/media?parent=28154"}],"wp:term":[{"taxonomy":"category","embeddable":true,"href":"https:\/\/vosgesinfo.fr\/laplainedesvosgesinfo\/wp-json\/wp\/v2\/categories?post=28154"},{"taxonomy":"post_tag","embeddable":true,"href":"https:\/\/vosgesinfo.fr\/laplainedesvosgesinfo\/wp-json\/wp\/v2\/tags?post=28154"}],"curies":[{"name":"wp","href":"https:\/\/api.w.org\/{rel}","templated":true}]}}