{"id":28170,"date":"2025-01-14T11:38:03","date_gmt":"2025-01-14T10:38:03","guid":{"rendered":"https:\/\/vosgesinfo.fr\/laplainedesvosgesinfo\/2025\/01\/lartiste-vosgien-thomas-fleury-expose-au-grand-palais-a-paris\/"},"modified":"2025-01-14T11:38:03","modified_gmt":"2025-01-14T10:38:03","slug":"lartiste-vosgien-thomas-fleury-expose-au-grand-palais-a-paris","status":"publish","type":"post","link":"https:\/\/vosgesinfo.fr\/laplainedesvosgesinfo\/2025\/01\/lartiste-vosgien-thomas-fleury-expose-au-grand-palais-a-paris\/","title":{"rendered":"L\u2019artiste vosgien Thomas Fleury expose au Grand Palais, \u00e0 Paris"},"content":{"rendered":"<div id=\"attachment_127116\" style=\"width: 1034px\" class=\"wp-caption aligncenter\"><a href=\"https:\/\/vosgesinfo.fr\/app\/uploads\/sites\/3\/2025\/01\/thomas-fleury-1-scaled.jpg\"><img decoding=\"async\" aria-describedby=\"caption-attachment-127116\" class=\"wp-image-127116 size-large\" src=\"https:\/\/vosgesinfo.fr\/app\/uploads\/sites\/3\/2025\/01\/thomas-fleury-1-1024x768.jpg\" alt=\"\" width=\"1024\" height=\"768\" \/><\/a><p id=\"caption-attachment-127116\" class=\"wp-caption-text\">Thomas Fleury et son oeuvre \u00ab\u00a0Sorti de nulle part\u00a0\u00bb<\/p><\/div>\n<h2>L\u2019artiste vosgien Thomas Fleury, install\u00e9 \u00e0 Ch\u00e2tel-sur-Moselle va exposer l&rsquo;une de ses \u0153uvres au Grand Palais de Paris.<\/h2>\n<p>Autodidacte, l\u2019artiste originaire d\u2019\u00c9pinal, Thomas Fleury sera au Grand Palais de Paris du 15 au 25 f\u00e9vrier pour exposer l&rsquo;une de ses \u0153uvres : \u00ab\u00a0Sorti de nulle part\u00a0\u00bb. En effet, cette \u0153uvres a \u00e9t\u00e9 retenue pour \u00eatre pr\u00e9sent\u00e9e lors de l\u2019exposition. L&rsquo;artiste vosgien a mis pr\u00e8s de 7 mois pour r\u00e9aliser \u00ab\u00a0Sorti de nulle part\u00a0\u00bb, une \u0153uvre unique.<\/p>\n<p>Il travaille \u00e0 l&rsquo;horizontal avec des stylos \u00e0 l&rsquo;encre de chine en utilisant des Rotring. Thomas Fleury aime beaucoup les r\u00e9alisations li\u00e9es \u00e0 l&rsquo;architecture, avec beaucoup de d\u00e9tails. <em>\u00ab\u00a0J&rsquo;utilise des Rotring de diff\u00e9rentes pointes sur papier Canson ou cartoline. Je cr\u00e9e des univers fantastiques voire angoissants sur des grands formats qui repr\u00e9sentent des cit\u00e9es merveilleuses ou inqui\u00e9tantes peupl\u00e9es de personnages de m\u00eame nature\u00a0\u00bb<\/em> explique-t-il. Pour les dupliquer il utilise la technique de la s\u00e9rigraphie.<\/p>\n<p>Cette \u0153uvre, \u00ab\u00a0Sorti de nulle part\u00a0\u00bb, a d\u00e9j\u00e0 \u00e9t\u00e9 prim\u00e9e en 2022 au conseil d\u00e9partemental des Vosges. Son travail s&rsquo;associe \u00e0 de l&rsquo;art brut et un peu au surr\u00e9alisme. On retrouve \u00e9galement souvent de la sym\u00e9trie et il aime travailler sur des grands formats.<\/p>\n<p>Thomas Fleury a commenc\u00e9 la peinture \u00e0 l&rsquo;huile l&rsquo;\u00e2ge de 14 ans et il s&rsquo;est tr\u00e8s vite orient\u00e9 vers des stylos \u00e0 l&rsquo;encre de chine.<\/p>\n<p>En 2021, son travail avait d\u00e9j\u00e0 \u00e9t\u00e9 reconnu lors d&rsquo;une exposition au Grand Palais \u00e9ph\u00e9m\u00e8re, il avait re\u00e7u le prix Taylor et en 2023, le prix Arts, Sciences et Lettres.<\/p>\n<p>Il dispose d&rsquo;un atelier \u00e0 Deyvillers et exposera ensuite \u00e0 Fougerolles au mois de juin.<\/p>\n<p><strong>Renseignements : <a href=\"https:\/\/www.thomasfleury.fr\/\">https:\/\/www.thomasfleury.fr\/<\/a><\/strong><\/p>\n\n\t\t<style type=\"text\/css\">\n\t\t\t#gallery-1 {\n\t\t\t\tmargin: auto;\n\t\t\t}\n\t\t\t#gallery-1 .gallery-item {\n\t\t\t\tfloat: left;\n\t\t\t\tmargin-top: 10px;\n\t\t\t\ttext-align: center;\n\t\t\t\twidth: 33%;\n\t\t\t}\n\t\t\t#gallery-1 img {\n\t\t\t\tborder: 2px solid #cfcfcf;\n\t\t\t}\n\t\t\t#gallery-1 .gallery-caption {\n\t\t\t\tmargin-left: 0;\n\t\t\t}\n\t\t\t\/* see gallery_shortcode() in wp-includes\/media.php *\/\n\t\t<\/style>\n\t\t<div id='gallery-1' class='gallery galleryid-28170 gallery-columns-3 gallery-size-thumbnail'><dl class='gallery-item'>\n\t\t\t<dt class='gallery-icon portrait'>\n\t\t\t\t<a href='https:\/\/vosgesinfo.fr\/app\/uploads\/sites\/2\/2025\/01\/thomas-fleury-9-scaled-1.jpg'><img decoding=\"async\" width=\"150\" height=\"150\" src=\"https:\/\/vosgesinfo.fr\/app\/uploads\/sites\/2\/2025\/01\/thomas-fleury-9-scaled-1-150x150.jpg\" class=\"attachment-thumbnail size-thumbnail\" alt=\"\" \/><\/a>\n\t\t\t<\/dt><\/dl><dl class='gallery-item'>\n\t\t\t<dt class='gallery-icon portrait'>\n\t\t\t\t<a href='https:\/\/vosgesinfo.fr\/app\/uploads\/sites\/2\/2025\/01\/thomas-fleury-2-scaled-1.jpg'><img decoding=\"async\" width=\"150\" height=\"150\" src=\"https:\/\/vosgesinfo.fr\/app\/uploads\/sites\/2\/2025\/01\/thomas-fleury-2-scaled-1-150x150.jpg\" class=\"attachment-thumbnail size-thumbnail\" alt=\"\" \/><\/a>\n\t\t\t<\/dt><\/dl><dl class='gallery-item'>\n\t\t\t<dt class='gallery-icon portrait'>\n\t\t\t\t<a href='https:\/\/vosgesinfo.fr\/app\/uploads\/sites\/2\/2025\/01\/thomas-fleury-3-scaled-1.jpg'><img decoding=\"async\" width=\"150\" height=\"150\" src=\"https:\/\/vosgesinfo.fr\/app\/uploads\/sites\/2\/2025\/01\/thomas-fleury-3-scaled-1-150x150.jpg\" class=\"attachment-thumbnail size-thumbnail\" alt=\"\" \/><\/a>\n\t\t\t<\/dt><\/dl><br style=\"clear: both\" \/><dl class='gallery-item'>\n\t\t\t<dt class='gallery-icon landscape'>\n\t\t\t\t<a href='https:\/\/vosgesinfo.fr\/app\/uploads\/sites\/2\/2025\/01\/thomas-fleury-4-scaled-1.jpg'><img decoding=\"async\" width=\"150\" height=\"150\" src=\"https:\/\/vosgesinfo.fr\/app\/uploads\/sites\/2\/2025\/01\/thomas-fleury-4-scaled-1-150x150.jpg\" class=\"attachment-thumbnail size-thumbnail\" alt=\"\" \/><\/a>\n\t\t\t<\/dt><\/dl><dl class='gallery-item'>\n\t\t\t<dt class='gallery-icon landscape'>\n\t\t\t\t<a href='https:\/\/vosgesinfo.fr\/app\/uploads\/sites\/2\/2025\/01\/thomas-fleury-5-scaled-1.jpg'><img decoding=\"async\" width=\"150\" height=\"150\" src=\"https:\/\/vosgesinfo.fr\/app\/uploads\/sites\/2\/2025\/01\/thomas-fleury-5-scaled-1-150x150.jpg\" class=\"attachment-thumbnail size-thumbnail\" alt=\"\" \/><\/a>\n\t\t\t<\/dt><\/dl><dl class='gallery-item'>\n\t\t\t<dt class='gallery-icon portrait'>\n\t\t\t\t<a href='https:\/\/vosgesinfo.fr\/app\/uploads\/sites\/2\/2025\/01\/thomas-fleury-6-scaled-1.jpg'><img decoding=\"async\" width=\"150\" height=\"150\" src=\"https:\/\/vosgesinfo.fr\/app\/uploads\/sites\/2\/2025\/01\/thomas-fleury-6-scaled-1-150x150.jpg\" class=\"attachment-thumbnail size-thumbnail\" alt=\"\" \/><\/a>\n\t\t\t<\/dt><\/dl><br style=\"clear: both\" \/><dl class='gallery-item'>\n\t\t\t<dt class='gallery-icon portrait'>\n\t\t\t\t<a href='https:\/\/vosgesinfo.fr\/app\/uploads\/sites\/2\/2025\/01\/thomas-fleury-7-scaled-1.jpg'><img decoding=\"async\" width=\"150\" height=\"150\" src=\"https:\/\/vosgesinfo.fr\/app\/uploads\/sites\/2\/2025\/01\/thomas-fleury-7-scaled-1-150x150.jpg\" class=\"attachment-thumbnail size-thumbnail\" alt=\"\" \/><\/a>\n\t\t\t<\/dt><\/dl><dl class='gallery-item'>\n\t\t\t<dt class='gallery-icon portrait'>\n\t\t\t\t<a href='https:\/\/vosgesinfo.fr\/app\/uploads\/sites\/2\/2025\/01\/thomas-fleury-8-scaled-1.jpg'><img decoding=\"async\" width=\"150\" height=\"150\" src=\"https:\/\/vosgesinfo.fr\/app\/uploads\/sites\/2\/2025\/01\/thomas-fleury-8-scaled-1-150x150.jpg\" class=\"attachment-thumbnail size-thumbnail\" alt=\"\" \/><\/a>\n\t\t\t<\/dt><\/dl>\n\t\t\t<br style='clear: both' \/>\n\t\t<\/div>\n\n","protected":false},"excerpt":{"rendered":"<p>L\u2019artiste vosgien Thomas Fleury, install\u00e9 \u00e0 Ch\u00e2tel-sur-Moselle va exposer l&rsquo;une de ses \u0153uvres au Grand Palais de Paris. Autodidacte, l\u2019artiste [&hellip;]<\/p>\n","protected":false},"author":52,"featured_media":28171,"comment_status":"open","ping_status":"open","sticky":false,"template":"","format":"standard","meta":{"footnotes":""},"categories":[29,4,383,294,380,381,384],"tags":[1297,7795,6899,233],"class_list":["post-28170","post","type-post","status-publish","format-standard","has-post-thumbnail","hentry","category-a-la-une","category-culture","category-epinal","category-gerardmer","category-la-plaine-des-vosges","category-remiremont","category-saint-die","tag-chatel-sur-moselle","tag-grand-palais","tag-thomas-fleury","tag-vosges"],"acf":[],"yoast_head":"<!-- This site is optimized with the Yoast SEO plugin v22.5 - https:\/\/yoast.com\/wordpress\/plugins\/seo\/ -->\n<title>L\u2019artiste vosgien Thomas Fleury expose au Grand Palais, \u00e0 Paris - La Plaine des Vosges<\/title>\n<meta name=\"robots\" content=\"index, follow, max-snippet:-1, max-image-preview:large, max-video-preview:-1\" \/>\n<link rel=\"canonical\" href=\"https:\/\/vosgesinfo.fr\/laplainedesvosgesinfo\/2025\/01\/lartiste-vosgien-thomas-fleury-expose-au-grand-palais-a-paris\/\" \/>\n<meta name=\"twitter:card\" content=\"summary_large_image\" \/>\n<meta name=\"twitter:title\" content=\"L\u2019artiste vosgien Thomas Fleury expose au Grand Palais, \u00e0 Paris - La Plaine des Vosges\" \/>\n<meta name=\"twitter:description\" content=\"L\u2019artiste vosgien Thomas Fleury, install\u00e9 \u00e0 Ch\u00e2tel-sur-Moselle va exposer l&rsquo;une de ses \u0153uvres au Grand Palais de Paris. Autodidacte, l\u2019artiste [&hellip;]\" \/>\n<meta name=\"twitter:image\" content=\"https:\/\/vosgesinfo.fr\/app\/uploads\/sites\/2\/2025\/01\/thomas-fleury-1-scaled-1.jpg\" \/>\n<meta name=\"twitter:creator\" content=\"@VosgesInfo88\" \/>\n<meta name=\"twitter:site\" content=\"@VosgesInfo88\" \/>\n<meta name=\"twitter:label1\" content=\"\u00c9crit par\" \/>\n\t<meta name=\"twitter:data1\" content=\"C.K.\" \/>\n\t<meta name=\"twitter:label2\" content=\"Dur\u00e9e de lecture estim\u00e9e\" \/>\n\t<meta name=\"twitter:data2\" content=\"2 minutes\" \/>\n<script type=\"application\/ld+json\" class=\"yoast-schema-graph\">{\"@context\":\"https:\/\/schema.org\",\"@graph\":[{\"@type\":\"Article\",\"@id\":\"https:\/\/vosgesinfo.fr\/laplainedesvosgesinfo\/2025\/01\/lartiste-vosgien-thomas-fleury-expose-au-grand-palais-a-paris\/#article\",\"isPartOf\":{\"@id\":\"https:\/\/vosgesinfo.fr\/laplainedesvosgesinfo\/2025\/01\/lartiste-vosgien-thomas-fleury-expose-au-grand-palais-a-paris\/\"},\"author\":{\"name\":\"C.K.\",\"@id\":\"https:\/\/vosgesinfo.fr\/laplainedesvosgesinfo\/#\/schema\/person\/6f9a650eeea99d969b6c4ab78fccbe81\"},\"headline\":\"L\u2019artiste vosgien Thomas Fleury expose au Grand Palais, \u00e0 Paris\",\"datePublished\":\"2025-01-14T10:38:03+00:00\",\"dateModified\":\"2025-01-14T10:38:03+00:00\",\"mainEntityOfPage\":{\"@id\":\"https:\/\/vosgesinfo.fr\/laplainedesvosgesinfo\/2025\/01\/lartiste-vosgien-thomas-fleury-expose-au-grand-palais-a-paris\/\"},\"wordCount\":328,\"commentCount\":0,\"publisher\":{\"@id\":\"https:\/\/vosgesinfo.fr\/laplainedesvosgesinfo\/#organization\"},\"image\":{\"@id\":\"https:\/\/vosgesinfo.fr\/laplainedesvosgesinfo\/2025\/01\/lartiste-vosgien-thomas-fleury-expose-au-grand-palais-a-paris\/#primaryimage\"},\"thumbnailUrl\":\"https:\/\/vosgesinfo.fr\/app\/uploads\/sites\/2\/2025\/01\/thomas-fleury-1-scaled-1.jpg\",\"keywords\":[\"ch\u00e2tel-sur-Moselle\",\"Grand Palais\",\"Thomas Fleury\",\"Vosges\"],\"articleSection\":[\"A la Une\",\"Culture\",\"Epinal\",\"G\u00e9rardmer\",\"La plaine des vosges\",\"Remiremont\",\"Saint-di\u00e9\"],\"inLanguage\":\"fr-FR\",\"potentialAction\":[{\"@type\":\"CommentAction\",\"name\":\"Comment\",\"target\":[\"https:\/\/vosgesinfo.fr\/laplainedesvosgesinfo\/2025\/01\/lartiste-vosgien-thomas-fleury-expose-au-grand-palais-a-paris\/#respond\"]}]},{\"@type\":\"WebPage\",\"@id\":\"https:\/\/vosgesinfo.fr\/laplainedesvosgesinfo\/2025\/01\/lartiste-vosgien-thomas-fleury-expose-au-grand-palais-a-paris\/\",\"url\":\"https:\/\/vosgesinfo.fr\/laplainedesvosgesinfo\/2025\/01\/lartiste-vosgien-thomas-fleury-expose-au-grand-palais-a-paris\/\",\"name\":\"L\u2019artiste vosgien Thomas Fleury expose au Grand Palais, \u00e0 Paris - La Plaine des Vosges\",\"isPartOf\":{\"@id\":\"https:\/\/vosgesinfo.fr\/laplainedesvosgesinfo\/#website\"},\"primaryImageOfPage\":{\"@id\":\"https:\/\/vosgesinfo.fr\/laplainedesvosgesinfo\/2025\/01\/lartiste-vosgien-thomas-fleury-expose-au-grand-palais-a-paris\/#primaryimage\"},\"image\":{\"@id\":\"https:\/\/vosgesinfo.fr\/laplainedesvosgesinfo\/2025\/01\/lartiste-vosgien-thomas-fleury-expose-au-grand-palais-a-paris\/#primaryimage\"},\"thumbnailUrl\":\"https:\/\/vosgesinfo.fr\/app\/uploads\/sites\/2\/2025\/01\/thomas-fleury-1-scaled-1.jpg\",\"datePublished\":\"2025-01-14T10:38:03+00:00\",\"dateModified\":\"2025-01-14T10:38:03+00:00\",\"breadcrumb\":{\"@id\":\"https:\/\/vosgesinfo.fr\/laplainedesvosgesinfo\/2025\/01\/lartiste-vosgien-thomas-fleury-expose-au-grand-palais-a-paris\/#breadcrumb\"},\"inLanguage\":\"fr-FR\",\"potentialAction\":[{\"@type\":\"ReadAction\",\"target\":[\"https:\/\/vosgesinfo.fr\/laplainedesvosgesinfo\/2025\/01\/lartiste-vosgien-thomas-fleury-expose-au-grand-palais-a-paris\/\"]}]},{\"@type\":\"ImageObject\",\"inLanguage\":\"fr-FR\",\"@id\":\"https:\/\/vosgesinfo.fr\/laplainedesvosgesinfo\/2025\/01\/lartiste-vosgien-thomas-fleury-expose-au-grand-palais-a-paris\/#primaryimage\",\"url\":\"https:\/\/vosgesinfo.fr\/app\/uploads\/sites\/2\/2025\/01\/thomas-fleury-1-scaled-1.jpg\",\"contentUrl\":\"https:\/\/vosgesinfo.fr\/app\/uploads\/sites\/2\/2025\/01\/thomas-fleury-1-scaled-1.jpg\",\"width\":2560,\"height\":1920},{\"@type\":\"BreadcrumbList\",\"@id\":\"https:\/\/vosgesinfo.fr\/laplainedesvosgesinfo\/2025\/01\/lartiste-vosgien-thomas-fleury-expose-au-grand-palais-a-paris\/#breadcrumb\",\"itemListElement\":[{\"@type\":\"ListItem\",\"position\":1,\"name\":\"Home\",\"item\":\"https:\/\/vosgesinfo.fr\/laplainedesvosgesinfo\/\"},{\"@type\":\"ListItem\",\"position\":2,\"name\":\"L\u2019artiste vosgien Thomas Fleury expose au Grand Palais, \u00e0 Paris\"}]},{\"@type\":\"WebSite\",\"@id\":\"https:\/\/vosgesinfo.fr\/laplainedesvosgesinfo\/#website\",\"url\":\"https:\/\/vosgesinfo.fr\/laplainedesvosgesinfo\/\",\"name\":\"La Plaine des Vosges\",\"description\":\"Toute l&#039;actualit\u00e9 de la plaine de Vosges\",\"publisher\":{\"@id\":\"https:\/\/vosgesinfo.fr\/laplainedesvosgesinfo\/#organization\"},\"alternateName\":\"Toute l'actualit\u00e9 de la plaine des Vosges\",\"potentialAction\":[{\"@type\":\"SearchAction\",\"target\":{\"@type\":\"EntryPoint\",\"urlTemplate\":\"https:\/\/vosgesinfo.fr\/laplainedesvosgesinfo\/?s={search_term_string}\"},\"query-input\":\"required name=search_term_string\"}],\"inLanguage\":\"fr-FR\"},{\"@type\":\"Organization\",\"@id\":\"https:\/\/vosgesinfo.fr\/laplainedesvosgesinfo\/#organization\",\"name\":\"La Plaine des Vosges\",\"url\":\"https:\/\/vosgesinfo.fr\/laplainedesvosgesinfo\/\",\"logo\":{\"@type\":\"ImageObject\",\"inLanguage\":\"fr-FR\",\"@id\":\"https:\/\/vosgesinfo.fr\/laplainedesvosgesinfo\/#\/schema\/logo\/image\/\",\"url\":\"https:\/\/vosgesinfo.fr\/app\/uploads\/sites\/2\/2023\/08\/logo-laplaineinfo.svg\",\"contentUrl\":\"https:\/\/vosgesinfo.fr\/app\/uploads\/sites\/2\/2023\/08\/logo-laplaineinfo.svg\",\"width\":1,\"height\":1,\"caption\":\"La Plaine des Vosges\"},\"image\":{\"@id\":\"https:\/\/vosgesinfo.fr\/laplainedesvosgesinfo\/#\/schema\/logo\/image\/\"},\"sameAs\":[\"https:\/\/www.facebook.com\/laplainedesvosges\",\"https:\/\/x.com\/VosgesInfo88\",\"https:\/\/www.youtube.com\/@vosgesinfo\"]},{\"@type\":\"Person\",\"@id\":\"https:\/\/vosgesinfo.fr\/laplainedesvosgesinfo\/#\/schema\/person\/6f9a650eeea99d969b6c4ab78fccbe81\",\"name\":\"C.K.\",\"image\":{\"@type\":\"ImageObject\",\"inLanguage\":\"fr-FR\",\"@id\":\"https:\/\/vosgesinfo.fr\/laplainedesvosgesinfo\/#\/schema\/person\/image\/\",\"url\":\"https:\/\/secure.gravatar.com\/avatar\/48e3fc7f8421ba8942be6b74a2b7f014ca39bc00dece156b7a8e098ae7dc87bf?s=96&d=mm&r=g\",\"contentUrl\":\"https:\/\/secure.gravatar.com\/avatar\/48e3fc7f8421ba8942be6b74a2b7f014ca39bc00dece156b7a8e098ae7dc87bf?s=96&d=mm&r=g\",\"caption\":\"C.K.\"},\"url\":\"https:\/\/vosgesinfo.fr\/laplainedesvosgesinfo\/author\/celia-k-n\/\"}]}<\/script>\n<!-- \/ Yoast SEO plugin. -->","yoast_head_json":{"title":"L\u2019artiste vosgien Thomas Fleury expose au Grand Palais, \u00e0 Paris - La Plaine des Vosges","robots":{"index":"index","follow":"follow","max-snippet":"max-snippet:-1","max-image-preview":"max-image-preview:large","max-video-preview":"max-video-preview:-1"},"canonical":"https:\/\/vosgesinfo.fr\/laplainedesvosgesinfo\/2025\/01\/lartiste-vosgien-thomas-fleury-expose-au-grand-palais-a-paris\/","twitter_card":"summary_large_image","twitter_title":"L\u2019artiste vosgien Thomas Fleury expose au Grand Palais, \u00e0 Paris - La Plaine des Vosges","twitter_description":"L\u2019artiste vosgien Thomas Fleury, install\u00e9 \u00e0 Ch\u00e2tel-sur-Moselle va exposer l&rsquo;une de ses \u0153uvres au Grand Palais de Paris. Autodidacte, l\u2019artiste [&hellip;]","twitter_image":"https:\/\/vosgesinfo.fr\/app\/uploads\/sites\/2\/2025\/01\/thomas-fleury-1-scaled-1.jpg","twitter_creator":"@VosgesInfo88","twitter_site":"@VosgesInfo88","twitter_misc":{"\u00c9crit par":"C.K.","Dur\u00e9e de lecture estim\u00e9e":"2 minutes"},"schema":{"@context":"https:\/\/schema.org","@graph":[{"@type":"Article","@id":"https:\/\/vosgesinfo.fr\/laplainedesvosgesinfo\/2025\/01\/lartiste-vosgien-thomas-fleury-expose-au-grand-palais-a-paris\/#article","isPartOf":{"@id":"https:\/\/vosgesinfo.fr\/laplainedesvosgesinfo\/2025\/01\/lartiste-vosgien-thomas-fleury-expose-au-grand-palais-a-paris\/"},"author":{"name":"C.K.","@id":"https:\/\/vosgesinfo.fr\/laplainedesvosgesinfo\/#\/schema\/person\/6f9a650eeea99d969b6c4ab78fccbe81"},"headline":"L\u2019artiste vosgien Thomas Fleury expose au Grand Palais, \u00e0 Paris","datePublished":"2025-01-14T10:38:03+00:00","dateModified":"2025-01-14T10:38:03+00:00","mainEntityOfPage":{"@id":"https:\/\/vosgesinfo.fr\/laplainedesvosgesinfo\/2025\/01\/lartiste-vosgien-thomas-fleury-expose-au-grand-palais-a-paris\/"},"wordCount":328,"commentCount":0,"publisher":{"@id":"https:\/\/vosgesinfo.fr\/laplainedesvosgesinfo\/#organization"},"image":{"@id":"https:\/\/vosgesinfo.fr\/laplainedesvosgesinfo\/2025\/01\/lartiste-vosgien-thomas-fleury-expose-au-grand-palais-a-paris\/#primaryimage"},"thumbnailUrl":"https:\/\/vosgesinfo.fr\/app\/uploads\/sites\/2\/2025\/01\/thomas-fleury-1-scaled-1.jpg","keywords":["ch\u00e2tel-sur-Moselle","Grand Palais","Thomas Fleury","Vosges"],"articleSection":["A la Une","Culture","Epinal","G\u00e9rardmer","La plaine des vosges","Remiremont","Saint-di\u00e9"],"inLanguage":"fr-FR","potentialAction":[{"@type":"CommentAction","name":"Comment","target":["https:\/\/vosgesinfo.fr\/laplainedesvosgesinfo\/2025\/01\/lartiste-vosgien-thomas-fleury-expose-au-grand-palais-a-paris\/#respond"]}]},{"@type":"WebPage","@id":"https:\/\/vosgesinfo.fr\/laplainedesvosgesinfo\/2025\/01\/lartiste-vosgien-thomas-fleury-expose-au-grand-palais-a-paris\/","url":"https:\/\/vosgesinfo.fr\/laplainedesvosgesinfo\/2025\/01\/lartiste-vosgien-thomas-fleury-expose-au-grand-palais-a-paris\/","name":"L\u2019artiste vosgien Thomas Fleury expose au Grand Palais, \u00e0 Paris - La Plaine des Vosges","isPartOf":{"@id":"https:\/\/vosgesinfo.fr\/laplainedesvosgesinfo\/#website"},"primaryImageOfPage":{"@id":"https:\/\/vosgesinfo.fr\/laplainedesvosgesinfo\/2025\/01\/lartiste-vosgien-thomas-fleury-expose-au-grand-palais-a-paris\/#primaryimage"},"image":{"@id":"https:\/\/vosgesinfo.fr\/laplainedesvosgesinfo\/2025\/01\/lartiste-vosgien-thomas-fleury-expose-au-grand-palais-a-paris\/#primaryimage"},"thumbnailUrl":"https:\/\/vosgesinfo.fr\/app\/uploads\/sites\/2\/2025\/01\/thomas-fleury-1-scaled-1.jpg","datePublished":"2025-01-14T10:38:03+00:00","dateModified":"2025-01-14T10:38:03+00:00","breadcrumb":{"@id":"https:\/\/vosgesinfo.fr\/laplainedesvosgesinfo\/2025\/01\/lartiste-vosgien-thomas-fleury-expose-au-grand-palais-a-paris\/#breadcrumb"},"inLanguage":"fr-FR","potentialAction":[{"@type":"ReadAction","target":["https:\/\/vosgesinfo.fr\/laplainedesvosgesinfo\/2025\/01\/lartiste-vosgien-thomas-fleury-expose-au-grand-palais-a-paris\/"]}]},{"@type":"ImageObject","inLanguage":"fr-FR","@id":"https:\/\/vosgesinfo.fr\/laplainedesvosgesinfo\/2025\/01\/lartiste-vosgien-thomas-fleury-expose-au-grand-palais-a-paris\/#primaryimage","url":"https:\/\/vosgesinfo.fr\/app\/uploads\/sites\/2\/2025\/01\/thomas-fleury-1-scaled-1.jpg","contentUrl":"https:\/\/vosgesinfo.fr\/app\/uploads\/sites\/2\/2025\/01\/thomas-fleury-1-scaled-1.jpg","width":2560,"height":1920},{"@type":"BreadcrumbList","@id":"https:\/\/vosgesinfo.fr\/laplainedesvosgesinfo\/2025\/01\/lartiste-vosgien-thomas-fleury-expose-au-grand-palais-a-paris\/#breadcrumb","itemListElement":[{"@type":"ListItem","position":1,"name":"Home","item":"https:\/\/vosgesinfo.fr\/laplainedesvosgesinfo\/"},{"@type":"ListItem","position":2,"name":"L\u2019artiste vosgien Thomas Fleury expose au Grand Palais, \u00e0 Paris"}]},{"@type":"WebSite","@id":"https:\/\/vosgesinfo.fr\/laplainedesvosgesinfo\/#website","url":"https:\/\/vosgesinfo.fr\/laplainedesvosgesinfo\/","name":"La Plaine des Vosges","description":"Toute l&#039;actualit\u00e9 de la plaine de Vosges","publisher":{"@id":"https:\/\/vosgesinfo.fr\/laplainedesvosgesinfo\/#organization"},"alternateName":"Toute l'actualit\u00e9 de la plaine des Vosges","potentialAction":[{"@type":"SearchAction","target":{"@type":"EntryPoint","urlTemplate":"https:\/\/vosgesinfo.fr\/laplainedesvosgesinfo\/?s={search_term_string}"},"query-input":"required name=search_term_string"}],"inLanguage":"fr-FR"},{"@type":"Organization","@id":"https:\/\/vosgesinfo.fr\/laplainedesvosgesinfo\/#organization","name":"La Plaine des Vosges","url":"https:\/\/vosgesinfo.fr\/laplainedesvosgesinfo\/","logo":{"@type":"ImageObject","inLanguage":"fr-FR","@id":"https:\/\/vosgesinfo.fr\/laplainedesvosgesinfo\/#\/schema\/logo\/image\/","url":"https:\/\/vosgesinfo.fr\/app\/uploads\/sites\/2\/2023\/08\/logo-laplaineinfo.svg","contentUrl":"https:\/\/vosgesinfo.fr\/app\/uploads\/sites\/2\/2023\/08\/logo-laplaineinfo.svg","width":1,"height":1,"caption":"La Plaine des Vosges"},"image":{"@id":"https:\/\/vosgesinfo.fr\/laplainedesvosgesinfo\/#\/schema\/logo\/image\/"},"sameAs":["https:\/\/www.facebook.com\/laplainedesvosges","https:\/\/x.com\/VosgesInfo88","https:\/\/www.youtube.com\/@vosgesinfo"]},{"@type":"Person","@id":"https:\/\/vosgesinfo.fr\/laplainedesvosgesinfo\/#\/schema\/person\/6f9a650eeea99d969b6c4ab78fccbe81","name":"C.K.","image":{"@type":"ImageObject","inLanguage":"fr-FR","@id":"https:\/\/vosgesinfo.fr\/laplainedesvosgesinfo\/#\/schema\/person\/image\/","url":"https:\/\/secure.gravatar.com\/avatar\/48e3fc7f8421ba8942be6b74a2b7f014ca39bc00dece156b7a8e098ae7dc87bf?s=96&d=mm&r=g","contentUrl":"https:\/\/secure.gravatar.com\/avatar\/48e3fc7f8421ba8942be6b74a2b7f014ca39bc00dece156b7a8e098ae7dc87bf?s=96&d=mm&r=g","caption":"C.K."},"url":"https:\/\/vosgesinfo.fr\/laplainedesvosgesinfo\/author\/celia-k-n\/"}]}},"_links":{"self":[{"href":"https:\/\/vosgesinfo.fr\/laplainedesvosgesinfo\/wp-json\/wp\/v2\/posts\/28170","targetHints":{"allow":["GET"]}}],"collection":[{"href":"https:\/\/vosgesinfo.fr\/laplainedesvosgesinfo\/wp-json\/wp\/v2\/posts"}],"about":[{"href":"https:\/\/vosgesinfo.fr\/laplainedesvosgesinfo\/wp-json\/wp\/v2\/types\/post"}],"author":[{"embeddable":true,"href":"https:\/\/vosgesinfo.fr\/laplainedesvosgesinfo\/wp-json\/wp\/v2\/users\/52"}],"replies":[{"embeddable":true,"href":"https:\/\/vosgesinfo.fr\/laplainedesvosgesinfo\/wp-json\/wp\/v2\/comments?post=28170"}],"version-history":[{"count":0,"href":"https:\/\/vosgesinfo.fr\/laplainedesvosgesinfo\/wp-json\/wp\/v2\/posts\/28170\/revisions"}],"wp:featuredmedia":[{"embeddable":true,"href":"https:\/\/vosgesinfo.fr\/laplainedesvosgesinfo\/wp-json\/wp\/v2\/media\/28171"}],"wp:attachment":[{"href":"https:\/\/vosgesinfo.fr\/laplainedesvosgesinfo\/wp-json\/wp\/v2\/media?parent=28170"}],"wp:term":[{"taxonomy":"category","embeddable":true,"href":"https:\/\/vosgesinfo.fr\/laplainedesvosgesinfo\/wp-json\/wp\/v2\/categories?post=28170"},{"taxonomy":"post_tag","embeddable":true,"href":"https:\/\/vosgesinfo.fr\/laplainedesvosgesinfo\/wp-json\/wp\/v2\/tags?post=28170"}],"curies":[{"name":"wp","href":"https:\/\/api.w.org\/{rel}","templated":true}]}}