{"id":28446,"date":"2025-01-30T10:10:09","date_gmt":"2025-01-30T09:10:09","guid":{"rendered":"https:\/\/vosgesinfo.fr\/laplainedesvosgesinfo\/?p=28446"},"modified":"2025-01-30T10:10:09","modified_gmt":"2025-01-30T09:10:09","slug":"carte-scolaire-2025-12-postes-supprimes-dans-les-vosges","status":"publish","type":"post","link":"https:\/\/vosgesinfo.fr\/laplainedesvosgesinfo\/2025\/01\/carte-scolaire-2025-12-postes-supprimes-dans-les-vosges\/","title":{"rendered":"Carte scolaire 2025 : 12 postes supprim\u00e9s dans les Vosges"},"content":{"rendered":"<h2><a href=\"https:\/\/vosgesinfo.fr\/app\/uploads\/sites\/3\/2025\/01\/ecole.jpg\"><img decoding=\"async\" class=\"aligncenter size-full wp-image-127853\" src=\"https:\/\/vosgesinfo.fr\/app\/uploads\/sites\/3\/2025\/01\/ecole.jpg\" alt=\"\" width=\"960\" height=\"640\" \/><\/a>Le rectorat de Nancy-Metz a d\u00e9voil\u00e9 les ajustements de la carte scolaire pour la rentr\u00e9e de septembre 2025. Dans le d\u00e9partement des Vosges, 12 postes d\u2019enseignants seront supprim\u00e9s dans le premier degr\u00e9, un chiffre bien inf\u00e9rieur aux pr\u00e9visions initiales avanc\u00e9es par les syndicats. Cette r\u00e9duction d\u2019effectifs s\u2019explique notamment par une baisse continue des effectifs scolaires : les Vosges devraient enregistrer environ 850 \u00e9l\u00e8ves en moins \u00e0 la rentr\u00e9e prochaine.<\/h2>\n<h3><strong>Une r\u00e9duction moindre que pr\u00e9vue<\/strong><\/h3>\n<p>Au niveau de l\u2019Acad\u00e9mie de Nancy-Metz, 64 suppressions de postes sont act\u00e9es dans le premier degr\u00e9 pour la rentr\u00e9e 2025. Dans les Vosges, seulement 12 postes d&rsquo;enseignants seront supprim\u00e9s dans le premier degr\u00e9. Comparativement, l\u2019ann\u00e9e 2024 avait \u00e9t\u00e9 bien plus marqu\u00e9e par les restrictions, avec 38 postes supprim\u00e9s dans le seul d\u00e9partement des Vosges. Cette ann\u00e9e, la coupe budg\u00e9taire appara\u00eet donc plus mesur\u00e9e, ce qui pourrait limiter les fermetures de classes.<\/p>\n<p>Les \u00e9coles concern\u00e9es par ces suppressions de postes seront pr\u00e9cis\u00e9es d\u2019ici fin f\u00e9vrier 2025, lorsque les ajustements seront finalis\u00e9s. L\u2019impact exact sur les \u00e9tablissements vosgiens sera scrut\u00e9 de pr\u00e8s par les syndicats et les collectivit\u00e9s locales.<\/p>\n<h3><strong>Un revirement gouvernemental<\/strong><\/h3>\n<p>Initialement, le gouvernement Barnier envisageait 4 000 suppressions de postes \u00e0 l\u2019\u00e9chelle nationale pour la rentr\u00e9e 2025. Toutefois, le Premier ministre Fran\u00e7ois Bayrou a finalement renonc\u00e9 \u00e0 ce plan de r\u00e9duction, optant pour une approche plus mod\u00e9r\u00e9e. Cette d\u00e9cision a permis d\u2019att\u00e9nuer les coupes budg\u00e9taires dans plusieurs acad\u00e9mies, y compris celle de Nancy-Metz.<\/p>\n<p>&nbsp;<\/p>\n","protected":false},"excerpt":{"rendered":"<p>Le rectorat de Nancy-Metz a d\u00e9voil\u00e9 les ajustements de la carte scolaire pour la rentr\u00e9e de septembre 2025. Dans le [&hellip;]<\/p>\n","protected":false},"author":52,"featured_media":28447,"comment_status":"open","ping_status":"open","sticky":false,"template":"","format":"standard","meta":{"footnotes":""},"categories":[29,7651,383,294,380,381,384,18],"tags":[1170,1175,7925,233],"class_list":["post-28446","post","type-post","status-publish","format-standard","has-post-thumbnail","hentry","category-a-la-une","category-enseignement","category-epinal","category-gerardmer","category-la-plaine-des-vosges","category-remiremont","category-saint-die","category-vosges","tag-carte-scolaire","tag-education","tag-enseignement","tag-vosges"],"acf":[],"yoast_head":"<!-- This site is optimized with the Yoast SEO plugin v22.5 - https:\/\/yoast.com\/wordpress\/plugins\/seo\/ -->\n<title>Carte scolaire 2025 : 12 postes supprim\u00e9s dans les Vosges - La Plaine des Vosges<\/title>\n<meta name=\"robots\" content=\"index, follow, max-snippet:-1, max-image-preview:large, max-video-preview:-1\" \/>\n<link rel=\"canonical\" href=\"https:\/\/vosgesinfo.fr\/laplainedesvosgesinfo\/2025\/01\/carte-scolaire-2025-12-postes-supprimes-dans-les-vosges\/\" \/>\n<meta name=\"twitter:card\" content=\"summary_large_image\" \/>\n<meta name=\"twitter:title\" content=\"Carte scolaire 2025 : 12 postes supprim\u00e9s dans les Vosges - La Plaine des Vosges\" \/>\n<meta name=\"twitter:description\" content=\"Le rectorat de Nancy-Metz a d\u00e9voil\u00e9 les ajustements de la carte scolaire pour la rentr\u00e9e de septembre 2025. Dans le [&hellip;]\" \/>\n<meta name=\"twitter:image\" content=\"https:\/\/vosgesinfo.fr\/app\/uploads\/sites\/2\/2025\/01\/ecole.jpg\" \/>\n<meta name=\"twitter:creator\" content=\"@VosgesInfo88\" \/>\n<meta name=\"twitter:site\" content=\"@VosgesInfo88\" \/>\n<meta name=\"twitter:label1\" content=\"\u00c9crit par\" \/>\n\t<meta name=\"twitter:data1\" content=\"C.K.\" \/>\n\t<meta name=\"twitter:label2\" content=\"Dur\u00e9e de lecture estim\u00e9e\" \/>\n\t<meta name=\"twitter:data2\" content=\"1 minute\" \/>\n<script type=\"application\/ld+json\" class=\"yoast-schema-graph\">{\"@context\":\"https:\/\/schema.org\",\"@graph\":[{\"@type\":\"Article\",\"@id\":\"https:\/\/vosgesinfo.fr\/laplainedesvosgesinfo\/2025\/01\/carte-scolaire-2025-12-postes-supprimes-dans-les-vosges\/#article\",\"isPartOf\":{\"@id\":\"https:\/\/vosgesinfo.fr\/laplainedesvosgesinfo\/2025\/01\/carte-scolaire-2025-12-postes-supprimes-dans-les-vosges\/\"},\"author\":{\"name\":\"C.K.\",\"@id\":\"https:\/\/vosgesinfo.fr\/laplainedesvosgesinfo\/#\/schema\/person\/6f9a650eeea99d969b6c4ab78fccbe81\"},\"headline\":\"Carte scolaire 2025 : 12 postes supprim\u00e9s dans les Vosges\",\"datePublished\":\"2025-01-30T09:10:09+00:00\",\"dateModified\":\"2025-01-30T09:10:09+00:00\",\"mainEntityOfPage\":{\"@id\":\"https:\/\/vosgesinfo.fr\/laplainedesvosgesinfo\/2025\/01\/carte-scolaire-2025-12-postes-supprimes-dans-les-vosges\/\"},\"wordCount\":280,\"commentCount\":1,\"publisher\":{\"@id\":\"https:\/\/vosgesinfo.fr\/laplainedesvosgesinfo\/#organization\"},\"image\":{\"@id\":\"https:\/\/vosgesinfo.fr\/laplainedesvosgesinfo\/2025\/01\/carte-scolaire-2025-12-postes-supprimes-dans-les-vosges\/#primaryimage\"},\"thumbnailUrl\":\"https:\/\/vosgesinfo.fr\/app\/uploads\/sites\/2\/2025\/01\/ecole.jpg\",\"keywords\":[\"carte scolaire\",\"Education\",\"enseignement\",\"Vosges\"],\"articleSection\":[\"A la Une\",\"Enseignement\",\"Epinal\",\"G\u00e9rardmer\",\"La plaine des vosges\",\"Remiremont\",\"Saint-di\u00e9\",\"Vosges\"],\"inLanguage\":\"fr-FR\",\"potentialAction\":[{\"@type\":\"CommentAction\",\"name\":\"Comment\",\"target\":[\"https:\/\/vosgesinfo.fr\/laplainedesvosgesinfo\/2025\/01\/carte-scolaire-2025-12-postes-supprimes-dans-les-vosges\/#respond\"]}]},{\"@type\":\"WebPage\",\"@id\":\"https:\/\/vosgesinfo.fr\/laplainedesvosgesinfo\/2025\/01\/carte-scolaire-2025-12-postes-supprimes-dans-les-vosges\/\",\"url\":\"https:\/\/vosgesinfo.fr\/laplainedesvosgesinfo\/2025\/01\/carte-scolaire-2025-12-postes-supprimes-dans-les-vosges\/\",\"name\":\"Carte scolaire 2025 : 12 postes supprim\u00e9s dans les Vosges - La Plaine des Vosges\",\"isPartOf\":{\"@id\":\"https:\/\/vosgesinfo.fr\/laplainedesvosgesinfo\/#website\"},\"primaryImageOfPage\":{\"@id\":\"https:\/\/vosgesinfo.fr\/laplainedesvosgesinfo\/2025\/01\/carte-scolaire-2025-12-postes-supprimes-dans-les-vosges\/#primaryimage\"},\"image\":{\"@id\":\"https:\/\/vosgesinfo.fr\/laplainedesvosgesinfo\/2025\/01\/carte-scolaire-2025-12-postes-supprimes-dans-les-vosges\/#primaryimage\"},\"thumbnailUrl\":\"https:\/\/vosgesinfo.fr\/app\/uploads\/sites\/2\/2025\/01\/ecole.jpg\",\"datePublished\":\"2025-01-30T09:10:09+00:00\",\"dateModified\":\"2025-01-30T09:10:09+00:00\",\"breadcrumb\":{\"@id\":\"https:\/\/vosgesinfo.fr\/laplainedesvosgesinfo\/2025\/01\/carte-scolaire-2025-12-postes-supprimes-dans-les-vosges\/#breadcrumb\"},\"inLanguage\":\"fr-FR\",\"potentialAction\":[{\"@type\":\"ReadAction\",\"target\":[\"https:\/\/vosgesinfo.fr\/laplainedesvosgesinfo\/2025\/01\/carte-scolaire-2025-12-postes-supprimes-dans-les-vosges\/\"]}]},{\"@type\":\"ImageObject\",\"inLanguage\":\"fr-FR\",\"@id\":\"https:\/\/vosgesinfo.fr\/laplainedesvosgesinfo\/2025\/01\/carte-scolaire-2025-12-postes-supprimes-dans-les-vosges\/#primaryimage\",\"url\":\"https:\/\/vosgesinfo.fr\/app\/uploads\/sites\/2\/2025\/01\/ecole.jpg\",\"contentUrl\":\"https:\/\/vosgesinfo.fr\/app\/uploads\/sites\/2\/2025\/01\/ecole.jpg\",\"width\":960,\"height\":640},{\"@type\":\"BreadcrumbList\",\"@id\":\"https:\/\/vosgesinfo.fr\/laplainedesvosgesinfo\/2025\/01\/carte-scolaire-2025-12-postes-supprimes-dans-les-vosges\/#breadcrumb\",\"itemListElement\":[{\"@type\":\"ListItem\",\"position\":1,\"name\":\"Home\",\"item\":\"https:\/\/vosgesinfo.fr\/laplainedesvosgesinfo\/\"},{\"@type\":\"ListItem\",\"position\":2,\"name\":\"Carte scolaire 2025 : 12 postes supprim\u00e9s dans les Vosges\"}]},{\"@type\":\"WebSite\",\"@id\":\"https:\/\/vosgesinfo.fr\/laplainedesvosgesinfo\/#website\",\"url\":\"https:\/\/vosgesinfo.fr\/laplainedesvosgesinfo\/\",\"name\":\"La Plaine des Vosges\",\"description\":\"Toute l&#039;actualit\u00e9 de la plaine de Vosges\",\"publisher\":{\"@id\":\"https:\/\/vosgesinfo.fr\/laplainedesvosgesinfo\/#organization\"},\"alternateName\":\"Toute l'actualit\u00e9 de la plaine des Vosges\",\"potentialAction\":[{\"@type\":\"SearchAction\",\"target\":{\"@type\":\"EntryPoint\",\"urlTemplate\":\"https:\/\/vosgesinfo.fr\/laplainedesvosgesinfo\/?s={search_term_string}\"},\"query-input\":\"required name=search_term_string\"}],\"inLanguage\":\"fr-FR\"},{\"@type\":\"Organization\",\"@id\":\"https:\/\/vosgesinfo.fr\/laplainedesvosgesinfo\/#organization\",\"name\":\"La Plaine des Vosges\",\"url\":\"https:\/\/vosgesinfo.fr\/laplainedesvosgesinfo\/\",\"logo\":{\"@type\":\"ImageObject\",\"inLanguage\":\"fr-FR\",\"@id\":\"https:\/\/vosgesinfo.fr\/laplainedesvosgesinfo\/#\/schema\/logo\/image\/\",\"url\":\"https:\/\/vosgesinfo.fr\/app\/uploads\/sites\/2\/2023\/08\/logo-laplaineinfo.svg\",\"contentUrl\":\"https:\/\/vosgesinfo.fr\/app\/uploads\/sites\/2\/2023\/08\/logo-laplaineinfo.svg\",\"width\":1,\"height\":1,\"caption\":\"La Plaine des Vosges\"},\"image\":{\"@id\":\"https:\/\/vosgesinfo.fr\/laplainedesvosgesinfo\/#\/schema\/logo\/image\/\"},\"sameAs\":[\"https:\/\/www.facebook.com\/laplainedesvosges\",\"https:\/\/x.com\/VosgesInfo88\",\"https:\/\/www.youtube.com\/@vosgesinfo\"]},{\"@type\":\"Person\",\"@id\":\"https:\/\/vosgesinfo.fr\/laplainedesvosgesinfo\/#\/schema\/person\/6f9a650eeea99d969b6c4ab78fccbe81\",\"name\":\"C.K.\",\"image\":{\"@type\":\"ImageObject\",\"inLanguage\":\"fr-FR\",\"@id\":\"https:\/\/vosgesinfo.fr\/laplainedesvosgesinfo\/#\/schema\/person\/image\/\",\"url\":\"https:\/\/secure.gravatar.com\/avatar\/48e3fc7f8421ba8942be6b74a2b7f014ca39bc00dece156b7a8e098ae7dc87bf?s=96&d=mm&r=g\",\"contentUrl\":\"https:\/\/secure.gravatar.com\/avatar\/48e3fc7f8421ba8942be6b74a2b7f014ca39bc00dece156b7a8e098ae7dc87bf?s=96&d=mm&r=g\",\"caption\":\"C.K.\"},\"url\":\"https:\/\/vosgesinfo.fr\/laplainedesvosgesinfo\/author\/celia-k-n\/\"}]}<\/script>\n<!-- \/ Yoast SEO plugin. -->","yoast_head_json":{"title":"Carte scolaire 2025 : 12 postes supprim\u00e9s dans les Vosges - La Plaine des Vosges","robots":{"index":"index","follow":"follow","max-snippet":"max-snippet:-1","max-image-preview":"max-image-preview:large","max-video-preview":"max-video-preview:-1"},"canonical":"https:\/\/vosgesinfo.fr\/laplainedesvosgesinfo\/2025\/01\/carte-scolaire-2025-12-postes-supprimes-dans-les-vosges\/","twitter_card":"summary_large_image","twitter_title":"Carte scolaire 2025 : 12 postes supprim\u00e9s dans les Vosges - La Plaine des Vosges","twitter_description":"Le rectorat de Nancy-Metz a d\u00e9voil\u00e9 les ajustements de la carte scolaire pour la rentr\u00e9e de septembre 2025. Dans le [&hellip;]","twitter_image":"https:\/\/vosgesinfo.fr\/app\/uploads\/sites\/2\/2025\/01\/ecole.jpg","twitter_creator":"@VosgesInfo88","twitter_site":"@VosgesInfo88","twitter_misc":{"\u00c9crit par":"C.K.","Dur\u00e9e de lecture estim\u00e9e":"1 minute"},"schema":{"@context":"https:\/\/schema.org","@graph":[{"@type":"Article","@id":"https:\/\/vosgesinfo.fr\/laplainedesvosgesinfo\/2025\/01\/carte-scolaire-2025-12-postes-supprimes-dans-les-vosges\/#article","isPartOf":{"@id":"https:\/\/vosgesinfo.fr\/laplainedesvosgesinfo\/2025\/01\/carte-scolaire-2025-12-postes-supprimes-dans-les-vosges\/"},"author":{"name":"C.K.","@id":"https:\/\/vosgesinfo.fr\/laplainedesvosgesinfo\/#\/schema\/person\/6f9a650eeea99d969b6c4ab78fccbe81"},"headline":"Carte scolaire 2025 : 12 postes supprim\u00e9s dans les Vosges","datePublished":"2025-01-30T09:10:09+00:00","dateModified":"2025-01-30T09:10:09+00:00","mainEntityOfPage":{"@id":"https:\/\/vosgesinfo.fr\/laplainedesvosgesinfo\/2025\/01\/carte-scolaire-2025-12-postes-supprimes-dans-les-vosges\/"},"wordCount":280,"commentCount":1,"publisher":{"@id":"https:\/\/vosgesinfo.fr\/laplainedesvosgesinfo\/#organization"},"image":{"@id":"https:\/\/vosgesinfo.fr\/laplainedesvosgesinfo\/2025\/01\/carte-scolaire-2025-12-postes-supprimes-dans-les-vosges\/#primaryimage"},"thumbnailUrl":"https:\/\/vosgesinfo.fr\/app\/uploads\/sites\/2\/2025\/01\/ecole.jpg","keywords":["carte scolaire","Education","enseignement","Vosges"],"articleSection":["A la Une","Enseignement","Epinal","G\u00e9rardmer","La plaine des vosges","Remiremont","Saint-di\u00e9","Vosges"],"inLanguage":"fr-FR","potentialAction":[{"@type":"CommentAction","name":"Comment","target":["https:\/\/vosgesinfo.fr\/laplainedesvosgesinfo\/2025\/01\/carte-scolaire-2025-12-postes-supprimes-dans-les-vosges\/#respond"]}]},{"@type":"WebPage","@id":"https:\/\/vosgesinfo.fr\/laplainedesvosgesinfo\/2025\/01\/carte-scolaire-2025-12-postes-supprimes-dans-les-vosges\/","url":"https:\/\/vosgesinfo.fr\/laplainedesvosgesinfo\/2025\/01\/carte-scolaire-2025-12-postes-supprimes-dans-les-vosges\/","name":"Carte scolaire 2025 : 12 postes supprim\u00e9s dans les Vosges - La Plaine des Vosges","isPartOf":{"@id":"https:\/\/vosgesinfo.fr\/laplainedesvosgesinfo\/#website"},"primaryImageOfPage":{"@id":"https:\/\/vosgesinfo.fr\/laplainedesvosgesinfo\/2025\/01\/carte-scolaire-2025-12-postes-supprimes-dans-les-vosges\/#primaryimage"},"image":{"@id":"https:\/\/vosgesinfo.fr\/laplainedesvosgesinfo\/2025\/01\/carte-scolaire-2025-12-postes-supprimes-dans-les-vosges\/#primaryimage"},"thumbnailUrl":"https:\/\/vosgesinfo.fr\/app\/uploads\/sites\/2\/2025\/01\/ecole.jpg","datePublished":"2025-01-30T09:10:09+00:00","dateModified":"2025-01-30T09:10:09+00:00","breadcrumb":{"@id":"https:\/\/vosgesinfo.fr\/laplainedesvosgesinfo\/2025\/01\/carte-scolaire-2025-12-postes-supprimes-dans-les-vosges\/#breadcrumb"},"inLanguage":"fr-FR","potentialAction":[{"@type":"ReadAction","target":["https:\/\/vosgesinfo.fr\/laplainedesvosgesinfo\/2025\/01\/carte-scolaire-2025-12-postes-supprimes-dans-les-vosges\/"]}]},{"@type":"ImageObject","inLanguage":"fr-FR","@id":"https:\/\/vosgesinfo.fr\/laplainedesvosgesinfo\/2025\/01\/carte-scolaire-2025-12-postes-supprimes-dans-les-vosges\/#primaryimage","url":"https:\/\/vosgesinfo.fr\/app\/uploads\/sites\/2\/2025\/01\/ecole.jpg","contentUrl":"https:\/\/vosgesinfo.fr\/app\/uploads\/sites\/2\/2025\/01\/ecole.jpg","width":960,"height":640},{"@type":"BreadcrumbList","@id":"https:\/\/vosgesinfo.fr\/laplainedesvosgesinfo\/2025\/01\/carte-scolaire-2025-12-postes-supprimes-dans-les-vosges\/#breadcrumb","itemListElement":[{"@type":"ListItem","position":1,"name":"Home","item":"https:\/\/vosgesinfo.fr\/laplainedesvosgesinfo\/"},{"@type":"ListItem","position":2,"name":"Carte scolaire 2025 : 12 postes supprim\u00e9s dans les Vosges"}]},{"@type":"WebSite","@id":"https:\/\/vosgesinfo.fr\/laplainedesvosgesinfo\/#website","url":"https:\/\/vosgesinfo.fr\/laplainedesvosgesinfo\/","name":"La Plaine des Vosges","description":"Toute l&#039;actualit\u00e9 de la plaine de Vosges","publisher":{"@id":"https:\/\/vosgesinfo.fr\/laplainedesvosgesinfo\/#organization"},"alternateName":"Toute l'actualit\u00e9 de la plaine des Vosges","potentialAction":[{"@type":"SearchAction","target":{"@type":"EntryPoint","urlTemplate":"https:\/\/vosgesinfo.fr\/laplainedesvosgesinfo\/?s={search_term_string}"},"query-input":"required name=search_term_string"}],"inLanguage":"fr-FR"},{"@type":"Organization","@id":"https:\/\/vosgesinfo.fr\/laplainedesvosgesinfo\/#organization","name":"La Plaine des Vosges","url":"https:\/\/vosgesinfo.fr\/laplainedesvosgesinfo\/","logo":{"@type":"ImageObject","inLanguage":"fr-FR","@id":"https:\/\/vosgesinfo.fr\/laplainedesvosgesinfo\/#\/schema\/logo\/image\/","url":"https:\/\/vosgesinfo.fr\/app\/uploads\/sites\/2\/2023\/08\/logo-laplaineinfo.svg","contentUrl":"https:\/\/vosgesinfo.fr\/app\/uploads\/sites\/2\/2023\/08\/logo-laplaineinfo.svg","width":1,"height":1,"caption":"La Plaine des Vosges"},"image":{"@id":"https:\/\/vosgesinfo.fr\/laplainedesvosgesinfo\/#\/schema\/logo\/image\/"},"sameAs":["https:\/\/www.facebook.com\/laplainedesvosges","https:\/\/x.com\/VosgesInfo88","https:\/\/www.youtube.com\/@vosgesinfo"]},{"@type":"Person","@id":"https:\/\/vosgesinfo.fr\/laplainedesvosgesinfo\/#\/schema\/person\/6f9a650eeea99d969b6c4ab78fccbe81","name":"C.K.","image":{"@type":"ImageObject","inLanguage":"fr-FR","@id":"https:\/\/vosgesinfo.fr\/laplainedesvosgesinfo\/#\/schema\/person\/image\/","url":"https:\/\/secure.gravatar.com\/avatar\/48e3fc7f8421ba8942be6b74a2b7f014ca39bc00dece156b7a8e098ae7dc87bf?s=96&d=mm&r=g","contentUrl":"https:\/\/secure.gravatar.com\/avatar\/48e3fc7f8421ba8942be6b74a2b7f014ca39bc00dece156b7a8e098ae7dc87bf?s=96&d=mm&r=g","caption":"C.K."},"url":"https:\/\/vosgesinfo.fr\/laplainedesvosgesinfo\/author\/celia-k-n\/"}]}},"_links":{"self":[{"href":"https:\/\/vosgesinfo.fr\/laplainedesvosgesinfo\/wp-json\/wp\/v2\/posts\/28446","targetHints":{"allow":["GET"]}}],"collection":[{"href":"https:\/\/vosgesinfo.fr\/laplainedesvosgesinfo\/wp-json\/wp\/v2\/posts"}],"about":[{"href":"https:\/\/vosgesinfo.fr\/laplainedesvosgesinfo\/wp-json\/wp\/v2\/types\/post"}],"author":[{"embeddable":true,"href":"https:\/\/vosgesinfo.fr\/laplainedesvosgesinfo\/wp-json\/wp\/v2\/users\/52"}],"replies":[{"embeddable":true,"href":"https:\/\/vosgesinfo.fr\/laplainedesvosgesinfo\/wp-json\/wp\/v2\/comments?post=28446"}],"version-history":[{"count":0,"href":"https:\/\/vosgesinfo.fr\/laplainedesvosgesinfo\/wp-json\/wp\/v2\/posts\/28446\/revisions"}],"wp:featuredmedia":[{"embeddable":true,"href":"https:\/\/vosgesinfo.fr\/laplainedesvosgesinfo\/wp-json\/wp\/v2\/media\/28447"}],"wp:attachment":[{"href":"https:\/\/vosgesinfo.fr\/laplainedesvosgesinfo\/wp-json\/wp\/v2\/media?parent=28446"}],"wp:term":[{"taxonomy":"category","embeddable":true,"href":"https:\/\/vosgesinfo.fr\/laplainedesvosgesinfo\/wp-json\/wp\/v2\/categories?post=28446"},{"taxonomy":"post_tag","embeddable":true,"href":"https:\/\/vosgesinfo.fr\/laplainedesvosgesinfo\/wp-json\/wp\/v2\/tags?post=28446"}],"curies":[{"name":"wp","href":"https:\/\/api.w.org\/{rel}","templated":true}]}}