{"id":2847,"date":"2016-02-20T15:20:51","date_gmt":"2016-02-20T14:20:51","guid":{"rendered":"https:\/\/vosgesinfo.fr\/laplainedesvosgesinfo\/2016\/02\/mirecourt-en-images-gros-succes-pour-le-gala-de-catch\/"},"modified":"2016-02-20T15:20:51","modified_gmt":"2016-02-20T14:20:51","slug":"mirecourt-en-images-gros-succes-pour-le-gala-de-catch","status":"publish","type":"post","link":"https:\/\/vosgesinfo.fr\/laplainedesvosgesinfo\/2016\/02\/mirecourt-en-images-gros-succes-pour-le-gala-de-catch\/","title":{"rendered":"Mirecourt -En images: Gros succ\u00e8s pour le gala de catch"},"content":{"rendered":"<p><a href=\"\/2016\/02\/CATCH-7-compressed.jpg\"><img decoding=\"async\" class=\"wp-image-72969 aligncenter\" src=\"\/2016\/02\/CATCH-7-compressed.jpg\" alt=\"CATCH (7)-compressed\" width=\"558\" height=\"372\" \/><\/a><\/p>\n<p><strong>Pour la 4\u00e8me ann\u00e9e d&rsquo;organisation du gala de catch, la Ligue Nationale de Catch a d\u00e9cid\u00e9 d&rsquo;innover.<\/strong> En effet, les matchs se sont d\u00e9roul\u00e9s par \u00e9quipe et en tirage au sort afin de d\u00e9signer le vainqueur du troph\u00e9e international de l&rsquo;Extr\u00eame combattant. Au total, ce sont 12 catcheurs fran\u00e7ais, belges et irlandais, qui ont fait le show devant plus de 300 spectateurs.<\/p>\n<div id=\"attachment_72955\" style=\"width: 283px\" class=\"wp-caption alignleft\"><a href=\"\/2016\/02\/esmee2.jpg\"><img decoding=\"async\" aria-describedby=\"caption-attachment-72955\" class=\"wp-image-72955\" src=\"\/2016\/02\/esmee2.jpg\" alt=\"esmee2\" width=\"273\" height=\"273\" \/><\/a><p id=\"caption-attachment-72955\" class=\"wp-caption-text\">(La Somptueuse Esm\u00e9e)<\/p><\/div>\n<p>11 catcheurs dont David Michel, l&rsquo;actuel Champion de la Ligue Nationale de Catch et une catcheuse spinalienne, La Somptueuse Esm\u00e9e. \u00ab\u00a0<em>Dans le monde du catch, il n&rsquo;y a pas vraiment de diff\u00e9rence entre les hommes et les femmes, c&rsquo;est un sport mixte.<\/em>\u00a0\u00bb Explique-t-elle. La catcheuse, repr\u00e9sentative d&rsquo;une danseuse orientale et actuelle Championne f\u00e9minine de la Ligue Nationale de Catch, s&rsquo;entraine durement \u00e0 Puttelange-le-Lac, afin d&rsquo; assurer le spectacle tous les week-ends. \u00ab\u00a0<em>J&rsquo;ai une passion pour le catch depuis que je suis petite, elle me vient de mes grands-parents et de mes parents. Je regardais d\u00e9j\u00e0 le catch \u00e0 l&rsquo;\u00e2ge de 4 ans ! Lorsque j&rsquo;ai appris qu&rsquo;il y avait une \u00e9cole de catch \u00e0 Remiremont, je me suis lanc\u00e9e!<\/em>\u00a0\u00bb ajoute Esm\u00e9e.<\/p>\n<p>&nbsp;<\/p>\n<p>La soir\u00e9e a d\u00e9but\u00e9 par une sc\u00e8ne ouverte o\u00f9 les talents locaux ont pu se produire devant un public nombreux. Laura Neu, candidate pour The Voice, a pr\u00e9sent\u00e9 sa derni\u00e8re musique \u00ab\u00a0Eh toi tu t&rsquo;en vas\u00a0\u00bb.<\/p>\n<p>&nbsp;<\/p>\n<p>A.J.<\/p>\n<p>https:\/\/www.youtube.com\/watch?v=x85p5E-NTzQ<\/p>\n\n","protected":false},"excerpt":{"rendered":"<p>Pour la 4\u00e8me ann\u00e9e d&rsquo;organisation du gala de catch, la Ligue Nationale de Catch a d\u00e9cid\u00e9 d&rsquo;innover. En effet, les [&hellip;]<\/p>\n","protected":false},"author":1,"featured_media":2848,"comment_status":"open","ping_status":"open","sticky":false,"template":"","format":"standard","meta":{"footnotes":""},"categories":[29,37,195,14],"tags":[],"class_list":["post-2847","post","type-post","status-publish","format-standard","has-post-thumbnail","hentry","category-a-la-une","category-la-plaine","category-mirecourt-la-plaine","category-sport"],"acf":[],"yoast_head":"<!-- This site is optimized with the Yoast SEO plugin v22.5 - https:\/\/yoast.com\/wordpress\/plugins\/seo\/ -->\n<title>Mirecourt -En images: Gros succ\u00e8s pour le gala de catch - La Plaine des Vosges<\/title>\n<meta name=\"robots\" content=\"index, follow, max-snippet:-1, max-image-preview:large, max-video-preview:-1\" \/>\n<link rel=\"canonical\" href=\"https:\/\/vosgesinfo.fr\/laplainedesvosgesinfo\/2016\/02\/mirecourt-en-images-gros-succes-pour-le-gala-de-catch\/\" \/>\n<meta name=\"twitter:card\" content=\"summary_large_image\" \/>\n<meta name=\"twitter:title\" content=\"Mirecourt -En images: Gros succ\u00e8s pour le gala de catch - La Plaine des Vosges\" \/>\n<meta name=\"twitter:description\" content=\"Pour la 4\u00e8me ann\u00e9e d&rsquo;organisation du gala de catch, la Ligue Nationale de Catch a d\u00e9cid\u00e9 d&rsquo;innover. En effet, les [&hellip;]\" \/>\n<meta name=\"twitter:image\" content=\"https:\/\/vosgesinfo.fr\/app\/uploads\/sites\/2\/2024\/06\/201602catch-7-compressed.jpg\" \/>\n<meta name=\"twitter:creator\" content=\"@VosgesInfo88\" \/>\n<meta name=\"twitter:site\" content=\"@VosgesInfo88\" \/>\n<meta name=\"twitter:label1\" content=\"\u00c9crit par\" \/>\n\t<meta name=\"twitter:data1\" content=\"qs_admin\" \/>\n\t<meta name=\"twitter:label2\" content=\"Dur\u00e9e de lecture estim\u00e9e\" \/>\n\t<meta name=\"twitter:data2\" content=\"1 minute\" \/>\n<script type=\"application\/ld+json\" class=\"yoast-schema-graph\">{\"@context\":\"https:\/\/schema.org\",\"@graph\":[{\"@type\":\"Article\",\"@id\":\"https:\/\/vosgesinfo.fr\/laplainedesvosgesinfo\/2016\/02\/mirecourt-en-images-gros-succes-pour-le-gala-de-catch\/#article\",\"isPartOf\":{\"@id\":\"https:\/\/vosgesinfo.fr\/laplainedesvosgesinfo\/2016\/02\/mirecourt-en-images-gros-succes-pour-le-gala-de-catch\/\"},\"author\":{\"name\":\"qs_admin\",\"@id\":\"https:\/\/vosgesinfo.fr\/laplainedesvosgesinfo\/#\/schema\/person\/bc5d02d71e6932e81b6dadb7386667b1\"},\"headline\":\"Mirecourt -En images: Gros succ\u00e8s pour le gala de catch\",\"datePublished\":\"2016-02-20T14:20:51+00:00\",\"dateModified\":\"2016-02-20T14:20:51+00:00\",\"mainEntityOfPage\":{\"@id\":\"https:\/\/vosgesinfo.fr\/laplainedesvosgesinfo\/2016\/02\/mirecourt-en-images-gros-succes-pour-le-gala-de-catch\/\"},\"wordCount\":289,\"commentCount\":0,\"publisher\":{\"@id\":\"https:\/\/vosgesinfo.fr\/laplainedesvosgesinfo\/#organization\"},\"image\":{\"@id\":\"https:\/\/vosgesinfo.fr\/laplainedesvosgesinfo\/2016\/02\/mirecourt-en-images-gros-succes-pour-le-gala-de-catch\/#primaryimage\"},\"thumbnailUrl\":\"https:\/\/vosgesinfo.fr\/app\/uploads\/sites\/2\/2024\/06\/201602catch-7-compressed.jpg\",\"articleSection\":[\"A la Une\",\"La Plaine\",\"Mirecourt\",\"Sport\"],\"inLanguage\":\"fr-FR\",\"potentialAction\":[{\"@type\":\"CommentAction\",\"name\":\"Comment\",\"target\":[\"https:\/\/vosgesinfo.fr\/laplainedesvosgesinfo\/2016\/02\/mirecourt-en-images-gros-succes-pour-le-gala-de-catch\/#respond\"]}]},{\"@type\":\"WebPage\",\"@id\":\"https:\/\/vosgesinfo.fr\/laplainedesvosgesinfo\/2016\/02\/mirecourt-en-images-gros-succes-pour-le-gala-de-catch\/\",\"url\":\"https:\/\/vosgesinfo.fr\/laplainedesvosgesinfo\/2016\/02\/mirecourt-en-images-gros-succes-pour-le-gala-de-catch\/\",\"name\":\"Mirecourt -En images: Gros succ\u00e8s pour le gala de catch - La Plaine des Vosges\",\"isPartOf\":{\"@id\":\"https:\/\/vosgesinfo.fr\/laplainedesvosgesinfo\/#website\"},\"primaryImageOfPage\":{\"@id\":\"https:\/\/vosgesinfo.fr\/laplainedesvosgesinfo\/2016\/02\/mirecourt-en-images-gros-succes-pour-le-gala-de-catch\/#primaryimage\"},\"image\":{\"@id\":\"https:\/\/vosgesinfo.fr\/laplainedesvosgesinfo\/2016\/02\/mirecourt-en-images-gros-succes-pour-le-gala-de-catch\/#primaryimage\"},\"thumbnailUrl\":\"https:\/\/vosgesinfo.fr\/app\/uploads\/sites\/2\/2024\/06\/201602catch-7-compressed.jpg\",\"datePublished\":\"2016-02-20T14:20:51+00:00\",\"dateModified\":\"2016-02-20T14:20:51+00:00\",\"breadcrumb\":{\"@id\":\"https:\/\/vosgesinfo.fr\/laplainedesvosgesinfo\/2016\/02\/mirecourt-en-images-gros-succes-pour-le-gala-de-catch\/#breadcrumb\"},\"inLanguage\":\"fr-FR\",\"potentialAction\":[{\"@type\":\"ReadAction\",\"target\":[\"https:\/\/vosgesinfo.fr\/laplainedesvosgesinfo\/2016\/02\/mirecourt-en-images-gros-succes-pour-le-gala-de-catch\/\"]}]},{\"@type\":\"ImageObject\",\"inLanguage\":\"fr-FR\",\"@id\":\"https:\/\/vosgesinfo.fr\/laplainedesvosgesinfo\/2016\/02\/mirecourt-en-images-gros-succes-pour-le-gala-de-catch\/#primaryimage\",\"url\":\"https:\/\/vosgesinfo.fr\/app\/uploads\/sites\/2\/2024\/06\/201602catch-7-compressed.jpg\",\"contentUrl\":\"https:\/\/vosgesinfo.fr\/app\/uploads\/sites\/2\/2024\/06\/201602catch-7-compressed.jpg\",\"width\":800,\"height\":534},{\"@type\":\"BreadcrumbList\",\"@id\":\"https:\/\/vosgesinfo.fr\/laplainedesvosgesinfo\/2016\/02\/mirecourt-en-images-gros-succes-pour-le-gala-de-catch\/#breadcrumb\",\"itemListElement\":[{\"@type\":\"ListItem\",\"position\":1,\"name\":\"Home\",\"item\":\"https:\/\/vosgesinfo.fr\/laplainedesvosgesinfo\/\"},{\"@type\":\"ListItem\",\"position\":2,\"name\":\"Mirecourt -En images: Gros succ\u00e8s pour le gala de catch\"}]},{\"@type\":\"WebSite\",\"@id\":\"https:\/\/vosgesinfo.fr\/laplainedesvosgesinfo\/#website\",\"url\":\"https:\/\/vosgesinfo.fr\/laplainedesvosgesinfo\/\",\"name\":\"La Plaine des Vosges\",\"description\":\"Toute l&#039;actualit\u00e9 de la plaine de Vosges\",\"publisher\":{\"@id\":\"https:\/\/vosgesinfo.fr\/laplainedesvosgesinfo\/#organization\"},\"alternateName\":\"Toute l'actualit\u00e9 de la plaine des Vosges\",\"potentialAction\":[{\"@type\":\"SearchAction\",\"target\":{\"@type\":\"EntryPoint\",\"urlTemplate\":\"https:\/\/vosgesinfo.fr\/laplainedesvosgesinfo\/?s={search_term_string}\"},\"query-input\":\"required name=search_term_string\"}],\"inLanguage\":\"fr-FR\"},{\"@type\":\"Organization\",\"@id\":\"https:\/\/vosgesinfo.fr\/laplainedesvosgesinfo\/#organization\",\"name\":\"La Plaine des Vosges\",\"url\":\"https:\/\/vosgesinfo.fr\/laplainedesvosgesinfo\/\",\"logo\":{\"@type\":\"ImageObject\",\"inLanguage\":\"fr-FR\",\"@id\":\"https:\/\/vosgesinfo.fr\/laplainedesvosgesinfo\/#\/schema\/logo\/image\/\",\"url\":\"https:\/\/vosgesinfo.fr\/app\/uploads\/sites\/2\/2023\/08\/logo-laplaineinfo.svg\",\"contentUrl\":\"https:\/\/vosgesinfo.fr\/app\/uploads\/sites\/2\/2023\/08\/logo-laplaineinfo.svg\",\"width\":1,\"height\":1,\"caption\":\"La Plaine des Vosges\"},\"image\":{\"@id\":\"https:\/\/vosgesinfo.fr\/laplainedesvosgesinfo\/#\/schema\/logo\/image\/\"},\"sameAs\":[\"https:\/\/www.facebook.com\/laplainedesvosges\",\"https:\/\/x.com\/VosgesInfo88\",\"https:\/\/www.youtube.com\/@vosgesinfo\"]},{\"@type\":\"Person\",\"@id\":\"https:\/\/vosgesinfo.fr\/laplainedesvosgesinfo\/#\/schema\/person\/bc5d02d71e6932e81b6dadb7386667b1\",\"name\":\"qs_admin\",\"image\":{\"@type\":\"ImageObject\",\"inLanguage\":\"fr-FR\",\"@id\":\"https:\/\/vosgesinfo.fr\/laplainedesvosgesinfo\/#\/schema\/person\/image\/\",\"url\":\"https:\/\/secure.gravatar.com\/avatar\/94b18ee0ed79e4a42ea2f2931277b6841a8999fc6fde214600c78057cf1fe1de?s=96&d=mm&r=g\",\"contentUrl\":\"https:\/\/secure.gravatar.com\/avatar\/94b18ee0ed79e4a42ea2f2931277b6841a8999fc6fde214600c78057cf1fe1de?s=96&d=mm&r=g\",\"caption\":\"qs_admin\"},\"sameAs\":[\"https:\/\/vosgesinfo.fr\/wp\"],\"url\":\"https:\/\/vosgesinfo.fr\/laplainedesvosgesinfo\/author\/qs_admin\/\"}]}<\/script>\n<!-- \/ Yoast SEO plugin. -->","yoast_head_json":{"title":"Mirecourt -En images: Gros succ\u00e8s pour le gala de catch - La Plaine des Vosges","robots":{"index":"index","follow":"follow","max-snippet":"max-snippet:-1","max-image-preview":"max-image-preview:large","max-video-preview":"max-video-preview:-1"},"canonical":"https:\/\/vosgesinfo.fr\/laplainedesvosgesinfo\/2016\/02\/mirecourt-en-images-gros-succes-pour-le-gala-de-catch\/","twitter_card":"summary_large_image","twitter_title":"Mirecourt -En images: Gros succ\u00e8s pour le gala de catch - La Plaine des Vosges","twitter_description":"Pour la 4\u00e8me ann\u00e9e d&rsquo;organisation du gala de catch, la Ligue Nationale de Catch a d\u00e9cid\u00e9 d&rsquo;innover. En effet, les [&hellip;]","twitter_image":"https:\/\/vosgesinfo.fr\/app\/uploads\/sites\/2\/2024\/06\/201602catch-7-compressed.jpg","twitter_creator":"@VosgesInfo88","twitter_site":"@VosgesInfo88","twitter_misc":{"\u00c9crit par":"qs_admin","Dur\u00e9e de lecture estim\u00e9e":"1 minute"},"schema":{"@context":"https:\/\/schema.org","@graph":[{"@type":"Article","@id":"https:\/\/vosgesinfo.fr\/laplainedesvosgesinfo\/2016\/02\/mirecourt-en-images-gros-succes-pour-le-gala-de-catch\/#article","isPartOf":{"@id":"https:\/\/vosgesinfo.fr\/laplainedesvosgesinfo\/2016\/02\/mirecourt-en-images-gros-succes-pour-le-gala-de-catch\/"},"author":{"name":"qs_admin","@id":"https:\/\/vosgesinfo.fr\/laplainedesvosgesinfo\/#\/schema\/person\/bc5d02d71e6932e81b6dadb7386667b1"},"headline":"Mirecourt -En images: Gros succ\u00e8s pour le gala de catch","datePublished":"2016-02-20T14:20:51+00:00","dateModified":"2016-02-20T14:20:51+00:00","mainEntityOfPage":{"@id":"https:\/\/vosgesinfo.fr\/laplainedesvosgesinfo\/2016\/02\/mirecourt-en-images-gros-succes-pour-le-gala-de-catch\/"},"wordCount":289,"commentCount":0,"publisher":{"@id":"https:\/\/vosgesinfo.fr\/laplainedesvosgesinfo\/#organization"},"image":{"@id":"https:\/\/vosgesinfo.fr\/laplainedesvosgesinfo\/2016\/02\/mirecourt-en-images-gros-succes-pour-le-gala-de-catch\/#primaryimage"},"thumbnailUrl":"https:\/\/vosgesinfo.fr\/app\/uploads\/sites\/2\/2024\/06\/201602catch-7-compressed.jpg","articleSection":["A la Une","La Plaine","Mirecourt","Sport"],"inLanguage":"fr-FR","potentialAction":[{"@type":"CommentAction","name":"Comment","target":["https:\/\/vosgesinfo.fr\/laplainedesvosgesinfo\/2016\/02\/mirecourt-en-images-gros-succes-pour-le-gala-de-catch\/#respond"]}]},{"@type":"WebPage","@id":"https:\/\/vosgesinfo.fr\/laplainedesvosgesinfo\/2016\/02\/mirecourt-en-images-gros-succes-pour-le-gala-de-catch\/","url":"https:\/\/vosgesinfo.fr\/laplainedesvosgesinfo\/2016\/02\/mirecourt-en-images-gros-succes-pour-le-gala-de-catch\/","name":"Mirecourt -En images: Gros succ\u00e8s pour le gala de catch - La Plaine des Vosges","isPartOf":{"@id":"https:\/\/vosgesinfo.fr\/laplainedesvosgesinfo\/#website"},"primaryImageOfPage":{"@id":"https:\/\/vosgesinfo.fr\/laplainedesvosgesinfo\/2016\/02\/mirecourt-en-images-gros-succes-pour-le-gala-de-catch\/#primaryimage"},"image":{"@id":"https:\/\/vosgesinfo.fr\/laplainedesvosgesinfo\/2016\/02\/mirecourt-en-images-gros-succes-pour-le-gala-de-catch\/#primaryimage"},"thumbnailUrl":"https:\/\/vosgesinfo.fr\/app\/uploads\/sites\/2\/2024\/06\/201602catch-7-compressed.jpg","datePublished":"2016-02-20T14:20:51+00:00","dateModified":"2016-02-20T14:20:51+00:00","breadcrumb":{"@id":"https:\/\/vosgesinfo.fr\/laplainedesvosgesinfo\/2016\/02\/mirecourt-en-images-gros-succes-pour-le-gala-de-catch\/#breadcrumb"},"inLanguage":"fr-FR","potentialAction":[{"@type":"ReadAction","target":["https:\/\/vosgesinfo.fr\/laplainedesvosgesinfo\/2016\/02\/mirecourt-en-images-gros-succes-pour-le-gala-de-catch\/"]}]},{"@type":"ImageObject","inLanguage":"fr-FR","@id":"https:\/\/vosgesinfo.fr\/laplainedesvosgesinfo\/2016\/02\/mirecourt-en-images-gros-succes-pour-le-gala-de-catch\/#primaryimage","url":"https:\/\/vosgesinfo.fr\/app\/uploads\/sites\/2\/2024\/06\/201602catch-7-compressed.jpg","contentUrl":"https:\/\/vosgesinfo.fr\/app\/uploads\/sites\/2\/2024\/06\/201602catch-7-compressed.jpg","width":800,"height":534},{"@type":"BreadcrumbList","@id":"https:\/\/vosgesinfo.fr\/laplainedesvosgesinfo\/2016\/02\/mirecourt-en-images-gros-succes-pour-le-gala-de-catch\/#breadcrumb","itemListElement":[{"@type":"ListItem","position":1,"name":"Home","item":"https:\/\/vosgesinfo.fr\/laplainedesvosgesinfo\/"},{"@type":"ListItem","position":2,"name":"Mirecourt -En images: Gros succ\u00e8s pour le gala de catch"}]},{"@type":"WebSite","@id":"https:\/\/vosgesinfo.fr\/laplainedesvosgesinfo\/#website","url":"https:\/\/vosgesinfo.fr\/laplainedesvosgesinfo\/","name":"La Plaine des Vosges","description":"Toute l&#039;actualit\u00e9 de la plaine de Vosges","publisher":{"@id":"https:\/\/vosgesinfo.fr\/laplainedesvosgesinfo\/#organization"},"alternateName":"Toute l'actualit\u00e9 de la plaine des Vosges","potentialAction":[{"@type":"SearchAction","target":{"@type":"EntryPoint","urlTemplate":"https:\/\/vosgesinfo.fr\/laplainedesvosgesinfo\/?s={search_term_string}"},"query-input":"required name=search_term_string"}],"inLanguage":"fr-FR"},{"@type":"Organization","@id":"https:\/\/vosgesinfo.fr\/laplainedesvosgesinfo\/#organization","name":"La Plaine des Vosges","url":"https:\/\/vosgesinfo.fr\/laplainedesvosgesinfo\/","logo":{"@type":"ImageObject","inLanguage":"fr-FR","@id":"https:\/\/vosgesinfo.fr\/laplainedesvosgesinfo\/#\/schema\/logo\/image\/","url":"https:\/\/vosgesinfo.fr\/app\/uploads\/sites\/2\/2023\/08\/logo-laplaineinfo.svg","contentUrl":"https:\/\/vosgesinfo.fr\/app\/uploads\/sites\/2\/2023\/08\/logo-laplaineinfo.svg","width":1,"height":1,"caption":"La Plaine des Vosges"},"image":{"@id":"https:\/\/vosgesinfo.fr\/laplainedesvosgesinfo\/#\/schema\/logo\/image\/"},"sameAs":["https:\/\/www.facebook.com\/laplainedesvosges","https:\/\/x.com\/VosgesInfo88","https:\/\/www.youtube.com\/@vosgesinfo"]},{"@type":"Person","@id":"https:\/\/vosgesinfo.fr\/laplainedesvosgesinfo\/#\/schema\/person\/bc5d02d71e6932e81b6dadb7386667b1","name":"qs_admin","image":{"@type":"ImageObject","inLanguage":"fr-FR","@id":"https:\/\/vosgesinfo.fr\/laplainedesvosgesinfo\/#\/schema\/person\/image\/","url":"https:\/\/secure.gravatar.com\/avatar\/94b18ee0ed79e4a42ea2f2931277b6841a8999fc6fde214600c78057cf1fe1de?s=96&d=mm&r=g","contentUrl":"https:\/\/secure.gravatar.com\/avatar\/94b18ee0ed79e4a42ea2f2931277b6841a8999fc6fde214600c78057cf1fe1de?s=96&d=mm&r=g","caption":"qs_admin"},"sameAs":["https:\/\/vosgesinfo.fr\/wp"],"url":"https:\/\/vosgesinfo.fr\/laplainedesvosgesinfo\/author\/qs_admin\/"}]}},"_links":{"self":[{"href":"https:\/\/vosgesinfo.fr\/laplainedesvosgesinfo\/wp-json\/wp\/v2\/posts\/2847","targetHints":{"allow":["GET"]}}],"collection":[{"href":"https:\/\/vosgesinfo.fr\/laplainedesvosgesinfo\/wp-json\/wp\/v2\/posts"}],"about":[{"href":"https:\/\/vosgesinfo.fr\/laplainedesvosgesinfo\/wp-json\/wp\/v2\/types\/post"}],"author":[{"embeddable":true,"href":"https:\/\/vosgesinfo.fr\/laplainedesvosgesinfo\/wp-json\/wp\/v2\/users\/1"}],"replies":[{"embeddable":true,"href":"https:\/\/vosgesinfo.fr\/laplainedesvosgesinfo\/wp-json\/wp\/v2\/comments?post=2847"}],"version-history":[{"count":0,"href":"https:\/\/vosgesinfo.fr\/laplainedesvosgesinfo\/wp-json\/wp\/v2\/posts\/2847\/revisions"}],"wp:featuredmedia":[{"embeddable":true,"href":"https:\/\/vosgesinfo.fr\/laplainedesvosgesinfo\/wp-json\/wp\/v2\/media\/2848"}],"wp:attachment":[{"href":"https:\/\/vosgesinfo.fr\/laplainedesvosgesinfo\/wp-json\/wp\/v2\/media?parent=2847"}],"wp:term":[{"taxonomy":"category","embeddable":true,"href":"https:\/\/vosgesinfo.fr\/laplainedesvosgesinfo\/wp-json\/wp\/v2\/categories?post=2847"},{"taxonomy":"post_tag","embeddable":true,"href":"https:\/\/vosgesinfo.fr\/laplainedesvosgesinfo\/wp-json\/wp\/v2\/tags?post=2847"}],"curies":[{"name":"wp","href":"https:\/\/api.w.org\/{rel}","templated":true}]}}