{"id":28510,"date":"2025-02-02T23:53:48","date_gmt":"2025-02-02T22:53:48","guid":{"rendered":"https:\/\/vosgesinfo.fr\/laplainedesvosgesinfo\/2025\/02\/festival-international-du-film-fantastique-un-grand-prix-sans-concession\/"},"modified":"2025-02-02T23:53:48","modified_gmt":"2025-02-02T22:53:48","slug":"festival-international-du-film-fantastique-un-grand-prix-sans-concession","status":"publish","type":"post","link":"https:\/\/vosgesinfo.fr\/laplainedesvosgesinfo\/2025\/02\/festival-international-du-film-fantastique-un-grand-prix-sans-concession\/","title":{"rendered":"Festival International du Film Fantastique &#8211; un grand prix sans concession"},"content":{"rendered":"<div id=\"attachment_73815\" style=\"width: 1034px\" class=\"wp-caption aligncenter\"><a href=\"https:\/\/vosgesinfo.fr\/app\/uploads\/sites\/6\/2025\/02\/cloture-festival-du-film-fantastique-gerardmer-1.jpg\"><img decoding=\"async\" aria-describedby=\"caption-attachment-73815\" class=\"size-large wp-image-73815\" src=\"https:\/\/vosgesinfo.fr\/app\/uploads\/sites\/6\/2025\/02\/cloture-festival-du-film-fantastique-gerardmer-1-1024x768.jpg\" alt=\"\" width=\"1024\" height=\"768\" \/><\/a><p id=\"caption-attachment-73815\" class=\"wp-caption-text\">Carolyn Bracken, Pedro-Martin Calero et Akim Atoui<\/p><\/div>\n\n\t\t<style type=\"text\/css\">\n\t\t\t#gallery-1 {\n\t\t\t\tmargin: auto;\n\t\t\t}\n\t\t\t#gallery-1 .gallery-item {\n\t\t\t\tfloat: left;\n\t\t\t\tmargin-top: 10px;\n\t\t\t\ttext-align: center;\n\t\t\t\twidth: 33%;\n\t\t\t}\n\t\t\t#gallery-1 img {\n\t\t\t\tborder: 2px solid #cfcfcf;\n\t\t\t}\n\t\t\t#gallery-1 .gallery-caption {\n\t\t\t\tmargin-left: 0;\n\t\t\t}\n\t\t\t\/* see gallery_shortcode() in wp-includes\/media.php *\/\n\t\t<\/style>\n\t\t<div id='gallery-1' class='gallery galleryid-28510 gallery-columns-3 gallery-size-thumbnail'><dl class='gallery-item'>\n\t\t\t<dt class='gallery-icon landscape'>\n\t\t\t\t<a href='https:\/\/vosgesinfo.fr\/app\/uploads\/sites\/2\/2025\/02\/cloture-festival-du-film-fantastique-gerardmer-6.jpg'><img decoding=\"async\" width=\"150\" height=\"150\" src=\"https:\/\/vosgesinfo.fr\/app\/uploads\/sites\/2\/2025\/02\/cloture-festival-du-film-fantastique-gerardmer-6-150x150.jpg\" class=\"attachment-thumbnail size-thumbnail\" alt=\"\" \/><\/a>\n\t\t\t<\/dt><\/dl><dl class='gallery-item'>\n\t\t\t<dt class='gallery-icon landscape'>\n\t\t\t\t<a href='https:\/\/vosgesinfo.fr\/app\/uploads\/sites\/2\/2025\/02\/cloture-festival-du-film-fantastique-gerardmer-5.jpg'><img decoding=\"async\" width=\"150\" height=\"150\" src=\"https:\/\/vosgesinfo.fr\/app\/uploads\/sites\/2\/2025\/02\/cloture-festival-du-film-fantastique-gerardmer-5-150x150.jpg\" class=\"attachment-thumbnail size-thumbnail\" alt=\"\" \/><\/a>\n\t\t\t<\/dt><\/dl><dl class='gallery-item'>\n\t\t\t<dt class='gallery-icon portrait'>\n\t\t\t\t<a href='https:\/\/vosgesinfo.fr\/app\/uploads\/sites\/2\/2025\/02\/cloture-festival-du-film-fantastique-gerardmer-4.jpg'><img decoding=\"async\" width=\"150\" height=\"150\" src=\"https:\/\/vosgesinfo.fr\/app\/uploads\/sites\/2\/2025\/02\/cloture-festival-du-film-fantastique-gerardmer-4-150x150.jpg\" class=\"attachment-thumbnail size-thumbnail\" alt=\"\" \/><\/a>\n\t\t\t<\/dt><\/dl><br style=\"clear: both\" \/><dl class='gallery-item'>\n\t\t\t<dt class='gallery-icon landscape'>\n\t\t\t\t<a href='https:\/\/vosgesinfo.fr\/app\/uploads\/sites\/2\/2025\/02\/cloture-festival-du-film-fantastique-gerardmer-2.jpg'><img decoding=\"async\" width=\"150\" height=\"150\" src=\"https:\/\/vosgesinfo.fr\/app\/uploads\/sites\/2\/2025\/02\/cloture-festival-du-film-fantastique-gerardmer-2-150x150.jpg\" class=\"attachment-thumbnail size-thumbnail\" alt=\"\" \/><\/a>\n\t\t\t<\/dt><\/dl>\n\t\t\t<br style='clear: both' \/>\n\t\t<\/div>\n\n<p>Clap de fin pour le 32e Festival international du Film fantastique de G\u00e9rardmer avec une petite surprise pour me grand prix attribu\u00e9 cette ann\u00e9e \u00e0 IN A VIOLENT NATURE de Chris Nash (Canada). Un film sans concession, \u00e0 la crois\u00e9e des chemins en mati\u00e8re d&rsquo;inspiration, et qui a eu les faveurs du jury pr\u00e9sid\u00e9 par Vimala Pons, entour\u00e9e de Vladimir Cauchemar, J\u00e9r\u00e9my Clapin, Clotilde Hesme, William Lebghil, Caroline Poggi &amp; Jonathan Vinel.<\/p>\n<p>A noter que le prix du public, avec pas moins de 12 441 votants, a \u00e9t\u00e9 attribu\u00e9 \u00e0 ODDITY de Damian MacCarthy, repr\u00e9sent\u00e9 par l&rsquo;actrice principale du film Irlandais Carolyn Barcken. THE WAILING de Pedro Martin Calero, film argentin, remporte le prix de a critique et du jury jeunes de la R\u00e9gion Grand Est.<\/p>\n<p><strong>Le palmar\u00e8s :<\/strong><\/p>\n<p>Grand Prix<br \/>\nSoutenu par la R\u00e9gion Grand Est<br \/>\nIN A VIOLENT NATURE de Chris Nash (Canada)<br \/>\n(distribution France : Mediawan Rights \/ Insomnia )<br \/>\nDisponible le 1er mars 2025 sur Insomnia<\/p>\n<p>Prix du Jury<br \/>\nRUMORS de Guy Maddin, Evan Johnson &amp; Galen Johnson (Allemange &amp; Canada)<br \/>\n(distribution France : Potemkine &amp; ED Distribution)<br \/>\nSortie : 7 mai 2025<\/p>\n<p>Prix du Jury<br \/>\nEXHUMA de Jang Jae-Huyn (Cor\u00e9e du Sud)<br \/>\n(distribution France :The Jokers Films)<br \/>\nSortie fran\u00e7aise : Prochainement<\/p>\n<p>Prix de la Critique<br \/>\nTHE WAILING de Pedro Mart\u00edn Calero (Argentine, Espagne, France)<br \/>\n(distribution : Paname Distribution)<br \/>\nSortie fran\u00e7aise : 7 mai 2025<\/p>\n<p>Prix du Public<br \/>\nsoutenu par la Ville de G\u00e9rardmer<br \/>\nODDITY de Damian McCarthy (Irlande &amp; \u00c9tats-unis)<br \/>\n(distribution : Mediawan rights \/ Insomnia)<br \/>\nDisponible le 3 f\u00e9vrier 2025 sur Insomnia<\/p>\n<p>Prix du jury jeunes de la R\u00e9gion Grand Est<br \/>\nTHE WAILING de Pedro Mart\u00edn Calero (Argentine, Espagne, France)<br \/>\n(distribution : Paname Distribution)<\/p>\n<p>Le Jury courts m\u00e9trages de la 32e \u00e9dition du Festival international du film fantastique de<br \/>\nG\u00e9rardmer, pr\u00e9sid\u00e9 par Emma Benestan, compos\u00e9 de Olivier Afonso, Emma Chevalier,<br \/>\nTh\u00e9o Cholbi et Tiphaine Daviot a d\u00e9cern\u00e9 le prix suivant :<\/p>\n<p><a href=\"https:\/\/vosgesinfo.fr\/app\/uploads\/sites\/6\/2025\/02\/cloture-festival-du-film-fantastique-gerardmer-3.jpg\"><img decoding=\"async\" class=\"alignright size-medium wp-image-73817\" src=\"https:\/\/vosgesinfo.fr\/app\/uploads\/sites\/6\/2025\/02\/cloture-festival-du-film-fantastique-gerardmer-3-300x225.jpg\" alt=\"\" width=\"300\" height=\"225\" \/><\/a>Grand Prix du court m\u00e9trage<br \/>\nLES LIENS DU SANG de Hakim Atoui (France &amp; Belgique)<br \/>\n(distribution France : Manifest)<\/p>\n<p>INSOMNIA, un service de streaming Mediawan offre la diffusion en 2025 du Grand Prix<br \/>\ndu court m\u00e9trage. BLACK SWAN TALES, producteur de films de genre du Groupe<br \/>\nMediawan accompagnera le d\u00e9veloppement du projet en long m\u00e9trage.<\/p>\n","protected":false},"excerpt":{"rendered":"<p>Clap de fin pour le 32e Festival international du Film fantastique de G\u00e9rardmer avec une petite surprise pour me grand [&hellip;]<\/p>\n","protected":false},"author":42,"featured_media":28511,"comment_status":"open","ping_status":"open","sticky":false,"template":"","format":"standard","meta":{"footnotes":""},"categories":[29,383,294,380,381,384],"tags":[],"class_list":["post-28510","post","type-post","status-publish","format-standard","has-post-thumbnail","hentry","category-a-la-une","category-epinal","category-gerardmer","category-la-plaine-des-vosges","category-remiremont","category-saint-die"],"acf":[],"yoast_head":"<!-- This site is optimized with the Yoast SEO plugin v22.5 - https:\/\/yoast.com\/wordpress\/plugins\/seo\/ -->\n<title>Festival International du Film Fantastique - un grand prix sans concession - La Plaine des Vosges<\/title>\n<meta name=\"robots\" content=\"index, follow, max-snippet:-1, max-image-preview:large, max-video-preview:-1\" \/>\n<link rel=\"canonical\" href=\"https:\/\/vosgesinfo.fr\/laplainedesvosgesinfo\/2025\/02\/festival-international-du-film-fantastique-un-grand-prix-sans-concession\/\" \/>\n<meta name=\"twitter:card\" content=\"summary_large_image\" \/>\n<meta name=\"twitter:title\" content=\"Festival International du Film Fantastique - un grand prix sans concession - La Plaine des Vosges\" \/>\n<meta name=\"twitter:description\" content=\"Clap de fin pour le 32e Festival international du Film fantastique de G\u00e9rardmer avec une petite surprise pour me grand [&hellip;]\" \/>\n<meta name=\"twitter:image\" content=\"https:\/\/vosgesinfo.fr\/app\/uploads\/sites\/2\/2025\/02\/cloture-festival-du-film-fantastique-gerardmer-1.jpg\" \/>\n<meta name=\"twitter:creator\" content=\"@VosgesInfo88\" \/>\n<meta name=\"twitter:site\" content=\"@VosgesInfo88\" \/>\n<meta name=\"twitter:label1\" content=\"\u00c9crit par\" \/>\n\t<meta name=\"twitter:data1\" content=\"QG\" \/>\n\t<meta name=\"twitter:label2\" content=\"Dur\u00e9e de lecture estim\u00e9e\" \/>\n\t<meta name=\"twitter:data2\" content=\"2 minutes\" \/>\n<script type=\"application\/ld+json\" class=\"yoast-schema-graph\">{\"@context\":\"https:\/\/schema.org\",\"@graph\":[{\"@type\":\"Article\",\"@id\":\"https:\/\/vosgesinfo.fr\/laplainedesvosgesinfo\/2025\/02\/festival-international-du-film-fantastique-un-grand-prix-sans-concession\/#article\",\"isPartOf\":{\"@id\":\"https:\/\/vosgesinfo.fr\/laplainedesvosgesinfo\/2025\/02\/festival-international-du-film-fantastique-un-grand-prix-sans-concession\/\"},\"author\":{\"name\":\"QG\",\"@id\":\"https:\/\/vosgesinfo.fr\/laplainedesvosgesinfo\/#\/schema\/person\/db5605779a843dad16b5368f3e7613a5\"},\"headline\":\"Festival International du Film Fantastique &#8211; un grand prix sans concession\",\"datePublished\":\"2025-02-02T22:53:48+00:00\",\"dateModified\":\"2025-02-02T22:53:48+00:00\",\"mainEntityOfPage\":{\"@id\":\"https:\/\/vosgesinfo.fr\/laplainedesvosgesinfo\/2025\/02\/festival-international-du-film-fantastique-un-grand-prix-sans-concession\/\"},\"wordCount\":405,\"commentCount\":0,\"publisher\":{\"@id\":\"https:\/\/vosgesinfo.fr\/laplainedesvosgesinfo\/#organization\"},\"image\":{\"@id\":\"https:\/\/vosgesinfo.fr\/laplainedesvosgesinfo\/2025\/02\/festival-international-du-film-fantastique-un-grand-prix-sans-concession\/#primaryimage\"},\"thumbnailUrl\":\"https:\/\/vosgesinfo.fr\/app\/uploads\/sites\/2\/2025\/02\/cloture-festival-du-film-fantastique-gerardmer-1.jpg\",\"articleSection\":[\"A la Une\",\"Epinal\",\"G\u00e9rardmer\",\"La plaine des vosges\",\"Remiremont\",\"Saint-di\u00e9\"],\"inLanguage\":\"fr-FR\",\"potentialAction\":[{\"@type\":\"CommentAction\",\"name\":\"Comment\",\"target\":[\"https:\/\/vosgesinfo.fr\/laplainedesvosgesinfo\/2025\/02\/festival-international-du-film-fantastique-un-grand-prix-sans-concession\/#respond\"]}]},{\"@type\":\"WebPage\",\"@id\":\"https:\/\/vosgesinfo.fr\/laplainedesvosgesinfo\/2025\/02\/festival-international-du-film-fantastique-un-grand-prix-sans-concession\/\",\"url\":\"https:\/\/vosgesinfo.fr\/laplainedesvosgesinfo\/2025\/02\/festival-international-du-film-fantastique-un-grand-prix-sans-concession\/\",\"name\":\"Festival International du Film Fantastique - un grand prix sans concession - La Plaine des Vosges\",\"isPartOf\":{\"@id\":\"https:\/\/vosgesinfo.fr\/laplainedesvosgesinfo\/#website\"},\"primaryImageOfPage\":{\"@id\":\"https:\/\/vosgesinfo.fr\/laplainedesvosgesinfo\/2025\/02\/festival-international-du-film-fantastique-un-grand-prix-sans-concession\/#primaryimage\"},\"image\":{\"@id\":\"https:\/\/vosgesinfo.fr\/laplainedesvosgesinfo\/2025\/02\/festival-international-du-film-fantastique-un-grand-prix-sans-concession\/#primaryimage\"},\"thumbnailUrl\":\"https:\/\/vosgesinfo.fr\/app\/uploads\/sites\/2\/2025\/02\/cloture-festival-du-film-fantastique-gerardmer-1.jpg\",\"datePublished\":\"2025-02-02T22:53:48+00:00\",\"dateModified\":\"2025-02-02T22:53:48+00:00\",\"breadcrumb\":{\"@id\":\"https:\/\/vosgesinfo.fr\/laplainedesvosgesinfo\/2025\/02\/festival-international-du-film-fantastique-un-grand-prix-sans-concession\/#breadcrumb\"},\"inLanguage\":\"fr-FR\",\"potentialAction\":[{\"@type\":\"ReadAction\",\"target\":[\"https:\/\/vosgesinfo.fr\/laplainedesvosgesinfo\/2025\/02\/festival-international-du-film-fantastique-un-grand-prix-sans-concession\/\"]}]},{\"@type\":\"ImageObject\",\"inLanguage\":\"fr-FR\",\"@id\":\"https:\/\/vosgesinfo.fr\/laplainedesvosgesinfo\/2025\/02\/festival-international-du-film-fantastique-un-grand-prix-sans-concession\/#primaryimage\",\"url\":\"https:\/\/vosgesinfo.fr\/app\/uploads\/sites\/2\/2025\/02\/cloture-festival-du-film-fantastique-gerardmer-1.jpg\",\"contentUrl\":\"https:\/\/vosgesinfo.fr\/app\/uploads\/sites\/2\/2025\/02\/cloture-festival-du-film-fantastique-gerardmer-1.jpg\",\"width\":2040,\"height\":1530},{\"@type\":\"BreadcrumbList\",\"@id\":\"https:\/\/vosgesinfo.fr\/laplainedesvosgesinfo\/2025\/02\/festival-international-du-film-fantastique-un-grand-prix-sans-concession\/#breadcrumb\",\"itemListElement\":[{\"@type\":\"ListItem\",\"position\":1,\"name\":\"Home\",\"item\":\"https:\/\/vosgesinfo.fr\/laplainedesvosgesinfo\/\"},{\"@type\":\"ListItem\",\"position\":2,\"name\":\"Festival International du Film Fantastique &#8211; un grand prix sans concession\"}]},{\"@type\":\"WebSite\",\"@id\":\"https:\/\/vosgesinfo.fr\/laplainedesvosgesinfo\/#website\",\"url\":\"https:\/\/vosgesinfo.fr\/laplainedesvosgesinfo\/\",\"name\":\"La Plaine des Vosges\",\"description\":\"Toute l&#039;actualit\u00e9 de la plaine de Vosges\",\"publisher\":{\"@id\":\"https:\/\/vosgesinfo.fr\/laplainedesvosgesinfo\/#organization\"},\"alternateName\":\"Toute l'actualit\u00e9 de la plaine des Vosges\",\"potentialAction\":[{\"@type\":\"SearchAction\",\"target\":{\"@type\":\"EntryPoint\",\"urlTemplate\":\"https:\/\/vosgesinfo.fr\/laplainedesvosgesinfo\/?s={search_term_string}\"},\"query-input\":\"required name=search_term_string\"}],\"inLanguage\":\"fr-FR\"},{\"@type\":\"Organization\",\"@id\":\"https:\/\/vosgesinfo.fr\/laplainedesvosgesinfo\/#organization\",\"name\":\"La Plaine des Vosges\",\"url\":\"https:\/\/vosgesinfo.fr\/laplainedesvosgesinfo\/\",\"logo\":{\"@type\":\"ImageObject\",\"inLanguage\":\"fr-FR\",\"@id\":\"https:\/\/vosgesinfo.fr\/laplainedesvosgesinfo\/#\/schema\/logo\/image\/\",\"url\":\"https:\/\/vosgesinfo.fr\/app\/uploads\/sites\/2\/2023\/08\/logo-laplaineinfo.svg\",\"contentUrl\":\"https:\/\/vosgesinfo.fr\/app\/uploads\/sites\/2\/2023\/08\/logo-laplaineinfo.svg\",\"width\":1,\"height\":1,\"caption\":\"La Plaine des Vosges\"},\"image\":{\"@id\":\"https:\/\/vosgesinfo.fr\/laplainedesvosgesinfo\/#\/schema\/logo\/image\/\"},\"sameAs\":[\"https:\/\/www.facebook.com\/laplainedesvosges\",\"https:\/\/x.com\/VosgesInfo88\",\"https:\/\/www.youtube.com\/@vosgesinfo\"]},{\"@type\":\"Person\",\"@id\":\"https:\/\/vosgesinfo.fr\/laplainedesvosgesinfo\/#\/schema\/person\/db5605779a843dad16b5368f3e7613a5\",\"name\":\"QG\",\"image\":{\"@type\":\"ImageObject\",\"inLanguage\":\"fr-FR\",\"@id\":\"https:\/\/vosgesinfo.fr\/laplainedesvosgesinfo\/#\/schema\/person\/image\/\",\"url\":\"https:\/\/secure.gravatar.com\/avatar\/ea80c42c204b534408512832fde52504ecabb9706bcb6151cf6175e5b64e6793?s=96&d=mm&r=g\",\"contentUrl\":\"https:\/\/secure.gravatar.com\/avatar\/ea80c42c204b534408512832fde52504ecabb9706bcb6151cf6175e5b64e6793?s=96&d=mm&r=g\",\"caption\":\"QG\"},\"url\":\"https:\/\/vosgesinfo.fr\/laplainedesvosgesinfo\/author\/quentin88\/\"}]}<\/script>\n<!-- \/ Yoast SEO plugin. -->","yoast_head_json":{"title":"Festival International du Film Fantastique - un grand prix sans concession - La Plaine des Vosges","robots":{"index":"index","follow":"follow","max-snippet":"max-snippet:-1","max-image-preview":"max-image-preview:large","max-video-preview":"max-video-preview:-1"},"canonical":"https:\/\/vosgesinfo.fr\/laplainedesvosgesinfo\/2025\/02\/festival-international-du-film-fantastique-un-grand-prix-sans-concession\/","twitter_card":"summary_large_image","twitter_title":"Festival International du Film Fantastique - un grand prix sans concession - La Plaine des Vosges","twitter_description":"Clap de fin pour le 32e Festival international du Film fantastique de G\u00e9rardmer avec une petite surprise pour me grand [&hellip;]","twitter_image":"https:\/\/vosgesinfo.fr\/app\/uploads\/sites\/2\/2025\/02\/cloture-festival-du-film-fantastique-gerardmer-1.jpg","twitter_creator":"@VosgesInfo88","twitter_site":"@VosgesInfo88","twitter_misc":{"\u00c9crit par":"QG","Dur\u00e9e de lecture estim\u00e9e":"2 minutes"},"schema":{"@context":"https:\/\/schema.org","@graph":[{"@type":"Article","@id":"https:\/\/vosgesinfo.fr\/laplainedesvosgesinfo\/2025\/02\/festival-international-du-film-fantastique-un-grand-prix-sans-concession\/#article","isPartOf":{"@id":"https:\/\/vosgesinfo.fr\/laplainedesvosgesinfo\/2025\/02\/festival-international-du-film-fantastique-un-grand-prix-sans-concession\/"},"author":{"name":"QG","@id":"https:\/\/vosgesinfo.fr\/laplainedesvosgesinfo\/#\/schema\/person\/db5605779a843dad16b5368f3e7613a5"},"headline":"Festival International du Film Fantastique &#8211; un grand prix sans concession","datePublished":"2025-02-02T22:53:48+00:00","dateModified":"2025-02-02T22:53:48+00:00","mainEntityOfPage":{"@id":"https:\/\/vosgesinfo.fr\/laplainedesvosgesinfo\/2025\/02\/festival-international-du-film-fantastique-un-grand-prix-sans-concession\/"},"wordCount":405,"commentCount":0,"publisher":{"@id":"https:\/\/vosgesinfo.fr\/laplainedesvosgesinfo\/#organization"},"image":{"@id":"https:\/\/vosgesinfo.fr\/laplainedesvosgesinfo\/2025\/02\/festival-international-du-film-fantastique-un-grand-prix-sans-concession\/#primaryimage"},"thumbnailUrl":"https:\/\/vosgesinfo.fr\/app\/uploads\/sites\/2\/2025\/02\/cloture-festival-du-film-fantastique-gerardmer-1.jpg","articleSection":["A la Une","Epinal","G\u00e9rardmer","La plaine des vosges","Remiremont","Saint-di\u00e9"],"inLanguage":"fr-FR","potentialAction":[{"@type":"CommentAction","name":"Comment","target":["https:\/\/vosgesinfo.fr\/laplainedesvosgesinfo\/2025\/02\/festival-international-du-film-fantastique-un-grand-prix-sans-concession\/#respond"]}]},{"@type":"WebPage","@id":"https:\/\/vosgesinfo.fr\/laplainedesvosgesinfo\/2025\/02\/festival-international-du-film-fantastique-un-grand-prix-sans-concession\/","url":"https:\/\/vosgesinfo.fr\/laplainedesvosgesinfo\/2025\/02\/festival-international-du-film-fantastique-un-grand-prix-sans-concession\/","name":"Festival International du Film Fantastique - un grand prix sans concession - La Plaine des Vosges","isPartOf":{"@id":"https:\/\/vosgesinfo.fr\/laplainedesvosgesinfo\/#website"},"primaryImageOfPage":{"@id":"https:\/\/vosgesinfo.fr\/laplainedesvosgesinfo\/2025\/02\/festival-international-du-film-fantastique-un-grand-prix-sans-concession\/#primaryimage"},"image":{"@id":"https:\/\/vosgesinfo.fr\/laplainedesvosgesinfo\/2025\/02\/festival-international-du-film-fantastique-un-grand-prix-sans-concession\/#primaryimage"},"thumbnailUrl":"https:\/\/vosgesinfo.fr\/app\/uploads\/sites\/2\/2025\/02\/cloture-festival-du-film-fantastique-gerardmer-1.jpg","datePublished":"2025-02-02T22:53:48+00:00","dateModified":"2025-02-02T22:53:48+00:00","breadcrumb":{"@id":"https:\/\/vosgesinfo.fr\/laplainedesvosgesinfo\/2025\/02\/festival-international-du-film-fantastique-un-grand-prix-sans-concession\/#breadcrumb"},"inLanguage":"fr-FR","potentialAction":[{"@type":"ReadAction","target":["https:\/\/vosgesinfo.fr\/laplainedesvosgesinfo\/2025\/02\/festival-international-du-film-fantastique-un-grand-prix-sans-concession\/"]}]},{"@type":"ImageObject","inLanguage":"fr-FR","@id":"https:\/\/vosgesinfo.fr\/laplainedesvosgesinfo\/2025\/02\/festival-international-du-film-fantastique-un-grand-prix-sans-concession\/#primaryimage","url":"https:\/\/vosgesinfo.fr\/app\/uploads\/sites\/2\/2025\/02\/cloture-festival-du-film-fantastique-gerardmer-1.jpg","contentUrl":"https:\/\/vosgesinfo.fr\/app\/uploads\/sites\/2\/2025\/02\/cloture-festival-du-film-fantastique-gerardmer-1.jpg","width":2040,"height":1530},{"@type":"BreadcrumbList","@id":"https:\/\/vosgesinfo.fr\/laplainedesvosgesinfo\/2025\/02\/festival-international-du-film-fantastique-un-grand-prix-sans-concession\/#breadcrumb","itemListElement":[{"@type":"ListItem","position":1,"name":"Home","item":"https:\/\/vosgesinfo.fr\/laplainedesvosgesinfo\/"},{"@type":"ListItem","position":2,"name":"Festival International du Film Fantastique &#8211; un grand prix sans concession"}]},{"@type":"WebSite","@id":"https:\/\/vosgesinfo.fr\/laplainedesvosgesinfo\/#website","url":"https:\/\/vosgesinfo.fr\/laplainedesvosgesinfo\/","name":"La Plaine des Vosges","description":"Toute l&#039;actualit\u00e9 de la plaine de Vosges","publisher":{"@id":"https:\/\/vosgesinfo.fr\/laplainedesvosgesinfo\/#organization"},"alternateName":"Toute l'actualit\u00e9 de la plaine des Vosges","potentialAction":[{"@type":"SearchAction","target":{"@type":"EntryPoint","urlTemplate":"https:\/\/vosgesinfo.fr\/laplainedesvosgesinfo\/?s={search_term_string}"},"query-input":"required name=search_term_string"}],"inLanguage":"fr-FR"},{"@type":"Organization","@id":"https:\/\/vosgesinfo.fr\/laplainedesvosgesinfo\/#organization","name":"La Plaine des Vosges","url":"https:\/\/vosgesinfo.fr\/laplainedesvosgesinfo\/","logo":{"@type":"ImageObject","inLanguage":"fr-FR","@id":"https:\/\/vosgesinfo.fr\/laplainedesvosgesinfo\/#\/schema\/logo\/image\/","url":"https:\/\/vosgesinfo.fr\/app\/uploads\/sites\/2\/2023\/08\/logo-laplaineinfo.svg","contentUrl":"https:\/\/vosgesinfo.fr\/app\/uploads\/sites\/2\/2023\/08\/logo-laplaineinfo.svg","width":1,"height":1,"caption":"La Plaine des Vosges"},"image":{"@id":"https:\/\/vosgesinfo.fr\/laplainedesvosgesinfo\/#\/schema\/logo\/image\/"},"sameAs":["https:\/\/www.facebook.com\/laplainedesvosges","https:\/\/x.com\/VosgesInfo88","https:\/\/www.youtube.com\/@vosgesinfo"]},{"@type":"Person","@id":"https:\/\/vosgesinfo.fr\/laplainedesvosgesinfo\/#\/schema\/person\/db5605779a843dad16b5368f3e7613a5","name":"QG","image":{"@type":"ImageObject","inLanguage":"fr-FR","@id":"https:\/\/vosgesinfo.fr\/laplainedesvosgesinfo\/#\/schema\/person\/image\/","url":"https:\/\/secure.gravatar.com\/avatar\/ea80c42c204b534408512832fde52504ecabb9706bcb6151cf6175e5b64e6793?s=96&d=mm&r=g","contentUrl":"https:\/\/secure.gravatar.com\/avatar\/ea80c42c204b534408512832fde52504ecabb9706bcb6151cf6175e5b64e6793?s=96&d=mm&r=g","caption":"QG"},"url":"https:\/\/vosgesinfo.fr\/laplainedesvosgesinfo\/author\/quentin88\/"}]}},"_links":{"self":[{"href":"https:\/\/vosgesinfo.fr\/laplainedesvosgesinfo\/wp-json\/wp\/v2\/posts\/28510","targetHints":{"allow":["GET"]}}],"collection":[{"href":"https:\/\/vosgesinfo.fr\/laplainedesvosgesinfo\/wp-json\/wp\/v2\/posts"}],"about":[{"href":"https:\/\/vosgesinfo.fr\/laplainedesvosgesinfo\/wp-json\/wp\/v2\/types\/post"}],"author":[{"embeddable":true,"href":"https:\/\/vosgesinfo.fr\/laplainedesvosgesinfo\/wp-json\/wp\/v2\/users\/42"}],"replies":[{"embeddable":true,"href":"https:\/\/vosgesinfo.fr\/laplainedesvosgesinfo\/wp-json\/wp\/v2\/comments?post=28510"}],"version-history":[{"count":0,"href":"https:\/\/vosgesinfo.fr\/laplainedesvosgesinfo\/wp-json\/wp\/v2\/posts\/28510\/revisions"}],"wp:featuredmedia":[{"embeddable":true,"href":"https:\/\/vosgesinfo.fr\/laplainedesvosgesinfo\/wp-json\/wp\/v2\/media\/28511"}],"wp:attachment":[{"href":"https:\/\/vosgesinfo.fr\/laplainedesvosgesinfo\/wp-json\/wp\/v2\/media?parent=28510"}],"wp:term":[{"taxonomy":"category","embeddable":true,"href":"https:\/\/vosgesinfo.fr\/laplainedesvosgesinfo\/wp-json\/wp\/v2\/categories?post=28510"},{"taxonomy":"post_tag","embeddable":true,"href":"https:\/\/vosgesinfo.fr\/laplainedesvosgesinfo\/wp-json\/wp\/v2\/tags?post=28510"}],"curies":[{"name":"wp","href":"https:\/\/api.w.org\/{rel}","templated":true}]}}