{"id":28566,"date":"2025-02-05T21:40:14","date_gmt":"2025-02-05T20:40:14","guid":{"rendered":"https:\/\/vosgesinfo.fr\/laplainedesvosgesinfo\/?p=28566"},"modified":"2025-02-05T21:40:14","modified_gmt":"2025-02-05T20:40:14","slug":"saint-die-des-vosges-va-tenter-de-battre-le-record-du-monde-de-la-chenille-humaine-la-plus-longue","status":"publish","type":"post","link":"https:\/\/vosgesinfo.fr\/laplainedesvosgesinfo\/2025\/02\/saint-die-des-vosges-va-tenter-de-battre-le-record-du-monde-de-la-chenille-humaine-la-plus-longue\/","title":{"rendered":"Saint-Di\u00e9-des-Vosges va tenter de battre le record du monde de la chenille humaine la plus longue"},"content":{"rendered":"<p><a href=\"https:\/\/vosgesinfo.fr\/app\/uploads\/sites\/4\/2025\/02\/ag-comite-fetes-sddv-1-scaled.jpg\"><img decoding=\"async\" class=\"alignnone size-large wp-image-73706\" src=\"https:\/\/vosgesinfo.fr\/app\/uploads\/sites\/4\/2025\/02\/ag-comite-fetes-sddv-1-1024x771.jpg\" alt=\"\" width=\"1024\" height=\"771\" \/><\/a><\/p>\n<h2>Le <strong>Comit\u00e9 des F\u00eates de Saint-Di\u00e9-des-Vosges<\/strong> a tenu son <strong>assembl\u00e9e g\u00e9n\u00e9rale<\/strong> ce mercredi soir, \u00e0 la <strong>Tour de la Libert\u00e9<\/strong>.<\/h2>\n<p><!--more--><\/p>\n<h3 class=\"western\"><strong>Des retours et des nouveaut\u00e9s<\/strong><\/h3>\n<p>C&rsquo;est \u00e0 l&rsquo;occasion de ces assises que le <strong>pr\u00e9sident Serge Vincent<\/strong> a d\u00e9voil\u00e9 le programme qui rythmera les prochaines semaines et prochains mois du Comit\u00e9 des F\u00eates. <strong>Seconde \u00e9dition de La R\u00e9cr\u00e9<\/strong> et troisi\u00e8me des <b>Cyclo&rsquo;Folies<\/b>, <strong>retour de la Nuit Blanche nouvelle formule<\/strong>, <strong>saison 3 de D\u00e9o&rsquo;Voice<\/strong>&#8230; et des nouveaut\u00e9s. Le d\u00e9tail du programme sera \u00e0 retrouver dans un <strong>article \u00e0 para\u00eetre ce jeudi matin.<\/strong><\/p>\n<h3 class=\"western\"><strong>Une tentative de record du monde de la plus longue chenille humaine<\/strong><\/h3>\n<p>La grande nouveaut\u00e9 du programme est <strong>la tentative de record du monde de la plus longue chenille humaine. <\/strong>Cette tentative de record mondial aura lieu le <strong>6 d\u00e9cembre 2025<\/strong>, avant le <strong>d\u00e9fil\u00e9 de la Saint-Nicolas, <\/strong><strong>et sera au <\/strong><strong>profit du prochain T\u00e9l\u00e9thon<\/strong>. Plus pr\u00e9cis\u00e9ment, chaque participant recevra un <strong>dossard<\/strong>, achet\u00e9 au prix d&rsquo;<strong>un euro<\/strong>, somme qui sera ensuite revers\u00e9e \u00e0 la cagnotte d\u00e9odatienne du <strong>T\u00e9l\u00e9thon<\/strong>.<\/p>\n<h3 class=\"western\"><strong>Objectif : battre le record de 4 623 participants<\/strong><\/h3>\n<p><strong>\u00ab\u00a0L&rsquo;objectif est de r\u00e9colter des fonds dans un moment festif<\/strong>, avec un maximum d&rsquo;associations, et de <strong>battre le record<\/strong>, qui est de <strong>4 623 participants<\/strong>. Un record atteint le <strong>2 septembre 2023<\/strong> \u00e0 l&rsquo;occasion de la <strong>Braderie de Lille<\/strong>\u00ab\u00a0, pr\u00e9cise Serge Vincent. <strong>Verdict dans 10 mois !<\/strong><\/p>\n<p>Pour rappel, en juin 2023, <a href=\"https:\/\/vosgesinfo.fr\/saintdieinfo\/2023\/06\/ludovic-chopat-lance-defi-dorganiser-plus-grande-chenille-humaine-a-saint-die-vosges\/\" target=\"_blank\" rel=\"noopener\"><strong>Ludovic Chopat<\/strong> avait d\u00e9j\u00e0 lanc\u00e9 l&rsquo;id\u00e9e de battre ce record de chenille humaine la plus longue<\/a>, <strong>mais son projet n&rsquo;avait pas abouti.<\/strong><\/p>\n<p>J.J.<\/p>\n<p><a href=\"https:\/\/vosgesinfo.fr\/app\/uploads\/sites\/4\/2025\/02\/ag-comite-fetes-sddv-2-scaled.jpg\"><img decoding=\"async\" class=\"alignnone size-large wp-image-73707\" src=\"https:\/\/vosgesinfo.fr\/app\/uploads\/sites\/4\/2025\/02\/ag-comite-fetes-sddv-2-1024x771.jpg\" alt=\"\" width=\"1024\" height=\"771\" \/><\/a><\/p>\n","protected":false},"excerpt":{"rendered":"<p>Le Comit\u00e9 des F\u00eates de Saint-Di\u00e9-des-Vosges a tenu son assembl\u00e9e g\u00e9n\u00e9rale ce mercredi soir, \u00e0 la Tour de la Libert\u00e9.<\/p>\n","protected":false},"author":46,"featured_media":28567,"comment_status":"open","ping_status":"open","sticky":false,"template":"","format":"standard","meta":{"footnotes":""},"categories":[29,383,294,380,25,381,393,165,17,18],"tags":[7968,7513,7969,322],"class_list":["post-28566","post","type-post","status-publish","format-standard","has-post-thumbnail","hentry","category-a-la-une","category-epinal","category-gerardmer","category-la-plaine-des-vosges","category-loisirs","category-remiremont","category-saint-die-des-vosges","category-solidarite","category-vie-associative","category-vosges","tag-assemblee-generale-du-comite-des-fetes-de-saint-die-des-vosges","tag-comite-des-fetes-de-saint-die-des-vosges","tag-record-du-monde-de-la-chenille-humaine-la-plus-longue","tag-telethon"],"acf":[],"yoast_head":"<!-- This site is optimized with the Yoast SEO plugin v22.5 - https:\/\/yoast.com\/wordpress\/plugins\/seo\/ -->\n<title>Saint-Di\u00e9-des-Vosges va tenter de battre le record du monde de la chenille humaine la plus longue - La Plaine des Vosges<\/title>\n<meta name=\"robots\" content=\"index, follow, max-snippet:-1, max-image-preview:large, max-video-preview:-1\" \/>\n<link rel=\"canonical\" href=\"https:\/\/vosgesinfo.fr\/laplainedesvosgesinfo\/2025\/02\/saint-die-des-vosges-va-tenter-de-battre-le-record-du-monde-de-la-chenille-humaine-la-plus-longue\/\" \/>\n<meta name=\"twitter:card\" content=\"summary_large_image\" \/>\n<meta name=\"twitter:title\" content=\"Saint-Di\u00e9-des-Vosges va tenter de battre le record du monde de la chenille humaine la plus longue - La Plaine des Vosges\" \/>\n<meta name=\"twitter:description\" content=\"Le Comit\u00e9 des F\u00eates de Saint-Di\u00e9-des-Vosges a tenu son assembl\u00e9e g\u00e9n\u00e9rale ce mercredi soir, \u00e0 la Tour de la Libert\u00e9.\" \/>\n<meta name=\"twitter:image\" content=\"https:\/\/vosgesinfo.fr\/app\/uploads\/sites\/2\/2025\/02\/ag-comite-fetes-sddv-1-scaled-1.jpg\" \/>\n<meta name=\"twitter:creator\" content=\"@VosgesInfo88\" \/>\n<meta name=\"twitter:site\" content=\"@VosgesInfo88\" \/>\n<meta name=\"twitter:label1\" content=\"\u00c9crit par\" \/>\n\t<meta name=\"twitter:data1\" content=\"J.J.\" \/>\n\t<meta name=\"twitter:label2\" content=\"Dur\u00e9e de lecture estim\u00e9e\" \/>\n\t<meta name=\"twitter:data2\" content=\"1 minute\" \/>\n<script type=\"application\/ld+json\" class=\"yoast-schema-graph\">{\"@context\":\"https:\/\/schema.org\",\"@graph\":[{\"@type\":\"Article\",\"@id\":\"https:\/\/vosgesinfo.fr\/laplainedesvosgesinfo\/2025\/02\/saint-die-des-vosges-va-tenter-de-battre-le-record-du-monde-de-la-chenille-humaine-la-plus-longue\/#article\",\"isPartOf\":{\"@id\":\"https:\/\/vosgesinfo.fr\/laplainedesvosgesinfo\/2025\/02\/saint-die-des-vosges-va-tenter-de-battre-le-record-du-monde-de-la-chenille-humaine-la-plus-longue\/\"},\"author\":{\"name\":\"J.J.\",\"@id\":\"https:\/\/vosgesinfo.fr\/laplainedesvosgesinfo\/#\/schema\/person\/fa73e9f726d67bb88f46d5b7943cb572\"},\"headline\":\"Saint-Di\u00e9-des-Vosges va tenter de battre le record du monde de la chenille humaine la plus longue\",\"datePublished\":\"2025-02-05T20:40:14+00:00\",\"dateModified\":\"2025-02-05T20:40:14+00:00\",\"mainEntityOfPage\":{\"@id\":\"https:\/\/vosgesinfo.fr\/laplainedesvosgesinfo\/2025\/02\/saint-die-des-vosges-va-tenter-de-battre-le-record-du-monde-de-la-chenille-humaine-la-plus-longue\/\"},\"wordCount\":289,\"commentCount\":0,\"publisher\":{\"@id\":\"https:\/\/vosgesinfo.fr\/laplainedesvosgesinfo\/#organization\"},\"image\":{\"@id\":\"https:\/\/vosgesinfo.fr\/laplainedesvosgesinfo\/2025\/02\/saint-die-des-vosges-va-tenter-de-battre-le-record-du-monde-de-la-chenille-humaine-la-plus-longue\/#primaryimage\"},\"thumbnailUrl\":\"https:\/\/vosgesinfo.fr\/app\/uploads\/sites\/2\/2025\/02\/ag-comite-fetes-sddv-1-scaled-1.jpg\",\"keywords\":[\"Assembl\u00e9e g\u00e9n\u00e9rale du Comit\u00e9 des F\u00eates de Saint-Di\u00e9-des-Vosges\",\"Comit\u00e9 des F\u00eates de Saint-Di\u00e9-des-Vosges\",\"Record du monde de la chenille humaine la plus longue\",\"T\u00e9l\u00e9thon\"],\"articleSection\":[\"A la Une\",\"Epinal\",\"G\u00e9rardmer\",\"La plaine des vosges\",\"Loisirs\",\"Remiremont\",\"Saint-Di\u00e9-des-Vosges\",\"Solidarit\u00e9\",\"Vie Associative\",\"Vosges\"],\"inLanguage\":\"fr-FR\",\"potentialAction\":[{\"@type\":\"CommentAction\",\"name\":\"Comment\",\"target\":[\"https:\/\/vosgesinfo.fr\/laplainedesvosgesinfo\/2025\/02\/saint-die-des-vosges-va-tenter-de-battre-le-record-du-monde-de-la-chenille-humaine-la-plus-longue\/#respond\"]}]},{\"@type\":\"WebPage\",\"@id\":\"https:\/\/vosgesinfo.fr\/laplainedesvosgesinfo\/2025\/02\/saint-die-des-vosges-va-tenter-de-battre-le-record-du-monde-de-la-chenille-humaine-la-plus-longue\/\",\"url\":\"https:\/\/vosgesinfo.fr\/laplainedesvosgesinfo\/2025\/02\/saint-die-des-vosges-va-tenter-de-battre-le-record-du-monde-de-la-chenille-humaine-la-plus-longue\/\",\"name\":\"Saint-Di\u00e9-des-Vosges va tenter de battre le record du monde de la chenille humaine la plus longue - La Plaine des Vosges\",\"isPartOf\":{\"@id\":\"https:\/\/vosgesinfo.fr\/laplainedesvosgesinfo\/#website\"},\"primaryImageOfPage\":{\"@id\":\"https:\/\/vosgesinfo.fr\/laplainedesvosgesinfo\/2025\/02\/saint-die-des-vosges-va-tenter-de-battre-le-record-du-monde-de-la-chenille-humaine-la-plus-longue\/#primaryimage\"},\"image\":{\"@id\":\"https:\/\/vosgesinfo.fr\/laplainedesvosgesinfo\/2025\/02\/saint-die-des-vosges-va-tenter-de-battre-le-record-du-monde-de-la-chenille-humaine-la-plus-longue\/#primaryimage\"},\"thumbnailUrl\":\"https:\/\/vosgesinfo.fr\/app\/uploads\/sites\/2\/2025\/02\/ag-comite-fetes-sddv-1-scaled-1.jpg\",\"datePublished\":\"2025-02-05T20:40:14+00:00\",\"dateModified\":\"2025-02-05T20:40:14+00:00\",\"breadcrumb\":{\"@id\":\"https:\/\/vosgesinfo.fr\/laplainedesvosgesinfo\/2025\/02\/saint-die-des-vosges-va-tenter-de-battre-le-record-du-monde-de-la-chenille-humaine-la-plus-longue\/#breadcrumb\"},\"inLanguage\":\"fr-FR\",\"potentialAction\":[{\"@type\":\"ReadAction\",\"target\":[\"https:\/\/vosgesinfo.fr\/laplainedesvosgesinfo\/2025\/02\/saint-die-des-vosges-va-tenter-de-battre-le-record-du-monde-de-la-chenille-humaine-la-plus-longue\/\"]}]},{\"@type\":\"ImageObject\",\"inLanguage\":\"fr-FR\",\"@id\":\"https:\/\/vosgesinfo.fr\/laplainedesvosgesinfo\/2025\/02\/saint-die-des-vosges-va-tenter-de-battre-le-record-du-monde-de-la-chenille-humaine-la-plus-longue\/#primaryimage\",\"url\":\"https:\/\/vosgesinfo.fr\/app\/uploads\/sites\/2\/2025\/02\/ag-comite-fetes-sddv-1-scaled-1.jpg\",\"contentUrl\":\"https:\/\/vosgesinfo.fr\/app\/uploads\/sites\/2\/2025\/02\/ag-comite-fetes-sddv-1-scaled-1.jpg\",\"width\":2560,\"height\":1928},{\"@type\":\"BreadcrumbList\",\"@id\":\"https:\/\/vosgesinfo.fr\/laplainedesvosgesinfo\/2025\/02\/saint-die-des-vosges-va-tenter-de-battre-le-record-du-monde-de-la-chenille-humaine-la-plus-longue\/#breadcrumb\",\"itemListElement\":[{\"@type\":\"ListItem\",\"position\":1,\"name\":\"Home\",\"item\":\"https:\/\/vosgesinfo.fr\/laplainedesvosgesinfo\/\"},{\"@type\":\"ListItem\",\"position\":2,\"name\":\"Saint-Di\u00e9-des-Vosges va tenter de battre le record du monde de la chenille humaine la plus longue\"}]},{\"@type\":\"WebSite\",\"@id\":\"https:\/\/vosgesinfo.fr\/laplainedesvosgesinfo\/#website\",\"url\":\"https:\/\/vosgesinfo.fr\/laplainedesvosgesinfo\/\",\"name\":\"La Plaine des Vosges\",\"description\":\"Toute l&#039;actualit\u00e9 de la plaine de Vosges\",\"publisher\":{\"@id\":\"https:\/\/vosgesinfo.fr\/laplainedesvosgesinfo\/#organization\"},\"alternateName\":\"Toute l'actualit\u00e9 de la plaine des Vosges\",\"potentialAction\":[{\"@type\":\"SearchAction\",\"target\":{\"@type\":\"EntryPoint\",\"urlTemplate\":\"https:\/\/vosgesinfo.fr\/laplainedesvosgesinfo\/?s={search_term_string}\"},\"query-input\":\"required name=search_term_string\"}],\"inLanguage\":\"fr-FR\"},{\"@type\":\"Organization\",\"@id\":\"https:\/\/vosgesinfo.fr\/laplainedesvosgesinfo\/#organization\",\"name\":\"La Plaine des Vosges\",\"url\":\"https:\/\/vosgesinfo.fr\/laplainedesvosgesinfo\/\",\"logo\":{\"@type\":\"ImageObject\",\"inLanguage\":\"fr-FR\",\"@id\":\"https:\/\/vosgesinfo.fr\/laplainedesvosgesinfo\/#\/schema\/logo\/image\/\",\"url\":\"https:\/\/vosgesinfo.fr\/app\/uploads\/sites\/2\/2023\/08\/logo-laplaineinfo.svg\",\"contentUrl\":\"https:\/\/vosgesinfo.fr\/app\/uploads\/sites\/2\/2023\/08\/logo-laplaineinfo.svg\",\"width\":1,\"height\":1,\"caption\":\"La Plaine des Vosges\"},\"image\":{\"@id\":\"https:\/\/vosgesinfo.fr\/laplainedesvosgesinfo\/#\/schema\/logo\/image\/\"},\"sameAs\":[\"https:\/\/www.facebook.com\/laplainedesvosges\",\"https:\/\/x.com\/VosgesInfo88\",\"https:\/\/www.youtube.com\/@vosgesinfo\"]},{\"@type\":\"Person\",\"@id\":\"https:\/\/vosgesinfo.fr\/laplainedesvosgesinfo\/#\/schema\/person\/fa73e9f726d67bb88f46d5b7943cb572\",\"name\":\"J.J.\",\"image\":{\"@type\":\"ImageObject\",\"inLanguage\":\"fr-FR\",\"@id\":\"https:\/\/vosgesinfo.fr\/laplainedesvosgesinfo\/#\/schema\/person\/image\/\",\"url\":\"https:\/\/secure.gravatar.com\/avatar\/219e749e47ffbcca018a360ae4add7d4cdf1cdaaf8bc7676b27efade3fe65615?s=96&d=mm&r=g\",\"contentUrl\":\"https:\/\/secure.gravatar.com\/avatar\/219e749e47ffbcca018a360ae4add7d4cdf1cdaaf8bc7676b27efade3fe65615?s=96&d=mm&r=g\",\"caption\":\"J.J.\"},\"url\":\"https:\/\/vosgesinfo.fr\/laplainedesvosgesinfo\/author\/j-j\/\"}]}<\/script>\n<!-- \/ Yoast SEO plugin. -->","yoast_head_json":{"title":"Saint-Di\u00e9-des-Vosges va tenter de battre le record du monde de la chenille humaine la plus longue - La Plaine des Vosges","robots":{"index":"index","follow":"follow","max-snippet":"max-snippet:-1","max-image-preview":"max-image-preview:large","max-video-preview":"max-video-preview:-1"},"canonical":"https:\/\/vosgesinfo.fr\/laplainedesvosgesinfo\/2025\/02\/saint-die-des-vosges-va-tenter-de-battre-le-record-du-monde-de-la-chenille-humaine-la-plus-longue\/","twitter_card":"summary_large_image","twitter_title":"Saint-Di\u00e9-des-Vosges va tenter de battre le record du monde de la chenille humaine la plus longue - La Plaine des Vosges","twitter_description":"Le Comit\u00e9 des F\u00eates de Saint-Di\u00e9-des-Vosges a tenu son assembl\u00e9e g\u00e9n\u00e9rale ce mercredi soir, \u00e0 la Tour de la Libert\u00e9.","twitter_image":"https:\/\/vosgesinfo.fr\/app\/uploads\/sites\/2\/2025\/02\/ag-comite-fetes-sddv-1-scaled-1.jpg","twitter_creator":"@VosgesInfo88","twitter_site":"@VosgesInfo88","twitter_misc":{"\u00c9crit par":"J.J.","Dur\u00e9e de lecture estim\u00e9e":"1 minute"},"schema":{"@context":"https:\/\/schema.org","@graph":[{"@type":"Article","@id":"https:\/\/vosgesinfo.fr\/laplainedesvosgesinfo\/2025\/02\/saint-die-des-vosges-va-tenter-de-battre-le-record-du-monde-de-la-chenille-humaine-la-plus-longue\/#article","isPartOf":{"@id":"https:\/\/vosgesinfo.fr\/laplainedesvosgesinfo\/2025\/02\/saint-die-des-vosges-va-tenter-de-battre-le-record-du-monde-de-la-chenille-humaine-la-plus-longue\/"},"author":{"name":"J.J.","@id":"https:\/\/vosgesinfo.fr\/laplainedesvosgesinfo\/#\/schema\/person\/fa73e9f726d67bb88f46d5b7943cb572"},"headline":"Saint-Di\u00e9-des-Vosges va tenter de battre le record du monde de la chenille humaine la plus longue","datePublished":"2025-02-05T20:40:14+00:00","dateModified":"2025-02-05T20:40:14+00:00","mainEntityOfPage":{"@id":"https:\/\/vosgesinfo.fr\/laplainedesvosgesinfo\/2025\/02\/saint-die-des-vosges-va-tenter-de-battre-le-record-du-monde-de-la-chenille-humaine-la-plus-longue\/"},"wordCount":289,"commentCount":0,"publisher":{"@id":"https:\/\/vosgesinfo.fr\/laplainedesvosgesinfo\/#organization"},"image":{"@id":"https:\/\/vosgesinfo.fr\/laplainedesvosgesinfo\/2025\/02\/saint-die-des-vosges-va-tenter-de-battre-le-record-du-monde-de-la-chenille-humaine-la-plus-longue\/#primaryimage"},"thumbnailUrl":"https:\/\/vosgesinfo.fr\/app\/uploads\/sites\/2\/2025\/02\/ag-comite-fetes-sddv-1-scaled-1.jpg","keywords":["Assembl\u00e9e g\u00e9n\u00e9rale du Comit\u00e9 des F\u00eates de Saint-Di\u00e9-des-Vosges","Comit\u00e9 des F\u00eates de Saint-Di\u00e9-des-Vosges","Record du monde de la chenille humaine la plus longue","T\u00e9l\u00e9thon"],"articleSection":["A la Une","Epinal","G\u00e9rardmer","La plaine des vosges","Loisirs","Remiremont","Saint-Di\u00e9-des-Vosges","Solidarit\u00e9","Vie Associative","Vosges"],"inLanguage":"fr-FR","potentialAction":[{"@type":"CommentAction","name":"Comment","target":["https:\/\/vosgesinfo.fr\/laplainedesvosgesinfo\/2025\/02\/saint-die-des-vosges-va-tenter-de-battre-le-record-du-monde-de-la-chenille-humaine-la-plus-longue\/#respond"]}]},{"@type":"WebPage","@id":"https:\/\/vosgesinfo.fr\/laplainedesvosgesinfo\/2025\/02\/saint-die-des-vosges-va-tenter-de-battre-le-record-du-monde-de-la-chenille-humaine-la-plus-longue\/","url":"https:\/\/vosgesinfo.fr\/laplainedesvosgesinfo\/2025\/02\/saint-die-des-vosges-va-tenter-de-battre-le-record-du-monde-de-la-chenille-humaine-la-plus-longue\/","name":"Saint-Di\u00e9-des-Vosges va tenter de battre le record du monde de la chenille humaine la plus longue - La Plaine des Vosges","isPartOf":{"@id":"https:\/\/vosgesinfo.fr\/laplainedesvosgesinfo\/#website"},"primaryImageOfPage":{"@id":"https:\/\/vosgesinfo.fr\/laplainedesvosgesinfo\/2025\/02\/saint-die-des-vosges-va-tenter-de-battre-le-record-du-monde-de-la-chenille-humaine-la-plus-longue\/#primaryimage"},"image":{"@id":"https:\/\/vosgesinfo.fr\/laplainedesvosgesinfo\/2025\/02\/saint-die-des-vosges-va-tenter-de-battre-le-record-du-monde-de-la-chenille-humaine-la-plus-longue\/#primaryimage"},"thumbnailUrl":"https:\/\/vosgesinfo.fr\/app\/uploads\/sites\/2\/2025\/02\/ag-comite-fetes-sddv-1-scaled-1.jpg","datePublished":"2025-02-05T20:40:14+00:00","dateModified":"2025-02-05T20:40:14+00:00","breadcrumb":{"@id":"https:\/\/vosgesinfo.fr\/laplainedesvosgesinfo\/2025\/02\/saint-die-des-vosges-va-tenter-de-battre-le-record-du-monde-de-la-chenille-humaine-la-plus-longue\/#breadcrumb"},"inLanguage":"fr-FR","potentialAction":[{"@type":"ReadAction","target":["https:\/\/vosgesinfo.fr\/laplainedesvosgesinfo\/2025\/02\/saint-die-des-vosges-va-tenter-de-battre-le-record-du-monde-de-la-chenille-humaine-la-plus-longue\/"]}]},{"@type":"ImageObject","inLanguage":"fr-FR","@id":"https:\/\/vosgesinfo.fr\/laplainedesvosgesinfo\/2025\/02\/saint-die-des-vosges-va-tenter-de-battre-le-record-du-monde-de-la-chenille-humaine-la-plus-longue\/#primaryimage","url":"https:\/\/vosgesinfo.fr\/app\/uploads\/sites\/2\/2025\/02\/ag-comite-fetes-sddv-1-scaled-1.jpg","contentUrl":"https:\/\/vosgesinfo.fr\/app\/uploads\/sites\/2\/2025\/02\/ag-comite-fetes-sddv-1-scaled-1.jpg","width":2560,"height":1928},{"@type":"BreadcrumbList","@id":"https:\/\/vosgesinfo.fr\/laplainedesvosgesinfo\/2025\/02\/saint-die-des-vosges-va-tenter-de-battre-le-record-du-monde-de-la-chenille-humaine-la-plus-longue\/#breadcrumb","itemListElement":[{"@type":"ListItem","position":1,"name":"Home","item":"https:\/\/vosgesinfo.fr\/laplainedesvosgesinfo\/"},{"@type":"ListItem","position":2,"name":"Saint-Di\u00e9-des-Vosges va tenter de battre le record du monde de la chenille humaine la plus longue"}]},{"@type":"WebSite","@id":"https:\/\/vosgesinfo.fr\/laplainedesvosgesinfo\/#website","url":"https:\/\/vosgesinfo.fr\/laplainedesvosgesinfo\/","name":"La Plaine des Vosges","description":"Toute l&#039;actualit\u00e9 de la plaine de Vosges","publisher":{"@id":"https:\/\/vosgesinfo.fr\/laplainedesvosgesinfo\/#organization"},"alternateName":"Toute l'actualit\u00e9 de la plaine des Vosges","potentialAction":[{"@type":"SearchAction","target":{"@type":"EntryPoint","urlTemplate":"https:\/\/vosgesinfo.fr\/laplainedesvosgesinfo\/?s={search_term_string}"},"query-input":"required name=search_term_string"}],"inLanguage":"fr-FR"},{"@type":"Organization","@id":"https:\/\/vosgesinfo.fr\/laplainedesvosgesinfo\/#organization","name":"La Plaine des Vosges","url":"https:\/\/vosgesinfo.fr\/laplainedesvosgesinfo\/","logo":{"@type":"ImageObject","inLanguage":"fr-FR","@id":"https:\/\/vosgesinfo.fr\/laplainedesvosgesinfo\/#\/schema\/logo\/image\/","url":"https:\/\/vosgesinfo.fr\/app\/uploads\/sites\/2\/2023\/08\/logo-laplaineinfo.svg","contentUrl":"https:\/\/vosgesinfo.fr\/app\/uploads\/sites\/2\/2023\/08\/logo-laplaineinfo.svg","width":1,"height":1,"caption":"La Plaine des Vosges"},"image":{"@id":"https:\/\/vosgesinfo.fr\/laplainedesvosgesinfo\/#\/schema\/logo\/image\/"},"sameAs":["https:\/\/www.facebook.com\/laplainedesvosges","https:\/\/x.com\/VosgesInfo88","https:\/\/www.youtube.com\/@vosgesinfo"]},{"@type":"Person","@id":"https:\/\/vosgesinfo.fr\/laplainedesvosgesinfo\/#\/schema\/person\/fa73e9f726d67bb88f46d5b7943cb572","name":"J.J.","image":{"@type":"ImageObject","inLanguage":"fr-FR","@id":"https:\/\/vosgesinfo.fr\/laplainedesvosgesinfo\/#\/schema\/person\/image\/","url":"https:\/\/secure.gravatar.com\/avatar\/219e749e47ffbcca018a360ae4add7d4cdf1cdaaf8bc7676b27efade3fe65615?s=96&d=mm&r=g","contentUrl":"https:\/\/secure.gravatar.com\/avatar\/219e749e47ffbcca018a360ae4add7d4cdf1cdaaf8bc7676b27efade3fe65615?s=96&d=mm&r=g","caption":"J.J."},"url":"https:\/\/vosgesinfo.fr\/laplainedesvosgesinfo\/author\/j-j\/"}]}},"_links":{"self":[{"href":"https:\/\/vosgesinfo.fr\/laplainedesvosgesinfo\/wp-json\/wp\/v2\/posts\/28566","targetHints":{"allow":["GET"]}}],"collection":[{"href":"https:\/\/vosgesinfo.fr\/laplainedesvosgesinfo\/wp-json\/wp\/v2\/posts"}],"about":[{"href":"https:\/\/vosgesinfo.fr\/laplainedesvosgesinfo\/wp-json\/wp\/v2\/types\/post"}],"author":[{"embeddable":true,"href":"https:\/\/vosgesinfo.fr\/laplainedesvosgesinfo\/wp-json\/wp\/v2\/users\/46"}],"replies":[{"embeddable":true,"href":"https:\/\/vosgesinfo.fr\/laplainedesvosgesinfo\/wp-json\/wp\/v2\/comments?post=28566"}],"version-history":[{"count":0,"href":"https:\/\/vosgesinfo.fr\/laplainedesvosgesinfo\/wp-json\/wp\/v2\/posts\/28566\/revisions"}],"wp:featuredmedia":[{"embeddable":true,"href":"https:\/\/vosgesinfo.fr\/laplainedesvosgesinfo\/wp-json\/wp\/v2\/media\/28567"}],"wp:attachment":[{"href":"https:\/\/vosgesinfo.fr\/laplainedesvosgesinfo\/wp-json\/wp\/v2\/media?parent=28566"}],"wp:term":[{"taxonomy":"category","embeddable":true,"href":"https:\/\/vosgesinfo.fr\/laplainedesvosgesinfo\/wp-json\/wp\/v2\/categories?post=28566"},{"taxonomy":"post_tag","embeddable":true,"href":"https:\/\/vosgesinfo.fr\/laplainedesvosgesinfo\/wp-json\/wp\/v2\/tags?post=28566"}],"curies":[{"name":"wp","href":"https:\/\/api.w.org\/{rel}","templated":true}]}}