{"id":28816,"date":"2025-02-25T10:24:16","date_gmt":"2025-02-25T09:24:16","guid":{"rendered":"https:\/\/vosgesinfo.fr\/laplainedesvosgesinfo\/2025\/02\/nouvelle-distinction-pour-la-brasserie-marie-therese-au-salon-de-lagriculture\/"},"modified":"2025-02-25T10:24:16","modified_gmt":"2025-02-25T09:24:16","slug":"nouvelle-distinction-pour-la-brasserie-marie-therese-au-salon-de-lagriculture","status":"publish","type":"post","link":"https:\/\/vosgesinfo.fr\/laplainedesvosgesinfo\/2025\/02\/nouvelle-distinction-pour-la-brasserie-marie-therese-au-salon-de-lagriculture\/","title":{"rendered":"Nouvelle distinction pour la Brasserie Marie-Th\u00e9r\u00e8se au Salon de l&rsquo;Agriculture"},"content":{"rendered":"<div id=\"attachment_78887\" style=\"width: 1450px\" class=\"wp-caption aligncenter\"><a href=\"https:\/\/vosgesinfo.fr\/app\/uploads\/sites\/5\/2025\/02\/brasserie-marie-therese.jpg\"><img decoding=\"async\" aria-describedby=\"caption-attachment-78887\" class=\"size-full wp-image-78887\" src=\"https:\/\/vosgesinfo.fr\/app\/uploads\/sites\/5\/2025\/02\/brasserie-marie-therese.jpg\" alt=\"\" width=\"1440\" height=\"1440\" \/><\/a><p id=\"caption-attachment-78887\" class=\"wp-caption-text\">Photographie : Facebook Brasserie Marie-Th\u00e9r\u00e8se.<\/p><\/div>\n<p data-start=\"86\" data-end=\"299\"><strong>La Brasserie Marie-Th\u00e9r\u00e8se de Remiremont brille une nouvelle fois au Salon de l&rsquo;Agriculture de Paris en d\u00e9crochant une m\u00e9daille d\u2019argent pour sa Bi\u00e8re blonde de haute fermentation (TAV \u2264 6%).<\/strong><\/p>\n<p data-start=\"301\" data-end=\"414\">Cette r\u00e9compense confirme le savoir-faire et l\u2019excellence de la brasserie, d\u00e9j\u00e0 prim\u00e9e les ann\u00e9es pr\u00e9c\u00e9dentes :<\/p>\n<ul data-start=\"415\" data-end=\"569\">\n<li data-start=\"415\" data-end=\"489\">2023 : M\u00e9daille de bronze pour sa Bi\u00e8re \u00e0 dominante houblonn\u00e9e<\/li>\n<li data-start=\"490\" data-end=\"569\">2022 : M\u00e9daille d\u2019or pour sa Bi\u00e8re blanche, bi\u00e8re de bl\u00e9 (EBC &lt; 14)<\/li>\n<\/ul>\n<p data-start=\"571\" data-end=\"844\" data-is-last-node=\"\" data-is-only-node=\"\">Avec cette nouvelle m\u00e9daille, la Brasserie Marie-Th\u00e9r\u00e8se continue d\u2019imposer son talent sur la sc\u00e8ne brassicole fran\u00e7aise, affirmant la qualit\u00e9 et l\u2019authenticit\u00e9 de ses productions artisanales. Une fiert\u00e9 pour Remiremont et pour les amateurs de bi\u00e8res de caract\u00e8re !<\/p>\n","protected":false},"excerpt":{"rendered":"<p>La Brasserie Marie-Th\u00e9r\u00e8se de Remiremont brille une nouvelle fois au Salon de l&rsquo;Agriculture de Paris en d\u00e9crochant une m\u00e9daille d\u2019argent [&hellip;]<\/p>\n","protected":false},"author":418,"featured_media":28817,"comment_status":"open","ping_status":"open","sticky":false,"template":"","format":"standard","meta":{"footnotes":""},"categories":[29,383,294,380,381,384],"tags":[8086,8087,3466],"class_list":["post-28816","post","type-post","status-publish","format-standard","has-post-thumbnail","hentry","category-a-la-une","category-epinal","category-gerardmer","category-la-plaine-des-vosges","category-remiremont","category-saint-die","tag-brasserie-marie-therese","tag-medaille-dargent","tag-salon-de-lagriculture"],"acf":[],"yoast_head":"<!-- This site is optimized with the Yoast SEO plugin v22.5 - https:\/\/yoast.com\/wordpress\/plugins\/seo\/ -->\n<title>Nouvelle distinction pour la Brasserie Marie-Th\u00e9r\u00e8se au Salon de l&#039;Agriculture - La Plaine des Vosges<\/title>\n<meta name=\"robots\" content=\"index, follow, max-snippet:-1, max-image-preview:large, max-video-preview:-1\" \/>\n<link rel=\"canonical\" href=\"https:\/\/vosgesinfo.fr\/laplainedesvosgesinfo\/2025\/02\/nouvelle-distinction-pour-la-brasserie-marie-therese-au-salon-de-lagriculture\/\" \/>\n<meta name=\"twitter:card\" content=\"summary_large_image\" \/>\n<meta name=\"twitter:title\" content=\"Nouvelle distinction pour la Brasserie Marie-Th\u00e9r\u00e8se au Salon de l&#039;Agriculture - La Plaine des Vosges\" \/>\n<meta name=\"twitter:description\" content=\"La Brasserie Marie-Th\u00e9r\u00e8se de Remiremont brille une nouvelle fois au Salon de l&rsquo;Agriculture de Paris en d\u00e9crochant une m\u00e9daille d\u2019argent [&hellip;]\" \/>\n<meta name=\"twitter:image\" content=\"https:\/\/vosgesinfo.fr\/app\/uploads\/sites\/2\/2025\/02\/brasserie-marie-therese.jpg\" \/>\n<meta name=\"twitter:creator\" content=\"@VosgesInfo88\" \/>\n<meta name=\"twitter:site\" content=\"@VosgesInfo88\" \/>\n<meta name=\"twitter:label1\" content=\"\u00c9crit par\" \/>\n\t<meta name=\"twitter:data1\" content=\"C.M\" \/>\n\t<meta name=\"twitter:label2\" content=\"Dur\u00e9e de lecture estim\u00e9e\" \/>\n\t<meta name=\"twitter:data2\" content=\"1 minute\" \/>\n<script type=\"application\/ld+json\" class=\"yoast-schema-graph\">{\"@context\":\"https:\/\/schema.org\",\"@graph\":[{\"@type\":\"Article\",\"@id\":\"https:\/\/vosgesinfo.fr\/laplainedesvosgesinfo\/2025\/02\/nouvelle-distinction-pour-la-brasserie-marie-therese-au-salon-de-lagriculture\/#article\",\"isPartOf\":{\"@id\":\"https:\/\/vosgesinfo.fr\/laplainedesvosgesinfo\/2025\/02\/nouvelle-distinction-pour-la-brasserie-marie-therese-au-salon-de-lagriculture\/\"},\"author\":{\"name\":\"C.M\",\"@id\":\"https:\/\/vosgesinfo.fr\/laplainedesvosgesinfo\/#\/schema\/person\/4f38cd3068e342935b7304695c797d08\"},\"headline\":\"Nouvelle distinction pour la Brasserie Marie-Th\u00e9r\u00e8se au Salon de l&rsquo;Agriculture\",\"datePublished\":\"2025-02-25T09:24:16+00:00\",\"dateModified\":\"2025-02-25T09:24:16+00:00\",\"mainEntityOfPage\":{\"@id\":\"https:\/\/vosgesinfo.fr\/laplainedesvosgesinfo\/2025\/02\/nouvelle-distinction-pour-la-brasserie-marie-therese-au-salon-de-lagriculture\/\"},\"wordCount\":155,\"commentCount\":0,\"publisher\":{\"@id\":\"https:\/\/vosgesinfo.fr\/laplainedesvosgesinfo\/#organization\"},\"image\":{\"@id\":\"https:\/\/vosgesinfo.fr\/laplainedesvosgesinfo\/2025\/02\/nouvelle-distinction-pour-la-brasserie-marie-therese-au-salon-de-lagriculture\/#primaryimage\"},\"thumbnailUrl\":\"https:\/\/vosgesinfo.fr\/app\/uploads\/sites\/2\/2025\/02\/brasserie-marie-therese.jpg\",\"keywords\":[\"Brasserie Marie-Th\u00e9r\u00e8se\",\"m\u00e9daille d'argent\",\"salon de l'agriculture\"],\"articleSection\":[\"A la Une\",\"Epinal\",\"G\u00e9rardmer\",\"La plaine des vosges\",\"Remiremont\",\"Saint-di\u00e9\"],\"inLanguage\":\"fr-FR\",\"potentialAction\":[{\"@type\":\"CommentAction\",\"name\":\"Comment\",\"target\":[\"https:\/\/vosgesinfo.fr\/laplainedesvosgesinfo\/2025\/02\/nouvelle-distinction-pour-la-brasserie-marie-therese-au-salon-de-lagriculture\/#respond\"]}]},{\"@type\":\"WebPage\",\"@id\":\"https:\/\/vosgesinfo.fr\/laplainedesvosgesinfo\/2025\/02\/nouvelle-distinction-pour-la-brasserie-marie-therese-au-salon-de-lagriculture\/\",\"url\":\"https:\/\/vosgesinfo.fr\/laplainedesvosgesinfo\/2025\/02\/nouvelle-distinction-pour-la-brasserie-marie-therese-au-salon-de-lagriculture\/\",\"name\":\"Nouvelle distinction pour la Brasserie Marie-Th\u00e9r\u00e8se au Salon de l'Agriculture - La Plaine des Vosges\",\"isPartOf\":{\"@id\":\"https:\/\/vosgesinfo.fr\/laplainedesvosgesinfo\/#website\"},\"primaryImageOfPage\":{\"@id\":\"https:\/\/vosgesinfo.fr\/laplainedesvosgesinfo\/2025\/02\/nouvelle-distinction-pour-la-brasserie-marie-therese-au-salon-de-lagriculture\/#primaryimage\"},\"image\":{\"@id\":\"https:\/\/vosgesinfo.fr\/laplainedesvosgesinfo\/2025\/02\/nouvelle-distinction-pour-la-brasserie-marie-therese-au-salon-de-lagriculture\/#primaryimage\"},\"thumbnailUrl\":\"https:\/\/vosgesinfo.fr\/app\/uploads\/sites\/2\/2025\/02\/brasserie-marie-therese.jpg\",\"datePublished\":\"2025-02-25T09:24:16+00:00\",\"dateModified\":\"2025-02-25T09:24:16+00:00\",\"breadcrumb\":{\"@id\":\"https:\/\/vosgesinfo.fr\/laplainedesvosgesinfo\/2025\/02\/nouvelle-distinction-pour-la-brasserie-marie-therese-au-salon-de-lagriculture\/#breadcrumb\"},\"inLanguage\":\"fr-FR\",\"potentialAction\":[{\"@type\":\"ReadAction\",\"target\":[\"https:\/\/vosgesinfo.fr\/laplainedesvosgesinfo\/2025\/02\/nouvelle-distinction-pour-la-brasserie-marie-therese-au-salon-de-lagriculture\/\"]}]},{\"@type\":\"ImageObject\",\"inLanguage\":\"fr-FR\",\"@id\":\"https:\/\/vosgesinfo.fr\/laplainedesvosgesinfo\/2025\/02\/nouvelle-distinction-pour-la-brasserie-marie-therese-au-salon-de-lagriculture\/#primaryimage\",\"url\":\"https:\/\/vosgesinfo.fr\/app\/uploads\/sites\/2\/2025\/02\/brasserie-marie-therese.jpg\",\"contentUrl\":\"https:\/\/vosgesinfo.fr\/app\/uploads\/sites\/2\/2025\/02\/brasserie-marie-therese.jpg\",\"width\":1440,\"height\":1440},{\"@type\":\"BreadcrumbList\",\"@id\":\"https:\/\/vosgesinfo.fr\/laplainedesvosgesinfo\/2025\/02\/nouvelle-distinction-pour-la-brasserie-marie-therese-au-salon-de-lagriculture\/#breadcrumb\",\"itemListElement\":[{\"@type\":\"ListItem\",\"position\":1,\"name\":\"Home\",\"item\":\"https:\/\/vosgesinfo.fr\/laplainedesvosgesinfo\/\"},{\"@type\":\"ListItem\",\"position\":2,\"name\":\"Nouvelle distinction pour la Brasserie Marie-Th\u00e9r\u00e8se au Salon de l&rsquo;Agriculture\"}]},{\"@type\":\"WebSite\",\"@id\":\"https:\/\/vosgesinfo.fr\/laplainedesvosgesinfo\/#website\",\"url\":\"https:\/\/vosgesinfo.fr\/laplainedesvosgesinfo\/\",\"name\":\"La Plaine des Vosges\",\"description\":\"Toute l&#039;actualit\u00e9 de la plaine de Vosges\",\"publisher\":{\"@id\":\"https:\/\/vosgesinfo.fr\/laplainedesvosgesinfo\/#organization\"},\"alternateName\":\"Toute l'actualit\u00e9 de la plaine des Vosges\",\"potentialAction\":[{\"@type\":\"SearchAction\",\"target\":{\"@type\":\"EntryPoint\",\"urlTemplate\":\"https:\/\/vosgesinfo.fr\/laplainedesvosgesinfo\/?s={search_term_string}\"},\"query-input\":\"required name=search_term_string\"}],\"inLanguage\":\"fr-FR\"},{\"@type\":\"Organization\",\"@id\":\"https:\/\/vosgesinfo.fr\/laplainedesvosgesinfo\/#organization\",\"name\":\"La Plaine des Vosges\",\"url\":\"https:\/\/vosgesinfo.fr\/laplainedesvosgesinfo\/\",\"logo\":{\"@type\":\"ImageObject\",\"inLanguage\":\"fr-FR\",\"@id\":\"https:\/\/vosgesinfo.fr\/laplainedesvosgesinfo\/#\/schema\/logo\/image\/\",\"url\":\"https:\/\/vosgesinfo.fr\/app\/uploads\/sites\/2\/2023\/08\/logo-laplaineinfo.svg\",\"contentUrl\":\"https:\/\/vosgesinfo.fr\/app\/uploads\/sites\/2\/2023\/08\/logo-laplaineinfo.svg\",\"width\":1,\"height\":1,\"caption\":\"La Plaine des Vosges\"},\"image\":{\"@id\":\"https:\/\/vosgesinfo.fr\/laplainedesvosgesinfo\/#\/schema\/logo\/image\/\"},\"sameAs\":[\"https:\/\/www.facebook.com\/laplainedesvosges\",\"https:\/\/x.com\/VosgesInfo88\",\"https:\/\/www.youtube.com\/@vosgesinfo\"]},{\"@type\":\"Person\",\"@id\":\"https:\/\/vosgesinfo.fr\/laplainedesvosgesinfo\/#\/schema\/person\/4f38cd3068e342935b7304695c797d08\",\"name\":\"C.M\",\"image\":{\"@type\":\"ImageObject\",\"inLanguage\":\"fr-FR\",\"@id\":\"https:\/\/vosgesinfo.fr\/laplainedesvosgesinfo\/#\/schema\/person\/image\/\",\"url\":\"https:\/\/secure.gravatar.com\/avatar\/fe9daaef0164d920717484172682f3c5c9bcf7d42aa8c7048c76c34f0eb6c8da?s=96&d=mm&r=g\",\"contentUrl\":\"https:\/\/secure.gravatar.com\/avatar\/fe9daaef0164d920717484172682f3c5c9bcf7d42aa8c7048c76c34f0eb6c8da?s=96&d=mm&r=g\",\"caption\":\"C.M\"},\"url\":\"https:\/\/vosgesinfo.fr\/laplainedesvosgesinfo\/author\/cm88200\/\"}]}<\/script>\n<!-- \/ Yoast SEO plugin. -->","yoast_head_json":{"title":"Nouvelle distinction pour la Brasserie Marie-Th\u00e9r\u00e8se au Salon de l'Agriculture - La Plaine des Vosges","robots":{"index":"index","follow":"follow","max-snippet":"max-snippet:-1","max-image-preview":"max-image-preview:large","max-video-preview":"max-video-preview:-1"},"canonical":"https:\/\/vosgesinfo.fr\/laplainedesvosgesinfo\/2025\/02\/nouvelle-distinction-pour-la-brasserie-marie-therese-au-salon-de-lagriculture\/","twitter_card":"summary_large_image","twitter_title":"Nouvelle distinction pour la Brasserie Marie-Th\u00e9r\u00e8se au Salon de l'Agriculture - La Plaine des Vosges","twitter_description":"La Brasserie Marie-Th\u00e9r\u00e8se de Remiremont brille une nouvelle fois au Salon de l&rsquo;Agriculture de Paris en d\u00e9crochant une m\u00e9daille d\u2019argent [&hellip;]","twitter_image":"https:\/\/vosgesinfo.fr\/app\/uploads\/sites\/2\/2025\/02\/brasserie-marie-therese.jpg","twitter_creator":"@VosgesInfo88","twitter_site":"@VosgesInfo88","twitter_misc":{"\u00c9crit par":"C.M","Dur\u00e9e de lecture estim\u00e9e":"1 minute"},"schema":{"@context":"https:\/\/schema.org","@graph":[{"@type":"Article","@id":"https:\/\/vosgesinfo.fr\/laplainedesvosgesinfo\/2025\/02\/nouvelle-distinction-pour-la-brasserie-marie-therese-au-salon-de-lagriculture\/#article","isPartOf":{"@id":"https:\/\/vosgesinfo.fr\/laplainedesvosgesinfo\/2025\/02\/nouvelle-distinction-pour-la-brasserie-marie-therese-au-salon-de-lagriculture\/"},"author":{"name":"C.M","@id":"https:\/\/vosgesinfo.fr\/laplainedesvosgesinfo\/#\/schema\/person\/4f38cd3068e342935b7304695c797d08"},"headline":"Nouvelle distinction pour la Brasserie Marie-Th\u00e9r\u00e8se au Salon de l&rsquo;Agriculture","datePublished":"2025-02-25T09:24:16+00:00","dateModified":"2025-02-25T09:24:16+00:00","mainEntityOfPage":{"@id":"https:\/\/vosgesinfo.fr\/laplainedesvosgesinfo\/2025\/02\/nouvelle-distinction-pour-la-brasserie-marie-therese-au-salon-de-lagriculture\/"},"wordCount":155,"commentCount":0,"publisher":{"@id":"https:\/\/vosgesinfo.fr\/laplainedesvosgesinfo\/#organization"},"image":{"@id":"https:\/\/vosgesinfo.fr\/laplainedesvosgesinfo\/2025\/02\/nouvelle-distinction-pour-la-brasserie-marie-therese-au-salon-de-lagriculture\/#primaryimage"},"thumbnailUrl":"https:\/\/vosgesinfo.fr\/app\/uploads\/sites\/2\/2025\/02\/brasserie-marie-therese.jpg","keywords":["Brasserie Marie-Th\u00e9r\u00e8se","m\u00e9daille d'argent","salon de l'agriculture"],"articleSection":["A la Une","Epinal","G\u00e9rardmer","La plaine des vosges","Remiremont","Saint-di\u00e9"],"inLanguage":"fr-FR","potentialAction":[{"@type":"CommentAction","name":"Comment","target":["https:\/\/vosgesinfo.fr\/laplainedesvosgesinfo\/2025\/02\/nouvelle-distinction-pour-la-brasserie-marie-therese-au-salon-de-lagriculture\/#respond"]}]},{"@type":"WebPage","@id":"https:\/\/vosgesinfo.fr\/laplainedesvosgesinfo\/2025\/02\/nouvelle-distinction-pour-la-brasserie-marie-therese-au-salon-de-lagriculture\/","url":"https:\/\/vosgesinfo.fr\/laplainedesvosgesinfo\/2025\/02\/nouvelle-distinction-pour-la-brasserie-marie-therese-au-salon-de-lagriculture\/","name":"Nouvelle distinction pour la Brasserie Marie-Th\u00e9r\u00e8se au Salon de l'Agriculture - La Plaine des Vosges","isPartOf":{"@id":"https:\/\/vosgesinfo.fr\/laplainedesvosgesinfo\/#website"},"primaryImageOfPage":{"@id":"https:\/\/vosgesinfo.fr\/laplainedesvosgesinfo\/2025\/02\/nouvelle-distinction-pour-la-brasserie-marie-therese-au-salon-de-lagriculture\/#primaryimage"},"image":{"@id":"https:\/\/vosgesinfo.fr\/laplainedesvosgesinfo\/2025\/02\/nouvelle-distinction-pour-la-brasserie-marie-therese-au-salon-de-lagriculture\/#primaryimage"},"thumbnailUrl":"https:\/\/vosgesinfo.fr\/app\/uploads\/sites\/2\/2025\/02\/brasserie-marie-therese.jpg","datePublished":"2025-02-25T09:24:16+00:00","dateModified":"2025-02-25T09:24:16+00:00","breadcrumb":{"@id":"https:\/\/vosgesinfo.fr\/laplainedesvosgesinfo\/2025\/02\/nouvelle-distinction-pour-la-brasserie-marie-therese-au-salon-de-lagriculture\/#breadcrumb"},"inLanguage":"fr-FR","potentialAction":[{"@type":"ReadAction","target":["https:\/\/vosgesinfo.fr\/laplainedesvosgesinfo\/2025\/02\/nouvelle-distinction-pour-la-brasserie-marie-therese-au-salon-de-lagriculture\/"]}]},{"@type":"ImageObject","inLanguage":"fr-FR","@id":"https:\/\/vosgesinfo.fr\/laplainedesvosgesinfo\/2025\/02\/nouvelle-distinction-pour-la-brasserie-marie-therese-au-salon-de-lagriculture\/#primaryimage","url":"https:\/\/vosgesinfo.fr\/app\/uploads\/sites\/2\/2025\/02\/brasserie-marie-therese.jpg","contentUrl":"https:\/\/vosgesinfo.fr\/app\/uploads\/sites\/2\/2025\/02\/brasserie-marie-therese.jpg","width":1440,"height":1440},{"@type":"BreadcrumbList","@id":"https:\/\/vosgesinfo.fr\/laplainedesvosgesinfo\/2025\/02\/nouvelle-distinction-pour-la-brasserie-marie-therese-au-salon-de-lagriculture\/#breadcrumb","itemListElement":[{"@type":"ListItem","position":1,"name":"Home","item":"https:\/\/vosgesinfo.fr\/laplainedesvosgesinfo\/"},{"@type":"ListItem","position":2,"name":"Nouvelle distinction pour la Brasserie Marie-Th\u00e9r\u00e8se au Salon de l&rsquo;Agriculture"}]},{"@type":"WebSite","@id":"https:\/\/vosgesinfo.fr\/laplainedesvosgesinfo\/#website","url":"https:\/\/vosgesinfo.fr\/laplainedesvosgesinfo\/","name":"La Plaine des Vosges","description":"Toute l&#039;actualit\u00e9 de la plaine de Vosges","publisher":{"@id":"https:\/\/vosgesinfo.fr\/laplainedesvosgesinfo\/#organization"},"alternateName":"Toute l'actualit\u00e9 de la plaine des Vosges","potentialAction":[{"@type":"SearchAction","target":{"@type":"EntryPoint","urlTemplate":"https:\/\/vosgesinfo.fr\/laplainedesvosgesinfo\/?s={search_term_string}"},"query-input":"required name=search_term_string"}],"inLanguage":"fr-FR"},{"@type":"Organization","@id":"https:\/\/vosgesinfo.fr\/laplainedesvosgesinfo\/#organization","name":"La Plaine des Vosges","url":"https:\/\/vosgesinfo.fr\/laplainedesvosgesinfo\/","logo":{"@type":"ImageObject","inLanguage":"fr-FR","@id":"https:\/\/vosgesinfo.fr\/laplainedesvosgesinfo\/#\/schema\/logo\/image\/","url":"https:\/\/vosgesinfo.fr\/app\/uploads\/sites\/2\/2023\/08\/logo-laplaineinfo.svg","contentUrl":"https:\/\/vosgesinfo.fr\/app\/uploads\/sites\/2\/2023\/08\/logo-laplaineinfo.svg","width":1,"height":1,"caption":"La Plaine des Vosges"},"image":{"@id":"https:\/\/vosgesinfo.fr\/laplainedesvosgesinfo\/#\/schema\/logo\/image\/"},"sameAs":["https:\/\/www.facebook.com\/laplainedesvosges","https:\/\/x.com\/VosgesInfo88","https:\/\/www.youtube.com\/@vosgesinfo"]},{"@type":"Person","@id":"https:\/\/vosgesinfo.fr\/laplainedesvosgesinfo\/#\/schema\/person\/4f38cd3068e342935b7304695c797d08","name":"C.M","image":{"@type":"ImageObject","inLanguage":"fr-FR","@id":"https:\/\/vosgesinfo.fr\/laplainedesvosgesinfo\/#\/schema\/person\/image\/","url":"https:\/\/secure.gravatar.com\/avatar\/fe9daaef0164d920717484172682f3c5c9bcf7d42aa8c7048c76c34f0eb6c8da?s=96&d=mm&r=g","contentUrl":"https:\/\/secure.gravatar.com\/avatar\/fe9daaef0164d920717484172682f3c5c9bcf7d42aa8c7048c76c34f0eb6c8da?s=96&d=mm&r=g","caption":"C.M"},"url":"https:\/\/vosgesinfo.fr\/laplainedesvosgesinfo\/author\/cm88200\/"}]}},"_links":{"self":[{"href":"https:\/\/vosgesinfo.fr\/laplainedesvosgesinfo\/wp-json\/wp\/v2\/posts\/28816","targetHints":{"allow":["GET"]}}],"collection":[{"href":"https:\/\/vosgesinfo.fr\/laplainedesvosgesinfo\/wp-json\/wp\/v2\/posts"}],"about":[{"href":"https:\/\/vosgesinfo.fr\/laplainedesvosgesinfo\/wp-json\/wp\/v2\/types\/post"}],"author":[{"embeddable":true,"href":"https:\/\/vosgesinfo.fr\/laplainedesvosgesinfo\/wp-json\/wp\/v2\/users\/418"}],"replies":[{"embeddable":true,"href":"https:\/\/vosgesinfo.fr\/laplainedesvosgesinfo\/wp-json\/wp\/v2\/comments?post=28816"}],"version-history":[{"count":0,"href":"https:\/\/vosgesinfo.fr\/laplainedesvosgesinfo\/wp-json\/wp\/v2\/posts\/28816\/revisions"}],"wp:featuredmedia":[{"embeddable":true,"href":"https:\/\/vosgesinfo.fr\/laplainedesvosgesinfo\/wp-json\/wp\/v2\/media\/28817"}],"wp:attachment":[{"href":"https:\/\/vosgesinfo.fr\/laplainedesvosgesinfo\/wp-json\/wp\/v2\/media?parent=28816"}],"wp:term":[{"taxonomy":"category","embeddable":true,"href":"https:\/\/vosgesinfo.fr\/laplainedesvosgesinfo\/wp-json\/wp\/v2\/categories?post=28816"},{"taxonomy":"post_tag","embeddable":true,"href":"https:\/\/vosgesinfo.fr\/laplainedesvosgesinfo\/wp-json\/wp\/v2\/tags?post=28816"}],"curies":[{"name":"wp","href":"https:\/\/api.w.org\/{rel}","templated":true}]}}