{"id":28839,"date":"2025-02-26T14:22:32","date_gmt":"2025-02-26T13:22:32","guid":{"rendered":"https:\/\/vosgesinfo.fr\/laplainedesvosgesinfo\/2025\/02\/les-cremes-de-myrtille-et-de-mirabelle-de-lecomte-blaise-medaillees-au-salon-de-lagriculture\/"},"modified":"2025-02-26T14:22:32","modified_gmt":"2025-02-26T13:22:32","slug":"les-cremes-de-myrtille-et-de-mirabelle-de-lecomte-blaise-medaillees-au-salon-de-lagriculture","status":"publish","type":"post","link":"https:\/\/vosgesinfo.fr\/laplainedesvosgesinfo\/2025\/02\/les-cremes-de-myrtille-et-de-mirabelle-de-lecomte-blaise-medaillees-au-salon-de-lagriculture\/","title":{"rendered":"Les cr\u00e8mes de myrtille et de mirabelle de Lecomte Blaise m\u00e9daill\u00e9es au Salon de l&rsquo;Agriculture"},"content":{"rendered":"<div id=\"attachment_78960\" style=\"width: 1664px\" class=\"wp-caption aligncenter\"><a href=\"https:\/\/vosgesinfo.fr\/app\/uploads\/sites\/5\/2025\/02\/ape.jpg\"><img decoding=\"async\" aria-describedby=\"caption-attachment-78960\" class=\"size-full wp-image-78960\" src=\"https:\/\/vosgesinfo.fr\/app\/uploads\/sites\/5\/2025\/02\/ape.jpg\" alt=\"\" width=\"1654\" height=\"1172\" \/><\/a><p id=\"caption-attachment-78960\" class=\"wp-caption-text\">Photographie : Salon de l&rsquo;Agriculture.<\/p><\/div>\n<p data-start=\"104\" data-end=\"434\"><strong>Au Salon de l&rsquo;Agriculture 2025, l\u2019entreprise Lecomte Blaise, situ\u00e9e \u00e0 Le Syndicat, a une nouvelle fois \u00e9t\u00e9 honor\u00e9e pour son savoir-faire exceptionnel. Sa Cr\u00e8me de Myrtille a d\u00e9croch\u00e9 la prestigieuse m\u00e9daille d&rsquo;or dans la cat\u00e9gorie Liqueurs.\u00a0<\/strong><\/p>\n<p data-start=\"436\" data-end=\"665\">Mais ce n&rsquo;est pas tout : la liqueur de Mirabelle de la m\u00eame entreprise a \u00e9galement re\u00e7u une m\u00e9daille d&rsquo;argent dans la m\u00eame cat\u00e9gorie, soulignant ainsi la diversit\u00e9 et l&rsquo;excellence des produits \u00e9labor\u00e9s par Lecomte Blaise.<\/p>\n<p data-start=\"667\" data-end=\"988\">Cette distinction au Salon de l&rsquo;Agriculture vient couronner un parcours impressionnant. Depuis 2011, l\u2019entreprise Lecomte Blaise re\u00e7oit r\u00e9guli\u00e8rement des prix pour ses liqueurs, t\u00e9moignant de son engagement constant \u00e0 offrir des produits authentiques et raffin\u00e9s, mettant en valeur le terroir et les savoir-faire locaux.<\/p>\n","protected":false},"excerpt":{"rendered":"<p>Au Salon de l&rsquo;Agriculture 2025, l\u2019entreprise Lecomte Blaise, situ\u00e9e \u00e0 Le Syndicat, a une nouvelle fois \u00e9t\u00e9 honor\u00e9e pour son [&hellip;]<\/p>\n","protected":false},"author":418,"featured_media":28840,"comment_status":"open","ping_status":"open","sticky":false,"template":"","format":"standard","meta":{"footnotes":""},"categories":[29,168,383,294,380,381,384],"tags":[8102,8103,3466],"class_list":["post-28839","post","type-post","status-publish","format-standard","has-post-thumbnail","hentry","category-a-la-une","category-agriculture","category-epinal","category-gerardmer","category-la-plaine-des-vosges","category-remiremont","category-saint-die","tag-lecomte-blaise","tag-liqueurs","tag-salon-de-lagriculture"],"acf":[],"yoast_head":"<!-- This site is optimized with the Yoast SEO plugin v22.5 - https:\/\/yoast.com\/wordpress\/plugins\/seo\/ -->\n<title>Les cr\u00e8mes de myrtille et de mirabelle de Lecomte Blaise m\u00e9daill\u00e9es au Salon de l&#039;Agriculture - La Plaine des Vosges<\/title>\n<meta name=\"robots\" content=\"index, follow, max-snippet:-1, max-image-preview:large, max-video-preview:-1\" \/>\n<link rel=\"canonical\" href=\"https:\/\/vosgesinfo.fr\/laplainedesvosgesinfo\/2025\/02\/les-cremes-de-myrtille-et-de-mirabelle-de-lecomte-blaise-medaillees-au-salon-de-lagriculture\/\" \/>\n<meta name=\"twitter:card\" content=\"summary_large_image\" \/>\n<meta name=\"twitter:title\" content=\"Les cr\u00e8mes de myrtille et de mirabelle de Lecomte Blaise m\u00e9daill\u00e9es au Salon de l&#039;Agriculture - La Plaine des Vosges\" \/>\n<meta name=\"twitter:description\" content=\"Au Salon de l&rsquo;Agriculture 2025, l\u2019entreprise Lecomte Blaise, situ\u00e9e \u00e0 Le Syndicat, a une nouvelle fois \u00e9t\u00e9 honor\u00e9e pour son [&hellip;]\" \/>\n<meta name=\"twitter:image\" content=\"https:\/\/vosgesinfo.fr\/app\/uploads\/sites\/2\/2025\/02\/ape.jpg\" \/>\n<meta name=\"twitter:creator\" content=\"@VosgesInfo88\" \/>\n<meta name=\"twitter:site\" content=\"@VosgesInfo88\" \/>\n<meta name=\"twitter:label1\" content=\"\u00c9crit par\" \/>\n\t<meta name=\"twitter:data1\" content=\"C.M\" \/>\n\t<meta name=\"twitter:label2\" content=\"Dur\u00e9e de lecture estim\u00e9e\" \/>\n\t<meta name=\"twitter:data2\" content=\"1 minute\" \/>\n<script type=\"application\/ld+json\" class=\"yoast-schema-graph\">{\"@context\":\"https:\/\/schema.org\",\"@graph\":[{\"@type\":\"Article\",\"@id\":\"https:\/\/vosgesinfo.fr\/laplainedesvosgesinfo\/2025\/02\/les-cremes-de-myrtille-et-de-mirabelle-de-lecomte-blaise-medaillees-au-salon-de-lagriculture\/#article\",\"isPartOf\":{\"@id\":\"https:\/\/vosgesinfo.fr\/laplainedesvosgesinfo\/2025\/02\/les-cremes-de-myrtille-et-de-mirabelle-de-lecomte-blaise-medaillees-au-salon-de-lagriculture\/\"},\"author\":{\"name\":\"C.M\",\"@id\":\"https:\/\/vosgesinfo.fr\/laplainedesvosgesinfo\/#\/schema\/person\/4f38cd3068e342935b7304695c797d08\"},\"headline\":\"Les cr\u00e8mes de myrtille et de mirabelle de Lecomte Blaise m\u00e9daill\u00e9es au Salon de l&rsquo;Agriculture\",\"datePublished\":\"2025-02-26T13:22:32+00:00\",\"dateModified\":\"2025-02-26T13:22:32+00:00\",\"mainEntityOfPage\":{\"@id\":\"https:\/\/vosgesinfo.fr\/laplainedesvosgesinfo\/2025\/02\/les-cremes-de-myrtille-et-de-mirabelle-de-lecomte-blaise-medaillees-au-salon-de-lagriculture\/\"},\"wordCount\":167,\"commentCount\":0,\"publisher\":{\"@id\":\"https:\/\/vosgesinfo.fr\/laplainedesvosgesinfo\/#organization\"},\"image\":{\"@id\":\"https:\/\/vosgesinfo.fr\/laplainedesvosgesinfo\/2025\/02\/les-cremes-de-myrtille-et-de-mirabelle-de-lecomte-blaise-medaillees-au-salon-de-lagriculture\/#primaryimage\"},\"thumbnailUrl\":\"https:\/\/vosgesinfo.fr\/app\/uploads\/sites\/2\/2025\/02\/ape.jpg\",\"keywords\":[\"Lecomte Blaise\",\"Liqueurs\",\"salon de l'agriculture\"],\"articleSection\":[\"A la Une\",\"Agriculture\",\"Epinal\",\"G\u00e9rardmer\",\"La plaine des vosges\",\"Remiremont\",\"Saint-di\u00e9\"],\"inLanguage\":\"fr-FR\",\"potentialAction\":[{\"@type\":\"CommentAction\",\"name\":\"Comment\",\"target\":[\"https:\/\/vosgesinfo.fr\/laplainedesvosgesinfo\/2025\/02\/les-cremes-de-myrtille-et-de-mirabelle-de-lecomte-blaise-medaillees-au-salon-de-lagriculture\/#respond\"]}]},{\"@type\":\"WebPage\",\"@id\":\"https:\/\/vosgesinfo.fr\/laplainedesvosgesinfo\/2025\/02\/les-cremes-de-myrtille-et-de-mirabelle-de-lecomte-blaise-medaillees-au-salon-de-lagriculture\/\",\"url\":\"https:\/\/vosgesinfo.fr\/laplainedesvosgesinfo\/2025\/02\/les-cremes-de-myrtille-et-de-mirabelle-de-lecomte-blaise-medaillees-au-salon-de-lagriculture\/\",\"name\":\"Les cr\u00e8mes de myrtille et de mirabelle de Lecomte Blaise m\u00e9daill\u00e9es au Salon de l'Agriculture - La Plaine des Vosges\",\"isPartOf\":{\"@id\":\"https:\/\/vosgesinfo.fr\/laplainedesvosgesinfo\/#website\"},\"primaryImageOfPage\":{\"@id\":\"https:\/\/vosgesinfo.fr\/laplainedesvosgesinfo\/2025\/02\/les-cremes-de-myrtille-et-de-mirabelle-de-lecomte-blaise-medaillees-au-salon-de-lagriculture\/#primaryimage\"},\"image\":{\"@id\":\"https:\/\/vosgesinfo.fr\/laplainedesvosgesinfo\/2025\/02\/les-cremes-de-myrtille-et-de-mirabelle-de-lecomte-blaise-medaillees-au-salon-de-lagriculture\/#primaryimage\"},\"thumbnailUrl\":\"https:\/\/vosgesinfo.fr\/app\/uploads\/sites\/2\/2025\/02\/ape.jpg\",\"datePublished\":\"2025-02-26T13:22:32+00:00\",\"dateModified\":\"2025-02-26T13:22:32+00:00\",\"breadcrumb\":{\"@id\":\"https:\/\/vosgesinfo.fr\/laplainedesvosgesinfo\/2025\/02\/les-cremes-de-myrtille-et-de-mirabelle-de-lecomte-blaise-medaillees-au-salon-de-lagriculture\/#breadcrumb\"},\"inLanguage\":\"fr-FR\",\"potentialAction\":[{\"@type\":\"ReadAction\",\"target\":[\"https:\/\/vosgesinfo.fr\/laplainedesvosgesinfo\/2025\/02\/les-cremes-de-myrtille-et-de-mirabelle-de-lecomte-blaise-medaillees-au-salon-de-lagriculture\/\"]}]},{\"@type\":\"ImageObject\",\"inLanguage\":\"fr-FR\",\"@id\":\"https:\/\/vosgesinfo.fr\/laplainedesvosgesinfo\/2025\/02\/les-cremes-de-myrtille-et-de-mirabelle-de-lecomte-blaise-medaillees-au-salon-de-lagriculture\/#primaryimage\",\"url\":\"https:\/\/vosgesinfo.fr\/app\/uploads\/sites\/2\/2025\/02\/ape.jpg\",\"contentUrl\":\"https:\/\/vosgesinfo.fr\/app\/uploads\/sites\/2\/2025\/02\/ape.jpg\",\"width\":1654,\"height\":1172},{\"@type\":\"BreadcrumbList\",\"@id\":\"https:\/\/vosgesinfo.fr\/laplainedesvosgesinfo\/2025\/02\/les-cremes-de-myrtille-et-de-mirabelle-de-lecomte-blaise-medaillees-au-salon-de-lagriculture\/#breadcrumb\",\"itemListElement\":[{\"@type\":\"ListItem\",\"position\":1,\"name\":\"Home\",\"item\":\"https:\/\/vosgesinfo.fr\/laplainedesvosgesinfo\/\"},{\"@type\":\"ListItem\",\"position\":2,\"name\":\"Les cr\u00e8mes de myrtille et de mirabelle de Lecomte Blaise m\u00e9daill\u00e9es au Salon de l&rsquo;Agriculture\"}]},{\"@type\":\"WebSite\",\"@id\":\"https:\/\/vosgesinfo.fr\/laplainedesvosgesinfo\/#website\",\"url\":\"https:\/\/vosgesinfo.fr\/laplainedesvosgesinfo\/\",\"name\":\"La Plaine des Vosges\",\"description\":\"Toute l&#039;actualit\u00e9 de la plaine de Vosges\",\"publisher\":{\"@id\":\"https:\/\/vosgesinfo.fr\/laplainedesvosgesinfo\/#organization\"},\"alternateName\":\"Toute l'actualit\u00e9 de la plaine des Vosges\",\"potentialAction\":[{\"@type\":\"SearchAction\",\"target\":{\"@type\":\"EntryPoint\",\"urlTemplate\":\"https:\/\/vosgesinfo.fr\/laplainedesvosgesinfo\/?s={search_term_string}\"},\"query-input\":\"required name=search_term_string\"}],\"inLanguage\":\"fr-FR\"},{\"@type\":\"Organization\",\"@id\":\"https:\/\/vosgesinfo.fr\/laplainedesvosgesinfo\/#organization\",\"name\":\"La Plaine des Vosges\",\"url\":\"https:\/\/vosgesinfo.fr\/laplainedesvosgesinfo\/\",\"logo\":{\"@type\":\"ImageObject\",\"inLanguage\":\"fr-FR\",\"@id\":\"https:\/\/vosgesinfo.fr\/laplainedesvosgesinfo\/#\/schema\/logo\/image\/\",\"url\":\"https:\/\/vosgesinfo.fr\/app\/uploads\/sites\/2\/2023\/08\/logo-laplaineinfo.svg\",\"contentUrl\":\"https:\/\/vosgesinfo.fr\/app\/uploads\/sites\/2\/2023\/08\/logo-laplaineinfo.svg\",\"width\":1,\"height\":1,\"caption\":\"La Plaine des Vosges\"},\"image\":{\"@id\":\"https:\/\/vosgesinfo.fr\/laplainedesvosgesinfo\/#\/schema\/logo\/image\/\"},\"sameAs\":[\"https:\/\/www.facebook.com\/laplainedesvosges\",\"https:\/\/x.com\/VosgesInfo88\",\"https:\/\/www.youtube.com\/@vosgesinfo\"]},{\"@type\":\"Person\",\"@id\":\"https:\/\/vosgesinfo.fr\/laplainedesvosgesinfo\/#\/schema\/person\/4f38cd3068e342935b7304695c797d08\",\"name\":\"C.M\",\"image\":{\"@type\":\"ImageObject\",\"inLanguage\":\"fr-FR\",\"@id\":\"https:\/\/vosgesinfo.fr\/laplainedesvosgesinfo\/#\/schema\/person\/image\/\",\"url\":\"https:\/\/secure.gravatar.com\/avatar\/fe9daaef0164d920717484172682f3c5c9bcf7d42aa8c7048c76c34f0eb6c8da?s=96&d=mm&r=g\",\"contentUrl\":\"https:\/\/secure.gravatar.com\/avatar\/fe9daaef0164d920717484172682f3c5c9bcf7d42aa8c7048c76c34f0eb6c8da?s=96&d=mm&r=g\",\"caption\":\"C.M\"},\"url\":\"https:\/\/vosgesinfo.fr\/laplainedesvosgesinfo\/author\/cm88200\/\"}]}<\/script>\n<!-- \/ Yoast SEO plugin. -->","yoast_head_json":{"title":"Les cr\u00e8mes de myrtille et de mirabelle de Lecomte Blaise m\u00e9daill\u00e9es au Salon de l'Agriculture - La Plaine des Vosges","robots":{"index":"index","follow":"follow","max-snippet":"max-snippet:-1","max-image-preview":"max-image-preview:large","max-video-preview":"max-video-preview:-1"},"canonical":"https:\/\/vosgesinfo.fr\/laplainedesvosgesinfo\/2025\/02\/les-cremes-de-myrtille-et-de-mirabelle-de-lecomte-blaise-medaillees-au-salon-de-lagriculture\/","twitter_card":"summary_large_image","twitter_title":"Les cr\u00e8mes de myrtille et de mirabelle de Lecomte Blaise m\u00e9daill\u00e9es au Salon de l'Agriculture - La Plaine des Vosges","twitter_description":"Au Salon de l&rsquo;Agriculture 2025, l\u2019entreprise Lecomte Blaise, situ\u00e9e \u00e0 Le Syndicat, a une nouvelle fois \u00e9t\u00e9 honor\u00e9e pour son [&hellip;]","twitter_image":"https:\/\/vosgesinfo.fr\/app\/uploads\/sites\/2\/2025\/02\/ape.jpg","twitter_creator":"@VosgesInfo88","twitter_site":"@VosgesInfo88","twitter_misc":{"\u00c9crit par":"C.M","Dur\u00e9e de lecture estim\u00e9e":"1 minute"},"schema":{"@context":"https:\/\/schema.org","@graph":[{"@type":"Article","@id":"https:\/\/vosgesinfo.fr\/laplainedesvosgesinfo\/2025\/02\/les-cremes-de-myrtille-et-de-mirabelle-de-lecomte-blaise-medaillees-au-salon-de-lagriculture\/#article","isPartOf":{"@id":"https:\/\/vosgesinfo.fr\/laplainedesvosgesinfo\/2025\/02\/les-cremes-de-myrtille-et-de-mirabelle-de-lecomte-blaise-medaillees-au-salon-de-lagriculture\/"},"author":{"name":"C.M","@id":"https:\/\/vosgesinfo.fr\/laplainedesvosgesinfo\/#\/schema\/person\/4f38cd3068e342935b7304695c797d08"},"headline":"Les cr\u00e8mes de myrtille et de mirabelle de Lecomte Blaise m\u00e9daill\u00e9es au Salon de l&rsquo;Agriculture","datePublished":"2025-02-26T13:22:32+00:00","dateModified":"2025-02-26T13:22:32+00:00","mainEntityOfPage":{"@id":"https:\/\/vosgesinfo.fr\/laplainedesvosgesinfo\/2025\/02\/les-cremes-de-myrtille-et-de-mirabelle-de-lecomte-blaise-medaillees-au-salon-de-lagriculture\/"},"wordCount":167,"commentCount":0,"publisher":{"@id":"https:\/\/vosgesinfo.fr\/laplainedesvosgesinfo\/#organization"},"image":{"@id":"https:\/\/vosgesinfo.fr\/laplainedesvosgesinfo\/2025\/02\/les-cremes-de-myrtille-et-de-mirabelle-de-lecomte-blaise-medaillees-au-salon-de-lagriculture\/#primaryimage"},"thumbnailUrl":"https:\/\/vosgesinfo.fr\/app\/uploads\/sites\/2\/2025\/02\/ape.jpg","keywords":["Lecomte Blaise","Liqueurs","salon de l'agriculture"],"articleSection":["A la Une","Agriculture","Epinal","G\u00e9rardmer","La plaine des vosges","Remiremont","Saint-di\u00e9"],"inLanguage":"fr-FR","potentialAction":[{"@type":"CommentAction","name":"Comment","target":["https:\/\/vosgesinfo.fr\/laplainedesvosgesinfo\/2025\/02\/les-cremes-de-myrtille-et-de-mirabelle-de-lecomte-blaise-medaillees-au-salon-de-lagriculture\/#respond"]}]},{"@type":"WebPage","@id":"https:\/\/vosgesinfo.fr\/laplainedesvosgesinfo\/2025\/02\/les-cremes-de-myrtille-et-de-mirabelle-de-lecomte-blaise-medaillees-au-salon-de-lagriculture\/","url":"https:\/\/vosgesinfo.fr\/laplainedesvosgesinfo\/2025\/02\/les-cremes-de-myrtille-et-de-mirabelle-de-lecomte-blaise-medaillees-au-salon-de-lagriculture\/","name":"Les cr\u00e8mes de myrtille et de mirabelle de Lecomte Blaise m\u00e9daill\u00e9es au Salon de l'Agriculture - La Plaine des Vosges","isPartOf":{"@id":"https:\/\/vosgesinfo.fr\/laplainedesvosgesinfo\/#website"},"primaryImageOfPage":{"@id":"https:\/\/vosgesinfo.fr\/laplainedesvosgesinfo\/2025\/02\/les-cremes-de-myrtille-et-de-mirabelle-de-lecomte-blaise-medaillees-au-salon-de-lagriculture\/#primaryimage"},"image":{"@id":"https:\/\/vosgesinfo.fr\/laplainedesvosgesinfo\/2025\/02\/les-cremes-de-myrtille-et-de-mirabelle-de-lecomte-blaise-medaillees-au-salon-de-lagriculture\/#primaryimage"},"thumbnailUrl":"https:\/\/vosgesinfo.fr\/app\/uploads\/sites\/2\/2025\/02\/ape.jpg","datePublished":"2025-02-26T13:22:32+00:00","dateModified":"2025-02-26T13:22:32+00:00","breadcrumb":{"@id":"https:\/\/vosgesinfo.fr\/laplainedesvosgesinfo\/2025\/02\/les-cremes-de-myrtille-et-de-mirabelle-de-lecomte-blaise-medaillees-au-salon-de-lagriculture\/#breadcrumb"},"inLanguage":"fr-FR","potentialAction":[{"@type":"ReadAction","target":["https:\/\/vosgesinfo.fr\/laplainedesvosgesinfo\/2025\/02\/les-cremes-de-myrtille-et-de-mirabelle-de-lecomte-blaise-medaillees-au-salon-de-lagriculture\/"]}]},{"@type":"ImageObject","inLanguage":"fr-FR","@id":"https:\/\/vosgesinfo.fr\/laplainedesvosgesinfo\/2025\/02\/les-cremes-de-myrtille-et-de-mirabelle-de-lecomte-blaise-medaillees-au-salon-de-lagriculture\/#primaryimage","url":"https:\/\/vosgesinfo.fr\/app\/uploads\/sites\/2\/2025\/02\/ape.jpg","contentUrl":"https:\/\/vosgesinfo.fr\/app\/uploads\/sites\/2\/2025\/02\/ape.jpg","width":1654,"height":1172},{"@type":"BreadcrumbList","@id":"https:\/\/vosgesinfo.fr\/laplainedesvosgesinfo\/2025\/02\/les-cremes-de-myrtille-et-de-mirabelle-de-lecomte-blaise-medaillees-au-salon-de-lagriculture\/#breadcrumb","itemListElement":[{"@type":"ListItem","position":1,"name":"Home","item":"https:\/\/vosgesinfo.fr\/laplainedesvosgesinfo\/"},{"@type":"ListItem","position":2,"name":"Les cr\u00e8mes de myrtille et de mirabelle de Lecomte Blaise m\u00e9daill\u00e9es au Salon de l&rsquo;Agriculture"}]},{"@type":"WebSite","@id":"https:\/\/vosgesinfo.fr\/laplainedesvosgesinfo\/#website","url":"https:\/\/vosgesinfo.fr\/laplainedesvosgesinfo\/","name":"La Plaine des Vosges","description":"Toute l&#039;actualit\u00e9 de la plaine de Vosges","publisher":{"@id":"https:\/\/vosgesinfo.fr\/laplainedesvosgesinfo\/#organization"},"alternateName":"Toute l'actualit\u00e9 de la plaine des Vosges","potentialAction":[{"@type":"SearchAction","target":{"@type":"EntryPoint","urlTemplate":"https:\/\/vosgesinfo.fr\/laplainedesvosgesinfo\/?s={search_term_string}"},"query-input":"required name=search_term_string"}],"inLanguage":"fr-FR"},{"@type":"Organization","@id":"https:\/\/vosgesinfo.fr\/laplainedesvosgesinfo\/#organization","name":"La Plaine des Vosges","url":"https:\/\/vosgesinfo.fr\/laplainedesvosgesinfo\/","logo":{"@type":"ImageObject","inLanguage":"fr-FR","@id":"https:\/\/vosgesinfo.fr\/laplainedesvosgesinfo\/#\/schema\/logo\/image\/","url":"https:\/\/vosgesinfo.fr\/app\/uploads\/sites\/2\/2023\/08\/logo-laplaineinfo.svg","contentUrl":"https:\/\/vosgesinfo.fr\/app\/uploads\/sites\/2\/2023\/08\/logo-laplaineinfo.svg","width":1,"height":1,"caption":"La Plaine des Vosges"},"image":{"@id":"https:\/\/vosgesinfo.fr\/laplainedesvosgesinfo\/#\/schema\/logo\/image\/"},"sameAs":["https:\/\/www.facebook.com\/laplainedesvosges","https:\/\/x.com\/VosgesInfo88","https:\/\/www.youtube.com\/@vosgesinfo"]},{"@type":"Person","@id":"https:\/\/vosgesinfo.fr\/laplainedesvosgesinfo\/#\/schema\/person\/4f38cd3068e342935b7304695c797d08","name":"C.M","image":{"@type":"ImageObject","inLanguage":"fr-FR","@id":"https:\/\/vosgesinfo.fr\/laplainedesvosgesinfo\/#\/schema\/person\/image\/","url":"https:\/\/secure.gravatar.com\/avatar\/fe9daaef0164d920717484172682f3c5c9bcf7d42aa8c7048c76c34f0eb6c8da?s=96&d=mm&r=g","contentUrl":"https:\/\/secure.gravatar.com\/avatar\/fe9daaef0164d920717484172682f3c5c9bcf7d42aa8c7048c76c34f0eb6c8da?s=96&d=mm&r=g","caption":"C.M"},"url":"https:\/\/vosgesinfo.fr\/laplainedesvosgesinfo\/author\/cm88200\/"}]}},"_links":{"self":[{"href":"https:\/\/vosgesinfo.fr\/laplainedesvosgesinfo\/wp-json\/wp\/v2\/posts\/28839","targetHints":{"allow":["GET"]}}],"collection":[{"href":"https:\/\/vosgesinfo.fr\/laplainedesvosgesinfo\/wp-json\/wp\/v2\/posts"}],"about":[{"href":"https:\/\/vosgesinfo.fr\/laplainedesvosgesinfo\/wp-json\/wp\/v2\/types\/post"}],"author":[{"embeddable":true,"href":"https:\/\/vosgesinfo.fr\/laplainedesvosgesinfo\/wp-json\/wp\/v2\/users\/418"}],"replies":[{"embeddable":true,"href":"https:\/\/vosgesinfo.fr\/laplainedesvosgesinfo\/wp-json\/wp\/v2\/comments?post=28839"}],"version-history":[{"count":0,"href":"https:\/\/vosgesinfo.fr\/laplainedesvosgesinfo\/wp-json\/wp\/v2\/posts\/28839\/revisions"}],"wp:featuredmedia":[{"embeddable":true,"href":"https:\/\/vosgesinfo.fr\/laplainedesvosgesinfo\/wp-json\/wp\/v2\/media\/28840"}],"wp:attachment":[{"href":"https:\/\/vosgesinfo.fr\/laplainedesvosgesinfo\/wp-json\/wp\/v2\/media?parent=28839"}],"wp:term":[{"taxonomy":"category","embeddable":true,"href":"https:\/\/vosgesinfo.fr\/laplainedesvosgesinfo\/wp-json\/wp\/v2\/categories?post=28839"},{"taxonomy":"post_tag","embeddable":true,"href":"https:\/\/vosgesinfo.fr\/laplainedesvosgesinfo\/wp-json\/wp\/v2\/tags?post=28839"}],"curies":[{"name":"wp","href":"https:\/\/api.w.org\/{rel}","templated":true}]}}