{"id":28841,"date":"2025-02-26T14:58:10","date_gmt":"2025-02-26T13:58:10","guid":{"rendered":"https:\/\/vosgesinfo.fr\/laplainedesvosgesinfo\/2025\/02\/diffuser-de-la-musique-lors-de-funerailles-sera-desormais-payant\/"},"modified":"2025-02-26T14:58:10","modified_gmt":"2025-02-26T13:58:10","slug":"diffuser-de-la-musique-lors-de-funerailles-sera-desormais-payant","status":"publish","type":"post","link":"https:\/\/vosgesinfo.fr\/laplainedesvosgesinfo\/2025\/02\/diffuser-de-la-musique-lors-de-funerailles-sera-desormais-payant\/","title":{"rendered":"Diffuser de la musique lors de fun\u00e9railles sera d\u00e9sormais payant"},"content":{"rendered":"<p data-pm-slice=\"0 0 []\"><a href=\"https:\/\/vosgesinfo.fr\/app\/uploads\/sites\/5\/2024\/09\/202004enterrement-800x533-1.jpg\"><img decoding=\"async\" class=\"aligncenter size-full wp-image-26591\" src=\"https:\/\/vosgesinfo.fr\/app\/uploads\/sites\/5\/2024\/09\/202004enterrement-800x533-1.jpg\" alt=\"\" width=\"800\" height=\"533\" \/><\/a><\/p>\n<p data-pm-slice=\"0 0 []\"><strong>La diffusion de musique lors de fun\u00e9railles sera bient\u00f4t payante pour les familles. En effet, un accord vient d&rsquo;\u00eatre sign\u00e9 entre la SACEM (Soci\u00e9t\u00e9 des Auteurs, Compositeurs et \u00c9diteurs de Musique) et la F\u00e9d\u00e9ration Nationale du Fun\u00e9raire (FNF), la F\u00e9d\u00e9ration Fran\u00e7aise des Pompes Fun\u00e8bres (FFPF) et l\u2019Union du P\u00f4le Fun\u00e9raire Public (UPFP).\u00a0<\/strong><\/p>\n<p>Ce nouvel accord permet aux op\u00e9rateurs fun\u00e9raires affili\u00e9s \u00e0 ces f\u00e9d\u00e9rations d\u2019acc\u00e9der au r\u00e9pertoire musical g\u00e9r\u00e9 par la Sacem pour accompagner les c\u00e9r\u00e9monies civiles.\u00a0En plus de garantir une utilisation l\u00e9gale de la musique, cet accord vise \u00e0 <strong>pr\u00e9server un \u00e9quilibre entre accessibilit\u00e9 financi\u00e8re pour les familles et juste r\u00e9mun\u00e9ration des cr\u00e9ateurs<\/strong>. Il r\u00e9pond ainsi \u00e0 une double exigence : permettre un dernier hommage empreint d\u2019\u00e9motion et assurer la reconnaissance du travail des auteurs et compositeurs.<\/p>\n<p><strong>Les musiques les plus diffus\u00e9es\u00a0<\/strong><\/p>\n<p>Un classement des musiques les plus diffus\u00e9es aux obs\u00e8ques d&rsquo;apr\u00e8s France Bleu place en t\u00eate Jean-Jacques Goldman avec la musique <em>Puisque tu Pars<\/em>, suivi du <em>Paradis Blanc<\/em> de Michel Berger et en troisi\u00e8me position, <em>Mon Vieux<\/em> de Daniel Guichard.<\/p>\n<p>C\u00e9line Dion et ses deux titres, <em>Vole<\/em> et <em>Encore un soir<\/em>, occupent la quatri\u00e8me et la dixi\u00e8me place. La cinqui\u00e8me place revient \u00e0 Gr\u00e9goire avec <em>Chanson pour un Enterrement<\/em>, puis <em>Si j&rsquo;avais Su<\/em> de Claudio Capeo, <em>La Montagne<\/em> de Jean Ferrat, <em>Ave Maria<\/em> en huiti\u00e8me place et <em>Les Yeux de la Mama<\/em> de Kendji en neuvi\u00e8me position.<\/p>\n","protected":false},"excerpt":{"rendered":"<p>La diffusion de musique lors de fun\u00e9railles sera bient\u00f4t payante pour les familles. En effet, un accord vient d&rsquo;\u00eatre sign\u00e9 [&hellip;]<\/p>\n","protected":false},"author":418,"featured_media":28842,"comment_status":"open","ping_status":"open","sticky":false,"template":"","format":"standard","meta":{"footnotes":""},"categories":[29,383,294,380,403,381,384],"tags":[8104,8105,8106],"class_list":["post-28841","post","type-post","status-publish","format-standard","has-post-thumbnail","hentry","category-a-la-une","category-epinal","category-gerardmer","category-la-plaine-des-vosges","category-musique","category-remiremont","category-saint-die","tag-enterrement","tag-musique-funerailles","tag-sacem"],"acf":[],"yoast_head":"<!-- This site is optimized with the Yoast SEO plugin v22.5 - https:\/\/yoast.com\/wordpress\/plugins\/seo\/ -->\n<title>Diffuser de la musique lors de fun\u00e9railles sera d\u00e9sormais payant - La Plaine des Vosges<\/title>\n<meta name=\"robots\" content=\"index, follow, max-snippet:-1, max-image-preview:large, max-video-preview:-1\" \/>\n<link rel=\"canonical\" href=\"https:\/\/vosgesinfo.fr\/laplainedesvosgesinfo\/2025\/02\/diffuser-de-la-musique-lors-de-funerailles-sera-desormais-payant\/\" \/>\n<meta name=\"twitter:card\" content=\"summary_large_image\" \/>\n<meta name=\"twitter:title\" content=\"Diffuser de la musique lors de fun\u00e9railles sera d\u00e9sormais payant - La Plaine des Vosges\" \/>\n<meta name=\"twitter:description\" content=\"La diffusion de musique lors de fun\u00e9railles sera bient\u00f4t payante pour les familles. En effet, un accord vient d&rsquo;\u00eatre sign\u00e9 [&hellip;]\" \/>\n<meta name=\"twitter:image\" content=\"https:\/\/vosgesinfo.fr\/app\/uploads\/sites\/2\/2025\/02\/202004enterrement-800x533-1.jpg\" \/>\n<meta name=\"twitter:creator\" content=\"@VosgesInfo88\" \/>\n<meta name=\"twitter:site\" content=\"@VosgesInfo88\" \/>\n<meta name=\"twitter:label1\" content=\"\u00c9crit par\" \/>\n\t<meta name=\"twitter:data1\" content=\"C.M\" \/>\n\t<meta name=\"twitter:label2\" content=\"Dur\u00e9e de lecture estim\u00e9e\" \/>\n\t<meta name=\"twitter:data2\" content=\"1 minute\" \/>\n<script type=\"application\/ld+json\" class=\"yoast-schema-graph\">{\"@context\":\"https:\/\/schema.org\",\"@graph\":[{\"@type\":\"Article\",\"@id\":\"https:\/\/vosgesinfo.fr\/laplainedesvosgesinfo\/2025\/02\/diffuser-de-la-musique-lors-de-funerailles-sera-desormais-payant\/#article\",\"isPartOf\":{\"@id\":\"https:\/\/vosgesinfo.fr\/laplainedesvosgesinfo\/2025\/02\/diffuser-de-la-musique-lors-de-funerailles-sera-desormais-payant\/\"},\"author\":{\"name\":\"C.M\",\"@id\":\"https:\/\/vosgesinfo.fr\/laplainedesvosgesinfo\/#\/schema\/person\/4f38cd3068e342935b7304695c797d08\"},\"headline\":\"Diffuser de la musique lors de fun\u00e9railles sera d\u00e9sormais payant\",\"datePublished\":\"2025-02-26T13:58:10+00:00\",\"dateModified\":\"2025-02-26T13:58:10+00:00\",\"mainEntityOfPage\":{\"@id\":\"https:\/\/vosgesinfo.fr\/laplainedesvosgesinfo\/2025\/02\/diffuser-de-la-musique-lors-de-funerailles-sera-desormais-payant\/\"},\"wordCount\":284,\"commentCount\":0,\"publisher\":{\"@id\":\"https:\/\/vosgesinfo.fr\/laplainedesvosgesinfo\/#organization\"},\"image\":{\"@id\":\"https:\/\/vosgesinfo.fr\/laplainedesvosgesinfo\/2025\/02\/diffuser-de-la-musique-lors-de-funerailles-sera-desormais-payant\/#primaryimage\"},\"thumbnailUrl\":\"https:\/\/vosgesinfo.fr\/app\/uploads\/sites\/2\/2025\/02\/202004enterrement-800x533-1.jpg\",\"keywords\":[\"enterrement\",\"Musique fun\u00e9railles\",\"SACEM\"],\"articleSection\":[\"A la Une\",\"Epinal\",\"G\u00e9rardmer\",\"La plaine des vosges\",\"Musique\",\"Remiremont\",\"Saint-di\u00e9\"],\"inLanguage\":\"fr-FR\",\"potentialAction\":[{\"@type\":\"CommentAction\",\"name\":\"Comment\",\"target\":[\"https:\/\/vosgesinfo.fr\/laplainedesvosgesinfo\/2025\/02\/diffuser-de-la-musique-lors-de-funerailles-sera-desormais-payant\/#respond\"]}]},{\"@type\":\"WebPage\",\"@id\":\"https:\/\/vosgesinfo.fr\/laplainedesvosgesinfo\/2025\/02\/diffuser-de-la-musique-lors-de-funerailles-sera-desormais-payant\/\",\"url\":\"https:\/\/vosgesinfo.fr\/laplainedesvosgesinfo\/2025\/02\/diffuser-de-la-musique-lors-de-funerailles-sera-desormais-payant\/\",\"name\":\"Diffuser de la musique lors de fun\u00e9railles sera d\u00e9sormais payant - La Plaine des Vosges\",\"isPartOf\":{\"@id\":\"https:\/\/vosgesinfo.fr\/laplainedesvosgesinfo\/#website\"},\"primaryImageOfPage\":{\"@id\":\"https:\/\/vosgesinfo.fr\/laplainedesvosgesinfo\/2025\/02\/diffuser-de-la-musique-lors-de-funerailles-sera-desormais-payant\/#primaryimage\"},\"image\":{\"@id\":\"https:\/\/vosgesinfo.fr\/laplainedesvosgesinfo\/2025\/02\/diffuser-de-la-musique-lors-de-funerailles-sera-desormais-payant\/#primaryimage\"},\"thumbnailUrl\":\"https:\/\/vosgesinfo.fr\/app\/uploads\/sites\/2\/2025\/02\/202004enterrement-800x533-1.jpg\",\"datePublished\":\"2025-02-26T13:58:10+00:00\",\"dateModified\":\"2025-02-26T13:58:10+00:00\",\"breadcrumb\":{\"@id\":\"https:\/\/vosgesinfo.fr\/laplainedesvosgesinfo\/2025\/02\/diffuser-de-la-musique-lors-de-funerailles-sera-desormais-payant\/#breadcrumb\"},\"inLanguage\":\"fr-FR\",\"potentialAction\":[{\"@type\":\"ReadAction\",\"target\":[\"https:\/\/vosgesinfo.fr\/laplainedesvosgesinfo\/2025\/02\/diffuser-de-la-musique-lors-de-funerailles-sera-desormais-payant\/\"]}]},{\"@type\":\"ImageObject\",\"inLanguage\":\"fr-FR\",\"@id\":\"https:\/\/vosgesinfo.fr\/laplainedesvosgesinfo\/2025\/02\/diffuser-de-la-musique-lors-de-funerailles-sera-desormais-payant\/#primaryimage\",\"url\":\"https:\/\/vosgesinfo.fr\/app\/uploads\/sites\/2\/2025\/02\/202004enterrement-800x533-1.jpg\",\"contentUrl\":\"https:\/\/vosgesinfo.fr\/app\/uploads\/sites\/2\/2025\/02\/202004enterrement-800x533-1.jpg\",\"width\":800,\"height\":533},{\"@type\":\"BreadcrumbList\",\"@id\":\"https:\/\/vosgesinfo.fr\/laplainedesvosgesinfo\/2025\/02\/diffuser-de-la-musique-lors-de-funerailles-sera-desormais-payant\/#breadcrumb\",\"itemListElement\":[{\"@type\":\"ListItem\",\"position\":1,\"name\":\"Home\",\"item\":\"https:\/\/vosgesinfo.fr\/laplainedesvosgesinfo\/\"},{\"@type\":\"ListItem\",\"position\":2,\"name\":\"Diffuser de la musique lors de fun\u00e9railles sera d\u00e9sormais payant\"}]},{\"@type\":\"WebSite\",\"@id\":\"https:\/\/vosgesinfo.fr\/laplainedesvosgesinfo\/#website\",\"url\":\"https:\/\/vosgesinfo.fr\/laplainedesvosgesinfo\/\",\"name\":\"La Plaine des Vosges\",\"description\":\"Toute l&#039;actualit\u00e9 de la plaine de Vosges\",\"publisher\":{\"@id\":\"https:\/\/vosgesinfo.fr\/laplainedesvosgesinfo\/#organization\"},\"alternateName\":\"Toute l'actualit\u00e9 de la plaine des Vosges\",\"potentialAction\":[{\"@type\":\"SearchAction\",\"target\":{\"@type\":\"EntryPoint\",\"urlTemplate\":\"https:\/\/vosgesinfo.fr\/laplainedesvosgesinfo\/?s={search_term_string}\"},\"query-input\":\"required name=search_term_string\"}],\"inLanguage\":\"fr-FR\"},{\"@type\":\"Organization\",\"@id\":\"https:\/\/vosgesinfo.fr\/laplainedesvosgesinfo\/#organization\",\"name\":\"La Plaine des Vosges\",\"url\":\"https:\/\/vosgesinfo.fr\/laplainedesvosgesinfo\/\",\"logo\":{\"@type\":\"ImageObject\",\"inLanguage\":\"fr-FR\",\"@id\":\"https:\/\/vosgesinfo.fr\/laplainedesvosgesinfo\/#\/schema\/logo\/image\/\",\"url\":\"https:\/\/vosgesinfo.fr\/app\/uploads\/sites\/2\/2023\/08\/logo-laplaineinfo.svg\",\"contentUrl\":\"https:\/\/vosgesinfo.fr\/app\/uploads\/sites\/2\/2023\/08\/logo-laplaineinfo.svg\",\"width\":1,\"height\":1,\"caption\":\"La Plaine des Vosges\"},\"image\":{\"@id\":\"https:\/\/vosgesinfo.fr\/laplainedesvosgesinfo\/#\/schema\/logo\/image\/\"},\"sameAs\":[\"https:\/\/www.facebook.com\/laplainedesvosges\",\"https:\/\/x.com\/VosgesInfo88\",\"https:\/\/www.youtube.com\/@vosgesinfo\"]},{\"@type\":\"Person\",\"@id\":\"https:\/\/vosgesinfo.fr\/laplainedesvosgesinfo\/#\/schema\/person\/4f38cd3068e342935b7304695c797d08\",\"name\":\"C.M\",\"image\":{\"@type\":\"ImageObject\",\"inLanguage\":\"fr-FR\",\"@id\":\"https:\/\/vosgesinfo.fr\/laplainedesvosgesinfo\/#\/schema\/person\/image\/\",\"url\":\"https:\/\/secure.gravatar.com\/avatar\/fe9daaef0164d920717484172682f3c5c9bcf7d42aa8c7048c76c34f0eb6c8da?s=96&d=mm&r=g\",\"contentUrl\":\"https:\/\/secure.gravatar.com\/avatar\/fe9daaef0164d920717484172682f3c5c9bcf7d42aa8c7048c76c34f0eb6c8da?s=96&d=mm&r=g\",\"caption\":\"C.M\"},\"url\":\"https:\/\/vosgesinfo.fr\/laplainedesvosgesinfo\/author\/cm88200\/\"}]}<\/script>\n<!-- \/ Yoast SEO plugin. -->","yoast_head_json":{"title":"Diffuser de la musique lors de fun\u00e9railles sera d\u00e9sormais payant - La Plaine des Vosges","robots":{"index":"index","follow":"follow","max-snippet":"max-snippet:-1","max-image-preview":"max-image-preview:large","max-video-preview":"max-video-preview:-1"},"canonical":"https:\/\/vosgesinfo.fr\/laplainedesvosgesinfo\/2025\/02\/diffuser-de-la-musique-lors-de-funerailles-sera-desormais-payant\/","twitter_card":"summary_large_image","twitter_title":"Diffuser de la musique lors de fun\u00e9railles sera d\u00e9sormais payant - La Plaine des Vosges","twitter_description":"La diffusion de musique lors de fun\u00e9railles sera bient\u00f4t payante pour les familles. En effet, un accord vient d&rsquo;\u00eatre sign\u00e9 [&hellip;]","twitter_image":"https:\/\/vosgesinfo.fr\/app\/uploads\/sites\/2\/2025\/02\/202004enterrement-800x533-1.jpg","twitter_creator":"@VosgesInfo88","twitter_site":"@VosgesInfo88","twitter_misc":{"\u00c9crit par":"C.M","Dur\u00e9e de lecture estim\u00e9e":"1 minute"},"schema":{"@context":"https:\/\/schema.org","@graph":[{"@type":"Article","@id":"https:\/\/vosgesinfo.fr\/laplainedesvosgesinfo\/2025\/02\/diffuser-de-la-musique-lors-de-funerailles-sera-desormais-payant\/#article","isPartOf":{"@id":"https:\/\/vosgesinfo.fr\/laplainedesvosgesinfo\/2025\/02\/diffuser-de-la-musique-lors-de-funerailles-sera-desormais-payant\/"},"author":{"name":"C.M","@id":"https:\/\/vosgesinfo.fr\/laplainedesvosgesinfo\/#\/schema\/person\/4f38cd3068e342935b7304695c797d08"},"headline":"Diffuser de la musique lors de fun\u00e9railles sera d\u00e9sormais payant","datePublished":"2025-02-26T13:58:10+00:00","dateModified":"2025-02-26T13:58:10+00:00","mainEntityOfPage":{"@id":"https:\/\/vosgesinfo.fr\/laplainedesvosgesinfo\/2025\/02\/diffuser-de-la-musique-lors-de-funerailles-sera-desormais-payant\/"},"wordCount":284,"commentCount":0,"publisher":{"@id":"https:\/\/vosgesinfo.fr\/laplainedesvosgesinfo\/#organization"},"image":{"@id":"https:\/\/vosgesinfo.fr\/laplainedesvosgesinfo\/2025\/02\/diffuser-de-la-musique-lors-de-funerailles-sera-desormais-payant\/#primaryimage"},"thumbnailUrl":"https:\/\/vosgesinfo.fr\/app\/uploads\/sites\/2\/2025\/02\/202004enterrement-800x533-1.jpg","keywords":["enterrement","Musique fun\u00e9railles","SACEM"],"articleSection":["A la Une","Epinal","G\u00e9rardmer","La plaine des vosges","Musique","Remiremont","Saint-di\u00e9"],"inLanguage":"fr-FR","potentialAction":[{"@type":"CommentAction","name":"Comment","target":["https:\/\/vosgesinfo.fr\/laplainedesvosgesinfo\/2025\/02\/diffuser-de-la-musique-lors-de-funerailles-sera-desormais-payant\/#respond"]}]},{"@type":"WebPage","@id":"https:\/\/vosgesinfo.fr\/laplainedesvosgesinfo\/2025\/02\/diffuser-de-la-musique-lors-de-funerailles-sera-desormais-payant\/","url":"https:\/\/vosgesinfo.fr\/laplainedesvosgesinfo\/2025\/02\/diffuser-de-la-musique-lors-de-funerailles-sera-desormais-payant\/","name":"Diffuser de la musique lors de fun\u00e9railles sera d\u00e9sormais payant - La Plaine des Vosges","isPartOf":{"@id":"https:\/\/vosgesinfo.fr\/laplainedesvosgesinfo\/#website"},"primaryImageOfPage":{"@id":"https:\/\/vosgesinfo.fr\/laplainedesvosgesinfo\/2025\/02\/diffuser-de-la-musique-lors-de-funerailles-sera-desormais-payant\/#primaryimage"},"image":{"@id":"https:\/\/vosgesinfo.fr\/laplainedesvosgesinfo\/2025\/02\/diffuser-de-la-musique-lors-de-funerailles-sera-desormais-payant\/#primaryimage"},"thumbnailUrl":"https:\/\/vosgesinfo.fr\/app\/uploads\/sites\/2\/2025\/02\/202004enterrement-800x533-1.jpg","datePublished":"2025-02-26T13:58:10+00:00","dateModified":"2025-02-26T13:58:10+00:00","breadcrumb":{"@id":"https:\/\/vosgesinfo.fr\/laplainedesvosgesinfo\/2025\/02\/diffuser-de-la-musique-lors-de-funerailles-sera-desormais-payant\/#breadcrumb"},"inLanguage":"fr-FR","potentialAction":[{"@type":"ReadAction","target":["https:\/\/vosgesinfo.fr\/laplainedesvosgesinfo\/2025\/02\/diffuser-de-la-musique-lors-de-funerailles-sera-desormais-payant\/"]}]},{"@type":"ImageObject","inLanguage":"fr-FR","@id":"https:\/\/vosgesinfo.fr\/laplainedesvosgesinfo\/2025\/02\/diffuser-de-la-musique-lors-de-funerailles-sera-desormais-payant\/#primaryimage","url":"https:\/\/vosgesinfo.fr\/app\/uploads\/sites\/2\/2025\/02\/202004enterrement-800x533-1.jpg","contentUrl":"https:\/\/vosgesinfo.fr\/app\/uploads\/sites\/2\/2025\/02\/202004enterrement-800x533-1.jpg","width":800,"height":533},{"@type":"BreadcrumbList","@id":"https:\/\/vosgesinfo.fr\/laplainedesvosgesinfo\/2025\/02\/diffuser-de-la-musique-lors-de-funerailles-sera-desormais-payant\/#breadcrumb","itemListElement":[{"@type":"ListItem","position":1,"name":"Home","item":"https:\/\/vosgesinfo.fr\/laplainedesvosgesinfo\/"},{"@type":"ListItem","position":2,"name":"Diffuser de la musique lors de fun\u00e9railles sera d\u00e9sormais payant"}]},{"@type":"WebSite","@id":"https:\/\/vosgesinfo.fr\/laplainedesvosgesinfo\/#website","url":"https:\/\/vosgesinfo.fr\/laplainedesvosgesinfo\/","name":"La Plaine des Vosges","description":"Toute l&#039;actualit\u00e9 de la plaine de Vosges","publisher":{"@id":"https:\/\/vosgesinfo.fr\/laplainedesvosgesinfo\/#organization"},"alternateName":"Toute l'actualit\u00e9 de la plaine des Vosges","potentialAction":[{"@type":"SearchAction","target":{"@type":"EntryPoint","urlTemplate":"https:\/\/vosgesinfo.fr\/laplainedesvosgesinfo\/?s={search_term_string}"},"query-input":"required name=search_term_string"}],"inLanguage":"fr-FR"},{"@type":"Organization","@id":"https:\/\/vosgesinfo.fr\/laplainedesvosgesinfo\/#organization","name":"La Plaine des Vosges","url":"https:\/\/vosgesinfo.fr\/laplainedesvosgesinfo\/","logo":{"@type":"ImageObject","inLanguage":"fr-FR","@id":"https:\/\/vosgesinfo.fr\/laplainedesvosgesinfo\/#\/schema\/logo\/image\/","url":"https:\/\/vosgesinfo.fr\/app\/uploads\/sites\/2\/2023\/08\/logo-laplaineinfo.svg","contentUrl":"https:\/\/vosgesinfo.fr\/app\/uploads\/sites\/2\/2023\/08\/logo-laplaineinfo.svg","width":1,"height":1,"caption":"La Plaine des Vosges"},"image":{"@id":"https:\/\/vosgesinfo.fr\/laplainedesvosgesinfo\/#\/schema\/logo\/image\/"},"sameAs":["https:\/\/www.facebook.com\/laplainedesvosges","https:\/\/x.com\/VosgesInfo88","https:\/\/www.youtube.com\/@vosgesinfo"]},{"@type":"Person","@id":"https:\/\/vosgesinfo.fr\/laplainedesvosgesinfo\/#\/schema\/person\/4f38cd3068e342935b7304695c797d08","name":"C.M","image":{"@type":"ImageObject","inLanguage":"fr-FR","@id":"https:\/\/vosgesinfo.fr\/laplainedesvosgesinfo\/#\/schema\/person\/image\/","url":"https:\/\/secure.gravatar.com\/avatar\/fe9daaef0164d920717484172682f3c5c9bcf7d42aa8c7048c76c34f0eb6c8da?s=96&d=mm&r=g","contentUrl":"https:\/\/secure.gravatar.com\/avatar\/fe9daaef0164d920717484172682f3c5c9bcf7d42aa8c7048c76c34f0eb6c8da?s=96&d=mm&r=g","caption":"C.M"},"url":"https:\/\/vosgesinfo.fr\/laplainedesvosgesinfo\/author\/cm88200\/"}]}},"_links":{"self":[{"href":"https:\/\/vosgesinfo.fr\/laplainedesvosgesinfo\/wp-json\/wp\/v2\/posts\/28841","targetHints":{"allow":["GET"]}}],"collection":[{"href":"https:\/\/vosgesinfo.fr\/laplainedesvosgesinfo\/wp-json\/wp\/v2\/posts"}],"about":[{"href":"https:\/\/vosgesinfo.fr\/laplainedesvosgesinfo\/wp-json\/wp\/v2\/types\/post"}],"author":[{"embeddable":true,"href":"https:\/\/vosgesinfo.fr\/laplainedesvosgesinfo\/wp-json\/wp\/v2\/users\/418"}],"replies":[{"embeddable":true,"href":"https:\/\/vosgesinfo.fr\/laplainedesvosgesinfo\/wp-json\/wp\/v2\/comments?post=28841"}],"version-history":[{"count":0,"href":"https:\/\/vosgesinfo.fr\/laplainedesvosgesinfo\/wp-json\/wp\/v2\/posts\/28841\/revisions"}],"wp:featuredmedia":[{"embeddable":true,"href":"https:\/\/vosgesinfo.fr\/laplainedesvosgesinfo\/wp-json\/wp\/v2\/media\/28842"}],"wp:attachment":[{"href":"https:\/\/vosgesinfo.fr\/laplainedesvosgesinfo\/wp-json\/wp\/v2\/media?parent=28841"}],"wp:term":[{"taxonomy":"category","embeddable":true,"href":"https:\/\/vosgesinfo.fr\/laplainedesvosgesinfo\/wp-json\/wp\/v2\/categories?post=28841"},{"taxonomy":"post_tag","embeddable":true,"href":"https:\/\/vosgesinfo.fr\/laplainedesvosgesinfo\/wp-json\/wp\/v2\/tags?post=28841"}],"curies":[{"name":"wp","href":"https:\/\/api.w.org\/{rel}","templated":true}]}}