{"id":28911,"date":"2025-03-06T07:00:32","date_gmt":"2025-03-06T06:00:32","guid":{"rendered":"https:\/\/vosgesinfo.fr\/laplainedesvosgesinfo\/?p=28911"},"modified":"2025-03-06T07:00:32","modified_gmt":"2025-03-06T06:00:32","slug":"operation-jaime-la-nature-propre-le-15-et-16-mars-2025","status":"publish","type":"post","link":"https:\/\/vosgesinfo.fr\/laplainedesvosgesinfo\/2025\/03\/operation-jaime-la-nature-propre-le-15-et-16-mars-2025\/","title":{"rendered":"Op\u00e9ration \u00ab J\u2019aime La nature Propre \u00bb le 15 et 16 Mars 2025"},"content":{"rendered":"<h2><strong><a href=\"https:\/\/vosgesinfo.fr\/app\/uploads\/sites\/3\/2025\/03\/thumbnail-17mars-wisembach-2.jpg\"><img decoding=\"async\" class=\"aligncenter size-full wp-image-129193\" src=\"https:\/\/vosgesinfo.fr\/app\/uploads\/sites\/3\/2025\/03\/thumbnail-17mars-wisembach-2.jpg\" alt=\"\" width=\"729\" height=\"512\" \/><\/a>La F\u00e9d\u00e9ration D\u00e9partementale des Chasseurs des Vosges (FDC88) appelle \u00e0 la mobilisation le week-end du 15 et 16 mars 2025\u00a0!<\/strong><\/h2>\n<p>&nbsp;<\/p>\n<p>On d\u00e9nombre encore de trop nombreux d\u00e9p\u00f4ts sauvages de d\u00e9chets et d\u2019ordures aux portes de nos villes, dans nos campagnes, nos fleuves et nos rivi\u00e8res. <strong>En 2024,<\/strong> <strong>ce sont 25 sites qui ont \u00e9t\u00e9 nettoy\u00e9s sur le d\u00e9partement des Vosges, par 930 personnes dont 280 enfants, pour un volume de d\u00e9chets collect\u00e9 de 91m3.<\/strong><\/p>\n<p>Le renouvellement de l\u2019op\u00e9ration \u00ab\u00a0J\u2019aime la nature propre (JLNP)\u00a0\u00bb a pour objectif de mobiliser un maximum de personnes, aux c\u00f4t\u00e9s des chasseurs, sur des op\u00e9rations participatives de nettoyage de la nature.<\/p>\n<p>Cette action se fait en partenariat avec les p\u00eacheurs, les randonneurs mais aussi le Conservatoire d\u2019Espaces Naturels de Lorraine, les syndicats de collecte des d\u00e9chets, le Pays d\u2019Epinal sans oublier les collectivit\u00e9s territoriales pr\u00eates \u00e0 s\u2019engager pour la protection de l\u2019environnement et toutes les bonnes volont\u00e9s qui veulent se joindre \u00e0 nous\u00a0!<\/p>\n<p>&nbsp;<\/p>\n<p><strong>La FDC88 invite donc le public \u00e0 se mobiliser aupr\u00e8s des soci\u00e9t\u00e9s de chasse sur les 26 sites retenus dans les Vosges pour cette grande op\u00e9ration nationale de ramassage des d\u00e9chets dans la nature.<\/strong><\/p>\n<p><strong>\u00a0<\/strong><\/p>\n<p>Qui peut participer\u00a0? Tout le monde\u00a0! Particuliers, entreprise, collectivit\u00e9, amoureux de la nature\u00a0: c\u2019est une action bas\u00e9e sur le volontariat. Tout le mat\u00e9riel sera fourni\u00a0gratuitement : gants, gilet fluo, sacs poubelles.<\/p>\n<p>Au-del\u00e0 de son objectif environnemental et p\u00e9dagogique, cette action \u00e9cocitoyenne vise aussi \u00e0 favoriser les \u00e9changes entre usagers de la nature, au sein du monde rural, pour mieux vivre la nature ensemble.<\/p>\n<p><strong>Pour connaitre le lieu de ramassage le plus proche de chez vous rendez-vous sur le site internet <\/strong><a href=\"http:\/\/www.jaimelanaturepropre.fr\"><strong>www.jaimelanaturepropre.fr<\/strong><\/a><\/p>\n\n\t\t<style type=\"text\/css\">\n\t\t\t#gallery-1 {\n\t\t\t\tmargin: auto;\n\t\t\t}\n\t\t\t#gallery-1 .gallery-item {\n\t\t\t\tfloat: left;\n\t\t\t\tmargin-top: 10px;\n\t\t\t\ttext-align: center;\n\t\t\t\twidth: 33%;\n\t\t\t}\n\t\t\t#gallery-1 img {\n\t\t\t\tborder: 2px solid #cfcfcf;\n\t\t\t}\n\t\t\t#gallery-1 .gallery-caption {\n\t\t\t\tmargin-left: 0;\n\t\t\t}\n\t\t\t\/* see gallery_shortcode() in wp-includes\/media.php *\/\n\t\t<\/style>\n\t\t<div id='gallery-1' class='gallery galleryid-28911 gallery-columns-3 gallery-size-thumbnail'><dl class='gallery-item'>\n\t\t\t<dt class='gallery-icon landscape'>\n\t\t\t\t<a href='https:\/\/vosgesinfo.fr\/app\/uploads\/sites\/2\/2025\/03\/thumbnail-fede-chasse-foret.png'><img decoding=\"async\" width=\"150\" height=\"150\" src=\"https:\/\/vosgesinfo.fr\/app\/uploads\/sites\/2\/2025\/03\/thumbnail-fede-chasse-foret-150x150.png\" class=\"attachment-thumbnail size-thumbnail\" alt=\"\" \/><\/a>\n\t\t\t<\/dt><\/dl><dl class='gallery-item'>\n\t\t\t<dt class='gallery-icon landscape'>\n\t\t\t\t<a href='https:\/\/vosgesinfo.fr\/app\/uploads\/sites\/2\/2025\/03\/carte-sites-jlnp2025.png'><img decoding=\"async\" width=\"150\" height=\"150\" src=\"https:\/\/vosgesinfo.fr\/app\/uploads\/sites\/2\/2025\/03\/carte-sites-jlnp2025-150x150.png\" class=\"attachment-thumbnail size-thumbnail\" alt=\"\" \/><\/a>\n\t\t\t<\/dt><\/dl><dl class='gallery-item'>\n\t\t\t<dt class='gallery-icon landscape'>\n\t\t\t\t<a href='https:\/\/vosgesinfo.fr\/app\/uploads\/sites\/2\/2025\/03\/thumbnail-banniere-bat.jpg'><img decoding=\"async\" width=\"150\" height=\"150\" src=\"https:\/\/vosgesinfo.fr\/app\/uploads\/sites\/2\/2025\/03\/thumbnail-banniere-bat-150x150.jpg\" class=\"attachment-thumbnail size-thumbnail\" alt=\"\" \/><\/a>\n\t\t\t<\/dt><\/dl><br style=\"clear: both\" \/>\n\t\t<\/div>\n\n<p>&nbsp;<\/p>\n","protected":false},"excerpt":{"rendered":"<p>La F\u00e9d\u00e9ration D\u00e9partementale des Chasseurs des Vosges (FDC88) appelle \u00e0 la mobilisation le week-end du 15 et 16 mars 2025\u00a0! [&hellip;]<\/p>\n","protected":false},"author":52,"featured_media":28912,"comment_status":"open","ping_status":"open","sticky":false,"template":"","format":"standard","meta":{"footnotes":""},"categories":[29,383,294,380,114,381,384],"tags":[],"class_list":["post-28911","post","type-post","status-publish","format-standard","has-post-thumbnail","hentry","category-a-la-une","category-epinal","category-gerardmer","category-la-plaine-des-vosges","category-publireportage","category-remiremont","category-saint-die"],"acf":[],"yoast_head":"<!-- This site is optimized with the Yoast SEO plugin v22.5 - https:\/\/yoast.com\/wordpress\/plugins\/seo\/ -->\n<title>Op\u00e9ration \u00ab J\u2019aime La nature Propre \u00bb le 15 et 16 Mars 2025 - La Plaine des Vosges<\/title>\n<meta name=\"robots\" content=\"index, follow, max-snippet:-1, max-image-preview:large, max-video-preview:-1\" \/>\n<link rel=\"canonical\" href=\"https:\/\/vosgesinfo.fr\/laplainedesvosgesinfo\/2025\/03\/operation-jaime-la-nature-propre-le-15-et-16-mars-2025\/\" \/>\n<meta name=\"twitter:card\" content=\"summary_large_image\" \/>\n<meta name=\"twitter:title\" content=\"Op\u00e9ration \u00ab J\u2019aime La nature Propre \u00bb le 15 et 16 Mars 2025 - La Plaine des Vosges\" \/>\n<meta name=\"twitter:description\" content=\"La F\u00e9d\u00e9ration D\u00e9partementale des Chasseurs des Vosges (FDC88) appelle \u00e0 la mobilisation le week-end du 15 et 16 mars 2025\u00a0! [&hellip;]\" \/>\n<meta name=\"twitter:image\" content=\"https:\/\/vosgesinfo.fr\/app\/uploads\/sites\/2\/2025\/03\/thumbnail-17mars-wisembach-2.jpg\" \/>\n<meta name=\"twitter:creator\" content=\"@VosgesInfo88\" \/>\n<meta name=\"twitter:site\" content=\"@VosgesInfo88\" \/>\n<meta name=\"twitter:label1\" content=\"\u00c9crit par\" \/>\n\t<meta name=\"twitter:data1\" content=\"C.K.\" \/>\n\t<meta name=\"twitter:label2\" content=\"Dur\u00e9e de lecture estim\u00e9e\" \/>\n\t<meta name=\"twitter:data2\" content=\"2 minutes\" \/>\n<script type=\"application\/ld+json\" class=\"yoast-schema-graph\">{\"@context\":\"https:\/\/schema.org\",\"@graph\":[{\"@type\":\"Article\",\"@id\":\"https:\/\/vosgesinfo.fr\/laplainedesvosgesinfo\/2025\/03\/operation-jaime-la-nature-propre-le-15-et-16-mars-2025\/#article\",\"isPartOf\":{\"@id\":\"https:\/\/vosgesinfo.fr\/laplainedesvosgesinfo\/2025\/03\/operation-jaime-la-nature-propre-le-15-et-16-mars-2025\/\"},\"author\":{\"name\":\"C.K.\",\"@id\":\"https:\/\/vosgesinfo.fr\/laplainedesvosgesinfo\/#\/schema\/person\/6f9a650eeea99d969b6c4ab78fccbe81\"},\"headline\":\"Op\u00e9ration \u00ab J\u2019aime La nature Propre \u00bb le 15 et 16 Mars 2025\",\"datePublished\":\"2025-03-06T06:00:32+00:00\",\"dateModified\":\"2025-03-06T06:00:32+00:00\",\"mainEntityOfPage\":{\"@id\":\"https:\/\/vosgesinfo.fr\/laplainedesvosgesinfo\/2025\/03\/operation-jaime-la-nature-propre-le-15-et-16-mars-2025\/\"},\"wordCount\":314,\"commentCount\":0,\"publisher\":{\"@id\":\"https:\/\/vosgesinfo.fr\/laplainedesvosgesinfo\/#organization\"},\"image\":{\"@id\":\"https:\/\/vosgesinfo.fr\/laplainedesvosgesinfo\/2025\/03\/operation-jaime-la-nature-propre-le-15-et-16-mars-2025\/#primaryimage\"},\"thumbnailUrl\":\"https:\/\/vosgesinfo.fr\/app\/uploads\/sites\/2\/2025\/03\/thumbnail-17mars-wisembach-2.jpg\",\"articleSection\":[\"A la Une\",\"Epinal\",\"G\u00e9rardmer\",\"La plaine des vosges\",\"Publireportage\",\"Remiremont\",\"Saint-di\u00e9\"],\"inLanguage\":\"fr-FR\",\"potentialAction\":[{\"@type\":\"CommentAction\",\"name\":\"Comment\",\"target\":[\"https:\/\/vosgesinfo.fr\/laplainedesvosgesinfo\/2025\/03\/operation-jaime-la-nature-propre-le-15-et-16-mars-2025\/#respond\"]}]},{\"@type\":\"WebPage\",\"@id\":\"https:\/\/vosgesinfo.fr\/laplainedesvosgesinfo\/2025\/03\/operation-jaime-la-nature-propre-le-15-et-16-mars-2025\/\",\"url\":\"https:\/\/vosgesinfo.fr\/laplainedesvosgesinfo\/2025\/03\/operation-jaime-la-nature-propre-le-15-et-16-mars-2025\/\",\"name\":\"Op\u00e9ration \u00ab J\u2019aime La nature Propre \u00bb le 15 et 16 Mars 2025 - La Plaine des Vosges\",\"isPartOf\":{\"@id\":\"https:\/\/vosgesinfo.fr\/laplainedesvosgesinfo\/#website\"},\"primaryImageOfPage\":{\"@id\":\"https:\/\/vosgesinfo.fr\/laplainedesvosgesinfo\/2025\/03\/operation-jaime-la-nature-propre-le-15-et-16-mars-2025\/#primaryimage\"},\"image\":{\"@id\":\"https:\/\/vosgesinfo.fr\/laplainedesvosgesinfo\/2025\/03\/operation-jaime-la-nature-propre-le-15-et-16-mars-2025\/#primaryimage\"},\"thumbnailUrl\":\"https:\/\/vosgesinfo.fr\/app\/uploads\/sites\/2\/2025\/03\/thumbnail-17mars-wisembach-2.jpg\",\"datePublished\":\"2025-03-06T06:00:32+00:00\",\"dateModified\":\"2025-03-06T06:00:32+00:00\",\"breadcrumb\":{\"@id\":\"https:\/\/vosgesinfo.fr\/laplainedesvosgesinfo\/2025\/03\/operation-jaime-la-nature-propre-le-15-et-16-mars-2025\/#breadcrumb\"},\"inLanguage\":\"fr-FR\",\"potentialAction\":[{\"@type\":\"ReadAction\",\"target\":[\"https:\/\/vosgesinfo.fr\/laplainedesvosgesinfo\/2025\/03\/operation-jaime-la-nature-propre-le-15-et-16-mars-2025\/\"]}]},{\"@type\":\"ImageObject\",\"inLanguage\":\"fr-FR\",\"@id\":\"https:\/\/vosgesinfo.fr\/laplainedesvosgesinfo\/2025\/03\/operation-jaime-la-nature-propre-le-15-et-16-mars-2025\/#primaryimage\",\"url\":\"https:\/\/vosgesinfo.fr\/app\/uploads\/sites\/2\/2025\/03\/thumbnail-17mars-wisembach-2.jpg\",\"contentUrl\":\"https:\/\/vosgesinfo.fr\/app\/uploads\/sites\/2\/2025\/03\/thumbnail-17mars-wisembach-2.jpg\",\"width\":729,\"height\":512},{\"@type\":\"BreadcrumbList\",\"@id\":\"https:\/\/vosgesinfo.fr\/laplainedesvosgesinfo\/2025\/03\/operation-jaime-la-nature-propre-le-15-et-16-mars-2025\/#breadcrumb\",\"itemListElement\":[{\"@type\":\"ListItem\",\"position\":1,\"name\":\"Home\",\"item\":\"https:\/\/vosgesinfo.fr\/laplainedesvosgesinfo\/\"},{\"@type\":\"ListItem\",\"position\":2,\"name\":\"Op\u00e9ration \u00ab J\u2019aime La nature Propre \u00bb le 15 et 16 Mars 2025\"}]},{\"@type\":\"WebSite\",\"@id\":\"https:\/\/vosgesinfo.fr\/laplainedesvosgesinfo\/#website\",\"url\":\"https:\/\/vosgesinfo.fr\/laplainedesvosgesinfo\/\",\"name\":\"La Plaine des Vosges\",\"description\":\"Toute l&#039;actualit\u00e9 de la plaine de Vosges\",\"publisher\":{\"@id\":\"https:\/\/vosgesinfo.fr\/laplainedesvosgesinfo\/#organization\"},\"alternateName\":\"Toute l'actualit\u00e9 de la plaine des Vosges\",\"potentialAction\":[{\"@type\":\"SearchAction\",\"target\":{\"@type\":\"EntryPoint\",\"urlTemplate\":\"https:\/\/vosgesinfo.fr\/laplainedesvosgesinfo\/?s={search_term_string}\"},\"query-input\":\"required name=search_term_string\"}],\"inLanguage\":\"fr-FR\"},{\"@type\":\"Organization\",\"@id\":\"https:\/\/vosgesinfo.fr\/laplainedesvosgesinfo\/#organization\",\"name\":\"La Plaine des Vosges\",\"url\":\"https:\/\/vosgesinfo.fr\/laplainedesvosgesinfo\/\",\"logo\":{\"@type\":\"ImageObject\",\"inLanguage\":\"fr-FR\",\"@id\":\"https:\/\/vosgesinfo.fr\/laplainedesvosgesinfo\/#\/schema\/logo\/image\/\",\"url\":\"https:\/\/vosgesinfo.fr\/app\/uploads\/sites\/2\/2023\/08\/logo-laplaineinfo.svg\",\"contentUrl\":\"https:\/\/vosgesinfo.fr\/app\/uploads\/sites\/2\/2023\/08\/logo-laplaineinfo.svg\",\"width\":1,\"height\":1,\"caption\":\"La Plaine des Vosges\"},\"image\":{\"@id\":\"https:\/\/vosgesinfo.fr\/laplainedesvosgesinfo\/#\/schema\/logo\/image\/\"},\"sameAs\":[\"https:\/\/www.facebook.com\/laplainedesvosges\",\"https:\/\/x.com\/VosgesInfo88\",\"https:\/\/www.youtube.com\/@vosgesinfo\"]},{\"@type\":\"Person\",\"@id\":\"https:\/\/vosgesinfo.fr\/laplainedesvosgesinfo\/#\/schema\/person\/6f9a650eeea99d969b6c4ab78fccbe81\",\"name\":\"C.K.\",\"image\":{\"@type\":\"ImageObject\",\"inLanguage\":\"fr-FR\",\"@id\":\"https:\/\/vosgesinfo.fr\/laplainedesvosgesinfo\/#\/schema\/person\/image\/\",\"url\":\"https:\/\/secure.gravatar.com\/avatar\/48e3fc7f8421ba8942be6b74a2b7f014ca39bc00dece156b7a8e098ae7dc87bf?s=96&d=mm&r=g\",\"contentUrl\":\"https:\/\/secure.gravatar.com\/avatar\/48e3fc7f8421ba8942be6b74a2b7f014ca39bc00dece156b7a8e098ae7dc87bf?s=96&d=mm&r=g\",\"caption\":\"C.K.\"},\"url\":\"https:\/\/vosgesinfo.fr\/laplainedesvosgesinfo\/author\/celia-k-n\/\"}]}<\/script>\n<!-- \/ Yoast SEO plugin. -->","yoast_head_json":{"title":"Op\u00e9ration \u00ab J\u2019aime La nature Propre \u00bb le 15 et 16 Mars 2025 - La Plaine des Vosges","robots":{"index":"index","follow":"follow","max-snippet":"max-snippet:-1","max-image-preview":"max-image-preview:large","max-video-preview":"max-video-preview:-1"},"canonical":"https:\/\/vosgesinfo.fr\/laplainedesvosgesinfo\/2025\/03\/operation-jaime-la-nature-propre-le-15-et-16-mars-2025\/","twitter_card":"summary_large_image","twitter_title":"Op\u00e9ration \u00ab J\u2019aime La nature Propre \u00bb le 15 et 16 Mars 2025 - La Plaine des Vosges","twitter_description":"La F\u00e9d\u00e9ration D\u00e9partementale des Chasseurs des Vosges (FDC88) appelle \u00e0 la mobilisation le week-end du 15 et 16 mars 2025\u00a0! [&hellip;]","twitter_image":"https:\/\/vosgesinfo.fr\/app\/uploads\/sites\/2\/2025\/03\/thumbnail-17mars-wisembach-2.jpg","twitter_creator":"@VosgesInfo88","twitter_site":"@VosgesInfo88","twitter_misc":{"\u00c9crit par":"C.K.","Dur\u00e9e de lecture estim\u00e9e":"2 minutes"},"schema":{"@context":"https:\/\/schema.org","@graph":[{"@type":"Article","@id":"https:\/\/vosgesinfo.fr\/laplainedesvosgesinfo\/2025\/03\/operation-jaime-la-nature-propre-le-15-et-16-mars-2025\/#article","isPartOf":{"@id":"https:\/\/vosgesinfo.fr\/laplainedesvosgesinfo\/2025\/03\/operation-jaime-la-nature-propre-le-15-et-16-mars-2025\/"},"author":{"name":"C.K.","@id":"https:\/\/vosgesinfo.fr\/laplainedesvosgesinfo\/#\/schema\/person\/6f9a650eeea99d969b6c4ab78fccbe81"},"headline":"Op\u00e9ration \u00ab J\u2019aime La nature Propre \u00bb le 15 et 16 Mars 2025","datePublished":"2025-03-06T06:00:32+00:00","dateModified":"2025-03-06T06:00:32+00:00","mainEntityOfPage":{"@id":"https:\/\/vosgesinfo.fr\/laplainedesvosgesinfo\/2025\/03\/operation-jaime-la-nature-propre-le-15-et-16-mars-2025\/"},"wordCount":314,"commentCount":0,"publisher":{"@id":"https:\/\/vosgesinfo.fr\/laplainedesvosgesinfo\/#organization"},"image":{"@id":"https:\/\/vosgesinfo.fr\/laplainedesvosgesinfo\/2025\/03\/operation-jaime-la-nature-propre-le-15-et-16-mars-2025\/#primaryimage"},"thumbnailUrl":"https:\/\/vosgesinfo.fr\/app\/uploads\/sites\/2\/2025\/03\/thumbnail-17mars-wisembach-2.jpg","articleSection":["A la Une","Epinal","G\u00e9rardmer","La plaine des vosges","Publireportage","Remiremont","Saint-di\u00e9"],"inLanguage":"fr-FR","potentialAction":[{"@type":"CommentAction","name":"Comment","target":["https:\/\/vosgesinfo.fr\/laplainedesvosgesinfo\/2025\/03\/operation-jaime-la-nature-propre-le-15-et-16-mars-2025\/#respond"]}]},{"@type":"WebPage","@id":"https:\/\/vosgesinfo.fr\/laplainedesvosgesinfo\/2025\/03\/operation-jaime-la-nature-propre-le-15-et-16-mars-2025\/","url":"https:\/\/vosgesinfo.fr\/laplainedesvosgesinfo\/2025\/03\/operation-jaime-la-nature-propre-le-15-et-16-mars-2025\/","name":"Op\u00e9ration \u00ab J\u2019aime La nature Propre \u00bb le 15 et 16 Mars 2025 - La Plaine des Vosges","isPartOf":{"@id":"https:\/\/vosgesinfo.fr\/laplainedesvosgesinfo\/#website"},"primaryImageOfPage":{"@id":"https:\/\/vosgesinfo.fr\/laplainedesvosgesinfo\/2025\/03\/operation-jaime-la-nature-propre-le-15-et-16-mars-2025\/#primaryimage"},"image":{"@id":"https:\/\/vosgesinfo.fr\/laplainedesvosgesinfo\/2025\/03\/operation-jaime-la-nature-propre-le-15-et-16-mars-2025\/#primaryimage"},"thumbnailUrl":"https:\/\/vosgesinfo.fr\/app\/uploads\/sites\/2\/2025\/03\/thumbnail-17mars-wisembach-2.jpg","datePublished":"2025-03-06T06:00:32+00:00","dateModified":"2025-03-06T06:00:32+00:00","breadcrumb":{"@id":"https:\/\/vosgesinfo.fr\/laplainedesvosgesinfo\/2025\/03\/operation-jaime-la-nature-propre-le-15-et-16-mars-2025\/#breadcrumb"},"inLanguage":"fr-FR","potentialAction":[{"@type":"ReadAction","target":["https:\/\/vosgesinfo.fr\/laplainedesvosgesinfo\/2025\/03\/operation-jaime-la-nature-propre-le-15-et-16-mars-2025\/"]}]},{"@type":"ImageObject","inLanguage":"fr-FR","@id":"https:\/\/vosgesinfo.fr\/laplainedesvosgesinfo\/2025\/03\/operation-jaime-la-nature-propre-le-15-et-16-mars-2025\/#primaryimage","url":"https:\/\/vosgesinfo.fr\/app\/uploads\/sites\/2\/2025\/03\/thumbnail-17mars-wisembach-2.jpg","contentUrl":"https:\/\/vosgesinfo.fr\/app\/uploads\/sites\/2\/2025\/03\/thumbnail-17mars-wisembach-2.jpg","width":729,"height":512},{"@type":"BreadcrumbList","@id":"https:\/\/vosgesinfo.fr\/laplainedesvosgesinfo\/2025\/03\/operation-jaime-la-nature-propre-le-15-et-16-mars-2025\/#breadcrumb","itemListElement":[{"@type":"ListItem","position":1,"name":"Home","item":"https:\/\/vosgesinfo.fr\/laplainedesvosgesinfo\/"},{"@type":"ListItem","position":2,"name":"Op\u00e9ration \u00ab J\u2019aime La nature Propre \u00bb le 15 et 16 Mars 2025"}]},{"@type":"WebSite","@id":"https:\/\/vosgesinfo.fr\/laplainedesvosgesinfo\/#website","url":"https:\/\/vosgesinfo.fr\/laplainedesvosgesinfo\/","name":"La Plaine des Vosges","description":"Toute l&#039;actualit\u00e9 de la plaine de Vosges","publisher":{"@id":"https:\/\/vosgesinfo.fr\/laplainedesvosgesinfo\/#organization"},"alternateName":"Toute l'actualit\u00e9 de la plaine des Vosges","potentialAction":[{"@type":"SearchAction","target":{"@type":"EntryPoint","urlTemplate":"https:\/\/vosgesinfo.fr\/laplainedesvosgesinfo\/?s={search_term_string}"},"query-input":"required name=search_term_string"}],"inLanguage":"fr-FR"},{"@type":"Organization","@id":"https:\/\/vosgesinfo.fr\/laplainedesvosgesinfo\/#organization","name":"La Plaine des Vosges","url":"https:\/\/vosgesinfo.fr\/laplainedesvosgesinfo\/","logo":{"@type":"ImageObject","inLanguage":"fr-FR","@id":"https:\/\/vosgesinfo.fr\/laplainedesvosgesinfo\/#\/schema\/logo\/image\/","url":"https:\/\/vosgesinfo.fr\/app\/uploads\/sites\/2\/2023\/08\/logo-laplaineinfo.svg","contentUrl":"https:\/\/vosgesinfo.fr\/app\/uploads\/sites\/2\/2023\/08\/logo-laplaineinfo.svg","width":1,"height":1,"caption":"La Plaine des Vosges"},"image":{"@id":"https:\/\/vosgesinfo.fr\/laplainedesvosgesinfo\/#\/schema\/logo\/image\/"},"sameAs":["https:\/\/www.facebook.com\/laplainedesvosges","https:\/\/x.com\/VosgesInfo88","https:\/\/www.youtube.com\/@vosgesinfo"]},{"@type":"Person","@id":"https:\/\/vosgesinfo.fr\/laplainedesvosgesinfo\/#\/schema\/person\/6f9a650eeea99d969b6c4ab78fccbe81","name":"C.K.","image":{"@type":"ImageObject","inLanguage":"fr-FR","@id":"https:\/\/vosgesinfo.fr\/laplainedesvosgesinfo\/#\/schema\/person\/image\/","url":"https:\/\/secure.gravatar.com\/avatar\/48e3fc7f8421ba8942be6b74a2b7f014ca39bc00dece156b7a8e098ae7dc87bf?s=96&d=mm&r=g","contentUrl":"https:\/\/secure.gravatar.com\/avatar\/48e3fc7f8421ba8942be6b74a2b7f014ca39bc00dece156b7a8e098ae7dc87bf?s=96&d=mm&r=g","caption":"C.K."},"url":"https:\/\/vosgesinfo.fr\/laplainedesvosgesinfo\/author\/celia-k-n\/"}]}},"_links":{"self":[{"href":"https:\/\/vosgesinfo.fr\/laplainedesvosgesinfo\/wp-json\/wp\/v2\/posts\/28911","targetHints":{"allow":["GET"]}}],"collection":[{"href":"https:\/\/vosgesinfo.fr\/laplainedesvosgesinfo\/wp-json\/wp\/v2\/posts"}],"about":[{"href":"https:\/\/vosgesinfo.fr\/laplainedesvosgesinfo\/wp-json\/wp\/v2\/types\/post"}],"author":[{"embeddable":true,"href":"https:\/\/vosgesinfo.fr\/laplainedesvosgesinfo\/wp-json\/wp\/v2\/users\/52"}],"replies":[{"embeddable":true,"href":"https:\/\/vosgesinfo.fr\/laplainedesvosgesinfo\/wp-json\/wp\/v2\/comments?post=28911"}],"version-history":[{"count":0,"href":"https:\/\/vosgesinfo.fr\/laplainedesvosgesinfo\/wp-json\/wp\/v2\/posts\/28911\/revisions"}],"wp:featuredmedia":[{"embeddable":true,"href":"https:\/\/vosgesinfo.fr\/laplainedesvosgesinfo\/wp-json\/wp\/v2\/media\/28912"}],"wp:attachment":[{"href":"https:\/\/vosgesinfo.fr\/laplainedesvosgesinfo\/wp-json\/wp\/v2\/media?parent=28911"}],"wp:term":[{"taxonomy":"category","embeddable":true,"href":"https:\/\/vosgesinfo.fr\/laplainedesvosgesinfo\/wp-json\/wp\/v2\/categories?post=28911"},{"taxonomy":"post_tag","embeddable":true,"href":"https:\/\/vosgesinfo.fr\/laplainedesvosgesinfo\/wp-json\/wp\/v2\/tags?post=28911"}],"curies":[{"name":"wp","href":"https:\/\/api.w.org\/{rel}","templated":true}]}}