{"id":2896,"date":"2016-02-23T13:28:45","date_gmt":"2016-02-23T12:28:45","guid":{"rendered":"https:\/\/vosgesinfo.fr\/laplainedesvosgesinfo\/2016\/02\/vittel-4eme-rencontre-internationale-de-poesie\/"},"modified":"2016-02-23T13:28:45","modified_gmt":"2016-02-23T12:28:45","slug":"vittel-4eme-rencontre-internationale-de-poesie","status":"publish","type":"post","link":"https:\/\/vosgesinfo.fr\/laplainedesvosgesinfo\/2016\/02\/vittel-4eme-rencontre-internationale-de-poesie\/","title":{"rendered":"Vittel &#8211; 4\u00e8me rencontre internationale de po\u00e9sie"},"content":{"rendered":"<p><strong>La biblioth\u00e8que-m\u00e9diath\u00e8que de Vittel organise la 4\u00e8me rencontre internationale de Po\u00e9sie du 14 au 19 mars. Au programme de cette manifestation des r\u00e9citals, lectures, conf\u00e9rences, d\u00e9dicaces et petits-d\u00e9jeuners. Une semaine bien remplie, o\u00f9 diverses po\u00e8tes viendront \u00e0 la rencontre des passionn\u00e9s.<\/strong><\/p>\n<p><span class=\"removed_link\" title=\"\/2016\/02\/POESIE-2016-FB.jpg\"><\/span><\/p>\n<p>Aur\u00e9lia Lassaque, Katia Lemieux, Miriam R.Kr\u00fcger et Hyam Yared seront les animatrices des ateliers propos\u00e9s tout au long de la semaine.<\/p>\n<ul>\n<li>Lundi 14 \u00e0 18h30: Rencontre-r\u00e9cital en musique avec Katia Lemieux<\/li>\n<li>Mardi 15 \u00e0 18h30: Rencontre-r\u00e9cital en musique avec Hyam Yared<\/li>\n<li>Mercredi 16 de 14h \u00e0 17h: Atelier d&rsquo;\u00e9criture \u00ab\u00a0Eau en po\u00e8mes\u00a0\u00bb anim\u00e9 par Katia Lemieux<\/li>\n<li>Mercredi 16 \u00e0 14h30: R\u00e9cital \u00e0 la Maison de Retraite du Petit Ban par Hyam Yared<\/li>\n<li>Mercredi 16 \u00e0 14h30: Atelier d&rsquo;\u00e9criture \u00e0 l&rsquo;H\u00f4pital de jour de Vittel anim\u00e9 par Miriam R.Kr\u00fcger<\/li>\n<li>Jeudi 17 \u00e0 18h30: Rencontre-r\u00e9cital en musique avec Miriam R.Kr\u00fcger<\/li>\n<li>Vendredi 18 \u00e0 18h30: Rencontre-r\u00e9cital en musique avec Aur\u00e9lia Lassaque<\/li>\n<\/ul>\n<p><em>Toutes ces rencontres sont gratuites et en entr\u00e9e libre.<\/em><\/p>\n<p>Le samedi 19 mars de 9h \u00e0 11h, un petit d\u00e9jeuner r\u00e9cital \u00e0 quatre voix vous est propos\u00e9 avec la pr\u00e9sence des quatre po\u00e8tes. Entr\u00e9e gratuite mais r\u00e9servation obligatoire.<\/p>\n<p>Tout au long de cette semaine, Hyam Yared, Katia Lemieux et Miriam R.Kr\u00fcger iront \u00e0 la rencontre des \u00e9l\u00e8ves des \u00e9tablissements scolaires de Vittel (Centre, Haut du Fol, Jules Vernes) afin d&rsquo;animer des ateliers d&rsquo;\u00e9criture et des r\u00e9citals.<\/p>\n<p>Programme complet disponible \u00e0 la biblioth\u00e8que ou <span class=\"removed_link\" title=\"http:\/\/vittel-mediatheque.fr\/frontscroll\">ici<\/span>.<\/p>\n","protected":false},"excerpt":{"rendered":"<p>La biblioth\u00e8que-m\u00e9diath\u00e8que de Vittel organise la 4\u00e8me rencontre internationale de Po\u00e9sie du 14 au 19 mars. Au programme de cette [&hellip;]<\/p>\n","protected":false},"author":1,"featured_media":0,"comment_status":"open","ping_status":"open","sticky":false,"template":"","format":"standard","meta":{"footnotes":""},"categories":[29,4,37,271,38],"tags":[],"class_list":["post-2896","post","type-post","status-publish","format-standard","hentry","category-a-la-une","category-culture","category-la-plaine","category-litterature","category-vittel-la-plaine"],"acf":[],"yoast_head":"<!-- This site is optimized with the Yoast SEO plugin v22.5 - https:\/\/yoast.com\/wordpress\/plugins\/seo\/ -->\n<title>Vittel - 4\u00e8me rencontre internationale de po\u00e9sie - La Plaine des Vosges<\/title>\n<meta name=\"robots\" content=\"index, follow, max-snippet:-1, max-image-preview:large, max-video-preview:-1\" \/>\n<link rel=\"canonical\" href=\"https:\/\/vosgesinfo.fr\/laplainedesvosgesinfo\/2016\/02\/vittel-4eme-rencontre-internationale-de-poesie\/\" \/>\n<meta name=\"twitter:card\" content=\"summary_large_image\" \/>\n<meta name=\"twitter:title\" content=\"Vittel - 4\u00e8me rencontre internationale de po\u00e9sie - La Plaine des Vosges\" \/>\n<meta name=\"twitter:description\" content=\"La biblioth\u00e8que-m\u00e9diath\u00e8que de Vittel organise la 4\u00e8me rencontre internationale de Po\u00e9sie du 14 au 19 mars. Au programme de cette [&hellip;]\" \/>\n<meta name=\"twitter:creator\" content=\"@VosgesInfo88\" \/>\n<meta name=\"twitter:site\" content=\"@VosgesInfo88\" \/>\n<meta name=\"twitter:label1\" content=\"\u00c9crit par\" \/>\n\t<meta name=\"twitter:data1\" content=\"qs_admin\" \/>\n\t<meta name=\"twitter:label2\" content=\"Dur\u00e9e de lecture estim\u00e9e\" \/>\n\t<meta name=\"twitter:data2\" content=\"1 minute\" \/>\n<script type=\"application\/ld+json\" class=\"yoast-schema-graph\">{\"@context\":\"https:\/\/schema.org\",\"@graph\":[{\"@type\":\"Article\",\"@id\":\"https:\/\/vosgesinfo.fr\/laplainedesvosgesinfo\/2016\/02\/vittel-4eme-rencontre-internationale-de-poesie\/#article\",\"isPartOf\":{\"@id\":\"https:\/\/vosgesinfo.fr\/laplainedesvosgesinfo\/2016\/02\/vittel-4eme-rencontre-internationale-de-poesie\/\"},\"author\":{\"name\":\"qs_admin\",\"@id\":\"https:\/\/vosgesinfo.fr\/laplainedesvosgesinfo\/#\/schema\/person\/bc5d02d71e6932e81b6dadb7386667b1\"},\"headline\":\"Vittel &#8211; 4\u00e8me rencontre internationale de po\u00e9sie\",\"datePublished\":\"2016-02-23T12:28:45+00:00\",\"dateModified\":\"2016-02-23T12:28:45+00:00\",\"mainEntityOfPage\":{\"@id\":\"https:\/\/vosgesinfo.fr\/laplainedesvosgesinfo\/2016\/02\/vittel-4eme-rencontre-internationale-de-poesie\/\"},\"wordCount\":260,\"commentCount\":0,\"publisher\":{\"@id\":\"https:\/\/vosgesinfo.fr\/laplainedesvosgesinfo\/#organization\"},\"articleSection\":[\"A la Une\",\"Culture\",\"La Plaine\",\"Litt\u00e9rature\",\"Vittel\"],\"inLanguage\":\"fr-FR\",\"potentialAction\":[{\"@type\":\"CommentAction\",\"name\":\"Comment\",\"target\":[\"https:\/\/vosgesinfo.fr\/laplainedesvosgesinfo\/2016\/02\/vittel-4eme-rencontre-internationale-de-poesie\/#respond\"]}]},{\"@type\":\"WebPage\",\"@id\":\"https:\/\/vosgesinfo.fr\/laplainedesvosgesinfo\/2016\/02\/vittel-4eme-rencontre-internationale-de-poesie\/\",\"url\":\"https:\/\/vosgesinfo.fr\/laplainedesvosgesinfo\/2016\/02\/vittel-4eme-rencontre-internationale-de-poesie\/\",\"name\":\"Vittel - 4\u00e8me rencontre internationale de po\u00e9sie - La Plaine des Vosges\",\"isPartOf\":{\"@id\":\"https:\/\/vosgesinfo.fr\/laplainedesvosgesinfo\/#website\"},\"datePublished\":\"2016-02-23T12:28:45+00:00\",\"dateModified\":\"2016-02-23T12:28:45+00:00\",\"breadcrumb\":{\"@id\":\"https:\/\/vosgesinfo.fr\/laplainedesvosgesinfo\/2016\/02\/vittel-4eme-rencontre-internationale-de-poesie\/#breadcrumb\"},\"inLanguage\":\"fr-FR\",\"potentialAction\":[{\"@type\":\"ReadAction\",\"target\":[\"https:\/\/vosgesinfo.fr\/laplainedesvosgesinfo\/2016\/02\/vittel-4eme-rencontre-internationale-de-poesie\/\"]}]},{\"@type\":\"BreadcrumbList\",\"@id\":\"https:\/\/vosgesinfo.fr\/laplainedesvosgesinfo\/2016\/02\/vittel-4eme-rencontre-internationale-de-poesie\/#breadcrumb\",\"itemListElement\":[{\"@type\":\"ListItem\",\"position\":1,\"name\":\"Home\",\"item\":\"https:\/\/vosgesinfo.fr\/laplainedesvosgesinfo\/\"},{\"@type\":\"ListItem\",\"position\":2,\"name\":\"Vittel &#8211; 4\u00e8me rencontre internationale de po\u00e9sie\"}]},{\"@type\":\"WebSite\",\"@id\":\"https:\/\/vosgesinfo.fr\/laplainedesvosgesinfo\/#website\",\"url\":\"https:\/\/vosgesinfo.fr\/laplainedesvosgesinfo\/\",\"name\":\"La Plaine des Vosges\",\"description\":\"Toute l&#039;actualit\u00e9 de la plaine de Vosges\",\"publisher\":{\"@id\":\"https:\/\/vosgesinfo.fr\/laplainedesvosgesinfo\/#organization\"},\"alternateName\":\"Toute l'actualit\u00e9 de la plaine des Vosges\",\"potentialAction\":[{\"@type\":\"SearchAction\",\"target\":{\"@type\":\"EntryPoint\",\"urlTemplate\":\"https:\/\/vosgesinfo.fr\/laplainedesvosgesinfo\/?s={search_term_string}\"},\"query-input\":\"required name=search_term_string\"}],\"inLanguage\":\"fr-FR\"},{\"@type\":\"Organization\",\"@id\":\"https:\/\/vosgesinfo.fr\/laplainedesvosgesinfo\/#organization\",\"name\":\"La Plaine des Vosges\",\"url\":\"https:\/\/vosgesinfo.fr\/laplainedesvosgesinfo\/\",\"logo\":{\"@type\":\"ImageObject\",\"inLanguage\":\"fr-FR\",\"@id\":\"https:\/\/vosgesinfo.fr\/laplainedesvosgesinfo\/#\/schema\/logo\/image\/\",\"url\":\"https:\/\/vosgesinfo.fr\/app\/uploads\/sites\/2\/2023\/08\/logo-laplaineinfo.svg\",\"contentUrl\":\"https:\/\/vosgesinfo.fr\/app\/uploads\/sites\/2\/2023\/08\/logo-laplaineinfo.svg\",\"width\":1,\"height\":1,\"caption\":\"La Plaine des Vosges\"},\"image\":{\"@id\":\"https:\/\/vosgesinfo.fr\/laplainedesvosgesinfo\/#\/schema\/logo\/image\/\"},\"sameAs\":[\"https:\/\/www.facebook.com\/laplainedesvosges\",\"https:\/\/x.com\/VosgesInfo88\",\"https:\/\/www.youtube.com\/@vosgesinfo\"]},{\"@type\":\"Person\",\"@id\":\"https:\/\/vosgesinfo.fr\/laplainedesvosgesinfo\/#\/schema\/person\/bc5d02d71e6932e81b6dadb7386667b1\",\"name\":\"qs_admin\",\"image\":{\"@type\":\"ImageObject\",\"inLanguage\":\"fr-FR\",\"@id\":\"https:\/\/vosgesinfo.fr\/laplainedesvosgesinfo\/#\/schema\/person\/image\/\",\"url\":\"https:\/\/secure.gravatar.com\/avatar\/94b18ee0ed79e4a42ea2f2931277b6841a8999fc6fde214600c78057cf1fe1de?s=96&d=mm&r=g\",\"contentUrl\":\"https:\/\/secure.gravatar.com\/avatar\/94b18ee0ed79e4a42ea2f2931277b6841a8999fc6fde214600c78057cf1fe1de?s=96&d=mm&r=g\",\"caption\":\"qs_admin\"},\"sameAs\":[\"https:\/\/vosgesinfo.fr\/wp\"],\"url\":\"https:\/\/vosgesinfo.fr\/laplainedesvosgesinfo\/author\/qs_admin\/\"}]}<\/script>\n<!-- \/ Yoast SEO plugin. -->","yoast_head_json":{"title":"Vittel - 4\u00e8me rencontre internationale de po\u00e9sie - La Plaine des Vosges","robots":{"index":"index","follow":"follow","max-snippet":"max-snippet:-1","max-image-preview":"max-image-preview:large","max-video-preview":"max-video-preview:-1"},"canonical":"https:\/\/vosgesinfo.fr\/laplainedesvosgesinfo\/2016\/02\/vittel-4eme-rencontre-internationale-de-poesie\/","twitter_card":"summary_large_image","twitter_title":"Vittel - 4\u00e8me rencontre internationale de po\u00e9sie - La Plaine des Vosges","twitter_description":"La biblioth\u00e8que-m\u00e9diath\u00e8que de Vittel organise la 4\u00e8me rencontre internationale de Po\u00e9sie du 14 au 19 mars. Au programme de cette [&hellip;]","twitter_creator":"@VosgesInfo88","twitter_site":"@VosgesInfo88","twitter_misc":{"\u00c9crit par":"qs_admin","Dur\u00e9e de lecture estim\u00e9e":"1 minute"},"schema":{"@context":"https:\/\/schema.org","@graph":[{"@type":"Article","@id":"https:\/\/vosgesinfo.fr\/laplainedesvosgesinfo\/2016\/02\/vittel-4eme-rencontre-internationale-de-poesie\/#article","isPartOf":{"@id":"https:\/\/vosgesinfo.fr\/laplainedesvosgesinfo\/2016\/02\/vittel-4eme-rencontre-internationale-de-poesie\/"},"author":{"name":"qs_admin","@id":"https:\/\/vosgesinfo.fr\/laplainedesvosgesinfo\/#\/schema\/person\/bc5d02d71e6932e81b6dadb7386667b1"},"headline":"Vittel &#8211; 4\u00e8me rencontre internationale de po\u00e9sie","datePublished":"2016-02-23T12:28:45+00:00","dateModified":"2016-02-23T12:28:45+00:00","mainEntityOfPage":{"@id":"https:\/\/vosgesinfo.fr\/laplainedesvosgesinfo\/2016\/02\/vittel-4eme-rencontre-internationale-de-poesie\/"},"wordCount":260,"commentCount":0,"publisher":{"@id":"https:\/\/vosgesinfo.fr\/laplainedesvosgesinfo\/#organization"},"articleSection":["A la Une","Culture","La Plaine","Litt\u00e9rature","Vittel"],"inLanguage":"fr-FR","potentialAction":[{"@type":"CommentAction","name":"Comment","target":["https:\/\/vosgesinfo.fr\/laplainedesvosgesinfo\/2016\/02\/vittel-4eme-rencontre-internationale-de-poesie\/#respond"]}]},{"@type":"WebPage","@id":"https:\/\/vosgesinfo.fr\/laplainedesvosgesinfo\/2016\/02\/vittel-4eme-rencontre-internationale-de-poesie\/","url":"https:\/\/vosgesinfo.fr\/laplainedesvosgesinfo\/2016\/02\/vittel-4eme-rencontre-internationale-de-poesie\/","name":"Vittel - 4\u00e8me rencontre internationale de po\u00e9sie - La Plaine des Vosges","isPartOf":{"@id":"https:\/\/vosgesinfo.fr\/laplainedesvosgesinfo\/#website"},"datePublished":"2016-02-23T12:28:45+00:00","dateModified":"2016-02-23T12:28:45+00:00","breadcrumb":{"@id":"https:\/\/vosgesinfo.fr\/laplainedesvosgesinfo\/2016\/02\/vittel-4eme-rencontre-internationale-de-poesie\/#breadcrumb"},"inLanguage":"fr-FR","potentialAction":[{"@type":"ReadAction","target":["https:\/\/vosgesinfo.fr\/laplainedesvosgesinfo\/2016\/02\/vittel-4eme-rencontre-internationale-de-poesie\/"]}]},{"@type":"BreadcrumbList","@id":"https:\/\/vosgesinfo.fr\/laplainedesvosgesinfo\/2016\/02\/vittel-4eme-rencontre-internationale-de-poesie\/#breadcrumb","itemListElement":[{"@type":"ListItem","position":1,"name":"Home","item":"https:\/\/vosgesinfo.fr\/laplainedesvosgesinfo\/"},{"@type":"ListItem","position":2,"name":"Vittel &#8211; 4\u00e8me rencontre internationale de po\u00e9sie"}]},{"@type":"WebSite","@id":"https:\/\/vosgesinfo.fr\/laplainedesvosgesinfo\/#website","url":"https:\/\/vosgesinfo.fr\/laplainedesvosgesinfo\/","name":"La Plaine des Vosges","description":"Toute l&#039;actualit\u00e9 de la plaine de Vosges","publisher":{"@id":"https:\/\/vosgesinfo.fr\/laplainedesvosgesinfo\/#organization"},"alternateName":"Toute l'actualit\u00e9 de la plaine des Vosges","potentialAction":[{"@type":"SearchAction","target":{"@type":"EntryPoint","urlTemplate":"https:\/\/vosgesinfo.fr\/laplainedesvosgesinfo\/?s={search_term_string}"},"query-input":"required name=search_term_string"}],"inLanguage":"fr-FR"},{"@type":"Organization","@id":"https:\/\/vosgesinfo.fr\/laplainedesvosgesinfo\/#organization","name":"La Plaine des Vosges","url":"https:\/\/vosgesinfo.fr\/laplainedesvosgesinfo\/","logo":{"@type":"ImageObject","inLanguage":"fr-FR","@id":"https:\/\/vosgesinfo.fr\/laplainedesvosgesinfo\/#\/schema\/logo\/image\/","url":"https:\/\/vosgesinfo.fr\/app\/uploads\/sites\/2\/2023\/08\/logo-laplaineinfo.svg","contentUrl":"https:\/\/vosgesinfo.fr\/app\/uploads\/sites\/2\/2023\/08\/logo-laplaineinfo.svg","width":1,"height":1,"caption":"La Plaine des Vosges"},"image":{"@id":"https:\/\/vosgesinfo.fr\/laplainedesvosgesinfo\/#\/schema\/logo\/image\/"},"sameAs":["https:\/\/www.facebook.com\/laplainedesvosges","https:\/\/x.com\/VosgesInfo88","https:\/\/www.youtube.com\/@vosgesinfo"]},{"@type":"Person","@id":"https:\/\/vosgesinfo.fr\/laplainedesvosgesinfo\/#\/schema\/person\/bc5d02d71e6932e81b6dadb7386667b1","name":"qs_admin","image":{"@type":"ImageObject","inLanguage":"fr-FR","@id":"https:\/\/vosgesinfo.fr\/laplainedesvosgesinfo\/#\/schema\/person\/image\/","url":"https:\/\/secure.gravatar.com\/avatar\/94b18ee0ed79e4a42ea2f2931277b6841a8999fc6fde214600c78057cf1fe1de?s=96&d=mm&r=g","contentUrl":"https:\/\/secure.gravatar.com\/avatar\/94b18ee0ed79e4a42ea2f2931277b6841a8999fc6fde214600c78057cf1fe1de?s=96&d=mm&r=g","caption":"qs_admin"},"sameAs":["https:\/\/vosgesinfo.fr\/wp"],"url":"https:\/\/vosgesinfo.fr\/laplainedesvosgesinfo\/author\/qs_admin\/"}]}},"_links":{"self":[{"href":"https:\/\/vosgesinfo.fr\/laplainedesvosgesinfo\/wp-json\/wp\/v2\/posts\/2896","targetHints":{"allow":["GET"]}}],"collection":[{"href":"https:\/\/vosgesinfo.fr\/laplainedesvosgesinfo\/wp-json\/wp\/v2\/posts"}],"about":[{"href":"https:\/\/vosgesinfo.fr\/laplainedesvosgesinfo\/wp-json\/wp\/v2\/types\/post"}],"author":[{"embeddable":true,"href":"https:\/\/vosgesinfo.fr\/laplainedesvosgesinfo\/wp-json\/wp\/v2\/users\/1"}],"replies":[{"embeddable":true,"href":"https:\/\/vosgesinfo.fr\/laplainedesvosgesinfo\/wp-json\/wp\/v2\/comments?post=2896"}],"version-history":[{"count":0,"href":"https:\/\/vosgesinfo.fr\/laplainedesvosgesinfo\/wp-json\/wp\/v2\/posts\/2896\/revisions"}],"wp:attachment":[{"href":"https:\/\/vosgesinfo.fr\/laplainedesvosgesinfo\/wp-json\/wp\/v2\/media?parent=2896"}],"wp:term":[{"taxonomy":"category","embeddable":true,"href":"https:\/\/vosgesinfo.fr\/laplainedesvosgesinfo\/wp-json\/wp\/v2\/categories?post=2896"},{"taxonomy":"post_tag","embeddable":true,"href":"https:\/\/vosgesinfo.fr\/laplainedesvosgesinfo\/wp-json\/wp\/v2\/tags?post=2896"}],"curies":[{"name":"wp","href":"https:\/\/api.w.org\/{rel}","templated":true}]}}