{"id":29038,"date":"2025-03-13T15:20:10","date_gmt":"2025-03-13T14:20:10","guid":{"rendered":"https:\/\/vosgesinfo.fr\/laplainedesvosgesinfo\/?p=29038"},"modified":"2025-03-13T15:20:10","modified_gmt":"2025-03-13T14:20:10","slug":"portes-ouvertes-a-la-cite-scolaire-jules-ferry-de-saint-die-des-vosges","status":"publish","type":"post","link":"https:\/\/vosgesinfo.fr\/laplainedesvosgesinfo\/2025\/03\/portes-ouvertes-a-la-cite-scolaire-jules-ferry-de-saint-die-des-vosges\/","title":{"rendered":"Portes ouvertes \u00e0 la Cit\u00e9 Scolaire Jules Ferry de Saint-Di\u00e9-Des-Vosges"},"content":{"rendered":"<p><a href=\"https:\/\/vosgesinfo.fr\/app\/uploads\/sites\/4\/2025\/03\/bat-1-scaled.jpg\"><img decoding=\"async\" class=\"alignnone size-large wp-image-75119\" src=\"https:\/\/vosgesinfo.fr\/app\/uploads\/sites\/4\/2025\/03\/bat-1-1024x520.jpg\" alt=\"\" width=\"1024\" height=\"520\" \/><\/a><\/p>\n<h2><span style=\"font-size: medium;\"><b>La cit\u00e9 scolaire Jules ferry \u00e0 Saint-Di\u00e9-Des-Vosges, qui regroupe des coll\u00e9giens, des lyc\u00e9ens et des \u00e9tudiants, ouvre ses portes au public le samedi 22 Mars 2025 de 9h00 \u00e0 13h00. <\/b><\/span><\/h2>\n<p><!--more--><\/p>\n<p><span style=\"font-size: medium;\">Tous les personnels de la cit\u00e9 scolaire se mobilisent ce jour-l\u00e0 afin de vous accueillir. <\/span><\/p>\n<p><span style=\"font-size: medium;\">Sur place, vous serez guid\u00e9 par des \u00e9l\u00e8ves et des \u00e9tudiants vers divers ateliers qui vous \u00e9claireront sur la dynamique de l&rsquo;\u00e9tablissement. <\/span><\/p>\n<p><a href=\"https:\/\/vosgesinfo.fr\/app\/uploads\/sites\/4\/2025\/03\/jules-ferry-photo-ext.png\"><img decoding=\"async\" class=\"alignnone size-large wp-image-75116\" src=\"https:\/\/vosgesinfo.fr\/app\/uploads\/sites\/4\/2025\/03\/jules-ferry-photo-ext-1024x201.png\" alt=\"\" width=\"1024\" height=\"201\" \/><\/a><\/p>\n<p><span style=\"font-size: medium;\"><b>Pour tous renseignements : T\u00e9l. : 03.29.56.26.68<\/b><\/span><\/p>\n<p><span style=\"font-size: medium;\"><b>48 Rue Saint-Charles \u00e0 Saint-Di\u00e9-Des-Vosges<\/b><\/span><\/p>\n<p><a href=\"https:\/\/www.citescolairejulesferry88.fr\/\" target=\"_blank\" rel=\"noopener\"><span style=\"font-size: medium;\"><b>https:\/\/www.citescolairejulesferry88.fr\/<\/b><\/span><\/a><\/p>\n<div id=\"attachment_75120\" style=\"width: 734px\" class=\"wp-caption alignnone\"><a href=\"https:\/\/vosgesinfo.fr\/app\/uploads\/sites\/4\/2025\/03\/animations-jpo-2025-page-001-scaled.jpg\"><img decoding=\"async\" aria-describedby=\"caption-attachment-75120\" class=\"wp-image-75120 size-large\" src=\"https:\/\/vosgesinfo.fr\/app\/uploads\/sites\/4\/2025\/03\/animations-jpo-2025-page-001-724x1024.jpg\" alt=\"\" width=\"724\" height=\"1024\" \/><\/a><p id=\"caption-attachment-75120\" class=\"wp-caption-text\">(Cliquer pour agrandir)<\/p><\/div>\n","protected":false},"excerpt":{"rendered":"<p>La cit\u00e9 scolaire Jules ferry \u00e0 Saint-Di\u00e9-Des-Vosges, qui regroupe des coll\u00e9giens, des lyc\u00e9ens et des \u00e9tudiants, ouvre ses portes au [&hellip;]<\/p>\n","protected":false},"author":46,"featured_media":29039,"comment_status":"open","ping_status":"open","sticky":false,"template":"","format":"standard","meta":{"footnotes":""},"categories":[29,6,383,294,380,114,381,393],"tags":[8169,8170],"class_list":["post-29038","post","type-post","status-publish","format-standard","has-post-thumbnail","hentry","category-a-la-une","category-education","category-epinal","category-gerardmer","category-la-plaine-des-vosges","category-publireportage","category-remiremont","category-saint-die-des-vosges","tag-cite-scolaire-jules-ferry","tag-portes-ouverte-a-la-cite-scolaire-jules-ferry"],"acf":[],"yoast_head":"<!-- This site is optimized with the Yoast SEO plugin v22.5 - https:\/\/yoast.com\/wordpress\/plugins\/seo\/ -->\n<title>Portes ouvertes \u00e0 la Cit\u00e9 Scolaire Jules Ferry de Saint-Di\u00e9-Des-Vosges - La Plaine des Vosges<\/title>\n<meta name=\"robots\" content=\"index, follow, max-snippet:-1, max-image-preview:large, max-video-preview:-1\" \/>\n<link rel=\"canonical\" href=\"https:\/\/vosgesinfo.fr\/laplainedesvosgesinfo\/2025\/03\/portes-ouvertes-a-la-cite-scolaire-jules-ferry-de-saint-die-des-vosges\/\" \/>\n<meta name=\"twitter:card\" content=\"summary_large_image\" \/>\n<meta name=\"twitter:title\" content=\"Portes ouvertes \u00e0 la Cit\u00e9 Scolaire Jules Ferry de Saint-Di\u00e9-Des-Vosges - La Plaine des Vosges\" \/>\n<meta name=\"twitter:description\" content=\"La cit\u00e9 scolaire Jules ferry \u00e0 Saint-Di\u00e9-Des-Vosges, qui regroupe des coll\u00e9giens, des lyc\u00e9ens et des \u00e9tudiants, ouvre ses portes au [&hellip;]\" \/>\n<meta name=\"twitter:image\" content=\"https:\/\/vosgesinfo.fr\/app\/uploads\/sites\/2\/2025\/03\/201811cite-scolaire-jules-ferry-01-3.jpg\" \/>\n<meta name=\"twitter:creator\" content=\"@VosgesInfo88\" \/>\n<meta name=\"twitter:site\" content=\"@VosgesInfo88\" \/>\n<meta name=\"twitter:label1\" content=\"\u00c9crit par\" \/>\n\t<meta name=\"twitter:data1\" content=\"J.J.\" \/>\n<script type=\"application\/ld+json\" class=\"yoast-schema-graph\">{\"@context\":\"https:\/\/schema.org\",\"@graph\":[{\"@type\":\"Article\",\"@id\":\"https:\/\/vosgesinfo.fr\/laplainedesvosgesinfo\/2025\/03\/portes-ouvertes-a-la-cite-scolaire-jules-ferry-de-saint-die-des-vosges\/#article\",\"isPartOf\":{\"@id\":\"https:\/\/vosgesinfo.fr\/laplainedesvosgesinfo\/2025\/03\/portes-ouvertes-a-la-cite-scolaire-jules-ferry-de-saint-die-des-vosges\/\"},\"author\":{\"name\":\"J.J.\",\"@id\":\"https:\/\/vosgesinfo.fr\/laplainedesvosgesinfo\/#\/schema\/person\/fa73e9f726d67bb88f46d5b7943cb572\"},\"headline\":\"Portes ouvertes \u00e0 la Cit\u00e9 Scolaire Jules Ferry de Saint-Di\u00e9-Des-Vosges\",\"datePublished\":\"2025-03-13T14:20:10+00:00\",\"dateModified\":\"2025-03-13T14:20:10+00:00\",\"mainEntityOfPage\":{\"@id\":\"https:\/\/vosgesinfo.fr\/laplainedesvosgesinfo\/2025\/03\/portes-ouvertes-a-la-cite-scolaire-jules-ferry-de-saint-die-des-vosges\/\"},\"wordCount\":101,\"commentCount\":0,\"publisher\":{\"@id\":\"https:\/\/vosgesinfo.fr\/laplainedesvosgesinfo\/#organization\"},\"image\":{\"@id\":\"https:\/\/vosgesinfo.fr\/laplainedesvosgesinfo\/2025\/03\/portes-ouvertes-a-la-cite-scolaire-jules-ferry-de-saint-die-des-vosges\/#primaryimage\"},\"thumbnailUrl\":\"https:\/\/vosgesinfo.fr\/app\/uploads\/sites\/2\/2025\/03\/201811cite-scolaire-jules-ferry-01-3.jpg\",\"keywords\":[\"Cit\u00e9 scolaire Jules-Ferry\",\"Portes-ouverte \u00e0 la Cit\u00e9 Scolaire Jules-Ferry\"],\"articleSection\":[\"A la Une\",\"\u00c9ducation\",\"Epinal\",\"G\u00e9rardmer\",\"La plaine des vosges\",\"Publireportage\",\"Remiremont\",\"Saint-Di\u00e9-des-Vosges\"],\"inLanguage\":\"fr-FR\",\"potentialAction\":[{\"@type\":\"CommentAction\",\"name\":\"Comment\",\"target\":[\"https:\/\/vosgesinfo.fr\/laplainedesvosgesinfo\/2025\/03\/portes-ouvertes-a-la-cite-scolaire-jules-ferry-de-saint-die-des-vosges\/#respond\"]}]},{\"@type\":\"WebPage\",\"@id\":\"https:\/\/vosgesinfo.fr\/laplainedesvosgesinfo\/2025\/03\/portes-ouvertes-a-la-cite-scolaire-jules-ferry-de-saint-die-des-vosges\/\",\"url\":\"https:\/\/vosgesinfo.fr\/laplainedesvosgesinfo\/2025\/03\/portes-ouvertes-a-la-cite-scolaire-jules-ferry-de-saint-die-des-vosges\/\",\"name\":\"Portes ouvertes \u00e0 la Cit\u00e9 Scolaire Jules Ferry de Saint-Di\u00e9-Des-Vosges - La Plaine des Vosges\",\"isPartOf\":{\"@id\":\"https:\/\/vosgesinfo.fr\/laplainedesvosgesinfo\/#website\"},\"primaryImageOfPage\":{\"@id\":\"https:\/\/vosgesinfo.fr\/laplainedesvosgesinfo\/2025\/03\/portes-ouvertes-a-la-cite-scolaire-jules-ferry-de-saint-die-des-vosges\/#primaryimage\"},\"image\":{\"@id\":\"https:\/\/vosgesinfo.fr\/laplainedesvosgesinfo\/2025\/03\/portes-ouvertes-a-la-cite-scolaire-jules-ferry-de-saint-die-des-vosges\/#primaryimage\"},\"thumbnailUrl\":\"https:\/\/vosgesinfo.fr\/app\/uploads\/sites\/2\/2025\/03\/201811cite-scolaire-jules-ferry-01-3.jpg\",\"datePublished\":\"2025-03-13T14:20:10+00:00\",\"dateModified\":\"2025-03-13T14:20:10+00:00\",\"breadcrumb\":{\"@id\":\"https:\/\/vosgesinfo.fr\/laplainedesvosgesinfo\/2025\/03\/portes-ouvertes-a-la-cite-scolaire-jules-ferry-de-saint-die-des-vosges\/#breadcrumb\"},\"inLanguage\":\"fr-FR\",\"potentialAction\":[{\"@type\":\"ReadAction\",\"target\":[\"https:\/\/vosgesinfo.fr\/laplainedesvosgesinfo\/2025\/03\/portes-ouvertes-a-la-cite-scolaire-jules-ferry-de-saint-die-des-vosges\/\"]}]},{\"@type\":\"ImageObject\",\"inLanguage\":\"fr-FR\",\"@id\":\"https:\/\/vosgesinfo.fr\/laplainedesvosgesinfo\/2025\/03\/portes-ouvertes-a-la-cite-scolaire-jules-ferry-de-saint-die-des-vosges\/#primaryimage\",\"url\":\"https:\/\/vosgesinfo.fr\/app\/uploads\/sites\/2\/2025\/03\/201811cite-scolaire-jules-ferry-01-3.jpg\",\"contentUrl\":\"https:\/\/vosgesinfo.fr\/app\/uploads\/sites\/2\/2025\/03\/201811cite-scolaire-jules-ferry-01-3.jpg\",\"width\":1024,\"height\":652},{\"@type\":\"BreadcrumbList\",\"@id\":\"https:\/\/vosgesinfo.fr\/laplainedesvosgesinfo\/2025\/03\/portes-ouvertes-a-la-cite-scolaire-jules-ferry-de-saint-die-des-vosges\/#breadcrumb\",\"itemListElement\":[{\"@type\":\"ListItem\",\"position\":1,\"name\":\"Home\",\"item\":\"https:\/\/vosgesinfo.fr\/laplainedesvosgesinfo\/\"},{\"@type\":\"ListItem\",\"position\":2,\"name\":\"Portes ouvertes \u00e0 la Cit\u00e9 Scolaire Jules Ferry de Saint-Di\u00e9-Des-Vosges\"}]},{\"@type\":\"WebSite\",\"@id\":\"https:\/\/vosgesinfo.fr\/laplainedesvosgesinfo\/#website\",\"url\":\"https:\/\/vosgesinfo.fr\/laplainedesvosgesinfo\/\",\"name\":\"La Plaine des Vosges\",\"description\":\"Toute l&#039;actualit\u00e9 de la plaine de Vosges\",\"publisher\":{\"@id\":\"https:\/\/vosgesinfo.fr\/laplainedesvosgesinfo\/#organization\"},\"alternateName\":\"Toute l'actualit\u00e9 de la plaine des Vosges\",\"potentialAction\":[{\"@type\":\"SearchAction\",\"target\":{\"@type\":\"EntryPoint\",\"urlTemplate\":\"https:\/\/vosgesinfo.fr\/laplainedesvosgesinfo\/?s={search_term_string}\"},\"query-input\":\"required name=search_term_string\"}],\"inLanguage\":\"fr-FR\"},{\"@type\":\"Organization\",\"@id\":\"https:\/\/vosgesinfo.fr\/laplainedesvosgesinfo\/#organization\",\"name\":\"La Plaine des Vosges\",\"url\":\"https:\/\/vosgesinfo.fr\/laplainedesvosgesinfo\/\",\"logo\":{\"@type\":\"ImageObject\",\"inLanguage\":\"fr-FR\",\"@id\":\"https:\/\/vosgesinfo.fr\/laplainedesvosgesinfo\/#\/schema\/logo\/image\/\",\"url\":\"https:\/\/vosgesinfo.fr\/app\/uploads\/sites\/2\/2023\/08\/logo-laplaineinfo.svg\",\"contentUrl\":\"https:\/\/vosgesinfo.fr\/app\/uploads\/sites\/2\/2023\/08\/logo-laplaineinfo.svg\",\"width\":1,\"height\":1,\"caption\":\"La Plaine des Vosges\"},\"image\":{\"@id\":\"https:\/\/vosgesinfo.fr\/laplainedesvosgesinfo\/#\/schema\/logo\/image\/\"},\"sameAs\":[\"https:\/\/www.facebook.com\/laplainedesvosges\",\"https:\/\/x.com\/VosgesInfo88\",\"https:\/\/www.youtube.com\/@vosgesinfo\"]},{\"@type\":\"Person\",\"@id\":\"https:\/\/vosgesinfo.fr\/laplainedesvosgesinfo\/#\/schema\/person\/fa73e9f726d67bb88f46d5b7943cb572\",\"name\":\"J.J.\",\"image\":{\"@type\":\"ImageObject\",\"inLanguage\":\"fr-FR\",\"@id\":\"https:\/\/vosgesinfo.fr\/laplainedesvosgesinfo\/#\/schema\/person\/image\/\",\"url\":\"https:\/\/secure.gravatar.com\/avatar\/219e749e47ffbcca018a360ae4add7d4cdf1cdaaf8bc7676b27efade3fe65615?s=96&d=mm&r=g\",\"contentUrl\":\"https:\/\/secure.gravatar.com\/avatar\/219e749e47ffbcca018a360ae4add7d4cdf1cdaaf8bc7676b27efade3fe65615?s=96&d=mm&r=g\",\"caption\":\"J.J.\"},\"url\":\"https:\/\/vosgesinfo.fr\/laplainedesvosgesinfo\/author\/j-j\/\"}]}<\/script>\n<!-- \/ Yoast SEO plugin. -->","yoast_head_json":{"title":"Portes ouvertes \u00e0 la Cit\u00e9 Scolaire Jules Ferry de Saint-Di\u00e9-Des-Vosges - La Plaine des Vosges","robots":{"index":"index","follow":"follow","max-snippet":"max-snippet:-1","max-image-preview":"max-image-preview:large","max-video-preview":"max-video-preview:-1"},"canonical":"https:\/\/vosgesinfo.fr\/laplainedesvosgesinfo\/2025\/03\/portes-ouvertes-a-la-cite-scolaire-jules-ferry-de-saint-die-des-vosges\/","twitter_card":"summary_large_image","twitter_title":"Portes ouvertes \u00e0 la Cit\u00e9 Scolaire Jules Ferry de Saint-Di\u00e9-Des-Vosges - La Plaine des Vosges","twitter_description":"La cit\u00e9 scolaire Jules ferry \u00e0 Saint-Di\u00e9-Des-Vosges, qui regroupe des coll\u00e9giens, des lyc\u00e9ens et des \u00e9tudiants, ouvre ses portes au [&hellip;]","twitter_image":"https:\/\/vosgesinfo.fr\/app\/uploads\/sites\/2\/2025\/03\/201811cite-scolaire-jules-ferry-01-3.jpg","twitter_creator":"@VosgesInfo88","twitter_site":"@VosgesInfo88","twitter_misc":{"\u00c9crit par":"J.J."},"schema":{"@context":"https:\/\/schema.org","@graph":[{"@type":"Article","@id":"https:\/\/vosgesinfo.fr\/laplainedesvosgesinfo\/2025\/03\/portes-ouvertes-a-la-cite-scolaire-jules-ferry-de-saint-die-des-vosges\/#article","isPartOf":{"@id":"https:\/\/vosgesinfo.fr\/laplainedesvosgesinfo\/2025\/03\/portes-ouvertes-a-la-cite-scolaire-jules-ferry-de-saint-die-des-vosges\/"},"author":{"name":"J.J.","@id":"https:\/\/vosgesinfo.fr\/laplainedesvosgesinfo\/#\/schema\/person\/fa73e9f726d67bb88f46d5b7943cb572"},"headline":"Portes ouvertes \u00e0 la Cit\u00e9 Scolaire Jules Ferry de Saint-Di\u00e9-Des-Vosges","datePublished":"2025-03-13T14:20:10+00:00","dateModified":"2025-03-13T14:20:10+00:00","mainEntityOfPage":{"@id":"https:\/\/vosgesinfo.fr\/laplainedesvosgesinfo\/2025\/03\/portes-ouvertes-a-la-cite-scolaire-jules-ferry-de-saint-die-des-vosges\/"},"wordCount":101,"commentCount":0,"publisher":{"@id":"https:\/\/vosgesinfo.fr\/laplainedesvosgesinfo\/#organization"},"image":{"@id":"https:\/\/vosgesinfo.fr\/laplainedesvosgesinfo\/2025\/03\/portes-ouvertes-a-la-cite-scolaire-jules-ferry-de-saint-die-des-vosges\/#primaryimage"},"thumbnailUrl":"https:\/\/vosgesinfo.fr\/app\/uploads\/sites\/2\/2025\/03\/201811cite-scolaire-jules-ferry-01-3.jpg","keywords":["Cit\u00e9 scolaire Jules-Ferry","Portes-ouverte \u00e0 la Cit\u00e9 Scolaire Jules-Ferry"],"articleSection":["A la Une","\u00c9ducation","Epinal","G\u00e9rardmer","La plaine des vosges","Publireportage","Remiremont","Saint-Di\u00e9-des-Vosges"],"inLanguage":"fr-FR","potentialAction":[{"@type":"CommentAction","name":"Comment","target":["https:\/\/vosgesinfo.fr\/laplainedesvosgesinfo\/2025\/03\/portes-ouvertes-a-la-cite-scolaire-jules-ferry-de-saint-die-des-vosges\/#respond"]}]},{"@type":"WebPage","@id":"https:\/\/vosgesinfo.fr\/laplainedesvosgesinfo\/2025\/03\/portes-ouvertes-a-la-cite-scolaire-jules-ferry-de-saint-die-des-vosges\/","url":"https:\/\/vosgesinfo.fr\/laplainedesvosgesinfo\/2025\/03\/portes-ouvertes-a-la-cite-scolaire-jules-ferry-de-saint-die-des-vosges\/","name":"Portes ouvertes \u00e0 la Cit\u00e9 Scolaire Jules Ferry de Saint-Di\u00e9-Des-Vosges - La Plaine des Vosges","isPartOf":{"@id":"https:\/\/vosgesinfo.fr\/laplainedesvosgesinfo\/#website"},"primaryImageOfPage":{"@id":"https:\/\/vosgesinfo.fr\/laplainedesvosgesinfo\/2025\/03\/portes-ouvertes-a-la-cite-scolaire-jules-ferry-de-saint-die-des-vosges\/#primaryimage"},"image":{"@id":"https:\/\/vosgesinfo.fr\/laplainedesvosgesinfo\/2025\/03\/portes-ouvertes-a-la-cite-scolaire-jules-ferry-de-saint-die-des-vosges\/#primaryimage"},"thumbnailUrl":"https:\/\/vosgesinfo.fr\/app\/uploads\/sites\/2\/2025\/03\/201811cite-scolaire-jules-ferry-01-3.jpg","datePublished":"2025-03-13T14:20:10+00:00","dateModified":"2025-03-13T14:20:10+00:00","breadcrumb":{"@id":"https:\/\/vosgesinfo.fr\/laplainedesvosgesinfo\/2025\/03\/portes-ouvertes-a-la-cite-scolaire-jules-ferry-de-saint-die-des-vosges\/#breadcrumb"},"inLanguage":"fr-FR","potentialAction":[{"@type":"ReadAction","target":["https:\/\/vosgesinfo.fr\/laplainedesvosgesinfo\/2025\/03\/portes-ouvertes-a-la-cite-scolaire-jules-ferry-de-saint-die-des-vosges\/"]}]},{"@type":"ImageObject","inLanguage":"fr-FR","@id":"https:\/\/vosgesinfo.fr\/laplainedesvosgesinfo\/2025\/03\/portes-ouvertes-a-la-cite-scolaire-jules-ferry-de-saint-die-des-vosges\/#primaryimage","url":"https:\/\/vosgesinfo.fr\/app\/uploads\/sites\/2\/2025\/03\/201811cite-scolaire-jules-ferry-01-3.jpg","contentUrl":"https:\/\/vosgesinfo.fr\/app\/uploads\/sites\/2\/2025\/03\/201811cite-scolaire-jules-ferry-01-3.jpg","width":1024,"height":652},{"@type":"BreadcrumbList","@id":"https:\/\/vosgesinfo.fr\/laplainedesvosgesinfo\/2025\/03\/portes-ouvertes-a-la-cite-scolaire-jules-ferry-de-saint-die-des-vosges\/#breadcrumb","itemListElement":[{"@type":"ListItem","position":1,"name":"Home","item":"https:\/\/vosgesinfo.fr\/laplainedesvosgesinfo\/"},{"@type":"ListItem","position":2,"name":"Portes ouvertes \u00e0 la Cit\u00e9 Scolaire Jules Ferry de Saint-Di\u00e9-Des-Vosges"}]},{"@type":"WebSite","@id":"https:\/\/vosgesinfo.fr\/laplainedesvosgesinfo\/#website","url":"https:\/\/vosgesinfo.fr\/laplainedesvosgesinfo\/","name":"La Plaine des Vosges","description":"Toute l&#039;actualit\u00e9 de la plaine de Vosges","publisher":{"@id":"https:\/\/vosgesinfo.fr\/laplainedesvosgesinfo\/#organization"},"alternateName":"Toute l'actualit\u00e9 de la plaine des Vosges","potentialAction":[{"@type":"SearchAction","target":{"@type":"EntryPoint","urlTemplate":"https:\/\/vosgesinfo.fr\/laplainedesvosgesinfo\/?s={search_term_string}"},"query-input":"required name=search_term_string"}],"inLanguage":"fr-FR"},{"@type":"Organization","@id":"https:\/\/vosgesinfo.fr\/laplainedesvosgesinfo\/#organization","name":"La Plaine des Vosges","url":"https:\/\/vosgesinfo.fr\/laplainedesvosgesinfo\/","logo":{"@type":"ImageObject","inLanguage":"fr-FR","@id":"https:\/\/vosgesinfo.fr\/laplainedesvosgesinfo\/#\/schema\/logo\/image\/","url":"https:\/\/vosgesinfo.fr\/app\/uploads\/sites\/2\/2023\/08\/logo-laplaineinfo.svg","contentUrl":"https:\/\/vosgesinfo.fr\/app\/uploads\/sites\/2\/2023\/08\/logo-laplaineinfo.svg","width":1,"height":1,"caption":"La Plaine des Vosges"},"image":{"@id":"https:\/\/vosgesinfo.fr\/laplainedesvosgesinfo\/#\/schema\/logo\/image\/"},"sameAs":["https:\/\/www.facebook.com\/laplainedesvosges","https:\/\/x.com\/VosgesInfo88","https:\/\/www.youtube.com\/@vosgesinfo"]},{"@type":"Person","@id":"https:\/\/vosgesinfo.fr\/laplainedesvosgesinfo\/#\/schema\/person\/fa73e9f726d67bb88f46d5b7943cb572","name":"J.J.","image":{"@type":"ImageObject","inLanguage":"fr-FR","@id":"https:\/\/vosgesinfo.fr\/laplainedesvosgesinfo\/#\/schema\/person\/image\/","url":"https:\/\/secure.gravatar.com\/avatar\/219e749e47ffbcca018a360ae4add7d4cdf1cdaaf8bc7676b27efade3fe65615?s=96&d=mm&r=g","contentUrl":"https:\/\/secure.gravatar.com\/avatar\/219e749e47ffbcca018a360ae4add7d4cdf1cdaaf8bc7676b27efade3fe65615?s=96&d=mm&r=g","caption":"J.J."},"url":"https:\/\/vosgesinfo.fr\/laplainedesvosgesinfo\/author\/j-j\/"}]}},"_links":{"self":[{"href":"https:\/\/vosgesinfo.fr\/laplainedesvosgesinfo\/wp-json\/wp\/v2\/posts\/29038","targetHints":{"allow":["GET"]}}],"collection":[{"href":"https:\/\/vosgesinfo.fr\/laplainedesvosgesinfo\/wp-json\/wp\/v2\/posts"}],"about":[{"href":"https:\/\/vosgesinfo.fr\/laplainedesvosgesinfo\/wp-json\/wp\/v2\/types\/post"}],"author":[{"embeddable":true,"href":"https:\/\/vosgesinfo.fr\/laplainedesvosgesinfo\/wp-json\/wp\/v2\/users\/46"}],"replies":[{"embeddable":true,"href":"https:\/\/vosgesinfo.fr\/laplainedesvosgesinfo\/wp-json\/wp\/v2\/comments?post=29038"}],"version-history":[{"count":0,"href":"https:\/\/vosgesinfo.fr\/laplainedesvosgesinfo\/wp-json\/wp\/v2\/posts\/29038\/revisions"}],"wp:featuredmedia":[{"embeddable":true,"href":"https:\/\/vosgesinfo.fr\/laplainedesvosgesinfo\/wp-json\/wp\/v2\/media\/29039"}],"wp:attachment":[{"href":"https:\/\/vosgesinfo.fr\/laplainedesvosgesinfo\/wp-json\/wp\/v2\/media?parent=29038"}],"wp:term":[{"taxonomy":"category","embeddable":true,"href":"https:\/\/vosgesinfo.fr\/laplainedesvosgesinfo\/wp-json\/wp\/v2\/categories?post=29038"},{"taxonomy":"post_tag","embeddable":true,"href":"https:\/\/vosgesinfo.fr\/laplainedesvosgesinfo\/wp-json\/wp\/v2\/tags?post=29038"}],"curies":[{"name":"wp","href":"https:\/\/api.w.org\/{rel}","templated":true}]}}