{"id":29060,"date":"2025-03-17T13:45:37","date_gmt":"2025-03-17T12:45:37","guid":{"rendered":"https:\/\/vosgesinfo.fr\/laplainedesvosgesinfo\/?p=29060"},"modified":"2025-03-17T13:45:37","modified_gmt":"2025-03-17T12:45:37","slug":"le-trail-des-roches-2025-approche-a-grandes-foulees","status":"publish","type":"post","link":"https:\/\/vosgesinfo.fr\/laplainedesvosgesinfo\/2025\/03\/le-trail-des-roches-2025-approche-a-grandes-foulees\/","title":{"rendered":"Le Trail des Roches 2025 approche \u00e0 grandes foul\u00e9es"},"content":{"rendered":"<div id=\"attachment_64531\" style=\"width: 1034px\" class=\"wp-caption alignnone\"><a href=\"https:\/\/vosgesinfo.fr\/app\/uploads\/sites\/4\/2024\/08\/202304trail-des-roches-2023-5.jpg\"><img decoding=\"async\" aria-describedby=\"caption-attachment-64531\" class=\"size-full wp-image-64531\" src=\"https:\/\/vosgesinfo.fr\/app\/uploads\/sites\/4\/2024\/08\/202304trail-des-roches-2023-5.jpg\" alt=\"\" width=\"1024\" height=\"683\" \/><\/a><p id=\"caption-attachment-64531\" class=\"wp-caption-text\">(Archive)<\/p><\/div>\n<h2>L&rsquo;<strong>\u00e9dition 2025<\/strong> du <strong>Trail des Roches<\/strong> approche \u00e0 grandes foul\u00e9es, puisqu&rsquo;elle aura lieu comme chaque ann\u00e9e le <strong>dernier dimanche d&rsquo;avril<\/strong>. Soit le <strong>27 avril<\/strong>, au d\u00e9part du <strong>centre-ville de Saint-Di\u00e9-des-Vosges<\/strong>, au niveau de la <strong>Tour de la Libert\u00e9<\/strong>.<\/h2>\n<p><!--more--><\/p>\n<p>Trois <strong>parcours<\/strong> sont toujours propos\u00e9s, \u00e0 travers les <strong>sentiers des massifs de l&rsquo;Ormont<\/strong> \u2013 et de la <strong>Bure<\/strong> pour le <strong>parcours le plus long<\/strong> \u2013 avec respectivement un <strong>12 km<\/strong> pour <strong>600 m de d\u00e9nivel\u00e9 positif<\/strong> ; le <strong>20 km<\/strong> et ses <strong>1 000 m de d\u00e9nivel\u00e9 positif<\/strong> ; le <strong>40 km<\/strong> pour <strong>2 000 m de d\u00e9nivel\u00e9 positif<\/strong>.<\/p>\n<p>La <strong>nouveaut\u00e9<\/strong> cette ann\u00e9e \u00e9tant la <strong>modification du parcours du 12 km<\/strong>, qui int\u00e8gre l&rsquo;int\u00e9gralit\u00e9 du <strong>sentier des Schlitteurs<\/strong>. Une fois gravi ce <strong>sentier culte<\/strong> \u2013 et tr\u00e8s pentu \u2013 les <strong>traileurs<\/strong> prendront la direction de la <strong>Roche des F\u00e9es<\/strong>, avant de descendre jusqu&rsquo;\u00e0 l&rsquo;<strong>arriv\u00e9e<\/strong>.<\/p>\n<p>Toutes les <strong>informations pratiques<\/strong> (heures de d\u00e9part, ravitaillements, retraits des dossards, etc.) sont \u00e0 retrouver sur <strong><a href=\"http:\/\/www.traildesroches.com\" target=\"_blank\" rel=\"noopener\">www.traildesroches.com<\/a><\/strong>.<\/p>\n<p>J.J.<\/p>\n<p><a href=\"https:\/\/vosgesinfo.fr\/app\/uploads\/sites\/4\/2025\/03\/trail-des-roches-2025.png\"><img decoding=\"async\" class=\"alignnone size-large wp-image-75246\" src=\"https:\/\/vosgesinfo.fr\/app\/uploads\/sites\/4\/2025\/03\/trail-des-roches-2025-1024x190.png\" alt=\"\" width=\"1024\" height=\"190\" \/><\/a><\/p>\n","protected":false},"excerpt":{"rendered":"<p>L&rsquo;\u00e9dition 2025 du Trail des Roches approche \u00e0 grandes foul\u00e9es, puisqu&rsquo;elle aura lieu comme chaque ann\u00e9e le dernier dimanche d&rsquo;avril. [&hellip;]<\/p>\n","protected":false},"author":46,"featured_media":29061,"comment_status":"open","ping_status":"open","sticky":false,"template":"","format":"standard","meta":{"footnotes":""},"categories":[29,383,294,380,381,393,391,18],"tags":[8178,8179,8180,8181,8182],"class_list":["post-29060","post","type-post","status-publish","format-standard","has-post-thumbnail","hentry","category-a-la-une","category-epinal","category-gerardmer","category-la-plaine-des-vosges","category-remiremont","category-saint-die-des-vosges","category-saint-die-des-vosges-et-son-agglomeration","category-vosges","tag-massif-de-lormont","tag-massif-de-la-bure","tag-sentier-des-schlitteurs","tag-trail-des-roches","tag-trail-des-roches-2025"],"acf":[],"yoast_head":"<!-- This site is optimized with the Yoast SEO plugin v22.5 - https:\/\/yoast.com\/wordpress\/plugins\/seo\/ -->\n<title>Le Trail des Roches 2025 approche \u00e0 grandes foul\u00e9es - La Plaine des Vosges<\/title>\n<meta name=\"robots\" content=\"index, follow, max-snippet:-1, max-image-preview:large, max-video-preview:-1\" \/>\n<link rel=\"canonical\" href=\"https:\/\/vosgesinfo.fr\/laplainedesvosgesinfo\/2025\/03\/le-trail-des-roches-2025-approche-a-grandes-foulees\/\" \/>\n<meta name=\"twitter:card\" content=\"summary_large_image\" \/>\n<meta name=\"twitter:title\" content=\"Le Trail des Roches 2025 approche \u00e0 grandes foul\u00e9es - La Plaine des Vosges\" \/>\n<meta name=\"twitter:description\" content=\"L&rsquo;\u00e9dition 2025 du Trail des Roches approche \u00e0 grandes foul\u00e9es, puisqu&rsquo;elle aura lieu comme chaque ann\u00e9e le dernier dimanche d&rsquo;avril. [&hellip;]\" \/>\n<meta name=\"twitter:image\" content=\"https:\/\/vosgesinfo.fr\/app\/uploads\/sites\/2\/2025\/03\/202304trail-des-roches-2023-5.jpg\" \/>\n<meta name=\"twitter:creator\" content=\"@VosgesInfo88\" \/>\n<meta name=\"twitter:site\" content=\"@VosgesInfo88\" \/>\n<meta name=\"twitter:label1\" content=\"\u00c9crit par\" \/>\n\t<meta name=\"twitter:data1\" content=\"J.J.\" \/>\n\t<meta name=\"twitter:label2\" content=\"Dur\u00e9e de lecture estim\u00e9e\" \/>\n\t<meta name=\"twitter:data2\" content=\"1 minute\" \/>\n<script type=\"application\/ld+json\" class=\"yoast-schema-graph\">{\"@context\":\"https:\/\/schema.org\",\"@graph\":[{\"@type\":\"Article\",\"@id\":\"https:\/\/vosgesinfo.fr\/laplainedesvosgesinfo\/2025\/03\/le-trail-des-roches-2025-approche-a-grandes-foulees\/#article\",\"isPartOf\":{\"@id\":\"https:\/\/vosgesinfo.fr\/laplainedesvosgesinfo\/2025\/03\/le-trail-des-roches-2025-approche-a-grandes-foulees\/\"},\"author\":{\"name\":\"J.J.\",\"@id\":\"https:\/\/vosgesinfo.fr\/laplainedesvosgesinfo\/#\/schema\/person\/fa73e9f726d67bb88f46d5b7943cb572\"},\"headline\":\"Le Trail des Roches 2025 approche \u00e0 grandes foul\u00e9es\",\"datePublished\":\"2025-03-17T12:45:37+00:00\",\"dateModified\":\"2025-03-17T12:45:37+00:00\",\"mainEntityOfPage\":{\"@id\":\"https:\/\/vosgesinfo.fr\/laplainedesvosgesinfo\/2025\/03\/le-trail-des-roches-2025-approche-a-grandes-foulees\/\"},\"wordCount\":180,\"commentCount\":0,\"publisher\":{\"@id\":\"https:\/\/vosgesinfo.fr\/laplainedesvosgesinfo\/#organization\"},\"image\":{\"@id\":\"https:\/\/vosgesinfo.fr\/laplainedesvosgesinfo\/2025\/03\/le-trail-des-roches-2025-approche-a-grandes-foulees\/#primaryimage\"},\"thumbnailUrl\":\"https:\/\/vosgesinfo.fr\/app\/uploads\/sites\/2\/2025\/03\/202304trail-des-roches-2023-5.jpg\",\"keywords\":[\"Massif de l'Ormont\",\"Massif de la Bure\",\"Sentier des Schlitteurs\",\"Trail des Roches\",\"Trail des Roches 2025\"],\"articleSection\":[\"A la Une\",\"Epinal\",\"G\u00e9rardmer\",\"La plaine des vosges\",\"Remiremont\",\"Saint-Di\u00e9-des-Vosges\",\"Saint-Di\u00e9-des-Vosges et son Agglom\u00e9ration\",\"Vosges\"],\"inLanguage\":\"fr-FR\",\"potentialAction\":[{\"@type\":\"CommentAction\",\"name\":\"Comment\",\"target\":[\"https:\/\/vosgesinfo.fr\/laplainedesvosgesinfo\/2025\/03\/le-trail-des-roches-2025-approche-a-grandes-foulees\/#respond\"]}]},{\"@type\":\"WebPage\",\"@id\":\"https:\/\/vosgesinfo.fr\/laplainedesvosgesinfo\/2025\/03\/le-trail-des-roches-2025-approche-a-grandes-foulees\/\",\"url\":\"https:\/\/vosgesinfo.fr\/laplainedesvosgesinfo\/2025\/03\/le-trail-des-roches-2025-approche-a-grandes-foulees\/\",\"name\":\"Le Trail des Roches 2025 approche \u00e0 grandes foul\u00e9es - La Plaine des Vosges\",\"isPartOf\":{\"@id\":\"https:\/\/vosgesinfo.fr\/laplainedesvosgesinfo\/#website\"},\"primaryImageOfPage\":{\"@id\":\"https:\/\/vosgesinfo.fr\/laplainedesvosgesinfo\/2025\/03\/le-trail-des-roches-2025-approche-a-grandes-foulees\/#primaryimage\"},\"image\":{\"@id\":\"https:\/\/vosgesinfo.fr\/laplainedesvosgesinfo\/2025\/03\/le-trail-des-roches-2025-approche-a-grandes-foulees\/#primaryimage\"},\"thumbnailUrl\":\"https:\/\/vosgesinfo.fr\/app\/uploads\/sites\/2\/2025\/03\/202304trail-des-roches-2023-5.jpg\",\"datePublished\":\"2025-03-17T12:45:37+00:00\",\"dateModified\":\"2025-03-17T12:45:37+00:00\",\"breadcrumb\":{\"@id\":\"https:\/\/vosgesinfo.fr\/laplainedesvosgesinfo\/2025\/03\/le-trail-des-roches-2025-approche-a-grandes-foulees\/#breadcrumb\"},\"inLanguage\":\"fr-FR\",\"potentialAction\":[{\"@type\":\"ReadAction\",\"target\":[\"https:\/\/vosgesinfo.fr\/laplainedesvosgesinfo\/2025\/03\/le-trail-des-roches-2025-approche-a-grandes-foulees\/\"]}]},{\"@type\":\"ImageObject\",\"inLanguage\":\"fr-FR\",\"@id\":\"https:\/\/vosgesinfo.fr\/laplainedesvosgesinfo\/2025\/03\/le-trail-des-roches-2025-approche-a-grandes-foulees\/#primaryimage\",\"url\":\"https:\/\/vosgesinfo.fr\/app\/uploads\/sites\/2\/2025\/03\/202304trail-des-roches-2023-5.jpg\",\"contentUrl\":\"https:\/\/vosgesinfo.fr\/app\/uploads\/sites\/2\/2025\/03\/202304trail-des-roches-2023-5.jpg\",\"width\":1024,\"height\":683},{\"@type\":\"BreadcrumbList\",\"@id\":\"https:\/\/vosgesinfo.fr\/laplainedesvosgesinfo\/2025\/03\/le-trail-des-roches-2025-approche-a-grandes-foulees\/#breadcrumb\",\"itemListElement\":[{\"@type\":\"ListItem\",\"position\":1,\"name\":\"Home\",\"item\":\"https:\/\/vosgesinfo.fr\/laplainedesvosgesinfo\/\"},{\"@type\":\"ListItem\",\"position\":2,\"name\":\"Le Trail des Roches 2025 approche \u00e0 grandes foul\u00e9es\"}]},{\"@type\":\"WebSite\",\"@id\":\"https:\/\/vosgesinfo.fr\/laplainedesvosgesinfo\/#website\",\"url\":\"https:\/\/vosgesinfo.fr\/laplainedesvosgesinfo\/\",\"name\":\"La Plaine des Vosges\",\"description\":\"Toute l&#039;actualit\u00e9 de la plaine de Vosges\",\"publisher\":{\"@id\":\"https:\/\/vosgesinfo.fr\/laplainedesvosgesinfo\/#organization\"},\"alternateName\":\"Toute l'actualit\u00e9 de la plaine des Vosges\",\"potentialAction\":[{\"@type\":\"SearchAction\",\"target\":{\"@type\":\"EntryPoint\",\"urlTemplate\":\"https:\/\/vosgesinfo.fr\/laplainedesvosgesinfo\/?s={search_term_string}\"},\"query-input\":\"required name=search_term_string\"}],\"inLanguage\":\"fr-FR\"},{\"@type\":\"Organization\",\"@id\":\"https:\/\/vosgesinfo.fr\/laplainedesvosgesinfo\/#organization\",\"name\":\"La Plaine des Vosges\",\"url\":\"https:\/\/vosgesinfo.fr\/laplainedesvosgesinfo\/\",\"logo\":{\"@type\":\"ImageObject\",\"inLanguage\":\"fr-FR\",\"@id\":\"https:\/\/vosgesinfo.fr\/laplainedesvosgesinfo\/#\/schema\/logo\/image\/\",\"url\":\"https:\/\/vosgesinfo.fr\/app\/uploads\/sites\/2\/2023\/08\/logo-laplaineinfo.svg\",\"contentUrl\":\"https:\/\/vosgesinfo.fr\/app\/uploads\/sites\/2\/2023\/08\/logo-laplaineinfo.svg\",\"width\":1,\"height\":1,\"caption\":\"La Plaine des Vosges\"},\"image\":{\"@id\":\"https:\/\/vosgesinfo.fr\/laplainedesvosgesinfo\/#\/schema\/logo\/image\/\"},\"sameAs\":[\"https:\/\/www.facebook.com\/laplainedesvosges\",\"https:\/\/x.com\/VosgesInfo88\",\"https:\/\/www.youtube.com\/@vosgesinfo\"]},{\"@type\":\"Person\",\"@id\":\"https:\/\/vosgesinfo.fr\/laplainedesvosgesinfo\/#\/schema\/person\/fa73e9f726d67bb88f46d5b7943cb572\",\"name\":\"J.J.\",\"image\":{\"@type\":\"ImageObject\",\"inLanguage\":\"fr-FR\",\"@id\":\"https:\/\/vosgesinfo.fr\/laplainedesvosgesinfo\/#\/schema\/person\/image\/\",\"url\":\"https:\/\/secure.gravatar.com\/avatar\/219e749e47ffbcca018a360ae4add7d4cdf1cdaaf8bc7676b27efade3fe65615?s=96&d=mm&r=g\",\"contentUrl\":\"https:\/\/secure.gravatar.com\/avatar\/219e749e47ffbcca018a360ae4add7d4cdf1cdaaf8bc7676b27efade3fe65615?s=96&d=mm&r=g\",\"caption\":\"J.J.\"},\"url\":\"https:\/\/vosgesinfo.fr\/laplainedesvosgesinfo\/author\/j-j\/\"}]}<\/script>\n<!-- \/ Yoast SEO plugin. -->","yoast_head_json":{"title":"Le Trail des Roches 2025 approche \u00e0 grandes foul\u00e9es - La Plaine des Vosges","robots":{"index":"index","follow":"follow","max-snippet":"max-snippet:-1","max-image-preview":"max-image-preview:large","max-video-preview":"max-video-preview:-1"},"canonical":"https:\/\/vosgesinfo.fr\/laplainedesvosgesinfo\/2025\/03\/le-trail-des-roches-2025-approche-a-grandes-foulees\/","twitter_card":"summary_large_image","twitter_title":"Le Trail des Roches 2025 approche \u00e0 grandes foul\u00e9es - La Plaine des Vosges","twitter_description":"L&rsquo;\u00e9dition 2025 du Trail des Roches approche \u00e0 grandes foul\u00e9es, puisqu&rsquo;elle aura lieu comme chaque ann\u00e9e le dernier dimanche d&rsquo;avril. [&hellip;]","twitter_image":"https:\/\/vosgesinfo.fr\/app\/uploads\/sites\/2\/2025\/03\/202304trail-des-roches-2023-5.jpg","twitter_creator":"@VosgesInfo88","twitter_site":"@VosgesInfo88","twitter_misc":{"\u00c9crit par":"J.J.","Dur\u00e9e de lecture estim\u00e9e":"1 minute"},"schema":{"@context":"https:\/\/schema.org","@graph":[{"@type":"Article","@id":"https:\/\/vosgesinfo.fr\/laplainedesvosgesinfo\/2025\/03\/le-trail-des-roches-2025-approche-a-grandes-foulees\/#article","isPartOf":{"@id":"https:\/\/vosgesinfo.fr\/laplainedesvosgesinfo\/2025\/03\/le-trail-des-roches-2025-approche-a-grandes-foulees\/"},"author":{"name":"J.J.","@id":"https:\/\/vosgesinfo.fr\/laplainedesvosgesinfo\/#\/schema\/person\/fa73e9f726d67bb88f46d5b7943cb572"},"headline":"Le Trail des Roches 2025 approche \u00e0 grandes foul\u00e9es","datePublished":"2025-03-17T12:45:37+00:00","dateModified":"2025-03-17T12:45:37+00:00","mainEntityOfPage":{"@id":"https:\/\/vosgesinfo.fr\/laplainedesvosgesinfo\/2025\/03\/le-trail-des-roches-2025-approche-a-grandes-foulees\/"},"wordCount":180,"commentCount":0,"publisher":{"@id":"https:\/\/vosgesinfo.fr\/laplainedesvosgesinfo\/#organization"},"image":{"@id":"https:\/\/vosgesinfo.fr\/laplainedesvosgesinfo\/2025\/03\/le-trail-des-roches-2025-approche-a-grandes-foulees\/#primaryimage"},"thumbnailUrl":"https:\/\/vosgesinfo.fr\/app\/uploads\/sites\/2\/2025\/03\/202304trail-des-roches-2023-5.jpg","keywords":["Massif de l'Ormont","Massif de la Bure","Sentier des Schlitteurs","Trail des Roches","Trail des Roches 2025"],"articleSection":["A la Une","Epinal","G\u00e9rardmer","La plaine des vosges","Remiremont","Saint-Di\u00e9-des-Vosges","Saint-Di\u00e9-des-Vosges et son Agglom\u00e9ration","Vosges"],"inLanguage":"fr-FR","potentialAction":[{"@type":"CommentAction","name":"Comment","target":["https:\/\/vosgesinfo.fr\/laplainedesvosgesinfo\/2025\/03\/le-trail-des-roches-2025-approche-a-grandes-foulees\/#respond"]}]},{"@type":"WebPage","@id":"https:\/\/vosgesinfo.fr\/laplainedesvosgesinfo\/2025\/03\/le-trail-des-roches-2025-approche-a-grandes-foulees\/","url":"https:\/\/vosgesinfo.fr\/laplainedesvosgesinfo\/2025\/03\/le-trail-des-roches-2025-approche-a-grandes-foulees\/","name":"Le Trail des Roches 2025 approche \u00e0 grandes foul\u00e9es - La Plaine des Vosges","isPartOf":{"@id":"https:\/\/vosgesinfo.fr\/laplainedesvosgesinfo\/#website"},"primaryImageOfPage":{"@id":"https:\/\/vosgesinfo.fr\/laplainedesvosgesinfo\/2025\/03\/le-trail-des-roches-2025-approche-a-grandes-foulees\/#primaryimage"},"image":{"@id":"https:\/\/vosgesinfo.fr\/laplainedesvosgesinfo\/2025\/03\/le-trail-des-roches-2025-approche-a-grandes-foulees\/#primaryimage"},"thumbnailUrl":"https:\/\/vosgesinfo.fr\/app\/uploads\/sites\/2\/2025\/03\/202304trail-des-roches-2023-5.jpg","datePublished":"2025-03-17T12:45:37+00:00","dateModified":"2025-03-17T12:45:37+00:00","breadcrumb":{"@id":"https:\/\/vosgesinfo.fr\/laplainedesvosgesinfo\/2025\/03\/le-trail-des-roches-2025-approche-a-grandes-foulees\/#breadcrumb"},"inLanguage":"fr-FR","potentialAction":[{"@type":"ReadAction","target":["https:\/\/vosgesinfo.fr\/laplainedesvosgesinfo\/2025\/03\/le-trail-des-roches-2025-approche-a-grandes-foulees\/"]}]},{"@type":"ImageObject","inLanguage":"fr-FR","@id":"https:\/\/vosgesinfo.fr\/laplainedesvosgesinfo\/2025\/03\/le-trail-des-roches-2025-approche-a-grandes-foulees\/#primaryimage","url":"https:\/\/vosgesinfo.fr\/app\/uploads\/sites\/2\/2025\/03\/202304trail-des-roches-2023-5.jpg","contentUrl":"https:\/\/vosgesinfo.fr\/app\/uploads\/sites\/2\/2025\/03\/202304trail-des-roches-2023-5.jpg","width":1024,"height":683},{"@type":"BreadcrumbList","@id":"https:\/\/vosgesinfo.fr\/laplainedesvosgesinfo\/2025\/03\/le-trail-des-roches-2025-approche-a-grandes-foulees\/#breadcrumb","itemListElement":[{"@type":"ListItem","position":1,"name":"Home","item":"https:\/\/vosgesinfo.fr\/laplainedesvosgesinfo\/"},{"@type":"ListItem","position":2,"name":"Le Trail des Roches 2025 approche \u00e0 grandes foul\u00e9es"}]},{"@type":"WebSite","@id":"https:\/\/vosgesinfo.fr\/laplainedesvosgesinfo\/#website","url":"https:\/\/vosgesinfo.fr\/laplainedesvosgesinfo\/","name":"La Plaine des Vosges","description":"Toute l&#039;actualit\u00e9 de la plaine de Vosges","publisher":{"@id":"https:\/\/vosgesinfo.fr\/laplainedesvosgesinfo\/#organization"},"alternateName":"Toute l'actualit\u00e9 de la plaine des Vosges","potentialAction":[{"@type":"SearchAction","target":{"@type":"EntryPoint","urlTemplate":"https:\/\/vosgesinfo.fr\/laplainedesvosgesinfo\/?s={search_term_string}"},"query-input":"required name=search_term_string"}],"inLanguage":"fr-FR"},{"@type":"Organization","@id":"https:\/\/vosgesinfo.fr\/laplainedesvosgesinfo\/#organization","name":"La Plaine des Vosges","url":"https:\/\/vosgesinfo.fr\/laplainedesvosgesinfo\/","logo":{"@type":"ImageObject","inLanguage":"fr-FR","@id":"https:\/\/vosgesinfo.fr\/laplainedesvosgesinfo\/#\/schema\/logo\/image\/","url":"https:\/\/vosgesinfo.fr\/app\/uploads\/sites\/2\/2023\/08\/logo-laplaineinfo.svg","contentUrl":"https:\/\/vosgesinfo.fr\/app\/uploads\/sites\/2\/2023\/08\/logo-laplaineinfo.svg","width":1,"height":1,"caption":"La Plaine des Vosges"},"image":{"@id":"https:\/\/vosgesinfo.fr\/laplainedesvosgesinfo\/#\/schema\/logo\/image\/"},"sameAs":["https:\/\/www.facebook.com\/laplainedesvosges","https:\/\/x.com\/VosgesInfo88","https:\/\/www.youtube.com\/@vosgesinfo"]},{"@type":"Person","@id":"https:\/\/vosgesinfo.fr\/laplainedesvosgesinfo\/#\/schema\/person\/fa73e9f726d67bb88f46d5b7943cb572","name":"J.J.","image":{"@type":"ImageObject","inLanguage":"fr-FR","@id":"https:\/\/vosgesinfo.fr\/laplainedesvosgesinfo\/#\/schema\/person\/image\/","url":"https:\/\/secure.gravatar.com\/avatar\/219e749e47ffbcca018a360ae4add7d4cdf1cdaaf8bc7676b27efade3fe65615?s=96&d=mm&r=g","contentUrl":"https:\/\/secure.gravatar.com\/avatar\/219e749e47ffbcca018a360ae4add7d4cdf1cdaaf8bc7676b27efade3fe65615?s=96&d=mm&r=g","caption":"J.J."},"url":"https:\/\/vosgesinfo.fr\/laplainedesvosgesinfo\/author\/j-j\/"}]}},"_links":{"self":[{"href":"https:\/\/vosgesinfo.fr\/laplainedesvosgesinfo\/wp-json\/wp\/v2\/posts\/29060","targetHints":{"allow":["GET"]}}],"collection":[{"href":"https:\/\/vosgesinfo.fr\/laplainedesvosgesinfo\/wp-json\/wp\/v2\/posts"}],"about":[{"href":"https:\/\/vosgesinfo.fr\/laplainedesvosgesinfo\/wp-json\/wp\/v2\/types\/post"}],"author":[{"embeddable":true,"href":"https:\/\/vosgesinfo.fr\/laplainedesvosgesinfo\/wp-json\/wp\/v2\/users\/46"}],"replies":[{"embeddable":true,"href":"https:\/\/vosgesinfo.fr\/laplainedesvosgesinfo\/wp-json\/wp\/v2\/comments?post=29060"}],"version-history":[{"count":0,"href":"https:\/\/vosgesinfo.fr\/laplainedesvosgesinfo\/wp-json\/wp\/v2\/posts\/29060\/revisions"}],"wp:featuredmedia":[{"embeddable":true,"href":"https:\/\/vosgesinfo.fr\/laplainedesvosgesinfo\/wp-json\/wp\/v2\/media\/29061"}],"wp:attachment":[{"href":"https:\/\/vosgesinfo.fr\/laplainedesvosgesinfo\/wp-json\/wp\/v2\/media?parent=29060"}],"wp:term":[{"taxonomy":"category","embeddable":true,"href":"https:\/\/vosgesinfo.fr\/laplainedesvosgesinfo\/wp-json\/wp\/v2\/categories?post=29060"},{"taxonomy":"post_tag","embeddable":true,"href":"https:\/\/vosgesinfo.fr\/laplainedesvosgesinfo\/wp-json\/wp\/v2\/tags?post=29060"}],"curies":[{"name":"wp","href":"https:\/\/api.w.org\/{rel}","templated":true}]}}