{"id":2908,"date":"2016-02-23T17:05:19","date_gmt":"2016-02-23T16:05:19","guid":{"rendered":"https:\/\/vosgesinfo.fr\/laplainedesvosgesinfo\/2016\/02\/mirecourt-ballade-au-musee-de-la-lutherie\/"},"modified":"2016-02-23T17:05:19","modified_gmt":"2016-02-23T16:05:19","slug":"mirecourt-ballade-au-musee-de-la-lutherie","status":"publish","type":"post","link":"https:\/\/vosgesinfo.fr\/laplainedesvosgesinfo\/2016\/02\/mirecourt-ballade-au-musee-de-la-lutherie\/","title":{"rendered":"Mirecourt &#8211; Bal(l)ade au Mus\u00e9e de la Lutherie"},"content":{"rendered":"<p><a href=\"\/2016\/02\/IMG_8032-compressed.jpg\"><img decoding=\"async\" class=\"wp-image-73075 aligncenter\" src=\"\/2016\/02\/IMG_8032-compressed.jpg\" alt=\"IMG_8032-compressed\" width=\"729\" height=\"486\" \/><\/a><\/p>\n<p><span style=\"font-size: 14pt;\"><strong>Patrimoine et plaisir se m\u00ealent \u00e0 travers cette balade<\/strong><\/span><\/p>\n<p>\u00ab <strong>Bal(l)ade au Pays de Mirecourt<\/strong> \u00bb, la nouvelle exposition du Mus\u00e9e de la Lutherie a un objectif double. Il vise \u00e0 valoriser la diversit\u00e9 des collections du mus\u00e9e et \u00e0 raconter l\u2019importance et la pluralit\u00e9 de l\u2019activit\u00e9 luthi\u00e8re \u00e0 Mirecourt et ses alentours. L\u2019ensemble des \u0153uvres pr\u00e9sent\u00e9es dans l\u2019exposition est issu de la collection du mus\u00e9e de Mirecourt. Une balade m\u00ealant patrimoine, histoire, savoir-faire, musique et plaisir.<\/p>\n<p>Chacun d\u00e9couvre ce \u00ab village th\u00e9matique \u00bb, comme il le souhaite, au gr\u00e9 de son envie, de rues en places, \u00e0 la rencontre de luthiers, d\u2019archetiers, de fabricants d\u2019accessoires, d\u2019ouvriers, d\u2019artisans, de musiciens, de marchands et de cr\u00e9ateurs.<a href=\"\/2016\/02\/IMG_8035-compressed.jpg\"><img decoding=\"async\" class=\"wp-image-73076 alignright\" src=\"\/2016\/02\/IMG_8035-compressed.jpg\" alt=\"IMG_8035-compressed\" width=\"462\" height=\"308\" \/><\/a><\/p>\n<p>Un parcours de visite sans ordre impos\u00e9, o\u00f9 plusieurs supports de d\u00e9couverte sont propos\u00e9s. Des t\u00e9moignages audio, un \u00e9tabli tactile, des instruments \u00e0 disposition des visiteurs. Une cr\u00e9ation sonore \u00ab\u00a0<em>Balade \u00e0 Mirecourt<\/em>\u00a0\u00bb d&rsquo;Yvain Stebut \u00e0 \u00ab\u00a0d\u00e9guster\u00a0\u00bb. Bien entendu, pas de balade sans ballades avec une s\u00e9lection de ballades chant\u00e9es ou instrumentales \u00e0 d\u00e9couvrir.<\/p>\n<p>A partir de cette exposition, une balade \u00e0 poursuivre avec l&rsquo;Atelier du Mus\u00e9e, le Sentier des Luthiers et la Maison de la Musique M\u00e9canique et de la Dentelle.<\/p>\n<p><a href=\"\/2016\/02\/IMG_8033-compressed.jpg\"><img decoding=\"async\" class=\" wp-image-73078 aligncenter\" src=\"\/2016\/02\/IMG_8033-compressed.jpg\" alt=\"IMG_8033-compressed\" width=\"594\" height=\"396\" \/><\/a><\/p>\n<p><strong>L&rsquo;exposition \u00ab\u00a0Bal(l)ade \u00e0 Mirecourt est \u00e0 d\u00e9couvrir jusqu&rsquo;au 31 d\u00e9cembre 2017 au Mus\u00e9e de la Lutherie.<\/strong><\/p>\n<p>&nbsp;<\/p>\n<p>A.J.<\/p>\n","protected":false},"excerpt":{"rendered":"<p>Patrimoine et plaisir se m\u00ealent \u00e0 travers cette balade \u00ab Bal(l)ade au Pays de Mirecourt \u00bb, la nouvelle exposition du [&hellip;]<\/p>\n","protected":false},"author":1,"featured_media":2909,"comment_status":"open","ping_status":"open","sticky":false,"template":"","format":"standard","meta":{"footnotes":""},"categories":[29,4,37,195],"tags":[],"class_list":["post-2908","post","type-post","status-publish","format-standard","has-post-thumbnail","hentry","category-a-la-une","category-culture","category-la-plaine","category-mirecourt-la-plaine"],"acf":[],"yoast_head":"<!-- This site is optimized with the Yoast SEO plugin v22.5 - https:\/\/yoast.com\/wordpress\/plugins\/seo\/ -->\n<title>Mirecourt - Bal(l)ade au Mus\u00e9e de la Lutherie - La Plaine des Vosges<\/title>\n<meta name=\"robots\" content=\"index, follow, max-snippet:-1, max-image-preview:large, max-video-preview:-1\" \/>\n<link rel=\"canonical\" href=\"https:\/\/vosgesinfo.fr\/laplainedesvosgesinfo\/2016\/02\/mirecourt-ballade-au-musee-de-la-lutherie\/\" \/>\n<meta name=\"twitter:card\" content=\"summary_large_image\" \/>\n<meta name=\"twitter:title\" content=\"Mirecourt - Bal(l)ade au Mus\u00e9e de la Lutherie - La Plaine des Vosges\" \/>\n<meta name=\"twitter:description\" content=\"Patrimoine et plaisir se m\u00ealent \u00e0 travers cette balade \u00ab Bal(l)ade au Pays de Mirecourt \u00bb, la nouvelle exposition du [&hellip;]\" \/>\n<meta name=\"twitter:image\" content=\"https:\/\/vosgesinfo.fr\/app\/uploads\/sites\/2\/2024\/06\/201602img-8032-compressed.jpg\" \/>\n<meta name=\"twitter:creator\" content=\"@VosgesInfo88\" \/>\n<meta name=\"twitter:site\" content=\"@VosgesInfo88\" \/>\n<meta name=\"twitter:label1\" content=\"\u00c9crit par\" \/>\n\t<meta name=\"twitter:data1\" content=\"qs_admin\" \/>\n\t<meta name=\"twitter:label2\" content=\"Dur\u00e9e de lecture estim\u00e9e\" \/>\n\t<meta name=\"twitter:data2\" content=\"1 minute\" \/>\n<script type=\"application\/ld+json\" class=\"yoast-schema-graph\">{\"@context\":\"https:\/\/schema.org\",\"@graph\":[{\"@type\":\"Article\",\"@id\":\"https:\/\/vosgesinfo.fr\/laplainedesvosgesinfo\/2016\/02\/mirecourt-ballade-au-musee-de-la-lutherie\/#article\",\"isPartOf\":{\"@id\":\"https:\/\/vosgesinfo.fr\/laplainedesvosgesinfo\/2016\/02\/mirecourt-ballade-au-musee-de-la-lutherie\/\"},\"author\":{\"name\":\"qs_admin\",\"@id\":\"https:\/\/vosgesinfo.fr\/laplainedesvosgesinfo\/#\/schema\/person\/bc5d02d71e6932e81b6dadb7386667b1\"},\"headline\":\"Mirecourt &#8211; Bal(l)ade au Mus\u00e9e de la Lutherie\",\"datePublished\":\"2016-02-23T16:05:19+00:00\",\"dateModified\":\"2016-02-23T16:05:19+00:00\",\"mainEntityOfPage\":{\"@id\":\"https:\/\/vosgesinfo.fr\/laplainedesvosgesinfo\/2016\/02\/mirecourt-ballade-au-musee-de-la-lutherie\/\"},\"wordCount\":248,\"commentCount\":0,\"publisher\":{\"@id\":\"https:\/\/vosgesinfo.fr\/laplainedesvosgesinfo\/#organization\"},\"image\":{\"@id\":\"https:\/\/vosgesinfo.fr\/laplainedesvosgesinfo\/2016\/02\/mirecourt-ballade-au-musee-de-la-lutherie\/#primaryimage\"},\"thumbnailUrl\":\"https:\/\/vosgesinfo.fr\/app\/uploads\/sites\/2\/2024\/06\/201602img-8032-compressed.jpg\",\"articleSection\":[\"A la Une\",\"Culture\",\"La Plaine\",\"Mirecourt\"],\"inLanguage\":\"fr-FR\",\"potentialAction\":[{\"@type\":\"CommentAction\",\"name\":\"Comment\",\"target\":[\"https:\/\/vosgesinfo.fr\/laplainedesvosgesinfo\/2016\/02\/mirecourt-ballade-au-musee-de-la-lutherie\/#respond\"]}]},{\"@type\":\"WebPage\",\"@id\":\"https:\/\/vosgesinfo.fr\/laplainedesvosgesinfo\/2016\/02\/mirecourt-ballade-au-musee-de-la-lutherie\/\",\"url\":\"https:\/\/vosgesinfo.fr\/laplainedesvosgesinfo\/2016\/02\/mirecourt-ballade-au-musee-de-la-lutherie\/\",\"name\":\"Mirecourt - Bal(l)ade au Mus\u00e9e de la Lutherie - La Plaine des Vosges\",\"isPartOf\":{\"@id\":\"https:\/\/vosgesinfo.fr\/laplainedesvosgesinfo\/#website\"},\"primaryImageOfPage\":{\"@id\":\"https:\/\/vosgesinfo.fr\/laplainedesvosgesinfo\/2016\/02\/mirecourt-ballade-au-musee-de-la-lutherie\/#primaryimage\"},\"image\":{\"@id\":\"https:\/\/vosgesinfo.fr\/laplainedesvosgesinfo\/2016\/02\/mirecourt-ballade-au-musee-de-la-lutherie\/#primaryimage\"},\"thumbnailUrl\":\"https:\/\/vosgesinfo.fr\/app\/uploads\/sites\/2\/2024\/06\/201602img-8032-compressed.jpg\",\"datePublished\":\"2016-02-23T16:05:19+00:00\",\"dateModified\":\"2016-02-23T16:05:19+00:00\",\"breadcrumb\":{\"@id\":\"https:\/\/vosgesinfo.fr\/laplainedesvosgesinfo\/2016\/02\/mirecourt-ballade-au-musee-de-la-lutherie\/#breadcrumb\"},\"inLanguage\":\"fr-FR\",\"potentialAction\":[{\"@type\":\"ReadAction\",\"target\":[\"https:\/\/vosgesinfo.fr\/laplainedesvosgesinfo\/2016\/02\/mirecourt-ballade-au-musee-de-la-lutherie\/\"]}]},{\"@type\":\"ImageObject\",\"inLanguage\":\"fr-FR\",\"@id\":\"https:\/\/vosgesinfo.fr\/laplainedesvosgesinfo\/2016\/02\/mirecourt-ballade-au-musee-de-la-lutherie\/#primaryimage\",\"url\":\"https:\/\/vosgesinfo.fr\/app\/uploads\/sites\/2\/2024\/06\/201602img-8032-compressed.jpg\",\"contentUrl\":\"https:\/\/vosgesinfo.fr\/app\/uploads\/sites\/2\/2024\/06\/201602img-8032-compressed.jpg\",\"width\":800,\"height\":534},{\"@type\":\"BreadcrumbList\",\"@id\":\"https:\/\/vosgesinfo.fr\/laplainedesvosgesinfo\/2016\/02\/mirecourt-ballade-au-musee-de-la-lutherie\/#breadcrumb\",\"itemListElement\":[{\"@type\":\"ListItem\",\"position\":1,\"name\":\"Home\",\"item\":\"https:\/\/vosgesinfo.fr\/laplainedesvosgesinfo\/\"},{\"@type\":\"ListItem\",\"position\":2,\"name\":\"Mirecourt &#8211; Bal(l)ade au Mus\u00e9e de la Lutherie\"}]},{\"@type\":\"WebSite\",\"@id\":\"https:\/\/vosgesinfo.fr\/laplainedesvosgesinfo\/#website\",\"url\":\"https:\/\/vosgesinfo.fr\/laplainedesvosgesinfo\/\",\"name\":\"La Plaine des Vosges\",\"description\":\"Toute l&#039;actualit\u00e9 de la plaine de Vosges\",\"publisher\":{\"@id\":\"https:\/\/vosgesinfo.fr\/laplainedesvosgesinfo\/#organization\"},\"alternateName\":\"Toute l'actualit\u00e9 de la plaine des Vosges\",\"potentialAction\":[{\"@type\":\"SearchAction\",\"target\":{\"@type\":\"EntryPoint\",\"urlTemplate\":\"https:\/\/vosgesinfo.fr\/laplainedesvosgesinfo\/?s={search_term_string}\"},\"query-input\":\"required name=search_term_string\"}],\"inLanguage\":\"fr-FR\"},{\"@type\":\"Organization\",\"@id\":\"https:\/\/vosgesinfo.fr\/laplainedesvosgesinfo\/#organization\",\"name\":\"La Plaine des Vosges\",\"url\":\"https:\/\/vosgesinfo.fr\/laplainedesvosgesinfo\/\",\"logo\":{\"@type\":\"ImageObject\",\"inLanguage\":\"fr-FR\",\"@id\":\"https:\/\/vosgesinfo.fr\/laplainedesvosgesinfo\/#\/schema\/logo\/image\/\",\"url\":\"https:\/\/vosgesinfo.fr\/app\/uploads\/sites\/2\/2023\/08\/logo-laplaineinfo.svg\",\"contentUrl\":\"https:\/\/vosgesinfo.fr\/app\/uploads\/sites\/2\/2023\/08\/logo-laplaineinfo.svg\",\"width\":1,\"height\":1,\"caption\":\"La Plaine des Vosges\"},\"image\":{\"@id\":\"https:\/\/vosgesinfo.fr\/laplainedesvosgesinfo\/#\/schema\/logo\/image\/\"},\"sameAs\":[\"https:\/\/www.facebook.com\/laplainedesvosges\",\"https:\/\/x.com\/VosgesInfo88\",\"https:\/\/www.youtube.com\/@vosgesinfo\"]},{\"@type\":\"Person\",\"@id\":\"https:\/\/vosgesinfo.fr\/laplainedesvosgesinfo\/#\/schema\/person\/bc5d02d71e6932e81b6dadb7386667b1\",\"name\":\"qs_admin\",\"image\":{\"@type\":\"ImageObject\",\"inLanguage\":\"fr-FR\",\"@id\":\"https:\/\/vosgesinfo.fr\/laplainedesvosgesinfo\/#\/schema\/person\/image\/\",\"url\":\"https:\/\/secure.gravatar.com\/avatar\/94b18ee0ed79e4a42ea2f2931277b6841a8999fc6fde214600c78057cf1fe1de?s=96&d=mm&r=g\",\"contentUrl\":\"https:\/\/secure.gravatar.com\/avatar\/94b18ee0ed79e4a42ea2f2931277b6841a8999fc6fde214600c78057cf1fe1de?s=96&d=mm&r=g\",\"caption\":\"qs_admin\"},\"sameAs\":[\"https:\/\/vosgesinfo.fr\/wp\"],\"url\":\"https:\/\/vosgesinfo.fr\/laplainedesvosgesinfo\/author\/qs_admin\/\"}]}<\/script>\n<!-- \/ Yoast SEO plugin. -->","yoast_head_json":{"title":"Mirecourt - Bal(l)ade au Mus\u00e9e de la Lutherie - La Plaine des Vosges","robots":{"index":"index","follow":"follow","max-snippet":"max-snippet:-1","max-image-preview":"max-image-preview:large","max-video-preview":"max-video-preview:-1"},"canonical":"https:\/\/vosgesinfo.fr\/laplainedesvosgesinfo\/2016\/02\/mirecourt-ballade-au-musee-de-la-lutherie\/","twitter_card":"summary_large_image","twitter_title":"Mirecourt - Bal(l)ade au Mus\u00e9e de la Lutherie - La Plaine des Vosges","twitter_description":"Patrimoine et plaisir se m\u00ealent \u00e0 travers cette balade \u00ab Bal(l)ade au Pays de Mirecourt \u00bb, la nouvelle exposition du [&hellip;]","twitter_image":"https:\/\/vosgesinfo.fr\/app\/uploads\/sites\/2\/2024\/06\/201602img-8032-compressed.jpg","twitter_creator":"@VosgesInfo88","twitter_site":"@VosgesInfo88","twitter_misc":{"\u00c9crit par":"qs_admin","Dur\u00e9e de lecture estim\u00e9e":"1 minute"},"schema":{"@context":"https:\/\/schema.org","@graph":[{"@type":"Article","@id":"https:\/\/vosgesinfo.fr\/laplainedesvosgesinfo\/2016\/02\/mirecourt-ballade-au-musee-de-la-lutherie\/#article","isPartOf":{"@id":"https:\/\/vosgesinfo.fr\/laplainedesvosgesinfo\/2016\/02\/mirecourt-ballade-au-musee-de-la-lutherie\/"},"author":{"name":"qs_admin","@id":"https:\/\/vosgesinfo.fr\/laplainedesvosgesinfo\/#\/schema\/person\/bc5d02d71e6932e81b6dadb7386667b1"},"headline":"Mirecourt &#8211; Bal(l)ade au Mus\u00e9e de la Lutherie","datePublished":"2016-02-23T16:05:19+00:00","dateModified":"2016-02-23T16:05:19+00:00","mainEntityOfPage":{"@id":"https:\/\/vosgesinfo.fr\/laplainedesvosgesinfo\/2016\/02\/mirecourt-ballade-au-musee-de-la-lutherie\/"},"wordCount":248,"commentCount":0,"publisher":{"@id":"https:\/\/vosgesinfo.fr\/laplainedesvosgesinfo\/#organization"},"image":{"@id":"https:\/\/vosgesinfo.fr\/laplainedesvosgesinfo\/2016\/02\/mirecourt-ballade-au-musee-de-la-lutherie\/#primaryimage"},"thumbnailUrl":"https:\/\/vosgesinfo.fr\/app\/uploads\/sites\/2\/2024\/06\/201602img-8032-compressed.jpg","articleSection":["A la Une","Culture","La Plaine","Mirecourt"],"inLanguage":"fr-FR","potentialAction":[{"@type":"CommentAction","name":"Comment","target":["https:\/\/vosgesinfo.fr\/laplainedesvosgesinfo\/2016\/02\/mirecourt-ballade-au-musee-de-la-lutherie\/#respond"]}]},{"@type":"WebPage","@id":"https:\/\/vosgesinfo.fr\/laplainedesvosgesinfo\/2016\/02\/mirecourt-ballade-au-musee-de-la-lutherie\/","url":"https:\/\/vosgesinfo.fr\/laplainedesvosgesinfo\/2016\/02\/mirecourt-ballade-au-musee-de-la-lutherie\/","name":"Mirecourt - Bal(l)ade au Mus\u00e9e de la Lutherie - La Plaine des Vosges","isPartOf":{"@id":"https:\/\/vosgesinfo.fr\/laplainedesvosgesinfo\/#website"},"primaryImageOfPage":{"@id":"https:\/\/vosgesinfo.fr\/laplainedesvosgesinfo\/2016\/02\/mirecourt-ballade-au-musee-de-la-lutherie\/#primaryimage"},"image":{"@id":"https:\/\/vosgesinfo.fr\/laplainedesvosgesinfo\/2016\/02\/mirecourt-ballade-au-musee-de-la-lutherie\/#primaryimage"},"thumbnailUrl":"https:\/\/vosgesinfo.fr\/app\/uploads\/sites\/2\/2024\/06\/201602img-8032-compressed.jpg","datePublished":"2016-02-23T16:05:19+00:00","dateModified":"2016-02-23T16:05:19+00:00","breadcrumb":{"@id":"https:\/\/vosgesinfo.fr\/laplainedesvosgesinfo\/2016\/02\/mirecourt-ballade-au-musee-de-la-lutherie\/#breadcrumb"},"inLanguage":"fr-FR","potentialAction":[{"@type":"ReadAction","target":["https:\/\/vosgesinfo.fr\/laplainedesvosgesinfo\/2016\/02\/mirecourt-ballade-au-musee-de-la-lutherie\/"]}]},{"@type":"ImageObject","inLanguage":"fr-FR","@id":"https:\/\/vosgesinfo.fr\/laplainedesvosgesinfo\/2016\/02\/mirecourt-ballade-au-musee-de-la-lutherie\/#primaryimage","url":"https:\/\/vosgesinfo.fr\/app\/uploads\/sites\/2\/2024\/06\/201602img-8032-compressed.jpg","contentUrl":"https:\/\/vosgesinfo.fr\/app\/uploads\/sites\/2\/2024\/06\/201602img-8032-compressed.jpg","width":800,"height":534},{"@type":"BreadcrumbList","@id":"https:\/\/vosgesinfo.fr\/laplainedesvosgesinfo\/2016\/02\/mirecourt-ballade-au-musee-de-la-lutherie\/#breadcrumb","itemListElement":[{"@type":"ListItem","position":1,"name":"Home","item":"https:\/\/vosgesinfo.fr\/laplainedesvosgesinfo\/"},{"@type":"ListItem","position":2,"name":"Mirecourt &#8211; Bal(l)ade au Mus\u00e9e de la Lutherie"}]},{"@type":"WebSite","@id":"https:\/\/vosgesinfo.fr\/laplainedesvosgesinfo\/#website","url":"https:\/\/vosgesinfo.fr\/laplainedesvosgesinfo\/","name":"La Plaine des Vosges","description":"Toute l&#039;actualit\u00e9 de la plaine de Vosges","publisher":{"@id":"https:\/\/vosgesinfo.fr\/laplainedesvosgesinfo\/#organization"},"alternateName":"Toute l'actualit\u00e9 de la plaine des Vosges","potentialAction":[{"@type":"SearchAction","target":{"@type":"EntryPoint","urlTemplate":"https:\/\/vosgesinfo.fr\/laplainedesvosgesinfo\/?s={search_term_string}"},"query-input":"required name=search_term_string"}],"inLanguage":"fr-FR"},{"@type":"Organization","@id":"https:\/\/vosgesinfo.fr\/laplainedesvosgesinfo\/#organization","name":"La Plaine des Vosges","url":"https:\/\/vosgesinfo.fr\/laplainedesvosgesinfo\/","logo":{"@type":"ImageObject","inLanguage":"fr-FR","@id":"https:\/\/vosgesinfo.fr\/laplainedesvosgesinfo\/#\/schema\/logo\/image\/","url":"https:\/\/vosgesinfo.fr\/app\/uploads\/sites\/2\/2023\/08\/logo-laplaineinfo.svg","contentUrl":"https:\/\/vosgesinfo.fr\/app\/uploads\/sites\/2\/2023\/08\/logo-laplaineinfo.svg","width":1,"height":1,"caption":"La Plaine des Vosges"},"image":{"@id":"https:\/\/vosgesinfo.fr\/laplainedesvosgesinfo\/#\/schema\/logo\/image\/"},"sameAs":["https:\/\/www.facebook.com\/laplainedesvosges","https:\/\/x.com\/VosgesInfo88","https:\/\/www.youtube.com\/@vosgesinfo"]},{"@type":"Person","@id":"https:\/\/vosgesinfo.fr\/laplainedesvosgesinfo\/#\/schema\/person\/bc5d02d71e6932e81b6dadb7386667b1","name":"qs_admin","image":{"@type":"ImageObject","inLanguage":"fr-FR","@id":"https:\/\/vosgesinfo.fr\/laplainedesvosgesinfo\/#\/schema\/person\/image\/","url":"https:\/\/secure.gravatar.com\/avatar\/94b18ee0ed79e4a42ea2f2931277b6841a8999fc6fde214600c78057cf1fe1de?s=96&d=mm&r=g","contentUrl":"https:\/\/secure.gravatar.com\/avatar\/94b18ee0ed79e4a42ea2f2931277b6841a8999fc6fde214600c78057cf1fe1de?s=96&d=mm&r=g","caption":"qs_admin"},"sameAs":["https:\/\/vosgesinfo.fr\/wp"],"url":"https:\/\/vosgesinfo.fr\/laplainedesvosgesinfo\/author\/qs_admin\/"}]}},"_links":{"self":[{"href":"https:\/\/vosgesinfo.fr\/laplainedesvosgesinfo\/wp-json\/wp\/v2\/posts\/2908","targetHints":{"allow":["GET"]}}],"collection":[{"href":"https:\/\/vosgesinfo.fr\/laplainedesvosgesinfo\/wp-json\/wp\/v2\/posts"}],"about":[{"href":"https:\/\/vosgesinfo.fr\/laplainedesvosgesinfo\/wp-json\/wp\/v2\/types\/post"}],"author":[{"embeddable":true,"href":"https:\/\/vosgesinfo.fr\/laplainedesvosgesinfo\/wp-json\/wp\/v2\/users\/1"}],"replies":[{"embeddable":true,"href":"https:\/\/vosgesinfo.fr\/laplainedesvosgesinfo\/wp-json\/wp\/v2\/comments?post=2908"}],"version-history":[{"count":0,"href":"https:\/\/vosgesinfo.fr\/laplainedesvosgesinfo\/wp-json\/wp\/v2\/posts\/2908\/revisions"}],"wp:featuredmedia":[{"embeddable":true,"href":"https:\/\/vosgesinfo.fr\/laplainedesvosgesinfo\/wp-json\/wp\/v2\/media\/2909"}],"wp:attachment":[{"href":"https:\/\/vosgesinfo.fr\/laplainedesvosgesinfo\/wp-json\/wp\/v2\/media?parent=2908"}],"wp:term":[{"taxonomy":"category","embeddable":true,"href":"https:\/\/vosgesinfo.fr\/laplainedesvosgesinfo\/wp-json\/wp\/v2\/categories?post=2908"},{"taxonomy":"post_tag","embeddable":true,"href":"https:\/\/vosgesinfo.fr\/laplainedesvosgesinfo\/wp-json\/wp\/v2\/tags?post=2908"}],"curies":[{"name":"wp","href":"https:\/\/api.w.org\/{rel}","templated":true}]}}