{"id":29083,"date":"2025-03-18T14:20:49","date_gmt":"2025-03-18T13:20:49","guid":{"rendered":"https:\/\/vosgesinfo.fr\/laplainedesvosgesinfo\/?p=29083"},"modified":"2025-03-18T14:20:49","modified_gmt":"2025-03-18T13:20:49","slug":"la-deodatie-comme-decor-du-31e-rallye-de-printemps","status":"publish","type":"post","link":"https:\/\/vosgesinfo.fr\/laplainedesvosgesinfo\/2025\/03\/la-deodatie-comme-decor-du-31e-rallye-de-printemps\/","title":{"rendered":"La D\u00e9odatie comme d\u00e9cor du 31e Rallye de Printemps"},"content":{"rendered":"<h2>Apr\u00e8s <strong>Nancy<\/strong> et ses alentours l&rsquo;an dernier, le <strong>Rallye de Printemps<\/strong> de l&rsquo;<strong>Association Sportive de l&rsquo;Automobile Club Lorrain \u2013 ASACL<\/strong> \u2013 aura cette ann\u00e9e comme d\u00e9cor la <strong>D\u00e9odatie<\/strong>.<\/h2>\n<p><!--more--><\/p>\n<p>La <strong>31e \u00e9dition<\/strong> de ce <strong>rallye r\u00e9gional<\/strong>, et la <strong>11e<\/strong> pour la cat\u00e9gorie <strong>VHC<\/strong>, se d\u00e9roulera ce <strong>week-end des 22 et 23 mars<\/strong>. Il sera bas\u00e9 \u00e0 <strong>Saint-Di\u00e9-des-Vosges<\/strong>, au niveau du <strong>Palais Omnisports Joseph-Claudel<\/strong> et de la <strong>rue S\u00e9bastien-Lehr<\/strong>.<\/p>\n<p><strong>97 \u00e9quipages<\/strong> sont engag\u00e9s pour cette \u00e9dition <strong>2025.<\/strong> Le rallye totalisera une distance de <strong>39,630 kilom\u00e8tres<\/strong>, r\u00e9partie en <strong>2 sp\u00e9ciales<\/strong> \u00e0 parcourir <strong>3 fois<\/strong>. Longue de <strong>6,700 km<\/strong>, la premi\u00e8re sp\u00e9ciale se d\u00e9roulera entre <strong>Nayemont-les-Fosses<\/strong> et <strong>Les Moli\u00e8res<\/strong>. <strong>Grandrupt<\/strong> accueillera la deuxi\u00e8me sp\u00e9ciale, qui est l\u00e9g\u00e8rement plus courte avec <strong>6,510 km<\/strong>.<\/p>\n<p>La journ\u00e9e de <strong>samedi<\/strong> sera consacr\u00e9e aux <strong>reconnaissances<\/strong>, <strong>v\u00e9rifications techniques<\/strong> et <strong>administratives<\/strong>. Le d\u00e9part de la comp\u00e9tition sera donn\u00e9 <strong>dimanche matin<\/strong>, sur les coups de <strong>8 h<\/strong>. <a href=\"https:\/\/e0a2987c-f39e-4119-a500-a2c87d4f265e.filesusr.com\/ugd\/5d0bda_d0d3115f8b624f09b998b3641d556fb0.pdf\" target=\"_blank\" rel=\"noopener\"><strong>Cliquer ici<\/strong><\/a> pour consulter les timings du rallye.<\/p>\n<p>Informations compl\u00e9mentaires sur <strong><a href=\"https:\/\/rbracingphotos.wixsite.com\/rallye-de-printemps\" target=\"_blank\" rel=\"noopener\">https:\/\/rbracingphotos.wixsite.com\/rallye-de-printemps<\/a><\/strong><\/p>\n<p>J.J.<\/p>\n<p><a href=\"https:\/\/vosgesinfo.fr\/app\/uploads\/sites\/4\/2025\/03\/31e-rallye-printemps.jpg\"><img decoding=\"async\" class=\"alignnone size-large wp-image-75316\" src=\"https:\/\/vosgesinfo.fr\/app\/uploads\/sites\/4\/2025\/03\/31e-rallye-printemps-724x1024.jpg\" alt=\"\" width=\"724\" height=\"1024\" \/><\/a><\/p>\n","protected":false},"excerpt":{"rendered":"<p>Apr\u00e8s Nancy et ses alentours l&rsquo;an dernier, le Rallye de Printemps de l&rsquo;Association Sportive de l&rsquo;Automobile Club Lorrain \u2013 ASACL [&hellip;]<\/p>\n","protected":false},"author":46,"featured_media":29084,"comment_status":"open","ping_status":"open","sticky":false,"template":"","format":"standard","meta":{"footnotes":""},"categories":[29,383,294,380,381,393,391,14,18],"tags":[8188,8189],"class_list":["post-29083","post","type-post","status-publish","format-standard","has-post-thumbnail","hentry","category-a-la-une","category-epinal","category-gerardmer","category-la-plaine-des-vosges","category-remiremont","category-saint-die-des-vosges","category-saint-die-des-vosges-et-son-agglomeration","category-sport","category-vosges","tag-31e-rallye-de-printemps","tag-association-sportive-de-lautomobile-club-lorrain"],"acf":[],"yoast_head":"<!-- This site is optimized with the Yoast SEO plugin v22.5 - https:\/\/yoast.com\/wordpress\/plugins\/seo\/ -->\n<title>La D\u00e9odatie comme d\u00e9cor du 31e Rallye de Printemps - La Plaine des Vosges<\/title>\n<meta name=\"robots\" content=\"index, follow, max-snippet:-1, max-image-preview:large, max-video-preview:-1\" \/>\n<link rel=\"canonical\" href=\"https:\/\/vosgesinfo.fr\/laplainedesvosgesinfo\/2025\/03\/la-deodatie-comme-decor-du-31e-rallye-de-printemps\/\" \/>\n<meta name=\"twitter:card\" content=\"summary_large_image\" \/>\n<meta name=\"twitter:title\" content=\"La D\u00e9odatie comme d\u00e9cor du 31e Rallye de Printemps - La Plaine des Vosges\" \/>\n<meta name=\"twitter:description\" content=\"Apr\u00e8s Nancy et ses alentours l&rsquo;an dernier, le Rallye de Printemps de l&rsquo;Association Sportive de l&rsquo;Automobile Club Lorrain \u2013 ASACL [&hellip;]\" \/>\n<meta name=\"twitter:image\" content=\"https:\/\/vosgesinfo.fr\/app\/uploads\/sites\/2\/2025\/03\/31e-rallye-printemps.jpg\" \/>\n<meta name=\"twitter:creator\" content=\"@VosgesInfo88\" \/>\n<meta name=\"twitter:site\" content=\"@VosgesInfo88\" \/>\n<meta name=\"twitter:label1\" content=\"\u00c9crit par\" \/>\n\t<meta name=\"twitter:data1\" content=\"J.J.\" \/>\n\t<meta name=\"twitter:label2\" content=\"Dur\u00e9e de lecture estim\u00e9e\" \/>\n\t<meta name=\"twitter:data2\" content=\"1 minute\" \/>\n<script type=\"application\/ld+json\" class=\"yoast-schema-graph\">{\"@context\":\"https:\/\/schema.org\",\"@graph\":[{\"@type\":\"Article\",\"@id\":\"https:\/\/vosgesinfo.fr\/laplainedesvosgesinfo\/2025\/03\/la-deodatie-comme-decor-du-31e-rallye-de-printemps\/#article\",\"isPartOf\":{\"@id\":\"https:\/\/vosgesinfo.fr\/laplainedesvosgesinfo\/2025\/03\/la-deodatie-comme-decor-du-31e-rallye-de-printemps\/\"},\"author\":{\"name\":\"J.J.\",\"@id\":\"https:\/\/vosgesinfo.fr\/laplainedesvosgesinfo\/#\/schema\/person\/fa73e9f726d67bb88f46d5b7943cb572\"},\"headline\":\"La D\u00e9odatie comme d\u00e9cor du 31e Rallye de Printemps\",\"datePublished\":\"2025-03-18T13:20:49+00:00\",\"dateModified\":\"2025-03-18T13:20:49+00:00\",\"mainEntityOfPage\":{\"@id\":\"https:\/\/vosgesinfo.fr\/laplainedesvosgesinfo\/2025\/03\/la-deodatie-comme-decor-du-31e-rallye-de-printemps\/\"},\"wordCount\":190,\"commentCount\":0,\"publisher\":{\"@id\":\"https:\/\/vosgesinfo.fr\/laplainedesvosgesinfo\/#organization\"},\"image\":{\"@id\":\"https:\/\/vosgesinfo.fr\/laplainedesvosgesinfo\/2025\/03\/la-deodatie-comme-decor-du-31e-rallye-de-printemps\/#primaryimage\"},\"thumbnailUrl\":\"https:\/\/vosgesinfo.fr\/app\/uploads\/sites\/2\/2025\/03\/31e-rallye-printemps.jpg\",\"keywords\":[\"31e Rallye de Printemps\",\"Association Sportive de l'Automobile Club Lorrain\"],\"articleSection\":[\"A la Une\",\"Epinal\",\"G\u00e9rardmer\",\"La plaine des vosges\",\"Remiremont\",\"Saint-Di\u00e9-des-Vosges\",\"Saint-Di\u00e9-des-Vosges et son Agglom\u00e9ration\",\"Sport\",\"Vosges\"],\"inLanguage\":\"fr-FR\",\"potentialAction\":[{\"@type\":\"CommentAction\",\"name\":\"Comment\",\"target\":[\"https:\/\/vosgesinfo.fr\/laplainedesvosgesinfo\/2025\/03\/la-deodatie-comme-decor-du-31e-rallye-de-printemps\/#respond\"]}]},{\"@type\":\"WebPage\",\"@id\":\"https:\/\/vosgesinfo.fr\/laplainedesvosgesinfo\/2025\/03\/la-deodatie-comme-decor-du-31e-rallye-de-printemps\/\",\"url\":\"https:\/\/vosgesinfo.fr\/laplainedesvosgesinfo\/2025\/03\/la-deodatie-comme-decor-du-31e-rallye-de-printemps\/\",\"name\":\"La D\u00e9odatie comme d\u00e9cor du 31e Rallye de Printemps - La Plaine des Vosges\",\"isPartOf\":{\"@id\":\"https:\/\/vosgesinfo.fr\/laplainedesvosgesinfo\/#website\"},\"primaryImageOfPage\":{\"@id\":\"https:\/\/vosgesinfo.fr\/laplainedesvosgesinfo\/2025\/03\/la-deodatie-comme-decor-du-31e-rallye-de-printemps\/#primaryimage\"},\"image\":{\"@id\":\"https:\/\/vosgesinfo.fr\/laplainedesvosgesinfo\/2025\/03\/la-deodatie-comme-decor-du-31e-rallye-de-printemps\/#primaryimage\"},\"thumbnailUrl\":\"https:\/\/vosgesinfo.fr\/app\/uploads\/sites\/2\/2025\/03\/31e-rallye-printemps.jpg\",\"datePublished\":\"2025-03-18T13:20:49+00:00\",\"dateModified\":\"2025-03-18T13:20:49+00:00\",\"breadcrumb\":{\"@id\":\"https:\/\/vosgesinfo.fr\/laplainedesvosgesinfo\/2025\/03\/la-deodatie-comme-decor-du-31e-rallye-de-printemps\/#breadcrumb\"},\"inLanguage\":\"fr-FR\",\"potentialAction\":[{\"@type\":\"ReadAction\",\"target\":[\"https:\/\/vosgesinfo.fr\/laplainedesvosgesinfo\/2025\/03\/la-deodatie-comme-decor-du-31e-rallye-de-printemps\/\"]}]},{\"@type\":\"ImageObject\",\"inLanguage\":\"fr-FR\",\"@id\":\"https:\/\/vosgesinfo.fr\/laplainedesvosgesinfo\/2025\/03\/la-deodatie-comme-decor-du-31e-rallye-de-printemps\/#primaryimage\",\"url\":\"https:\/\/vosgesinfo.fr\/app\/uploads\/sites\/2\/2025\/03\/31e-rallye-printemps.jpg\",\"contentUrl\":\"https:\/\/vosgesinfo.fr\/app\/uploads\/sites\/2\/2025\/03\/31e-rallye-printemps.jpg\",\"width\":1448,\"height\":2048},{\"@type\":\"BreadcrumbList\",\"@id\":\"https:\/\/vosgesinfo.fr\/laplainedesvosgesinfo\/2025\/03\/la-deodatie-comme-decor-du-31e-rallye-de-printemps\/#breadcrumb\",\"itemListElement\":[{\"@type\":\"ListItem\",\"position\":1,\"name\":\"Home\",\"item\":\"https:\/\/vosgesinfo.fr\/laplainedesvosgesinfo\/\"},{\"@type\":\"ListItem\",\"position\":2,\"name\":\"La D\u00e9odatie comme d\u00e9cor du 31e Rallye de Printemps\"}]},{\"@type\":\"WebSite\",\"@id\":\"https:\/\/vosgesinfo.fr\/laplainedesvosgesinfo\/#website\",\"url\":\"https:\/\/vosgesinfo.fr\/laplainedesvosgesinfo\/\",\"name\":\"La Plaine des Vosges\",\"description\":\"Toute l&#039;actualit\u00e9 de la plaine de Vosges\",\"publisher\":{\"@id\":\"https:\/\/vosgesinfo.fr\/laplainedesvosgesinfo\/#organization\"},\"alternateName\":\"Toute l'actualit\u00e9 de la plaine des Vosges\",\"potentialAction\":[{\"@type\":\"SearchAction\",\"target\":{\"@type\":\"EntryPoint\",\"urlTemplate\":\"https:\/\/vosgesinfo.fr\/laplainedesvosgesinfo\/?s={search_term_string}\"},\"query-input\":\"required name=search_term_string\"}],\"inLanguage\":\"fr-FR\"},{\"@type\":\"Organization\",\"@id\":\"https:\/\/vosgesinfo.fr\/laplainedesvosgesinfo\/#organization\",\"name\":\"La Plaine des Vosges\",\"url\":\"https:\/\/vosgesinfo.fr\/laplainedesvosgesinfo\/\",\"logo\":{\"@type\":\"ImageObject\",\"inLanguage\":\"fr-FR\",\"@id\":\"https:\/\/vosgesinfo.fr\/laplainedesvosgesinfo\/#\/schema\/logo\/image\/\",\"url\":\"https:\/\/vosgesinfo.fr\/app\/uploads\/sites\/2\/2023\/08\/logo-laplaineinfo.svg\",\"contentUrl\":\"https:\/\/vosgesinfo.fr\/app\/uploads\/sites\/2\/2023\/08\/logo-laplaineinfo.svg\",\"width\":1,\"height\":1,\"caption\":\"La Plaine des Vosges\"},\"image\":{\"@id\":\"https:\/\/vosgesinfo.fr\/laplainedesvosgesinfo\/#\/schema\/logo\/image\/\"},\"sameAs\":[\"https:\/\/www.facebook.com\/laplainedesvosges\",\"https:\/\/x.com\/VosgesInfo88\",\"https:\/\/www.youtube.com\/@vosgesinfo\"]},{\"@type\":\"Person\",\"@id\":\"https:\/\/vosgesinfo.fr\/laplainedesvosgesinfo\/#\/schema\/person\/fa73e9f726d67bb88f46d5b7943cb572\",\"name\":\"J.J.\",\"image\":{\"@type\":\"ImageObject\",\"inLanguage\":\"fr-FR\",\"@id\":\"https:\/\/vosgesinfo.fr\/laplainedesvosgesinfo\/#\/schema\/person\/image\/\",\"url\":\"https:\/\/secure.gravatar.com\/avatar\/219e749e47ffbcca018a360ae4add7d4cdf1cdaaf8bc7676b27efade3fe65615?s=96&d=mm&r=g\",\"contentUrl\":\"https:\/\/secure.gravatar.com\/avatar\/219e749e47ffbcca018a360ae4add7d4cdf1cdaaf8bc7676b27efade3fe65615?s=96&d=mm&r=g\",\"caption\":\"J.J.\"},\"url\":\"https:\/\/vosgesinfo.fr\/laplainedesvosgesinfo\/author\/j-j\/\"}]}<\/script>\n<!-- \/ Yoast SEO plugin. -->","yoast_head_json":{"title":"La D\u00e9odatie comme d\u00e9cor du 31e Rallye de Printemps - La Plaine des Vosges","robots":{"index":"index","follow":"follow","max-snippet":"max-snippet:-1","max-image-preview":"max-image-preview:large","max-video-preview":"max-video-preview:-1"},"canonical":"https:\/\/vosgesinfo.fr\/laplainedesvosgesinfo\/2025\/03\/la-deodatie-comme-decor-du-31e-rallye-de-printemps\/","twitter_card":"summary_large_image","twitter_title":"La D\u00e9odatie comme d\u00e9cor du 31e Rallye de Printemps - La Plaine des Vosges","twitter_description":"Apr\u00e8s Nancy et ses alentours l&rsquo;an dernier, le Rallye de Printemps de l&rsquo;Association Sportive de l&rsquo;Automobile Club Lorrain \u2013 ASACL [&hellip;]","twitter_image":"https:\/\/vosgesinfo.fr\/app\/uploads\/sites\/2\/2025\/03\/31e-rallye-printemps.jpg","twitter_creator":"@VosgesInfo88","twitter_site":"@VosgesInfo88","twitter_misc":{"\u00c9crit par":"J.J.","Dur\u00e9e de lecture estim\u00e9e":"1 minute"},"schema":{"@context":"https:\/\/schema.org","@graph":[{"@type":"Article","@id":"https:\/\/vosgesinfo.fr\/laplainedesvosgesinfo\/2025\/03\/la-deodatie-comme-decor-du-31e-rallye-de-printemps\/#article","isPartOf":{"@id":"https:\/\/vosgesinfo.fr\/laplainedesvosgesinfo\/2025\/03\/la-deodatie-comme-decor-du-31e-rallye-de-printemps\/"},"author":{"name":"J.J.","@id":"https:\/\/vosgesinfo.fr\/laplainedesvosgesinfo\/#\/schema\/person\/fa73e9f726d67bb88f46d5b7943cb572"},"headline":"La D\u00e9odatie comme d\u00e9cor du 31e Rallye de Printemps","datePublished":"2025-03-18T13:20:49+00:00","dateModified":"2025-03-18T13:20:49+00:00","mainEntityOfPage":{"@id":"https:\/\/vosgesinfo.fr\/laplainedesvosgesinfo\/2025\/03\/la-deodatie-comme-decor-du-31e-rallye-de-printemps\/"},"wordCount":190,"commentCount":0,"publisher":{"@id":"https:\/\/vosgesinfo.fr\/laplainedesvosgesinfo\/#organization"},"image":{"@id":"https:\/\/vosgesinfo.fr\/laplainedesvosgesinfo\/2025\/03\/la-deodatie-comme-decor-du-31e-rallye-de-printemps\/#primaryimage"},"thumbnailUrl":"https:\/\/vosgesinfo.fr\/app\/uploads\/sites\/2\/2025\/03\/31e-rallye-printemps.jpg","keywords":["31e Rallye de Printemps","Association Sportive de l'Automobile Club Lorrain"],"articleSection":["A la Une","Epinal","G\u00e9rardmer","La plaine des vosges","Remiremont","Saint-Di\u00e9-des-Vosges","Saint-Di\u00e9-des-Vosges et son Agglom\u00e9ration","Sport","Vosges"],"inLanguage":"fr-FR","potentialAction":[{"@type":"CommentAction","name":"Comment","target":["https:\/\/vosgesinfo.fr\/laplainedesvosgesinfo\/2025\/03\/la-deodatie-comme-decor-du-31e-rallye-de-printemps\/#respond"]}]},{"@type":"WebPage","@id":"https:\/\/vosgesinfo.fr\/laplainedesvosgesinfo\/2025\/03\/la-deodatie-comme-decor-du-31e-rallye-de-printemps\/","url":"https:\/\/vosgesinfo.fr\/laplainedesvosgesinfo\/2025\/03\/la-deodatie-comme-decor-du-31e-rallye-de-printemps\/","name":"La D\u00e9odatie comme d\u00e9cor du 31e Rallye de Printemps - La Plaine des Vosges","isPartOf":{"@id":"https:\/\/vosgesinfo.fr\/laplainedesvosgesinfo\/#website"},"primaryImageOfPage":{"@id":"https:\/\/vosgesinfo.fr\/laplainedesvosgesinfo\/2025\/03\/la-deodatie-comme-decor-du-31e-rallye-de-printemps\/#primaryimage"},"image":{"@id":"https:\/\/vosgesinfo.fr\/laplainedesvosgesinfo\/2025\/03\/la-deodatie-comme-decor-du-31e-rallye-de-printemps\/#primaryimage"},"thumbnailUrl":"https:\/\/vosgesinfo.fr\/app\/uploads\/sites\/2\/2025\/03\/31e-rallye-printemps.jpg","datePublished":"2025-03-18T13:20:49+00:00","dateModified":"2025-03-18T13:20:49+00:00","breadcrumb":{"@id":"https:\/\/vosgesinfo.fr\/laplainedesvosgesinfo\/2025\/03\/la-deodatie-comme-decor-du-31e-rallye-de-printemps\/#breadcrumb"},"inLanguage":"fr-FR","potentialAction":[{"@type":"ReadAction","target":["https:\/\/vosgesinfo.fr\/laplainedesvosgesinfo\/2025\/03\/la-deodatie-comme-decor-du-31e-rallye-de-printemps\/"]}]},{"@type":"ImageObject","inLanguage":"fr-FR","@id":"https:\/\/vosgesinfo.fr\/laplainedesvosgesinfo\/2025\/03\/la-deodatie-comme-decor-du-31e-rallye-de-printemps\/#primaryimage","url":"https:\/\/vosgesinfo.fr\/app\/uploads\/sites\/2\/2025\/03\/31e-rallye-printemps.jpg","contentUrl":"https:\/\/vosgesinfo.fr\/app\/uploads\/sites\/2\/2025\/03\/31e-rallye-printemps.jpg","width":1448,"height":2048},{"@type":"BreadcrumbList","@id":"https:\/\/vosgesinfo.fr\/laplainedesvosgesinfo\/2025\/03\/la-deodatie-comme-decor-du-31e-rallye-de-printemps\/#breadcrumb","itemListElement":[{"@type":"ListItem","position":1,"name":"Home","item":"https:\/\/vosgesinfo.fr\/laplainedesvosgesinfo\/"},{"@type":"ListItem","position":2,"name":"La D\u00e9odatie comme d\u00e9cor du 31e Rallye de Printemps"}]},{"@type":"WebSite","@id":"https:\/\/vosgesinfo.fr\/laplainedesvosgesinfo\/#website","url":"https:\/\/vosgesinfo.fr\/laplainedesvosgesinfo\/","name":"La Plaine des Vosges","description":"Toute l&#039;actualit\u00e9 de la plaine de Vosges","publisher":{"@id":"https:\/\/vosgesinfo.fr\/laplainedesvosgesinfo\/#organization"},"alternateName":"Toute l'actualit\u00e9 de la plaine des Vosges","potentialAction":[{"@type":"SearchAction","target":{"@type":"EntryPoint","urlTemplate":"https:\/\/vosgesinfo.fr\/laplainedesvosgesinfo\/?s={search_term_string}"},"query-input":"required name=search_term_string"}],"inLanguage":"fr-FR"},{"@type":"Organization","@id":"https:\/\/vosgesinfo.fr\/laplainedesvosgesinfo\/#organization","name":"La Plaine des Vosges","url":"https:\/\/vosgesinfo.fr\/laplainedesvosgesinfo\/","logo":{"@type":"ImageObject","inLanguage":"fr-FR","@id":"https:\/\/vosgesinfo.fr\/laplainedesvosgesinfo\/#\/schema\/logo\/image\/","url":"https:\/\/vosgesinfo.fr\/app\/uploads\/sites\/2\/2023\/08\/logo-laplaineinfo.svg","contentUrl":"https:\/\/vosgesinfo.fr\/app\/uploads\/sites\/2\/2023\/08\/logo-laplaineinfo.svg","width":1,"height":1,"caption":"La Plaine des Vosges"},"image":{"@id":"https:\/\/vosgesinfo.fr\/laplainedesvosgesinfo\/#\/schema\/logo\/image\/"},"sameAs":["https:\/\/www.facebook.com\/laplainedesvosges","https:\/\/x.com\/VosgesInfo88","https:\/\/www.youtube.com\/@vosgesinfo"]},{"@type":"Person","@id":"https:\/\/vosgesinfo.fr\/laplainedesvosgesinfo\/#\/schema\/person\/fa73e9f726d67bb88f46d5b7943cb572","name":"J.J.","image":{"@type":"ImageObject","inLanguage":"fr-FR","@id":"https:\/\/vosgesinfo.fr\/laplainedesvosgesinfo\/#\/schema\/person\/image\/","url":"https:\/\/secure.gravatar.com\/avatar\/219e749e47ffbcca018a360ae4add7d4cdf1cdaaf8bc7676b27efade3fe65615?s=96&d=mm&r=g","contentUrl":"https:\/\/secure.gravatar.com\/avatar\/219e749e47ffbcca018a360ae4add7d4cdf1cdaaf8bc7676b27efade3fe65615?s=96&d=mm&r=g","caption":"J.J."},"url":"https:\/\/vosgesinfo.fr\/laplainedesvosgesinfo\/author\/j-j\/"}]}},"_links":{"self":[{"href":"https:\/\/vosgesinfo.fr\/laplainedesvosgesinfo\/wp-json\/wp\/v2\/posts\/29083","targetHints":{"allow":["GET"]}}],"collection":[{"href":"https:\/\/vosgesinfo.fr\/laplainedesvosgesinfo\/wp-json\/wp\/v2\/posts"}],"about":[{"href":"https:\/\/vosgesinfo.fr\/laplainedesvosgesinfo\/wp-json\/wp\/v2\/types\/post"}],"author":[{"embeddable":true,"href":"https:\/\/vosgesinfo.fr\/laplainedesvosgesinfo\/wp-json\/wp\/v2\/users\/46"}],"replies":[{"embeddable":true,"href":"https:\/\/vosgesinfo.fr\/laplainedesvosgesinfo\/wp-json\/wp\/v2\/comments?post=29083"}],"version-history":[{"count":0,"href":"https:\/\/vosgesinfo.fr\/laplainedesvosgesinfo\/wp-json\/wp\/v2\/posts\/29083\/revisions"}],"wp:featuredmedia":[{"embeddable":true,"href":"https:\/\/vosgesinfo.fr\/laplainedesvosgesinfo\/wp-json\/wp\/v2\/media\/29084"}],"wp:attachment":[{"href":"https:\/\/vosgesinfo.fr\/laplainedesvosgesinfo\/wp-json\/wp\/v2\/media?parent=29083"}],"wp:term":[{"taxonomy":"category","embeddable":true,"href":"https:\/\/vosgesinfo.fr\/laplainedesvosgesinfo\/wp-json\/wp\/v2\/categories?post=29083"},{"taxonomy":"post_tag","embeddable":true,"href":"https:\/\/vosgesinfo.fr\/laplainedesvosgesinfo\/wp-json\/wp\/v2\/tags?post=29083"}],"curies":[{"name":"wp","href":"https:\/\/api.w.org\/{rel}","templated":true}]}}