{"id":29380,"date":"2025-04-02T10:31:27","date_gmt":"2025-04-02T08:31:27","guid":{"rendered":"https:\/\/vosgesinfo.fr\/laplainedesvosgesinfo\/?p=29380"},"modified":"2025-04-02T10:31:27","modified_gmt":"2025-04-02T08:31:27","slug":"rencontres-du-cinema-avignon-un-film-touchant-et-plein-dhumour","status":"publish","type":"post","link":"https:\/\/vosgesinfo.fr\/laplainedesvosgesinfo\/2025\/04\/rencontres-du-cinema-avignon-un-film-touchant-et-plein-dhumour\/","title":{"rendered":"Rencontres du cin\u00e9ma  &#8211; \u00ab\u00a0Avignon\u00a0\u00bb : un film touchant et plein d&rsquo;humour"},"content":{"rendered":"<p data-pm-slice=\"1 1 []\"><a href=\"https:\/\/vosgesinfo.fr\/app\/uploads\/sites\/6\/2025\/04\/baptiste-lecaplain-rencontres-du-cinema-2.jpg\"><img decoding=\"async\" class=\"aligncenter size-large wp-image-76306\" src=\"https:\/\/vosgesinfo.fr\/app\/uploads\/sites\/6\/2025\/04\/baptiste-lecaplain-rencontres-du-cinema-2-1024x768.jpg\" alt=\"\" width=\"1024\" height=\"768\" \/><\/a><\/p>\n<p data-pm-slice=\"1 1 []\">\n<p data-pm-slice=\"1 1 []\">Les Rencontres du cin\u00e9ma se poursuivaient hier soir avec notamment la projection du premier film de Johann Dionnet en tant que r\u00e9alisateur : \u00ab\u00a0Avignon\u00a0\u00bb avec notamment Baptiste Lecamplain dans le r\u00f4le principal.<\/p>\n<p><a href=\"https:\/\/vosgesinfo.fr\/app\/uploads\/sites\/6\/2025\/04\/baptiste-lecaplain-rencontres-du-cinema-1.jpg\"><img decoding=\"async\" class=\"alignright size-medium wp-image-76305\" src=\"https:\/\/vosgesinfo.fr\/app\/uploads\/sites\/6\/2025\/04\/baptiste-lecaplain-rencontres-du-cinema-1-300x225.jpg\" alt=\"\" width=\"300\" height=\"225\" \/><\/a>Un film d\u00e9j\u00e0 multir\u00e9compens\u00e9 au festival de l\u2019Alpe d&rsquo;Huez, dont un Grand Prix obtenu \u00e0 l&rsquo;unanimit\u00e9 confiait Lecaplain au public de G\u00e9rardmer. Le com\u00e9dien qui adore les com\u00e9dies romantiques (Hugh Grant en chef de file) s&rsquo;est dit rapidement emball\u00e9 et touch\u00e9 par ce projet cin\u00e9matographique n\u00e9 d&rsquo;un court m\u00e9trage qu&rsquo;il avait d\u00e9j\u00e0 ador\u00e9. Il fallait transformer l&rsquo;essai avec un long, c&rsquo;est chose faite et bien faite gr\u00e2ce \u00e0 Dionnet qui connaissait bien l&rsquo;univers d&rsquo;Avignon et qui a parfaitement bien g\u00e9r\u00e9 la partie casting. Cela se ressent \u00e0 l&rsquo;\u00e9cran, mais cela s&rsquo;est aussi ressenti hors-champ, en coulisses\u2026<\/p>\n<p>\u00ab\u00a0J&rsquo;ai vraiment v\u00e9cu le tournage comme une troupe. (&#8230;) Le film \u00e9voque la place de la com\u00e9die et du th\u00e9\u00e2tre populaire, une question et un d\u00e9bat qui reviennent souvent, notamment \u00e0 l&rsquo;approche des C\u00e9sars. (&#8230;) C&rsquo;est un des rares films \u00e0 Avignon, je pense que c&rsquo;est compliqu\u00e9 et c&rsquo;est sans doute un pari risqu\u00e9 pour les financeurs. Il fallait un jeune r\u00e9alisateur pour en parler, pour montrer \u00e7a, car tout le monde vient des planches finalement, tout le monde vient d&rsquo;une troupe ou du one man show au final. (&#8230;) Avignon, c&rsquo;est une exp\u00e9rience hyper intense, il y a vraiment des gens qui se battent tous les jours pour leur spectacle, qui jouent leur vie l\u00e0-bas, qui finissent cram\u00e9s, \u00e9puis\u00e9s. Johann a beaucoup particip\u00e9 au off du festival, et je pense que chaque com\u00e9dien du film a un peu quelque chose \u00e0 voir avec le personnage qu&rsquo;il incarne, surtout dans le fait que tout le monde doute \u00e0 un moment, explique Baptiste Lecaplain, pour qui \u00ab\u00a0Avignon\u00a0\u00bb a \u00e9galement \u00ab\u00a0une port\u00e9e noble dans le fait qu&rsquo;il parle du m\u00e9tier\u00a0\u00bb (de com\u00e9dien, r\u00e9gisseur, metteur en sc\u00e8ne, exploitant de salle, etc.).<\/p>\n<p>Le film s&rsquo;annonce d\u00e9j\u00e0 comme un succ\u00e8s et \u00ab\u00a0redonne envie d&rsquo;etre jeune, beau et amoureux\u00a0\u00bb, pour reprendre les mots de G\u00e9rard Jugnot \u00e0 Lecaplain lorsqu&rsquo;ils se sont rencontr\u00e9s \u00e0 l&rsquo;Alpe d&rsquo;Huez. Lecamplain qui vit \u00e0 40 ans l&rsquo;une des plus belles ann\u00e9es de sa carri\u00e8re selon ses dires, pourvu que \u00e7a dure, c&rsquo;est tout le mal que l&rsquo;on souhaite \u00e0 ce dom\u00e9dien particuli\u00e8rement abordable et sinc\u00e8re.<\/p>\n","protected":false},"excerpt":{"rendered":"<p>Les Rencontres du cin\u00e9ma se poursuivaient hier soir avec notamment la projection du premier film de Johann Dionnet en tant [&hellip;]<\/p>\n","protected":false},"author":42,"featured_media":29381,"comment_status":"open","ping_status":"open","sticky":false,"template":"","format":"standard","meta":{"footnotes":""},"categories":[29,4,383,294,380,381,384],"tags":[8271,8272,3799],"class_list":["post-29380","post","type-post","status-publish","format-standard","has-post-thumbnail","hentry","category-a-la-une","category-culture","category-epinal","category-gerardmer","category-la-plaine-des-vosges","category-remiremont","category-saint-die","tag-avignon","tag-baptiste-lecaplain","tag-rencontres-du-cinema"],"acf":[],"yoast_head":"<!-- This site is optimized with the Yoast SEO plugin v22.5 - https:\/\/yoast.com\/wordpress\/plugins\/seo\/ -->\n<title>Rencontres du cin\u00e9ma - &quot;Avignon&quot; : un film touchant et plein d&#039;humour - La Plaine des Vosges<\/title>\n<meta name=\"robots\" content=\"index, follow, max-snippet:-1, max-image-preview:large, max-video-preview:-1\" \/>\n<link rel=\"canonical\" href=\"https:\/\/vosgesinfo.fr\/laplainedesvosgesinfo\/2025\/04\/rencontres-du-cinema-avignon-un-film-touchant-et-plein-dhumour\/\" \/>\n<meta name=\"twitter:card\" content=\"summary_large_image\" \/>\n<meta name=\"twitter:title\" content=\"Rencontres du cin\u00e9ma - &quot;Avignon&quot; : un film touchant et plein d&#039;humour - La Plaine des Vosges\" \/>\n<meta name=\"twitter:description\" content=\"Les Rencontres du cin\u00e9ma se poursuivaient hier soir avec notamment la projection du premier film de Johann Dionnet en tant [&hellip;]\" \/>\n<meta name=\"twitter:image\" content=\"https:\/\/vosgesinfo.fr\/app\/uploads\/sites\/2\/2025\/04\/baptiste-lecaplain-rencontres-du-cinema-1.jpg\" \/>\n<meta name=\"twitter:creator\" content=\"@VosgesInfo88\" \/>\n<meta name=\"twitter:site\" content=\"@VosgesInfo88\" \/>\n<meta name=\"twitter:label1\" content=\"\u00c9crit par\" \/>\n\t<meta name=\"twitter:data1\" content=\"QG\" \/>\n\t<meta name=\"twitter:label2\" content=\"Dur\u00e9e de lecture estim\u00e9e\" \/>\n\t<meta name=\"twitter:data2\" content=\"2 minutes\" \/>\n<script type=\"application\/ld+json\" class=\"yoast-schema-graph\">{\"@context\":\"https:\/\/schema.org\",\"@graph\":[{\"@type\":\"Article\",\"@id\":\"https:\/\/vosgesinfo.fr\/laplainedesvosgesinfo\/2025\/04\/rencontres-du-cinema-avignon-un-film-touchant-et-plein-dhumour\/#article\",\"isPartOf\":{\"@id\":\"https:\/\/vosgesinfo.fr\/laplainedesvosgesinfo\/2025\/04\/rencontres-du-cinema-avignon-un-film-touchant-et-plein-dhumour\/\"},\"author\":{\"name\":\"QG\",\"@id\":\"https:\/\/vosgesinfo.fr\/laplainedesvosgesinfo\/#\/schema\/person\/db5605779a843dad16b5368f3e7613a5\"},\"headline\":\"Rencontres du cin\u00e9ma &#8211; \u00ab\u00a0Avignon\u00a0\u00bb : un film touchant et plein d&rsquo;humour\",\"datePublished\":\"2025-04-02T08:31:27+00:00\",\"dateModified\":\"2025-04-02T08:31:27+00:00\",\"mainEntityOfPage\":{\"@id\":\"https:\/\/vosgesinfo.fr\/laplainedesvosgesinfo\/2025\/04\/rencontres-du-cinema-avignon-un-film-touchant-et-plein-dhumour\/\"},\"wordCount\":446,\"commentCount\":0,\"publisher\":{\"@id\":\"https:\/\/vosgesinfo.fr\/laplainedesvosgesinfo\/#organization\"},\"image\":{\"@id\":\"https:\/\/vosgesinfo.fr\/laplainedesvosgesinfo\/2025\/04\/rencontres-du-cinema-avignon-un-film-touchant-et-plein-dhumour\/#primaryimage\"},\"thumbnailUrl\":\"https:\/\/vosgesinfo.fr\/app\/uploads\/sites\/2\/2025\/04\/baptiste-lecaplain-rencontres-du-cinema-1.jpg\",\"keywords\":[\"Avignon\",\"baptiste lecaplain\",\"Rencontres du cin\u00e9ma\"],\"articleSection\":[\"A la Une\",\"Culture\",\"Epinal\",\"G\u00e9rardmer\",\"La plaine des vosges\",\"Remiremont\",\"Saint-di\u00e9\"],\"inLanguage\":\"fr-FR\",\"potentialAction\":[{\"@type\":\"CommentAction\",\"name\":\"Comment\",\"target\":[\"https:\/\/vosgesinfo.fr\/laplainedesvosgesinfo\/2025\/04\/rencontres-du-cinema-avignon-un-film-touchant-et-plein-dhumour\/#respond\"]}]},{\"@type\":\"WebPage\",\"@id\":\"https:\/\/vosgesinfo.fr\/laplainedesvosgesinfo\/2025\/04\/rencontres-du-cinema-avignon-un-film-touchant-et-plein-dhumour\/\",\"url\":\"https:\/\/vosgesinfo.fr\/laplainedesvosgesinfo\/2025\/04\/rencontres-du-cinema-avignon-un-film-touchant-et-plein-dhumour\/\",\"name\":\"Rencontres du cin\u00e9ma - \\\"Avignon\\\" : un film touchant et plein d'humour - La Plaine des Vosges\",\"isPartOf\":{\"@id\":\"https:\/\/vosgesinfo.fr\/laplainedesvosgesinfo\/#website\"},\"primaryImageOfPage\":{\"@id\":\"https:\/\/vosgesinfo.fr\/laplainedesvosgesinfo\/2025\/04\/rencontres-du-cinema-avignon-un-film-touchant-et-plein-dhumour\/#primaryimage\"},\"image\":{\"@id\":\"https:\/\/vosgesinfo.fr\/laplainedesvosgesinfo\/2025\/04\/rencontres-du-cinema-avignon-un-film-touchant-et-plein-dhumour\/#primaryimage\"},\"thumbnailUrl\":\"https:\/\/vosgesinfo.fr\/app\/uploads\/sites\/2\/2025\/04\/baptiste-lecaplain-rencontres-du-cinema-1.jpg\",\"datePublished\":\"2025-04-02T08:31:27+00:00\",\"dateModified\":\"2025-04-02T08:31:27+00:00\",\"breadcrumb\":{\"@id\":\"https:\/\/vosgesinfo.fr\/laplainedesvosgesinfo\/2025\/04\/rencontres-du-cinema-avignon-un-film-touchant-et-plein-dhumour\/#breadcrumb\"},\"inLanguage\":\"fr-FR\",\"potentialAction\":[{\"@type\":\"ReadAction\",\"target\":[\"https:\/\/vosgesinfo.fr\/laplainedesvosgesinfo\/2025\/04\/rencontres-du-cinema-avignon-un-film-touchant-et-plein-dhumour\/\"]}]},{\"@type\":\"ImageObject\",\"inLanguage\":\"fr-FR\",\"@id\":\"https:\/\/vosgesinfo.fr\/laplainedesvosgesinfo\/2025\/04\/rencontres-du-cinema-avignon-un-film-touchant-et-plein-dhumour\/#primaryimage\",\"url\":\"https:\/\/vosgesinfo.fr\/app\/uploads\/sites\/2\/2025\/04\/baptiste-lecaplain-rencontres-du-cinema-1.jpg\",\"contentUrl\":\"https:\/\/vosgesinfo.fr\/app\/uploads\/sites\/2\/2025\/04\/baptiste-lecaplain-rencontres-du-cinema-1.jpg\",\"width\":2040,\"height\":1530},{\"@type\":\"BreadcrumbList\",\"@id\":\"https:\/\/vosgesinfo.fr\/laplainedesvosgesinfo\/2025\/04\/rencontres-du-cinema-avignon-un-film-touchant-et-plein-dhumour\/#breadcrumb\",\"itemListElement\":[{\"@type\":\"ListItem\",\"position\":1,\"name\":\"Home\",\"item\":\"https:\/\/vosgesinfo.fr\/laplainedesvosgesinfo\/\"},{\"@type\":\"ListItem\",\"position\":2,\"name\":\"Rencontres du cin\u00e9ma &#8211; \u00ab\u00a0Avignon\u00a0\u00bb : un film touchant et plein d&rsquo;humour\"}]},{\"@type\":\"WebSite\",\"@id\":\"https:\/\/vosgesinfo.fr\/laplainedesvosgesinfo\/#website\",\"url\":\"https:\/\/vosgesinfo.fr\/laplainedesvosgesinfo\/\",\"name\":\"La Plaine des Vosges\",\"description\":\"Toute l&#039;actualit\u00e9 de la plaine de Vosges\",\"publisher\":{\"@id\":\"https:\/\/vosgesinfo.fr\/laplainedesvosgesinfo\/#organization\"},\"alternateName\":\"Toute l'actualit\u00e9 de la plaine des Vosges\",\"potentialAction\":[{\"@type\":\"SearchAction\",\"target\":{\"@type\":\"EntryPoint\",\"urlTemplate\":\"https:\/\/vosgesinfo.fr\/laplainedesvosgesinfo\/?s={search_term_string}\"},\"query-input\":\"required name=search_term_string\"}],\"inLanguage\":\"fr-FR\"},{\"@type\":\"Organization\",\"@id\":\"https:\/\/vosgesinfo.fr\/laplainedesvosgesinfo\/#organization\",\"name\":\"La Plaine des Vosges\",\"url\":\"https:\/\/vosgesinfo.fr\/laplainedesvosgesinfo\/\",\"logo\":{\"@type\":\"ImageObject\",\"inLanguage\":\"fr-FR\",\"@id\":\"https:\/\/vosgesinfo.fr\/laplainedesvosgesinfo\/#\/schema\/logo\/image\/\",\"url\":\"https:\/\/vosgesinfo.fr\/app\/uploads\/sites\/2\/2023\/08\/logo-laplaineinfo.svg\",\"contentUrl\":\"https:\/\/vosgesinfo.fr\/app\/uploads\/sites\/2\/2023\/08\/logo-laplaineinfo.svg\",\"width\":1,\"height\":1,\"caption\":\"La Plaine des Vosges\"},\"image\":{\"@id\":\"https:\/\/vosgesinfo.fr\/laplainedesvosgesinfo\/#\/schema\/logo\/image\/\"},\"sameAs\":[\"https:\/\/www.facebook.com\/laplainedesvosges\",\"https:\/\/x.com\/VosgesInfo88\",\"https:\/\/www.youtube.com\/@vosgesinfo\"]},{\"@type\":\"Person\",\"@id\":\"https:\/\/vosgesinfo.fr\/laplainedesvosgesinfo\/#\/schema\/person\/db5605779a843dad16b5368f3e7613a5\",\"name\":\"QG\",\"image\":{\"@type\":\"ImageObject\",\"inLanguage\":\"fr-FR\",\"@id\":\"https:\/\/vosgesinfo.fr\/laplainedesvosgesinfo\/#\/schema\/person\/image\/\",\"url\":\"https:\/\/secure.gravatar.com\/avatar\/ea80c42c204b534408512832fde52504ecabb9706bcb6151cf6175e5b64e6793?s=96&d=mm&r=g\",\"contentUrl\":\"https:\/\/secure.gravatar.com\/avatar\/ea80c42c204b534408512832fde52504ecabb9706bcb6151cf6175e5b64e6793?s=96&d=mm&r=g\",\"caption\":\"QG\"},\"url\":\"https:\/\/vosgesinfo.fr\/laplainedesvosgesinfo\/author\/quentin88\/\"}]}<\/script>\n<!-- \/ Yoast SEO plugin. -->","yoast_head_json":{"title":"Rencontres du cin\u00e9ma - \"Avignon\" : un film touchant et plein d'humour - La Plaine des Vosges","robots":{"index":"index","follow":"follow","max-snippet":"max-snippet:-1","max-image-preview":"max-image-preview:large","max-video-preview":"max-video-preview:-1"},"canonical":"https:\/\/vosgesinfo.fr\/laplainedesvosgesinfo\/2025\/04\/rencontres-du-cinema-avignon-un-film-touchant-et-plein-dhumour\/","twitter_card":"summary_large_image","twitter_title":"Rencontres du cin\u00e9ma - \"Avignon\" : un film touchant et plein d'humour - La Plaine des Vosges","twitter_description":"Les Rencontres du cin\u00e9ma se poursuivaient hier soir avec notamment la projection du premier film de Johann Dionnet en tant [&hellip;]","twitter_image":"https:\/\/vosgesinfo.fr\/app\/uploads\/sites\/2\/2025\/04\/baptiste-lecaplain-rencontres-du-cinema-1.jpg","twitter_creator":"@VosgesInfo88","twitter_site":"@VosgesInfo88","twitter_misc":{"\u00c9crit par":"QG","Dur\u00e9e de lecture estim\u00e9e":"2 minutes"},"schema":{"@context":"https:\/\/schema.org","@graph":[{"@type":"Article","@id":"https:\/\/vosgesinfo.fr\/laplainedesvosgesinfo\/2025\/04\/rencontres-du-cinema-avignon-un-film-touchant-et-plein-dhumour\/#article","isPartOf":{"@id":"https:\/\/vosgesinfo.fr\/laplainedesvosgesinfo\/2025\/04\/rencontres-du-cinema-avignon-un-film-touchant-et-plein-dhumour\/"},"author":{"name":"QG","@id":"https:\/\/vosgesinfo.fr\/laplainedesvosgesinfo\/#\/schema\/person\/db5605779a843dad16b5368f3e7613a5"},"headline":"Rencontres du cin\u00e9ma &#8211; \u00ab\u00a0Avignon\u00a0\u00bb : un film touchant et plein d&rsquo;humour","datePublished":"2025-04-02T08:31:27+00:00","dateModified":"2025-04-02T08:31:27+00:00","mainEntityOfPage":{"@id":"https:\/\/vosgesinfo.fr\/laplainedesvosgesinfo\/2025\/04\/rencontres-du-cinema-avignon-un-film-touchant-et-plein-dhumour\/"},"wordCount":446,"commentCount":0,"publisher":{"@id":"https:\/\/vosgesinfo.fr\/laplainedesvosgesinfo\/#organization"},"image":{"@id":"https:\/\/vosgesinfo.fr\/laplainedesvosgesinfo\/2025\/04\/rencontres-du-cinema-avignon-un-film-touchant-et-plein-dhumour\/#primaryimage"},"thumbnailUrl":"https:\/\/vosgesinfo.fr\/app\/uploads\/sites\/2\/2025\/04\/baptiste-lecaplain-rencontres-du-cinema-1.jpg","keywords":["Avignon","baptiste lecaplain","Rencontres du cin\u00e9ma"],"articleSection":["A la Une","Culture","Epinal","G\u00e9rardmer","La plaine des vosges","Remiremont","Saint-di\u00e9"],"inLanguage":"fr-FR","potentialAction":[{"@type":"CommentAction","name":"Comment","target":["https:\/\/vosgesinfo.fr\/laplainedesvosgesinfo\/2025\/04\/rencontres-du-cinema-avignon-un-film-touchant-et-plein-dhumour\/#respond"]}]},{"@type":"WebPage","@id":"https:\/\/vosgesinfo.fr\/laplainedesvosgesinfo\/2025\/04\/rencontres-du-cinema-avignon-un-film-touchant-et-plein-dhumour\/","url":"https:\/\/vosgesinfo.fr\/laplainedesvosgesinfo\/2025\/04\/rencontres-du-cinema-avignon-un-film-touchant-et-plein-dhumour\/","name":"Rencontres du cin\u00e9ma - \"Avignon\" : un film touchant et plein d'humour - La Plaine des Vosges","isPartOf":{"@id":"https:\/\/vosgesinfo.fr\/laplainedesvosgesinfo\/#website"},"primaryImageOfPage":{"@id":"https:\/\/vosgesinfo.fr\/laplainedesvosgesinfo\/2025\/04\/rencontres-du-cinema-avignon-un-film-touchant-et-plein-dhumour\/#primaryimage"},"image":{"@id":"https:\/\/vosgesinfo.fr\/laplainedesvosgesinfo\/2025\/04\/rencontres-du-cinema-avignon-un-film-touchant-et-plein-dhumour\/#primaryimage"},"thumbnailUrl":"https:\/\/vosgesinfo.fr\/app\/uploads\/sites\/2\/2025\/04\/baptiste-lecaplain-rencontres-du-cinema-1.jpg","datePublished":"2025-04-02T08:31:27+00:00","dateModified":"2025-04-02T08:31:27+00:00","breadcrumb":{"@id":"https:\/\/vosgesinfo.fr\/laplainedesvosgesinfo\/2025\/04\/rencontres-du-cinema-avignon-un-film-touchant-et-plein-dhumour\/#breadcrumb"},"inLanguage":"fr-FR","potentialAction":[{"@type":"ReadAction","target":["https:\/\/vosgesinfo.fr\/laplainedesvosgesinfo\/2025\/04\/rencontres-du-cinema-avignon-un-film-touchant-et-plein-dhumour\/"]}]},{"@type":"ImageObject","inLanguage":"fr-FR","@id":"https:\/\/vosgesinfo.fr\/laplainedesvosgesinfo\/2025\/04\/rencontres-du-cinema-avignon-un-film-touchant-et-plein-dhumour\/#primaryimage","url":"https:\/\/vosgesinfo.fr\/app\/uploads\/sites\/2\/2025\/04\/baptiste-lecaplain-rencontres-du-cinema-1.jpg","contentUrl":"https:\/\/vosgesinfo.fr\/app\/uploads\/sites\/2\/2025\/04\/baptiste-lecaplain-rencontres-du-cinema-1.jpg","width":2040,"height":1530},{"@type":"BreadcrumbList","@id":"https:\/\/vosgesinfo.fr\/laplainedesvosgesinfo\/2025\/04\/rencontres-du-cinema-avignon-un-film-touchant-et-plein-dhumour\/#breadcrumb","itemListElement":[{"@type":"ListItem","position":1,"name":"Home","item":"https:\/\/vosgesinfo.fr\/laplainedesvosgesinfo\/"},{"@type":"ListItem","position":2,"name":"Rencontres du cin\u00e9ma &#8211; \u00ab\u00a0Avignon\u00a0\u00bb : un film touchant et plein d&rsquo;humour"}]},{"@type":"WebSite","@id":"https:\/\/vosgesinfo.fr\/laplainedesvosgesinfo\/#website","url":"https:\/\/vosgesinfo.fr\/laplainedesvosgesinfo\/","name":"La Plaine des Vosges","description":"Toute l&#039;actualit\u00e9 de la plaine de Vosges","publisher":{"@id":"https:\/\/vosgesinfo.fr\/laplainedesvosgesinfo\/#organization"},"alternateName":"Toute l'actualit\u00e9 de la plaine des Vosges","potentialAction":[{"@type":"SearchAction","target":{"@type":"EntryPoint","urlTemplate":"https:\/\/vosgesinfo.fr\/laplainedesvosgesinfo\/?s={search_term_string}"},"query-input":"required name=search_term_string"}],"inLanguage":"fr-FR"},{"@type":"Organization","@id":"https:\/\/vosgesinfo.fr\/laplainedesvosgesinfo\/#organization","name":"La Plaine des Vosges","url":"https:\/\/vosgesinfo.fr\/laplainedesvosgesinfo\/","logo":{"@type":"ImageObject","inLanguage":"fr-FR","@id":"https:\/\/vosgesinfo.fr\/laplainedesvosgesinfo\/#\/schema\/logo\/image\/","url":"https:\/\/vosgesinfo.fr\/app\/uploads\/sites\/2\/2023\/08\/logo-laplaineinfo.svg","contentUrl":"https:\/\/vosgesinfo.fr\/app\/uploads\/sites\/2\/2023\/08\/logo-laplaineinfo.svg","width":1,"height":1,"caption":"La Plaine des Vosges"},"image":{"@id":"https:\/\/vosgesinfo.fr\/laplainedesvosgesinfo\/#\/schema\/logo\/image\/"},"sameAs":["https:\/\/www.facebook.com\/laplainedesvosges","https:\/\/x.com\/VosgesInfo88","https:\/\/www.youtube.com\/@vosgesinfo"]},{"@type":"Person","@id":"https:\/\/vosgesinfo.fr\/laplainedesvosgesinfo\/#\/schema\/person\/db5605779a843dad16b5368f3e7613a5","name":"QG","image":{"@type":"ImageObject","inLanguage":"fr-FR","@id":"https:\/\/vosgesinfo.fr\/laplainedesvosgesinfo\/#\/schema\/person\/image\/","url":"https:\/\/secure.gravatar.com\/avatar\/ea80c42c204b534408512832fde52504ecabb9706bcb6151cf6175e5b64e6793?s=96&d=mm&r=g","contentUrl":"https:\/\/secure.gravatar.com\/avatar\/ea80c42c204b534408512832fde52504ecabb9706bcb6151cf6175e5b64e6793?s=96&d=mm&r=g","caption":"QG"},"url":"https:\/\/vosgesinfo.fr\/laplainedesvosgesinfo\/author\/quentin88\/"}]}},"_links":{"self":[{"href":"https:\/\/vosgesinfo.fr\/laplainedesvosgesinfo\/wp-json\/wp\/v2\/posts\/29380","targetHints":{"allow":["GET"]}}],"collection":[{"href":"https:\/\/vosgesinfo.fr\/laplainedesvosgesinfo\/wp-json\/wp\/v2\/posts"}],"about":[{"href":"https:\/\/vosgesinfo.fr\/laplainedesvosgesinfo\/wp-json\/wp\/v2\/types\/post"}],"author":[{"embeddable":true,"href":"https:\/\/vosgesinfo.fr\/laplainedesvosgesinfo\/wp-json\/wp\/v2\/users\/42"}],"replies":[{"embeddable":true,"href":"https:\/\/vosgesinfo.fr\/laplainedesvosgesinfo\/wp-json\/wp\/v2\/comments?post=29380"}],"version-history":[{"count":0,"href":"https:\/\/vosgesinfo.fr\/laplainedesvosgesinfo\/wp-json\/wp\/v2\/posts\/29380\/revisions"}],"wp:featuredmedia":[{"embeddable":true,"href":"https:\/\/vosgesinfo.fr\/laplainedesvosgesinfo\/wp-json\/wp\/v2\/media\/29381"}],"wp:attachment":[{"href":"https:\/\/vosgesinfo.fr\/laplainedesvosgesinfo\/wp-json\/wp\/v2\/media?parent=29380"}],"wp:term":[{"taxonomy":"category","embeddable":true,"href":"https:\/\/vosgesinfo.fr\/laplainedesvosgesinfo\/wp-json\/wp\/v2\/categories?post=29380"},{"taxonomy":"post_tag","embeddable":true,"href":"https:\/\/vosgesinfo.fr\/laplainedesvosgesinfo\/wp-json\/wp\/v2\/tags?post=29380"}],"curies":[{"name":"wp","href":"https:\/\/api.w.org\/{rel}","templated":true}]}}