{"id":29396,"date":"2025-04-03T11:25:52","date_gmt":"2025-04-03T09:25:52","guid":{"rendered":"https:\/\/vosgesinfo.fr\/laplainedesvosgesinfo\/?p=29396"},"modified":"2025-04-03T11:25:52","modified_gmt":"2025-04-03T09:25:52","slug":"harcelement-scolaire-un-film-pour-pour-comprendre-et-lutter-projete-aux-rencontres-du-cine","status":"publish","type":"post","link":"https:\/\/vosgesinfo.fr\/laplainedesvosgesinfo\/2025\/04\/harcelement-scolaire-un-film-pour-pour-comprendre-et-lutter-projete-aux-rencontres-du-cine\/","title":{"rendered":"Harc\u00e8lement scolaire : un film pour pour comprendre et lutter projet\u00e9 aux Rencontres du Cin\u00e9"},"content":{"rendered":"<div id=\"attachment_76338\" style=\"width: 1034px\" class=\"wp-caption aligncenter\"><a href=\"https:\/\/vosgesinfo.fr\/app\/uploads\/sites\/6\/2025\/04\/img-20250402-185432-scaled.jpg\"><img decoding=\"async\" aria-describedby=\"caption-attachment-76338\" class=\"size-large wp-image-76338\" src=\"https:\/\/vosgesinfo.fr\/app\/uploads\/sites\/6\/2025\/04\/img-20250402-185432-1024x768.jpg\" alt=\"\" width=\"1024\" height=\"768\" \/><\/a><p id=\"caption-attachment-76338\" class=\"wp-caption-text\">Solange Cicurel<\/p><\/div>\n<p>&nbsp;<\/p>\n<p style=\"text-align: center;\"><strong>Lib\u00e9rer la parole<\/strong><\/p>\n<p>&nbsp;<\/p>\n<p data-pm-slice=\"1 1 []\"><strong>Apr\u00e8s l&rsquo;excellent \u00ab\u00a0Marco\u00a0\u00bb, l&rsquo;agr\u00e9able \u00ab\u00a0Les Musiciens\u00a0\u00bb et le tortueux \u00ab\u00a0Mexico 86\u00a0\u00bb, le public des Rencontres du Cin\u00e9ma \u00e9tait invit\u00e9 \u00e0 d\u00e9couvrir \u00ab\u00a0TKT\u00a0\u00bb (T&rsquo;inqui\u00e8te) de Solange Cicurel, film belge d\u00e9j\u00e0 exploit\u00e9 en Belgique depuis octobre 2024. Or\u00e9ol\u00e9 d&rsquo;un \u00e9norme succ\u00e8s dans son pays d&rsquo;origine, le film va \u00eatre mis \u00e0 disposition des \u00e9tablissements scolaires fran\u00e7ais accompagn\u00e9 d&rsquo;un dossier p\u00e9dagogique et d&rsquo;une capsule vid\u00e9o de 7 minutes. Il sera par la suite projet\u00e9 en salle de cin\u00e9ma courant septembre.<\/strong><\/p>\n<p>Solange Cicurel l&rsquo;a annonc\u00e9 lors de son arriv\u00e9e sur la sc\u00e8ne du casino de G\u00e9rardmer : plus qu&rsquo;un film, \u00ab\u00a0TKT\u00a0\u00bb est pour elle un combat et elle invite celles et ceux qui le souhaitent \u00e0 la rejoindre dans cette lutte : \u00ab\u00a0Il y a quelques ann\u00e9es, ma fille, alors \u00e2g\u00e9e de 15 ans, a \u00e9t\u00e9 victime de harc\u00e8lement, et un peu plus tard, j&rsquo;ai \u00e9galement appris qu&rsquo;une fille de 14 ans et demi s&rsquo;\u00e9tait suicid\u00e9e suite \u00e0 du harc\u00e8lement\u2026\u00a0\u00bb Deux \u00e9v\u00e9nements bouleversants pour la r\u00e9alisatrice qui a ensuite \u00e9t\u00e9 approch\u00e9e par l&rsquo;auteure Elena Tenace qui lui a pr\u00e9sent\u00e9 son livre qui traite du harc\u00e8lement scolaire. Intitul\u00e9 \u00ab\u00a0Tout ira bien\u00a0\u00bb, cet ouvrage constituera l&rsquo;inspiration de base du film de Solange Cicurel : \u00ab\u00a0Mais je ne l&rsquo;ai lu qu&rsquo;une fois, je ne l&rsquo;ai pas d\u00e9cortiqu\u00e9 comme on fait tr\u00e8s souvent, car je voulais cr\u00e9er ma propre histoire. En revanche, j&rsquo;ai gard\u00e9 ce concept de fant\u00f4me de la victime, du personnage principal qui gr\u00e2ce au toucher, peu basculer d&rsquo;un endroit \u00e0 un autre, \u00e0 travers l&rsquo;espace et le temps, pour enqu\u00eater sur ce qui lui est arriv\u00e9. Cela permet \u00e0 l&rsquo;h\u00e9ro\u00efne de prendre du recul \u00e9galement, d&rsquo;avoir une analyse, un regard diff\u00e9rent sur ce qui lui est arriv\u00e9, de comprendre et d&rsquo;aider le spectateur \u00e0 comprendre\u00a0\u00bb pr\u00e9cise la r\u00e9alisatrice.<\/p>\n<p><strong>Lanna De Palmaert : la r\u00e9v\u00e9lation de \u00ab\u00a0TKT, dernier film d&rsquo;\u00c9milie Dequenne<\/strong><\/p>\n<p>Solange Cicurel s&rsquo;est ensuite entretenue avec de nombreux jeunes afin de recueillir leurs t\u00e9moignages, au gr\u00e9 des rencontres, des opportunit\u00e9s qui se sont pr\u00e9sent\u00e9es \u00e0 elle, par le biais de sa fille ou de parents d&rsquo;\u00e9l\u00e8ves par exemple : \u00ab\u00a0J&rsquo;ai \u00e9t\u00e9 avocate sp\u00e9cialis\u00e9e dans le droit des \u00e9trangers et des personnes malades mentales, j&rsquo;ai l\u2019habitude des entretiens et j&rsquo;ai \u00e9t\u00e9 berc\u00e9e par des histoires singuli\u00e8res. Tout est vrai dans le film, tout est arriv\u00e9, mais pas \u00e0 la m\u00eame personne. C&rsquo;est un r\u00e9cit \u00e0 tiroirs, car c&rsquo;est un peu comme \u00e7a que les jeunes proc\u00e8dent au quotidien\u00a0\u00bb. On notera que c&rsquo;est \u00e9galement par le biais de sa fille que la r\u00e9alisatrice rencontrera Lanna de Palmaert, actrice principale de \u00ab\u00a0TKT\u00a0\u00bb : \u00ab\u00a0C&rsquo;est ma fille qui me l&rsquo;a recommand\u00e9e. Elle m&rsquo;a dit : \u00ab Emma, c&rsquo;est elle, cherche pas ! Nous avons auditionn\u00e9 60 jeunes, mais c&rsquo;est effectivement elle que nous avons gard\u00e9e. Elle n&rsquo;avait pourtant pris que quelques cours de th\u00e9\u00e2tre et jou\u00e9 dans des pi\u00e8ces avec son lyc\u00e9e ! (..) Elle est parfaite dans le r\u00f4le, et je ne voulais pas une h\u00e9ro\u00efne qui soit une oie blanche, je voulais sortir des caricatures des jeunes qui se font harceler, discrets, introvertis, qui ont des probl\u00e8mes \u00e0 la maison, pour montrer que cela peut vraiment arriver \u00e0 tout le monde, mais que rien ne m\u00e9rite qu&rsquo;on soit harcel\u00e9(e)\u00a0\u00bb.<\/p>\n<p><strong>Ne jamais juger<\/strong><\/p>\n<p>Le pari \u00e9tait os\u00e9, mais il est gagn\u00e9 haut la main par la jeune actrice, parfaitement entour\u00e9e par un casting judicieux avec d&rsquo;autres jeunes plus que cr\u00e9dibles et des parents incarn\u00e9s par St\u00e9phane de Groodt et \u00c9milie Duquenne, v\u00e9ritable soleil sur le plateau dont il s&rsquo;agit l\u00e0 du dernier r\u00f4le. Le film s&rsquo;appelle TKT, ou T&rsquo;inqui\u00e8te, parce que c&rsquo;est ce que les jeunes disent tout le temps \u00e0 leurs parents. Les jeunes nous prot\u00e8gent d&rsquo;une certaine mani\u00e8re, mais on aimerait qu&rsquo;ils nous parlent pour qu&rsquo;on puisse les prot\u00e9ger\u00a0\u00bb. Car le film a entre autres pour objectif de lib\u00e9rer la parole : celle des harcel\u00e9s, des harceleurs, des parents, des profs, et de mettre en lumi\u00e8re le r\u00f4le et le pouvoir extr\u00eamement important des t\u00e9moins. Et il faut faire vite, car, comme le rappelle Solange Cicurel, \u00ab\u00a0nous n&rsquo;avons pas mesur\u00e9 la port\u00e9e des r\u00e9seaux sociaux\u00a0\u00bb, et plus globalement les d\u00e9g\u00e2ts caus\u00e9s par le harc\u00e8lement, ou de savoir que son enfant est harcel\u00e9 ou harceleur. Et de conclure : \u00ab\u00a0Le plus important est de ne jamais juger, d&rsquo;\u00eatre \u00e0 l&rsquo;\u00e9coute, dans l&#8217;empathie avec les enfants\u00a0\u00bb.<\/p>\n<p>&nbsp;<\/p>\n<p>Acc\u00e9der au contenu p\u00e9dagogique autour du film : <a href=\"https:\/\/www.tkt-seancesscolaires.fr\/\">https:\/\/www.tkt-seancesscolaires.fr\/<\/a><\/p>\n<p><strong>Num\u00e9ro d&rsquo;urgence pour faire retirer tout contenu pouvant entrainer du harc\u00e8lement et\/ou violant l&rsquo;intimit\u00e9 : <span style=\"color: #ff0000;\">composer le<\/span><span style=\"color: #ff0000;\"> 3018 &#8211; <span style=\"color: #000000;\">num\u00e9ro national contre les violences num\u00e9riques<\/span><\/span><\/strong><\/p>\n","protected":false},"excerpt":{"rendered":"<p>&nbsp; Lib\u00e9rer la parole &nbsp; Apr\u00e8s l&rsquo;excellent \u00ab\u00a0Marco\u00a0\u00bb, l&rsquo;agr\u00e9able \u00ab\u00a0Les Musiciens\u00a0\u00bb et le tortueux \u00ab\u00a0Mexico 86\u00a0\u00bb, le public des Rencontres [&hellip;]<\/p>\n","protected":false},"author":42,"featured_media":29397,"comment_status":"open","ping_status":"open","sticky":false,"template":"","format":"standard","meta":{"footnotes":""},"categories":[29,383,294,380,381,384],"tags":[3799,8284,8285],"class_list":["post-29396","post","type-post","status-publish","format-standard","has-post-thumbnail","hentry","category-a-la-une","category-epinal","category-gerardmer","category-la-plaine-des-vosges","category-remiremont","category-saint-die","tag-rencontres-du-cinema","tag-solange-cicurel","tag-tkt"],"acf":[],"yoast_head":"<!-- This site is optimized with the Yoast SEO plugin v22.5 - https:\/\/yoast.com\/wordpress\/plugins\/seo\/ -->\n<title>Harc\u00e8lement scolaire : un film pour pour comprendre et lutter projet\u00e9 aux Rencontres du Cin\u00e9 - La Plaine des Vosges<\/title>\n<meta name=\"robots\" content=\"index, follow, max-snippet:-1, max-image-preview:large, max-video-preview:-1\" \/>\n<link rel=\"canonical\" href=\"https:\/\/vosgesinfo.fr\/laplainedesvosgesinfo\/2025\/04\/harcelement-scolaire-un-film-pour-pour-comprendre-et-lutter-projete-aux-rencontres-du-cine\/\" \/>\n<meta name=\"twitter:card\" content=\"summary_large_image\" \/>\n<meta name=\"twitter:title\" content=\"Harc\u00e8lement scolaire : un film pour pour comprendre et lutter projet\u00e9 aux Rencontres du Cin\u00e9 - La Plaine des Vosges\" \/>\n<meta name=\"twitter:description\" content=\"&nbsp; Lib\u00e9rer la parole &nbsp; Apr\u00e8s l&rsquo;excellent \u00ab\u00a0Marco\u00a0\u00bb, l&rsquo;agr\u00e9able \u00ab\u00a0Les Musiciens\u00a0\u00bb et le tortueux \u00ab\u00a0Mexico 86\u00a0\u00bb, le public des Rencontres [&hellip;]\" \/>\n<meta name=\"twitter:image\" content=\"https:\/\/vosgesinfo.fr\/app\/uploads\/sites\/2\/2025\/04\/img-20250402-185432-scaled-1.jpg\" \/>\n<meta name=\"twitter:creator\" content=\"@VosgesInfo88\" \/>\n<meta name=\"twitter:site\" content=\"@VosgesInfo88\" \/>\n<meta name=\"twitter:label1\" content=\"\u00c9crit par\" \/>\n\t<meta name=\"twitter:data1\" content=\"QG\" \/>\n\t<meta name=\"twitter:label2\" content=\"Dur\u00e9e de lecture estim\u00e9e\" \/>\n\t<meta name=\"twitter:data2\" content=\"4 minutes\" \/>\n<script type=\"application\/ld+json\" class=\"yoast-schema-graph\">{\"@context\":\"https:\/\/schema.org\",\"@graph\":[{\"@type\":\"Article\",\"@id\":\"https:\/\/vosgesinfo.fr\/laplainedesvosgesinfo\/2025\/04\/harcelement-scolaire-un-film-pour-pour-comprendre-et-lutter-projete-aux-rencontres-du-cine\/#article\",\"isPartOf\":{\"@id\":\"https:\/\/vosgesinfo.fr\/laplainedesvosgesinfo\/2025\/04\/harcelement-scolaire-un-film-pour-pour-comprendre-et-lutter-projete-aux-rencontres-du-cine\/\"},\"author\":{\"name\":\"QG\",\"@id\":\"https:\/\/vosgesinfo.fr\/laplainedesvosgesinfo\/#\/schema\/person\/db5605779a843dad16b5368f3e7613a5\"},\"headline\":\"Harc\u00e8lement scolaire : un film pour pour comprendre et lutter projet\u00e9 aux Rencontres du Cin\u00e9\",\"datePublished\":\"2025-04-03T09:25:52+00:00\",\"dateModified\":\"2025-04-03T09:25:52+00:00\",\"mainEntityOfPage\":{\"@id\":\"https:\/\/vosgesinfo.fr\/laplainedesvosgesinfo\/2025\/04\/harcelement-scolaire-un-film-pour-pour-comprendre-et-lutter-projete-aux-rencontres-du-cine\/\"},\"wordCount\":894,\"commentCount\":0,\"publisher\":{\"@id\":\"https:\/\/vosgesinfo.fr\/laplainedesvosgesinfo\/#organization\"},\"image\":{\"@id\":\"https:\/\/vosgesinfo.fr\/laplainedesvosgesinfo\/2025\/04\/harcelement-scolaire-un-film-pour-pour-comprendre-et-lutter-projete-aux-rencontres-du-cine\/#primaryimage\"},\"thumbnailUrl\":\"https:\/\/vosgesinfo.fr\/app\/uploads\/sites\/2\/2025\/04\/img-20250402-185432-scaled-1.jpg\",\"keywords\":[\"Rencontres du cin\u00e9ma\",\"Solange Cicurel\",\"TKT\"],\"articleSection\":[\"A la Une\",\"Epinal\",\"G\u00e9rardmer\",\"La plaine des vosges\",\"Remiremont\",\"Saint-di\u00e9\"],\"inLanguage\":\"fr-FR\",\"potentialAction\":[{\"@type\":\"CommentAction\",\"name\":\"Comment\",\"target\":[\"https:\/\/vosgesinfo.fr\/laplainedesvosgesinfo\/2025\/04\/harcelement-scolaire-un-film-pour-pour-comprendre-et-lutter-projete-aux-rencontres-du-cine\/#respond\"]}]},{\"@type\":\"WebPage\",\"@id\":\"https:\/\/vosgesinfo.fr\/laplainedesvosgesinfo\/2025\/04\/harcelement-scolaire-un-film-pour-pour-comprendre-et-lutter-projete-aux-rencontres-du-cine\/\",\"url\":\"https:\/\/vosgesinfo.fr\/laplainedesvosgesinfo\/2025\/04\/harcelement-scolaire-un-film-pour-pour-comprendre-et-lutter-projete-aux-rencontres-du-cine\/\",\"name\":\"Harc\u00e8lement scolaire : un film pour pour comprendre et lutter projet\u00e9 aux Rencontres du Cin\u00e9 - La Plaine des Vosges\",\"isPartOf\":{\"@id\":\"https:\/\/vosgesinfo.fr\/laplainedesvosgesinfo\/#website\"},\"primaryImageOfPage\":{\"@id\":\"https:\/\/vosgesinfo.fr\/laplainedesvosgesinfo\/2025\/04\/harcelement-scolaire-un-film-pour-pour-comprendre-et-lutter-projete-aux-rencontres-du-cine\/#primaryimage\"},\"image\":{\"@id\":\"https:\/\/vosgesinfo.fr\/laplainedesvosgesinfo\/2025\/04\/harcelement-scolaire-un-film-pour-pour-comprendre-et-lutter-projete-aux-rencontres-du-cine\/#primaryimage\"},\"thumbnailUrl\":\"https:\/\/vosgesinfo.fr\/app\/uploads\/sites\/2\/2025\/04\/img-20250402-185432-scaled-1.jpg\",\"datePublished\":\"2025-04-03T09:25:52+00:00\",\"dateModified\":\"2025-04-03T09:25:52+00:00\",\"breadcrumb\":{\"@id\":\"https:\/\/vosgesinfo.fr\/laplainedesvosgesinfo\/2025\/04\/harcelement-scolaire-un-film-pour-pour-comprendre-et-lutter-projete-aux-rencontres-du-cine\/#breadcrumb\"},\"inLanguage\":\"fr-FR\",\"potentialAction\":[{\"@type\":\"ReadAction\",\"target\":[\"https:\/\/vosgesinfo.fr\/laplainedesvosgesinfo\/2025\/04\/harcelement-scolaire-un-film-pour-pour-comprendre-et-lutter-projete-aux-rencontres-du-cine\/\"]}]},{\"@type\":\"ImageObject\",\"inLanguage\":\"fr-FR\",\"@id\":\"https:\/\/vosgesinfo.fr\/laplainedesvosgesinfo\/2025\/04\/harcelement-scolaire-un-film-pour-pour-comprendre-et-lutter-projete-aux-rencontres-du-cine\/#primaryimage\",\"url\":\"https:\/\/vosgesinfo.fr\/app\/uploads\/sites\/2\/2025\/04\/img-20250402-185432-scaled-1.jpg\",\"contentUrl\":\"https:\/\/vosgesinfo.fr\/app\/uploads\/sites\/2\/2025\/04\/img-20250402-185432-scaled-1.jpg\",\"width\":2560,\"height\":1920},{\"@type\":\"BreadcrumbList\",\"@id\":\"https:\/\/vosgesinfo.fr\/laplainedesvosgesinfo\/2025\/04\/harcelement-scolaire-un-film-pour-pour-comprendre-et-lutter-projete-aux-rencontres-du-cine\/#breadcrumb\",\"itemListElement\":[{\"@type\":\"ListItem\",\"position\":1,\"name\":\"Home\",\"item\":\"https:\/\/vosgesinfo.fr\/laplainedesvosgesinfo\/\"},{\"@type\":\"ListItem\",\"position\":2,\"name\":\"Harc\u00e8lement scolaire : un film pour pour comprendre et lutter projet\u00e9 aux Rencontres du Cin\u00e9\"}]},{\"@type\":\"WebSite\",\"@id\":\"https:\/\/vosgesinfo.fr\/laplainedesvosgesinfo\/#website\",\"url\":\"https:\/\/vosgesinfo.fr\/laplainedesvosgesinfo\/\",\"name\":\"La Plaine des Vosges\",\"description\":\"Toute l&#039;actualit\u00e9 de la plaine de Vosges\",\"publisher\":{\"@id\":\"https:\/\/vosgesinfo.fr\/laplainedesvosgesinfo\/#organization\"},\"alternateName\":\"Toute l'actualit\u00e9 de la plaine des Vosges\",\"potentialAction\":[{\"@type\":\"SearchAction\",\"target\":{\"@type\":\"EntryPoint\",\"urlTemplate\":\"https:\/\/vosgesinfo.fr\/laplainedesvosgesinfo\/?s={search_term_string}\"},\"query-input\":\"required name=search_term_string\"}],\"inLanguage\":\"fr-FR\"},{\"@type\":\"Organization\",\"@id\":\"https:\/\/vosgesinfo.fr\/laplainedesvosgesinfo\/#organization\",\"name\":\"La Plaine des Vosges\",\"url\":\"https:\/\/vosgesinfo.fr\/laplainedesvosgesinfo\/\",\"logo\":{\"@type\":\"ImageObject\",\"inLanguage\":\"fr-FR\",\"@id\":\"https:\/\/vosgesinfo.fr\/laplainedesvosgesinfo\/#\/schema\/logo\/image\/\",\"url\":\"https:\/\/vosgesinfo.fr\/app\/uploads\/sites\/2\/2023\/08\/logo-laplaineinfo.svg\",\"contentUrl\":\"https:\/\/vosgesinfo.fr\/app\/uploads\/sites\/2\/2023\/08\/logo-laplaineinfo.svg\",\"width\":1,\"height\":1,\"caption\":\"La Plaine des Vosges\"},\"image\":{\"@id\":\"https:\/\/vosgesinfo.fr\/laplainedesvosgesinfo\/#\/schema\/logo\/image\/\"},\"sameAs\":[\"https:\/\/www.facebook.com\/laplainedesvosges\",\"https:\/\/x.com\/VosgesInfo88\",\"https:\/\/www.youtube.com\/@vosgesinfo\"]},{\"@type\":\"Person\",\"@id\":\"https:\/\/vosgesinfo.fr\/laplainedesvosgesinfo\/#\/schema\/person\/db5605779a843dad16b5368f3e7613a5\",\"name\":\"QG\",\"image\":{\"@type\":\"ImageObject\",\"inLanguage\":\"fr-FR\",\"@id\":\"https:\/\/vosgesinfo.fr\/laplainedesvosgesinfo\/#\/schema\/person\/image\/\",\"url\":\"https:\/\/secure.gravatar.com\/avatar\/ea80c42c204b534408512832fde52504ecabb9706bcb6151cf6175e5b64e6793?s=96&d=mm&r=g\",\"contentUrl\":\"https:\/\/secure.gravatar.com\/avatar\/ea80c42c204b534408512832fde52504ecabb9706bcb6151cf6175e5b64e6793?s=96&d=mm&r=g\",\"caption\":\"QG\"},\"url\":\"https:\/\/vosgesinfo.fr\/laplainedesvosgesinfo\/author\/quentin88\/\"}]}<\/script>\n<!-- \/ Yoast SEO plugin. -->","yoast_head_json":{"title":"Harc\u00e8lement scolaire : un film pour pour comprendre et lutter projet\u00e9 aux Rencontres du Cin\u00e9 - La Plaine des Vosges","robots":{"index":"index","follow":"follow","max-snippet":"max-snippet:-1","max-image-preview":"max-image-preview:large","max-video-preview":"max-video-preview:-1"},"canonical":"https:\/\/vosgesinfo.fr\/laplainedesvosgesinfo\/2025\/04\/harcelement-scolaire-un-film-pour-pour-comprendre-et-lutter-projete-aux-rencontres-du-cine\/","twitter_card":"summary_large_image","twitter_title":"Harc\u00e8lement scolaire : un film pour pour comprendre et lutter projet\u00e9 aux Rencontres du Cin\u00e9 - La Plaine des Vosges","twitter_description":"&nbsp; Lib\u00e9rer la parole &nbsp; Apr\u00e8s l&rsquo;excellent \u00ab\u00a0Marco\u00a0\u00bb, l&rsquo;agr\u00e9able \u00ab\u00a0Les Musiciens\u00a0\u00bb et le tortueux \u00ab\u00a0Mexico 86\u00a0\u00bb, le public des Rencontres [&hellip;]","twitter_image":"https:\/\/vosgesinfo.fr\/app\/uploads\/sites\/2\/2025\/04\/img-20250402-185432-scaled-1.jpg","twitter_creator":"@VosgesInfo88","twitter_site":"@VosgesInfo88","twitter_misc":{"\u00c9crit par":"QG","Dur\u00e9e de lecture estim\u00e9e":"4 minutes"},"schema":{"@context":"https:\/\/schema.org","@graph":[{"@type":"Article","@id":"https:\/\/vosgesinfo.fr\/laplainedesvosgesinfo\/2025\/04\/harcelement-scolaire-un-film-pour-pour-comprendre-et-lutter-projete-aux-rencontres-du-cine\/#article","isPartOf":{"@id":"https:\/\/vosgesinfo.fr\/laplainedesvosgesinfo\/2025\/04\/harcelement-scolaire-un-film-pour-pour-comprendre-et-lutter-projete-aux-rencontres-du-cine\/"},"author":{"name":"QG","@id":"https:\/\/vosgesinfo.fr\/laplainedesvosgesinfo\/#\/schema\/person\/db5605779a843dad16b5368f3e7613a5"},"headline":"Harc\u00e8lement scolaire : un film pour pour comprendre et lutter projet\u00e9 aux Rencontres du Cin\u00e9","datePublished":"2025-04-03T09:25:52+00:00","dateModified":"2025-04-03T09:25:52+00:00","mainEntityOfPage":{"@id":"https:\/\/vosgesinfo.fr\/laplainedesvosgesinfo\/2025\/04\/harcelement-scolaire-un-film-pour-pour-comprendre-et-lutter-projete-aux-rencontres-du-cine\/"},"wordCount":894,"commentCount":0,"publisher":{"@id":"https:\/\/vosgesinfo.fr\/laplainedesvosgesinfo\/#organization"},"image":{"@id":"https:\/\/vosgesinfo.fr\/laplainedesvosgesinfo\/2025\/04\/harcelement-scolaire-un-film-pour-pour-comprendre-et-lutter-projete-aux-rencontres-du-cine\/#primaryimage"},"thumbnailUrl":"https:\/\/vosgesinfo.fr\/app\/uploads\/sites\/2\/2025\/04\/img-20250402-185432-scaled-1.jpg","keywords":["Rencontres du cin\u00e9ma","Solange Cicurel","TKT"],"articleSection":["A la Une","Epinal","G\u00e9rardmer","La plaine des vosges","Remiremont","Saint-di\u00e9"],"inLanguage":"fr-FR","potentialAction":[{"@type":"CommentAction","name":"Comment","target":["https:\/\/vosgesinfo.fr\/laplainedesvosgesinfo\/2025\/04\/harcelement-scolaire-un-film-pour-pour-comprendre-et-lutter-projete-aux-rencontres-du-cine\/#respond"]}]},{"@type":"WebPage","@id":"https:\/\/vosgesinfo.fr\/laplainedesvosgesinfo\/2025\/04\/harcelement-scolaire-un-film-pour-pour-comprendre-et-lutter-projete-aux-rencontres-du-cine\/","url":"https:\/\/vosgesinfo.fr\/laplainedesvosgesinfo\/2025\/04\/harcelement-scolaire-un-film-pour-pour-comprendre-et-lutter-projete-aux-rencontres-du-cine\/","name":"Harc\u00e8lement scolaire : un film pour pour comprendre et lutter projet\u00e9 aux Rencontres du Cin\u00e9 - La Plaine des Vosges","isPartOf":{"@id":"https:\/\/vosgesinfo.fr\/laplainedesvosgesinfo\/#website"},"primaryImageOfPage":{"@id":"https:\/\/vosgesinfo.fr\/laplainedesvosgesinfo\/2025\/04\/harcelement-scolaire-un-film-pour-pour-comprendre-et-lutter-projete-aux-rencontres-du-cine\/#primaryimage"},"image":{"@id":"https:\/\/vosgesinfo.fr\/laplainedesvosgesinfo\/2025\/04\/harcelement-scolaire-un-film-pour-pour-comprendre-et-lutter-projete-aux-rencontres-du-cine\/#primaryimage"},"thumbnailUrl":"https:\/\/vosgesinfo.fr\/app\/uploads\/sites\/2\/2025\/04\/img-20250402-185432-scaled-1.jpg","datePublished":"2025-04-03T09:25:52+00:00","dateModified":"2025-04-03T09:25:52+00:00","breadcrumb":{"@id":"https:\/\/vosgesinfo.fr\/laplainedesvosgesinfo\/2025\/04\/harcelement-scolaire-un-film-pour-pour-comprendre-et-lutter-projete-aux-rencontres-du-cine\/#breadcrumb"},"inLanguage":"fr-FR","potentialAction":[{"@type":"ReadAction","target":["https:\/\/vosgesinfo.fr\/laplainedesvosgesinfo\/2025\/04\/harcelement-scolaire-un-film-pour-pour-comprendre-et-lutter-projete-aux-rencontres-du-cine\/"]}]},{"@type":"ImageObject","inLanguage":"fr-FR","@id":"https:\/\/vosgesinfo.fr\/laplainedesvosgesinfo\/2025\/04\/harcelement-scolaire-un-film-pour-pour-comprendre-et-lutter-projete-aux-rencontres-du-cine\/#primaryimage","url":"https:\/\/vosgesinfo.fr\/app\/uploads\/sites\/2\/2025\/04\/img-20250402-185432-scaled-1.jpg","contentUrl":"https:\/\/vosgesinfo.fr\/app\/uploads\/sites\/2\/2025\/04\/img-20250402-185432-scaled-1.jpg","width":2560,"height":1920},{"@type":"BreadcrumbList","@id":"https:\/\/vosgesinfo.fr\/laplainedesvosgesinfo\/2025\/04\/harcelement-scolaire-un-film-pour-pour-comprendre-et-lutter-projete-aux-rencontres-du-cine\/#breadcrumb","itemListElement":[{"@type":"ListItem","position":1,"name":"Home","item":"https:\/\/vosgesinfo.fr\/laplainedesvosgesinfo\/"},{"@type":"ListItem","position":2,"name":"Harc\u00e8lement scolaire : un film pour pour comprendre et lutter projet\u00e9 aux Rencontres du Cin\u00e9"}]},{"@type":"WebSite","@id":"https:\/\/vosgesinfo.fr\/laplainedesvosgesinfo\/#website","url":"https:\/\/vosgesinfo.fr\/laplainedesvosgesinfo\/","name":"La Plaine des Vosges","description":"Toute l&#039;actualit\u00e9 de la plaine de Vosges","publisher":{"@id":"https:\/\/vosgesinfo.fr\/laplainedesvosgesinfo\/#organization"},"alternateName":"Toute l'actualit\u00e9 de la plaine des Vosges","potentialAction":[{"@type":"SearchAction","target":{"@type":"EntryPoint","urlTemplate":"https:\/\/vosgesinfo.fr\/laplainedesvosgesinfo\/?s={search_term_string}"},"query-input":"required name=search_term_string"}],"inLanguage":"fr-FR"},{"@type":"Organization","@id":"https:\/\/vosgesinfo.fr\/laplainedesvosgesinfo\/#organization","name":"La Plaine des Vosges","url":"https:\/\/vosgesinfo.fr\/laplainedesvosgesinfo\/","logo":{"@type":"ImageObject","inLanguage":"fr-FR","@id":"https:\/\/vosgesinfo.fr\/laplainedesvosgesinfo\/#\/schema\/logo\/image\/","url":"https:\/\/vosgesinfo.fr\/app\/uploads\/sites\/2\/2023\/08\/logo-laplaineinfo.svg","contentUrl":"https:\/\/vosgesinfo.fr\/app\/uploads\/sites\/2\/2023\/08\/logo-laplaineinfo.svg","width":1,"height":1,"caption":"La Plaine des Vosges"},"image":{"@id":"https:\/\/vosgesinfo.fr\/laplainedesvosgesinfo\/#\/schema\/logo\/image\/"},"sameAs":["https:\/\/www.facebook.com\/laplainedesvosges","https:\/\/x.com\/VosgesInfo88","https:\/\/www.youtube.com\/@vosgesinfo"]},{"@type":"Person","@id":"https:\/\/vosgesinfo.fr\/laplainedesvosgesinfo\/#\/schema\/person\/db5605779a843dad16b5368f3e7613a5","name":"QG","image":{"@type":"ImageObject","inLanguage":"fr-FR","@id":"https:\/\/vosgesinfo.fr\/laplainedesvosgesinfo\/#\/schema\/person\/image\/","url":"https:\/\/secure.gravatar.com\/avatar\/ea80c42c204b534408512832fde52504ecabb9706bcb6151cf6175e5b64e6793?s=96&d=mm&r=g","contentUrl":"https:\/\/secure.gravatar.com\/avatar\/ea80c42c204b534408512832fde52504ecabb9706bcb6151cf6175e5b64e6793?s=96&d=mm&r=g","caption":"QG"},"url":"https:\/\/vosgesinfo.fr\/laplainedesvosgesinfo\/author\/quentin88\/"}]}},"_links":{"self":[{"href":"https:\/\/vosgesinfo.fr\/laplainedesvosgesinfo\/wp-json\/wp\/v2\/posts\/29396","targetHints":{"allow":["GET"]}}],"collection":[{"href":"https:\/\/vosgesinfo.fr\/laplainedesvosgesinfo\/wp-json\/wp\/v2\/posts"}],"about":[{"href":"https:\/\/vosgesinfo.fr\/laplainedesvosgesinfo\/wp-json\/wp\/v2\/types\/post"}],"author":[{"embeddable":true,"href":"https:\/\/vosgesinfo.fr\/laplainedesvosgesinfo\/wp-json\/wp\/v2\/users\/42"}],"replies":[{"embeddable":true,"href":"https:\/\/vosgesinfo.fr\/laplainedesvosgesinfo\/wp-json\/wp\/v2\/comments?post=29396"}],"version-history":[{"count":0,"href":"https:\/\/vosgesinfo.fr\/laplainedesvosgesinfo\/wp-json\/wp\/v2\/posts\/29396\/revisions"}],"wp:featuredmedia":[{"embeddable":true,"href":"https:\/\/vosgesinfo.fr\/laplainedesvosgesinfo\/wp-json\/wp\/v2\/media\/29397"}],"wp:attachment":[{"href":"https:\/\/vosgesinfo.fr\/laplainedesvosgesinfo\/wp-json\/wp\/v2\/media?parent=29396"}],"wp:term":[{"taxonomy":"category","embeddable":true,"href":"https:\/\/vosgesinfo.fr\/laplainedesvosgesinfo\/wp-json\/wp\/v2\/categories?post=29396"},{"taxonomy":"post_tag","embeddable":true,"href":"https:\/\/vosgesinfo.fr\/laplainedesvosgesinfo\/wp-json\/wp\/v2\/tags?post=29396"}],"curies":[{"name":"wp","href":"https:\/\/api.w.org\/{rel}","templated":true}]}}