{"id":2944,"date":"2016-02-25T11:02:36","date_gmt":"2016-02-25T10:02:36","guid":{"rendered":"https:\/\/vosgesinfo.fr\/laplainedesvosgesinfo\/2016\/02\/contrexeville-debat-houleux-sur-la-gestion-de-leau\/"},"modified":"2016-02-25T11:02:36","modified_gmt":"2016-02-25T10:02:36","slug":"contrexeville-debat-houleux-sur-la-gestion-de-leau","status":"publish","type":"post","link":"https:\/\/vosgesinfo.fr\/laplainedesvosgesinfo\/2016\/02\/contrexeville-debat-houleux-sur-la-gestion-de-leau\/","title":{"rendered":"Contrex\u00e9ville &#8211; D\u00e9bat houleux sur la gestion de l&rsquo;eau"},"content":{"rendered":"<p><a href=\"\/2016\/02\/CM_Contrex2-compressed.jpg\"><img decoding=\"async\" class=\"wp-image-73145 aligncenter\" src=\"\/2016\/02\/CM_Contrex2-compressed.jpg\" alt=\"CM_Contrex2-compressed\" width=\"793\" height=\"529\" \/><\/a><\/p>\n<p><strong>Outre l&rsquo;orientation budg\u00e9taire abord\u00e9e lors du Conseil Municipal, un autre point \u00e0 l&rsquo;ordre du jour sur la question de la d\u00e9l\u00e9gation des services publics d&rsquo;eau potable a fait d\u00e9bat.<\/strong> En effet, le contrat liant la soci\u00e9t\u00e9 Lyonnaise de Eaux avec la commune arrive \u00e0 \u00e9ch\u00e9ance au 30 novembre. La question \u00e9tait donc de conna\u00eetre l&rsquo;avenir du monde de gestion, soit la poursuite en DSP, soit la cr\u00e9ation d&rsquo;une R\u00e9gie Municipale pour l&rsquo;Eau. Depuis 35 ans, un contrat d&rsquo;affermage est mis en place avec la Lyonnaise. Le conseil devait se prononcer sur le principe de la DSP d&rsquo;eau potable. Le maire souligne que \u00ab\u00a0<em>le but est de faire baisser le prix de l&rsquo;eau<\/em>\u00ab\u00a0. Pour la majorit\u00e9 un retour \u00e0 la r\u00e9gie induira forc\u00e9ment une augmentation du prix de l&rsquo;eau et des contraintes technico-financi\u00e8res comme la gestion du service et des abonn\u00e9s.<\/p>\n<p>Du c\u00f4t\u00e9 de l&rsquo;opposition, Jean-Pierre Fournier ne le voit pas du m\u00eame \u0153il. En effet, pour lui \u00ab\u00a0c<em>e serait un mod\u00e8le pour toutes les autres communes et les am\u00e8nerait \u00e0 nous rejoindre, Contrex\u00e9ville deviendrait un exemple ! Par ailleurs, ce serait aussi une belle mise en coh\u00e9rence avec la d\u00e9marche Agenda 21 et surtout, ce serait une belle preuve que certains politiques tiennent leurs promesses.<\/em>\u00a0\u00bb<\/p>\n<p>Au moment du vote \u00e0 mains lev\u00e9es, une tr\u00e8s forte majorit\u00e9 approuve ce syst\u00e8me de d\u00e9l\u00e9gation avec 18 votes pour et 3 absentions. Jean-Pierre Fournier et Arlette Jaworski ont quant \u00e0 eux exprim\u00e9 leurs positions et ont vot\u00e9 contre. Pour cette derni\u00e8re \u00ab\u00a0<em>le passage en r\u00e9gie de l&rsquo;eau induit forc\u00e9ment une baisse du prix de l&rsquo;eau, cela nous permettra aussi de retrouver des connaissances dans l&rsquo;acheminement de l&rsquo;eau et surtout de relocaliser des emplois. Pour moi, le budget annonc\u00e9 avec un retour \u00e0 la r\u00e9gie a \u00e9t\u00e9 surestim\u00e9.<\/em>\u00a0\u00bb En effet, diff\u00e9rents sc\u00e9narios propos\u00e9s par l&rsquo;Agence Technique des Vosges ont \u00e9t\u00e9 pr\u00e9sent\u00e9s. Des investissements allant de 400 000 \u00e0 plus de 820 000\u20ac et des augmentations du prix de l&rsquo;eau de +6,71% \u00e0 13,1%. La municipalit\u00e9 s&rsquo;engage avec cette nouvelle DSP d&rsquo;une dur\u00e9e de 9 ans, de n\u00e9gocier les clauses du contrat afin de diminuer le prix de l&rsquo;eau pour ses abonn\u00e9s.<\/p>\n<p>&nbsp;<\/p>\n<p>A.J.<\/p>\n","protected":false},"excerpt":{"rendered":"<p>Outre l&rsquo;orientation budg\u00e9taire abord\u00e9e lors du Conseil Municipal, un autre point \u00e0 l&rsquo;ordre du jour sur la question de la [&hellip;]<\/p>\n","protected":false},"author":1,"featured_media":2945,"comment_status":"open","ping_status":"open","sticky":false,"template":"","format":"standard","meta":{"footnotes":""},"categories":[29,79,37,10],"tags":[],"class_list":["post-2944","post","type-post","status-publish","format-standard","has-post-thumbnail","hentry","category-a-la-une","category-contrexeville-la-plaine","category-la-plaine","category-politique"],"acf":[],"yoast_head":"<!-- This site is optimized with the Yoast SEO plugin v22.5 - https:\/\/yoast.com\/wordpress\/plugins\/seo\/ -->\n<title>Contrex\u00e9ville - D\u00e9bat houleux sur la gestion de l&#039;eau - La Plaine des Vosges<\/title>\n<meta name=\"robots\" content=\"index, follow, max-snippet:-1, max-image-preview:large, max-video-preview:-1\" \/>\n<link rel=\"canonical\" href=\"https:\/\/vosgesinfo.fr\/laplainedesvosgesinfo\/2016\/02\/contrexeville-debat-houleux-sur-la-gestion-de-leau\/\" \/>\n<meta name=\"twitter:card\" content=\"summary_large_image\" \/>\n<meta name=\"twitter:title\" content=\"Contrex\u00e9ville - D\u00e9bat houleux sur la gestion de l&#039;eau - La Plaine des Vosges\" \/>\n<meta name=\"twitter:description\" content=\"Outre l&rsquo;orientation budg\u00e9taire abord\u00e9e lors du Conseil Municipal, un autre point \u00e0 l&rsquo;ordre du jour sur la question de la [&hellip;]\" \/>\n<meta name=\"twitter:image\" content=\"https:\/\/vosgesinfo.fr\/app\/uploads\/sites\/2\/2024\/06\/201602cm-contrex2-compressed.jpg\" \/>\n<meta name=\"twitter:creator\" content=\"@VosgesInfo88\" \/>\n<meta name=\"twitter:site\" content=\"@VosgesInfo88\" \/>\n<meta name=\"twitter:label1\" content=\"\u00c9crit par\" \/>\n\t<meta name=\"twitter:data1\" content=\"qs_admin\" \/>\n\t<meta name=\"twitter:label2\" content=\"Dur\u00e9e de lecture estim\u00e9e\" \/>\n\t<meta name=\"twitter:data2\" content=\"2 minutes\" \/>\n<script type=\"application\/ld+json\" class=\"yoast-schema-graph\">{\"@context\":\"https:\/\/schema.org\",\"@graph\":[{\"@type\":\"Article\",\"@id\":\"https:\/\/vosgesinfo.fr\/laplainedesvosgesinfo\/2016\/02\/contrexeville-debat-houleux-sur-la-gestion-de-leau\/#article\",\"isPartOf\":{\"@id\":\"https:\/\/vosgesinfo.fr\/laplainedesvosgesinfo\/2016\/02\/contrexeville-debat-houleux-sur-la-gestion-de-leau\/\"},\"author\":{\"name\":\"qs_admin\",\"@id\":\"https:\/\/vosgesinfo.fr\/laplainedesvosgesinfo\/#\/schema\/person\/bc5d02d71e6932e81b6dadb7386667b1\"},\"headline\":\"Contrex\u00e9ville &#8211; D\u00e9bat houleux sur la gestion de l&rsquo;eau\",\"datePublished\":\"2016-02-25T10:02:36+00:00\",\"dateModified\":\"2016-02-25T10:02:36+00:00\",\"mainEntityOfPage\":{\"@id\":\"https:\/\/vosgesinfo.fr\/laplainedesvosgesinfo\/2016\/02\/contrexeville-debat-houleux-sur-la-gestion-de-leau\/\"},\"wordCount\":407,\"commentCount\":0,\"publisher\":{\"@id\":\"https:\/\/vosgesinfo.fr\/laplainedesvosgesinfo\/#organization\"},\"image\":{\"@id\":\"https:\/\/vosgesinfo.fr\/laplainedesvosgesinfo\/2016\/02\/contrexeville-debat-houleux-sur-la-gestion-de-leau\/#primaryimage\"},\"thumbnailUrl\":\"https:\/\/vosgesinfo.fr\/app\/uploads\/sites\/2\/2024\/06\/201602cm-contrex2-compressed.jpg\",\"articleSection\":[\"A la Une\",\"Contrex\u00e9ville\",\"La Plaine\",\"Politique\"],\"inLanguage\":\"fr-FR\",\"potentialAction\":[{\"@type\":\"CommentAction\",\"name\":\"Comment\",\"target\":[\"https:\/\/vosgesinfo.fr\/laplainedesvosgesinfo\/2016\/02\/contrexeville-debat-houleux-sur-la-gestion-de-leau\/#respond\"]}]},{\"@type\":\"WebPage\",\"@id\":\"https:\/\/vosgesinfo.fr\/laplainedesvosgesinfo\/2016\/02\/contrexeville-debat-houleux-sur-la-gestion-de-leau\/\",\"url\":\"https:\/\/vosgesinfo.fr\/laplainedesvosgesinfo\/2016\/02\/contrexeville-debat-houleux-sur-la-gestion-de-leau\/\",\"name\":\"Contrex\u00e9ville - D\u00e9bat houleux sur la gestion de l'eau - La Plaine des Vosges\",\"isPartOf\":{\"@id\":\"https:\/\/vosgesinfo.fr\/laplainedesvosgesinfo\/#website\"},\"primaryImageOfPage\":{\"@id\":\"https:\/\/vosgesinfo.fr\/laplainedesvosgesinfo\/2016\/02\/contrexeville-debat-houleux-sur-la-gestion-de-leau\/#primaryimage\"},\"image\":{\"@id\":\"https:\/\/vosgesinfo.fr\/laplainedesvosgesinfo\/2016\/02\/contrexeville-debat-houleux-sur-la-gestion-de-leau\/#primaryimage\"},\"thumbnailUrl\":\"https:\/\/vosgesinfo.fr\/app\/uploads\/sites\/2\/2024\/06\/201602cm-contrex2-compressed.jpg\",\"datePublished\":\"2016-02-25T10:02:36+00:00\",\"dateModified\":\"2016-02-25T10:02:36+00:00\",\"breadcrumb\":{\"@id\":\"https:\/\/vosgesinfo.fr\/laplainedesvosgesinfo\/2016\/02\/contrexeville-debat-houleux-sur-la-gestion-de-leau\/#breadcrumb\"},\"inLanguage\":\"fr-FR\",\"potentialAction\":[{\"@type\":\"ReadAction\",\"target\":[\"https:\/\/vosgesinfo.fr\/laplainedesvosgesinfo\/2016\/02\/contrexeville-debat-houleux-sur-la-gestion-de-leau\/\"]}]},{\"@type\":\"ImageObject\",\"inLanguage\":\"fr-FR\",\"@id\":\"https:\/\/vosgesinfo.fr\/laplainedesvosgesinfo\/2016\/02\/contrexeville-debat-houleux-sur-la-gestion-de-leau\/#primaryimage\",\"url\":\"https:\/\/vosgesinfo.fr\/app\/uploads\/sites\/2\/2024\/06\/201602cm-contrex2-compressed.jpg\",\"contentUrl\":\"https:\/\/vosgesinfo.fr\/app\/uploads\/sites\/2\/2024\/06\/201602cm-contrex2-compressed.jpg\",\"width\":800,\"height\":534},{\"@type\":\"BreadcrumbList\",\"@id\":\"https:\/\/vosgesinfo.fr\/laplainedesvosgesinfo\/2016\/02\/contrexeville-debat-houleux-sur-la-gestion-de-leau\/#breadcrumb\",\"itemListElement\":[{\"@type\":\"ListItem\",\"position\":1,\"name\":\"Home\",\"item\":\"https:\/\/vosgesinfo.fr\/laplainedesvosgesinfo\/\"},{\"@type\":\"ListItem\",\"position\":2,\"name\":\"Contrex\u00e9ville &#8211; D\u00e9bat houleux sur la gestion de l&rsquo;eau\"}]},{\"@type\":\"WebSite\",\"@id\":\"https:\/\/vosgesinfo.fr\/laplainedesvosgesinfo\/#website\",\"url\":\"https:\/\/vosgesinfo.fr\/laplainedesvosgesinfo\/\",\"name\":\"La Plaine des Vosges\",\"description\":\"Toute l&#039;actualit\u00e9 de la plaine de Vosges\",\"publisher\":{\"@id\":\"https:\/\/vosgesinfo.fr\/laplainedesvosgesinfo\/#organization\"},\"alternateName\":\"Toute l'actualit\u00e9 de la plaine des Vosges\",\"potentialAction\":[{\"@type\":\"SearchAction\",\"target\":{\"@type\":\"EntryPoint\",\"urlTemplate\":\"https:\/\/vosgesinfo.fr\/laplainedesvosgesinfo\/?s={search_term_string}\"},\"query-input\":\"required name=search_term_string\"}],\"inLanguage\":\"fr-FR\"},{\"@type\":\"Organization\",\"@id\":\"https:\/\/vosgesinfo.fr\/laplainedesvosgesinfo\/#organization\",\"name\":\"La Plaine des Vosges\",\"url\":\"https:\/\/vosgesinfo.fr\/laplainedesvosgesinfo\/\",\"logo\":{\"@type\":\"ImageObject\",\"inLanguage\":\"fr-FR\",\"@id\":\"https:\/\/vosgesinfo.fr\/laplainedesvosgesinfo\/#\/schema\/logo\/image\/\",\"url\":\"https:\/\/vosgesinfo.fr\/app\/uploads\/sites\/2\/2023\/08\/logo-laplaineinfo.svg\",\"contentUrl\":\"https:\/\/vosgesinfo.fr\/app\/uploads\/sites\/2\/2023\/08\/logo-laplaineinfo.svg\",\"width\":1,\"height\":1,\"caption\":\"La Plaine des Vosges\"},\"image\":{\"@id\":\"https:\/\/vosgesinfo.fr\/laplainedesvosgesinfo\/#\/schema\/logo\/image\/\"},\"sameAs\":[\"https:\/\/www.facebook.com\/laplainedesvosges\",\"https:\/\/x.com\/VosgesInfo88\",\"https:\/\/www.youtube.com\/@vosgesinfo\"]},{\"@type\":\"Person\",\"@id\":\"https:\/\/vosgesinfo.fr\/laplainedesvosgesinfo\/#\/schema\/person\/bc5d02d71e6932e81b6dadb7386667b1\",\"name\":\"qs_admin\",\"image\":{\"@type\":\"ImageObject\",\"inLanguage\":\"fr-FR\",\"@id\":\"https:\/\/vosgesinfo.fr\/laplainedesvosgesinfo\/#\/schema\/person\/image\/\",\"url\":\"https:\/\/secure.gravatar.com\/avatar\/94b18ee0ed79e4a42ea2f2931277b6841a8999fc6fde214600c78057cf1fe1de?s=96&d=mm&r=g\",\"contentUrl\":\"https:\/\/secure.gravatar.com\/avatar\/94b18ee0ed79e4a42ea2f2931277b6841a8999fc6fde214600c78057cf1fe1de?s=96&d=mm&r=g\",\"caption\":\"qs_admin\"},\"sameAs\":[\"https:\/\/vosgesinfo.fr\/wp\"],\"url\":\"https:\/\/vosgesinfo.fr\/laplainedesvosgesinfo\/author\/qs_admin\/\"}]}<\/script>\n<!-- \/ Yoast SEO plugin. -->","yoast_head_json":{"title":"Contrex\u00e9ville - D\u00e9bat houleux sur la gestion de l'eau - La Plaine des Vosges","robots":{"index":"index","follow":"follow","max-snippet":"max-snippet:-1","max-image-preview":"max-image-preview:large","max-video-preview":"max-video-preview:-1"},"canonical":"https:\/\/vosgesinfo.fr\/laplainedesvosgesinfo\/2016\/02\/contrexeville-debat-houleux-sur-la-gestion-de-leau\/","twitter_card":"summary_large_image","twitter_title":"Contrex\u00e9ville - D\u00e9bat houleux sur la gestion de l'eau - La Plaine des Vosges","twitter_description":"Outre l&rsquo;orientation budg\u00e9taire abord\u00e9e lors du Conseil Municipal, un autre point \u00e0 l&rsquo;ordre du jour sur la question de la [&hellip;]","twitter_image":"https:\/\/vosgesinfo.fr\/app\/uploads\/sites\/2\/2024\/06\/201602cm-contrex2-compressed.jpg","twitter_creator":"@VosgesInfo88","twitter_site":"@VosgesInfo88","twitter_misc":{"\u00c9crit par":"qs_admin","Dur\u00e9e de lecture estim\u00e9e":"2 minutes"},"schema":{"@context":"https:\/\/schema.org","@graph":[{"@type":"Article","@id":"https:\/\/vosgesinfo.fr\/laplainedesvosgesinfo\/2016\/02\/contrexeville-debat-houleux-sur-la-gestion-de-leau\/#article","isPartOf":{"@id":"https:\/\/vosgesinfo.fr\/laplainedesvosgesinfo\/2016\/02\/contrexeville-debat-houleux-sur-la-gestion-de-leau\/"},"author":{"name":"qs_admin","@id":"https:\/\/vosgesinfo.fr\/laplainedesvosgesinfo\/#\/schema\/person\/bc5d02d71e6932e81b6dadb7386667b1"},"headline":"Contrex\u00e9ville &#8211; D\u00e9bat houleux sur la gestion de l&rsquo;eau","datePublished":"2016-02-25T10:02:36+00:00","dateModified":"2016-02-25T10:02:36+00:00","mainEntityOfPage":{"@id":"https:\/\/vosgesinfo.fr\/laplainedesvosgesinfo\/2016\/02\/contrexeville-debat-houleux-sur-la-gestion-de-leau\/"},"wordCount":407,"commentCount":0,"publisher":{"@id":"https:\/\/vosgesinfo.fr\/laplainedesvosgesinfo\/#organization"},"image":{"@id":"https:\/\/vosgesinfo.fr\/laplainedesvosgesinfo\/2016\/02\/contrexeville-debat-houleux-sur-la-gestion-de-leau\/#primaryimage"},"thumbnailUrl":"https:\/\/vosgesinfo.fr\/app\/uploads\/sites\/2\/2024\/06\/201602cm-contrex2-compressed.jpg","articleSection":["A la Une","Contrex\u00e9ville","La Plaine","Politique"],"inLanguage":"fr-FR","potentialAction":[{"@type":"CommentAction","name":"Comment","target":["https:\/\/vosgesinfo.fr\/laplainedesvosgesinfo\/2016\/02\/contrexeville-debat-houleux-sur-la-gestion-de-leau\/#respond"]}]},{"@type":"WebPage","@id":"https:\/\/vosgesinfo.fr\/laplainedesvosgesinfo\/2016\/02\/contrexeville-debat-houleux-sur-la-gestion-de-leau\/","url":"https:\/\/vosgesinfo.fr\/laplainedesvosgesinfo\/2016\/02\/contrexeville-debat-houleux-sur-la-gestion-de-leau\/","name":"Contrex\u00e9ville - D\u00e9bat houleux sur la gestion de l'eau - La Plaine des Vosges","isPartOf":{"@id":"https:\/\/vosgesinfo.fr\/laplainedesvosgesinfo\/#website"},"primaryImageOfPage":{"@id":"https:\/\/vosgesinfo.fr\/laplainedesvosgesinfo\/2016\/02\/contrexeville-debat-houleux-sur-la-gestion-de-leau\/#primaryimage"},"image":{"@id":"https:\/\/vosgesinfo.fr\/laplainedesvosgesinfo\/2016\/02\/contrexeville-debat-houleux-sur-la-gestion-de-leau\/#primaryimage"},"thumbnailUrl":"https:\/\/vosgesinfo.fr\/app\/uploads\/sites\/2\/2024\/06\/201602cm-contrex2-compressed.jpg","datePublished":"2016-02-25T10:02:36+00:00","dateModified":"2016-02-25T10:02:36+00:00","breadcrumb":{"@id":"https:\/\/vosgesinfo.fr\/laplainedesvosgesinfo\/2016\/02\/contrexeville-debat-houleux-sur-la-gestion-de-leau\/#breadcrumb"},"inLanguage":"fr-FR","potentialAction":[{"@type":"ReadAction","target":["https:\/\/vosgesinfo.fr\/laplainedesvosgesinfo\/2016\/02\/contrexeville-debat-houleux-sur-la-gestion-de-leau\/"]}]},{"@type":"ImageObject","inLanguage":"fr-FR","@id":"https:\/\/vosgesinfo.fr\/laplainedesvosgesinfo\/2016\/02\/contrexeville-debat-houleux-sur-la-gestion-de-leau\/#primaryimage","url":"https:\/\/vosgesinfo.fr\/app\/uploads\/sites\/2\/2024\/06\/201602cm-contrex2-compressed.jpg","contentUrl":"https:\/\/vosgesinfo.fr\/app\/uploads\/sites\/2\/2024\/06\/201602cm-contrex2-compressed.jpg","width":800,"height":534},{"@type":"BreadcrumbList","@id":"https:\/\/vosgesinfo.fr\/laplainedesvosgesinfo\/2016\/02\/contrexeville-debat-houleux-sur-la-gestion-de-leau\/#breadcrumb","itemListElement":[{"@type":"ListItem","position":1,"name":"Home","item":"https:\/\/vosgesinfo.fr\/laplainedesvosgesinfo\/"},{"@type":"ListItem","position":2,"name":"Contrex\u00e9ville &#8211; D\u00e9bat houleux sur la gestion de l&rsquo;eau"}]},{"@type":"WebSite","@id":"https:\/\/vosgesinfo.fr\/laplainedesvosgesinfo\/#website","url":"https:\/\/vosgesinfo.fr\/laplainedesvosgesinfo\/","name":"La Plaine des Vosges","description":"Toute l&#039;actualit\u00e9 de la plaine de Vosges","publisher":{"@id":"https:\/\/vosgesinfo.fr\/laplainedesvosgesinfo\/#organization"},"alternateName":"Toute l'actualit\u00e9 de la plaine des Vosges","potentialAction":[{"@type":"SearchAction","target":{"@type":"EntryPoint","urlTemplate":"https:\/\/vosgesinfo.fr\/laplainedesvosgesinfo\/?s={search_term_string}"},"query-input":"required name=search_term_string"}],"inLanguage":"fr-FR"},{"@type":"Organization","@id":"https:\/\/vosgesinfo.fr\/laplainedesvosgesinfo\/#organization","name":"La Plaine des Vosges","url":"https:\/\/vosgesinfo.fr\/laplainedesvosgesinfo\/","logo":{"@type":"ImageObject","inLanguage":"fr-FR","@id":"https:\/\/vosgesinfo.fr\/laplainedesvosgesinfo\/#\/schema\/logo\/image\/","url":"https:\/\/vosgesinfo.fr\/app\/uploads\/sites\/2\/2023\/08\/logo-laplaineinfo.svg","contentUrl":"https:\/\/vosgesinfo.fr\/app\/uploads\/sites\/2\/2023\/08\/logo-laplaineinfo.svg","width":1,"height":1,"caption":"La Plaine des Vosges"},"image":{"@id":"https:\/\/vosgesinfo.fr\/laplainedesvosgesinfo\/#\/schema\/logo\/image\/"},"sameAs":["https:\/\/www.facebook.com\/laplainedesvosges","https:\/\/x.com\/VosgesInfo88","https:\/\/www.youtube.com\/@vosgesinfo"]},{"@type":"Person","@id":"https:\/\/vosgesinfo.fr\/laplainedesvosgesinfo\/#\/schema\/person\/bc5d02d71e6932e81b6dadb7386667b1","name":"qs_admin","image":{"@type":"ImageObject","inLanguage":"fr-FR","@id":"https:\/\/vosgesinfo.fr\/laplainedesvosgesinfo\/#\/schema\/person\/image\/","url":"https:\/\/secure.gravatar.com\/avatar\/94b18ee0ed79e4a42ea2f2931277b6841a8999fc6fde214600c78057cf1fe1de?s=96&d=mm&r=g","contentUrl":"https:\/\/secure.gravatar.com\/avatar\/94b18ee0ed79e4a42ea2f2931277b6841a8999fc6fde214600c78057cf1fe1de?s=96&d=mm&r=g","caption":"qs_admin"},"sameAs":["https:\/\/vosgesinfo.fr\/wp"],"url":"https:\/\/vosgesinfo.fr\/laplainedesvosgesinfo\/author\/qs_admin\/"}]}},"_links":{"self":[{"href":"https:\/\/vosgesinfo.fr\/laplainedesvosgesinfo\/wp-json\/wp\/v2\/posts\/2944","targetHints":{"allow":["GET"]}}],"collection":[{"href":"https:\/\/vosgesinfo.fr\/laplainedesvosgesinfo\/wp-json\/wp\/v2\/posts"}],"about":[{"href":"https:\/\/vosgesinfo.fr\/laplainedesvosgesinfo\/wp-json\/wp\/v2\/types\/post"}],"author":[{"embeddable":true,"href":"https:\/\/vosgesinfo.fr\/laplainedesvosgesinfo\/wp-json\/wp\/v2\/users\/1"}],"replies":[{"embeddable":true,"href":"https:\/\/vosgesinfo.fr\/laplainedesvosgesinfo\/wp-json\/wp\/v2\/comments?post=2944"}],"version-history":[{"count":0,"href":"https:\/\/vosgesinfo.fr\/laplainedesvosgesinfo\/wp-json\/wp\/v2\/posts\/2944\/revisions"}],"wp:featuredmedia":[{"embeddable":true,"href":"https:\/\/vosgesinfo.fr\/laplainedesvosgesinfo\/wp-json\/wp\/v2\/media\/2945"}],"wp:attachment":[{"href":"https:\/\/vosgesinfo.fr\/laplainedesvosgesinfo\/wp-json\/wp\/v2\/media?parent=2944"}],"wp:term":[{"taxonomy":"category","embeddable":true,"href":"https:\/\/vosgesinfo.fr\/laplainedesvosgesinfo\/wp-json\/wp\/v2\/categories?post=2944"},{"taxonomy":"post_tag","embeddable":true,"href":"https:\/\/vosgesinfo.fr\/laplainedesvosgesinfo\/wp-json\/wp\/v2\/tags?post=2944"}],"curies":[{"name":"wp","href":"https:\/\/api.w.org\/{rel}","templated":true}]}}