{"id":29640,"date":"2025-04-14T13:57:12","date_gmt":"2025-04-14T11:57:12","guid":{"rendered":"https:\/\/vosgesinfo.fr\/laplainedesvosgesinfo\/?p=29640"},"modified":"2025-04-14T13:57:12","modified_gmt":"2025-04-14T11:57:12","slug":"la-grande-traversee-un-defi-sportif-pour-une-bonne-cause","status":"publish","type":"post","link":"https:\/\/vosgesinfo.fr\/laplainedesvosgesinfo\/2025\/04\/la-grande-traversee-un-defi-sportif-pour-une-bonne-cause\/","title":{"rendered":"La Grande Travers\u00e9e : un d\u00e9fi sportif pour une bonne cause"},"content":{"rendered":"<p><a href=\"https:\/\/vosgesinfo.fr\/app\/uploads\/sites\/4\/2025\/04\/la-grande-traversee.jpg\"><img decoding=\"async\" class=\"alignnone size-large wp-image-76767\" src=\"https:\/\/vosgesinfo.fr\/app\/uploads\/sites\/4\/2025\/04\/la-grande-traversee-1024x1024.jpg\" alt=\"\" width=\"1024\" height=\"1024\" \/><\/a><\/p>\n<h2>Durant ce <strong>printemps 2025<\/strong>, le <strong>docteur Ga\u00ebtan Lain\u00e9<\/strong>, <strong>neurochirurgien au CHRU de Nancy<\/strong> et originaire de <strong>Saint-Di\u00e9-des-Vosges<\/strong>, se lancera dans un <strong>d\u00e9fi sportif<\/strong>. Et non des moindres, puisqu&rsquo;il tentera de <strong>battre le record de la travers\u00e9e des Vosges en courant<\/strong>, soit <strong>440 kilom\u00e8tres<\/strong>, entre <strong>Wissembourg et Belfort<\/strong>. Le d\u00e9part est programm\u00e9 pour le <strong>mardi 29 avril \u00e0 8h00<\/strong>, avec une <strong>arriv\u00e9e estim\u00e9e le mardi 6 mai<\/strong>.<\/h2>\n<p><!--more--><\/p>\n<p>Au-del\u00e0 de la <strong>performance purement sportive<\/strong>, ce d\u00e9fi a \u00e9galement une <strong>dimension solidaire<\/strong>, en soutenant <strong>\u00ab\u00a0T\u00eate en l\u2019air\u00a0\u00bb<\/strong>. Cette <strong>association<\/strong> accompagne les <strong>enfants hospitalis\u00e9s en neurochirurgie p\u00e9diatrique<\/strong> ainsi que leurs <strong>familles<\/strong>.<\/p>\n<p>Le public peut <strong>suivre la pr\u00e9paration<\/strong> de l\u2019athl\u00e8te sur le site <strong><a href=\"http:\/\/www.la-grande-traversee.net\" target=\"_blank\" rel=\"noopener\">www.la-grande-traversee.net<\/a><\/strong> et <strong>contribuer \u00e0 la collecte de dons<\/strong> via la <a href=\"https:\/\/www.helloasso.com\/associations\/association-tete-en-l-air\/formulaires\/5\" target=\"_blank\" rel=\"noopener\"><strong>plateforme HelloAsso<\/strong>.<\/a><\/p>\n","protected":false},"excerpt":{"rendered":"<p>Durant ce printemps 2025, le docteur Ga\u00ebtan Lain\u00e9, neurochirurgien au CHRU de Nancy et originaire de Saint-Di\u00e9-des-Vosges, se lancera dans [&hellip;]<\/p>\n","protected":false},"author":46,"featured_media":29641,"comment_status":"open","ping_status":"open","sticky":false,"template":"","format":"standard","meta":{"footnotes":""},"categories":[29,383,294,380,381,165,14,18],"tags":[8358,8359,8360,1479],"class_list":["post-29640","post","type-post","status-publish","format-standard","has-post-thumbnail","hentry","category-a-la-une","category-epinal","category-gerardmer","category-la-plaine-des-vosges","category-remiremont","category-solidarite","category-sport","category-vosges","tag-association-tete-en-lair","tag-gaetan-laine","tag-la-grande-traversee","tag-traversee-des-vosges"],"acf":[],"yoast_head":"<!-- This site is optimized with the Yoast SEO plugin v22.5 - https:\/\/yoast.com\/wordpress\/plugins\/seo\/ -->\n<title>La Grande Travers\u00e9e : un d\u00e9fi sportif pour une bonne cause - La Plaine des Vosges<\/title>\n<meta name=\"robots\" content=\"index, follow, max-snippet:-1, max-image-preview:large, max-video-preview:-1\" \/>\n<link rel=\"canonical\" href=\"https:\/\/vosgesinfo.fr\/laplainedesvosgesinfo\/2025\/04\/la-grande-traversee-un-defi-sportif-pour-une-bonne-cause\/\" \/>\n<meta name=\"twitter:card\" content=\"summary_large_image\" \/>\n<meta name=\"twitter:title\" content=\"La Grande Travers\u00e9e : un d\u00e9fi sportif pour une bonne cause - La Plaine des Vosges\" \/>\n<meta name=\"twitter:description\" content=\"Durant ce printemps 2025, le docteur Ga\u00ebtan Lain\u00e9, neurochirurgien au CHRU de Nancy et originaire de Saint-Di\u00e9-des-Vosges, se lancera dans [&hellip;]\" \/>\n<meta name=\"twitter:image\" content=\"https:\/\/vosgesinfo.fr\/app\/uploads\/sites\/2\/2025\/04\/la-grande-traversee.jpg\" \/>\n<meta name=\"twitter:creator\" content=\"@VosgesInfo88\" \/>\n<meta name=\"twitter:site\" content=\"@VosgesInfo88\" \/>\n<meta name=\"twitter:label1\" content=\"\u00c9crit par\" \/>\n\t<meta name=\"twitter:data1\" content=\"J.J.\" \/>\n\t<meta name=\"twitter:label2\" content=\"Dur\u00e9e de lecture estim\u00e9e\" \/>\n\t<meta name=\"twitter:data2\" content=\"1 minute\" \/>\n<script type=\"application\/ld+json\" class=\"yoast-schema-graph\">{\"@context\":\"https:\/\/schema.org\",\"@graph\":[{\"@type\":\"Article\",\"@id\":\"https:\/\/vosgesinfo.fr\/laplainedesvosgesinfo\/2025\/04\/la-grande-traversee-un-defi-sportif-pour-une-bonne-cause\/#article\",\"isPartOf\":{\"@id\":\"https:\/\/vosgesinfo.fr\/laplainedesvosgesinfo\/2025\/04\/la-grande-traversee-un-defi-sportif-pour-une-bonne-cause\/\"},\"author\":{\"name\":\"J.J.\",\"@id\":\"https:\/\/vosgesinfo.fr\/laplainedesvosgesinfo\/#\/schema\/person\/fa73e9f726d67bb88f46d5b7943cb572\"},\"headline\":\"La Grande Travers\u00e9e : un d\u00e9fi sportif pour une bonne cause\",\"datePublished\":\"2025-04-14T11:57:12+00:00\",\"dateModified\":\"2025-04-14T11:57:12+00:00\",\"mainEntityOfPage\":{\"@id\":\"https:\/\/vosgesinfo.fr\/laplainedesvosgesinfo\/2025\/04\/la-grande-traversee-un-defi-sportif-pour-une-bonne-cause\/\"},\"wordCount\":145,\"commentCount\":0,\"publisher\":{\"@id\":\"https:\/\/vosgesinfo.fr\/laplainedesvosgesinfo\/#organization\"},\"image\":{\"@id\":\"https:\/\/vosgesinfo.fr\/laplainedesvosgesinfo\/2025\/04\/la-grande-traversee-un-defi-sportif-pour-une-bonne-cause\/#primaryimage\"},\"thumbnailUrl\":\"https:\/\/vosgesinfo.fr\/app\/uploads\/sites\/2\/2025\/04\/la-grande-traversee.jpg\",\"keywords\":[\"Association T\u00eate en l'Air\",\"Ga\u00ebtan Lain\u00e9\",\"La Grande Travers\u00e9e\",\"Travers\u00e9e des Vosges\"],\"articleSection\":[\"A la Une\",\"Epinal\",\"G\u00e9rardmer\",\"La plaine des vosges\",\"Remiremont\",\"Solidarit\u00e9\",\"Sport\",\"Vosges\"],\"inLanguage\":\"fr-FR\",\"potentialAction\":[{\"@type\":\"CommentAction\",\"name\":\"Comment\",\"target\":[\"https:\/\/vosgesinfo.fr\/laplainedesvosgesinfo\/2025\/04\/la-grande-traversee-un-defi-sportif-pour-une-bonne-cause\/#respond\"]}]},{\"@type\":\"WebPage\",\"@id\":\"https:\/\/vosgesinfo.fr\/laplainedesvosgesinfo\/2025\/04\/la-grande-traversee-un-defi-sportif-pour-une-bonne-cause\/\",\"url\":\"https:\/\/vosgesinfo.fr\/laplainedesvosgesinfo\/2025\/04\/la-grande-traversee-un-defi-sportif-pour-une-bonne-cause\/\",\"name\":\"La Grande Travers\u00e9e : un d\u00e9fi sportif pour une bonne cause - La Plaine des Vosges\",\"isPartOf\":{\"@id\":\"https:\/\/vosgesinfo.fr\/laplainedesvosgesinfo\/#website\"},\"primaryImageOfPage\":{\"@id\":\"https:\/\/vosgesinfo.fr\/laplainedesvosgesinfo\/2025\/04\/la-grande-traversee-un-defi-sportif-pour-une-bonne-cause\/#primaryimage\"},\"image\":{\"@id\":\"https:\/\/vosgesinfo.fr\/laplainedesvosgesinfo\/2025\/04\/la-grande-traversee-un-defi-sportif-pour-une-bonne-cause\/#primaryimage\"},\"thumbnailUrl\":\"https:\/\/vosgesinfo.fr\/app\/uploads\/sites\/2\/2025\/04\/la-grande-traversee.jpg\",\"datePublished\":\"2025-04-14T11:57:12+00:00\",\"dateModified\":\"2025-04-14T11:57:12+00:00\",\"breadcrumb\":{\"@id\":\"https:\/\/vosgesinfo.fr\/laplainedesvosgesinfo\/2025\/04\/la-grande-traversee-un-defi-sportif-pour-une-bonne-cause\/#breadcrumb\"},\"inLanguage\":\"fr-FR\",\"potentialAction\":[{\"@type\":\"ReadAction\",\"target\":[\"https:\/\/vosgesinfo.fr\/laplainedesvosgesinfo\/2025\/04\/la-grande-traversee-un-defi-sportif-pour-une-bonne-cause\/\"]}]},{\"@type\":\"ImageObject\",\"inLanguage\":\"fr-FR\",\"@id\":\"https:\/\/vosgesinfo.fr\/laplainedesvosgesinfo\/2025\/04\/la-grande-traversee-un-defi-sportif-pour-une-bonne-cause\/#primaryimage\",\"url\":\"https:\/\/vosgesinfo.fr\/app\/uploads\/sites\/2\/2025\/04\/la-grande-traversee.jpg\",\"contentUrl\":\"https:\/\/vosgesinfo.fr\/app\/uploads\/sites\/2\/2025\/04\/la-grande-traversee.jpg\",\"width\":2048,\"height\":2048},{\"@type\":\"BreadcrumbList\",\"@id\":\"https:\/\/vosgesinfo.fr\/laplainedesvosgesinfo\/2025\/04\/la-grande-traversee-un-defi-sportif-pour-une-bonne-cause\/#breadcrumb\",\"itemListElement\":[{\"@type\":\"ListItem\",\"position\":1,\"name\":\"Home\",\"item\":\"https:\/\/vosgesinfo.fr\/laplainedesvosgesinfo\/\"},{\"@type\":\"ListItem\",\"position\":2,\"name\":\"La Grande Travers\u00e9e : un d\u00e9fi sportif pour une bonne cause\"}]},{\"@type\":\"WebSite\",\"@id\":\"https:\/\/vosgesinfo.fr\/laplainedesvosgesinfo\/#website\",\"url\":\"https:\/\/vosgesinfo.fr\/laplainedesvosgesinfo\/\",\"name\":\"La Plaine des Vosges\",\"description\":\"Toute l&#039;actualit\u00e9 de la plaine de Vosges\",\"publisher\":{\"@id\":\"https:\/\/vosgesinfo.fr\/laplainedesvosgesinfo\/#organization\"},\"alternateName\":\"Toute l'actualit\u00e9 de la plaine des Vosges\",\"potentialAction\":[{\"@type\":\"SearchAction\",\"target\":{\"@type\":\"EntryPoint\",\"urlTemplate\":\"https:\/\/vosgesinfo.fr\/laplainedesvosgesinfo\/?s={search_term_string}\"},\"query-input\":\"required name=search_term_string\"}],\"inLanguage\":\"fr-FR\"},{\"@type\":\"Organization\",\"@id\":\"https:\/\/vosgesinfo.fr\/laplainedesvosgesinfo\/#organization\",\"name\":\"La Plaine des Vosges\",\"url\":\"https:\/\/vosgesinfo.fr\/laplainedesvosgesinfo\/\",\"logo\":{\"@type\":\"ImageObject\",\"inLanguage\":\"fr-FR\",\"@id\":\"https:\/\/vosgesinfo.fr\/laplainedesvosgesinfo\/#\/schema\/logo\/image\/\",\"url\":\"https:\/\/vosgesinfo.fr\/app\/uploads\/sites\/2\/2023\/08\/logo-laplaineinfo.svg\",\"contentUrl\":\"https:\/\/vosgesinfo.fr\/app\/uploads\/sites\/2\/2023\/08\/logo-laplaineinfo.svg\",\"width\":1,\"height\":1,\"caption\":\"La Plaine des Vosges\"},\"image\":{\"@id\":\"https:\/\/vosgesinfo.fr\/laplainedesvosgesinfo\/#\/schema\/logo\/image\/\"},\"sameAs\":[\"https:\/\/www.facebook.com\/laplainedesvosges\",\"https:\/\/x.com\/VosgesInfo88\",\"https:\/\/www.youtube.com\/@vosgesinfo\"]},{\"@type\":\"Person\",\"@id\":\"https:\/\/vosgesinfo.fr\/laplainedesvosgesinfo\/#\/schema\/person\/fa73e9f726d67bb88f46d5b7943cb572\",\"name\":\"J.J.\",\"image\":{\"@type\":\"ImageObject\",\"inLanguage\":\"fr-FR\",\"@id\":\"https:\/\/vosgesinfo.fr\/laplainedesvosgesinfo\/#\/schema\/person\/image\/\",\"url\":\"https:\/\/secure.gravatar.com\/avatar\/219e749e47ffbcca018a360ae4add7d4cdf1cdaaf8bc7676b27efade3fe65615?s=96&d=mm&r=g\",\"contentUrl\":\"https:\/\/secure.gravatar.com\/avatar\/219e749e47ffbcca018a360ae4add7d4cdf1cdaaf8bc7676b27efade3fe65615?s=96&d=mm&r=g\",\"caption\":\"J.J.\"},\"url\":\"https:\/\/vosgesinfo.fr\/laplainedesvosgesinfo\/author\/j-j\/\"}]}<\/script>\n<!-- \/ Yoast SEO plugin. -->","yoast_head_json":{"title":"La Grande Travers\u00e9e : un d\u00e9fi sportif pour une bonne cause - La Plaine des Vosges","robots":{"index":"index","follow":"follow","max-snippet":"max-snippet:-1","max-image-preview":"max-image-preview:large","max-video-preview":"max-video-preview:-1"},"canonical":"https:\/\/vosgesinfo.fr\/laplainedesvosgesinfo\/2025\/04\/la-grande-traversee-un-defi-sportif-pour-une-bonne-cause\/","twitter_card":"summary_large_image","twitter_title":"La Grande Travers\u00e9e : un d\u00e9fi sportif pour une bonne cause - La Plaine des Vosges","twitter_description":"Durant ce printemps 2025, le docteur Ga\u00ebtan Lain\u00e9, neurochirurgien au CHRU de Nancy et originaire de Saint-Di\u00e9-des-Vosges, se lancera dans [&hellip;]","twitter_image":"https:\/\/vosgesinfo.fr\/app\/uploads\/sites\/2\/2025\/04\/la-grande-traversee.jpg","twitter_creator":"@VosgesInfo88","twitter_site":"@VosgesInfo88","twitter_misc":{"\u00c9crit par":"J.J.","Dur\u00e9e de lecture estim\u00e9e":"1 minute"},"schema":{"@context":"https:\/\/schema.org","@graph":[{"@type":"Article","@id":"https:\/\/vosgesinfo.fr\/laplainedesvosgesinfo\/2025\/04\/la-grande-traversee-un-defi-sportif-pour-une-bonne-cause\/#article","isPartOf":{"@id":"https:\/\/vosgesinfo.fr\/laplainedesvosgesinfo\/2025\/04\/la-grande-traversee-un-defi-sportif-pour-une-bonne-cause\/"},"author":{"name":"J.J.","@id":"https:\/\/vosgesinfo.fr\/laplainedesvosgesinfo\/#\/schema\/person\/fa73e9f726d67bb88f46d5b7943cb572"},"headline":"La Grande Travers\u00e9e : un d\u00e9fi sportif pour une bonne cause","datePublished":"2025-04-14T11:57:12+00:00","dateModified":"2025-04-14T11:57:12+00:00","mainEntityOfPage":{"@id":"https:\/\/vosgesinfo.fr\/laplainedesvosgesinfo\/2025\/04\/la-grande-traversee-un-defi-sportif-pour-une-bonne-cause\/"},"wordCount":145,"commentCount":0,"publisher":{"@id":"https:\/\/vosgesinfo.fr\/laplainedesvosgesinfo\/#organization"},"image":{"@id":"https:\/\/vosgesinfo.fr\/laplainedesvosgesinfo\/2025\/04\/la-grande-traversee-un-defi-sportif-pour-une-bonne-cause\/#primaryimage"},"thumbnailUrl":"https:\/\/vosgesinfo.fr\/app\/uploads\/sites\/2\/2025\/04\/la-grande-traversee.jpg","keywords":["Association T\u00eate en l'Air","Ga\u00ebtan Lain\u00e9","La Grande Travers\u00e9e","Travers\u00e9e des Vosges"],"articleSection":["A la Une","Epinal","G\u00e9rardmer","La plaine des vosges","Remiremont","Solidarit\u00e9","Sport","Vosges"],"inLanguage":"fr-FR","potentialAction":[{"@type":"CommentAction","name":"Comment","target":["https:\/\/vosgesinfo.fr\/laplainedesvosgesinfo\/2025\/04\/la-grande-traversee-un-defi-sportif-pour-une-bonne-cause\/#respond"]}]},{"@type":"WebPage","@id":"https:\/\/vosgesinfo.fr\/laplainedesvosgesinfo\/2025\/04\/la-grande-traversee-un-defi-sportif-pour-une-bonne-cause\/","url":"https:\/\/vosgesinfo.fr\/laplainedesvosgesinfo\/2025\/04\/la-grande-traversee-un-defi-sportif-pour-une-bonne-cause\/","name":"La Grande Travers\u00e9e : un d\u00e9fi sportif pour une bonne cause - La Plaine des Vosges","isPartOf":{"@id":"https:\/\/vosgesinfo.fr\/laplainedesvosgesinfo\/#website"},"primaryImageOfPage":{"@id":"https:\/\/vosgesinfo.fr\/laplainedesvosgesinfo\/2025\/04\/la-grande-traversee-un-defi-sportif-pour-une-bonne-cause\/#primaryimage"},"image":{"@id":"https:\/\/vosgesinfo.fr\/laplainedesvosgesinfo\/2025\/04\/la-grande-traversee-un-defi-sportif-pour-une-bonne-cause\/#primaryimage"},"thumbnailUrl":"https:\/\/vosgesinfo.fr\/app\/uploads\/sites\/2\/2025\/04\/la-grande-traversee.jpg","datePublished":"2025-04-14T11:57:12+00:00","dateModified":"2025-04-14T11:57:12+00:00","breadcrumb":{"@id":"https:\/\/vosgesinfo.fr\/laplainedesvosgesinfo\/2025\/04\/la-grande-traversee-un-defi-sportif-pour-une-bonne-cause\/#breadcrumb"},"inLanguage":"fr-FR","potentialAction":[{"@type":"ReadAction","target":["https:\/\/vosgesinfo.fr\/laplainedesvosgesinfo\/2025\/04\/la-grande-traversee-un-defi-sportif-pour-une-bonne-cause\/"]}]},{"@type":"ImageObject","inLanguage":"fr-FR","@id":"https:\/\/vosgesinfo.fr\/laplainedesvosgesinfo\/2025\/04\/la-grande-traversee-un-defi-sportif-pour-une-bonne-cause\/#primaryimage","url":"https:\/\/vosgesinfo.fr\/app\/uploads\/sites\/2\/2025\/04\/la-grande-traversee.jpg","contentUrl":"https:\/\/vosgesinfo.fr\/app\/uploads\/sites\/2\/2025\/04\/la-grande-traversee.jpg","width":2048,"height":2048},{"@type":"BreadcrumbList","@id":"https:\/\/vosgesinfo.fr\/laplainedesvosgesinfo\/2025\/04\/la-grande-traversee-un-defi-sportif-pour-une-bonne-cause\/#breadcrumb","itemListElement":[{"@type":"ListItem","position":1,"name":"Home","item":"https:\/\/vosgesinfo.fr\/laplainedesvosgesinfo\/"},{"@type":"ListItem","position":2,"name":"La Grande Travers\u00e9e : un d\u00e9fi sportif pour une bonne cause"}]},{"@type":"WebSite","@id":"https:\/\/vosgesinfo.fr\/laplainedesvosgesinfo\/#website","url":"https:\/\/vosgesinfo.fr\/laplainedesvosgesinfo\/","name":"La Plaine des Vosges","description":"Toute l&#039;actualit\u00e9 de la plaine de Vosges","publisher":{"@id":"https:\/\/vosgesinfo.fr\/laplainedesvosgesinfo\/#organization"},"alternateName":"Toute l'actualit\u00e9 de la plaine des Vosges","potentialAction":[{"@type":"SearchAction","target":{"@type":"EntryPoint","urlTemplate":"https:\/\/vosgesinfo.fr\/laplainedesvosgesinfo\/?s={search_term_string}"},"query-input":"required name=search_term_string"}],"inLanguage":"fr-FR"},{"@type":"Organization","@id":"https:\/\/vosgesinfo.fr\/laplainedesvosgesinfo\/#organization","name":"La Plaine des Vosges","url":"https:\/\/vosgesinfo.fr\/laplainedesvosgesinfo\/","logo":{"@type":"ImageObject","inLanguage":"fr-FR","@id":"https:\/\/vosgesinfo.fr\/laplainedesvosgesinfo\/#\/schema\/logo\/image\/","url":"https:\/\/vosgesinfo.fr\/app\/uploads\/sites\/2\/2023\/08\/logo-laplaineinfo.svg","contentUrl":"https:\/\/vosgesinfo.fr\/app\/uploads\/sites\/2\/2023\/08\/logo-laplaineinfo.svg","width":1,"height":1,"caption":"La Plaine des Vosges"},"image":{"@id":"https:\/\/vosgesinfo.fr\/laplainedesvosgesinfo\/#\/schema\/logo\/image\/"},"sameAs":["https:\/\/www.facebook.com\/laplainedesvosges","https:\/\/x.com\/VosgesInfo88","https:\/\/www.youtube.com\/@vosgesinfo"]},{"@type":"Person","@id":"https:\/\/vosgesinfo.fr\/laplainedesvosgesinfo\/#\/schema\/person\/fa73e9f726d67bb88f46d5b7943cb572","name":"J.J.","image":{"@type":"ImageObject","inLanguage":"fr-FR","@id":"https:\/\/vosgesinfo.fr\/laplainedesvosgesinfo\/#\/schema\/person\/image\/","url":"https:\/\/secure.gravatar.com\/avatar\/219e749e47ffbcca018a360ae4add7d4cdf1cdaaf8bc7676b27efade3fe65615?s=96&d=mm&r=g","contentUrl":"https:\/\/secure.gravatar.com\/avatar\/219e749e47ffbcca018a360ae4add7d4cdf1cdaaf8bc7676b27efade3fe65615?s=96&d=mm&r=g","caption":"J.J."},"url":"https:\/\/vosgesinfo.fr\/laplainedesvosgesinfo\/author\/j-j\/"}]}},"_links":{"self":[{"href":"https:\/\/vosgesinfo.fr\/laplainedesvosgesinfo\/wp-json\/wp\/v2\/posts\/29640","targetHints":{"allow":["GET"]}}],"collection":[{"href":"https:\/\/vosgesinfo.fr\/laplainedesvosgesinfo\/wp-json\/wp\/v2\/posts"}],"about":[{"href":"https:\/\/vosgesinfo.fr\/laplainedesvosgesinfo\/wp-json\/wp\/v2\/types\/post"}],"author":[{"embeddable":true,"href":"https:\/\/vosgesinfo.fr\/laplainedesvosgesinfo\/wp-json\/wp\/v2\/users\/46"}],"replies":[{"embeddable":true,"href":"https:\/\/vosgesinfo.fr\/laplainedesvosgesinfo\/wp-json\/wp\/v2\/comments?post=29640"}],"version-history":[{"count":0,"href":"https:\/\/vosgesinfo.fr\/laplainedesvosgesinfo\/wp-json\/wp\/v2\/posts\/29640\/revisions"}],"wp:featuredmedia":[{"embeddable":true,"href":"https:\/\/vosgesinfo.fr\/laplainedesvosgesinfo\/wp-json\/wp\/v2\/media\/29641"}],"wp:attachment":[{"href":"https:\/\/vosgesinfo.fr\/laplainedesvosgesinfo\/wp-json\/wp\/v2\/media?parent=29640"}],"wp:term":[{"taxonomy":"category","embeddable":true,"href":"https:\/\/vosgesinfo.fr\/laplainedesvosgesinfo\/wp-json\/wp\/v2\/categories?post=29640"},{"taxonomy":"post_tag","embeddable":true,"href":"https:\/\/vosgesinfo.fr\/laplainedesvosgesinfo\/wp-json\/wp\/v2\/tags?post=29640"}],"curies":[{"name":"wp","href":"https:\/\/api.w.org\/{rel}","templated":true}]}}