{"id":29670,"date":"2025-04-16T15:53:55","date_gmt":"2025-04-16T13:53:55","guid":{"rendered":"https:\/\/vosgesinfo.fr\/laplainedesvosgesinfo\/?p=29670"},"modified":"2025-04-16T15:53:55","modified_gmt":"2025-04-16T13:53:55","slug":"exposition-unique-consacree-aux-sites-funeraires-inscrits-a-lunesco-a-saint-die-des-vosges","status":"publish","type":"post","link":"https:\/\/vosgesinfo.fr\/laplainedesvosgesinfo\/2025\/04\/exposition-unique-consacree-aux-sites-funeraires-inscrits-a-lunesco-a-saint-die-des-vosges\/","title":{"rendered":"Exposition unique consacr\u00e9e aux sites fun\u00e9raires, inscrits \u00e0 l&rsquo;Unesco, \u00e0 Saint-Di\u00e9-Des-Vosges"},"content":{"rendered":"<div>\n<div id=\"attachment_76886\" style=\"width: 1034px\" class=\"wp-caption alignnone\"><a href=\"https:\/\/vosgesinfo.fr\/app\/uploads\/sites\/4\/2025\/04\/necropole-des-tiges-photo-premium211.jpg\"><img decoding=\"async\" aria-describedby=\"caption-attachment-76886\" class=\"size-large wp-image-76886\" src=\"https:\/\/vosgesinfo.fr\/app\/uploads\/sites\/4\/2025\/04\/necropole-des-tiges-photo-premium211-1024x684.jpg\" alt=\"\" width=\"1024\" height=\"684\" \/><\/a><p id=\"caption-attachment-76886\" class=\"wp-caption-text\">(Photographie Destination Vosges Porte d&rsquo;Alsace)<\/p><\/div>\n<\/div>\n<h2><b>D\u00e9couvrez une exposition unique consacr\u00e9e aux sites fun\u00e9raires inscrits \u00e0 l\u2019UNESCO de la r\u00e9gion Grand Est. \u00c0 travers une trentaine de panneaux, plongez au c\u0153ur de l\u2019histoire et du patrimoine de la Premi\u00e8re Guerre mondiale. <\/b><b>Des lectures sonores de lettres de poilus seront diffus\u00e9es tout au long de l&rsquo;exposition en audiolib.<\/b><\/h2>\n<p><!--more--><b><\/b><\/p>\n<div><span id=\"m_1457299460623159353h1\"><u>Exposition &#8211; Sites fun\u00e9raires et m\u00e9moriels 14-18 inscrits au Patrimoine Mondial de l&rsquo;Humanit\u00e9 <\/u><\/span><br \/>\nLieux de l&rsquo;exposition : La Boussole &#8211; Galerie du Voyageur<br \/>\n2, Place Jules Ferry<br \/>\n88100 SAINT DIE DES VOSGES<\/div>\n<div><a href=\"https:\/\/www.vosges-portes-alsace.fr\/fiches\/940011257-exposition-les-forets-du-grand-est-a-lepreuve-du-changement-climatique\/\" target=\"_blank\" rel=\"noopener\" data-saferedirecturl=\"https:\/\/www.google.com\/url?q=https:\/\/www.vosges-portes-alsace.fr\/fiches\/940011257-exposition-les-forets-du-grand-est-a-lepreuve-du-changement-climatique\/&amp;source=gmail&amp;ust=1744893589369000&amp;usg=AOvVaw2MYQTJxRpSi8b63bwNpiHh\">https:\/\/www.vosges-portes-<wbr \/>alsace.fr\/fiches\/940011257-<wbr \/>exposition-les-forets-du-<wbr \/>grand-est-a-lepreuve-du-<wbr \/>changement-climatique\/<\/a><\/div>\n<div><b>\u00a0<\/b><\/div>\n<h3><b>Les autres animations en lien avec cette exposition : <\/b><\/h3>\n<p><strong>Le jeudi 17 avril :<\/strong><\/p>\n<div><a href=\"https:\/\/www.vosges-portes-alsace.fr\/fiches\/940011693-atelier-de-confection-nenette-et-rintintin\/\" target=\"_blank\" rel=\"noopener\" data-saferedirecturl=\"https:\/\/www.google.com\/url?q=https:\/\/www.vosges-portes-alsace.fr\/fiches\/940011693-atelier-de-confection-nenette-et-rintintin\/&amp;source=gmail&amp;ust=1744893589369000&amp;usg=AOvVaw2u3Nx5IhrJfDTB2J6sJWC9\">Atelier de confection nenette et rintintin<\/a><\/div>\n<div><a href=\"https:\/\/www.vosges-portes-alsace.fr\/fiches\/940011693-atelier-de-confection-nenette-et-rintintin\/\" target=\"_blank\" rel=\"noopener\" data-saferedirecturl=\"https:\/\/www.google.com\/url?q=https:\/\/www.vosges-portes-alsace.fr\/fiches\/940011693-atelier-de-confection-nenette-et-rintintin\/&amp;source=gmail&amp;ust=1744893589369000&amp;usg=AOvVaw2u3Nx5IhrJfDTB2J6sJWC9\">https:\/\/www.vosges-portes-<wbr \/>alsace.fr\/fiches\/940011693-<wbr \/>atelier-de-confection-nenette-<wbr \/>et-rintintin\/<\/a><\/div>\n<div><\/div>\n<h3><strong>Le samedi 26 avril \u00e0 10h :<\/strong><\/h3>\n<div><u>Visite guid\u00e9e gratuite de la N\u00e9cropole des Tiges <\/u><\/div>\n<div>R\u00e9cemment inscrite au patrimoine mondial de l&rsquo;humanit\u00e9, cette n\u00e9cropole militaire nous raconte l&rsquo;histoire de la D\u00e9odatie \u00e0 travers la Premi\u00e8re guerre mondiale. De la bataille de Saint-Di\u00e9 \u00e0 la guerre des tranch\u00e9es, au front comme \u00e0 l&rsquo;arri\u00e8re, les pertes ont \u00e9t\u00e9 lourdes dans le secteur, et notamment pour les Chasseurs Alpins, troupes de montagne, particuli\u00e8rement mis \u00e0 l&rsquo;honneur.<\/div>\n<div>Territoire invit\u00e9 du FIG 2024, les Alpes ont d\u00e9j\u00e0 leur place dans la M\u00e9moire locale.<br \/>\nLa visite d\u00e9bute au c\u0153ur de la ville par le monument aux morts et le belv\u00e9d\u00e8re de la Tour de la Libert\u00e9 pour une vue strat\u00e9gique sur la topographie des lieux, avant de se rendre au cimeti\u00e8re militaire.<br \/>\nSur r\u00e9servation obligatoire \u00e0 l\u2019Office de Tourisme la veille de la sortie dernier d\u00e9lai. Les visites seront gratuites en avril, dans le cadre de l&rsquo;exposition sur les n\u00e9cropoles pr\u00e9sente \u00e0 la Boussole.<\/div>\n<div><a href=\"https:\/\/www.vosges-portes-alsace.fr\/fiches\/940011498-necropole-nationale-des-tiges\/\" target=\"_blank\" rel=\"noopener\" data-saferedirecturl=\"https:\/\/www.google.com\/url?q=https:\/\/www.vosges-portes-alsace.fr\/fiches\/940011498-necropole-nationale-des-tiges\/&amp;source=gmail&amp;ust=1744893589369000&amp;usg=AOvVaw2u0hW921RCMBq61AolYpMh\">https:\/\/www.vosges-portes-<wbr \/>alsace.fr\/fiches\/940011498-<wbr \/>necropole-nationale-des-tiges\/<\/a><\/div>\n<div><\/div>\n<h3><strong>Le mercredi 23 avril :<\/strong><\/h3>\n<div><a href=\"https:\/\/www.vosges-portes-alsace.fr\/fiches\/940011564-conference-oiseaux-des-vosges-et-changements-global\/\" target=\"_blank\" rel=\"noopener\" data-saferedirecturl=\"https:\/\/www.google.com\/url?q=https:\/\/www.vosges-portes-alsace.fr\/fiches\/940011564-conference-oiseaux-des-vosges-et-changements-global\/&amp;source=gmail&amp;ust=1744893589369000&amp;usg=AOvVaw15EN1GWUVdfIML4hJytxNc\">Conf\u00e9rence et d\u00e9dicace &#8211; Plaidoyer pour un homme universel aux morts de la Grande Guerre<\/a><\/div>\n<div><\/div>\n<div><a href=\"https:\/\/www.vosges-portes-alsace.fr\/fiches\/940011564-conference-oiseaux-des-vosges-et-changements-global\/\" target=\"_blank\" rel=\"noopener\" data-saferedirecturl=\"https:\/\/www.google.com\/url?q=https:\/\/www.vosges-portes-alsace.fr\/fiches\/940011564-conference-oiseaux-des-vosges-et-changements-global\/&amp;source=gmail&amp;ust=1744893589369000&amp;usg=AOvVaw15EN1GWUVdfIML4hJytxNc\">https:\/\/www.vosges-portes-<wbr \/>alsace.fr\/fiches\/940011564-<wbr \/>conference-oiseaux-des-vosges-<wbr \/>et-changements-global\/<\/a><\/div>\n<div><a href=\"https:\/\/vosgesinfo.fr\/app\/uploads\/sites\/4\/2025\/04\/affiche-expo-hwk-page-001-scaled.jpg\"><img decoding=\"async\" class=\"alignnone size-large wp-image-76885\" src=\"https:\/\/vosgesinfo.fr\/app\/uploads\/sites\/4\/2025\/04\/affiche-expo-hwk-page-001-724x1024.jpg\" alt=\"\" width=\"724\" height=\"1024\" \/><\/a><\/div>\n","protected":false},"excerpt":{"rendered":"<p>D\u00e9couvrez une exposition unique consacr\u00e9e aux sites fun\u00e9raires inscrits \u00e0 l\u2019UNESCO de la r\u00e9gion Grand Est. \u00c0 travers une trentaine [&hellip;]<\/p>\n","protected":false},"author":46,"featured_media":29671,"comment_status":"open","ping_status":"open","sticky":false,"template":"","format":"standard","meta":{"footnotes":""},"categories":[29,4,383,294,380,114,381,393],"tags":[8380,8381,8382,8383,1671],"class_list":["post-29670","post","type-post","status-publish","format-standard","has-post-thumbnail","hentry","category-a-la-une","category-culture","category-epinal","category-gerardmer","category-la-plaine-des-vosges","category-publireportage","category-remiremont","category-saint-die-des-vosges","tag-destination-vosges-porte-dalsace","tag-necropole-nationale-des-tiges","tag-patrimoine-mondial-de-lunesco","tag-premiere-guerre-mondiale","tag-unesco"],"acf":[],"yoast_head":"<!-- This site is optimized with the Yoast SEO plugin v22.5 - https:\/\/yoast.com\/wordpress\/plugins\/seo\/ -->\n<title>Exposition unique consacr\u00e9e aux sites fun\u00e9raires, inscrits \u00e0 l&#039;Unesco, \u00e0 Saint-Di\u00e9-Des-Vosges - La Plaine des Vosges<\/title>\n<meta name=\"robots\" content=\"index, follow, max-snippet:-1, max-image-preview:large, max-video-preview:-1\" \/>\n<link rel=\"canonical\" href=\"https:\/\/vosgesinfo.fr\/laplainedesvosgesinfo\/2025\/04\/exposition-unique-consacree-aux-sites-funeraires-inscrits-a-lunesco-a-saint-die-des-vosges\/\" \/>\n<meta name=\"twitter:card\" content=\"summary_large_image\" \/>\n<meta name=\"twitter:title\" content=\"Exposition unique consacr\u00e9e aux sites fun\u00e9raires, inscrits \u00e0 l&#039;Unesco, \u00e0 Saint-Di\u00e9-Des-Vosges - La Plaine des Vosges\" \/>\n<meta name=\"twitter:description\" content=\"D\u00e9couvrez une exposition unique consacr\u00e9e aux sites fun\u00e9raires inscrits \u00e0 l\u2019UNESCO de la r\u00e9gion Grand Est. \u00c0 travers une trentaine [&hellip;]\" \/>\n<meta name=\"twitter:image\" content=\"https:\/\/vosgesinfo.fr\/app\/uploads\/sites\/2\/2025\/04\/necropole-des-tiges-photo-premium211.jpg\" \/>\n<meta name=\"twitter:creator\" content=\"@VosgesInfo88\" \/>\n<meta name=\"twitter:site\" content=\"@VosgesInfo88\" \/>\n<meta name=\"twitter:label1\" content=\"\u00c9crit par\" \/>\n\t<meta name=\"twitter:data1\" content=\"J.J.\" \/>\n\t<meta name=\"twitter:label2\" content=\"Dur\u00e9e de lecture estim\u00e9e\" \/>\n\t<meta name=\"twitter:data2\" content=\"2 minutes\" \/>\n<script type=\"application\/ld+json\" class=\"yoast-schema-graph\">{\"@context\":\"https:\/\/schema.org\",\"@graph\":[{\"@type\":\"Article\",\"@id\":\"https:\/\/vosgesinfo.fr\/laplainedesvosgesinfo\/2025\/04\/exposition-unique-consacree-aux-sites-funeraires-inscrits-a-lunesco-a-saint-die-des-vosges\/#article\",\"isPartOf\":{\"@id\":\"https:\/\/vosgesinfo.fr\/laplainedesvosgesinfo\/2025\/04\/exposition-unique-consacree-aux-sites-funeraires-inscrits-a-lunesco-a-saint-die-des-vosges\/\"},\"author\":{\"name\":\"J.J.\",\"@id\":\"https:\/\/vosgesinfo.fr\/laplainedesvosgesinfo\/#\/schema\/person\/fa73e9f726d67bb88f46d5b7943cb572\"},\"headline\":\"Exposition unique consacr\u00e9e aux sites fun\u00e9raires, inscrits \u00e0 l&rsquo;Unesco, \u00e0 Saint-Di\u00e9-Des-Vosges\",\"datePublished\":\"2025-04-16T13:53:55+00:00\",\"dateModified\":\"2025-04-16T13:53:55+00:00\",\"mainEntityOfPage\":{\"@id\":\"https:\/\/vosgesinfo.fr\/laplainedesvosgesinfo\/2025\/04\/exposition-unique-consacree-aux-sites-funeraires-inscrits-a-lunesco-a-saint-die-des-vosges\/\"},\"wordCount\":354,\"commentCount\":0,\"publisher\":{\"@id\":\"https:\/\/vosgesinfo.fr\/laplainedesvosgesinfo\/#organization\"},\"image\":{\"@id\":\"https:\/\/vosgesinfo.fr\/laplainedesvosgesinfo\/2025\/04\/exposition-unique-consacree-aux-sites-funeraires-inscrits-a-lunesco-a-saint-die-des-vosges\/#primaryimage\"},\"thumbnailUrl\":\"https:\/\/vosgesinfo.fr\/app\/uploads\/sites\/2\/2025\/04\/necropole-des-tiges-photo-premium211.jpg\",\"keywords\":[\"Destination Vosges Porte d'Alsace\",\"N\u00e9cropole nationale des Tiges\",\"Patrimoine mondial de l'Unesco\",\"Premi\u00e8re Guerre mondiale\",\"UNESCO\"],\"articleSection\":[\"A la Une\",\"Culture\",\"Epinal\",\"G\u00e9rardmer\",\"La plaine des vosges\",\"Publireportage\",\"Remiremont\",\"Saint-Di\u00e9-des-Vosges\"],\"inLanguage\":\"fr-FR\",\"potentialAction\":[{\"@type\":\"CommentAction\",\"name\":\"Comment\",\"target\":[\"https:\/\/vosgesinfo.fr\/laplainedesvosgesinfo\/2025\/04\/exposition-unique-consacree-aux-sites-funeraires-inscrits-a-lunesco-a-saint-die-des-vosges\/#respond\"]}]},{\"@type\":\"WebPage\",\"@id\":\"https:\/\/vosgesinfo.fr\/laplainedesvosgesinfo\/2025\/04\/exposition-unique-consacree-aux-sites-funeraires-inscrits-a-lunesco-a-saint-die-des-vosges\/\",\"url\":\"https:\/\/vosgesinfo.fr\/laplainedesvosgesinfo\/2025\/04\/exposition-unique-consacree-aux-sites-funeraires-inscrits-a-lunesco-a-saint-die-des-vosges\/\",\"name\":\"Exposition unique consacr\u00e9e aux sites fun\u00e9raires, inscrits \u00e0 l'Unesco, \u00e0 Saint-Di\u00e9-Des-Vosges - La Plaine des Vosges\",\"isPartOf\":{\"@id\":\"https:\/\/vosgesinfo.fr\/laplainedesvosgesinfo\/#website\"},\"primaryImageOfPage\":{\"@id\":\"https:\/\/vosgesinfo.fr\/laplainedesvosgesinfo\/2025\/04\/exposition-unique-consacree-aux-sites-funeraires-inscrits-a-lunesco-a-saint-die-des-vosges\/#primaryimage\"},\"image\":{\"@id\":\"https:\/\/vosgesinfo.fr\/laplainedesvosgesinfo\/2025\/04\/exposition-unique-consacree-aux-sites-funeraires-inscrits-a-lunesco-a-saint-die-des-vosges\/#primaryimage\"},\"thumbnailUrl\":\"https:\/\/vosgesinfo.fr\/app\/uploads\/sites\/2\/2025\/04\/necropole-des-tiges-photo-premium211.jpg\",\"datePublished\":\"2025-04-16T13:53:55+00:00\",\"dateModified\":\"2025-04-16T13:53:55+00:00\",\"breadcrumb\":{\"@id\":\"https:\/\/vosgesinfo.fr\/laplainedesvosgesinfo\/2025\/04\/exposition-unique-consacree-aux-sites-funeraires-inscrits-a-lunesco-a-saint-die-des-vosges\/#breadcrumb\"},\"inLanguage\":\"fr-FR\",\"potentialAction\":[{\"@type\":\"ReadAction\",\"target\":[\"https:\/\/vosgesinfo.fr\/laplainedesvosgesinfo\/2025\/04\/exposition-unique-consacree-aux-sites-funeraires-inscrits-a-lunesco-a-saint-die-des-vosges\/\"]}]},{\"@type\":\"ImageObject\",\"inLanguage\":\"fr-FR\",\"@id\":\"https:\/\/vosgesinfo.fr\/laplainedesvosgesinfo\/2025\/04\/exposition-unique-consacree-aux-sites-funeraires-inscrits-a-lunesco-a-saint-die-des-vosges\/#primaryimage\",\"url\":\"https:\/\/vosgesinfo.fr\/app\/uploads\/sites\/2\/2025\/04\/necropole-des-tiges-photo-premium211.jpg\",\"contentUrl\":\"https:\/\/vosgesinfo.fr\/app\/uploads\/sites\/2\/2025\/04\/necropole-des-tiges-photo-premium211.jpg\",\"width\":1836,\"height\":1226},{\"@type\":\"BreadcrumbList\",\"@id\":\"https:\/\/vosgesinfo.fr\/laplainedesvosgesinfo\/2025\/04\/exposition-unique-consacree-aux-sites-funeraires-inscrits-a-lunesco-a-saint-die-des-vosges\/#breadcrumb\",\"itemListElement\":[{\"@type\":\"ListItem\",\"position\":1,\"name\":\"Home\",\"item\":\"https:\/\/vosgesinfo.fr\/laplainedesvosgesinfo\/\"},{\"@type\":\"ListItem\",\"position\":2,\"name\":\"Exposition unique consacr\u00e9e aux sites fun\u00e9raires, inscrits \u00e0 l&rsquo;Unesco, \u00e0 Saint-Di\u00e9-Des-Vosges\"}]},{\"@type\":\"WebSite\",\"@id\":\"https:\/\/vosgesinfo.fr\/laplainedesvosgesinfo\/#website\",\"url\":\"https:\/\/vosgesinfo.fr\/laplainedesvosgesinfo\/\",\"name\":\"La Plaine des Vosges\",\"description\":\"Toute l&#039;actualit\u00e9 de la plaine de Vosges\",\"publisher\":{\"@id\":\"https:\/\/vosgesinfo.fr\/laplainedesvosgesinfo\/#organization\"},\"alternateName\":\"Toute l'actualit\u00e9 de la plaine des Vosges\",\"potentialAction\":[{\"@type\":\"SearchAction\",\"target\":{\"@type\":\"EntryPoint\",\"urlTemplate\":\"https:\/\/vosgesinfo.fr\/laplainedesvosgesinfo\/?s={search_term_string}\"},\"query-input\":\"required name=search_term_string\"}],\"inLanguage\":\"fr-FR\"},{\"@type\":\"Organization\",\"@id\":\"https:\/\/vosgesinfo.fr\/laplainedesvosgesinfo\/#organization\",\"name\":\"La Plaine des Vosges\",\"url\":\"https:\/\/vosgesinfo.fr\/laplainedesvosgesinfo\/\",\"logo\":{\"@type\":\"ImageObject\",\"inLanguage\":\"fr-FR\",\"@id\":\"https:\/\/vosgesinfo.fr\/laplainedesvosgesinfo\/#\/schema\/logo\/image\/\",\"url\":\"https:\/\/vosgesinfo.fr\/app\/uploads\/sites\/2\/2023\/08\/logo-laplaineinfo.svg\",\"contentUrl\":\"https:\/\/vosgesinfo.fr\/app\/uploads\/sites\/2\/2023\/08\/logo-laplaineinfo.svg\",\"width\":1,\"height\":1,\"caption\":\"La Plaine des Vosges\"},\"image\":{\"@id\":\"https:\/\/vosgesinfo.fr\/laplainedesvosgesinfo\/#\/schema\/logo\/image\/\"},\"sameAs\":[\"https:\/\/www.facebook.com\/laplainedesvosges\",\"https:\/\/x.com\/VosgesInfo88\",\"https:\/\/www.youtube.com\/@vosgesinfo\"]},{\"@type\":\"Person\",\"@id\":\"https:\/\/vosgesinfo.fr\/laplainedesvosgesinfo\/#\/schema\/person\/fa73e9f726d67bb88f46d5b7943cb572\",\"name\":\"J.J.\",\"image\":{\"@type\":\"ImageObject\",\"inLanguage\":\"fr-FR\",\"@id\":\"https:\/\/vosgesinfo.fr\/laplainedesvosgesinfo\/#\/schema\/person\/image\/\",\"url\":\"https:\/\/secure.gravatar.com\/avatar\/219e749e47ffbcca018a360ae4add7d4cdf1cdaaf8bc7676b27efade3fe65615?s=96&d=mm&r=g\",\"contentUrl\":\"https:\/\/secure.gravatar.com\/avatar\/219e749e47ffbcca018a360ae4add7d4cdf1cdaaf8bc7676b27efade3fe65615?s=96&d=mm&r=g\",\"caption\":\"J.J.\"},\"url\":\"https:\/\/vosgesinfo.fr\/laplainedesvosgesinfo\/author\/j-j\/\"}]}<\/script>\n<!-- \/ Yoast SEO plugin. -->","yoast_head_json":{"title":"Exposition unique consacr\u00e9e aux sites fun\u00e9raires, inscrits \u00e0 l'Unesco, \u00e0 Saint-Di\u00e9-Des-Vosges - La Plaine des Vosges","robots":{"index":"index","follow":"follow","max-snippet":"max-snippet:-1","max-image-preview":"max-image-preview:large","max-video-preview":"max-video-preview:-1"},"canonical":"https:\/\/vosgesinfo.fr\/laplainedesvosgesinfo\/2025\/04\/exposition-unique-consacree-aux-sites-funeraires-inscrits-a-lunesco-a-saint-die-des-vosges\/","twitter_card":"summary_large_image","twitter_title":"Exposition unique consacr\u00e9e aux sites fun\u00e9raires, inscrits \u00e0 l'Unesco, \u00e0 Saint-Di\u00e9-Des-Vosges - La Plaine des Vosges","twitter_description":"D\u00e9couvrez une exposition unique consacr\u00e9e aux sites fun\u00e9raires inscrits \u00e0 l\u2019UNESCO de la r\u00e9gion Grand Est. \u00c0 travers une trentaine [&hellip;]","twitter_image":"https:\/\/vosgesinfo.fr\/app\/uploads\/sites\/2\/2025\/04\/necropole-des-tiges-photo-premium211.jpg","twitter_creator":"@VosgesInfo88","twitter_site":"@VosgesInfo88","twitter_misc":{"\u00c9crit par":"J.J.","Dur\u00e9e de lecture estim\u00e9e":"2 minutes"},"schema":{"@context":"https:\/\/schema.org","@graph":[{"@type":"Article","@id":"https:\/\/vosgesinfo.fr\/laplainedesvosgesinfo\/2025\/04\/exposition-unique-consacree-aux-sites-funeraires-inscrits-a-lunesco-a-saint-die-des-vosges\/#article","isPartOf":{"@id":"https:\/\/vosgesinfo.fr\/laplainedesvosgesinfo\/2025\/04\/exposition-unique-consacree-aux-sites-funeraires-inscrits-a-lunesco-a-saint-die-des-vosges\/"},"author":{"name":"J.J.","@id":"https:\/\/vosgesinfo.fr\/laplainedesvosgesinfo\/#\/schema\/person\/fa73e9f726d67bb88f46d5b7943cb572"},"headline":"Exposition unique consacr\u00e9e aux sites fun\u00e9raires, inscrits \u00e0 l&rsquo;Unesco, \u00e0 Saint-Di\u00e9-Des-Vosges","datePublished":"2025-04-16T13:53:55+00:00","dateModified":"2025-04-16T13:53:55+00:00","mainEntityOfPage":{"@id":"https:\/\/vosgesinfo.fr\/laplainedesvosgesinfo\/2025\/04\/exposition-unique-consacree-aux-sites-funeraires-inscrits-a-lunesco-a-saint-die-des-vosges\/"},"wordCount":354,"commentCount":0,"publisher":{"@id":"https:\/\/vosgesinfo.fr\/laplainedesvosgesinfo\/#organization"},"image":{"@id":"https:\/\/vosgesinfo.fr\/laplainedesvosgesinfo\/2025\/04\/exposition-unique-consacree-aux-sites-funeraires-inscrits-a-lunesco-a-saint-die-des-vosges\/#primaryimage"},"thumbnailUrl":"https:\/\/vosgesinfo.fr\/app\/uploads\/sites\/2\/2025\/04\/necropole-des-tiges-photo-premium211.jpg","keywords":["Destination Vosges Porte d'Alsace","N\u00e9cropole nationale des Tiges","Patrimoine mondial de l'Unesco","Premi\u00e8re Guerre mondiale","UNESCO"],"articleSection":["A la Une","Culture","Epinal","G\u00e9rardmer","La plaine des vosges","Publireportage","Remiremont","Saint-Di\u00e9-des-Vosges"],"inLanguage":"fr-FR","potentialAction":[{"@type":"CommentAction","name":"Comment","target":["https:\/\/vosgesinfo.fr\/laplainedesvosgesinfo\/2025\/04\/exposition-unique-consacree-aux-sites-funeraires-inscrits-a-lunesco-a-saint-die-des-vosges\/#respond"]}]},{"@type":"WebPage","@id":"https:\/\/vosgesinfo.fr\/laplainedesvosgesinfo\/2025\/04\/exposition-unique-consacree-aux-sites-funeraires-inscrits-a-lunesco-a-saint-die-des-vosges\/","url":"https:\/\/vosgesinfo.fr\/laplainedesvosgesinfo\/2025\/04\/exposition-unique-consacree-aux-sites-funeraires-inscrits-a-lunesco-a-saint-die-des-vosges\/","name":"Exposition unique consacr\u00e9e aux sites fun\u00e9raires, inscrits \u00e0 l'Unesco, \u00e0 Saint-Di\u00e9-Des-Vosges - La Plaine des Vosges","isPartOf":{"@id":"https:\/\/vosgesinfo.fr\/laplainedesvosgesinfo\/#website"},"primaryImageOfPage":{"@id":"https:\/\/vosgesinfo.fr\/laplainedesvosgesinfo\/2025\/04\/exposition-unique-consacree-aux-sites-funeraires-inscrits-a-lunesco-a-saint-die-des-vosges\/#primaryimage"},"image":{"@id":"https:\/\/vosgesinfo.fr\/laplainedesvosgesinfo\/2025\/04\/exposition-unique-consacree-aux-sites-funeraires-inscrits-a-lunesco-a-saint-die-des-vosges\/#primaryimage"},"thumbnailUrl":"https:\/\/vosgesinfo.fr\/app\/uploads\/sites\/2\/2025\/04\/necropole-des-tiges-photo-premium211.jpg","datePublished":"2025-04-16T13:53:55+00:00","dateModified":"2025-04-16T13:53:55+00:00","breadcrumb":{"@id":"https:\/\/vosgesinfo.fr\/laplainedesvosgesinfo\/2025\/04\/exposition-unique-consacree-aux-sites-funeraires-inscrits-a-lunesco-a-saint-die-des-vosges\/#breadcrumb"},"inLanguage":"fr-FR","potentialAction":[{"@type":"ReadAction","target":["https:\/\/vosgesinfo.fr\/laplainedesvosgesinfo\/2025\/04\/exposition-unique-consacree-aux-sites-funeraires-inscrits-a-lunesco-a-saint-die-des-vosges\/"]}]},{"@type":"ImageObject","inLanguage":"fr-FR","@id":"https:\/\/vosgesinfo.fr\/laplainedesvosgesinfo\/2025\/04\/exposition-unique-consacree-aux-sites-funeraires-inscrits-a-lunesco-a-saint-die-des-vosges\/#primaryimage","url":"https:\/\/vosgesinfo.fr\/app\/uploads\/sites\/2\/2025\/04\/necropole-des-tiges-photo-premium211.jpg","contentUrl":"https:\/\/vosgesinfo.fr\/app\/uploads\/sites\/2\/2025\/04\/necropole-des-tiges-photo-premium211.jpg","width":1836,"height":1226},{"@type":"BreadcrumbList","@id":"https:\/\/vosgesinfo.fr\/laplainedesvosgesinfo\/2025\/04\/exposition-unique-consacree-aux-sites-funeraires-inscrits-a-lunesco-a-saint-die-des-vosges\/#breadcrumb","itemListElement":[{"@type":"ListItem","position":1,"name":"Home","item":"https:\/\/vosgesinfo.fr\/laplainedesvosgesinfo\/"},{"@type":"ListItem","position":2,"name":"Exposition unique consacr\u00e9e aux sites fun\u00e9raires, inscrits \u00e0 l&rsquo;Unesco, \u00e0 Saint-Di\u00e9-Des-Vosges"}]},{"@type":"WebSite","@id":"https:\/\/vosgesinfo.fr\/laplainedesvosgesinfo\/#website","url":"https:\/\/vosgesinfo.fr\/laplainedesvosgesinfo\/","name":"La Plaine des Vosges","description":"Toute l&#039;actualit\u00e9 de la plaine de Vosges","publisher":{"@id":"https:\/\/vosgesinfo.fr\/laplainedesvosgesinfo\/#organization"},"alternateName":"Toute l'actualit\u00e9 de la plaine des Vosges","potentialAction":[{"@type":"SearchAction","target":{"@type":"EntryPoint","urlTemplate":"https:\/\/vosgesinfo.fr\/laplainedesvosgesinfo\/?s={search_term_string}"},"query-input":"required name=search_term_string"}],"inLanguage":"fr-FR"},{"@type":"Organization","@id":"https:\/\/vosgesinfo.fr\/laplainedesvosgesinfo\/#organization","name":"La Plaine des Vosges","url":"https:\/\/vosgesinfo.fr\/laplainedesvosgesinfo\/","logo":{"@type":"ImageObject","inLanguage":"fr-FR","@id":"https:\/\/vosgesinfo.fr\/laplainedesvosgesinfo\/#\/schema\/logo\/image\/","url":"https:\/\/vosgesinfo.fr\/app\/uploads\/sites\/2\/2023\/08\/logo-laplaineinfo.svg","contentUrl":"https:\/\/vosgesinfo.fr\/app\/uploads\/sites\/2\/2023\/08\/logo-laplaineinfo.svg","width":1,"height":1,"caption":"La Plaine des Vosges"},"image":{"@id":"https:\/\/vosgesinfo.fr\/laplainedesvosgesinfo\/#\/schema\/logo\/image\/"},"sameAs":["https:\/\/www.facebook.com\/laplainedesvosges","https:\/\/x.com\/VosgesInfo88","https:\/\/www.youtube.com\/@vosgesinfo"]},{"@type":"Person","@id":"https:\/\/vosgesinfo.fr\/laplainedesvosgesinfo\/#\/schema\/person\/fa73e9f726d67bb88f46d5b7943cb572","name":"J.J.","image":{"@type":"ImageObject","inLanguage":"fr-FR","@id":"https:\/\/vosgesinfo.fr\/laplainedesvosgesinfo\/#\/schema\/person\/image\/","url":"https:\/\/secure.gravatar.com\/avatar\/219e749e47ffbcca018a360ae4add7d4cdf1cdaaf8bc7676b27efade3fe65615?s=96&d=mm&r=g","contentUrl":"https:\/\/secure.gravatar.com\/avatar\/219e749e47ffbcca018a360ae4add7d4cdf1cdaaf8bc7676b27efade3fe65615?s=96&d=mm&r=g","caption":"J.J."},"url":"https:\/\/vosgesinfo.fr\/laplainedesvosgesinfo\/author\/j-j\/"}]}},"_links":{"self":[{"href":"https:\/\/vosgesinfo.fr\/laplainedesvosgesinfo\/wp-json\/wp\/v2\/posts\/29670","targetHints":{"allow":["GET"]}}],"collection":[{"href":"https:\/\/vosgesinfo.fr\/laplainedesvosgesinfo\/wp-json\/wp\/v2\/posts"}],"about":[{"href":"https:\/\/vosgesinfo.fr\/laplainedesvosgesinfo\/wp-json\/wp\/v2\/types\/post"}],"author":[{"embeddable":true,"href":"https:\/\/vosgesinfo.fr\/laplainedesvosgesinfo\/wp-json\/wp\/v2\/users\/46"}],"replies":[{"embeddable":true,"href":"https:\/\/vosgesinfo.fr\/laplainedesvosgesinfo\/wp-json\/wp\/v2\/comments?post=29670"}],"version-history":[{"count":0,"href":"https:\/\/vosgesinfo.fr\/laplainedesvosgesinfo\/wp-json\/wp\/v2\/posts\/29670\/revisions"}],"wp:featuredmedia":[{"embeddable":true,"href":"https:\/\/vosgesinfo.fr\/laplainedesvosgesinfo\/wp-json\/wp\/v2\/media\/29671"}],"wp:attachment":[{"href":"https:\/\/vosgesinfo.fr\/laplainedesvosgesinfo\/wp-json\/wp\/v2\/media?parent=29670"}],"wp:term":[{"taxonomy":"category","embeddable":true,"href":"https:\/\/vosgesinfo.fr\/laplainedesvosgesinfo\/wp-json\/wp\/v2\/categories?post=29670"},{"taxonomy":"post_tag","embeddable":true,"href":"https:\/\/vosgesinfo.fr\/laplainedesvosgesinfo\/wp-json\/wp\/v2\/tags?post=29670"}],"curies":[{"name":"wp","href":"https:\/\/api.w.org\/{rel}","templated":true}]}}