{"id":29696,"date":"2025-04-18T08:38:14","date_gmt":"2025-04-18T06:38:14","guid":{"rendered":"https:\/\/vosgesinfo.fr\/laplainedesvosgesinfo\/?p=29696"},"modified":"2025-04-18T08:38:14","modified_gmt":"2025-04-18T06:38:14","slug":"une-35e-semaine-des-arts-sous-le-signe-de-la-bande-dessinee","status":"publish","type":"post","link":"https:\/\/vosgesinfo.fr\/laplainedesvosgesinfo\/2025\/04\/une-35e-semaine-des-arts-sous-le-signe-de-la-bande-dessinee\/","title":{"rendered":"Une 35e Semaine des Arts sous le signe de la bande-dessin\u00e9e"},"content":{"rendered":"<p><a href=\"https:\/\/vosgesinfo.fr\/app\/uploads\/sites\/4\/2025\/04\/programme-35e-semaine-des-arts-1.jpg\"><img decoding=\"async\" class=\"alignnone size-large wp-image-76985\" src=\"https:\/\/vosgesinfo.fr\/app\/uploads\/sites\/4\/2025\/04\/programme-35e-semaine-des-arts-1-722x1024.jpg\" alt=\"\" width=\"722\" height=\"1024\" \/><\/a><\/p>\n<h2><strong>La Semaine des Arts<\/strong> fera sa <strong>35e \u00e9dition<\/strong> lors de la <strong>Semaine de l&rsquo;Ascension<\/strong>. Soit <strong>du 29 mai au 1er juin prochain<\/strong>, de <strong>Anould \u00e0 Ban-sur-Meurthe-Clefcy<\/strong>, en passant par <strong>Entre-Deux-Eaux<\/strong>, <strong>Fraize<\/strong>, <strong>Le Valtin<\/strong>, <strong>Mandray<\/strong>, <strong>Plainfaing<\/strong>, <strong>Saint-L\u00e9onard<\/strong>, <strong>Saulcy-sur-Meurthe<\/strong> et <strong>Taintrux<\/strong>.<\/h2>\n<p><!--more--><\/p>\n<h3>Une \u00e9dition d\u00e9di\u00e9e \u00e0 la bande dessin\u00e9e<\/h3>\n<p>Une <strong>\u00e9dition 2025<\/strong> plac\u00e9e sous le signe de la <strong>bande dessin\u00e9e<\/strong>, avec <strong>le dessinateur des Schtroumpfs Laurent Cagniat<\/strong> en qualit\u00e9 de <strong>parrain<\/strong>. Au programme : de <strong>nombreuses expositions<\/strong> dans diff\u00e9rentes disciplines artistiques, <strong>des prix<\/strong>, <strong>des concerts<\/strong>, <strong>des animations pour les enfants<\/strong>&#8230; sans oublier <strong>l&rsquo;Artrek<\/strong>, qui permet de parcourir <strong>la Route des Arts \u00e0 pied<\/strong>, \u00e0 travers les sentiers, aux c\u00f4t\u00e9s d&rsquo;un accompagnateur.<\/p>\n<h3>Expositions et inauguration<\/h3>\n<p>Les diff\u00e9rents sites d&rsquo;exposition seront ouverts au public <strong>de 14h \u00e0 18h30 le jeudi, vendredi et samedi<\/strong>, ainsi que <strong>de 10h \u00e0 12h et de 14h \u00e0 18h30 le dimanche<\/strong>. <strong>L&rsquo;entr\u00e9e aux expositions est libre et gratuite<\/strong>. La <strong>35e Semaine des Arts<\/strong> sera <strong>inaugur\u00e9e le jeudi 29 mai \u00e0 11h<\/strong>, en pr\u00e9sence de <strong>Laurent Cagniat<\/strong> et avec une <strong>animation musicale par Daniel Colnat<\/strong>. En attendant l&rsquo;inauguration, <strong>le programme complet et d\u00e9taill\u00e9 est \u00e0 retrouver ci-dessous<\/strong>, ainsi que sur <strong><a href=\"http:\/\/www.saintleonartexpression.fr\" target=\"_blank\" rel=\"noopener\">www.saintleonartexpression.fr<\/a><\/strong>.<\/p>\n<p>J.J.<\/p>\n<p><a href=\"https:\/\/vosgesinfo.fr\/app\/uploads\/sites\/4\/2025\/04\/programme-35e-semaine-des-arts-2.jpg\"><img decoding=\"async\" class=\"alignnone size-large wp-image-76986\" src=\"https:\/\/vosgesinfo.fr\/app\/uploads\/sites\/4\/2025\/04\/programme-35e-semaine-des-arts-2-722x1024.jpg\" alt=\"\" width=\"722\" height=\"1024\" \/><\/a><a href=\"https:\/\/vosgesinfo.fr\/app\/uploads\/sites\/4\/2025\/04\/programme-35e-semaine-des-arts-3.jpg\"><img decoding=\"async\" class=\"alignnone size-large wp-image-76987\" src=\"https:\/\/vosgesinfo.fr\/app\/uploads\/sites\/4\/2025\/04\/programme-35e-semaine-des-arts-3-722x1024.jpg\" alt=\"\" width=\"722\" height=\"1024\" \/><\/a><a href=\"https:\/\/vosgesinfo.fr\/app\/uploads\/sites\/4\/2025\/04\/programme-35e-semaine-des-arts-4.jpg\"><img decoding=\"async\" class=\"alignnone size-large wp-image-76988\" src=\"https:\/\/vosgesinfo.fr\/app\/uploads\/sites\/4\/2025\/04\/programme-35e-semaine-des-arts-4-722x1024.jpg\" alt=\"\" width=\"722\" height=\"1024\" \/><\/a><a href=\"https:\/\/vosgesinfo.fr\/app\/uploads\/sites\/4\/2025\/04\/programme-35e-semaine-des-arts-6.jpg\"><img decoding=\"async\" class=\"alignnone size-large wp-image-76990\" src=\"https:\/\/vosgesinfo.fr\/app\/uploads\/sites\/4\/2025\/04\/programme-35e-semaine-des-arts-6-722x1024.jpg\" alt=\"\" width=\"722\" height=\"1024\" \/><\/a><a href=\"https:\/\/vosgesinfo.fr\/app\/uploads\/sites\/4\/2025\/04\/programme-35e-semaine-des-arts-7.jpg\"><img decoding=\"async\" class=\"alignnone size-large wp-image-76991\" src=\"https:\/\/vosgesinfo.fr\/app\/uploads\/sites\/4\/2025\/04\/programme-35e-semaine-des-arts-7-722x1024.jpg\" alt=\"\" width=\"722\" height=\"1024\" \/><\/a><a href=\"https:\/\/vosgesinfo.fr\/app\/uploads\/sites\/4\/2025\/04\/programme-35e-semaine-des-arts-8.jpg\"><img decoding=\"async\" class=\"alignnone size-large wp-image-76992\" src=\"https:\/\/vosgesinfo.fr\/app\/uploads\/sites\/4\/2025\/04\/programme-35e-semaine-des-arts-8-722x1024.jpg\" alt=\"\" width=\"722\" height=\"1024\" \/><\/a><a href=\"https:\/\/vosgesinfo.fr\/app\/uploads\/sites\/4\/2025\/04\/programme-35e-semaine-des-arts-9.jpg\"><img decoding=\"async\" class=\"alignnone size-large wp-image-76993\" src=\"https:\/\/vosgesinfo.fr\/app\/uploads\/sites\/4\/2025\/04\/programme-35e-semaine-des-arts-9-722x1024.jpg\" alt=\"\" width=\"722\" height=\"1024\" \/><\/a><\/p>\n","protected":false},"excerpt":{"rendered":"<p>La Semaine des Arts fera sa 35e \u00e9dition lors de la Semaine de l&rsquo;Ascension. Soit du 29 mai au 1er [&hellip;]<\/p>\n","protected":false},"author":46,"featured_media":29697,"comment_status":"open","ping_status":"open","sticky":false,"template":"","format":"standard","meta":{"footnotes":""},"categories":[29,7734,392,383,294,380,381,391,18],"tags":[8400,8401,8402,8403,8404],"class_list":["post-29696","post","type-post","status-publish","format-standard","has-post-thumbnail","hentry","category-a-la-une","category-art","category-deodatie","category-epinal","category-gerardmer","category-la-plaine-des-vosges","category-remiremont","category-saint-die-des-vosges-et-son-agglomeration","category-vosges","tag-35e-semaine-des-arts","tag-laurent-cagniat","tag-saint-leonart-expression","tag-semaine-des-arts","tag-vallee-de-la-haute-meurthe"],"acf":[],"yoast_head":"<!-- This site is optimized with the Yoast SEO plugin v22.5 - https:\/\/yoast.com\/wordpress\/plugins\/seo\/ -->\n<title>Une 35e Semaine des Arts sous le signe de la bande-dessin\u00e9e - La Plaine des Vosges<\/title>\n<meta name=\"robots\" content=\"index, follow, max-snippet:-1, max-image-preview:large, max-video-preview:-1\" \/>\n<link rel=\"canonical\" href=\"https:\/\/vosgesinfo.fr\/laplainedesvosgesinfo\/2025\/04\/une-35e-semaine-des-arts-sous-le-signe-de-la-bande-dessinee\/\" \/>\n<meta name=\"twitter:card\" content=\"summary_large_image\" \/>\n<meta name=\"twitter:title\" content=\"Une 35e Semaine des Arts sous le signe de la bande-dessin\u00e9e - La Plaine des Vosges\" \/>\n<meta name=\"twitter:description\" content=\"La Semaine des Arts fera sa 35e \u00e9dition lors de la Semaine de l&rsquo;Ascension. Soit du 29 mai au 1er [&hellip;]\" \/>\n<meta name=\"twitter:image\" content=\"https:\/\/vosgesinfo.fr\/app\/uploads\/sites\/2\/2025\/04\/programme-35e-semaine-des-arts-1.jpg\" \/>\n<meta name=\"twitter:creator\" content=\"@VosgesInfo88\" \/>\n<meta name=\"twitter:site\" content=\"@VosgesInfo88\" \/>\n<meta name=\"twitter:label1\" content=\"\u00c9crit par\" \/>\n\t<meta name=\"twitter:data1\" content=\"J.J.\" \/>\n\t<meta name=\"twitter:label2\" content=\"Dur\u00e9e de lecture estim\u00e9e\" \/>\n\t<meta name=\"twitter:data2\" content=\"1 minute\" \/>\n<script type=\"application\/ld+json\" class=\"yoast-schema-graph\">{\"@context\":\"https:\/\/schema.org\",\"@graph\":[{\"@type\":\"Article\",\"@id\":\"https:\/\/vosgesinfo.fr\/laplainedesvosgesinfo\/2025\/04\/une-35e-semaine-des-arts-sous-le-signe-de-la-bande-dessinee\/#article\",\"isPartOf\":{\"@id\":\"https:\/\/vosgesinfo.fr\/laplainedesvosgesinfo\/2025\/04\/une-35e-semaine-des-arts-sous-le-signe-de-la-bande-dessinee\/\"},\"author\":{\"name\":\"J.J.\",\"@id\":\"https:\/\/vosgesinfo.fr\/laplainedesvosgesinfo\/#\/schema\/person\/fa73e9f726d67bb88f46d5b7943cb572\"},\"headline\":\"Une 35e Semaine des Arts sous le signe de la bande-dessin\u00e9e\",\"datePublished\":\"2025-04-18T06:38:14+00:00\",\"dateModified\":\"2025-04-18T06:38:14+00:00\",\"mainEntityOfPage\":{\"@id\":\"https:\/\/vosgesinfo.fr\/laplainedesvosgesinfo\/2025\/04\/une-35e-semaine-des-arts-sous-le-signe-de-la-bande-dessinee\/\"},\"wordCount\":213,\"commentCount\":0,\"publisher\":{\"@id\":\"https:\/\/vosgesinfo.fr\/laplainedesvosgesinfo\/#organization\"},\"image\":{\"@id\":\"https:\/\/vosgesinfo.fr\/laplainedesvosgesinfo\/2025\/04\/une-35e-semaine-des-arts-sous-le-signe-de-la-bande-dessinee\/#primaryimage\"},\"thumbnailUrl\":\"https:\/\/vosgesinfo.fr\/app\/uploads\/sites\/2\/2025\/04\/programme-35e-semaine-des-arts-1.jpg\",\"keywords\":[\"35e Semaine des Arts\",\"Laurent Cagniat\",\"Saint-L\u00e9on'Art Expression\",\"Semaine des Arts\",\"Vall\u00e9e de la Haute-Meurthe\"],\"articleSection\":[\"A la Une\",\"Art\",\"D\u00e9odatie\",\"Epinal\",\"G\u00e9rardmer\",\"La plaine des vosges\",\"Remiremont\",\"Saint-Di\u00e9-des-Vosges et son Agglom\u00e9ration\",\"Vosges\"],\"inLanguage\":\"fr-FR\",\"potentialAction\":[{\"@type\":\"CommentAction\",\"name\":\"Comment\",\"target\":[\"https:\/\/vosgesinfo.fr\/laplainedesvosgesinfo\/2025\/04\/une-35e-semaine-des-arts-sous-le-signe-de-la-bande-dessinee\/#respond\"]}]},{\"@type\":\"WebPage\",\"@id\":\"https:\/\/vosgesinfo.fr\/laplainedesvosgesinfo\/2025\/04\/une-35e-semaine-des-arts-sous-le-signe-de-la-bande-dessinee\/\",\"url\":\"https:\/\/vosgesinfo.fr\/laplainedesvosgesinfo\/2025\/04\/une-35e-semaine-des-arts-sous-le-signe-de-la-bande-dessinee\/\",\"name\":\"Une 35e Semaine des Arts sous le signe de la bande-dessin\u00e9e - La Plaine des Vosges\",\"isPartOf\":{\"@id\":\"https:\/\/vosgesinfo.fr\/laplainedesvosgesinfo\/#website\"},\"primaryImageOfPage\":{\"@id\":\"https:\/\/vosgesinfo.fr\/laplainedesvosgesinfo\/2025\/04\/une-35e-semaine-des-arts-sous-le-signe-de-la-bande-dessinee\/#primaryimage\"},\"image\":{\"@id\":\"https:\/\/vosgesinfo.fr\/laplainedesvosgesinfo\/2025\/04\/une-35e-semaine-des-arts-sous-le-signe-de-la-bande-dessinee\/#primaryimage\"},\"thumbnailUrl\":\"https:\/\/vosgesinfo.fr\/app\/uploads\/sites\/2\/2025\/04\/programme-35e-semaine-des-arts-1.jpg\",\"datePublished\":\"2025-04-18T06:38:14+00:00\",\"dateModified\":\"2025-04-18T06:38:14+00:00\",\"breadcrumb\":{\"@id\":\"https:\/\/vosgesinfo.fr\/laplainedesvosgesinfo\/2025\/04\/une-35e-semaine-des-arts-sous-le-signe-de-la-bande-dessinee\/#breadcrumb\"},\"inLanguage\":\"fr-FR\",\"potentialAction\":[{\"@type\":\"ReadAction\",\"target\":[\"https:\/\/vosgesinfo.fr\/laplainedesvosgesinfo\/2025\/04\/une-35e-semaine-des-arts-sous-le-signe-de-la-bande-dessinee\/\"]}]},{\"@type\":\"ImageObject\",\"inLanguage\":\"fr-FR\",\"@id\":\"https:\/\/vosgesinfo.fr\/laplainedesvosgesinfo\/2025\/04\/une-35e-semaine-des-arts-sous-le-signe-de-la-bande-dessinee\/#primaryimage\",\"url\":\"https:\/\/vosgesinfo.fr\/app\/uploads\/sites\/2\/2025\/04\/programme-35e-semaine-des-arts-1.jpg\",\"contentUrl\":\"https:\/\/vosgesinfo.fr\/app\/uploads\/sites\/2\/2025\/04\/programme-35e-semaine-des-arts-1.jpg\",\"width\":1748,\"height\":2480},{\"@type\":\"BreadcrumbList\",\"@id\":\"https:\/\/vosgesinfo.fr\/laplainedesvosgesinfo\/2025\/04\/une-35e-semaine-des-arts-sous-le-signe-de-la-bande-dessinee\/#breadcrumb\",\"itemListElement\":[{\"@type\":\"ListItem\",\"position\":1,\"name\":\"Home\",\"item\":\"https:\/\/vosgesinfo.fr\/laplainedesvosgesinfo\/\"},{\"@type\":\"ListItem\",\"position\":2,\"name\":\"Une 35e Semaine des Arts sous le signe de la bande-dessin\u00e9e\"}]},{\"@type\":\"WebSite\",\"@id\":\"https:\/\/vosgesinfo.fr\/laplainedesvosgesinfo\/#website\",\"url\":\"https:\/\/vosgesinfo.fr\/laplainedesvosgesinfo\/\",\"name\":\"La Plaine des Vosges\",\"description\":\"Toute l&#039;actualit\u00e9 de la plaine de Vosges\",\"publisher\":{\"@id\":\"https:\/\/vosgesinfo.fr\/laplainedesvosgesinfo\/#organization\"},\"alternateName\":\"Toute l'actualit\u00e9 de la plaine des Vosges\",\"potentialAction\":[{\"@type\":\"SearchAction\",\"target\":{\"@type\":\"EntryPoint\",\"urlTemplate\":\"https:\/\/vosgesinfo.fr\/laplainedesvosgesinfo\/?s={search_term_string}\"},\"query-input\":\"required name=search_term_string\"}],\"inLanguage\":\"fr-FR\"},{\"@type\":\"Organization\",\"@id\":\"https:\/\/vosgesinfo.fr\/laplainedesvosgesinfo\/#organization\",\"name\":\"La Plaine des Vosges\",\"url\":\"https:\/\/vosgesinfo.fr\/laplainedesvosgesinfo\/\",\"logo\":{\"@type\":\"ImageObject\",\"inLanguage\":\"fr-FR\",\"@id\":\"https:\/\/vosgesinfo.fr\/laplainedesvosgesinfo\/#\/schema\/logo\/image\/\",\"url\":\"https:\/\/vosgesinfo.fr\/app\/uploads\/sites\/2\/2023\/08\/logo-laplaineinfo.svg\",\"contentUrl\":\"https:\/\/vosgesinfo.fr\/app\/uploads\/sites\/2\/2023\/08\/logo-laplaineinfo.svg\",\"width\":1,\"height\":1,\"caption\":\"La Plaine des Vosges\"},\"image\":{\"@id\":\"https:\/\/vosgesinfo.fr\/laplainedesvosgesinfo\/#\/schema\/logo\/image\/\"},\"sameAs\":[\"https:\/\/www.facebook.com\/laplainedesvosges\",\"https:\/\/x.com\/VosgesInfo88\",\"https:\/\/www.youtube.com\/@vosgesinfo\"]},{\"@type\":\"Person\",\"@id\":\"https:\/\/vosgesinfo.fr\/laplainedesvosgesinfo\/#\/schema\/person\/fa73e9f726d67bb88f46d5b7943cb572\",\"name\":\"J.J.\",\"image\":{\"@type\":\"ImageObject\",\"inLanguage\":\"fr-FR\",\"@id\":\"https:\/\/vosgesinfo.fr\/laplainedesvosgesinfo\/#\/schema\/person\/image\/\",\"url\":\"https:\/\/secure.gravatar.com\/avatar\/219e749e47ffbcca018a360ae4add7d4cdf1cdaaf8bc7676b27efade3fe65615?s=96&d=mm&r=g\",\"contentUrl\":\"https:\/\/secure.gravatar.com\/avatar\/219e749e47ffbcca018a360ae4add7d4cdf1cdaaf8bc7676b27efade3fe65615?s=96&d=mm&r=g\",\"caption\":\"J.J.\"},\"url\":\"https:\/\/vosgesinfo.fr\/laplainedesvosgesinfo\/author\/j-j\/\"}]}<\/script>\n<!-- \/ Yoast SEO plugin. -->","yoast_head_json":{"title":"Une 35e Semaine des Arts sous le signe de la bande-dessin\u00e9e - La Plaine des Vosges","robots":{"index":"index","follow":"follow","max-snippet":"max-snippet:-1","max-image-preview":"max-image-preview:large","max-video-preview":"max-video-preview:-1"},"canonical":"https:\/\/vosgesinfo.fr\/laplainedesvosgesinfo\/2025\/04\/une-35e-semaine-des-arts-sous-le-signe-de-la-bande-dessinee\/","twitter_card":"summary_large_image","twitter_title":"Une 35e Semaine des Arts sous le signe de la bande-dessin\u00e9e - La Plaine des Vosges","twitter_description":"La Semaine des Arts fera sa 35e \u00e9dition lors de la Semaine de l&rsquo;Ascension. Soit du 29 mai au 1er [&hellip;]","twitter_image":"https:\/\/vosgesinfo.fr\/app\/uploads\/sites\/2\/2025\/04\/programme-35e-semaine-des-arts-1.jpg","twitter_creator":"@VosgesInfo88","twitter_site":"@VosgesInfo88","twitter_misc":{"\u00c9crit par":"J.J.","Dur\u00e9e de lecture estim\u00e9e":"1 minute"},"schema":{"@context":"https:\/\/schema.org","@graph":[{"@type":"Article","@id":"https:\/\/vosgesinfo.fr\/laplainedesvosgesinfo\/2025\/04\/une-35e-semaine-des-arts-sous-le-signe-de-la-bande-dessinee\/#article","isPartOf":{"@id":"https:\/\/vosgesinfo.fr\/laplainedesvosgesinfo\/2025\/04\/une-35e-semaine-des-arts-sous-le-signe-de-la-bande-dessinee\/"},"author":{"name":"J.J.","@id":"https:\/\/vosgesinfo.fr\/laplainedesvosgesinfo\/#\/schema\/person\/fa73e9f726d67bb88f46d5b7943cb572"},"headline":"Une 35e Semaine des Arts sous le signe de la bande-dessin\u00e9e","datePublished":"2025-04-18T06:38:14+00:00","dateModified":"2025-04-18T06:38:14+00:00","mainEntityOfPage":{"@id":"https:\/\/vosgesinfo.fr\/laplainedesvosgesinfo\/2025\/04\/une-35e-semaine-des-arts-sous-le-signe-de-la-bande-dessinee\/"},"wordCount":213,"commentCount":0,"publisher":{"@id":"https:\/\/vosgesinfo.fr\/laplainedesvosgesinfo\/#organization"},"image":{"@id":"https:\/\/vosgesinfo.fr\/laplainedesvosgesinfo\/2025\/04\/une-35e-semaine-des-arts-sous-le-signe-de-la-bande-dessinee\/#primaryimage"},"thumbnailUrl":"https:\/\/vosgesinfo.fr\/app\/uploads\/sites\/2\/2025\/04\/programme-35e-semaine-des-arts-1.jpg","keywords":["35e Semaine des Arts","Laurent Cagniat","Saint-L\u00e9on'Art Expression","Semaine des Arts","Vall\u00e9e de la Haute-Meurthe"],"articleSection":["A la Une","Art","D\u00e9odatie","Epinal","G\u00e9rardmer","La plaine des vosges","Remiremont","Saint-Di\u00e9-des-Vosges et son Agglom\u00e9ration","Vosges"],"inLanguage":"fr-FR","potentialAction":[{"@type":"CommentAction","name":"Comment","target":["https:\/\/vosgesinfo.fr\/laplainedesvosgesinfo\/2025\/04\/une-35e-semaine-des-arts-sous-le-signe-de-la-bande-dessinee\/#respond"]}]},{"@type":"WebPage","@id":"https:\/\/vosgesinfo.fr\/laplainedesvosgesinfo\/2025\/04\/une-35e-semaine-des-arts-sous-le-signe-de-la-bande-dessinee\/","url":"https:\/\/vosgesinfo.fr\/laplainedesvosgesinfo\/2025\/04\/une-35e-semaine-des-arts-sous-le-signe-de-la-bande-dessinee\/","name":"Une 35e Semaine des Arts sous le signe de la bande-dessin\u00e9e - La Plaine des Vosges","isPartOf":{"@id":"https:\/\/vosgesinfo.fr\/laplainedesvosgesinfo\/#website"},"primaryImageOfPage":{"@id":"https:\/\/vosgesinfo.fr\/laplainedesvosgesinfo\/2025\/04\/une-35e-semaine-des-arts-sous-le-signe-de-la-bande-dessinee\/#primaryimage"},"image":{"@id":"https:\/\/vosgesinfo.fr\/laplainedesvosgesinfo\/2025\/04\/une-35e-semaine-des-arts-sous-le-signe-de-la-bande-dessinee\/#primaryimage"},"thumbnailUrl":"https:\/\/vosgesinfo.fr\/app\/uploads\/sites\/2\/2025\/04\/programme-35e-semaine-des-arts-1.jpg","datePublished":"2025-04-18T06:38:14+00:00","dateModified":"2025-04-18T06:38:14+00:00","breadcrumb":{"@id":"https:\/\/vosgesinfo.fr\/laplainedesvosgesinfo\/2025\/04\/une-35e-semaine-des-arts-sous-le-signe-de-la-bande-dessinee\/#breadcrumb"},"inLanguage":"fr-FR","potentialAction":[{"@type":"ReadAction","target":["https:\/\/vosgesinfo.fr\/laplainedesvosgesinfo\/2025\/04\/une-35e-semaine-des-arts-sous-le-signe-de-la-bande-dessinee\/"]}]},{"@type":"ImageObject","inLanguage":"fr-FR","@id":"https:\/\/vosgesinfo.fr\/laplainedesvosgesinfo\/2025\/04\/une-35e-semaine-des-arts-sous-le-signe-de-la-bande-dessinee\/#primaryimage","url":"https:\/\/vosgesinfo.fr\/app\/uploads\/sites\/2\/2025\/04\/programme-35e-semaine-des-arts-1.jpg","contentUrl":"https:\/\/vosgesinfo.fr\/app\/uploads\/sites\/2\/2025\/04\/programme-35e-semaine-des-arts-1.jpg","width":1748,"height":2480},{"@type":"BreadcrumbList","@id":"https:\/\/vosgesinfo.fr\/laplainedesvosgesinfo\/2025\/04\/une-35e-semaine-des-arts-sous-le-signe-de-la-bande-dessinee\/#breadcrumb","itemListElement":[{"@type":"ListItem","position":1,"name":"Home","item":"https:\/\/vosgesinfo.fr\/laplainedesvosgesinfo\/"},{"@type":"ListItem","position":2,"name":"Une 35e Semaine des Arts sous le signe de la bande-dessin\u00e9e"}]},{"@type":"WebSite","@id":"https:\/\/vosgesinfo.fr\/laplainedesvosgesinfo\/#website","url":"https:\/\/vosgesinfo.fr\/laplainedesvosgesinfo\/","name":"La Plaine des Vosges","description":"Toute l&#039;actualit\u00e9 de la plaine de Vosges","publisher":{"@id":"https:\/\/vosgesinfo.fr\/laplainedesvosgesinfo\/#organization"},"alternateName":"Toute l'actualit\u00e9 de la plaine des Vosges","potentialAction":[{"@type":"SearchAction","target":{"@type":"EntryPoint","urlTemplate":"https:\/\/vosgesinfo.fr\/laplainedesvosgesinfo\/?s={search_term_string}"},"query-input":"required name=search_term_string"}],"inLanguage":"fr-FR"},{"@type":"Organization","@id":"https:\/\/vosgesinfo.fr\/laplainedesvosgesinfo\/#organization","name":"La Plaine des Vosges","url":"https:\/\/vosgesinfo.fr\/laplainedesvosgesinfo\/","logo":{"@type":"ImageObject","inLanguage":"fr-FR","@id":"https:\/\/vosgesinfo.fr\/laplainedesvosgesinfo\/#\/schema\/logo\/image\/","url":"https:\/\/vosgesinfo.fr\/app\/uploads\/sites\/2\/2023\/08\/logo-laplaineinfo.svg","contentUrl":"https:\/\/vosgesinfo.fr\/app\/uploads\/sites\/2\/2023\/08\/logo-laplaineinfo.svg","width":1,"height":1,"caption":"La Plaine des Vosges"},"image":{"@id":"https:\/\/vosgesinfo.fr\/laplainedesvosgesinfo\/#\/schema\/logo\/image\/"},"sameAs":["https:\/\/www.facebook.com\/laplainedesvosges","https:\/\/x.com\/VosgesInfo88","https:\/\/www.youtube.com\/@vosgesinfo"]},{"@type":"Person","@id":"https:\/\/vosgesinfo.fr\/laplainedesvosgesinfo\/#\/schema\/person\/fa73e9f726d67bb88f46d5b7943cb572","name":"J.J.","image":{"@type":"ImageObject","inLanguage":"fr-FR","@id":"https:\/\/vosgesinfo.fr\/laplainedesvosgesinfo\/#\/schema\/person\/image\/","url":"https:\/\/secure.gravatar.com\/avatar\/219e749e47ffbcca018a360ae4add7d4cdf1cdaaf8bc7676b27efade3fe65615?s=96&d=mm&r=g","contentUrl":"https:\/\/secure.gravatar.com\/avatar\/219e749e47ffbcca018a360ae4add7d4cdf1cdaaf8bc7676b27efade3fe65615?s=96&d=mm&r=g","caption":"J.J."},"url":"https:\/\/vosgesinfo.fr\/laplainedesvosgesinfo\/author\/j-j\/"}]}},"_links":{"self":[{"href":"https:\/\/vosgesinfo.fr\/laplainedesvosgesinfo\/wp-json\/wp\/v2\/posts\/29696","targetHints":{"allow":["GET"]}}],"collection":[{"href":"https:\/\/vosgesinfo.fr\/laplainedesvosgesinfo\/wp-json\/wp\/v2\/posts"}],"about":[{"href":"https:\/\/vosgesinfo.fr\/laplainedesvosgesinfo\/wp-json\/wp\/v2\/types\/post"}],"author":[{"embeddable":true,"href":"https:\/\/vosgesinfo.fr\/laplainedesvosgesinfo\/wp-json\/wp\/v2\/users\/46"}],"replies":[{"embeddable":true,"href":"https:\/\/vosgesinfo.fr\/laplainedesvosgesinfo\/wp-json\/wp\/v2\/comments?post=29696"}],"version-history":[{"count":0,"href":"https:\/\/vosgesinfo.fr\/laplainedesvosgesinfo\/wp-json\/wp\/v2\/posts\/29696\/revisions"}],"wp:featuredmedia":[{"embeddable":true,"href":"https:\/\/vosgesinfo.fr\/laplainedesvosgesinfo\/wp-json\/wp\/v2\/media\/29697"}],"wp:attachment":[{"href":"https:\/\/vosgesinfo.fr\/laplainedesvosgesinfo\/wp-json\/wp\/v2\/media?parent=29696"}],"wp:term":[{"taxonomy":"category","embeddable":true,"href":"https:\/\/vosgesinfo.fr\/laplainedesvosgesinfo\/wp-json\/wp\/v2\/categories?post=29696"},{"taxonomy":"post_tag","embeddable":true,"href":"https:\/\/vosgesinfo.fr\/laplainedesvosgesinfo\/wp-json\/wp\/v2\/tags?post=29696"}],"curies":[{"name":"wp","href":"https:\/\/api.w.org\/{rel}","templated":true}]}}