{"id":29749,"date":"2025-04-28T07:00:37","date_gmt":"2025-04-28T05:00:37","guid":{"rendered":"https:\/\/vosgesinfo.fr\/laplainedesvosgesinfo\/?p=29749"},"modified":"2025-04-28T07:00:37","modified_gmt":"2025-04-28T05:00:37","slug":"le-grand-retour-de-tom-la-mascotte-du-tri-version-2025","status":"publish","type":"post","link":"https:\/\/vosgesinfo.fr\/laplainedesvosgesinfo\/2025\/04\/le-grand-retour-de-tom-la-mascotte-du-tri-version-2025\/","title":{"rendered":"Le grand retour de TOM, la mascotte du tri\u2026 version 2025 !"},"content":{"rendered":"<h2><strong><a href=\"https:\/\/vosgesinfo.fr\/app\/uploads\/sites\/3\/2025\/04\/visuel-photo-premium.jpg\"><img decoding=\"async\" class=\"aligncenter size-full wp-image-131235\" src=\"https:\/\/vosgesinfo.fr\/app\/uploads\/sites\/3\/2025\/04\/visuel-photo-premium.jpg\" alt=\"\" width=\"1627\" height=\"1211\" \/><\/a>Il y a plus de 20 ans, TOM, la mascotte du tri, r\u00e9gnait en ma\u00eetre sur les agendas scolaires des petits Vosgiens.\u00a0 Avec ses conseils malins, il aidait chacun \u00e0 mieux comprendre l\u2019importance du tri et du recyclage de nos d\u00e9chets. <\/strong><\/h2>\n<p><strong>Puis, le temps a pass\u00e9\u2026 L\u2019agenda a disparu\u2026 Et TOM ? Mis au placard, oubli\u00e9 comme une vieille bouteille en plastique qui attend son recyclage.<\/strong><\/p>\n<p>Mais ATTENTION ! <strong>TOM est retour en 2025\u00a0!<\/strong> Enfin\u2026 <strong>pas tout \u00e0 fait le m\u00eame TOM<\/strong>. Parce que cette ann\u00e9e, nous avons accueilli en alternance un nouveau venu\u2026 qui s\u2019appelle justement <strong>Tom<\/strong> ! Co\u00efncidence ? Pas du tout. C\u2019est un signe du destin ! Laissons-le se pr\u00e9senter\u00a0:<\/p>\n<p>Et oui, moi aussi je m\u2019appelle <strong>Tom<\/strong> ! Un vrai hasard ? Franchement, je ne crois pas. Je suis arriv\u00e9 chez \u00c9vodia en alternance, et d\u00e8s qu\u2019ils ont vu mon pr\u00e9nom\u2026 ils m\u2019ont dit : \u201cToi, t\u2019es notre nouveau TOM !\u201d Alors me voil\u00e0, pr\u00eat \u00e0 reprendre le flambeau\u00a0!<\/p>\n<p>\u00c0 travers des vid\u00e9os, des affiches, des animations (et s\u00fbrement quelques blagues), je vais <strong>vous accompagner toute l\u2019ann\u00e9e pour parler tri, recyclage, astuces<\/strong>\u2026 le tout avec un peu de nostalgie, une bonne dose d\u2019humour, et surtout beaucoup de bon sens.<\/p>\n<p>Pour commencer, laisse-moi te donner quelques conseils pour devenir un pro du tri (et m\u2019\u00e9viter des sueurs froides \ud83d\ude05).<\/p>\n<ol>\n<li><strong> La poubelle jaune, c\u2019est pas un escape game.<\/strong><\/li>\n<\/ol>\n<ul>\n<li>Pas besoin d\u2019imbriquer tes d\u00e9chets comme des poup\u00e9es russes !<\/li>\n<li>Un flacon de ketchup avec encore du reste = non. Viiiide-moi \u00e7a, par piti\u00e9\u00a0!<\/li>\n<\/ul>\n<ol start=\"2\">\n<li><strong> Les v\u00eatements, m\u00eame trou\u00e9s, ont encore une seconde vie possible.<\/strong><\/li>\n<\/ol>\n<ul>\n<li>Pas dans la poubelle jaune ni dans la benne tout-venant ! Direction les bornes textiles, l\u00e0 o\u00f9 m\u00eame une chaussette solo peut devenir utile.<\/li>\n<\/ul>\n<ol start=\"3\">\n<li><strong> En d\u00e9ch\u00e8terie, un tri \u00e0 la mati\u00e8re pour un recyclage plus clair\u00a0!<\/strong><\/li>\n<\/ol>\n<ul>\n<li>Tu viens avec un meuble \u00e0 jeter ? D\u00e9monte-le ! Bois avec bois, m\u00e9tal avec m\u00e9tal, plastique avec plastique. \u00c7a s\u2019appelle le tri par mati\u00e8re, et \u00e7a, c\u2019est mon kiff !<\/li>\n<\/ul>\n<ul>\n<li>Un pot de confiture rempli de white spirit sans \u00e9tiquette ? Tu veux que je panique ou quoi ? Note le nom du produit de ta plus belle plume, pour ta s\u00e9curit\u00e9 et celle du gardien.<\/li>\n<\/ul>\n<p>&nbsp;<\/p>\n<p>Allez un petit quizz pour finir\u00a0: l<strong>e tout-venant et les ordures m\u00e9nag\u00e8res, tu penses qu\u2019on leur donne une deuxi\u00e8me vie ?<\/strong><br \/>\nEh non\u2026 une fois dans la benne \u00ab\u00a0mat\u00e9riaux non recyclables\u00a0\u00bb, direction l\u2019unit\u00e9 de valorisation \u00e9nerg\u00e9tique <strong>FENIIX<\/strong>, \u00e0 Rambervillers. L\u00e0-bas, tout est incin\u00e9r\u00e9, sans tri pr\u00e9alable. Mais bonne nouvelle : cette combustion n\u2019est pas inutile ! Elle permet de produire <strong>de l\u2019\u00e9lectricit\u00e9<\/strong> et surtout de la <strong>chaleur<\/strong> pour alimenter les b\u00e2timents communaux de la ville.<\/p>\n<p>Alors, si tu penses que ton d\u00e9chet peut avoir une seconde vie, pense r\u00e9emploi ! R\u00e9pare, donne, troque. Et pour ce qui est des ordures m\u00e9nag\u00e8res ou de la benne tout-venant, mets-y <strong>uniquement ce qu\u2019on ne peut vraiment pas recycler !<\/strong>Ne t\u2019inqui\u00e8te pas les habitants de Rambervillers n\u2019auront pas froid pour autant\u00a0!\u00a0\ud83d\ude1c<\/p>\n<p>Allez, je te laisse ranger ton garage. Mais n\u2019oublie pas : un tri bien fait = un passage rapide en d\u00e9ch\u00e8terie et un max de d\u00e9chets valoris\u00e9s. On se retrouve bient\u00f4t sur\u00a0: <a href=\"https:\/\/www.evodia.org\/\">https:\/\/www.evodia.org\/<\/a> et sur les r\u00e9seaux\u2026 Parce que cette ann\u00e9e, <strong>Je suis PARTOUT<\/strong> !\u00a0\u00bb<\/p>\n<p><a href=\"https:\/\/vosgesinfo.fr\/app\/uploads\/sites\/3\/2025\/04\/visuel-lancement-tom-pour-vosges-infos-min.jpg\"><img decoding=\"async\" class=\"aligncenter size-full wp-image-131236\" src=\"https:\/\/vosgesinfo.fr\/app\/uploads\/sites\/3\/2025\/04\/visuel-lancement-tom-pour-vosges-infos-min.jpg\" alt=\"\" width=\"965\" height=\"1246\" \/><\/a><\/p>\n<p>&nbsp;<\/p>\n","protected":false},"excerpt":{"rendered":"<p>Il y a plus de 20 ans, TOM, la mascotte du tri, r\u00e9gnait en ma\u00eetre sur les agendas scolaires des [&hellip;]<\/p>\n","protected":false},"author":41,"featured_media":29750,"comment_status":"open","ping_status":"open","sticky":false,"template":"","format":"standard","meta":{"footnotes":""},"categories":[29,383,294,380,396,114,381,384],"tags":[],"class_list":["post-29749","post","type-post","status-publish","format-standard","has-post-thumbnail","hentry","category-a-la-une","category-epinal","category-gerardmer","category-la-plaine-des-vosges","category-publi-reportage","category-publireportage","category-remiremont","category-saint-die"],"acf":[],"yoast_head":"<!-- This site is optimized with the Yoast SEO plugin v22.5 - https:\/\/yoast.com\/wordpress\/plugins\/seo\/ -->\n<title>Le grand retour de TOM, la mascotte du tri\u2026 version 2025 ! - La Plaine des Vosges<\/title>\n<meta name=\"robots\" content=\"index, follow, max-snippet:-1, max-image-preview:large, max-video-preview:-1\" \/>\n<link rel=\"canonical\" href=\"https:\/\/vosgesinfo.fr\/laplainedesvosgesinfo\/2025\/04\/le-grand-retour-de-tom-la-mascotte-du-tri-version-2025\/\" \/>\n<meta name=\"twitter:card\" content=\"summary_large_image\" \/>\n<meta name=\"twitter:title\" content=\"Le grand retour de TOM, la mascotte du tri\u2026 version 2025 ! - La Plaine des Vosges\" \/>\n<meta name=\"twitter:description\" content=\"Il y a plus de 20 ans, TOM, la mascotte du tri, r\u00e9gnait en ma\u00eetre sur les agendas scolaires des [&hellip;]\" \/>\n<meta name=\"twitter:image\" content=\"https:\/\/vosgesinfo.fr\/app\/uploads\/sites\/2\/2025\/04\/visuel-photo-premium.jpg\" \/>\n<meta name=\"twitter:creator\" content=\"@VosgesInfo88\" \/>\n<meta name=\"twitter:site\" content=\"@VosgesInfo88\" \/>\n<meta name=\"twitter:label1\" content=\"\u00c9crit par\" \/>\n\t<meta name=\"twitter:data1\" content=\"La r\u00e9daction\" \/>\n\t<meta name=\"twitter:label2\" content=\"Dur\u00e9e de lecture estim\u00e9e\" \/>\n\t<meta name=\"twitter:data2\" content=\"3 minutes\" \/>\n<script type=\"application\/ld+json\" class=\"yoast-schema-graph\">{\"@context\":\"https:\/\/schema.org\",\"@graph\":[{\"@type\":\"Article\",\"@id\":\"https:\/\/vosgesinfo.fr\/laplainedesvosgesinfo\/2025\/04\/le-grand-retour-de-tom-la-mascotte-du-tri-version-2025\/#article\",\"isPartOf\":{\"@id\":\"https:\/\/vosgesinfo.fr\/laplainedesvosgesinfo\/2025\/04\/le-grand-retour-de-tom-la-mascotte-du-tri-version-2025\/\"},\"author\":{\"name\":\"La r\u00e9daction\",\"@id\":\"https:\/\/vosgesinfo.fr\/laplainedesvosgesinfo\/#\/schema\/person\/44f5fff67d0ae31d2770e1f7555c711d\"},\"headline\":\"Le grand retour de TOM, la mascotte du tri\u2026 version 2025 !\",\"datePublished\":\"2025-04-28T05:00:37+00:00\",\"dateModified\":\"2025-04-28T05:00:37+00:00\",\"mainEntityOfPage\":{\"@id\":\"https:\/\/vosgesinfo.fr\/laplainedesvosgesinfo\/2025\/04\/le-grand-retour-de-tom-la-mascotte-du-tri-version-2025\/\"},\"wordCount\":591,\"commentCount\":0,\"publisher\":{\"@id\":\"https:\/\/vosgesinfo.fr\/laplainedesvosgesinfo\/#organization\"},\"image\":{\"@id\":\"https:\/\/vosgesinfo.fr\/laplainedesvosgesinfo\/2025\/04\/le-grand-retour-de-tom-la-mascotte-du-tri-version-2025\/#primaryimage\"},\"thumbnailUrl\":\"https:\/\/vosgesinfo.fr\/app\/uploads\/sites\/2\/2025\/04\/visuel-photo-premium.jpg\",\"articleSection\":[\"A la Une\",\"Epinal\",\"G\u00e9rardmer\",\"La plaine des vosges\",\"Publi-reportage\",\"Publireportage\",\"Remiremont\",\"Saint-di\u00e9\"],\"inLanguage\":\"fr-FR\",\"potentialAction\":[{\"@type\":\"CommentAction\",\"name\":\"Comment\",\"target\":[\"https:\/\/vosgesinfo.fr\/laplainedesvosgesinfo\/2025\/04\/le-grand-retour-de-tom-la-mascotte-du-tri-version-2025\/#respond\"]}]},{\"@type\":\"WebPage\",\"@id\":\"https:\/\/vosgesinfo.fr\/laplainedesvosgesinfo\/2025\/04\/le-grand-retour-de-tom-la-mascotte-du-tri-version-2025\/\",\"url\":\"https:\/\/vosgesinfo.fr\/laplainedesvosgesinfo\/2025\/04\/le-grand-retour-de-tom-la-mascotte-du-tri-version-2025\/\",\"name\":\"Le grand retour de TOM, la mascotte du tri\u2026 version 2025 ! - La Plaine des Vosges\",\"isPartOf\":{\"@id\":\"https:\/\/vosgesinfo.fr\/laplainedesvosgesinfo\/#website\"},\"primaryImageOfPage\":{\"@id\":\"https:\/\/vosgesinfo.fr\/laplainedesvosgesinfo\/2025\/04\/le-grand-retour-de-tom-la-mascotte-du-tri-version-2025\/#primaryimage\"},\"image\":{\"@id\":\"https:\/\/vosgesinfo.fr\/laplainedesvosgesinfo\/2025\/04\/le-grand-retour-de-tom-la-mascotte-du-tri-version-2025\/#primaryimage\"},\"thumbnailUrl\":\"https:\/\/vosgesinfo.fr\/app\/uploads\/sites\/2\/2025\/04\/visuel-photo-premium.jpg\",\"datePublished\":\"2025-04-28T05:00:37+00:00\",\"dateModified\":\"2025-04-28T05:00:37+00:00\",\"breadcrumb\":{\"@id\":\"https:\/\/vosgesinfo.fr\/laplainedesvosgesinfo\/2025\/04\/le-grand-retour-de-tom-la-mascotte-du-tri-version-2025\/#breadcrumb\"},\"inLanguage\":\"fr-FR\",\"potentialAction\":[{\"@type\":\"ReadAction\",\"target\":[\"https:\/\/vosgesinfo.fr\/laplainedesvosgesinfo\/2025\/04\/le-grand-retour-de-tom-la-mascotte-du-tri-version-2025\/\"]}]},{\"@type\":\"ImageObject\",\"inLanguage\":\"fr-FR\",\"@id\":\"https:\/\/vosgesinfo.fr\/laplainedesvosgesinfo\/2025\/04\/le-grand-retour-de-tom-la-mascotte-du-tri-version-2025\/#primaryimage\",\"url\":\"https:\/\/vosgesinfo.fr\/app\/uploads\/sites\/2\/2025\/04\/visuel-photo-premium.jpg\",\"contentUrl\":\"https:\/\/vosgesinfo.fr\/app\/uploads\/sites\/2\/2025\/04\/visuel-photo-premium.jpg\",\"width\":1627,\"height\":1211},{\"@type\":\"BreadcrumbList\",\"@id\":\"https:\/\/vosgesinfo.fr\/laplainedesvosgesinfo\/2025\/04\/le-grand-retour-de-tom-la-mascotte-du-tri-version-2025\/#breadcrumb\",\"itemListElement\":[{\"@type\":\"ListItem\",\"position\":1,\"name\":\"Home\",\"item\":\"https:\/\/vosgesinfo.fr\/laplainedesvosgesinfo\/\"},{\"@type\":\"ListItem\",\"position\":2,\"name\":\"Le grand retour de TOM, la mascotte du tri\u2026 version 2025 !\"}]},{\"@type\":\"WebSite\",\"@id\":\"https:\/\/vosgesinfo.fr\/laplainedesvosgesinfo\/#website\",\"url\":\"https:\/\/vosgesinfo.fr\/laplainedesvosgesinfo\/\",\"name\":\"La Plaine des Vosges\",\"description\":\"Toute l&#039;actualit\u00e9 de la plaine de Vosges\",\"publisher\":{\"@id\":\"https:\/\/vosgesinfo.fr\/laplainedesvosgesinfo\/#organization\"},\"alternateName\":\"Toute l'actualit\u00e9 de la plaine des Vosges\",\"potentialAction\":[{\"@type\":\"SearchAction\",\"target\":{\"@type\":\"EntryPoint\",\"urlTemplate\":\"https:\/\/vosgesinfo.fr\/laplainedesvosgesinfo\/?s={search_term_string}\"},\"query-input\":\"required name=search_term_string\"}],\"inLanguage\":\"fr-FR\"},{\"@type\":\"Organization\",\"@id\":\"https:\/\/vosgesinfo.fr\/laplainedesvosgesinfo\/#organization\",\"name\":\"La Plaine des Vosges\",\"url\":\"https:\/\/vosgesinfo.fr\/laplainedesvosgesinfo\/\",\"logo\":{\"@type\":\"ImageObject\",\"inLanguage\":\"fr-FR\",\"@id\":\"https:\/\/vosgesinfo.fr\/laplainedesvosgesinfo\/#\/schema\/logo\/image\/\",\"url\":\"https:\/\/vosgesinfo.fr\/app\/uploads\/sites\/2\/2023\/08\/logo-laplaineinfo.svg\",\"contentUrl\":\"https:\/\/vosgesinfo.fr\/app\/uploads\/sites\/2\/2023\/08\/logo-laplaineinfo.svg\",\"width\":1,\"height\":1,\"caption\":\"La Plaine des Vosges\"},\"image\":{\"@id\":\"https:\/\/vosgesinfo.fr\/laplainedesvosgesinfo\/#\/schema\/logo\/image\/\"},\"sameAs\":[\"https:\/\/www.facebook.com\/laplainedesvosges\",\"https:\/\/x.com\/VosgesInfo88\",\"https:\/\/www.youtube.com\/@vosgesinfo\"]},{\"@type\":\"Person\",\"@id\":\"https:\/\/vosgesinfo.fr\/laplainedesvosgesinfo\/#\/schema\/person\/44f5fff67d0ae31d2770e1f7555c711d\",\"name\":\"La r\u00e9daction\",\"image\":{\"@type\":\"ImageObject\",\"inLanguage\":\"fr-FR\",\"@id\":\"https:\/\/vosgesinfo.fr\/laplainedesvosgesinfo\/#\/schema\/person\/image\/\",\"url\":\"https:\/\/secure.gravatar.com\/avatar\/16dedd2578b2ae59b9a3a38f046defecb4cf834aaec7bb1d03d9ba6b5e55a8d5?s=96&d=mm&r=g\",\"contentUrl\":\"https:\/\/secure.gravatar.com\/avatar\/16dedd2578b2ae59b9a3a38f046defecb4cf834aaec7bb1d03d9ba6b5e55a8d5?s=96&d=mm&r=g\",\"caption\":\"La r\u00e9daction\"},\"url\":\"https:\/\/vosgesinfo.fr\/laplainedesvosgesinfo\/author\/poupy\/\"}]}<\/script>\n<!-- \/ Yoast SEO plugin. -->","yoast_head_json":{"title":"Le grand retour de TOM, la mascotte du tri\u2026 version 2025 ! - La Plaine des Vosges","robots":{"index":"index","follow":"follow","max-snippet":"max-snippet:-1","max-image-preview":"max-image-preview:large","max-video-preview":"max-video-preview:-1"},"canonical":"https:\/\/vosgesinfo.fr\/laplainedesvosgesinfo\/2025\/04\/le-grand-retour-de-tom-la-mascotte-du-tri-version-2025\/","twitter_card":"summary_large_image","twitter_title":"Le grand retour de TOM, la mascotte du tri\u2026 version 2025 ! - La Plaine des Vosges","twitter_description":"Il y a plus de 20 ans, TOM, la mascotte du tri, r\u00e9gnait en ma\u00eetre sur les agendas scolaires des [&hellip;]","twitter_image":"https:\/\/vosgesinfo.fr\/app\/uploads\/sites\/2\/2025\/04\/visuel-photo-premium.jpg","twitter_creator":"@VosgesInfo88","twitter_site":"@VosgesInfo88","twitter_misc":{"\u00c9crit par":"La r\u00e9daction","Dur\u00e9e de lecture estim\u00e9e":"3 minutes"},"schema":{"@context":"https:\/\/schema.org","@graph":[{"@type":"Article","@id":"https:\/\/vosgesinfo.fr\/laplainedesvosgesinfo\/2025\/04\/le-grand-retour-de-tom-la-mascotte-du-tri-version-2025\/#article","isPartOf":{"@id":"https:\/\/vosgesinfo.fr\/laplainedesvosgesinfo\/2025\/04\/le-grand-retour-de-tom-la-mascotte-du-tri-version-2025\/"},"author":{"name":"La r\u00e9daction","@id":"https:\/\/vosgesinfo.fr\/laplainedesvosgesinfo\/#\/schema\/person\/44f5fff67d0ae31d2770e1f7555c711d"},"headline":"Le grand retour de TOM, la mascotte du tri\u2026 version 2025 !","datePublished":"2025-04-28T05:00:37+00:00","dateModified":"2025-04-28T05:00:37+00:00","mainEntityOfPage":{"@id":"https:\/\/vosgesinfo.fr\/laplainedesvosgesinfo\/2025\/04\/le-grand-retour-de-tom-la-mascotte-du-tri-version-2025\/"},"wordCount":591,"commentCount":0,"publisher":{"@id":"https:\/\/vosgesinfo.fr\/laplainedesvosgesinfo\/#organization"},"image":{"@id":"https:\/\/vosgesinfo.fr\/laplainedesvosgesinfo\/2025\/04\/le-grand-retour-de-tom-la-mascotte-du-tri-version-2025\/#primaryimage"},"thumbnailUrl":"https:\/\/vosgesinfo.fr\/app\/uploads\/sites\/2\/2025\/04\/visuel-photo-premium.jpg","articleSection":["A la Une","Epinal","G\u00e9rardmer","La plaine des vosges","Publi-reportage","Publireportage","Remiremont","Saint-di\u00e9"],"inLanguage":"fr-FR","potentialAction":[{"@type":"CommentAction","name":"Comment","target":["https:\/\/vosgesinfo.fr\/laplainedesvosgesinfo\/2025\/04\/le-grand-retour-de-tom-la-mascotte-du-tri-version-2025\/#respond"]}]},{"@type":"WebPage","@id":"https:\/\/vosgesinfo.fr\/laplainedesvosgesinfo\/2025\/04\/le-grand-retour-de-tom-la-mascotte-du-tri-version-2025\/","url":"https:\/\/vosgesinfo.fr\/laplainedesvosgesinfo\/2025\/04\/le-grand-retour-de-tom-la-mascotte-du-tri-version-2025\/","name":"Le grand retour de TOM, la mascotte du tri\u2026 version 2025 ! - La Plaine des Vosges","isPartOf":{"@id":"https:\/\/vosgesinfo.fr\/laplainedesvosgesinfo\/#website"},"primaryImageOfPage":{"@id":"https:\/\/vosgesinfo.fr\/laplainedesvosgesinfo\/2025\/04\/le-grand-retour-de-tom-la-mascotte-du-tri-version-2025\/#primaryimage"},"image":{"@id":"https:\/\/vosgesinfo.fr\/laplainedesvosgesinfo\/2025\/04\/le-grand-retour-de-tom-la-mascotte-du-tri-version-2025\/#primaryimage"},"thumbnailUrl":"https:\/\/vosgesinfo.fr\/app\/uploads\/sites\/2\/2025\/04\/visuel-photo-premium.jpg","datePublished":"2025-04-28T05:00:37+00:00","dateModified":"2025-04-28T05:00:37+00:00","breadcrumb":{"@id":"https:\/\/vosgesinfo.fr\/laplainedesvosgesinfo\/2025\/04\/le-grand-retour-de-tom-la-mascotte-du-tri-version-2025\/#breadcrumb"},"inLanguage":"fr-FR","potentialAction":[{"@type":"ReadAction","target":["https:\/\/vosgesinfo.fr\/laplainedesvosgesinfo\/2025\/04\/le-grand-retour-de-tom-la-mascotte-du-tri-version-2025\/"]}]},{"@type":"ImageObject","inLanguage":"fr-FR","@id":"https:\/\/vosgesinfo.fr\/laplainedesvosgesinfo\/2025\/04\/le-grand-retour-de-tom-la-mascotte-du-tri-version-2025\/#primaryimage","url":"https:\/\/vosgesinfo.fr\/app\/uploads\/sites\/2\/2025\/04\/visuel-photo-premium.jpg","contentUrl":"https:\/\/vosgesinfo.fr\/app\/uploads\/sites\/2\/2025\/04\/visuel-photo-premium.jpg","width":1627,"height":1211},{"@type":"BreadcrumbList","@id":"https:\/\/vosgesinfo.fr\/laplainedesvosgesinfo\/2025\/04\/le-grand-retour-de-tom-la-mascotte-du-tri-version-2025\/#breadcrumb","itemListElement":[{"@type":"ListItem","position":1,"name":"Home","item":"https:\/\/vosgesinfo.fr\/laplainedesvosgesinfo\/"},{"@type":"ListItem","position":2,"name":"Le grand retour de TOM, la mascotte du tri\u2026 version 2025 !"}]},{"@type":"WebSite","@id":"https:\/\/vosgesinfo.fr\/laplainedesvosgesinfo\/#website","url":"https:\/\/vosgesinfo.fr\/laplainedesvosgesinfo\/","name":"La Plaine des Vosges","description":"Toute l&#039;actualit\u00e9 de la plaine de Vosges","publisher":{"@id":"https:\/\/vosgesinfo.fr\/laplainedesvosgesinfo\/#organization"},"alternateName":"Toute l'actualit\u00e9 de la plaine des Vosges","potentialAction":[{"@type":"SearchAction","target":{"@type":"EntryPoint","urlTemplate":"https:\/\/vosgesinfo.fr\/laplainedesvosgesinfo\/?s={search_term_string}"},"query-input":"required name=search_term_string"}],"inLanguage":"fr-FR"},{"@type":"Organization","@id":"https:\/\/vosgesinfo.fr\/laplainedesvosgesinfo\/#organization","name":"La Plaine des Vosges","url":"https:\/\/vosgesinfo.fr\/laplainedesvosgesinfo\/","logo":{"@type":"ImageObject","inLanguage":"fr-FR","@id":"https:\/\/vosgesinfo.fr\/laplainedesvosgesinfo\/#\/schema\/logo\/image\/","url":"https:\/\/vosgesinfo.fr\/app\/uploads\/sites\/2\/2023\/08\/logo-laplaineinfo.svg","contentUrl":"https:\/\/vosgesinfo.fr\/app\/uploads\/sites\/2\/2023\/08\/logo-laplaineinfo.svg","width":1,"height":1,"caption":"La Plaine des Vosges"},"image":{"@id":"https:\/\/vosgesinfo.fr\/laplainedesvosgesinfo\/#\/schema\/logo\/image\/"},"sameAs":["https:\/\/www.facebook.com\/laplainedesvosges","https:\/\/x.com\/VosgesInfo88","https:\/\/www.youtube.com\/@vosgesinfo"]},{"@type":"Person","@id":"https:\/\/vosgesinfo.fr\/laplainedesvosgesinfo\/#\/schema\/person\/44f5fff67d0ae31d2770e1f7555c711d","name":"La r\u00e9daction","image":{"@type":"ImageObject","inLanguage":"fr-FR","@id":"https:\/\/vosgesinfo.fr\/laplainedesvosgesinfo\/#\/schema\/person\/image\/","url":"https:\/\/secure.gravatar.com\/avatar\/16dedd2578b2ae59b9a3a38f046defecb4cf834aaec7bb1d03d9ba6b5e55a8d5?s=96&d=mm&r=g","contentUrl":"https:\/\/secure.gravatar.com\/avatar\/16dedd2578b2ae59b9a3a38f046defecb4cf834aaec7bb1d03d9ba6b5e55a8d5?s=96&d=mm&r=g","caption":"La r\u00e9daction"},"url":"https:\/\/vosgesinfo.fr\/laplainedesvosgesinfo\/author\/poupy\/"}]}},"_links":{"self":[{"href":"https:\/\/vosgesinfo.fr\/laplainedesvosgesinfo\/wp-json\/wp\/v2\/posts\/29749","targetHints":{"allow":["GET"]}}],"collection":[{"href":"https:\/\/vosgesinfo.fr\/laplainedesvosgesinfo\/wp-json\/wp\/v2\/posts"}],"about":[{"href":"https:\/\/vosgesinfo.fr\/laplainedesvosgesinfo\/wp-json\/wp\/v2\/types\/post"}],"author":[{"embeddable":true,"href":"https:\/\/vosgesinfo.fr\/laplainedesvosgesinfo\/wp-json\/wp\/v2\/users\/41"}],"replies":[{"embeddable":true,"href":"https:\/\/vosgesinfo.fr\/laplainedesvosgesinfo\/wp-json\/wp\/v2\/comments?post=29749"}],"version-history":[{"count":0,"href":"https:\/\/vosgesinfo.fr\/laplainedesvosgesinfo\/wp-json\/wp\/v2\/posts\/29749\/revisions"}],"wp:featuredmedia":[{"embeddable":true,"href":"https:\/\/vosgesinfo.fr\/laplainedesvosgesinfo\/wp-json\/wp\/v2\/media\/29750"}],"wp:attachment":[{"href":"https:\/\/vosgesinfo.fr\/laplainedesvosgesinfo\/wp-json\/wp\/v2\/media?parent=29749"}],"wp:term":[{"taxonomy":"category","embeddable":true,"href":"https:\/\/vosgesinfo.fr\/laplainedesvosgesinfo\/wp-json\/wp\/v2\/categories?post=29749"},{"taxonomy":"post_tag","embeddable":true,"href":"https:\/\/vosgesinfo.fr\/laplainedesvosgesinfo\/wp-json\/wp\/v2\/tags?post=29749"}],"curies":[{"name":"wp","href":"https:\/\/api.w.org\/{rel}","templated":true}]}}