{"id":29797,"date":"2025-04-28T13:18:04","date_gmt":"2025-04-28T11:18:04","guid":{"rendered":"https:\/\/vosgesinfo.fr\/laplainedesvosgesinfo\/?p=29797"},"modified":"2025-04-28T13:18:04","modified_gmt":"2025-04-28T11:18:04","slug":"mouvement-de-greve-des-medecins-liberaux-et-des-internes-en-medecine-conseils-de-prise-en-charge-aux-patients","status":"publish","type":"post","link":"https:\/\/vosgesinfo.fr\/laplainedesvosgesinfo\/2025\/04\/mouvement-de-greve-des-medecins-liberaux-et-des-internes-en-medecine-conseils-de-prise-en-charge-aux-patients\/","title":{"rendered":"MOUVEMENT DE GR\u00c8VE DES M\u00c9DECINS LIB\u00c9RAUX ET DES INTERNES EN MEDECINE : CONSEILS DE PRISE EN CHARGE AUX PATIENTS"},"content":{"rendered":"<p><a href=\"https:\/\/vosgesinfo.fr\/app\/uploads\/sites\/6\/2024\/07\/202112logo-ars-grand-est.jpg\"><img decoding=\"async\" class=\"aligncenter size-full wp-image-56236\" src=\"https:\/\/vosgesinfo.fr\/app\/uploads\/sites\/6\/2024\/07\/202112logo-ars-grand-est.jpg\" alt=\"\" width=\"400\" height=\"400\" \/><\/a><\/p>\n<h3>Une gr\u00e8ve des m\u00e9decins lib\u00e9raux et des internes en m\u00e9decine est annonc\u00e9e \u00e0 compter du 28 avril 2025. Un certain nombre de cabinets m\u00e9dicaux de la r\u00e9gion pourraient ainsi ferm\u00e9s ou connaitre une activit\u00e9 r\u00e9duite.<\/h3>\n<p>Dans ce contexte, l\u2019ARS Grand Est appelle la population \u00e0 adopter des comportements responsables afin de pr\u00e9server les services d\u2019urgences des \u00e9tablissements de sant\u00e9, qui doivent rester disponibles pour les situations les plus graves.<\/p>\n<p>L\u2019ARS Grand Est a mis en alerte les services d\u2019urgences, le SAMU et la r\u00e9gulation m\u00e9dicale de la r\u00e9gion. N\u00e9anmoins, ces structures doivent \u00eatre pr\u00e9serv\u00e9es lorsque les soins peuvent \u00eatre diff\u00e9r\u00e9s ou assur\u00e9s autrement.<br \/>\n<strong>Afin de b\u00e9n\u00e9ficier de la prise en charge la plus adapt\u00e9e en cas de besoins de soins urgents ou ne pouvant \u00eatre report\u00e9s, l\u2019ARS vous recommande les principes suivants :<\/strong><\/p>\n<p>\u2022 En cas de rendez-vous programm\u00e9 pendant les jours concern\u00e9s par la mobilisation, votre m\u00e9decin<br \/>\nou son secr\u00e9tariat vous aura normalement contact\u00e9 pour fixer une nouvelle date. En cas de doute,<br \/>\nprenez contact avec votre cabinet m\u00e9dical, pour confirmer ou reporter votre rendez-vous.<\/p>\n<p>\u2022 Utilisez les dispositifs de soins non programm\u00e9s si un tel service est op\u00e9rationnel dans votre secteur<br \/>\n(maisons m\u00e9dicales de garde, centre de soins non programm\u00e9s, etc\u2026). Il vous est conseill\u00e9 d\u2019appeler<br \/>\nen amont avant de vous d\u00e9placer.<br \/>\n<a href=\"https:\/\/www.grand-est.ars.sante.fr\/urgences-les-differentes-solutions-selon-votre-besoin-de-soins\" target=\"_blank\" rel=\"noopener\">https:\/\/www.grand-est.ars.sante.fr\/urgences-les-differentes-solutions-selon-votre-besoin-de-soins<\/a><\/p>\n<p>\u2022 Le dispositif de permanence des soins ambulatoires (service de garde des m\u00e9decins g\u00e9n\u00e9ralistes)<br \/>\nrestera actif chaque nuit. Pour toute demande m\u00e9dicale en dehors des heures d\u2019ouverture habituelles,<br \/>\nles patients sont invit\u00e9s \u00e0 appeler le 15, afin d\u2019\u00eatre orient\u00e9s selon leur \u00e9tat de sant\u00e9.<br \/>\n\u2022 En cas d\u2019urgence, pour un adulte ou un enfant, contactez le 15, accessible 24h\/24 ainsi qu\u2019avant tout d\u00e9placement aux urgences afin d\u2019obtenir une premi\u00e8re \u00e9valuation m\u00e9dicale et, si n\u00e9cessaire, une orientation adapt\u00e9e \u00e0 votre situation.<\/p>\n","protected":false},"excerpt":{"rendered":"<p>Une gr\u00e8ve des m\u00e9decins lib\u00e9raux et des internes en m\u00e9decine est annonc\u00e9e \u00e0 compter du 28 avril 2025. Un certain [&hellip;]<\/p>\n","protected":false},"author":391,"featured_media":29798,"comment_status":"open","ping_status":"open","sticky":false,"template":"","format":"standard","meta":{"footnotes":""},"categories":[29,383,294,380,381,384,12],"tags":[4526],"class_list":["post-29797","post","type-post","status-publish","format-standard","has-post-thumbnail","hentry","category-a-la-une","category-epinal","category-gerardmer","category-la-plaine-des-vosges","category-remiremont","category-saint-die","category-sante","tag-ars-grand-est"],"acf":[],"yoast_head":"<!-- This site is optimized with the Yoast SEO plugin v22.5 - https:\/\/yoast.com\/wordpress\/plugins\/seo\/ -->\n<title>MOUVEMENT DE GR\u00c8VE DES M\u00c9DECINS LIB\u00c9RAUX ET DES INTERNES EN MEDECINE : CONSEILS DE PRISE EN CHARGE AUX PATIENTS - La Plaine des Vosges<\/title>\n<meta name=\"robots\" content=\"index, follow, max-snippet:-1, max-image-preview:large, max-video-preview:-1\" \/>\n<link rel=\"canonical\" href=\"https:\/\/vosgesinfo.fr\/laplainedesvosgesinfo\/2025\/04\/mouvement-de-greve-des-medecins-liberaux-et-des-internes-en-medecine-conseils-de-prise-en-charge-aux-patients\/\" \/>\n<meta name=\"twitter:card\" content=\"summary_large_image\" \/>\n<meta name=\"twitter:title\" content=\"MOUVEMENT DE GR\u00c8VE DES M\u00c9DECINS LIB\u00c9RAUX ET DES INTERNES EN MEDECINE : CONSEILS DE PRISE EN CHARGE AUX PATIENTS - La Plaine des Vosges\" \/>\n<meta name=\"twitter:description\" content=\"Une gr\u00e8ve des m\u00e9decins lib\u00e9raux et des internes en m\u00e9decine est annonc\u00e9e \u00e0 compter du 28 avril 2025. Un certain [&hellip;]\" \/>\n<meta name=\"twitter:image\" content=\"https:\/\/vosgesinfo.fr\/app\/uploads\/sites\/2\/2025\/04\/202112logo-ars-grand-est.jpg\" \/>\n<meta name=\"twitter:creator\" content=\"@VosgesInfo88\" \/>\n<meta name=\"twitter:site\" content=\"@VosgesInfo88\" \/>\n<meta name=\"twitter:label1\" content=\"\u00c9crit par\" \/>\n\t<meta name=\"twitter:data1\" content=\"La redaction\" \/>\n\t<meta name=\"twitter:label2\" content=\"Dur\u00e9e de lecture estim\u00e9e\" \/>\n\t<meta name=\"twitter:data2\" content=\"2 minutes\" \/>\n<script type=\"application\/ld+json\" class=\"yoast-schema-graph\">{\"@context\":\"https:\/\/schema.org\",\"@graph\":[{\"@type\":\"Article\",\"@id\":\"https:\/\/vosgesinfo.fr\/laplainedesvosgesinfo\/2025\/04\/mouvement-de-greve-des-medecins-liberaux-et-des-internes-en-medecine-conseils-de-prise-en-charge-aux-patients\/#article\",\"isPartOf\":{\"@id\":\"https:\/\/vosgesinfo.fr\/laplainedesvosgesinfo\/2025\/04\/mouvement-de-greve-des-medecins-liberaux-et-des-internes-en-medecine-conseils-de-prise-en-charge-aux-patients\/\"},\"author\":{\"name\":\"La redaction\",\"@id\":\"https:\/\/vosgesinfo.fr\/laplainedesvosgesinfo\/#\/schema\/person\/27a3695b06db98895b354c0765cdfc31\"},\"headline\":\"MOUVEMENT DE GR\u00c8VE DES M\u00c9DECINS LIB\u00c9RAUX ET DES INTERNES EN MEDECINE : CONSEILS DE PRISE EN CHARGE AUX PATIENTS\",\"datePublished\":\"2025-04-28T11:18:04+00:00\",\"dateModified\":\"2025-04-28T11:18:04+00:00\",\"mainEntityOfPage\":{\"@id\":\"https:\/\/vosgesinfo.fr\/laplainedesvosgesinfo\/2025\/04\/mouvement-de-greve-des-medecins-liberaux-et-des-internes-en-medecine-conseils-de-prise-en-charge-aux-patients\/\"},\"wordCount\":363,\"commentCount\":0,\"publisher\":{\"@id\":\"https:\/\/vosgesinfo.fr\/laplainedesvosgesinfo\/#organization\"},\"image\":{\"@id\":\"https:\/\/vosgesinfo.fr\/laplainedesvosgesinfo\/2025\/04\/mouvement-de-greve-des-medecins-liberaux-et-des-internes-en-medecine-conseils-de-prise-en-charge-aux-patients\/#primaryimage\"},\"thumbnailUrl\":\"https:\/\/vosgesinfo.fr\/app\/uploads\/sites\/2\/2025\/04\/202112logo-ars-grand-est.jpg\",\"keywords\":[\"ARS Grand Est\"],\"articleSection\":[\"A la Une\",\"Epinal\",\"G\u00e9rardmer\",\"La plaine des vosges\",\"Remiremont\",\"Saint-di\u00e9\",\"Sant\u00e9\"],\"inLanguage\":\"fr-FR\",\"potentialAction\":[{\"@type\":\"CommentAction\",\"name\":\"Comment\",\"target\":[\"https:\/\/vosgesinfo.fr\/laplainedesvosgesinfo\/2025\/04\/mouvement-de-greve-des-medecins-liberaux-et-des-internes-en-medecine-conseils-de-prise-en-charge-aux-patients\/#respond\"]}]},{\"@type\":\"WebPage\",\"@id\":\"https:\/\/vosgesinfo.fr\/laplainedesvosgesinfo\/2025\/04\/mouvement-de-greve-des-medecins-liberaux-et-des-internes-en-medecine-conseils-de-prise-en-charge-aux-patients\/\",\"url\":\"https:\/\/vosgesinfo.fr\/laplainedesvosgesinfo\/2025\/04\/mouvement-de-greve-des-medecins-liberaux-et-des-internes-en-medecine-conseils-de-prise-en-charge-aux-patients\/\",\"name\":\"MOUVEMENT DE GR\u00c8VE DES M\u00c9DECINS LIB\u00c9RAUX ET DES INTERNES EN MEDECINE : CONSEILS DE PRISE EN CHARGE AUX PATIENTS - La Plaine des Vosges\",\"isPartOf\":{\"@id\":\"https:\/\/vosgesinfo.fr\/laplainedesvosgesinfo\/#website\"},\"primaryImageOfPage\":{\"@id\":\"https:\/\/vosgesinfo.fr\/laplainedesvosgesinfo\/2025\/04\/mouvement-de-greve-des-medecins-liberaux-et-des-internes-en-medecine-conseils-de-prise-en-charge-aux-patients\/#primaryimage\"},\"image\":{\"@id\":\"https:\/\/vosgesinfo.fr\/laplainedesvosgesinfo\/2025\/04\/mouvement-de-greve-des-medecins-liberaux-et-des-internes-en-medecine-conseils-de-prise-en-charge-aux-patients\/#primaryimage\"},\"thumbnailUrl\":\"https:\/\/vosgesinfo.fr\/app\/uploads\/sites\/2\/2025\/04\/202112logo-ars-grand-est.jpg\",\"datePublished\":\"2025-04-28T11:18:04+00:00\",\"dateModified\":\"2025-04-28T11:18:04+00:00\",\"breadcrumb\":{\"@id\":\"https:\/\/vosgesinfo.fr\/laplainedesvosgesinfo\/2025\/04\/mouvement-de-greve-des-medecins-liberaux-et-des-internes-en-medecine-conseils-de-prise-en-charge-aux-patients\/#breadcrumb\"},\"inLanguage\":\"fr-FR\",\"potentialAction\":[{\"@type\":\"ReadAction\",\"target\":[\"https:\/\/vosgesinfo.fr\/laplainedesvosgesinfo\/2025\/04\/mouvement-de-greve-des-medecins-liberaux-et-des-internes-en-medecine-conseils-de-prise-en-charge-aux-patients\/\"]}]},{\"@type\":\"ImageObject\",\"inLanguage\":\"fr-FR\",\"@id\":\"https:\/\/vosgesinfo.fr\/laplainedesvosgesinfo\/2025\/04\/mouvement-de-greve-des-medecins-liberaux-et-des-internes-en-medecine-conseils-de-prise-en-charge-aux-patients\/#primaryimage\",\"url\":\"https:\/\/vosgesinfo.fr\/app\/uploads\/sites\/2\/2025\/04\/202112logo-ars-grand-est.jpg\",\"contentUrl\":\"https:\/\/vosgesinfo.fr\/app\/uploads\/sites\/2\/2025\/04\/202112logo-ars-grand-est.jpg\",\"width\":400,\"height\":400},{\"@type\":\"BreadcrumbList\",\"@id\":\"https:\/\/vosgesinfo.fr\/laplainedesvosgesinfo\/2025\/04\/mouvement-de-greve-des-medecins-liberaux-et-des-internes-en-medecine-conseils-de-prise-en-charge-aux-patients\/#breadcrumb\",\"itemListElement\":[{\"@type\":\"ListItem\",\"position\":1,\"name\":\"Home\",\"item\":\"https:\/\/vosgesinfo.fr\/laplainedesvosgesinfo\/\"},{\"@type\":\"ListItem\",\"position\":2,\"name\":\"MOUVEMENT DE GR\u00c8VE DES M\u00c9DECINS LIB\u00c9RAUX ET DES INTERNES EN MEDECINE : CONSEILS DE PRISE EN CHARGE AUX PATIENTS\"}]},{\"@type\":\"WebSite\",\"@id\":\"https:\/\/vosgesinfo.fr\/laplainedesvosgesinfo\/#website\",\"url\":\"https:\/\/vosgesinfo.fr\/laplainedesvosgesinfo\/\",\"name\":\"La Plaine des Vosges\",\"description\":\"Toute l&#039;actualit\u00e9 de la plaine de Vosges\",\"publisher\":{\"@id\":\"https:\/\/vosgesinfo.fr\/laplainedesvosgesinfo\/#organization\"},\"alternateName\":\"Toute l'actualit\u00e9 de la plaine des Vosges\",\"potentialAction\":[{\"@type\":\"SearchAction\",\"target\":{\"@type\":\"EntryPoint\",\"urlTemplate\":\"https:\/\/vosgesinfo.fr\/laplainedesvosgesinfo\/?s={search_term_string}\"},\"query-input\":\"required name=search_term_string\"}],\"inLanguage\":\"fr-FR\"},{\"@type\":\"Organization\",\"@id\":\"https:\/\/vosgesinfo.fr\/laplainedesvosgesinfo\/#organization\",\"name\":\"La Plaine des Vosges\",\"url\":\"https:\/\/vosgesinfo.fr\/laplainedesvosgesinfo\/\",\"logo\":{\"@type\":\"ImageObject\",\"inLanguage\":\"fr-FR\",\"@id\":\"https:\/\/vosgesinfo.fr\/laplainedesvosgesinfo\/#\/schema\/logo\/image\/\",\"url\":\"https:\/\/vosgesinfo.fr\/app\/uploads\/sites\/2\/2023\/08\/logo-laplaineinfo.svg\",\"contentUrl\":\"https:\/\/vosgesinfo.fr\/app\/uploads\/sites\/2\/2023\/08\/logo-laplaineinfo.svg\",\"width\":1,\"height\":1,\"caption\":\"La Plaine des Vosges\"},\"image\":{\"@id\":\"https:\/\/vosgesinfo.fr\/laplainedesvosgesinfo\/#\/schema\/logo\/image\/\"},\"sameAs\":[\"https:\/\/www.facebook.com\/laplainedesvosges\",\"https:\/\/x.com\/VosgesInfo88\",\"https:\/\/www.youtube.com\/@vosgesinfo\"]},{\"@type\":\"Person\",\"@id\":\"https:\/\/vosgesinfo.fr\/laplainedesvosgesinfo\/#\/schema\/person\/27a3695b06db98895b354c0765cdfc31\",\"name\":\"La redaction\",\"image\":{\"@type\":\"ImageObject\",\"inLanguage\":\"fr-FR\",\"@id\":\"https:\/\/vosgesinfo.fr\/laplainedesvosgesinfo\/#\/schema\/person\/image\/\",\"url\":\"https:\/\/secure.gravatar.com\/avatar\/64c76a78e501cedee55736f43f332df901e1896ae9cd8fad269ae2236dd0e8b6?s=96&d=mm&r=g\",\"contentUrl\":\"https:\/\/secure.gravatar.com\/avatar\/64c76a78e501cedee55736f43f332df901e1896ae9cd8fad269ae2236dd0e8b6?s=96&d=mm&r=g\",\"caption\":\"La redaction\"},\"url\":\"https:\/\/vosgesinfo.fr\/laplainedesvosgesinfo\/author\/la-redaction\/\"}]}<\/script>\n<!-- \/ Yoast SEO plugin. -->","yoast_head_json":{"title":"MOUVEMENT DE GR\u00c8VE DES M\u00c9DECINS LIB\u00c9RAUX ET DES INTERNES EN MEDECINE : CONSEILS DE PRISE EN CHARGE AUX PATIENTS - La Plaine des Vosges","robots":{"index":"index","follow":"follow","max-snippet":"max-snippet:-1","max-image-preview":"max-image-preview:large","max-video-preview":"max-video-preview:-1"},"canonical":"https:\/\/vosgesinfo.fr\/laplainedesvosgesinfo\/2025\/04\/mouvement-de-greve-des-medecins-liberaux-et-des-internes-en-medecine-conseils-de-prise-en-charge-aux-patients\/","twitter_card":"summary_large_image","twitter_title":"MOUVEMENT DE GR\u00c8VE DES M\u00c9DECINS LIB\u00c9RAUX ET DES INTERNES EN MEDECINE : CONSEILS DE PRISE EN CHARGE AUX PATIENTS - La Plaine des Vosges","twitter_description":"Une gr\u00e8ve des m\u00e9decins lib\u00e9raux et des internes en m\u00e9decine est annonc\u00e9e \u00e0 compter du 28 avril 2025. Un certain [&hellip;]","twitter_image":"https:\/\/vosgesinfo.fr\/app\/uploads\/sites\/2\/2025\/04\/202112logo-ars-grand-est.jpg","twitter_creator":"@VosgesInfo88","twitter_site":"@VosgesInfo88","twitter_misc":{"\u00c9crit par":"La redaction","Dur\u00e9e de lecture estim\u00e9e":"2 minutes"},"schema":{"@context":"https:\/\/schema.org","@graph":[{"@type":"Article","@id":"https:\/\/vosgesinfo.fr\/laplainedesvosgesinfo\/2025\/04\/mouvement-de-greve-des-medecins-liberaux-et-des-internes-en-medecine-conseils-de-prise-en-charge-aux-patients\/#article","isPartOf":{"@id":"https:\/\/vosgesinfo.fr\/laplainedesvosgesinfo\/2025\/04\/mouvement-de-greve-des-medecins-liberaux-et-des-internes-en-medecine-conseils-de-prise-en-charge-aux-patients\/"},"author":{"name":"La redaction","@id":"https:\/\/vosgesinfo.fr\/laplainedesvosgesinfo\/#\/schema\/person\/27a3695b06db98895b354c0765cdfc31"},"headline":"MOUVEMENT DE GR\u00c8VE DES M\u00c9DECINS LIB\u00c9RAUX ET DES INTERNES EN MEDECINE : CONSEILS DE PRISE EN CHARGE AUX PATIENTS","datePublished":"2025-04-28T11:18:04+00:00","dateModified":"2025-04-28T11:18:04+00:00","mainEntityOfPage":{"@id":"https:\/\/vosgesinfo.fr\/laplainedesvosgesinfo\/2025\/04\/mouvement-de-greve-des-medecins-liberaux-et-des-internes-en-medecine-conseils-de-prise-en-charge-aux-patients\/"},"wordCount":363,"commentCount":0,"publisher":{"@id":"https:\/\/vosgesinfo.fr\/laplainedesvosgesinfo\/#organization"},"image":{"@id":"https:\/\/vosgesinfo.fr\/laplainedesvosgesinfo\/2025\/04\/mouvement-de-greve-des-medecins-liberaux-et-des-internes-en-medecine-conseils-de-prise-en-charge-aux-patients\/#primaryimage"},"thumbnailUrl":"https:\/\/vosgesinfo.fr\/app\/uploads\/sites\/2\/2025\/04\/202112logo-ars-grand-est.jpg","keywords":["ARS Grand Est"],"articleSection":["A la Une","Epinal","G\u00e9rardmer","La plaine des vosges","Remiremont","Saint-di\u00e9","Sant\u00e9"],"inLanguage":"fr-FR","potentialAction":[{"@type":"CommentAction","name":"Comment","target":["https:\/\/vosgesinfo.fr\/laplainedesvosgesinfo\/2025\/04\/mouvement-de-greve-des-medecins-liberaux-et-des-internes-en-medecine-conseils-de-prise-en-charge-aux-patients\/#respond"]}]},{"@type":"WebPage","@id":"https:\/\/vosgesinfo.fr\/laplainedesvosgesinfo\/2025\/04\/mouvement-de-greve-des-medecins-liberaux-et-des-internes-en-medecine-conseils-de-prise-en-charge-aux-patients\/","url":"https:\/\/vosgesinfo.fr\/laplainedesvosgesinfo\/2025\/04\/mouvement-de-greve-des-medecins-liberaux-et-des-internes-en-medecine-conseils-de-prise-en-charge-aux-patients\/","name":"MOUVEMENT DE GR\u00c8VE DES M\u00c9DECINS LIB\u00c9RAUX ET DES INTERNES EN MEDECINE : CONSEILS DE PRISE EN CHARGE AUX PATIENTS - La Plaine des Vosges","isPartOf":{"@id":"https:\/\/vosgesinfo.fr\/laplainedesvosgesinfo\/#website"},"primaryImageOfPage":{"@id":"https:\/\/vosgesinfo.fr\/laplainedesvosgesinfo\/2025\/04\/mouvement-de-greve-des-medecins-liberaux-et-des-internes-en-medecine-conseils-de-prise-en-charge-aux-patients\/#primaryimage"},"image":{"@id":"https:\/\/vosgesinfo.fr\/laplainedesvosgesinfo\/2025\/04\/mouvement-de-greve-des-medecins-liberaux-et-des-internes-en-medecine-conseils-de-prise-en-charge-aux-patients\/#primaryimage"},"thumbnailUrl":"https:\/\/vosgesinfo.fr\/app\/uploads\/sites\/2\/2025\/04\/202112logo-ars-grand-est.jpg","datePublished":"2025-04-28T11:18:04+00:00","dateModified":"2025-04-28T11:18:04+00:00","breadcrumb":{"@id":"https:\/\/vosgesinfo.fr\/laplainedesvosgesinfo\/2025\/04\/mouvement-de-greve-des-medecins-liberaux-et-des-internes-en-medecine-conseils-de-prise-en-charge-aux-patients\/#breadcrumb"},"inLanguage":"fr-FR","potentialAction":[{"@type":"ReadAction","target":["https:\/\/vosgesinfo.fr\/laplainedesvosgesinfo\/2025\/04\/mouvement-de-greve-des-medecins-liberaux-et-des-internes-en-medecine-conseils-de-prise-en-charge-aux-patients\/"]}]},{"@type":"ImageObject","inLanguage":"fr-FR","@id":"https:\/\/vosgesinfo.fr\/laplainedesvosgesinfo\/2025\/04\/mouvement-de-greve-des-medecins-liberaux-et-des-internes-en-medecine-conseils-de-prise-en-charge-aux-patients\/#primaryimage","url":"https:\/\/vosgesinfo.fr\/app\/uploads\/sites\/2\/2025\/04\/202112logo-ars-grand-est.jpg","contentUrl":"https:\/\/vosgesinfo.fr\/app\/uploads\/sites\/2\/2025\/04\/202112logo-ars-grand-est.jpg","width":400,"height":400},{"@type":"BreadcrumbList","@id":"https:\/\/vosgesinfo.fr\/laplainedesvosgesinfo\/2025\/04\/mouvement-de-greve-des-medecins-liberaux-et-des-internes-en-medecine-conseils-de-prise-en-charge-aux-patients\/#breadcrumb","itemListElement":[{"@type":"ListItem","position":1,"name":"Home","item":"https:\/\/vosgesinfo.fr\/laplainedesvosgesinfo\/"},{"@type":"ListItem","position":2,"name":"MOUVEMENT DE GR\u00c8VE DES M\u00c9DECINS LIB\u00c9RAUX ET DES INTERNES EN MEDECINE : CONSEILS DE PRISE EN CHARGE AUX PATIENTS"}]},{"@type":"WebSite","@id":"https:\/\/vosgesinfo.fr\/laplainedesvosgesinfo\/#website","url":"https:\/\/vosgesinfo.fr\/laplainedesvosgesinfo\/","name":"La Plaine des Vosges","description":"Toute l&#039;actualit\u00e9 de la plaine de Vosges","publisher":{"@id":"https:\/\/vosgesinfo.fr\/laplainedesvosgesinfo\/#organization"},"alternateName":"Toute l'actualit\u00e9 de la plaine des Vosges","potentialAction":[{"@type":"SearchAction","target":{"@type":"EntryPoint","urlTemplate":"https:\/\/vosgesinfo.fr\/laplainedesvosgesinfo\/?s={search_term_string}"},"query-input":"required name=search_term_string"}],"inLanguage":"fr-FR"},{"@type":"Organization","@id":"https:\/\/vosgesinfo.fr\/laplainedesvosgesinfo\/#organization","name":"La Plaine des Vosges","url":"https:\/\/vosgesinfo.fr\/laplainedesvosgesinfo\/","logo":{"@type":"ImageObject","inLanguage":"fr-FR","@id":"https:\/\/vosgesinfo.fr\/laplainedesvosgesinfo\/#\/schema\/logo\/image\/","url":"https:\/\/vosgesinfo.fr\/app\/uploads\/sites\/2\/2023\/08\/logo-laplaineinfo.svg","contentUrl":"https:\/\/vosgesinfo.fr\/app\/uploads\/sites\/2\/2023\/08\/logo-laplaineinfo.svg","width":1,"height":1,"caption":"La Plaine des Vosges"},"image":{"@id":"https:\/\/vosgesinfo.fr\/laplainedesvosgesinfo\/#\/schema\/logo\/image\/"},"sameAs":["https:\/\/www.facebook.com\/laplainedesvosges","https:\/\/x.com\/VosgesInfo88","https:\/\/www.youtube.com\/@vosgesinfo"]},{"@type":"Person","@id":"https:\/\/vosgesinfo.fr\/laplainedesvosgesinfo\/#\/schema\/person\/27a3695b06db98895b354c0765cdfc31","name":"La redaction","image":{"@type":"ImageObject","inLanguage":"fr-FR","@id":"https:\/\/vosgesinfo.fr\/laplainedesvosgesinfo\/#\/schema\/person\/image\/","url":"https:\/\/secure.gravatar.com\/avatar\/64c76a78e501cedee55736f43f332df901e1896ae9cd8fad269ae2236dd0e8b6?s=96&d=mm&r=g","contentUrl":"https:\/\/secure.gravatar.com\/avatar\/64c76a78e501cedee55736f43f332df901e1896ae9cd8fad269ae2236dd0e8b6?s=96&d=mm&r=g","caption":"La redaction"},"url":"https:\/\/vosgesinfo.fr\/laplainedesvosgesinfo\/author\/la-redaction\/"}]}},"_links":{"self":[{"href":"https:\/\/vosgesinfo.fr\/laplainedesvosgesinfo\/wp-json\/wp\/v2\/posts\/29797","targetHints":{"allow":["GET"]}}],"collection":[{"href":"https:\/\/vosgesinfo.fr\/laplainedesvosgesinfo\/wp-json\/wp\/v2\/posts"}],"about":[{"href":"https:\/\/vosgesinfo.fr\/laplainedesvosgesinfo\/wp-json\/wp\/v2\/types\/post"}],"author":[{"embeddable":true,"href":"https:\/\/vosgesinfo.fr\/laplainedesvosgesinfo\/wp-json\/wp\/v2\/users\/391"}],"replies":[{"embeddable":true,"href":"https:\/\/vosgesinfo.fr\/laplainedesvosgesinfo\/wp-json\/wp\/v2\/comments?post=29797"}],"version-history":[{"count":0,"href":"https:\/\/vosgesinfo.fr\/laplainedesvosgesinfo\/wp-json\/wp\/v2\/posts\/29797\/revisions"}],"wp:featuredmedia":[{"embeddable":true,"href":"https:\/\/vosgesinfo.fr\/laplainedesvosgesinfo\/wp-json\/wp\/v2\/media\/29798"}],"wp:attachment":[{"href":"https:\/\/vosgesinfo.fr\/laplainedesvosgesinfo\/wp-json\/wp\/v2\/media?parent=29797"}],"wp:term":[{"taxonomy":"category","embeddable":true,"href":"https:\/\/vosgesinfo.fr\/laplainedesvosgesinfo\/wp-json\/wp\/v2\/categories?post=29797"},{"taxonomy":"post_tag","embeddable":true,"href":"https:\/\/vosgesinfo.fr\/laplainedesvosgesinfo\/wp-json\/wp\/v2\/tags?post=29797"}],"curies":[{"name":"wp","href":"https:\/\/api.w.org\/{rel}","templated":true}]}}