{"id":29812,"date":"2025-04-29T09:04:05","date_gmt":"2025-04-29T07:04:05","guid":{"rendered":"https:\/\/vosgesinfo.fr\/laplainedesvosgesinfo\/2025\/04\/participation-des-detenus-aux-frais-de-detention-gerald-darmanin-annonce-son-soutien-a-la-proposition-de-loi-du-depute-naegelen\/"},"modified":"2025-04-29T09:04:05","modified_gmt":"2025-04-29T07:04:05","slug":"participation-des-detenus-aux-frais-de-detention-gerald-darmanin-annonce-son-soutien-a-la-proposition-de-loi-du-depute-naegelen","status":"publish","type":"post","link":"https:\/\/vosgesinfo.fr\/laplainedesvosgesinfo\/2025\/04\/participation-des-detenus-aux-frais-de-detention-gerald-darmanin-annonce-son-soutien-a-la-proposition-de-loi-du-depute-naegelen\/","title":{"rendered":"Participation des d\u00e9tenus aux frais de d\u00e9tention : G\u00e9rald Darmanin annonce son soutien \u00e0 la proposition de loi du d\u00e9put\u00e9 Naegelen"},"content":{"rendered":"<p class=\"\" data-start=\"211\" data-end=\"657\"><strong>Le d\u00e9bat sur la participation financi\u00e8re des d\u00e9tenus \u00e0 leur incarc\u00e9ration refait surface au plus haut niveau de l\u2019\u00c9tat. Ce lundi 28 avril 2025, lors du journal t\u00e9l\u00e9vis\u00e9 de 20h sur TF1, le ministre de la justice G\u00e9rald Darmanin a annonc\u00e9 qu\u2019il soutenait la proposition de loi port\u00e9e par le d\u00e9put\u00e9 des Vosges Christophe Naegelen. Une prise de position qui relance un dossier sensible m\u00ealant justice, finances publiques et conditions carc\u00e9rales.<\/strong><\/p>\n<p class=\"\" data-start=\"659\" data-end=\"1030\">\u00ab Il y a une proposition de loi de Monsieur Naegelen notamment qui a \u00e9t\u00e9 d\u00e9pos\u00e9e \u00e0 l\u2019Assembl\u00e9e nationale, je vais la soutenir, et nous allons travailler ensemble pour que ce soit un montant qui soit symbolique mais important, pour qu\u2019on arr\u00eate avec une sorte de laxisme qui s\u2019est gliss\u00e9 dans nos prisons fran\u00e7aises \u00bb, a d\u00e9clar\u00e9 G\u00e9rald Darmanin en direct \u00e0 la t\u00e9l\u00e9vision.<\/p>\n<p class=\"\" data-start=\"1032\" data-end=\"1495\">Une d\u00e9claration appuy\u00e9e par une lettre publi\u00e9e dans la foul\u00e9e sur ses r\u00e9seaux sociaux, adress\u00e9e aux agents p\u00e9nitentiaires. Ces derniers, confront\u00e9s \u00e0 une s\u00e9rie d\u2019agressions ces derni\u00e8res semaines, y trouvent un message de soutien fort de la part du ministre : \u00ab Je vais aussi mettre en place la participation des d\u00e9tenus aux frais par jour d\u2019incarc\u00e9ration en modifiant la loi : cette somme r\u00e9colt\u00e9e ira directement \u00e0 l\u2019am\u00e9lioration de vos conditions de travail. \u00bb<\/p>\n<h3 class=\"\" data-start=\"1497\" data-end=\"1541\">Une id\u00e9e relanc\u00e9e apr\u00e8s plusieurs ann\u00e9es<\/h3>\n<p class=\"\" data-start=\"1543\" data-end=\"1973\">Christophe Naegelen n\u2019en est pas \u00e0 sa premi\u00e8re tentative. Le d\u00e9put\u00e9 avait d\u00e9j\u00e0 propos\u00e9 une premi\u00e8re version de ce texte il y a plusieurs ann\u00e9es, sans qu\u2019elle n\u2019aboutisse. Mais fort de son exp\u00e9rience en tant que co-pr\u00e9sident du groupe d\u2019\u00e9tude \u00ab Prisons et Conditions Carc\u00e9rales \u00bb de 2022 \u00e0 2024, et apr\u00e8s plusieurs visites dans les \u00e9tablissements de Fleury-M\u00e9rogis, \u00c9pinal, Max\u00e9ville et \u00c9crouves, il revient avec un projet remani\u00e9.<\/p>\n<p class=\"\" data-start=\"1975\" data-end=\"2306\">La mesure qu\u2019il d\u00e9fend vise \u00e0 instaurer une contribution obligatoire des d\u00e9tenus reconnus coupables aux frais li\u00e9s \u00e0 leur d\u00e9tention, estim\u00e9s \u00e0 environ 100 euros par jour. Le d\u00e9put\u00e9 propose une prise en charge de 20 \u00e0 25 % de ce montant, soit entre 20 et 25 euros par jour, excluant toutefois les personnes en d\u00e9tention provisoire.<\/p>\n<p class=\"\" data-start=\"2308\" data-end=\"2550\">Selon lui, il s\u2019agit d\u2019une forme de \u00ab justice sociale \u00bb : \u00ab Il me para\u00eet coh\u00e9rent que les d\u00e9tenus participent \u00e0 leur propre incarc\u00e9ration, plut\u00f4t que de faire peser l\u2019int\u00e9gralit\u00e9 du co\u00fbt sur la solidarit\u00e9 nationale \u00bb, expliquait-il r\u00e9cemment.<\/p>\n<h3 class=\"\" data-start=\"2552\" data-end=\"2584\">Une mesure encore \u00e0 d\u00e9battre<\/h3>\n<p class=\"\" data-start=\"2586\" data-end=\"2950\">L\u2019annonce de G\u00e9rald Darmanin marque un tournant, reste \u00e0 en d\u00e9finir les contours concrets : montant exact, modalit\u00e9s de pr\u00e9l\u00e8vement, cas particuliers (d\u00e9tenus sans ressources, indigents), et surtout, les cons\u00e9quences sur le droit \u00e0 la dignit\u00e9 et \u00e0 la r\u00e9insertion. Le ministre de la justice insiste toutefois sur le caract\u00e8re \u00ab symbolique mais important \u00bb de cette participation.<\/p>\n<p data-start=\"2586\" data-end=\"2950\">Retrouvez la lettre de G\u00e9rald Darmanin publi\u00e9e sur ses r\u00e9seaux sociaux :<\/p>\n\n\t\t<style type=\"text\/css\">\n\t\t\t#gallery-1 {\n\t\t\t\tmargin: auto;\n\t\t\t}\n\t\t\t#gallery-1 .gallery-item {\n\t\t\t\tfloat: left;\n\t\t\t\tmargin-top: 10px;\n\t\t\t\ttext-align: center;\n\t\t\t\twidth: 33%;\n\t\t\t}\n\t\t\t#gallery-1 img {\n\t\t\t\tborder: 2px solid #cfcfcf;\n\t\t\t}\n\t\t\t#gallery-1 .gallery-caption {\n\t\t\t\tmargin-left: 0;\n\t\t\t}\n\t\t\t\/* see gallery_shortcode() in wp-includes\/media.php *\/\n\t\t<\/style>\n\t\t<div id='gallery-1' class='gallery galleryid-29812 gallery-columns-3 gallery-size-thumbnail'><dl class='gallery-item'>\n\t\t\t<dt class='gallery-icon portrait'>\n\t\t\t\t<a href='https:\/\/vosgesinfo.fr\/app\/uploads\/sites\/2\/2025\/04\/lettre-gerald-darmanin-2.jpg'><img decoding=\"async\" width=\"150\" height=\"150\" src=\"https:\/\/vosgesinfo.fr\/app\/uploads\/sites\/2\/2025\/04\/lettre-gerald-darmanin-2-150x150.jpg\" class=\"attachment-thumbnail size-thumbnail\" alt=\"\" \/><\/a>\n\t\t\t<\/dt><\/dl><dl class='gallery-item'>\n\t\t\t<dt class='gallery-icon portrait'>\n\t\t\t\t<a href='https:\/\/vosgesinfo.fr\/app\/uploads\/sites\/2\/2025\/04\/lettre-gerald-darmanin-1.jpg'><img decoding=\"async\" width=\"150\" height=\"150\" src=\"https:\/\/vosgesinfo.fr\/app\/uploads\/sites\/2\/2025\/04\/lettre-gerald-darmanin-1-150x150.jpg\" class=\"attachment-thumbnail size-thumbnail\" alt=\"\" \/><\/a>\n\t\t\t<\/dt><\/dl>\n\t\t\t<br style='clear: both' \/>\n\t\t<\/div>\n\n","protected":false},"excerpt":{"rendered":"<p>Le d\u00e9bat sur la participation financi\u00e8re des d\u00e9tenus \u00e0 leur incarc\u00e9ration refait surface au plus haut niveau de l\u2019\u00c9tat. Ce [&hellip;]<\/p>\n","protected":false},"author":418,"featured_media":29813,"comment_status":"open","ping_status":"open","sticky":false,"template":"","format":"standard","meta":{"footnotes":""},"categories":[29,383,294,380,10,381,384,18],"tags":[5173,8426,8427,8428],"class_list":["post-29812","post","type-post","status-publish","format-standard","has-post-thumbnail","hentry","category-a-la-une","category-epinal","category-gerardmer","category-la-plaine-des-vosges","category-politique","category-remiremont","category-saint-die","category-vosges","tag-christophe-naegelen","tag-contribution-financiere","tag-detenus","tag-gerald-darmanin"],"acf":[],"yoast_head":"<!-- This site is optimized with the Yoast SEO plugin v22.5 - https:\/\/yoast.com\/wordpress\/plugins\/seo\/ -->\n<title>Participation des d\u00e9tenus aux frais de d\u00e9tention : G\u00e9rald Darmanin annonce son soutien \u00e0 la proposition de loi du d\u00e9put\u00e9 Naegelen - La Plaine des Vosges<\/title>\n<meta name=\"robots\" content=\"index, follow, max-snippet:-1, max-image-preview:large, max-video-preview:-1\" \/>\n<link rel=\"canonical\" href=\"https:\/\/vosgesinfo.fr\/laplainedesvosgesinfo\/2025\/04\/participation-des-detenus-aux-frais-de-detention-gerald-darmanin-annonce-son-soutien-a-la-proposition-de-loi-du-depute-naegelen\/\" \/>\n<meta name=\"twitter:card\" content=\"summary_large_image\" \/>\n<meta name=\"twitter:title\" content=\"Participation des d\u00e9tenus aux frais de d\u00e9tention : G\u00e9rald Darmanin annonce son soutien \u00e0 la proposition de loi du d\u00e9put\u00e9 Naegelen - La Plaine des Vosges\" \/>\n<meta name=\"twitter:description\" content=\"Le d\u00e9bat sur la participation financi\u00e8re des d\u00e9tenus \u00e0 leur incarc\u00e9ration refait surface au plus haut niveau de l\u2019\u00c9tat. Ce [&hellip;]\" \/>\n<meta name=\"twitter:image\" content=\"https:\/\/vosgesinfo.fr\/app\/uploads\/sites\/2\/2025\/04\/christophe-naegelen.jpg\" \/>\n<meta name=\"twitter:creator\" content=\"@VosgesInfo88\" \/>\n<meta name=\"twitter:site\" content=\"@VosgesInfo88\" \/>\n<meta name=\"twitter:label1\" content=\"\u00c9crit par\" \/>\n\t<meta name=\"twitter:data1\" content=\"C.M\" \/>\n\t<meta name=\"twitter:label2\" content=\"Dur\u00e9e de lecture estim\u00e9e\" \/>\n\t<meta name=\"twitter:data2\" content=\"3 minutes\" \/>\n<script type=\"application\/ld+json\" class=\"yoast-schema-graph\">{\"@context\":\"https:\/\/schema.org\",\"@graph\":[{\"@type\":\"Article\",\"@id\":\"https:\/\/vosgesinfo.fr\/laplainedesvosgesinfo\/2025\/04\/participation-des-detenus-aux-frais-de-detention-gerald-darmanin-annonce-son-soutien-a-la-proposition-de-loi-du-depute-naegelen\/#article\",\"isPartOf\":{\"@id\":\"https:\/\/vosgesinfo.fr\/laplainedesvosgesinfo\/2025\/04\/participation-des-detenus-aux-frais-de-detention-gerald-darmanin-annonce-son-soutien-a-la-proposition-de-loi-du-depute-naegelen\/\"},\"author\":{\"name\":\"C.M\",\"@id\":\"https:\/\/vosgesinfo.fr\/laplainedesvosgesinfo\/#\/schema\/person\/4f38cd3068e342935b7304695c797d08\"},\"headline\":\"Participation des d\u00e9tenus aux frais de d\u00e9tention : G\u00e9rald Darmanin annonce son soutien \u00e0 la proposition de loi du d\u00e9put\u00e9 Naegelen\",\"datePublished\":\"2025-04-29T07:04:05+00:00\",\"dateModified\":\"2025-04-29T07:04:05+00:00\",\"mainEntityOfPage\":{\"@id\":\"https:\/\/vosgesinfo.fr\/laplainedesvosgesinfo\/2025\/04\/participation-des-detenus-aux-frais-de-detention-gerald-darmanin-annonce-son-soutien-a-la-proposition-de-loi-du-depute-naegelen\/\"},\"wordCount\":536,\"commentCount\":0,\"publisher\":{\"@id\":\"https:\/\/vosgesinfo.fr\/laplainedesvosgesinfo\/#organization\"},\"image\":{\"@id\":\"https:\/\/vosgesinfo.fr\/laplainedesvosgesinfo\/2025\/04\/participation-des-detenus-aux-frais-de-detention-gerald-darmanin-annonce-son-soutien-a-la-proposition-de-loi-du-depute-naegelen\/#primaryimage\"},\"thumbnailUrl\":\"https:\/\/vosgesinfo.fr\/app\/uploads\/sites\/2\/2025\/04\/christophe-naegelen.jpg\",\"keywords\":[\"Christophe Naegelen\",\"Contribution financi\u00e8re\",\"D\u00e9tenus\",\"G\u00e9rald Darmanin\"],\"articleSection\":[\"A la Une\",\"Epinal\",\"G\u00e9rardmer\",\"La plaine des vosges\",\"Politique\",\"Remiremont\",\"Saint-di\u00e9\",\"Vosges\"],\"inLanguage\":\"fr-FR\",\"potentialAction\":[{\"@type\":\"CommentAction\",\"name\":\"Comment\",\"target\":[\"https:\/\/vosgesinfo.fr\/laplainedesvosgesinfo\/2025\/04\/participation-des-detenus-aux-frais-de-detention-gerald-darmanin-annonce-son-soutien-a-la-proposition-de-loi-du-depute-naegelen\/#respond\"]}]},{\"@type\":\"WebPage\",\"@id\":\"https:\/\/vosgesinfo.fr\/laplainedesvosgesinfo\/2025\/04\/participation-des-detenus-aux-frais-de-detention-gerald-darmanin-annonce-son-soutien-a-la-proposition-de-loi-du-depute-naegelen\/\",\"url\":\"https:\/\/vosgesinfo.fr\/laplainedesvosgesinfo\/2025\/04\/participation-des-detenus-aux-frais-de-detention-gerald-darmanin-annonce-son-soutien-a-la-proposition-de-loi-du-depute-naegelen\/\",\"name\":\"Participation des d\u00e9tenus aux frais de d\u00e9tention : G\u00e9rald Darmanin annonce son soutien \u00e0 la proposition de loi du d\u00e9put\u00e9 Naegelen - La Plaine des Vosges\",\"isPartOf\":{\"@id\":\"https:\/\/vosgesinfo.fr\/laplainedesvosgesinfo\/#website\"},\"primaryImageOfPage\":{\"@id\":\"https:\/\/vosgesinfo.fr\/laplainedesvosgesinfo\/2025\/04\/participation-des-detenus-aux-frais-de-detention-gerald-darmanin-annonce-son-soutien-a-la-proposition-de-loi-du-depute-naegelen\/#primaryimage\"},\"image\":{\"@id\":\"https:\/\/vosgesinfo.fr\/laplainedesvosgesinfo\/2025\/04\/participation-des-detenus-aux-frais-de-detention-gerald-darmanin-annonce-son-soutien-a-la-proposition-de-loi-du-depute-naegelen\/#primaryimage\"},\"thumbnailUrl\":\"https:\/\/vosgesinfo.fr\/app\/uploads\/sites\/2\/2025\/04\/christophe-naegelen.jpg\",\"datePublished\":\"2025-04-29T07:04:05+00:00\",\"dateModified\":\"2025-04-29T07:04:05+00:00\",\"breadcrumb\":{\"@id\":\"https:\/\/vosgesinfo.fr\/laplainedesvosgesinfo\/2025\/04\/participation-des-detenus-aux-frais-de-detention-gerald-darmanin-annonce-son-soutien-a-la-proposition-de-loi-du-depute-naegelen\/#breadcrumb\"},\"inLanguage\":\"fr-FR\",\"potentialAction\":[{\"@type\":\"ReadAction\",\"target\":[\"https:\/\/vosgesinfo.fr\/laplainedesvosgesinfo\/2025\/04\/participation-des-detenus-aux-frais-de-detention-gerald-darmanin-annonce-son-soutien-a-la-proposition-de-loi-du-depute-naegelen\/\"]}]},{\"@type\":\"ImageObject\",\"inLanguage\":\"fr-FR\",\"@id\":\"https:\/\/vosgesinfo.fr\/laplainedesvosgesinfo\/2025\/04\/participation-des-detenus-aux-frais-de-detention-gerald-darmanin-annonce-son-soutien-a-la-proposition-de-loi-du-depute-naegelen\/#primaryimage\",\"url\":\"https:\/\/vosgesinfo.fr\/app\/uploads\/sites\/2\/2025\/04\/christophe-naegelen.jpg\",\"contentUrl\":\"https:\/\/vosgesinfo.fr\/app\/uploads\/sites\/2\/2025\/04\/christophe-naegelen.jpg\",\"width\":2332,\"height\":1342},{\"@type\":\"BreadcrumbList\",\"@id\":\"https:\/\/vosgesinfo.fr\/laplainedesvosgesinfo\/2025\/04\/participation-des-detenus-aux-frais-de-detention-gerald-darmanin-annonce-son-soutien-a-la-proposition-de-loi-du-depute-naegelen\/#breadcrumb\",\"itemListElement\":[{\"@type\":\"ListItem\",\"position\":1,\"name\":\"Home\",\"item\":\"https:\/\/vosgesinfo.fr\/laplainedesvosgesinfo\/\"},{\"@type\":\"ListItem\",\"position\":2,\"name\":\"Participation des d\u00e9tenus aux frais de d\u00e9tention : G\u00e9rald Darmanin annonce son soutien \u00e0 la proposition de loi du d\u00e9put\u00e9 Naegelen\"}]},{\"@type\":\"WebSite\",\"@id\":\"https:\/\/vosgesinfo.fr\/laplainedesvosgesinfo\/#website\",\"url\":\"https:\/\/vosgesinfo.fr\/laplainedesvosgesinfo\/\",\"name\":\"La Plaine des Vosges\",\"description\":\"Toute l&#039;actualit\u00e9 de la plaine de Vosges\",\"publisher\":{\"@id\":\"https:\/\/vosgesinfo.fr\/laplainedesvosgesinfo\/#organization\"},\"alternateName\":\"Toute l'actualit\u00e9 de la plaine des Vosges\",\"potentialAction\":[{\"@type\":\"SearchAction\",\"target\":{\"@type\":\"EntryPoint\",\"urlTemplate\":\"https:\/\/vosgesinfo.fr\/laplainedesvosgesinfo\/?s={search_term_string}\"},\"query-input\":\"required name=search_term_string\"}],\"inLanguage\":\"fr-FR\"},{\"@type\":\"Organization\",\"@id\":\"https:\/\/vosgesinfo.fr\/laplainedesvosgesinfo\/#organization\",\"name\":\"La Plaine des Vosges\",\"url\":\"https:\/\/vosgesinfo.fr\/laplainedesvosgesinfo\/\",\"logo\":{\"@type\":\"ImageObject\",\"inLanguage\":\"fr-FR\",\"@id\":\"https:\/\/vosgesinfo.fr\/laplainedesvosgesinfo\/#\/schema\/logo\/image\/\",\"url\":\"https:\/\/vosgesinfo.fr\/app\/uploads\/sites\/2\/2023\/08\/logo-laplaineinfo.svg\",\"contentUrl\":\"https:\/\/vosgesinfo.fr\/app\/uploads\/sites\/2\/2023\/08\/logo-laplaineinfo.svg\",\"width\":1,\"height\":1,\"caption\":\"La Plaine des Vosges\"},\"image\":{\"@id\":\"https:\/\/vosgesinfo.fr\/laplainedesvosgesinfo\/#\/schema\/logo\/image\/\"},\"sameAs\":[\"https:\/\/www.facebook.com\/laplainedesvosges\",\"https:\/\/x.com\/VosgesInfo88\",\"https:\/\/www.youtube.com\/@vosgesinfo\"]},{\"@type\":\"Person\",\"@id\":\"https:\/\/vosgesinfo.fr\/laplainedesvosgesinfo\/#\/schema\/person\/4f38cd3068e342935b7304695c797d08\",\"name\":\"C.M\",\"image\":{\"@type\":\"ImageObject\",\"inLanguage\":\"fr-FR\",\"@id\":\"https:\/\/vosgesinfo.fr\/laplainedesvosgesinfo\/#\/schema\/person\/image\/\",\"url\":\"https:\/\/secure.gravatar.com\/avatar\/fe9daaef0164d920717484172682f3c5c9bcf7d42aa8c7048c76c34f0eb6c8da?s=96&d=mm&r=g\",\"contentUrl\":\"https:\/\/secure.gravatar.com\/avatar\/fe9daaef0164d920717484172682f3c5c9bcf7d42aa8c7048c76c34f0eb6c8da?s=96&d=mm&r=g\",\"caption\":\"C.M\"},\"url\":\"https:\/\/vosgesinfo.fr\/laplainedesvosgesinfo\/author\/cm88200\/\"}]}<\/script>\n<!-- \/ Yoast SEO plugin. -->","yoast_head_json":{"title":"Participation des d\u00e9tenus aux frais de d\u00e9tention : G\u00e9rald Darmanin annonce son soutien \u00e0 la proposition de loi du d\u00e9put\u00e9 Naegelen - La Plaine des Vosges","robots":{"index":"index","follow":"follow","max-snippet":"max-snippet:-1","max-image-preview":"max-image-preview:large","max-video-preview":"max-video-preview:-1"},"canonical":"https:\/\/vosgesinfo.fr\/laplainedesvosgesinfo\/2025\/04\/participation-des-detenus-aux-frais-de-detention-gerald-darmanin-annonce-son-soutien-a-la-proposition-de-loi-du-depute-naegelen\/","twitter_card":"summary_large_image","twitter_title":"Participation des d\u00e9tenus aux frais de d\u00e9tention : G\u00e9rald Darmanin annonce son soutien \u00e0 la proposition de loi du d\u00e9put\u00e9 Naegelen - La Plaine des Vosges","twitter_description":"Le d\u00e9bat sur la participation financi\u00e8re des d\u00e9tenus \u00e0 leur incarc\u00e9ration refait surface au plus haut niveau de l\u2019\u00c9tat. Ce [&hellip;]","twitter_image":"https:\/\/vosgesinfo.fr\/app\/uploads\/sites\/2\/2025\/04\/christophe-naegelen.jpg","twitter_creator":"@VosgesInfo88","twitter_site":"@VosgesInfo88","twitter_misc":{"\u00c9crit par":"C.M","Dur\u00e9e de lecture estim\u00e9e":"3 minutes"},"schema":{"@context":"https:\/\/schema.org","@graph":[{"@type":"Article","@id":"https:\/\/vosgesinfo.fr\/laplainedesvosgesinfo\/2025\/04\/participation-des-detenus-aux-frais-de-detention-gerald-darmanin-annonce-son-soutien-a-la-proposition-de-loi-du-depute-naegelen\/#article","isPartOf":{"@id":"https:\/\/vosgesinfo.fr\/laplainedesvosgesinfo\/2025\/04\/participation-des-detenus-aux-frais-de-detention-gerald-darmanin-annonce-son-soutien-a-la-proposition-de-loi-du-depute-naegelen\/"},"author":{"name":"C.M","@id":"https:\/\/vosgesinfo.fr\/laplainedesvosgesinfo\/#\/schema\/person\/4f38cd3068e342935b7304695c797d08"},"headline":"Participation des d\u00e9tenus aux frais de d\u00e9tention : G\u00e9rald Darmanin annonce son soutien \u00e0 la proposition de loi du d\u00e9put\u00e9 Naegelen","datePublished":"2025-04-29T07:04:05+00:00","dateModified":"2025-04-29T07:04:05+00:00","mainEntityOfPage":{"@id":"https:\/\/vosgesinfo.fr\/laplainedesvosgesinfo\/2025\/04\/participation-des-detenus-aux-frais-de-detention-gerald-darmanin-annonce-son-soutien-a-la-proposition-de-loi-du-depute-naegelen\/"},"wordCount":536,"commentCount":0,"publisher":{"@id":"https:\/\/vosgesinfo.fr\/laplainedesvosgesinfo\/#organization"},"image":{"@id":"https:\/\/vosgesinfo.fr\/laplainedesvosgesinfo\/2025\/04\/participation-des-detenus-aux-frais-de-detention-gerald-darmanin-annonce-son-soutien-a-la-proposition-de-loi-du-depute-naegelen\/#primaryimage"},"thumbnailUrl":"https:\/\/vosgesinfo.fr\/app\/uploads\/sites\/2\/2025\/04\/christophe-naegelen.jpg","keywords":["Christophe Naegelen","Contribution financi\u00e8re","D\u00e9tenus","G\u00e9rald Darmanin"],"articleSection":["A la Une","Epinal","G\u00e9rardmer","La plaine des vosges","Politique","Remiremont","Saint-di\u00e9","Vosges"],"inLanguage":"fr-FR","potentialAction":[{"@type":"CommentAction","name":"Comment","target":["https:\/\/vosgesinfo.fr\/laplainedesvosgesinfo\/2025\/04\/participation-des-detenus-aux-frais-de-detention-gerald-darmanin-annonce-son-soutien-a-la-proposition-de-loi-du-depute-naegelen\/#respond"]}]},{"@type":"WebPage","@id":"https:\/\/vosgesinfo.fr\/laplainedesvosgesinfo\/2025\/04\/participation-des-detenus-aux-frais-de-detention-gerald-darmanin-annonce-son-soutien-a-la-proposition-de-loi-du-depute-naegelen\/","url":"https:\/\/vosgesinfo.fr\/laplainedesvosgesinfo\/2025\/04\/participation-des-detenus-aux-frais-de-detention-gerald-darmanin-annonce-son-soutien-a-la-proposition-de-loi-du-depute-naegelen\/","name":"Participation des d\u00e9tenus aux frais de d\u00e9tention : G\u00e9rald Darmanin annonce son soutien \u00e0 la proposition de loi du d\u00e9put\u00e9 Naegelen - La Plaine des Vosges","isPartOf":{"@id":"https:\/\/vosgesinfo.fr\/laplainedesvosgesinfo\/#website"},"primaryImageOfPage":{"@id":"https:\/\/vosgesinfo.fr\/laplainedesvosgesinfo\/2025\/04\/participation-des-detenus-aux-frais-de-detention-gerald-darmanin-annonce-son-soutien-a-la-proposition-de-loi-du-depute-naegelen\/#primaryimage"},"image":{"@id":"https:\/\/vosgesinfo.fr\/laplainedesvosgesinfo\/2025\/04\/participation-des-detenus-aux-frais-de-detention-gerald-darmanin-annonce-son-soutien-a-la-proposition-de-loi-du-depute-naegelen\/#primaryimage"},"thumbnailUrl":"https:\/\/vosgesinfo.fr\/app\/uploads\/sites\/2\/2025\/04\/christophe-naegelen.jpg","datePublished":"2025-04-29T07:04:05+00:00","dateModified":"2025-04-29T07:04:05+00:00","breadcrumb":{"@id":"https:\/\/vosgesinfo.fr\/laplainedesvosgesinfo\/2025\/04\/participation-des-detenus-aux-frais-de-detention-gerald-darmanin-annonce-son-soutien-a-la-proposition-de-loi-du-depute-naegelen\/#breadcrumb"},"inLanguage":"fr-FR","potentialAction":[{"@type":"ReadAction","target":["https:\/\/vosgesinfo.fr\/laplainedesvosgesinfo\/2025\/04\/participation-des-detenus-aux-frais-de-detention-gerald-darmanin-annonce-son-soutien-a-la-proposition-de-loi-du-depute-naegelen\/"]}]},{"@type":"ImageObject","inLanguage":"fr-FR","@id":"https:\/\/vosgesinfo.fr\/laplainedesvosgesinfo\/2025\/04\/participation-des-detenus-aux-frais-de-detention-gerald-darmanin-annonce-son-soutien-a-la-proposition-de-loi-du-depute-naegelen\/#primaryimage","url":"https:\/\/vosgesinfo.fr\/app\/uploads\/sites\/2\/2025\/04\/christophe-naegelen.jpg","contentUrl":"https:\/\/vosgesinfo.fr\/app\/uploads\/sites\/2\/2025\/04\/christophe-naegelen.jpg","width":2332,"height":1342},{"@type":"BreadcrumbList","@id":"https:\/\/vosgesinfo.fr\/laplainedesvosgesinfo\/2025\/04\/participation-des-detenus-aux-frais-de-detention-gerald-darmanin-annonce-son-soutien-a-la-proposition-de-loi-du-depute-naegelen\/#breadcrumb","itemListElement":[{"@type":"ListItem","position":1,"name":"Home","item":"https:\/\/vosgesinfo.fr\/laplainedesvosgesinfo\/"},{"@type":"ListItem","position":2,"name":"Participation des d\u00e9tenus aux frais de d\u00e9tention : G\u00e9rald Darmanin annonce son soutien \u00e0 la proposition de loi du d\u00e9put\u00e9 Naegelen"}]},{"@type":"WebSite","@id":"https:\/\/vosgesinfo.fr\/laplainedesvosgesinfo\/#website","url":"https:\/\/vosgesinfo.fr\/laplainedesvosgesinfo\/","name":"La Plaine des Vosges","description":"Toute l&#039;actualit\u00e9 de la plaine de Vosges","publisher":{"@id":"https:\/\/vosgesinfo.fr\/laplainedesvosgesinfo\/#organization"},"alternateName":"Toute l'actualit\u00e9 de la plaine des Vosges","potentialAction":[{"@type":"SearchAction","target":{"@type":"EntryPoint","urlTemplate":"https:\/\/vosgesinfo.fr\/laplainedesvosgesinfo\/?s={search_term_string}"},"query-input":"required name=search_term_string"}],"inLanguage":"fr-FR"},{"@type":"Organization","@id":"https:\/\/vosgesinfo.fr\/laplainedesvosgesinfo\/#organization","name":"La Plaine des Vosges","url":"https:\/\/vosgesinfo.fr\/laplainedesvosgesinfo\/","logo":{"@type":"ImageObject","inLanguage":"fr-FR","@id":"https:\/\/vosgesinfo.fr\/laplainedesvosgesinfo\/#\/schema\/logo\/image\/","url":"https:\/\/vosgesinfo.fr\/app\/uploads\/sites\/2\/2023\/08\/logo-laplaineinfo.svg","contentUrl":"https:\/\/vosgesinfo.fr\/app\/uploads\/sites\/2\/2023\/08\/logo-laplaineinfo.svg","width":1,"height":1,"caption":"La Plaine des Vosges"},"image":{"@id":"https:\/\/vosgesinfo.fr\/laplainedesvosgesinfo\/#\/schema\/logo\/image\/"},"sameAs":["https:\/\/www.facebook.com\/laplainedesvosges","https:\/\/x.com\/VosgesInfo88","https:\/\/www.youtube.com\/@vosgesinfo"]},{"@type":"Person","@id":"https:\/\/vosgesinfo.fr\/laplainedesvosgesinfo\/#\/schema\/person\/4f38cd3068e342935b7304695c797d08","name":"C.M","image":{"@type":"ImageObject","inLanguage":"fr-FR","@id":"https:\/\/vosgesinfo.fr\/laplainedesvosgesinfo\/#\/schema\/person\/image\/","url":"https:\/\/secure.gravatar.com\/avatar\/fe9daaef0164d920717484172682f3c5c9bcf7d42aa8c7048c76c34f0eb6c8da?s=96&d=mm&r=g","contentUrl":"https:\/\/secure.gravatar.com\/avatar\/fe9daaef0164d920717484172682f3c5c9bcf7d42aa8c7048c76c34f0eb6c8da?s=96&d=mm&r=g","caption":"C.M"},"url":"https:\/\/vosgesinfo.fr\/laplainedesvosgesinfo\/author\/cm88200\/"}]}},"_links":{"self":[{"href":"https:\/\/vosgesinfo.fr\/laplainedesvosgesinfo\/wp-json\/wp\/v2\/posts\/29812","targetHints":{"allow":["GET"]}}],"collection":[{"href":"https:\/\/vosgesinfo.fr\/laplainedesvosgesinfo\/wp-json\/wp\/v2\/posts"}],"about":[{"href":"https:\/\/vosgesinfo.fr\/laplainedesvosgesinfo\/wp-json\/wp\/v2\/types\/post"}],"author":[{"embeddable":true,"href":"https:\/\/vosgesinfo.fr\/laplainedesvosgesinfo\/wp-json\/wp\/v2\/users\/418"}],"replies":[{"embeddable":true,"href":"https:\/\/vosgesinfo.fr\/laplainedesvosgesinfo\/wp-json\/wp\/v2\/comments?post=29812"}],"version-history":[{"count":0,"href":"https:\/\/vosgesinfo.fr\/laplainedesvosgesinfo\/wp-json\/wp\/v2\/posts\/29812\/revisions"}],"wp:featuredmedia":[{"embeddable":true,"href":"https:\/\/vosgesinfo.fr\/laplainedesvosgesinfo\/wp-json\/wp\/v2\/media\/29813"}],"wp:attachment":[{"href":"https:\/\/vosgesinfo.fr\/laplainedesvosgesinfo\/wp-json\/wp\/v2\/media?parent=29812"}],"wp:term":[{"taxonomy":"category","embeddable":true,"href":"https:\/\/vosgesinfo.fr\/laplainedesvosgesinfo\/wp-json\/wp\/v2\/categories?post=29812"},{"taxonomy":"post_tag","embeddable":true,"href":"https:\/\/vosgesinfo.fr\/laplainedesvosgesinfo\/wp-json\/wp\/v2\/tags?post=29812"}],"curies":[{"name":"wp","href":"https:\/\/api.w.org\/{rel}","templated":true}]}}