{"id":29816,"date":"2025-04-29T13:50:26","date_gmt":"2025-04-29T11:50:26","guid":{"rendered":"https:\/\/vosgesinfo.fr\/laplainedesvosgesinfo\/?p=29816"},"modified":"2025-04-29T13:50:26","modified_gmt":"2025-04-29T11:50:26","slug":"vosges-le-chomage-repart-a-la-hausse-au-premier-trimestre-2025","status":"publish","type":"post","link":"https:\/\/vosgesinfo.fr\/laplainedesvosgesinfo\/2025\/04\/vosges-le-chomage-repart-a-la-hausse-au-premier-trimestre-2025\/","title":{"rendered":"Vosges \u2013 Le ch\u00f4mage repart \u00e0 la hausse au premier trimestre 2025"},"content":{"rendered":"<div id=\"attachment_77440\" style=\"width: 1034px\" class=\"wp-caption alignnone\"><a href=\"https:\/\/vosgesinfo.fr\/app\/uploads\/sites\/4\/2025\/04\/france-travail-sddv.jpg\"><img decoding=\"async\" aria-describedby=\"caption-attachment-77440\" class=\"size-large wp-image-77440\" src=\"https:\/\/vosgesinfo.fr\/app\/uploads\/sites\/4\/2025\/04\/france-travail-sddv-1024x771.jpg\" alt=\"\" width=\"1024\" height=\"771\" \/><\/a><p id=\"caption-attachment-77440\" class=\"wp-caption-text\">(Illustration)<\/p><\/div>\n<h2>Le nombre de personnes inscrites \u00e0 <strong>France Travail<\/strong> dans les <strong>Vosges<\/strong> s\u2019\u00e9l\u00e8ve, en moyenne au<strong> premier trimestre 2025<\/strong>, \u00e0 <strong>32 530<\/strong> pour les cat\u00e9gories A \u00e0 E, soit celles qui ne sont <strong>ni en attente d\u2019orientation<\/strong> ni en <strong>parcours social<\/strong>. Cette \u00e9volution marque une <strong>hausse de 1,8 %<\/strong> par rapport au trimestre pr\u00e9c\u00e9dent et de <strong>1,3 % sur un an<\/strong>.<\/h2>\n<p><!--more--><\/p>\n<p>Parmi ces inscrits, <strong>27 820<\/strong> sont tenus de rechercher un emploi (cat\u00e9gories A, B et C), avec <strong>16 050<\/strong> personnes sans emploi (cat\u00e9gorie A) et <strong>11 770<\/strong> exer\u00e7ant une activit\u00e9 r\u00e9duite (cat\u00e9gories B et C). Le nombre de demandeurs d\u2019emploi en <strong>cat\u00e9gorie A progresse de 4,9 %<\/strong> sur le trimestre, une <strong>hausse de 5,8 % sur un an<\/strong>, Cette hausse est notamment accentu\u00e9e par des <strong>modifications des r\u00e8gles d\u2019actualisation<\/strong> en vigueur depuis octobre 2024.<\/p>\n<p>Dans le contexte de la <strong>loi pour le plein emploi<\/strong>, deux nouvelles cat\u00e9gories ont vu le jour en janvier : <strong>370 personnes<\/strong> sont d\u00e9sormais class\u00e9es en <strong>parcours social (cat\u00e9gorie F)<\/strong>, tandis que <strong>4 988<\/strong> sont en <strong>attente d\u2019une orientation (cat\u00e9gorie G)<\/strong>, principalement des b\u00e9n\u00e9ficiaires du <strong>RSA<\/strong>.<\/p>\n<p>\u00c0 l\u2019\u00e9chelle r\u00e9gionale, le <strong>Grand Est<\/strong> conna\u00eet une tendance similaire, avec une <strong>augmentation de 2,5 %<\/strong> des inscrits dans les cat\u00e9gories A \u00e0 E et de <strong>6,6 % en cat\u00e9gorie A<\/strong>. Ces chiffres traduisent une conjoncture marqu\u00e9e par des ajustements m\u00e9thodologiques, mais aussi par une intensification de l&rsquo;inscription des publics \u00e9loign\u00e9s de l\u2019emploi.<\/p>\n","protected":false},"excerpt":{"rendered":"<p>Le nombre de personnes inscrites \u00e0 France Travail dans les Vosges s\u2019\u00e9l\u00e8ve, en moyenne au premier trimestre 2025, \u00e0 32 [&hellip;]<\/p>\n","protected":false},"author":46,"featured_media":29817,"comment_status":"open","ping_status":"open","sticky":false,"template":"","format":"standard","meta":{"footnotes":""},"categories":[29,5,383,294,380,381,18],"tags":[8430,7911,8431],"class_list":["post-29816","post","type-post","status-publish","format-standard","has-post-thumbnail","hentry","category-a-la-une","category-economie","category-epinal","category-gerardmer","category-la-plaine-des-vosges","category-remiremont","category-vosges","tag-chomage-dans-les-vosges","tag-france-travail","tag-hausse-du-chomage-dans-les-vosges"],"acf":[],"yoast_head":"<!-- This site is optimized with the Yoast SEO plugin v22.5 - https:\/\/yoast.com\/wordpress\/plugins\/seo\/ -->\n<title>Vosges \u2013 Le ch\u00f4mage repart \u00e0 la hausse au premier trimestre 2025 - La Plaine des Vosges<\/title>\n<meta name=\"robots\" content=\"index, follow, max-snippet:-1, max-image-preview:large, max-video-preview:-1\" \/>\n<link rel=\"canonical\" href=\"https:\/\/vosgesinfo.fr\/laplainedesvosgesinfo\/2025\/04\/vosges-le-chomage-repart-a-la-hausse-au-premier-trimestre-2025\/\" \/>\n<meta name=\"twitter:card\" content=\"summary_large_image\" \/>\n<meta name=\"twitter:title\" content=\"Vosges \u2013 Le ch\u00f4mage repart \u00e0 la hausse au premier trimestre 2025 - La Plaine des Vosges\" \/>\n<meta name=\"twitter:description\" content=\"Le nombre de personnes inscrites \u00e0 France Travail dans les Vosges s\u2019\u00e9l\u00e8ve, en moyenne au premier trimestre 2025, \u00e0 32 [&hellip;]\" \/>\n<meta name=\"twitter:image\" content=\"https:\/\/vosgesinfo.fr\/app\/uploads\/sites\/2\/2025\/04\/france-travail-sddv.jpg\" \/>\n<meta name=\"twitter:creator\" content=\"@VosgesInfo88\" \/>\n<meta name=\"twitter:site\" content=\"@VosgesInfo88\" \/>\n<meta name=\"twitter:label1\" content=\"\u00c9crit par\" \/>\n\t<meta name=\"twitter:data1\" content=\"J.J.\" \/>\n\t<meta name=\"twitter:label2\" content=\"Dur\u00e9e de lecture estim\u00e9e\" \/>\n\t<meta name=\"twitter:data2\" content=\"1 minute\" \/>\n<script type=\"application\/ld+json\" class=\"yoast-schema-graph\">{\"@context\":\"https:\/\/schema.org\",\"@graph\":[{\"@type\":\"Article\",\"@id\":\"https:\/\/vosgesinfo.fr\/laplainedesvosgesinfo\/2025\/04\/vosges-le-chomage-repart-a-la-hausse-au-premier-trimestre-2025\/#article\",\"isPartOf\":{\"@id\":\"https:\/\/vosgesinfo.fr\/laplainedesvosgesinfo\/2025\/04\/vosges-le-chomage-repart-a-la-hausse-au-premier-trimestre-2025\/\"},\"author\":{\"name\":\"J.J.\",\"@id\":\"https:\/\/vosgesinfo.fr\/laplainedesvosgesinfo\/#\/schema\/person\/fa73e9f726d67bb88f46d5b7943cb572\"},\"headline\":\"Vosges \u2013 Le ch\u00f4mage repart \u00e0 la hausse au premier trimestre 2025\",\"datePublished\":\"2025-04-29T11:50:26+00:00\",\"dateModified\":\"2025-04-29T11:50:26+00:00\",\"mainEntityOfPage\":{\"@id\":\"https:\/\/vosgesinfo.fr\/laplainedesvosgesinfo\/2025\/04\/vosges-le-chomage-repart-a-la-hausse-au-premier-trimestre-2025\/\"},\"wordCount\":254,\"commentCount\":0,\"publisher\":{\"@id\":\"https:\/\/vosgesinfo.fr\/laplainedesvosgesinfo\/#organization\"},\"image\":{\"@id\":\"https:\/\/vosgesinfo.fr\/laplainedesvosgesinfo\/2025\/04\/vosges-le-chomage-repart-a-la-hausse-au-premier-trimestre-2025\/#primaryimage\"},\"thumbnailUrl\":\"https:\/\/vosgesinfo.fr\/app\/uploads\/sites\/2\/2025\/04\/france-travail-sddv.jpg\",\"keywords\":[\"Ch\u00f4mage dans les Vosges\",\"France Travail\",\"Hausse du ch\u00f4mage dans les Vosges\"],\"articleSection\":[\"A la Une\",\"\u00c9conomie\",\"Epinal\",\"G\u00e9rardmer\",\"La plaine des vosges\",\"Remiremont\",\"Vosges\"],\"inLanguage\":\"fr-FR\",\"potentialAction\":[{\"@type\":\"CommentAction\",\"name\":\"Comment\",\"target\":[\"https:\/\/vosgesinfo.fr\/laplainedesvosgesinfo\/2025\/04\/vosges-le-chomage-repart-a-la-hausse-au-premier-trimestre-2025\/#respond\"]}]},{\"@type\":\"WebPage\",\"@id\":\"https:\/\/vosgesinfo.fr\/laplainedesvosgesinfo\/2025\/04\/vosges-le-chomage-repart-a-la-hausse-au-premier-trimestre-2025\/\",\"url\":\"https:\/\/vosgesinfo.fr\/laplainedesvosgesinfo\/2025\/04\/vosges-le-chomage-repart-a-la-hausse-au-premier-trimestre-2025\/\",\"name\":\"Vosges \u2013 Le ch\u00f4mage repart \u00e0 la hausse au premier trimestre 2025 - La Plaine des Vosges\",\"isPartOf\":{\"@id\":\"https:\/\/vosgesinfo.fr\/laplainedesvosgesinfo\/#website\"},\"primaryImageOfPage\":{\"@id\":\"https:\/\/vosgesinfo.fr\/laplainedesvosgesinfo\/2025\/04\/vosges-le-chomage-repart-a-la-hausse-au-premier-trimestre-2025\/#primaryimage\"},\"image\":{\"@id\":\"https:\/\/vosgesinfo.fr\/laplainedesvosgesinfo\/2025\/04\/vosges-le-chomage-repart-a-la-hausse-au-premier-trimestre-2025\/#primaryimage\"},\"thumbnailUrl\":\"https:\/\/vosgesinfo.fr\/app\/uploads\/sites\/2\/2025\/04\/france-travail-sddv.jpg\",\"datePublished\":\"2025-04-29T11:50:26+00:00\",\"dateModified\":\"2025-04-29T11:50:26+00:00\",\"breadcrumb\":{\"@id\":\"https:\/\/vosgesinfo.fr\/laplainedesvosgesinfo\/2025\/04\/vosges-le-chomage-repart-a-la-hausse-au-premier-trimestre-2025\/#breadcrumb\"},\"inLanguage\":\"fr-FR\",\"potentialAction\":[{\"@type\":\"ReadAction\",\"target\":[\"https:\/\/vosgesinfo.fr\/laplainedesvosgesinfo\/2025\/04\/vosges-le-chomage-repart-a-la-hausse-au-premier-trimestre-2025\/\"]}]},{\"@type\":\"ImageObject\",\"inLanguage\":\"fr-FR\",\"@id\":\"https:\/\/vosgesinfo.fr\/laplainedesvosgesinfo\/2025\/04\/vosges-le-chomage-repart-a-la-hausse-au-premier-trimestre-2025\/#primaryimage\",\"url\":\"https:\/\/vosgesinfo.fr\/app\/uploads\/sites\/2\/2025\/04\/france-travail-sddv.jpg\",\"contentUrl\":\"https:\/\/vosgesinfo.fr\/app\/uploads\/sites\/2\/2025\/04\/france-travail-sddv.jpg\",\"width\":1700,\"height\":1280},{\"@type\":\"BreadcrumbList\",\"@id\":\"https:\/\/vosgesinfo.fr\/laplainedesvosgesinfo\/2025\/04\/vosges-le-chomage-repart-a-la-hausse-au-premier-trimestre-2025\/#breadcrumb\",\"itemListElement\":[{\"@type\":\"ListItem\",\"position\":1,\"name\":\"Home\",\"item\":\"https:\/\/vosgesinfo.fr\/laplainedesvosgesinfo\/\"},{\"@type\":\"ListItem\",\"position\":2,\"name\":\"Vosges \u2013 Le ch\u00f4mage repart \u00e0 la hausse au premier trimestre 2025\"}]},{\"@type\":\"WebSite\",\"@id\":\"https:\/\/vosgesinfo.fr\/laplainedesvosgesinfo\/#website\",\"url\":\"https:\/\/vosgesinfo.fr\/laplainedesvosgesinfo\/\",\"name\":\"La Plaine des Vosges\",\"description\":\"Toute l&#039;actualit\u00e9 de la plaine de Vosges\",\"publisher\":{\"@id\":\"https:\/\/vosgesinfo.fr\/laplainedesvosgesinfo\/#organization\"},\"alternateName\":\"Toute l'actualit\u00e9 de la plaine des Vosges\",\"potentialAction\":[{\"@type\":\"SearchAction\",\"target\":{\"@type\":\"EntryPoint\",\"urlTemplate\":\"https:\/\/vosgesinfo.fr\/laplainedesvosgesinfo\/?s={search_term_string}\"},\"query-input\":\"required name=search_term_string\"}],\"inLanguage\":\"fr-FR\"},{\"@type\":\"Organization\",\"@id\":\"https:\/\/vosgesinfo.fr\/laplainedesvosgesinfo\/#organization\",\"name\":\"La Plaine des Vosges\",\"url\":\"https:\/\/vosgesinfo.fr\/laplainedesvosgesinfo\/\",\"logo\":{\"@type\":\"ImageObject\",\"inLanguage\":\"fr-FR\",\"@id\":\"https:\/\/vosgesinfo.fr\/laplainedesvosgesinfo\/#\/schema\/logo\/image\/\",\"url\":\"https:\/\/vosgesinfo.fr\/app\/uploads\/sites\/2\/2023\/08\/logo-laplaineinfo.svg\",\"contentUrl\":\"https:\/\/vosgesinfo.fr\/app\/uploads\/sites\/2\/2023\/08\/logo-laplaineinfo.svg\",\"width\":1,\"height\":1,\"caption\":\"La Plaine des Vosges\"},\"image\":{\"@id\":\"https:\/\/vosgesinfo.fr\/laplainedesvosgesinfo\/#\/schema\/logo\/image\/\"},\"sameAs\":[\"https:\/\/www.facebook.com\/laplainedesvosges\",\"https:\/\/x.com\/VosgesInfo88\",\"https:\/\/www.youtube.com\/@vosgesinfo\"]},{\"@type\":\"Person\",\"@id\":\"https:\/\/vosgesinfo.fr\/laplainedesvosgesinfo\/#\/schema\/person\/fa73e9f726d67bb88f46d5b7943cb572\",\"name\":\"J.J.\",\"image\":{\"@type\":\"ImageObject\",\"inLanguage\":\"fr-FR\",\"@id\":\"https:\/\/vosgesinfo.fr\/laplainedesvosgesinfo\/#\/schema\/person\/image\/\",\"url\":\"https:\/\/secure.gravatar.com\/avatar\/219e749e47ffbcca018a360ae4add7d4cdf1cdaaf8bc7676b27efade3fe65615?s=96&d=mm&r=g\",\"contentUrl\":\"https:\/\/secure.gravatar.com\/avatar\/219e749e47ffbcca018a360ae4add7d4cdf1cdaaf8bc7676b27efade3fe65615?s=96&d=mm&r=g\",\"caption\":\"J.J.\"},\"url\":\"https:\/\/vosgesinfo.fr\/laplainedesvosgesinfo\/author\/j-j\/\"}]}<\/script>\n<!-- \/ Yoast SEO plugin. -->","yoast_head_json":{"title":"Vosges \u2013 Le ch\u00f4mage repart \u00e0 la hausse au premier trimestre 2025 - La Plaine des Vosges","robots":{"index":"index","follow":"follow","max-snippet":"max-snippet:-1","max-image-preview":"max-image-preview:large","max-video-preview":"max-video-preview:-1"},"canonical":"https:\/\/vosgesinfo.fr\/laplainedesvosgesinfo\/2025\/04\/vosges-le-chomage-repart-a-la-hausse-au-premier-trimestre-2025\/","twitter_card":"summary_large_image","twitter_title":"Vosges \u2013 Le ch\u00f4mage repart \u00e0 la hausse au premier trimestre 2025 - La Plaine des Vosges","twitter_description":"Le nombre de personnes inscrites \u00e0 France Travail dans les Vosges s\u2019\u00e9l\u00e8ve, en moyenne au premier trimestre 2025, \u00e0 32 [&hellip;]","twitter_image":"https:\/\/vosgesinfo.fr\/app\/uploads\/sites\/2\/2025\/04\/france-travail-sddv.jpg","twitter_creator":"@VosgesInfo88","twitter_site":"@VosgesInfo88","twitter_misc":{"\u00c9crit par":"J.J.","Dur\u00e9e de lecture estim\u00e9e":"1 minute"},"schema":{"@context":"https:\/\/schema.org","@graph":[{"@type":"Article","@id":"https:\/\/vosgesinfo.fr\/laplainedesvosgesinfo\/2025\/04\/vosges-le-chomage-repart-a-la-hausse-au-premier-trimestre-2025\/#article","isPartOf":{"@id":"https:\/\/vosgesinfo.fr\/laplainedesvosgesinfo\/2025\/04\/vosges-le-chomage-repart-a-la-hausse-au-premier-trimestre-2025\/"},"author":{"name":"J.J.","@id":"https:\/\/vosgesinfo.fr\/laplainedesvosgesinfo\/#\/schema\/person\/fa73e9f726d67bb88f46d5b7943cb572"},"headline":"Vosges \u2013 Le ch\u00f4mage repart \u00e0 la hausse au premier trimestre 2025","datePublished":"2025-04-29T11:50:26+00:00","dateModified":"2025-04-29T11:50:26+00:00","mainEntityOfPage":{"@id":"https:\/\/vosgesinfo.fr\/laplainedesvosgesinfo\/2025\/04\/vosges-le-chomage-repart-a-la-hausse-au-premier-trimestre-2025\/"},"wordCount":254,"commentCount":0,"publisher":{"@id":"https:\/\/vosgesinfo.fr\/laplainedesvosgesinfo\/#organization"},"image":{"@id":"https:\/\/vosgesinfo.fr\/laplainedesvosgesinfo\/2025\/04\/vosges-le-chomage-repart-a-la-hausse-au-premier-trimestre-2025\/#primaryimage"},"thumbnailUrl":"https:\/\/vosgesinfo.fr\/app\/uploads\/sites\/2\/2025\/04\/france-travail-sddv.jpg","keywords":["Ch\u00f4mage dans les Vosges","France Travail","Hausse du ch\u00f4mage dans les Vosges"],"articleSection":["A la Une","\u00c9conomie","Epinal","G\u00e9rardmer","La plaine des vosges","Remiremont","Vosges"],"inLanguage":"fr-FR","potentialAction":[{"@type":"CommentAction","name":"Comment","target":["https:\/\/vosgesinfo.fr\/laplainedesvosgesinfo\/2025\/04\/vosges-le-chomage-repart-a-la-hausse-au-premier-trimestre-2025\/#respond"]}]},{"@type":"WebPage","@id":"https:\/\/vosgesinfo.fr\/laplainedesvosgesinfo\/2025\/04\/vosges-le-chomage-repart-a-la-hausse-au-premier-trimestre-2025\/","url":"https:\/\/vosgesinfo.fr\/laplainedesvosgesinfo\/2025\/04\/vosges-le-chomage-repart-a-la-hausse-au-premier-trimestre-2025\/","name":"Vosges \u2013 Le ch\u00f4mage repart \u00e0 la hausse au premier trimestre 2025 - La Plaine des Vosges","isPartOf":{"@id":"https:\/\/vosgesinfo.fr\/laplainedesvosgesinfo\/#website"},"primaryImageOfPage":{"@id":"https:\/\/vosgesinfo.fr\/laplainedesvosgesinfo\/2025\/04\/vosges-le-chomage-repart-a-la-hausse-au-premier-trimestre-2025\/#primaryimage"},"image":{"@id":"https:\/\/vosgesinfo.fr\/laplainedesvosgesinfo\/2025\/04\/vosges-le-chomage-repart-a-la-hausse-au-premier-trimestre-2025\/#primaryimage"},"thumbnailUrl":"https:\/\/vosgesinfo.fr\/app\/uploads\/sites\/2\/2025\/04\/france-travail-sddv.jpg","datePublished":"2025-04-29T11:50:26+00:00","dateModified":"2025-04-29T11:50:26+00:00","breadcrumb":{"@id":"https:\/\/vosgesinfo.fr\/laplainedesvosgesinfo\/2025\/04\/vosges-le-chomage-repart-a-la-hausse-au-premier-trimestre-2025\/#breadcrumb"},"inLanguage":"fr-FR","potentialAction":[{"@type":"ReadAction","target":["https:\/\/vosgesinfo.fr\/laplainedesvosgesinfo\/2025\/04\/vosges-le-chomage-repart-a-la-hausse-au-premier-trimestre-2025\/"]}]},{"@type":"ImageObject","inLanguage":"fr-FR","@id":"https:\/\/vosgesinfo.fr\/laplainedesvosgesinfo\/2025\/04\/vosges-le-chomage-repart-a-la-hausse-au-premier-trimestre-2025\/#primaryimage","url":"https:\/\/vosgesinfo.fr\/app\/uploads\/sites\/2\/2025\/04\/france-travail-sddv.jpg","contentUrl":"https:\/\/vosgesinfo.fr\/app\/uploads\/sites\/2\/2025\/04\/france-travail-sddv.jpg","width":1700,"height":1280},{"@type":"BreadcrumbList","@id":"https:\/\/vosgesinfo.fr\/laplainedesvosgesinfo\/2025\/04\/vosges-le-chomage-repart-a-la-hausse-au-premier-trimestre-2025\/#breadcrumb","itemListElement":[{"@type":"ListItem","position":1,"name":"Home","item":"https:\/\/vosgesinfo.fr\/laplainedesvosgesinfo\/"},{"@type":"ListItem","position":2,"name":"Vosges \u2013 Le ch\u00f4mage repart \u00e0 la hausse au premier trimestre 2025"}]},{"@type":"WebSite","@id":"https:\/\/vosgesinfo.fr\/laplainedesvosgesinfo\/#website","url":"https:\/\/vosgesinfo.fr\/laplainedesvosgesinfo\/","name":"La Plaine des Vosges","description":"Toute l&#039;actualit\u00e9 de la plaine de Vosges","publisher":{"@id":"https:\/\/vosgesinfo.fr\/laplainedesvosgesinfo\/#organization"},"alternateName":"Toute l'actualit\u00e9 de la plaine des Vosges","potentialAction":[{"@type":"SearchAction","target":{"@type":"EntryPoint","urlTemplate":"https:\/\/vosgesinfo.fr\/laplainedesvosgesinfo\/?s={search_term_string}"},"query-input":"required name=search_term_string"}],"inLanguage":"fr-FR"},{"@type":"Organization","@id":"https:\/\/vosgesinfo.fr\/laplainedesvosgesinfo\/#organization","name":"La Plaine des Vosges","url":"https:\/\/vosgesinfo.fr\/laplainedesvosgesinfo\/","logo":{"@type":"ImageObject","inLanguage":"fr-FR","@id":"https:\/\/vosgesinfo.fr\/laplainedesvosgesinfo\/#\/schema\/logo\/image\/","url":"https:\/\/vosgesinfo.fr\/app\/uploads\/sites\/2\/2023\/08\/logo-laplaineinfo.svg","contentUrl":"https:\/\/vosgesinfo.fr\/app\/uploads\/sites\/2\/2023\/08\/logo-laplaineinfo.svg","width":1,"height":1,"caption":"La Plaine des Vosges"},"image":{"@id":"https:\/\/vosgesinfo.fr\/laplainedesvosgesinfo\/#\/schema\/logo\/image\/"},"sameAs":["https:\/\/www.facebook.com\/laplainedesvosges","https:\/\/x.com\/VosgesInfo88","https:\/\/www.youtube.com\/@vosgesinfo"]},{"@type":"Person","@id":"https:\/\/vosgesinfo.fr\/laplainedesvosgesinfo\/#\/schema\/person\/fa73e9f726d67bb88f46d5b7943cb572","name":"J.J.","image":{"@type":"ImageObject","inLanguage":"fr-FR","@id":"https:\/\/vosgesinfo.fr\/laplainedesvosgesinfo\/#\/schema\/person\/image\/","url":"https:\/\/secure.gravatar.com\/avatar\/219e749e47ffbcca018a360ae4add7d4cdf1cdaaf8bc7676b27efade3fe65615?s=96&d=mm&r=g","contentUrl":"https:\/\/secure.gravatar.com\/avatar\/219e749e47ffbcca018a360ae4add7d4cdf1cdaaf8bc7676b27efade3fe65615?s=96&d=mm&r=g","caption":"J.J."},"url":"https:\/\/vosgesinfo.fr\/laplainedesvosgesinfo\/author\/j-j\/"}]}},"_links":{"self":[{"href":"https:\/\/vosgesinfo.fr\/laplainedesvosgesinfo\/wp-json\/wp\/v2\/posts\/29816","targetHints":{"allow":["GET"]}}],"collection":[{"href":"https:\/\/vosgesinfo.fr\/laplainedesvosgesinfo\/wp-json\/wp\/v2\/posts"}],"about":[{"href":"https:\/\/vosgesinfo.fr\/laplainedesvosgesinfo\/wp-json\/wp\/v2\/types\/post"}],"author":[{"embeddable":true,"href":"https:\/\/vosgesinfo.fr\/laplainedesvosgesinfo\/wp-json\/wp\/v2\/users\/46"}],"replies":[{"embeddable":true,"href":"https:\/\/vosgesinfo.fr\/laplainedesvosgesinfo\/wp-json\/wp\/v2\/comments?post=29816"}],"version-history":[{"count":0,"href":"https:\/\/vosgesinfo.fr\/laplainedesvosgesinfo\/wp-json\/wp\/v2\/posts\/29816\/revisions"}],"wp:featuredmedia":[{"embeddable":true,"href":"https:\/\/vosgesinfo.fr\/laplainedesvosgesinfo\/wp-json\/wp\/v2\/media\/29817"}],"wp:attachment":[{"href":"https:\/\/vosgesinfo.fr\/laplainedesvosgesinfo\/wp-json\/wp\/v2\/media?parent=29816"}],"wp:term":[{"taxonomy":"category","embeddable":true,"href":"https:\/\/vosgesinfo.fr\/laplainedesvosgesinfo\/wp-json\/wp\/v2\/categories?post=29816"},{"taxonomy":"post_tag","embeddable":true,"href":"https:\/\/vosgesinfo.fr\/laplainedesvosgesinfo\/wp-json\/wp\/v2\/tags?post=29816"}],"curies":[{"name":"wp","href":"https:\/\/api.w.org\/{rel}","templated":true}]}}