{"id":29904,"date":"2025-05-15T07:26:06","date_gmt":"2025-05-15T05:26:06","guid":{"rendered":"https:\/\/vosgesinfo.fr\/laplainedesvosgesinfo\/?p=29904"},"modified":"2025-05-15T07:26:06","modified_gmt":"2025-05-15T05:26:06","slug":"contrexeville-un-ete-festif-au-coeur-du-parc-thermal-avec-les-festifolies-2025","status":"publish","type":"post","link":"https:\/\/vosgesinfo.fr\/laplainedesvosgesinfo\/2025\/05\/contrexeville-un-ete-festif-au-coeur-du-parc-thermal-avec-les-festifolies-2025\/","title":{"rendered":"Contrex\u00e9ville &#8211; Un \u00e9t\u00e9 festif au c\u0153ur du parc thermal avec les Festi\u2019Folies 2025"},"content":{"rendered":"<h2 data-start=\"444\" data-end=\"823\"><strong><a href=\"https:\/\/vosgesinfo.fr\/app\/uploads\/sites\/3\/2025\/05\/casino2.jpg\"><img decoding=\"async\" class=\"aligncenter size-full wp-image-131839\" src=\"https:\/\/vosgesinfo.fr\/app\/uploads\/sites\/3\/2025\/05\/casino2.jpg\" alt=\"\" width=\"960\" height=\"540\" \/><\/a>Contrex\u00e9ville s\u2019appr\u00eate \u00e0 vibrer au rythme de la musique et de la convivialit\u00e9 cet \u00e9t\u00e9 ! Du 14 juin au 5 juillet 2025, le Casino Partouche, en partenariat avec la Ville, redonne vie au parc thermal avec le grand retour des Festi\u2019Folies. Ce rendez-vous culturel incontournable promet un cocktail de sons, de rires et de moments partag\u00e9s, le tout en acc\u00e8s libre et gratuit.<\/strong><\/h2>\n<h3 data-start=\"825\" data-end=\"887\">Une programmation \u00e9clectique pour toutes les g\u00e9n\u00e9rations<\/h3>\n<p class=\"\" data-start=\"889\" data-end=\"1240\">Les Festi\u2019Folies, c\u2019est bien plus qu\u2019un simple festival. C\u2019est une invitation \u00e0 se retrouver en famille ou entre amis pour savourer des soir\u00e9es th\u00e9matiques aux ambiances multiples : rock endiabl\u00e9, guinguette charmante, disco r\u00e9tro ou encore cabaret \u00e9l\u00e9gant. Chaque \u00e9v\u00e9nement est pens\u00e9 pour plaire au plus grand nombre, des plus petits aux plus grands.<\/p>\n<h3 data-start=\"1247\" data-end=\"1284\">Le programme \u00e0 ne pas manquer :<\/h3>\n<h3 class=\"\" data-start=\"1286\" data-end=\"1318\"><strong data-start=\"1290\" data-end=\"1318\">Samedi 14 juin d\u00e8s 18h30<\/strong><\/h3>\n<ul data-start=\"1319\" data-end=\"1454\">\n<li class=\"\" data-start=\"1319\" data-end=\"1380\">\n<p class=\"\" data-start=\"1321\" data-end=\"1380\">Lancement haut en couleurs avec la <strong data-start=\"1356\" data-end=\"1380\">Fanfare M\u00e9latronique<\/strong><\/p>\n<\/li>\n<li class=\"\" data-start=\"1381\" data-end=\"1454\">\n<p class=\"\" data-start=\"1383\" data-end=\"1454\"><strong data-start=\"1383\" data-end=\"1394\">Dudebox<\/strong> en concert : groove, \u00e9nergie et bonne humeur au rendez-vous<\/p>\n<\/li>\n<\/ul>\n<h3 class=\"\" data-start=\"1456\" data-end=\"1490\"><strong data-start=\"1460\" data-end=\"1490\">Dimanche 15 juin d\u00e8s 15h30<\/strong><\/h3>\n<ul data-start=\"1491\" data-end=\"1606\">\n<li class=\"\" data-start=\"1491\" data-end=\"1540\">\n<p class=\"\" data-start=\"1493\" data-end=\"1540\"><strong data-start=\"1493\" data-end=\"1510\">Bal populaire<\/strong> avec l\u2019orchestre <strong data-start=\"1528\" data-end=\"1540\">Stan\u2019Lor<\/strong><\/p>\n<\/li>\n<li class=\"\" data-start=\"1541\" data-end=\"1606\">\n<p class=\"\" data-start=\"1543\" data-end=\"1606\">Soir\u00e9e cabaret et paillettes avec <strong data-start=\"1577\" data-end=\"1606\">Les Coquetteries de Paris<\/strong><\/p>\n<\/li>\n<\/ul>\n<h3 class=\"\" data-start=\"1608\" data-end=\"1644\"><strong data-start=\"1612\" data-end=\"1644\">Vendredi 4 juillet d\u00e8s 20h30<\/strong><\/h3>\n<ul data-start=\"1645\" data-end=\"1783\">\n<li class=\"\" data-start=\"1645\" data-end=\"1702\">\n<p class=\"\" data-start=\"1647\" data-end=\"1702\">Soir\u00e9e guinguette anim\u00e9e par l\u2019orchestre <strong data-start=\"1688\" data-end=\"1702\">Laure &amp; Co<\/strong><\/p>\n<\/li>\n<li class=\"\" data-start=\"1703\" data-end=\"1783\">\n<p class=\"\" data-start=\"1705\" data-end=\"1783\">Plong\u00e9e musicale dans les <strong data-start=\"1731\" data-end=\"1749\">ann\u00e9es 60 \u00e0 80<\/strong> pour une nuit dansante et festive<\/p>\n<\/li>\n<\/ul>\n<h3 class=\"\" data-start=\"1785\" data-end=\"1819\"><strong data-start=\"1789\" data-end=\"1819\">Samedi 5 juillet d\u00e8s 18h30<\/strong><\/h3>\n<ul data-start=\"1820\" data-end=\"1945\">\n<li class=\"\" data-start=\"1820\" data-end=\"1863\">\n<p class=\"\" data-start=\"1822\" data-end=\"1863\">\u00c9nergie rock avec <strong data-start=\"1840\" data-end=\"1863\">Two of Us Live Band<\/strong><\/p>\n<\/li>\n<li class=\"\" data-start=\"1864\" data-end=\"1945\">\n<p class=\"\" data-start=\"1866\" data-end=\"1945\">Grand final avec <strong data-start=\"1883\" data-end=\"1896\">Patchwork<\/strong> et leur spectaculaire <strong data-start=\"1919\" data-end=\"1945\">feu d\u2019artifice musical<\/strong><\/p>\n<\/li>\n<\/ul>\n<h3 data-start=\"1952\" data-end=\"1992\">Une ambiance d\u00e9tendue et gourmande<\/h3>\n<p class=\"\" data-start=\"1994\" data-end=\"2229\">Pour accompagner ces soir\u00e9es estivales, une buvette et des stands de petite restauration seront disponibles sur place. Que ce soit pour grignoter, trinquer ou simplement se d\u00e9tendre entre amis, tout est r\u00e9uni pour passer un bon moment.<\/p>\n<h3 data-start=\"2236\" data-end=\"2282\"><strong>Le rendez-vous culturel de l\u2019\u00e9t\u00e9 vosgien<\/strong><\/h3>\n<p class=\"\" data-start=\"2284\" data-end=\"2576\">Avec son ambiance chaleureuse et son programme festif, <strong data-start=\"2339\" data-end=\"2364\">les Festi\u2019Folies 2025<\/strong> s\u2019imposent comme l\u2019un des \u00e9v\u00e9nements phares de l\u2019\u00e9t\u00e9 dans les Vosges. Gratuit et ouvert \u00e0 tous, ce festival \u00e0 ciel ouvert est une v\u00e9ritable c\u00e9l\u00e9bration de la musique, du vivre-ensemble et de la joie de partager.<\/p>\n","protected":false},"excerpt":{"rendered":"<p>Contrex\u00e9ville s\u2019appr\u00eate \u00e0 vibrer au rythme de la musique et de la convivialit\u00e9 cet \u00e9t\u00e9 ! Du 14 juin au [&hellip;]<\/p>\n","protected":false},"author":52,"featured_media":29905,"comment_status":"open","ping_status":"open","sticky":false,"template":"","format":"standard","meta":{"footnotes":""},"categories":[29,383,380],"tags":[177,8442,67],"class_list":["post-29904","post","type-post","status-publish","format-standard","has-post-thumbnail","hentry","category-a-la-une","category-epinal","category-la-plaine-des-vosges","tag-contrexeville","tag-festifolies-2025","tag-parc-thermal"],"acf":[],"yoast_head":"<!-- This site is optimized with the Yoast SEO plugin v22.5 - https:\/\/yoast.com\/wordpress\/plugins\/seo\/ -->\n<title>Contrex\u00e9ville - Un \u00e9t\u00e9 festif au c\u0153ur du parc thermal avec les Festi\u2019Folies 2025 - La Plaine des Vosges<\/title>\n<meta name=\"robots\" content=\"index, follow, max-snippet:-1, max-image-preview:large, max-video-preview:-1\" \/>\n<link rel=\"canonical\" href=\"https:\/\/vosgesinfo.fr\/laplainedesvosgesinfo\/2025\/05\/contrexeville-un-ete-festif-au-coeur-du-parc-thermal-avec-les-festifolies-2025\/\" \/>\n<meta name=\"twitter:card\" content=\"summary_large_image\" \/>\n<meta name=\"twitter:title\" content=\"Contrex\u00e9ville - Un \u00e9t\u00e9 festif au c\u0153ur du parc thermal avec les Festi\u2019Folies 2025 - La Plaine des Vosges\" \/>\n<meta name=\"twitter:description\" content=\"Contrex\u00e9ville s\u2019appr\u00eate \u00e0 vibrer au rythme de la musique et de la convivialit\u00e9 cet \u00e9t\u00e9 ! Du 14 juin au [&hellip;]\" \/>\n<meta name=\"twitter:image\" content=\"https:\/\/vosgesinfo.fr\/app\/uploads\/sites\/2\/2025\/05\/casino2.jpg\" \/>\n<meta name=\"twitter:creator\" content=\"@VosgesInfo88\" \/>\n<meta name=\"twitter:site\" content=\"@VosgesInfo88\" \/>\n<meta name=\"twitter:label1\" content=\"\u00c9crit par\" \/>\n\t<meta name=\"twitter:data1\" content=\"C.K.\" \/>\n\t<meta name=\"twitter:label2\" content=\"Dur\u00e9e de lecture estim\u00e9e\" \/>\n\t<meta name=\"twitter:data2\" content=\"2 minutes\" \/>\n<script type=\"application\/ld+json\" class=\"yoast-schema-graph\">{\"@context\":\"https:\/\/schema.org\",\"@graph\":[{\"@type\":\"Article\",\"@id\":\"https:\/\/vosgesinfo.fr\/laplainedesvosgesinfo\/2025\/05\/contrexeville-un-ete-festif-au-coeur-du-parc-thermal-avec-les-festifolies-2025\/#article\",\"isPartOf\":{\"@id\":\"https:\/\/vosgesinfo.fr\/laplainedesvosgesinfo\/2025\/05\/contrexeville-un-ete-festif-au-coeur-du-parc-thermal-avec-les-festifolies-2025\/\"},\"author\":{\"name\":\"C.K.\",\"@id\":\"https:\/\/vosgesinfo.fr\/laplainedesvosgesinfo\/#\/schema\/person\/6f9a650eeea99d969b6c4ab78fccbe81\"},\"headline\":\"Contrex\u00e9ville &#8211; Un \u00e9t\u00e9 festif au c\u0153ur du parc thermal avec les Festi\u2019Folies 2025\",\"datePublished\":\"2025-05-15T05:26:06+00:00\",\"dateModified\":\"2025-05-15T05:26:06+00:00\",\"mainEntityOfPage\":{\"@id\":\"https:\/\/vosgesinfo.fr\/laplainedesvosgesinfo\/2025\/05\/contrexeville-un-ete-festif-au-coeur-du-parc-thermal-avec-les-festifolies-2025\/\"},\"wordCount\":360,\"commentCount\":0,\"publisher\":{\"@id\":\"https:\/\/vosgesinfo.fr\/laplainedesvosgesinfo\/#organization\"},\"image\":{\"@id\":\"https:\/\/vosgesinfo.fr\/laplainedesvosgesinfo\/2025\/05\/contrexeville-un-ete-festif-au-coeur-du-parc-thermal-avec-les-festifolies-2025\/#primaryimage\"},\"thumbnailUrl\":\"https:\/\/vosgesinfo.fr\/app\/uploads\/sites\/2\/2025\/05\/casino2.jpg\",\"keywords\":[\"Contrex\u00e9ville\",\"Festi\u2019Folies 2025\",\"parc thermal\"],\"articleSection\":[\"A la Une\",\"Epinal\",\"La plaine des vosges\"],\"inLanguage\":\"fr-FR\",\"potentialAction\":[{\"@type\":\"CommentAction\",\"name\":\"Comment\",\"target\":[\"https:\/\/vosgesinfo.fr\/laplainedesvosgesinfo\/2025\/05\/contrexeville-un-ete-festif-au-coeur-du-parc-thermal-avec-les-festifolies-2025\/#respond\"]}]},{\"@type\":\"WebPage\",\"@id\":\"https:\/\/vosgesinfo.fr\/laplainedesvosgesinfo\/2025\/05\/contrexeville-un-ete-festif-au-coeur-du-parc-thermal-avec-les-festifolies-2025\/\",\"url\":\"https:\/\/vosgesinfo.fr\/laplainedesvosgesinfo\/2025\/05\/contrexeville-un-ete-festif-au-coeur-du-parc-thermal-avec-les-festifolies-2025\/\",\"name\":\"Contrex\u00e9ville - Un \u00e9t\u00e9 festif au c\u0153ur du parc thermal avec les Festi\u2019Folies 2025 - La Plaine des Vosges\",\"isPartOf\":{\"@id\":\"https:\/\/vosgesinfo.fr\/laplainedesvosgesinfo\/#website\"},\"primaryImageOfPage\":{\"@id\":\"https:\/\/vosgesinfo.fr\/laplainedesvosgesinfo\/2025\/05\/contrexeville-un-ete-festif-au-coeur-du-parc-thermal-avec-les-festifolies-2025\/#primaryimage\"},\"image\":{\"@id\":\"https:\/\/vosgesinfo.fr\/laplainedesvosgesinfo\/2025\/05\/contrexeville-un-ete-festif-au-coeur-du-parc-thermal-avec-les-festifolies-2025\/#primaryimage\"},\"thumbnailUrl\":\"https:\/\/vosgesinfo.fr\/app\/uploads\/sites\/2\/2025\/05\/casino2.jpg\",\"datePublished\":\"2025-05-15T05:26:06+00:00\",\"dateModified\":\"2025-05-15T05:26:06+00:00\",\"breadcrumb\":{\"@id\":\"https:\/\/vosgesinfo.fr\/laplainedesvosgesinfo\/2025\/05\/contrexeville-un-ete-festif-au-coeur-du-parc-thermal-avec-les-festifolies-2025\/#breadcrumb\"},\"inLanguage\":\"fr-FR\",\"potentialAction\":[{\"@type\":\"ReadAction\",\"target\":[\"https:\/\/vosgesinfo.fr\/laplainedesvosgesinfo\/2025\/05\/contrexeville-un-ete-festif-au-coeur-du-parc-thermal-avec-les-festifolies-2025\/\"]}]},{\"@type\":\"ImageObject\",\"inLanguage\":\"fr-FR\",\"@id\":\"https:\/\/vosgesinfo.fr\/laplainedesvosgesinfo\/2025\/05\/contrexeville-un-ete-festif-au-coeur-du-parc-thermal-avec-les-festifolies-2025\/#primaryimage\",\"url\":\"https:\/\/vosgesinfo.fr\/app\/uploads\/sites\/2\/2025\/05\/casino2.jpg\",\"contentUrl\":\"https:\/\/vosgesinfo.fr\/app\/uploads\/sites\/2\/2025\/05\/casino2.jpg\",\"width\":960,\"height\":540},{\"@type\":\"BreadcrumbList\",\"@id\":\"https:\/\/vosgesinfo.fr\/laplainedesvosgesinfo\/2025\/05\/contrexeville-un-ete-festif-au-coeur-du-parc-thermal-avec-les-festifolies-2025\/#breadcrumb\",\"itemListElement\":[{\"@type\":\"ListItem\",\"position\":1,\"name\":\"Home\",\"item\":\"https:\/\/vosgesinfo.fr\/laplainedesvosgesinfo\/\"},{\"@type\":\"ListItem\",\"position\":2,\"name\":\"Contrex\u00e9ville &#8211; Un \u00e9t\u00e9 festif au c\u0153ur du parc thermal avec les Festi\u2019Folies 2025\"}]},{\"@type\":\"WebSite\",\"@id\":\"https:\/\/vosgesinfo.fr\/laplainedesvosgesinfo\/#website\",\"url\":\"https:\/\/vosgesinfo.fr\/laplainedesvosgesinfo\/\",\"name\":\"La Plaine des Vosges\",\"description\":\"Toute l&#039;actualit\u00e9 de la plaine de Vosges\",\"publisher\":{\"@id\":\"https:\/\/vosgesinfo.fr\/laplainedesvosgesinfo\/#organization\"},\"alternateName\":\"Toute l'actualit\u00e9 de la plaine des Vosges\",\"potentialAction\":[{\"@type\":\"SearchAction\",\"target\":{\"@type\":\"EntryPoint\",\"urlTemplate\":\"https:\/\/vosgesinfo.fr\/laplainedesvosgesinfo\/?s={search_term_string}\"},\"query-input\":\"required name=search_term_string\"}],\"inLanguage\":\"fr-FR\"},{\"@type\":\"Organization\",\"@id\":\"https:\/\/vosgesinfo.fr\/laplainedesvosgesinfo\/#organization\",\"name\":\"La Plaine des Vosges\",\"url\":\"https:\/\/vosgesinfo.fr\/laplainedesvosgesinfo\/\",\"logo\":{\"@type\":\"ImageObject\",\"inLanguage\":\"fr-FR\",\"@id\":\"https:\/\/vosgesinfo.fr\/laplainedesvosgesinfo\/#\/schema\/logo\/image\/\",\"url\":\"https:\/\/vosgesinfo.fr\/app\/uploads\/sites\/2\/2023\/08\/logo-laplaineinfo.svg\",\"contentUrl\":\"https:\/\/vosgesinfo.fr\/app\/uploads\/sites\/2\/2023\/08\/logo-laplaineinfo.svg\",\"width\":1,\"height\":1,\"caption\":\"La Plaine des Vosges\"},\"image\":{\"@id\":\"https:\/\/vosgesinfo.fr\/laplainedesvosgesinfo\/#\/schema\/logo\/image\/\"},\"sameAs\":[\"https:\/\/www.facebook.com\/laplainedesvosges\",\"https:\/\/x.com\/VosgesInfo88\",\"https:\/\/www.youtube.com\/@vosgesinfo\"]},{\"@type\":\"Person\",\"@id\":\"https:\/\/vosgesinfo.fr\/laplainedesvosgesinfo\/#\/schema\/person\/6f9a650eeea99d969b6c4ab78fccbe81\",\"name\":\"C.K.\",\"image\":{\"@type\":\"ImageObject\",\"inLanguage\":\"fr-FR\",\"@id\":\"https:\/\/vosgesinfo.fr\/laplainedesvosgesinfo\/#\/schema\/person\/image\/\",\"url\":\"https:\/\/secure.gravatar.com\/avatar\/48e3fc7f8421ba8942be6b74a2b7f014ca39bc00dece156b7a8e098ae7dc87bf?s=96&d=mm&r=g\",\"contentUrl\":\"https:\/\/secure.gravatar.com\/avatar\/48e3fc7f8421ba8942be6b74a2b7f014ca39bc00dece156b7a8e098ae7dc87bf?s=96&d=mm&r=g\",\"caption\":\"C.K.\"},\"url\":\"https:\/\/vosgesinfo.fr\/laplainedesvosgesinfo\/author\/celia-k-n\/\"}]}<\/script>\n<!-- \/ Yoast SEO plugin. -->","yoast_head_json":{"title":"Contrex\u00e9ville - Un \u00e9t\u00e9 festif au c\u0153ur du parc thermal avec les Festi\u2019Folies 2025 - La Plaine des Vosges","robots":{"index":"index","follow":"follow","max-snippet":"max-snippet:-1","max-image-preview":"max-image-preview:large","max-video-preview":"max-video-preview:-1"},"canonical":"https:\/\/vosgesinfo.fr\/laplainedesvosgesinfo\/2025\/05\/contrexeville-un-ete-festif-au-coeur-du-parc-thermal-avec-les-festifolies-2025\/","twitter_card":"summary_large_image","twitter_title":"Contrex\u00e9ville - Un \u00e9t\u00e9 festif au c\u0153ur du parc thermal avec les Festi\u2019Folies 2025 - La Plaine des Vosges","twitter_description":"Contrex\u00e9ville s\u2019appr\u00eate \u00e0 vibrer au rythme de la musique et de la convivialit\u00e9 cet \u00e9t\u00e9 ! Du 14 juin au [&hellip;]","twitter_image":"https:\/\/vosgesinfo.fr\/app\/uploads\/sites\/2\/2025\/05\/casino2.jpg","twitter_creator":"@VosgesInfo88","twitter_site":"@VosgesInfo88","twitter_misc":{"\u00c9crit par":"C.K.","Dur\u00e9e de lecture estim\u00e9e":"2 minutes"},"schema":{"@context":"https:\/\/schema.org","@graph":[{"@type":"Article","@id":"https:\/\/vosgesinfo.fr\/laplainedesvosgesinfo\/2025\/05\/contrexeville-un-ete-festif-au-coeur-du-parc-thermal-avec-les-festifolies-2025\/#article","isPartOf":{"@id":"https:\/\/vosgesinfo.fr\/laplainedesvosgesinfo\/2025\/05\/contrexeville-un-ete-festif-au-coeur-du-parc-thermal-avec-les-festifolies-2025\/"},"author":{"name":"C.K.","@id":"https:\/\/vosgesinfo.fr\/laplainedesvosgesinfo\/#\/schema\/person\/6f9a650eeea99d969b6c4ab78fccbe81"},"headline":"Contrex\u00e9ville &#8211; Un \u00e9t\u00e9 festif au c\u0153ur du parc thermal avec les Festi\u2019Folies 2025","datePublished":"2025-05-15T05:26:06+00:00","dateModified":"2025-05-15T05:26:06+00:00","mainEntityOfPage":{"@id":"https:\/\/vosgesinfo.fr\/laplainedesvosgesinfo\/2025\/05\/contrexeville-un-ete-festif-au-coeur-du-parc-thermal-avec-les-festifolies-2025\/"},"wordCount":360,"commentCount":0,"publisher":{"@id":"https:\/\/vosgesinfo.fr\/laplainedesvosgesinfo\/#organization"},"image":{"@id":"https:\/\/vosgesinfo.fr\/laplainedesvosgesinfo\/2025\/05\/contrexeville-un-ete-festif-au-coeur-du-parc-thermal-avec-les-festifolies-2025\/#primaryimage"},"thumbnailUrl":"https:\/\/vosgesinfo.fr\/app\/uploads\/sites\/2\/2025\/05\/casino2.jpg","keywords":["Contrex\u00e9ville","Festi\u2019Folies 2025","parc thermal"],"articleSection":["A la Une","Epinal","La plaine des vosges"],"inLanguage":"fr-FR","potentialAction":[{"@type":"CommentAction","name":"Comment","target":["https:\/\/vosgesinfo.fr\/laplainedesvosgesinfo\/2025\/05\/contrexeville-un-ete-festif-au-coeur-du-parc-thermal-avec-les-festifolies-2025\/#respond"]}]},{"@type":"WebPage","@id":"https:\/\/vosgesinfo.fr\/laplainedesvosgesinfo\/2025\/05\/contrexeville-un-ete-festif-au-coeur-du-parc-thermal-avec-les-festifolies-2025\/","url":"https:\/\/vosgesinfo.fr\/laplainedesvosgesinfo\/2025\/05\/contrexeville-un-ete-festif-au-coeur-du-parc-thermal-avec-les-festifolies-2025\/","name":"Contrex\u00e9ville - Un \u00e9t\u00e9 festif au c\u0153ur du parc thermal avec les Festi\u2019Folies 2025 - La Plaine des Vosges","isPartOf":{"@id":"https:\/\/vosgesinfo.fr\/laplainedesvosgesinfo\/#website"},"primaryImageOfPage":{"@id":"https:\/\/vosgesinfo.fr\/laplainedesvosgesinfo\/2025\/05\/contrexeville-un-ete-festif-au-coeur-du-parc-thermal-avec-les-festifolies-2025\/#primaryimage"},"image":{"@id":"https:\/\/vosgesinfo.fr\/laplainedesvosgesinfo\/2025\/05\/contrexeville-un-ete-festif-au-coeur-du-parc-thermal-avec-les-festifolies-2025\/#primaryimage"},"thumbnailUrl":"https:\/\/vosgesinfo.fr\/app\/uploads\/sites\/2\/2025\/05\/casino2.jpg","datePublished":"2025-05-15T05:26:06+00:00","dateModified":"2025-05-15T05:26:06+00:00","breadcrumb":{"@id":"https:\/\/vosgesinfo.fr\/laplainedesvosgesinfo\/2025\/05\/contrexeville-un-ete-festif-au-coeur-du-parc-thermal-avec-les-festifolies-2025\/#breadcrumb"},"inLanguage":"fr-FR","potentialAction":[{"@type":"ReadAction","target":["https:\/\/vosgesinfo.fr\/laplainedesvosgesinfo\/2025\/05\/contrexeville-un-ete-festif-au-coeur-du-parc-thermal-avec-les-festifolies-2025\/"]}]},{"@type":"ImageObject","inLanguage":"fr-FR","@id":"https:\/\/vosgesinfo.fr\/laplainedesvosgesinfo\/2025\/05\/contrexeville-un-ete-festif-au-coeur-du-parc-thermal-avec-les-festifolies-2025\/#primaryimage","url":"https:\/\/vosgesinfo.fr\/app\/uploads\/sites\/2\/2025\/05\/casino2.jpg","contentUrl":"https:\/\/vosgesinfo.fr\/app\/uploads\/sites\/2\/2025\/05\/casino2.jpg","width":960,"height":540},{"@type":"BreadcrumbList","@id":"https:\/\/vosgesinfo.fr\/laplainedesvosgesinfo\/2025\/05\/contrexeville-un-ete-festif-au-coeur-du-parc-thermal-avec-les-festifolies-2025\/#breadcrumb","itemListElement":[{"@type":"ListItem","position":1,"name":"Home","item":"https:\/\/vosgesinfo.fr\/laplainedesvosgesinfo\/"},{"@type":"ListItem","position":2,"name":"Contrex\u00e9ville &#8211; Un \u00e9t\u00e9 festif au c\u0153ur du parc thermal avec les Festi\u2019Folies 2025"}]},{"@type":"WebSite","@id":"https:\/\/vosgesinfo.fr\/laplainedesvosgesinfo\/#website","url":"https:\/\/vosgesinfo.fr\/laplainedesvosgesinfo\/","name":"La Plaine des Vosges","description":"Toute l&#039;actualit\u00e9 de la plaine de Vosges","publisher":{"@id":"https:\/\/vosgesinfo.fr\/laplainedesvosgesinfo\/#organization"},"alternateName":"Toute l'actualit\u00e9 de la plaine des Vosges","potentialAction":[{"@type":"SearchAction","target":{"@type":"EntryPoint","urlTemplate":"https:\/\/vosgesinfo.fr\/laplainedesvosgesinfo\/?s={search_term_string}"},"query-input":"required name=search_term_string"}],"inLanguage":"fr-FR"},{"@type":"Organization","@id":"https:\/\/vosgesinfo.fr\/laplainedesvosgesinfo\/#organization","name":"La Plaine des Vosges","url":"https:\/\/vosgesinfo.fr\/laplainedesvosgesinfo\/","logo":{"@type":"ImageObject","inLanguage":"fr-FR","@id":"https:\/\/vosgesinfo.fr\/laplainedesvosgesinfo\/#\/schema\/logo\/image\/","url":"https:\/\/vosgesinfo.fr\/app\/uploads\/sites\/2\/2023\/08\/logo-laplaineinfo.svg","contentUrl":"https:\/\/vosgesinfo.fr\/app\/uploads\/sites\/2\/2023\/08\/logo-laplaineinfo.svg","width":1,"height":1,"caption":"La Plaine des Vosges"},"image":{"@id":"https:\/\/vosgesinfo.fr\/laplainedesvosgesinfo\/#\/schema\/logo\/image\/"},"sameAs":["https:\/\/www.facebook.com\/laplainedesvosges","https:\/\/x.com\/VosgesInfo88","https:\/\/www.youtube.com\/@vosgesinfo"]},{"@type":"Person","@id":"https:\/\/vosgesinfo.fr\/laplainedesvosgesinfo\/#\/schema\/person\/6f9a650eeea99d969b6c4ab78fccbe81","name":"C.K.","image":{"@type":"ImageObject","inLanguage":"fr-FR","@id":"https:\/\/vosgesinfo.fr\/laplainedesvosgesinfo\/#\/schema\/person\/image\/","url":"https:\/\/secure.gravatar.com\/avatar\/48e3fc7f8421ba8942be6b74a2b7f014ca39bc00dece156b7a8e098ae7dc87bf?s=96&d=mm&r=g","contentUrl":"https:\/\/secure.gravatar.com\/avatar\/48e3fc7f8421ba8942be6b74a2b7f014ca39bc00dece156b7a8e098ae7dc87bf?s=96&d=mm&r=g","caption":"C.K."},"url":"https:\/\/vosgesinfo.fr\/laplainedesvosgesinfo\/author\/celia-k-n\/"}]}},"_links":{"self":[{"href":"https:\/\/vosgesinfo.fr\/laplainedesvosgesinfo\/wp-json\/wp\/v2\/posts\/29904","targetHints":{"allow":["GET"]}}],"collection":[{"href":"https:\/\/vosgesinfo.fr\/laplainedesvosgesinfo\/wp-json\/wp\/v2\/posts"}],"about":[{"href":"https:\/\/vosgesinfo.fr\/laplainedesvosgesinfo\/wp-json\/wp\/v2\/types\/post"}],"author":[{"embeddable":true,"href":"https:\/\/vosgesinfo.fr\/laplainedesvosgesinfo\/wp-json\/wp\/v2\/users\/52"}],"replies":[{"embeddable":true,"href":"https:\/\/vosgesinfo.fr\/laplainedesvosgesinfo\/wp-json\/wp\/v2\/comments?post=29904"}],"version-history":[{"count":0,"href":"https:\/\/vosgesinfo.fr\/laplainedesvosgesinfo\/wp-json\/wp\/v2\/posts\/29904\/revisions"}],"wp:featuredmedia":[{"embeddable":true,"href":"https:\/\/vosgesinfo.fr\/laplainedesvosgesinfo\/wp-json\/wp\/v2\/media\/29905"}],"wp:attachment":[{"href":"https:\/\/vosgesinfo.fr\/laplainedesvosgesinfo\/wp-json\/wp\/v2\/media?parent=29904"}],"wp:term":[{"taxonomy":"category","embeddable":true,"href":"https:\/\/vosgesinfo.fr\/laplainedesvosgesinfo\/wp-json\/wp\/v2\/categories?post=29904"},{"taxonomy":"post_tag","embeddable":true,"href":"https:\/\/vosgesinfo.fr\/laplainedesvosgesinfo\/wp-json\/wp\/v2\/tags?post=29904"}],"curies":[{"name":"wp","href":"https:\/\/api.w.org\/{rel}","templated":true}]}}