{"id":29910,"date":"2025-05-14T13:10:08","date_gmt":"2025-05-14T11:10:08","guid":{"rendered":"https:\/\/vosgesinfo.fr\/laplainedesvosgesinfo\/?p=29910"},"modified":"2025-05-14T13:10:08","modified_gmt":"2025-05-14T11:10:08","slug":"securite-renforcee-a-la-gare-de-neufchateau-une-operation-conjointe-menee-par-la-gendarmerie-et-la-surete-ferroviaire","status":"publish","type":"post","link":"https:\/\/vosgesinfo.fr\/laplainedesvosgesinfo\/2025\/05\/securite-renforcee-a-la-gare-de-neufchateau-une-operation-conjointe-menee-par-la-gendarmerie-et-la-surete-ferroviaire\/","title":{"rendered":"S\u00e9curit\u00e9 renforc\u00e9e \u00e0 la gare de Neufch\u00e2teau : une op\u00e9ration conjointe men\u00e9e par la gendarmerie et la s\u00fbret\u00e9 ferroviaire"},"content":{"rendered":"<div id=\"attachment_131857\" style=\"width: 490px\" class=\"wp-caption aligncenter\"><a href=\"https:\/\/vosgesinfo.fr\/app\/uploads\/sites\/3\/2025\/05\/496938988-1001875955424810-5759813853138144267-n.jpg\"><img decoding=\"async\" aria-describedby=\"caption-attachment-131857\" class=\"wp-image-131857 size-full\" src=\"https:\/\/vosgesinfo.fr\/app\/uploads\/sites\/3\/2025\/05\/496938988-1001875955424810-5759813853138144267-n.jpg\" alt=\"\" width=\"480\" height=\"480\" \/><\/a><p id=\"caption-attachment-131857\" class=\"wp-caption-text\">photo Pr\u00e9fecture des Vosges<\/p><\/div>\n<h2 data-start=\"471\" data-end=\"809\"><strong>Ce mardi 13 mai 2025, une op\u00e9ration de terrain s\u2019est d\u00e9roul\u00e9e \u00e0 la gare de Neufch\u00e2teau, mobilisant les \u00e9quipes de la gendarmerie nationale et de la s\u00fbret\u00e9 ferroviaire de la SNCF. Cette action s\u2019inscrit dans le cadre du plan d\u00e9partemental de restauration de la s\u00e9curit\u00e9 du quotidien, d\u00e9ploy\u00e9 \u00e0 l\u2019\u00e9chelle des Vosges.<\/strong><\/h2>\n<h3 class=\"\" data-start=\"811\" data-end=\"869\">\ud83c\udfaf Des objectifs clairs pour un espace public plus s\u00fbr<\/h3>\n<p class=\"\" data-start=\"870\" data-end=\"913\">Trois priorit\u00e9s guidaient cette op\u00e9ration :<\/p>\n<ul data-start=\"915\" data-end=\"1204\">\n<li class=\"\" data-start=\"915\" data-end=\"1003\">\n<p class=\"\" data-start=\"917\" data-end=\"1003\">\u2705 <strong data-start=\"919\" data-end=\"951\">Lutte contre les incivilit\u00e9s<\/strong>, pour un cadre de transport respectueux et apais\u00e9 ;<\/p>\n<\/li>\n<li class=\"\" data-start=\"1004\" data-end=\"1093\">\n<p class=\"\" data-start=\"1006\" data-end=\"1093\">\u2705 <strong data-start=\"1008\" data-end=\"1040\">Lutte contre les stup\u00e9fiants<\/strong>, enjeu majeur de tranquillit\u00e9 et de sant\u00e9 publique ;<\/p>\n<\/li>\n<li class=\"\" data-start=\"1094\" data-end=\"1204\">\n<p class=\"\" data-start=\"1096\" data-end=\"1204\">\u2705 <strong data-start=\"1098\" data-end=\"1140\">Pr\u00e9vention des atteintes aux personnes<\/strong>, pour garantir la s\u00e9curit\u00e9 de tous les voyageurs et personnels.<\/p>\n<\/li>\n<\/ul>\n<h3 class=\"\" data-start=\"1206\" data-end=\"1250\">\ud83d\ude89 Une pr\u00e9sence dissuasive et rassurante<\/h3>\n<p class=\"\" data-start=\"1251\" data-end=\"1527\">La mobilisation des forces de l\u2019ordre sur le terrain a permis de renforcer la <strong data-start=\"1329\" data-end=\"1349\">pr\u00e9sence visible<\/strong> dans et autour de la gare, de <strong data-start=\"1380\" data-end=\"1410\">mener des contr\u00f4les cibl\u00e9s<\/strong>, et de <strong data-start=\"1418\" data-end=\"1446\">sensibiliser les usagers<\/strong> aux comportements \u00e0 adopter pour pr\u00e9server un climat serein dans les transports.<\/p>\n<h3 class=\"\" data-start=\"1529\" data-end=\"1561\">\ud83d\udee1\ufe0f L\u2019\u00c9tat pleinement engag\u00e9<\/h3>\n<p class=\"\" data-start=\"1562\" data-end=\"1825\">\u00c0 travers ces actions concr\u00e8tes, <strong data-start=\"1595\" data-end=\"1694\">l\u2019\u00c9tat r\u00e9affirme son engagement total en faveur de la s\u00e9curit\u00e9 dans les transports du quotidien<\/strong>. Garantir des trajets s\u00fbrs, fluides et respectueux est une priorit\u00e9 constante pour les autorit\u00e9s, au service de tous les citoyens.<\/p>\n<p class=\"\" data-start=\"1827\" data-end=\"2049\">Cette op\u00e9ration \u00e0 Neufch\u00e2teau s\u2019inscrit dans une dynamique plus large de <strong data-start=\"1900\" data-end=\"1929\">mobilisation territoriale<\/strong> visant \u00e0 restaurer la confiance, pr\u00e9venir les risques et faire du transport ferroviaire un espace de s\u00e9curit\u00e9 partag\u00e9e.<\/p>\n","protected":false},"excerpt":{"rendered":"<p>Ce mardi 13 mai 2025, une op\u00e9ration de terrain s\u2019est d\u00e9roul\u00e9e \u00e0 la gare de Neufch\u00e2teau, mobilisant les \u00e9quipes de [&hellip;]<\/p>\n","protected":false},"author":52,"featured_media":29911,"comment_status":"open","ping_status":"open","sticky":false,"template":"","format":"standard","meta":{"footnotes":""},"categories":[29,383,380],"tags":[],"class_list":["post-29910","post","type-post","status-publish","format-standard","has-post-thumbnail","hentry","category-a-la-une","category-epinal","category-la-plaine-des-vosges"],"acf":[],"yoast_head":"<!-- This site is optimized with the Yoast SEO plugin v22.5 - https:\/\/yoast.com\/wordpress\/plugins\/seo\/ -->\n<title>S\u00e9curit\u00e9 renforc\u00e9e \u00e0 la gare de Neufch\u00e2teau : une op\u00e9ration conjointe men\u00e9e par la gendarmerie et la s\u00fbret\u00e9 ferroviaire - La Plaine des Vosges<\/title>\n<meta name=\"robots\" content=\"index, follow, max-snippet:-1, max-image-preview:large, max-video-preview:-1\" \/>\n<link rel=\"canonical\" href=\"https:\/\/vosgesinfo.fr\/laplainedesvosgesinfo\/2025\/05\/securite-renforcee-a-la-gare-de-neufchateau-une-operation-conjointe-menee-par-la-gendarmerie-et-la-surete-ferroviaire\/\" \/>\n<meta name=\"twitter:card\" content=\"summary_large_image\" \/>\n<meta name=\"twitter:title\" content=\"S\u00e9curit\u00e9 renforc\u00e9e \u00e0 la gare de Neufch\u00e2teau : une op\u00e9ration conjointe men\u00e9e par la gendarmerie et la s\u00fbret\u00e9 ferroviaire - La Plaine des Vosges\" \/>\n<meta name=\"twitter:description\" content=\"Ce mardi 13 mai 2025, une op\u00e9ration de terrain s\u2019est d\u00e9roul\u00e9e \u00e0 la gare de Neufch\u00e2teau, mobilisant les \u00e9quipes de [&hellip;]\" \/>\n<meta name=\"twitter:image\" content=\"https:\/\/vosgesinfo.fr\/app\/uploads\/sites\/2\/2025\/05\/496938988-1001875955424810-5759813853138144267-n.jpg\" \/>\n<meta name=\"twitter:creator\" content=\"@VosgesInfo88\" \/>\n<meta name=\"twitter:site\" content=\"@VosgesInfo88\" \/>\n<meta name=\"twitter:label1\" content=\"\u00c9crit par\" \/>\n\t<meta name=\"twitter:data1\" content=\"C.K.\" \/>\n\t<meta name=\"twitter:label2\" content=\"Dur\u00e9e de lecture estim\u00e9e\" \/>\n\t<meta name=\"twitter:data2\" content=\"1 minute\" \/>\n<script type=\"application\/ld+json\" class=\"yoast-schema-graph\">{\"@context\":\"https:\/\/schema.org\",\"@graph\":[{\"@type\":\"Article\",\"@id\":\"https:\/\/vosgesinfo.fr\/laplainedesvosgesinfo\/2025\/05\/securite-renforcee-a-la-gare-de-neufchateau-une-operation-conjointe-menee-par-la-gendarmerie-et-la-surete-ferroviaire\/#article\",\"isPartOf\":{\"@id\":\"https:\/\/vosgesinfo.fr\/laplainedesvosgesinfo\/2025\/05\/securite-renforcee-a-la-gare-de-neufchateau-une-operation-conjointe-menee-par-la-gendarmerie-et-la-surete-ferroviaire\/\"},\"author\":{\"name\":\"C.K.\",\"@id\":\"https:\/\/vosgesinfo.fr\/laplainedesvosgesinfo\/#\/schema\/person\/6f9a650eeea99d969b6c4ab78fccbe81\"},\"headline\":\"S\u00e9curit\u00e9 renforc\u00e9e \u00e0 la gare de Neufch\u00e2teau : une op\u00e9ration conjointe men\u00e9e par la gendarmerie et la s\u00fbret\u00e9 ferroviaire\",\"datePublished\":\"2025-05-14T11:10:08+00:00\",\"dateModified\":\"2025-05-14T11:10:08+00:00\",\"mainEntityOfPage\":{\"@id\":\"https:\/\/vosgesinfo.fr\/laplainedesvosgesinfo\/2025\/05\/securite-renforcee-a-la-gare-de-neufchateau-une-operation-conjointe-menee-par-la-gendarmerie-et-la-surete-ferroviaire\/\"},\"wordCount\":292,\"commentCount\":0,\"publisher\":{\"@id\":\"https:\/\/vosgesinfo.fr\/laplainedesvosgesinfo\/#organization\"},\"image\":{\"@id\":\"https:\/\/vosgesinfo.fr\/laplainedesvosgesinfo\/2025\/05\/securite-renforcee-a-la-gare-de-neufchateau-une-operation-conjointe-menee-par-la-gendarmerie-et-la-surete-ferroviaire\/#primaryimage\"},\"thumbnailUrl\":\"https:\/\/vosgesinfo.fr\/app\/uploads\/sites\/2\/2025\/05\/496938988-1001875955424810-5759813853138144267-n.jpg\",\"articleSection\":[\"A la Une\",\"Epinal\",\"La plaine des vosges\"],\"inLanguage\":\"fr-FR\",\"potentialAction\":[{\"@type\":\"CommentAction\",\"name\":\"Comment\",\"target\":[\"https:\/\/vosgesinfo.fr\/laplainedesvosgesinfo\/2025\/05\/securite-renforcee-a-la-gare-de-neufchateau-une-operation-conjointe-menee-par-la-gendarmerie-et-la-surete-ferroviaire\/#respond\"]}]},{\"@type\":\"WebPage\",\"@id\":\"https:\/\/vosgesinfo.fr\/laplainedesvosgesinfo\/2025\/05\/securite-renforcee-a-la-gare-de-neufchateau-une-operation-conjointe-menee-par-la-gendarmerie-et-la-surete-ferroviaire\/\",\"url\":\"https:\/\/vosgesinfo.fr\/laplainedesvosgesinfo\/2025\/05\/securite-renforcee-a-la-gare-de-neufchateau-une-operation-conjointe-menee-par-la-gendarmerie-et-la-surete-ferroviaire\/\",\"name\":\"S\u00e9curit\u00e9 renforc\u00e9e \u00e0 la gare de Neufch\u00e2teau : une op\u00e9ration conjointe men\u00e9e par la gendarmerie et la s\u00fbret\u00e9 ferroviaire - La Plaine des Vosges\",\"isPartOf\":{\"@id\":\"https:\/\/vosgesinfo.fr\/laplainedesvosgesinfo\/#website\"},\"primaryImageOfPage\":{\"@id\":\"https:\/\/vosgesinfo.fr\/laplainedesvosgesinfo\/2025\/05\/securite-renforcee-a-la-gare-de-neufchateau-une-operation-conjointe-menee-par-la-gendarmerie-et-la-surete-ferroviaire\/#primaryimage\"},\"image\":{\"@id\":\"https:\/\/vosgesinfo.fr\/laplainedesvosgesinfo\/2025\/05\/securite-renforcee-a-la-gare-de-neufchateau-une-operation-conjointe-menee-par-la-gendarmerie-et-la-surete-ferroviaire\/#primaryimage\"},\"thumbnailUrl\":\"https:\/\/vosgesinfo.fr\/app\/uploads\/sites\/2\/2025\/05\/496938988-1001875955424810-5759813853138144267-n.jpg\",\"datePublished\":\"2025-05-14T11:10:08+00:00\",\"dateModified\":\"2025-05-14T11:10:08+00:00\",\"breadcrumb\":{\"@id\":\"https:\/\/vosgesinfo.fr\/laplainedesvosgesinfo\/2025\/05\/securite-renforcee-a-la-gare-de-neufchateau-une-operation-conjointe-menee-par-la-gendarmerie-et-la-surete-ferroviaire\/#breadcrumb\"},\"inLanguage\":\"fr-FR\",\"potentialAction\":[{\"@type\":\"ReadAction\",\"target\":[\"https:\/\/vosgesinfo.fr\/laplainedesvosgesinfo\/2025\/05\/securite-renforcee-a-la-gare-de-neufchateau-une-operation-conjointe-menee-par-la-gendarmerie-et-la-surete-ferroviaire\/\"]}]},{\"@type\":\"ImageObject\",\"inLanguage\":\"fr-FR\",\"@id\":\"https:\/\/vosgesinfo.fr\/laplainedesvosgesinfo\/2025\/05\/securite-renforcee-a-la-gare-de-neufchateau-une-operation-conjointe-menee-par-la-gendarmerie-et-la-surete-ferroviaire\/#primaryimage\",\"url\":\"https:\/\/vosgesinfo.fr\/app\/uploads\/sites\/2\/2025\/05\/496938988-1001875955424810-5759813853138144267-n.jpg\",\"contentUrl\":\"https:\/\/vosgesinfo.fr\/app\/uploads\/sites\/2\/2025\/05\/496938988-1001875955424810-5759813853138144267-n.jpg\",\"width\":480,\"height\":480},{\"@type\":\"BreadcrumbList\",\"@id\":\"https:\/\/vosgesinfo.fr\/laplainedesvosgesinfo\/2025\/05\/securite-renforcee-a-la-gare-de-neufchateau-une-operation-conjointe-menee-par-la-gendarmerie-et-la-surete-ferroviaire\/#breadcrumb\",\"itemListElement\":[{\"@type\":\"ListItem\",\"position\":1,\"name\":\"Home\",\"item\":\"https:\/\/vosgesinfo.fr\/laplainedesvosgesinfo\/\"},{\"@type\":\"ListItem\",\"position\":2,\"name\":\"S\u00e9curit\u00e9 renforc\u00e9e \u00e0 la gare de Neufch\u00e2teau : une op\u00e9ration conjointe men\u00e9e par la gendarmerie et la s\u00fbret\u00e9 ferroviaire\"}]},{\"@type\":\"WebSite\",\"@id\":\"https:\/\/vosgesinfo.fr\/laplainedesvosgesinfo\/#website\",\"url\":\"https:\/\/vosgesinfo.fr\/laplainedesvosgesinfo\/\",\"name\":\"La Plaine des Vosges\",\"description\":\"Toute l&#039;actualit\u00e9 de la plaine de Vosges\",\"publisher\":{\"@id\":\"https:\/\/vosgesinfo.fr\/laplainedesvosgesinfo\/#organization\"},\"alternateName\":\"Toute l'actualit\u00e9 de la plaine des Vosges\",\"potentialAction\":[{\"@type\":\"SearchAction\",\"target\":{\"@type\":\"EntryPoint\",\"urlTemplate\":\"https:\/\/vosgesinfo.fr\/laplainedesvosgesinfo\/?s={search_term_string}\"},\"query-input\":\"required name=search_term_string\"}],\"inLanguage\":\"fr-FR\"},{\"@type\":\"Organization\",\"@id\":\"https:\/\/vosgesinfo.fr\/laplainedesvosgesinfo\/#organization\",\"name\":\"La Plaine des Vosges\",\"url\":\"https:\/\/vosgesinfo.fr\/laplainedesvosgesinfo\/\",\"logo\":{\"@type\":\"ImageObject\",\"inLanguage\":\"fr-FR\",\"@id\":\"https:\/\/vosgesinfo.fr\/laplainedesvosgesinfo\/#\/schema\/logo\/image\/\",\"url\":\"https:\/\/vosgesinfo.fr\/app\/uploads\/sites\/2\/2023\/08\/logo-laplaineinfo.svg\",\"contentUrl\":\"https:\/\/vosgesinfo.fr\/app\/uploads\/sites\/2\/2023\/08\/logo-laplaineinfo.svg\",\"width\":1,\"height\":1,\"caption\":\"La Plaine des Vosges\"},\"image\":{\"@id\":\"https:\/\/vosgesinfo.fr\/laplainedesvosgesinfo\/#\/schema\/logo\/image\/\"},\"sameAs\":[\"https:\/\/www.facebook.com\/laplainedesvosges\",\"https:\/\/x.com\/VosgesInfo88\",\"https:\/\/www.youtube.com\/@vosgesinfo\"]},{\"@type\":\"Person\",\"@id\":\"https:\/\/vosgesinfo.fr\/laplainedesvosgesinfo\/#\/schema\/person\/6f9a650eeea99d969b6c4ab78fccbe81\",\"name\":\"C.K.\",\"image\":{\"@type\":\"ImageObject\",\"inLanguage\":\"fr-FR\",\"@id\":\"https:\/\/vosgesinfo.fr\/laplainedesvosgesinfo\/#\/schema\/person\/image\/\",\"url\":\"https:\/\/secure.gravatar.com\/avatar\/48e3fc7f8421ba8942be6b74a2b7f014ca39bc00dece156b7a8e098ae7dc87bf?s=96&d=mm&r=g\",\"contentUrl\":\"https:\/\/secure.gravatar.com\/avatar\/48e3fc7f8421ba8942be6b74a2b7f014ca39bc00dece156b7a8e098ae7dc87bf?s=96&d=mm&r=g\",\"caption\":\"C.K.\"},\"url\":\"https:\/\/vosgesinfo.fr\/laplainedesvosgesinfo\/author\/celia-k-n\/\"}]}<\/script>\n<!-- \/ Yoast SEO plugin. -->","yoast_head_json":{"title":"S\u00e9curit\u00e9 renforc\u00e9e \u00e0 la gare de Neufch\u00e2teau : une op\u00e9ration conjointe men\u00e9e par la gendarmerie et la s\u00fbret\u00e9 ferroviaire - La Plaine des Vosges","robots":{"index":"index","follow":"follow","max-snippet":"max-snippet:-1","max-image-preview":"max-image-preview:large","max-video-preview":"max-video-preview:-1"},"canonical":"https:\/\/vosgesinfo.fr\/laplainedesvosgesinfo\/2025\/05\/securite-renforcee-a-la-gare-de-neufchateau-une-operation-conjointe-menee-par-la-gendarmerie-et-la-surete-ferroviaire\/","twitter_card":"summary_large_image","twitter_title":"S\u00e9curit\u00e9 renforc\u00e9e \u00e0 la gare de Neufch\u00e2teau : une op\u00e9ration conjointe men\u00e9e par la gendarmerie et la s\u00fbret\u00e9 ferroviaire - La Plaine des Vosges","twitter_description":"Ce mardi 13 mai 2025, une op\u00e9ration de terrain s\u2019est d\u00e9roul\u00e9e \u00e0 la gare de Neufch\u00e2teau, mobilisant les \u00e9quipes de [&hellip;]","twitter_image":"https:\/\/vosgesinfo.fr\/app\/uploads\/sites\/2\/2025\/05\/496938988-1001875955424810-5759813853138144267-n.jpg","twitter_creator":"@VosgesInfo88","twitter_site":"@VosgesInfo88","twitter_misc":{"\u00c9crit par":"C.K.","Dur\u00e9e de lecture estim\u00e9e":"1 minute"},"schema":{"@context":"https:\/\/schema.org","@graph":[{"@type":"Article","@id":"https:\/\/vosgesinfo.fr\/laplainedesvosgesinfo\/2025\/05\/securite-renforcee-a-la-gare-de-neufchateau-une-operation-conjointe-menee-par-la-gendarmerie-et-la-surete-ferroviaire\/#article","isPartOf":{"@id":"https:\/\/vosgesinfo.fr\/laplainedesvosgesinfo\/2025\/05\/securite-renforcee-a-la-gare-de-neufchateau-une-operation-conjointe-menee-par-la-gendarmerie-et-la-surete-ferroviaire\/"},"author":{"name":"C.K.","@id":"https:\/\/vosgesinfo.fr\/laplainedesvosgesinfo\/#\/schema\/person\/6f9a650eeea99d969b6c4ab78fccbe81"},"headline":"S\u00e9curit\u00e9 renforc\u00e9e \u00e0 la gare de Neufch\u00e2teau : une op\u00e9ration conjointe men\u00e9e par la gendarmerie et la s\u00fbret\u00e9 ferroviaire","datePublished":"2025-05-14T11:10:08+00:00","dateModified":"2025-05-14T11:10:08+00:00","mainEntityOfPage":{"@id":"https:\/\/vosgesinfo.fr\/laplainedesvosgesinfo\/2025\/05\/securite-renforcee-a-la-gare-de-neufchateau-une-operation-conjointe-menee-par-la-gendarmerie-et-la-surete-ferroviaire\/"},"wordCount":292,"commentCount":0,"publisher":{"@id":"https:\/\/vosgesinfo.fr\/laplainedesvosgesinfo\/#organization"},"image":{"@id":"https:\/\/vosgesinfo.fr\/laplainedesvosgesinfo\/2025\/05\/securite-renforcee-a-la-gare-de-neufchateau-une-operation-conjointe-menee-par-la-gendarmerie-et-la-surete-ferroviaire\/#primaryimage"},"thumbnailUrl":"https:\/\/vosgesinfo.fr\/app\/uploads\/sites\/2\/2025\/05\/496938988-1001875955424810-5759813853138144267-n.jpg","articleSection":["A la Une","Epinal","La plaine des vosges"],"inLanguage":"fr-FR","potentialAction":[{"@type":"CommentAction","name":"Comment","target":["https:\/\/vosgesinfo.fr\/laplainedesvosgesinfo\/2025\/05\/securite-renforcee-a-la-gare-de-neufchateau-une-operation-conjointe-menee-par-la-gendarmerie-et-la-surete-ferroviaire\/#respond"]}]},{"@type":"WebPage","@id":"https:\/\/vosgesinfo.fr\/laplainedesvosgesinfo\/2025\/05\/securite-renforcee-a-la-gare-de-neufchateau-une-operation-conjointe-menee-par-la-gendarmerie-et-la-surete-ferroviaire\/","url":"https:\/\/vosgesinfo.fr\/laplainedesvosgesinfo\/2025\/05\/securite-renforcee-a-la-gare-de-neufchateau-une-operation-conjointe-menee-par-la-gendarmerie-et-la-surete-ferroviaire\/","name":"S\u00e9curit\u00e9 renforc\u00e9e \u00e0 la gare de Neufch\u00e2teau : une op\u00e9ration conjointe men\u00e9e par la gendarmerie et la s\u00fbret\u00e9 ferroviaire - La Plaine des Vosges","isPartOf":{"@id":"https:\/\/vosgesinfo.fr\/laplainedesvosgesinfo\/#website"},"primaryImageOfPage":{"@id":"https:\/\/vosgesinfo.fr\/laplainedesvosgesinfo\/2025\/05\/securite-renforcee-a-la-gare-de-neufchateau-une-operation-conjointe-menee-par-la-gendarmerie-et-la-surete-ferroviaire\/#primaryimage"},"image":{"@id":"https:\/\/vosgesinfo.fr\/laplainedesvosgesinfo\/2025\/05\/securite-renforcee-a-la-gare-de-neufchateau-une-operation-conjointe-menee-par-la-gendarmerie-et-la-surete-ferroviaire\/#primaryimage"},"thumbnailUrl":"https:\/\/vosgesinfo.fr\/app\/uploads\/sites\/2\/2025\/05\/496938988-1001875955424810-5759813853138144267-n.jpg","datePublished":"2025-05-14T11:10:08+00:00","dateModified":"2025-05-14T11:10:08+00:00","breadcrumb":{"@id":"https:\/\/vosgesinfo.fr\/laplainedesvosgesinfo\/2025\/05\/securite-renforcee-a-la-gare-de-neufchateau-une-operation-conjointe-menee-par-la-gendarmerie-et-la-surete-ferroviaire\/#breadcrumb"},"inLanguage":"fr-FR","potentialAction":[{"@type":"ReadAction","target":["https:\/\/vosgesinfo.fr\/laplainedesvosgesinfo\/2025\/05\/securite-renforcee-a-la-gare-de-neufchateau-une-operation-conjointe-menee-par-la-gendarmerie-et-la-surete-ferroviaire\/"]}]},{"@type":"ImageObject","inLanguage":"fr-FR","@id":"https:\/\/vosgesinfo.fr\/laplainedesvosgesinfo\/2025\/05\/securite-renforcee-a-la-gare-de-neufchateau-une-operation-conjointe-menee-par-la-gendarmerie-et-la-surete-ferroviaire\/#primaryimage","url":"https:\/\/vosgesinfo.fr\/app\/uploads\/sites\/2\/2025\/05\/496938988-1001875955424810-5759813853138144267-n.jpg","contentUrl":"https:\/\/vosgesinfo.fr\/app\/uploads\/sites\/2\/2025\/05\/496938988-1001875955424810-5759813853138144267-n.jpg","width":480,"height":480},{"@type":"BreadcrumbList","@id":"https:\/\/vosgesinfo.fr\/laplainedesvosgesinfo\/2025\/05\/securite-renforcee-a-la-gare-de-neufchateau-une-operation-conjointe-menee-par-la-gendarmerie-et-la-surete-ferroviaire\/#breadcrumb","itemListElement":[{"@type":"ListItem","position":1,"name":"Home","item":"https:\/\/vosgesinfo.fr\/laplainedesvosgesinfo\/"},{"@type":"ListItem","position":2,"name":"S\u00e9curit\u00e9 renforc\u00e9e \u00e0 la gare de Neufch\u00e2teau : une op\u00e9ration conjointe men\u00e9e par la gendarmerie et la s\u00fbret\u00e9 ferroviaire"}]},{"@type":"WebSite","@id":"https:\/\/vosgesinfo.fr\/laplainedesvosgesinfo\/#website","url":"https:\/\/vosgesinfo.fr\/laplainedesvosgesinfo\/","name":"La Plaine des Vosges","description":"Toute l&#039;actualit\u00e9 de la plaine de Vosges","publisher":{"@id":"https:\/\/vosgesinfo.fr\/laplainedesvosgesinfo\/#organization"},"alternateName":"Toute l'actualit\u00e9 de la plaine des Vosges","potentialAction":[{"@type":"SearchAction","target":{"@type":"EntryPoint","urlTemplate":"https:\/\/vosgesinfo.fr\/laplainedesvosgesinfo\/?s={search_term_string}"},"query-input":"required name=search_term_string"}],"inLanguage":"fr-FR"},{"@type":"Organization","@id":"https:\/\/vosgesinfo.fr\/laplainedesvosgesinfo\/#organization","name":"La Plaine des Vosges","url":"https:\/\/vosgesinfo.fr\/laplainedesvosgesinfo\/","logo":{"@type":"ImageObject","inLanguage":"fr-FR","@id":"https:\/\/vosgesinfo.fr\/laplainedesvosgesinfo\/#\/schema\/logo\/image\/","url":"https:\/\/vosgesinfo.fr\/app\/uploads\/sites\/2\/2023\/08\/logo-laplaineinfo.svg","contentUrl":"https:\/\/vosgesinfo.fr\/app\/uploads\/sites\/2\/2023\/08\/logo-laplaineinfo.svg","width":1,"height":1,"caption":"La Plaine des Vosges"},"image":{"@id":"https:\/\/vosgesinfo.fr\/laplainedesvosgesinfo\/#\/schema\/logo\/image\/"},"sameAs":["https:\/\/www.facebook.com\/laplainedesvosges","https:\/\/x.com\/VosgesInfo88","https:\/\/www.youtube.com\/@vosgesinfo"]},{"@type":"Person","@id":"https:\/\/vosgesinfo.fr\/laplainedesvosgesinfo\/#\/schema\/person\/6f9a650eeea99d969b6c4ab78fccbe81","name":"C.K.","image":{"@type":"ImageObject","inLanguage":"fr-FR","@id":"https:\/\/vosgesinfo.fr\/laplainedesvosgesinfo\/#\/schema\/person\/image\/","url":"https:\/\/secure.gravatar.com\/avatar\/48e3fc7f8421ba8942be6b74a2b7f014ca39bc00dece156b7a8e098ae7dc87bf?s=96&d=mm&r=g","contentUrl":"https:\/\/secure.gravatar.com\/avatar\/48e3fc7f8421ba8942be6b74a2b7f014ca39bc00dece156b7a8e098ae7dc87bf?s=96&d=mm&r=g","caption":"C.K."},"url":"https:\/\/vosgesinfo.fr\/laplainedesvosgesinfo\/author\/celia-k-n\/"}]}},"_links":{"self":[{"href":"https:\/\/vosgesinfo.fr\/laplainedesvosgesinfo\/wp-json\/wp\/v2\/posts\/29910","targetHints":{"allow":["GET"]}}],"collection":[{"href":"https:\/\/vosgesinfo.fr\/laplainedesvosgesinfo\/wp-json\/wp\/v2\/posts"}],"about":[{"href":"https:\/\/vosgesinfo.fr\/laplainedesvosgesinfo\/wp-json\/wp\/v2\/types\/post"}],"author":[{"embeddable":true,"href":"https:\/\/vosgesinfo.fr\/laplainedesvosgesinfo\/wp-json\/wp\/v2\/users\/52"}],"replies":[{"embeddable":true,"href":"https:\/\/vosgesinfo.fr\/laplainedesvosgesinfo\/wp-json\/wp\/v2\/comments?post=29910"}],"version-history":[{"count":0,"href":"https:\/\/vosgesinfo.fr\/laplainedesvosgesinfo\/wp-json\/wp\/v2\/posts\/29910\/revisions"}],"wp:featuredmedia":[{"embeddable":true,"href":"https:\/\/vosgesinfo.fr\/laplainedesvosgesinfo\/wp-json\/wp\/v2\/media\/29911"}],"wp:attachment":[{"href":"https:\/\/vosgesinfo.fr\/laplainedesvosgesinfo\/wp-json\/wp\/v2\/media?parent=29910"}],"wp:term":[{"taxonomy":"category","embeddable":true,"href":"https:\/\/vosgesinfo.fr\/laplainedesvosgesinfo\/wp-json\/wp\/v2\/categories?post=29910"},{"taxonomy":"post_tag","embeddable":true,"href":"https:\/\/vosgesinfo.fr\/laplainedesvosgesinfo\/wp-json\/wp\/v2\/tags?post=29910"}],"curies":[{"name":"wp","href":"https:\/\/api.w.org\/{rel}","templated":true}]}}