{"id":29914,"date":"2025-05-14T13:15:51","date_gmt":"2025-05-14T11:15:51","guid":{"rendered":"https:\/\/vosgesinfo.fr\/laplainedesvosgesinfo\/?p=29914"},"modified":"2025-05-14T13:15:51","modified_gmt":"2025-05-14T11:15:51","slug":"a-monthureux-sur-saone-la-foret-devient-une-salle-de-classe-a-ciel-ouvert-pour-les-jeunes","status":"publish","type":"post","link":"https:\/\/vosgesinfo.fr\/laplainedesvosgesinfo\/2025\/05\/a-monthureux-sur-saone-la-foret-devient-une-salle-de-classe-a-ciel-ouvert-pour-les-jeunes\/","title":{"rendered":"\u00c0 Monthureux-sur-Sa\u00f4ne, la for\u00eat devient une salle de classe \u00e0 ciel ouvert pour les jeunes"},"content":{"rendered":"<div id=\"attachment_131860\" style=\"width: 586px\" class=\"wp-caption aligncenter\"><a href=\"https:\/\/vosgesinfo.fr\/app\/uploads\/sites\/3\/2025\/05\/497899786-1001871235425282-5612440891507906313-n.jpg\"><img decoding=\"async\" aria-describedby=\"caption-attachment-131860\" class=\"size-full wp-image-131860\" src=\"https:\/\/vosgesinfo.fr\/app\/uploads\/sites\/3\/2025\/05\/497899786-1001871235425282-5612440891507906313-n.jpg\" alt=\"\" width=\"576\" height=\"576\" \/><\/a><p id=\"caption-attachment-131860\" class=\"wp-caption-text\">photos pr\u00e9fecture des Vosges<\/p><\/div>\n<h2 data-start=\"433\" data-end=\"846\"><strong>Ce mardi 13 mai 2025, la commune de Monthureux-sur-Sa\u00f4ne a accueilli Franck Leroy, pr\u00e9sident de la R\u00e9gion Grand Est, pour une visite plac\u00e9e sous le signe de l\u2019\u00e9ducation \u00e0 la nature. L\u2019occasion de mettre en lumi\u00e8re un projet concret, porteur de sens et d\u2019avenir : la cr\u00e9ation d\u2019un atelier p\u00e9dagogique en plein air, enti\u00e8rement d\u00e9di\u00e9 \u00e0 la d\u00e9couverte de la for\u00eat et de la biodiversit\u00e9 locale.<\/strong><\/h2>\n<h3 class=\"\" data-start=\"848\" data-end=\"905\">Apprendre autrement, en lien direct avec la nature<\/h3>\n<p class=\"\" data-start=\"907\" data-end=\"1228\">Pens\u00e9 pour les jeunes enfants et adolescents, cet espace \u00e9ducatif offre une immersion au c\u0153ur du milieu forestier. En observant la faune, en identifiant les esp\u00e8ces v\u00e9g\u00e9tales ou en exp\u00e9rimentant des pratiques durables, les \u00e9l\u00e8ves d\u00e9veloppent leur curiosit\u00e9, leur esprit critique et leur sensibilit\u00e9 \u00e0 l\u2019environnement.<\/p>\n<p class=\"\" data-start=\"1230\" data-end=\"1432\">Cette initiative s\u2019inscrit dans une approche p\u00e9dagogique novatrice : apprendre par l\u2019exp\u00e9rience et en pleine nature, pour mieux comprendre le monde vivant et renforcer les liens avec son territoire.<\/p>\n<h3 class=\"\" data-start=\"1434\" data-end=\"1469\">Un projet soutenu par l\u2019\u00c9tat<\/h3>\n<p class=\"\" data-start=\"1471\" data-end=\"1704\">Ce projet exemplaire a vu le jour gr\u00e2ce au soutien de l\u2019\u00c9tat, via la Dotation d\u2019\u00c9quipement des Territoires Ruraux (DETR), un dispositif qui accompagne les collectivit\u00e9s locales dans la r\u00e9alisation d\u2019infrastructures structurantes.<\/p>\n<h3 class=\"\" data-start=\"1706\" data-end=\"1765\">Une action qui r\u00e9pond \u00e0 plusieurs enjeux essentiels :<\/h3>\n<ul data-start=\"1766\" data-end=\"2023\">\n<li class=\"\" data-start=\"1766\" data-end=\"1836\">\n<p class=\"\" data-start=\"1768\" data-end=\"1836\">Accompagner la ruralit\u00e9 par des projets \u00e9ducatifs de proximit\u00e9 ;<\/p>\n<\/li>\n<li class=\"\" data-start=\"1837\" data-end=\"1915\">\n<p class=\"\" data-start=\"1839\" data-end=\"1915\">Sensibiliser \u00e0 la protection de l\u2019environnement, d\u00e8s le plus jeune \u00e2ge ;<\/p>\n<\/li>\n<li class=\"\" data-start=\"1916\" data-end=\"2023\">\n<p class=\"\" data-start=\"1918\" data-end=\"2023\">Renforcer l\u2019attachement des jeunes \u00e0 leur territoire, en valorisant les richesses naturelles locales.<\/p>\n<\/li>\n<\/ul>\n<h3 class=\"\" data-start=\"2025\" data-end=\"2081\">Une d\u00e9marche inspirante pour d\u2019autres territoires<\/h3>\n<p class=\"\" data-start=\"2083\" data-end=\"2306\">\u00c0 l\u2019heure o\u00f9 les enjeux environnementaux et \u00e9ducatifs convergent, ce type d\u2019initiative illustre parfaitement comment la nature peut devenir un levier puissant d\u2019apprentissage, de citoyennet\u00e9 et de coh\u00e9sion territoriale.<\/p>\n\n\t\t<style type=\"text\/css\">\n\t\t\t#gallery-1 {\n\t\t\t\tmargin: auto;\n\t\t\t}\n\t\t\t#gallery-1 .gallery-item {\n\t\t\t\tfloat: left;\n\t\t\t\tmargin-top: 10px;\n\t\t\t\ttext-align: center;\n\t\t\t\twidth: 33%;\n\t\t\t}\n\t\t\t#gallery-1 img {\n\t\t\t\tborder: 2px solid #cfcfcf;\n\t\t\t}\n\t\t\t#gallery-1 .gallery-caption {\n\t\t\t\tmargin-left: 0;\n\t\t\t}\n\t\t\t\/* see gallery_shortcode() in wp-includes\/media.php *\/\n\t\t<\/style>\n\t\t<div id='gallery-1' class='gallery galleryid-29914 gallery-columns-3 gallery-size-thumbnail'><dl class='gallery-item'>\n\t\t\t<dt class='gallery-icon landscape'>\n\t\t\t\t<a href='https:\/\/vosgesinfo.fr\/app\/uploads\/sites\/2\/2025\/05\/497505812-1001871408758598-2394567130123965048-n.jpg'><img decoding=\"async\" width=\"150\" height=\"150\" src=\"https:\/\/vosgesinfo.fr\/app\/uploads\/sites\/2\/2025\/05\/497505812-1001871408758598-2394567130123965048-n-150x150.jpg\" class=\"attachment-thumbnail size-thumbnail\" alt=\"\" srcset=\"https:\/\/vosgesinfo.fr\/app\/uploads\/sites\/2\/2025\/05\/497505812-1001871408758598-2394567130123965048-n-150x150.jpg 150w, https:\/\/vosgesinfo.fr\/app\/uploads\/sites\/2\/2025\/05\/497505812-1001871408758598-2394567130123965048-n-300x300.jpg 300w, https:\/\/vosgesinfo.fr\/app\/uploads\/sites\/2\/2025\/05\/497505812-1001871408758598-2394567130123965048-n-1024x1024.jpg 1024w, https:\/\/vosgesinfo.fr\/app\/uploads\/sites\/2\/2025\/05\/497505812-1001871408758598-2394567130123965048-n-768x768.jpg 768w, https:\/\/vosgesinfo.fr\/app\/uploads\/sites\/2\/2025\/05\/497505812-1001871408758598-2394567130123965048-n.jpg 1200w\" sizes=\"(max-width: 150px) 100vw, 150px\" \/><\/a>\n\t\t\t<\/dt><\/dl><dl class='gallery-item'>\n\t\t\t<dt class='gallery-icon landscape'>\n\t\t\t\t<a href='https:\/\/vosgesinfo.fr\/app\/uploads\/sites\/2\/2025\/05\/497526963-1001871115425294-4442870083776414521-n.jpg'><img decoding=\"async\" width=\"150\" height=\"150\" src=\"https:\/\/vosgesinfo.fr\/app\/uploads\/sites\/2\/2025\/05\/497526963-1001871115425294-4442870083776414521-n-150x150.jpg\" class=\"attachment-thumbnail size-thumbnail\" alt=\"\" srcset=\"https:\/\/vosgesinfo.fr\/app\/uploads\/sites\/2\/2025\/05\/497526963-1001871115425294-4442870083776414521-n-150x150.jpg 150w, https:\/\/vosgesinfo.fr\/app\/uploads\/sites\/2\/2025\/05\/497526963-1001871115425294-4442870083776414521-n-300x300.jpg 300w, https:\/\/vosgesinfo.fr\/app\/uploads\/sites\/2\/2025\/05\/497526963-1001871115425294-4442870083776414521-n.jpg 768w\" sizes=\"(max-width: 150px) 100vw, 150px\" \/><\/a>\n\t\t\t<\/dt><\/dl>\n\t\t\t<br style='clear: both' \/>\n\t\t<\/div>\n\n","protected":false},"excerpt":{"rendered":"<p>Ce mardi 13 mai 2025, la commune de Monthureux-sur-Sa\u00f4ne a accueilli Franck Leroy, pr\u00e9sident de la R\u00e9gion Grand Est, pour [&hellip;]<\/p>\n","protected":false},"author":52,"featured_media":29915,"comment_status":"open","ping_status":"open","sticky":false,"template":"","format":"standard","meta":{"footnotes":""},"categories":[29,383,380],"tags":[],"class_list":["post-29914","post","type-post","status-publish","format-standard","has-post-thumbnail","hentry","category-a-la-une","category-epinal","category-la-plaine-des-vosges"],"acf":[],"yoast_head":"<!-- This site is optimized with the Yoast SEO plugin v22.5 - https:\/\/yoast.com\/wordpress\/plugins\/seo\/ -->\n<title>\u00c0 Monthureux-sur-Sa\u00f4ne, la for\u00eat devient une salle de classe \u00e0 ciel ouvert pour les jeunes - La Plaine des Vosges<\/title>\n<meta name=\"robots\" content=\"index, follow, max-snippet:-1, max-image-preview:large, max-video-preview:-1\" \/>\n<link rel=\"canonical\" href=\"https:\/\/vosgesinfo.fr\/laplainedesvosgesinfo\/2025\/05\/a-monthureux-sur-saone-la-foret-devient-une-salle-de-classe-a-ciel-ouvert-pour-les-jeunes\/\" \/>\n<meta name=\"twitter:card\" content=\"summary_large_image\" \/>\n<meta name=\"twitter:title\" content=\"\u00c0 Monthureux-sur-Sa\u00f4ne, la for\u00eat devient une salle de classe \u00e0 ciel ouvert pour les jeunes - La Plaine des Vosges\" \/>\n<meta name=\"twitter:description\" content=\"Ce mardi 13 mai 2025, la commune de Monthureux-sur-Sa\u00f4ne a accueilli Franck Leroy, pr\u00e9sident de la R\u00e9gion Grand Est, pour [&hellip;]\" \/>\n<meta name=\"twitter:image\" content=\"https:\/\/vosgesinfo.fr\/app\/uploads\/sites\/2\/2025\/05\/497899786-1001871235425282-5612440891507906313-n.jpg\" \/>\n<meta name=\"twitter:creator\" content=\"@VosgesInfo88\" \/>\n<meta name=\"twitter:site\" content=\"@VosgesInfo88\" \/>\n<meta name=\"twitter:label1\" content=\"\u00c9crit par\" \/>\n\t<meta name=\"twitter:data1\" content=\"C.K.\" \/>\n\t<meta name=\"twitter:label2\" content=\"Dur\u00e9e de lecture estim\u00e9e\" \/>\n\t<meta name=\"twitter:data2\" content=\"2 minutes\" \/>\n<script type=\"application\/ld+json\" class=\"yoast-schema-graph\">{\"@context\":\"https:\/\/schema.org\",\"@graph\":[{\"@type\":\"Article\",\"@id\":\"https:\/\/vosgesinfo.fr\/laplainedesvosgesinfo\/2025\/05\/a-monthureux-sur-saone-la-foret-devient-une-salle-de-classe-a-ciel-ouvert-pour-les-jeunes\/#article\",\"isPartOf\":{\"@id\":\"https:\/\/vosgesinfo.fr\/laplainedesvosgesinfo\/2025\/05\/a-monthureux-sur-saone-la-foret-devient-une-salle-de-classe-a-ciel-ouvert-pour-les-jeunes\/\"},\"author\":{\"name\":\"C.K.\",\"@id\":\"https:\/\/vosgesinfo.fr\/laplainedesvosgesinfo\/#\/schema\/person\/6f9a650eeea99d969b6c4ab78fccbe81\"},\"headline\":\"\u00c0 Monthureux-sur-Sa\u00f4ne, la for\u00eat devient une salle de classe \u00e0 ciel ouvert pour les jeunes\",\"datePublished\":\"2025-05-14T11:15:51+00:00\",\"dateModified\":\"2025-05-14T11:15:51+00:00\",\"mainEntityOfPage\":{\"@id\":\"https:\/\/vosgesinfo.fr\/laplainedesvosgesinfo\/2025\/05\/a-monthureux-sur-saone-la-foret-devient-une-salle-de-classe-a-ciel-ouvert-pour-les-jeunes\/\"},\"wordCount\":326,\"commentCount\":0,\"publisher\":{\"@id\":\"https:\/\/vosgesinfo.fr\/laplainedesvosgesinfo\/#organization\"},\"image\":{\"@id\":\"https:\/\/vosgesinfo.fr\/laplainedesvosgesinfo\/2025\/05\/a-monthureux-sur-saone-la-foret-devient-une-salle-de-classe-a-ciel-ouvert-pour-les-jeunes\/#primaryimage\"},\"thumbnailUrl\":\"https:\/\/vosgesinfo.fr\/app\/uploads\/sites\/2\/2025\/05\/497899786-1001871235425282-5612440891507906313-n.jpg\",\"articleSection\":[\"A la Une\",\"Epinal\",\"La plaine des vosges\"],\"inLanguage\":\"fr-FR\",\"potentialAction\":[{\"@type\":\"CommentAction\",\"name\":\"Comment\",\"target\":[\"https:\/\/vosgesinfo.fr\/laplainedesvosgesinfo\/2025\/05\/a-monthureux-sur-saone-la-foret-devient-une-salle-de-classe-a-ciel-ouvert-pour-les-jeunes\/#respond\"]}]},{\"@type\":\"WebPage\",\"@id\":\"https:\/\/vosgesinfo.fr\/laplainedesvosgesinfo\/2025\/05\/a-monthureux-sur-saone-la-foret-devient-une-salle-de-classe-a-ciel-ouvert-pour-les-jeunes\/\",\"url\":\"https:\/\/vosgesinfo.fr\/laplainedesvosgesinfo\/2025\/05\/a-monthureux-sur-saone-la-foret-devient-une-salle-de-classe-a-ciel-ouvert-pour-les-jeunes\/\",\"name\":\"\u00c0 Monthureux-sur-Sa\u00f4ne, la for\u00eat devient une salle de classe \u00e0 ciel ouvert pour les jeunes - La Plaine des Vosges\",\"isPartOf\":{\"@id\":\"https:\/\/vosgesinfo.fr\/laplainedesvosgesinfo\/#website\"},\"primaryImageOfPage\":{\"@id\":\"https:\/\/vosgesinfo.fr\/laplainedesvosgesinfo\/2025\/05\/a-monthureux-sur-saone-la-foret-devient-une-salle-de-classe-a-ciel-ouvert-pour-les-jeunes\/#primaryimage\"},\"image\":{\"@id\":\"https:\/\/vosgesinfo.fr\/laplainedesvosgesinfo\/2025\/05\/a-monthureux-sur-saone-la-foret-devient-une-salle-de-classe-a-ciel-ouvert-pour-les-jeunes\/#primaryimage\"},\"thumbnailUrl\":\"https:\/\/vosgesinfo.fr\/app\/uploads\/sites\/2\/2025\/05\/497899786-1001871235425282-5612440891507906313-n.jpg\",\"datePublished\":\"2025-05-14T11:15:51+00:00\",\"dateModified\":\"2025-05-14T11:15:51+00:00\",\"breadcrumb\":{\"@id\":\"https:\/\/vosgesinfo.fr\/laplainedesvosgesinfo\/2025\/05\/a-monthureux-sur-saone-la-foret-devient-une-salle-de-classe-a-ciel-ouvert-pour-les-jeunes\/#breadcrumb\"},\"inLanguage\":\"fr-FR\",\"potentialAction\":[{\"@type\":\"ReadAction\",\"target\":[\"https:\/\/vosgesinfo.fr\/laplainedesvosgesinfo\/2025\/05\/a-monthureux-sur-saone-la-foret-devient-une-salle-de-classe-a-ciel-ouvert-pour-les-jeunes\/\"]}]},{\"@type\":\"ImageObject\",\"inLanguage\":\"fr-FR\",\"@id\":\"https:\/\/vosgesinfo.fr\/laplainedesvosgesinfo\/2025\/05\/a-monthureux-sur-saone-la-foret-devient-une-salle-de-classe-a-ciel-ouvert-pour-les-jeunes\/#primaryimage\",\"url\":\"https:\/\/vosgesinfo.fr\/app\/uploads\/sites\/2\/2025\/05\/497899786-1001871235425282-5612440891507906313-n.jpg\",\"contentUrl\":\"https:\/\/vosgesinfo.fr\/app\/uploads\/sites\/2\/2025\/05\/497899786-1001871235425282-5612440891507906313-n.jpg\",\"width\":576,\"height\":576},{\"@type\":\"BreadcrumbList\",\"@id\":\"https:\/\/vosgesinfo.fr\/laplainedesvosgesinfo\/2025\/05\/a-monthureux-sur-saone-la-foret-devient-une-salle-de-classe-a-ciel-ouvert-pour-les-jeunes\/#breadcrumb\",\"itemListElement\":[{\"@type\":\"ListItem\",\"position\":1,\"name\":\"Home\",\"item\":\"https:\/\/vosgesinfo.fr\/laplainedesvosgesinfo\/\"},{\"@type\":\"ListItem\",\"position\":2,\"name\":\"\u00c0 Monthureux-sur-Sa\u00f4ne, la for\u00eat devient une salle de classe \u00e0 ciel ouvert pour les jeunes\"}]},{\"@type\":\"WebSite\",\"@id\":\"https:\/\/vosgesinfo.fr\/laplainedesvosgesinfo\/#website\",\"url\":\"https:\/\/vosgesinfo.fr\/laplainedesvosgesinfo\/\",\"name\":\"La Plaine des Vosges\",\"description\":\"Toute l&#039;actualit\u00e9 de la plaine de Vosges\",\"publisher\":{\"@id\":\"https:\/\/vosgesinfo.fr\/laplainedesvosgesinfo\/#organization\"},\"alternateName\":\"Toute l'actualit\u00e9 de la plaine des Vosges\",\"potentialAction\":[{\"@type\":\"SearchAction\",\"target\":{\"@type\":\"EntryPoint\",\"urlTemplate\":\"https:\/\/vosgesinfo.fr\/laplainedesvosgesinfo\/?s={search_term_string}\"},\"query-input\":\"required name=search_term_string\"}],\"inLanguage\":\"fr-FR\"},{\"@type\":\"Organization\",\"@id\":\"https:\/\/vosgesinfo.fr\/laplainedesvosgesinfo\/#organization\",\"name\":\"La Plaine des Vosges\",\"url\":\"https:\/\/vosgesinfo.fr\/laplainedesvosgesinfo\/\",\"logo\":{\"@type\":\"ImageObject\",\"inLanguage\":\"fr-FR\",\"@id\":\"https:\/\/vosgesinfo.fr\/laplainedesvosgesinfo\/#\/schema\/logo\/image\/\",\"url\":\"https:\/\/vosgesinfo.fr\/app\/uploads\/sites\/2\/2023\/08\/logo-laplaineinfo.svg\",\"contentUrl\":\"https:\/\/vosgesinfo.fr\/app\/uploads\/sites\/2\/2023\/08\/logo-laplaineinfo.svg\",\"width\":1,\"height\":1,\"caption\":\"La Plaine des Vosges\"},\"image\":{\"@id\":\"https:\/\/vosgesinfo.fr\/laplainedesvosgesinfo\/#\/schema\/logo\/image\/\"},\"sameAs\":[\"https:\/\/www.facebook.com\/laplainedesvosges\",\"https:\/\/x.com\/VosgesInfo88\",\"https:\/\/www.youtube.com\/@vosgesinfo\"]},{\"@type\":\"Person\",\"@id\":\"https:\/\/vosgesinfo.fr\/laplainedesvosgesinfo\/#\/schema\/person\/6f9a650eeea99d969b6c4ab78fccbe81\",\"name\":\"C.K.\",\"image\":{\"@type\":\"ImageObject\",\"inLanguage\":\"fr-FR\",\"@id\":\"https:\/\/vosgesinfo.fr\/laplainedesvosgesinfo\/#\/schema\/person\/image\/\",\"url\":\"https:\/\/secure.gravatar.com\/avatar\/48e3fc7f8421ba8942be6b74a2b7f014ca39bc00dece156b7a8e098ae7dc87bf?s=96&d=mm&r=g\",\"contentUrl\":\"https:\/\/secure.gravatar.com\/avatar\/48e3fc7f8421ba8942be6b74a2b7f014ca39bc00dece156b7a8e098ae7dc87bf?s=96&d=mm&r=g\",\"caption\":\"C.K.\"},\"url\":\"https:\/\/vosgesinfo.fr\/laplainedesvosgesinfo\/author\/celia-k-n\/\"}]}<\/script>\n<!-- \/ Yoast SEO plugin. -->","yoast_head_json":{"title":"\u00c0 Monthureux-sur-Sa\u00f4ne, la for\u00eat devient une salle de classe \u00e0 ciel ouvert pour les jeunes - La Plaine des Vosges","robots":{"index":"index","follow":"follow","max-snippet":"max-snippet:-1","max-image-preview":"max-image-preview:large","max-video-preview":"max-video-preview:-1"},"canonical":"https:\/\/vosgesinfo.fr\/laplainedesvosgesinfo\/2025\/05\/a-monthureux-sur-saone-la-foret-devient-une-salle-de-classe-a-ciel-ouvert-pour-les-jeunes\/","twitter_card":"summary_large_image","twitter_title":"\u00c0 Monthureux-sur-Sa\u00f4ne, la for\u00eat devient une salle de classe \u00e0 ciel ouvert pour les jeunes - La Plaine des Vosges","twitter_description":"Ce mardi 13 mai 2025, la commune de Monthureux-sur-Sa\u00f4ne a accueilli Franck Leroy, pr\u00e9sident de la R\u00e9gion Grand Est, pour [&hellip;]","twitter_image":"https:\/\/vosgesinfo.fr\/app\/uploads\/sites\/2\/2025\/05\/497899786-1001871235425282-5612440891507906313-n.jpg","twitter_creator":"@VosgesInfo88","twitter_site":"@VosgesInfo88","twitter_misc":{"\u00c9crit par":"C.K.","Dur\u00e9e de lecture estim\u00e9e":"2 minutes"},"schema":{"@context":"https:\/\/schema.org","@graph":[{"@type":"Article","@id":"https:\/\/vosgesinfo.fr\/laplainedesvosgesinfo\/2025\/05\/a-monthureux-sur-saone-la-foret-devient-une-salle-de-classe-a-ciel-ouvert-pour-les-jeunes\/#article","isPartOf":{"@id":"https:\/\/vosgesinfo.fr\/laplainedesvosgesinfo\/2025\/05\/a-monthureux-sur-saone-la-foret-devient-une-salle-de-classe-a-ciel-ouvert-pour-les-jeunes\/"},"author":{"name":"C.K.","@id":"https:\/\/vosgesinfo.fr\/laplainedesvosgesinfo\/#\/schema\/person\/6f9a650eeea99d969b6c4ab78fccbe81"},"headline":"\u00c0 Monthureux-sur-Sa\u00f4ne, la for\u00eat devient une salle de classe \u00e0 ciel ouvert pour les jeunes","datePublished":"2025-05-14T11:15:51+00:00","dateModified":"2025-05-14T11:15:51+00:00","mainEntityOfPage":{"@id":"https:\/\/vosgesinfo.fr\/laplainedesvosgesinfo\/2025\/05\/a-monthureux-sur-saone-la-foret-devient-une-salle-de-classe-a-ciel-ouvert-pour-les-jeunes\/"},"wordCount":326,"commentCount":0,"publisher":{"@id":"https:\/\/vosgesinfo.fr\/laplainedesvosgesinfo\/#organization"},"image":{"@id":"https:\/\/vosgesinfo.fr\/laplainedesvosgesinfo\/2025\/05\/a-monthureux-sur-saone-la-foret-devient-une-salle-de-classe-a-ciel-ouvert-pour-les-jeunes\/#primaryimage"},"thumbnailUrl":"https:\/\/vosgesinfo.fr\/app\/uploads\/sites\/2\/2025\/05\/497899786-1001871235425282-5612440891507906313-n.jpg","articleSection":["A la Une","Epinal","La plaine des vosges"],"inLanguage":"fr-FR","potentialAction":[{"@type":"CommentAction","name":"Comment","target":["https:\/\/vosgesinfo.fr\/laplainedesvosgesinfo\/2025\/05\/a-monthureux-sur-saone-la-foret-devient-une-salle-de-classe-a-ciel-ouvert-pour-les-jeunes\/#respond"]}]},{"@type":"WebPage","@id":"https:\/\/vosgesinfo.fr\/laplainedesvosgesinfo\/2025\/05\/a-monthureux-sur-saone-la-foret-devient-une-salle-de-classe-a-ciel-ouvert-pour-les-jeunes\/","url":"https:\/\/vosgesinfo.fr\/laplainedesvosgesinfo\/2025\/05\/a-monthureux-sur-saone-la-foret-devient-une-salle-de-classe-a-ciel-ouvert-pour-les-jeunes\/","name":"\u00c0 Monthureux-sur-Sa\u00f4ne, la for\u00eat devient une salle de classe \u00e0 ciel ouvert pour les jeunes - La Plaine des Vosges","isPartOf":{"@id":"https:\/\/vosgesinfo.fr\/laplainedesvosgesinfo\/#website"},"primaryImageOfPage":{"@id":"https:\/\/vosgesinfo.fr\/laplainedesvosgesinfo\/2025\/05\/a-monthureux-sur-saone-la-foret-devient-une-salle-de-classe-a-ciel-ouvert-pour-les-jeunes\/#primaryimage"},"image":{"@id":"https:\/\/vosgesinfo.fr\/laplainedesvosgesinfo\/2025\/05\/a-monthureux-sur-saone-la-foret-devient-une-salle-de-classe-a-ciel-ouvert-pour-les-jeunes\/#primaryimage"},"thumbnailUrl":"https:\/\/vosgesinfo.fr\/app\/uploads\/sites\/2\/2025\/05\/497899786-1001871235425282-5612440891507906313-n.jpg","datePublished":"2025-05-14T11:15:51+00:00","dateModified":"2025-05-14T11:15:51+00:00","breadcrumb":{"@id":"https:\/\/vosgesinfo.fr\/laplainedesvosgesinfo\/2025\/05\/a-monthureux-sur-saone-la-foret-devient-une-salle-de-classe-a-ciel-ouvert-pour-les-jeunes\/#breadcrumb"},"inLanguage":"fr-FR","potentialAction":[{"@type":"ReadAction","target":["https:\/\/vosgesinfo.fr\/laplainedesvosgesinfo\/2025\/05\/a-monthureux-sur-saone-la-foret-devient-une-salle-de-classe-a-ciel-ouvert-pour-les-jeunes\/"]}]},{"@type":"ImageObject","inLanguage":"fr-FR","@id":"https:\/\/vosgesinfo.fr\/laplainedesvosgesinfo\/2025\/05\/a-monthureux-sur-saone-la-foret-devient-une-salle-de-classe-a-ciel-ouvert-pour-les-jeunes\/#primaryimage","url":"https:\/\/vosgesinfo.fr\/app\/uploads\/sites\/2\/2025\/05\/497899786-1001871235425282-5612440891507906313-n.jpg","contentUrl":"https:\/\/vosgesinfo.fr\/app\/uploads\/sites\/2\/2025\/05\/497899786-1001871235425282-5612440891507906313-n.jpg","width":576,"height":576},{"@type":"BreadcrumbList","@id":"https:\/\/vosgesinfo.fr\/laplainedesvosgesinfo\/2025\/05\/a-monthureux-sur-saone-la-foret-devient-une-salle-de-classe-a-ciel-ouvert-pour-les-jeunes\/#breadcrumb","itemListElement":[{"@type":"ListItem","position":1,"name":"Home","item":"https:\/\/vosgesinfo.fr\/laplainedesvosgesinfo\/"},{"@type":"ListItem","position":2,"name":"\u00c0 Monthureux-sur-Sa\u00f4ne, la for\u00eat devient une salle de classe \u00e0 ciel ouvert pour les jeunes"}]},{"@type":"WebSite","@id":"https:\/\/vosgesinfo.fr\/laplainedesvosgesinfo\/#website","url":"https:\/\/vosgesinfo.fr\/laplainedesvosgesinfo\/","name":"La Plaine des Vosges","description":"Toute l&#039;actualit\u00e9 de la plaine de Vosges","publisher":{"@id":"https:\/\/vosgesinfo.fr\/laplainedesvosgesinfo\/#organization"},"alternateName":"Toute l'actualit\u00e9 de la plaine des Vosges","potentialAction":[{"@type":"SearchAction","target":{"@type":"EntryPoint","urlTemplate":"https:\/\/vosgesinfo.fr\/laplainedesvosgesinfo\/?s={search_term_string}"},"query-input":"required name=search_term_string"}],"inLanguage":"fr-FR"},{"@type":"Organization","@id":"https:\/\/vosgesinfo.fr\/laplainedesvosgesinfo\/#organization","name":"La Plaine des Vosges","url":"https:\/\/vosgesinfo.fr\/laplainedesvosgesinfo\/","logo":{"@type":"ImageObject","inLanguage":"fr-FR","@id":"https:\/\/vosgesinfo.fr\/laplainedesvosgesinfo\/#\/schema\/logo\/image\/","url":"https:\/\/vosgesinfo.fr\/app\/uploads\/sites\/2\/2023\/08\/logo-laplaineinfo.svg","contentUrl":"https:\/\/vosgesinfo.fr\/app\/uploads\/sites\/2\/2023\/08\/logo-laplaineinfo.svg","width":1,"height":1,"caption":"La Plaine des Vosges"},"image":{"@id":"https:\/\/vosgesinfo.fr\/laplainedesvosgesinfo\/#\/schema\/logo\/image\/"},"sameAs":["https:\/\/www.facebook.com\/laplainedesvosges","https:\/\/x.com\/VosgesInfo88","https:\/\/www.youtube.com\/@vosgesinfo"]},{"@type":"Person","@id":"https:\/\/vosgesinfo.fr\/laplainedesvosgesinfo\/#\/schema\/person\/6f9a650eeea99d969b6c4ab78fccbe81","name":"C.K.","image":{"@type":"ImageObject","inLanguage":"fr-FR","@id":"https:\/\/vosgesinfo.fr\/laplainedesvosgesinfo\/#\/schema\/person\/image\/","url":"https:\/\/secure.gravatar.com\/avatar\/48e3fc7f8421ba8942be6b74a2b7f014ca39bc00dece156b7a8e098ae7dc87bf?s=96&d=mm&r=g","contentUrl":"https:\/\/secure.gravatar.com\/avatar\/48e3fc7f8421ba8942be6b74a2b7f014ca39bc00dece156b7a8e098ae7dc87bf?s=96&d=mm&r=g","caption":"C.K."},"url":"https:\/\/vosgesinfo.fr\/laplainedesvosgesinfo\/author\/celia-k-n\/"}]}},"_links":{"self":[{"href":"https:\/\/vosgesinfo.fr\/laplainedesvosgesinfo\/wp-json\/wp\/v2\/posts\/29914","targetHints":{"allow":["GET"]}}],"collection":[{"href":"https:\/\/vosgesinfo.fr\/laplainedesvosgesinfo\/wp-json\/wp\/v2\/posts"}],"about":[{"href":"https:\/\/vosgesinfo.fr\/laplainedesvosgesinfo\/wp-json\/wp\/v2\/types\/post"}],"author":[{"embeddable":true,"href":"https:\/\/vosgesinfo.fr\/laplainedesvosgesinfo\/wp-json\/wp\/v2\/users\/52"}],"replies":[{"embeddable":true,"href":"https:\/\/vosgesinfo.fr\/laplainedesvosgesinfo\/wp-json\/wp\/v2\/comments?post=29914"}],"version-history":[{"count":0,"href":"https:\/\/vosgesinfo.fr\/laplainedesvosgesinfo\/wp-json\/wp\/v2\/posts\/29914\/revisions"}],"wp:featuredmedia":[{"embeddable":true,"href":"https:\/\/vosgesinfo.fr\/laplainedesvosgesinfo\/wp-json\/wp\/v2\/media\/29915"}],"wp:attachment":[{"href":"https:\/\/vosgesinfo.fr\/laplainedesvosgesinfo\/wp-json\/wp\/v2\/media?parent=29914"}],"wp:term":[{"taxonomy":"category","embeddable":true,"href":"https:\/\/vosgesinfo.fr\/laplainedesvosgesinfo\/wp-json\/wp\/v2\/categories?post=29914"},{"taxonomy":"post_tag","embeddable":true,"href":"https:\/\/vosgesinfo.fr\/laplainedesvosgesinfo\/wp-json\/wp\/v2\/tags?post=29914"}],"curies":[{"name":"wp","href":"https:\/\/api.w.org\/{rel}","templated":true}]}}