{"id":29924,"date":"2025-05-15T09:40:13","date_gmt":"2025-05-15T07:40:13","guid":{"rendered":"https:\/\/vosgesinfo.fr\/laplainedesvosgesinfo\/?p=29924"},"modified":"2025-05-15T09:40:13","modified_gmt":"2025-05-15T07:40:13","slug":"vittel-lance-un-projet-ambitieux-dinterconnexion-pour-securiser-leau-potable-sur-son-territoire-et-au-dela","status":"publish","type":"post","link":"https:\/\/vosgesinfo.fr\/laplainedesvosgesinfo\/2025\/05\/vittel-lance-un-projet-ambitieux-dinterconnexion-pour-securiser-leau-potable-sur-son-territoire-et-au-dela\/","title":{"rendered":"Vittel lance un projet ambitieux d\u2019interconnexion pour s\u00e9curiser l\u2019eau potable sur son territoire et au-del\u00e0"},"content":{"rendered":"<div id=\"attachment_131886\" style=\"width: 750px\" class=\"wp-caption aligncenter\"><a href=\"https:\/\/vosgesinfo.fr\/app\/uploads\/sites\/3\/2025\/05\/740-450-7-travaux-interconnexion-eau-ligneville-vittel-contrexeville-ibrahima-ba-ville-de-vittel-1.jpg\"><img decoding=\"async\" aria-describedby=\"caption-attachment-131886\" class=\"size-full wp-image-131886\" src=\"https:\/\/vosgesinfo.fr\/app\/uploads\/sites\/3\/2025\/05\/740-450-7-travaux-interconnexion-eau-ligneville-vittel-contrexeville-ibrahima-ba-ville-de-vittel-1.jpg\" alt=\"\" width=\"740\" height=\"450\" \/><\/a><p id=\"caption-attachment-131886\" class=\"wp-caption-text\">photo Ville de Vittel<\/p><\/div>\n<p class=\"\" data-start=\"549\" data-end=\"909\">Dans le cadre de son engagement en faveur du d\u00e9veloppement durable et d\u2019une gestion responsable des ressources naturelles, la ville de Vittel, en partenariat avec les communes voisines, d\u00e9ploie un vaste projet d\u2019interconnexion des r\u00e9seaux d\u2019eau potable. Objectif : assurer une alimentation en eau fiable, durable et r\u00e9siliente pour les habitants du territoire.<\/p>\n<hr class=\"\" data-start=\"911\" data-end=\"914\" \/>\n<h4 class=\"\" data-start=\"916\" data-end=\"976\"><strong data-start=\"921\" data-end=\"976\">Pr\u00e9server l\u2019eau, une ressource vitale sous pression<\/strong><\/h4>\n<p class=\"\" data-start=\"978\" data-end=\"1509\">Ce projet strat\u00e9gique s\u2019inscrit dans la continuit\u00e9 du protocole d\u2019engagement sign\u00e9 en 2020, visant \u00e0 restaurer l\u2019\u00e9quilibre quantitatif de la nappe des Gr\u00e8s du Trias Inf\u00e9rieur (GTI) d\u2019ici 2027. Les nappes phr\u00e9atiques de la r\u00e9gion sont soumises \u00e0 de fortes pressions, li\u00e9es aux usages domestiques, industriels et agricoles. Face \u00e0 ces d\u00e9fis et aux impacts croissants du changement climatique, les collectivit\u00e9s locales \u2013 Vittel, Contrex\u00e9ville, Lign\u00e9ville et Dombrot-le-Sec \u2013 s\u2019unissent pour une gestion concert\u00e9e et durable de l\u2019eau.<\/p>\n<hr class=\"\" data-start=\"1511\" data-end=\"1514\" \/>\n<h4 class=\"\" data-start=\"1516\" data-end=\"1583\"><strong data-start=\"1521\" data-end=\"1583\">Trois axes d\u2019intervention pour un avenir hydrique s\u00e9curis\u00e9<\/strong><\/h4>\n<p class=\"\" data-start=\"1585\" data-end=\"1672\">Le projet repose sur une approche int\u00e9gr\u00e9e, articul\u00e9e autour de trois axes principaux :<\/p>\n<ul data-start=\"1674\" data-end=\"2172\">\n<li class=\"\" data-start=\"1674\" data-end=\"1856\">\n<p class=\"\" data-start=\"1676\" data-end=\"1856\"><strong data-start=\"1676\" data-end=\"1710\">Diversification des ressources<\/strong> : gr\u00e2ce \u00e0 l\u2019optimisation des sources existantes et \u00e0 la r\u00e9trocession strat\u00e9gique de forages, notamment celui de Suriauville IV par Nestl\u00e9 Waters.<\/p>\n<\/li>\n<li class=\"\" data-start=\"1857\" data-end=\"1998\">\n<p class=\"\" data-start=\"1859\" data-end=\"1998\"><strong data-start=\"1859\" data-end=\"1895\">Renforcement des infrastructures<\/strong> : modernisation des \u00e9quipements existants et cr\u00e9ation de nouvelles interconnexions entre les communes.<\/p>\n<\/li>\n<li class=\"\" data-start=\"1999\" data-end=\"2172\">\n<p class=\"\" data-start=\"2001\" data-end=\"2172\"><strong data-start=\"2001\" data-end=\"2034\">Protection et gestion durable<\/strong> : mise en place de dispositifs de surveillance, et actions de sensibilisation pour encourager une consommation plus responsable de l\u2019eau.<\/p>\n<\/li>\n<\/ul>\n<hr class=\"\" data-start=\"2174\" data-end=\"2177\" \/>\n<h4 class=\"\" data-start=\"2179\" data-end=\"2237\"><strong data-start=\"2184\" data-end=\"2237\">Un chantier d\u2019envergure pour un territoire unifi\u00e9<\/strong><\/h4>\n<p class=\"\" data-start=\"2239\" data-end=\"2378\">Estim\u00e9 \u00e0 3,4 millions d\u2019euros \u2013 dont 900 000 \u20ac d\u00e9di\u00e9s \u00e0 la commune de Dombrot-le-Sec \u2013 ce projet comprend plusieurs r\u00e9alisations majeures :<\/p>\n<ul data-start=\"2380\" data-end=\"2698\">\n<li class=\"\" data-start=\"2380\" data-end=\"2465\">\n<p class=\"\" data-start=\"2382\" data-end=\"2465\">Installation d\u2019une conduite d\u2019interconnexion en fonte de 200 mm sur 5,7 kilom\u00e8tres.<\/p>\n<\/li>\n<li class=\"\" data-start=\"2466\" data-end=\"2554\">\n<p class=\"\" data-start=\"2468\" data-end=\"2554\">Mise en place d\u2019une station de refoulement d\u2019une capacit\u00e9 de 100 m\u00b3\/h \u00e0 Contrex\u00e9ville.<\/p>\n<\/li>\n<li class=\"\" data-start=\"2555\" data-end=\"2608\">\n<p class=\"\" data-start=\"2557\" data-end=\"2608\">Raccordement du forage de Suriauville IV au r\u00e9seau.<\/p>\n<\/li>\n<li class=\"\" data-start=\"2609\" data-end=\"2698\">\n<p class=\"\" data-start=\"2611\" data-end=\"2698\">Int\u00e9gration des communes de Lign\u00e9ville et Dombrot-le-Sec dans le syst\u00e8me interconnect\u00e9.<\/p>\n<\/li>\n<\/ul>\n<hr class=\"\" data-start=\"2700\" data-end=\"2703\" \/>\n<h4 class=\"\" data-start=\"2705\" data-end=\"2762\"><strong data-start=\"2710\" data-end=\"2762\">Un d\u00e9ploiement progressif en deux grandes phases<\/strong><\/h4>\n<p class=\"\" data-start=\"2764\" data-end=\"2818\">Le chantier est pr\u00e9vu en deux \u00e9tapes compl\u00e9mentaires :<\/p>\n<ol data-start=\"2820\" data-end=\"3040\">\n<li class=\"\" data-start=\"2820\" data-end=\"2906\">\n<p class=\"\" data-start=\"2823\" data-end=\"2906\"><strong data-start=\"2823\" data-end=\"2841\">Premi\u00e8re phase<\/strong> : pose des conduites principales et des stations de refoulement.<\/p>\n<\/li>\n<li class=\"\" data-start=\"2907\" data-end=\"3040\">\n<p class=\"\" data-start=\"2910\" data-end=\"3040\"><strong data-start=\"2910\" data-end=\"2928\">Deuxi\u00e8me phase<\/strong> : raccordement du forage de Suriauville IV et cr\u00e9ation d\u2019une station de dilution et de pompage \u00e0 Contrex\u00e9ville.<\/p>\n<\/li>\n<\/ol>\n<hr class=\"\" data-start=\"3042\" data-end=\"3045\" \/>\n<h4 class=\"\" data-start=\"3047\" data-end=\"3097\"><strong data-start=\"3052\" data-end=\"3097\">Un projet soutenu par les acteurs publics<\/strong><\/h4>\n<p class=\"\" data-start=\"3099\" data-end=\"3345\">Ce programme structurant b\u00e9n\u00e9ficie du soutien financier du D\u00e9partement des Vosges et de l\u2019Agence de l\u2019Eau Rhin-Meuse, confirmant l\u2019importance de ce projet \u00e0 l\u2019\u00e9chelle r\u00e9gionale et la mobilisation collective autour des enjeux li\u00e9s \u00e0 l\u2019eau potable.<\/p>\n<hr class=\"\" data-start=\"3347\" data-end=\"3350\" \/>\n<h4 class=\"\" data-start=\"3352\" data-end=\"3407\"><strong data-start=\"3357\" data-end=\"3407\">Un investissement pour les g\u00e9n\u00e9rations futures<\/strong><\/h4>\n<p class=\"\" data-start=\"3409\" data-end=\"3667\">\u00c0 travers cette interconnexion, les collectivit\u00e9s locales s\u2019engagent pour un avenir durable, en garantissant un acc\u00e8s s\u00e9curis\u00e9 et \u00e9quitable \u00e0 l\u2019eau potable. Une d\u00e9marche visionnaire au service de la r\u00e9silience des territoires face aux d\u00e9fis environnementaux.<\/p>\n<p class=\"\" data-start=\"3669\" data-end=\"3906\">\ud83d\udcce <strong data-start=\"3672\" data-end=\"3695\">Pour en savoir plus<\/strong> : <a class=\"\" href=\"https:\/\/www.ville-vittel.fr\/fr\/actualites\/securisation-de-l-approvisionnement-en-eau-potable-a-vittel-et-contrexeville-un-projet-d-interconnexion-pour-l-avenir_-n.html\" target=\"_new\" rel=\"noopener\" data-start=\"3698\" data-end=\"3906\">Acc\u00e9dez au site de la Ville de Vittel<\/a><\/p>\n","protected":false},"excerpt":{"rendered":"<p>Dans le cadre de son engagement en faveur du d\u00e9veloppement durable et d\u2019une gestion responsable des ressources naturelles, la ville [&hellip;]<\/p>\n","protected":false},"author":52,"featured_media":29925,"comment_status":"open","ping_status":"open","sticky":false,"template":"","format":"standard","meta":{"footnotes":""},"categories":[29,383,380],"tags":[],"class_list":["post-29924","post","type-post","status-publish","format-standard","has-post-thumbnail","hentry","category-a-la-une","category-epinal","category-la-plaine-des-vosges"],"acf":[],"yoast_head":"<!-- This site is optimized with the Yoast SEO plugin v22.5 - https:\/\/yoast.com\/wordpress\/plugins\/seo\/ -->\n<title>Vittel lance un projet ambitieux d\u2019interconnexion pour s\u00e9curiser l\u2019eau potable sur son territoire et au-del\u00e0 - La Plaine des Vosges<\/title>\n<meta name=\"robots\" content=\"index, follow, max-snippet:-1, max-image-preview:large, max-video-preview:-1\" \/>\n<link rel=\"canonical\" href=\"https:\/\/vosgesinfo.fr\/laplainedesvosgesinfo\/2025\/05\/vittel-lance-un-projet-ambitieux-dinterconnexion-pour-securiser-leau-potable-sur-son-territoire-et-au-dela\/\" \/>\n<meta name=\"twitter:card\" content=\"summary_large_image\" \/>\n<meta name=\"twitter:title\" content=\"Vittel lance un projet ambitieux d\u2019interconnexion pour s\u00e9curiser l\u2019eau potable sur son territoire et au-del\u00e0 - La Plaine des Vosges\" \/>\n<meta name=\"twitter:description\" content=\"Dans le cadre de son engagement en faveur du d\u00e9veloppement durable et d\u2019une gestion responsable des ressources naturelles, la ville [&hellip;]\" \/>\n<meta name=\"twitter:image\" content=\"https:\/\/vosgesinfo.fr\/app\/uploads\/sites\/2\/2025\/05\/740-450-7-travaux-interconnexion-eau-ligneville-vittel-contrexeville-ibrahima-ba-ville-de-vittel-1.jpg\" \/>\n<meta name=\"twitter:creator\" content=\"@VosgesInfo88\" \/>\n<meta name=\"twitter:site\" content=\"@VosgesInfo88\" \/>\n<meta name=\"twitter:label1\" content=\"\u00c9crit par\" \/>\n\t<meta name=\"twitter:data1\" content=\"C.K.\" \/>\n\t<meta name=\"twitter:label2\" content=\"Dur\u00e9e de lecture estim\u00e9e\" \/>\n\t<meta name=\"twitter:data2\" content=\"3 minutes\" \/>\n<script type=\"application\/ld+json\" class=\"yoast-schema-graph\">{\"@context\":\"https:\/\/schema.org\",\"@graph\":[{\"@type\":\"Article\",\"@id\":\"https:\/\/vosgesinfo.fr\/laplainedesvosgesinfo\/2025\/05\/vittel-lance-un-projet-ambitieux-dinterconnexion-pour-securiser-leau-potable-sur-son-territoire-et-au-dela\/#article\",\"isPartOf\":{\"@id\":\"https:\/\/vosgesinfo.fr\/laplainedesvosgesinfo\/2025\/05\/vittel-lance-un-projet-ambitieux-dinterconnexion-pour-securiser-leau-potable-sur-son-territoire-et-au-dela\/\"},\"author\":{\"name\":\"C.K.\",\"@id\":\"https:\/\/vosgesinfo.fr\/laplainedesvosgesinfo\/#\/schema\/person\/6f9a650eeea99d969b6c4ab78fccbe81\"},\"headline\":\"Vittel lance un projet ambitieux d\u2019interconnexion pour s\u00e9curiser l\u2019eau potable sur son territoire et au-del\u00e0\",\"datePublished\":\"2025-05-15T07:40:13+00:00\",\"dateModified\":\"2025-05-15T07:40:13+00:00\",\"mainEntityOfPage\":{\"@id\":\"https:\/\/vosgesinfo.fr\/laplainedesvosgesinfo\/2025\/05\/vittel-lance-un-projet-ambitieux-dinterconnexion-pour-securiser-leau-potable-sur-son-territoire-et-au-dela\/\"},\"wordCount\":522,\"commentCount\":0,\"publisher\":{\"@id\":\"https:\/\/vosgesinfo.fr\/laplainedesvosgesinfo\/#organization\"},\"image\":{\"@id\":\"https:\/\/vosgesinfo.fr\/laplainedesvosgesinfo\/2025\/05\/vittel-lance-un-projet-ambitieux-dinterconnexion-pour-securiser-leau-potable-sur-son-territoire-et-au-dela\/#primaryimage\"},\"thumbnailUrl\":\"https:\/\/vosgesinfo.fr\/app\/uploads\/sites\/2\/2025\/05\/740-450-7-travaux-interconnexion-eau-ligneville-vittel-contrexeville-ibrahima-ba-ville-de-vittel-1.jpg\",\"articleSection\":[\"A la Une\",\"Epinal\",\"La plaine des vosges\"],\"inLanguage\":\"fr-FR\",\"potentialAction\":[{\"@type\":\"CommentAction\",\"name\":\"Comment\",\"target\":[\"https:\/\/vosgesinfo.fr\/laplainedesvosgesinfo\/2025\/05\/vittel-lance-un-projet-ambitieux-dinterconnexion-pour-securiser-leau-potable-sur-son-territoire-et-au-dela\/#respond\"]}]},{\"@type\":\"WebPage\",\"@id\":\"https:\/\/vosgesinfo.fr\/laplainedesvosgesinfo\/2025\/05\/vittel-lance-un-projet-ambitieux-dinterconnexion-pour-securiser-leau-potable-sur-son-territoire-et-au-dela\/\",\"url\":\"https:\/\/vosgesinfo.fr\/laplainedesvosgesinfo\/2025\/05\/vittel-lance-un-projet-ambitieux-dinterconnexion-pour-securiser-leau-potable-sur-son-territoire-et-au-dela\/\",\"name\":\"Vittel lance un projet ambitieux d\u2019interconnexion pour s\u00e9curiser l\u2019eau potable sur son territoire et au-del\u00e0 - La Plaine des Vosges\",\"isPartOf\":{\"@id\":\"https:\/\/vosgesinfo.fr\/laplainedesvosgesinfo\/#website\"},\"primaryImageOfPage\":{\"@id\":\"https:\/\/vosgesinfo.fr\/laplainedesvosgesinfo\/2025\/05\/vittel-lance-un-projet-ambitieux-dinterconnexion-pour-securiser-leau-potable-sur-son-territoire-et-au-dela\/#primaryimage\"},\"image\":{\"@id\":\"https:\/\/vosgesinfo.fr\/laplainedesvosgesinfo\/2025\/05\/vittel-lance-un-projet-ambitieux-dinterconnexion-pour-securiser-leau-potable-sur-son-territoire-et-au-dela\/#primaryimage\"},\"thumbnailUrl\":\"https:\/\/vosgesinfo.fr\/app\/uploads\/sites\/2\/2025\/05\/740-450-7-travaux-interconnexion-eau-ligneville-vittel-contrexeville-ibrahima-ba-ville-de-vittel-1.jpg\",\"datePublished\":\"2025-05-15T07:40:13+00:00\",\"dateModified\":\"2025-05-15T07:40:13+00:00\",\"breadcrumb\":{\"@id\":\"https:\/\/vosgesinfo.fr\/laplainedesvosgesinfo\/2025\/05\/vittel-lance-un-projet-ambitieux-dinterconnexion-pour-securiser-leau-potable-sur-son-territoire-et-au-dela\/#breadcrumb\"},\"inLanguage\":\"fr-FR\",\"potentialAction\":[{\"@type\":\"ReadAction\",\"target\":[\"https:\/\/vosgesinfo.fr\/laplainedesvosgesinfo\/2025\/05\/vittel-lance-un-projet-ambitieux-dinterconnexion-pour-securiser-leau-potable-sur-son-territoire-et-au-dela\/\"]}]},{\"@type\":\"ImageObject\",\"inLanguage\":\"fr-FR\",\"@id\":\"https:\/\/vosgesinfo.fr\/laplainedesvosgesinfo\/2025\/05\/vittel-lance-un-projet-ambitieux-dinterconnexion-pour-securiser-leau-potable-sur-son-territoire-et-au-dela\/#primaryimage\",\"url\":\"https:\/\/vosgesinfo.fr\/app\/uploads\/sites\/2\/2025\/05\/740-450-7-travaux-interconnexion-eau-ligneville-vittel-contrexeville-ibrahima-ba-ville-de-vittel-1.jpg\",\"contentUrl\":\"https:\/\/vosgesinfo.fr\/app\/uploads\/sites\/2\/2025\/05\/740-450-7-travaux-interconnexion-eau-ligneville-vittel-contrexeville-ibrahima-ba-ville-de-vittel-1.jpg\",\"width\":740,\"height\":450},{\"@type\":\"BreadcrumbList\",\"@id\":\"https:\/\/vosgesinfo.fr\/laplainedesvosgesinfo\/2025\/05\/vittel-lance-un-projet-ambitieux-dinterconnexion-pour-securiser-leau-potable-sur-son-territoire-et-au-dela\/#breadcrumb\",\"itemListElement\":[{\"@type\":\"ListItem\",\"position\":1,\"name\":\"Home\",\"item\":\"https:\/\/vosgesinfo.fr\/laplainedesvosgesinfo\/\"},{\"@type\":\"ListItem\",\"position\":2,\"name\":\"Vittel lance un projet ambitieux d\u2019interconnexion pour s\u00e9curiser l\u2019eau potable sur son territoire et au-del\u00e0\"}]},{\"@type\":\"WebSite\",\"@id\":\"https:\/\/vosgesinfo.fr\/laplainedesvosgesinfo\/#website\",\"url\":\"https:\/\/vosgesinfo.fr\/laplainedesvosgesinfo\/\",\"name\":\"La Plaine des Vosges\",\"description\":\"Toute l&#039;actualit\u00e9 de la plaine de Vosges\",\"publisher\":{\"@id\":\"https:\/\/vosgesinfo.fr\/laplainedesvosgesinfo\/#organization\"},\"alternateName\":\"Toute l'actualit\u00e9 de la plaine des Vosges\",\"potentialAction\":[{\"@type\":\"SearchAction\",\"target\":{\"@type\":\"EntryPoint\",\"urlTemplate\":\"https:\/\/vosgesinfo.fr\/laplainedesvosgesinfo\/?s={search_term_string}\"},\"query-input\":\"required name=search_term_string\"}],\"inLanguage\":\"fr-FR\"},{\"@type\":\"Organization\",\"@id\":\"https:\/\/vosgesinfo.fr\/laplainedesvosgesinfo\/#organization\",\"name\":\"La Plaine des Vosges\",\"url\":\"https:\/\/vosgesinfo.fr\/laplainedesvosgesinfo\/\",\"logo\":{\"@type\":\"ImageObject\",\"inLanguage\":\"fr-FR\",\"@id\":\"https:\/\/vosgesinfo.fr\/laplainedesvosgesinfo\/#\/schema\/logo\/image\/\",\"url\":\"https:\/\/vosgesinfo.fr\/app\/uploads\/sites\/2\/2023\/08\/logo-laplaineinfo.svg\",\"contentUrl\":\"https:\/\/vosgesinfo.fr\/app\/uploads\/sites\/2\/2023\/08\/logo-laplaineinfo.svg\",\"width\":1,\"height\":1,\"caption\":\"La Plaine des Vosges\"},\"image\":{\"@id\":\"https:\/\/vosgesinfo.fr\/laplainedesvosgesinfo\/#\/schema\/logo\/image\/\"},\"sameAs\":[\"https:\/\/www.facebook.com\/laplainedesvosges\",\"https:\/\/x.com\/VosgesInfo88\",\"https:\/\/www.youtube.com\/@vosgesinfo\"]},{\"@type\":\"Person\",\"@id\":\"https:\/\/vosgesinfo.fr\/laplainedesvosgesinfo\/#\/schema\/person\/6f9a650eeea99d969b6c4ab78fccbe81\",\"name\":\"C.K.\",\"image\":{\"@type\":\"ImageObject\",\"inLanguage\":\"fr-FR\",\"@id\":\"https:\/\/vosgesinfo.fr\/laplainedesvosgesinfo\/#\/schema\/person\/image\/\",\"url\":\"https:\/\/secure.gravatar.com\/avatar\/48e3fc7f8421ba8942be6b74a2b7f014ca39bc00dece156b7a8e098ae7dc87bf?s=96&d=mm&r=g\",\"contentUrl\":\"https:\/\/secure.gravatar.com\/avatar\/48e3fc7f8421ba8942be6b74a2b7f014ca39bc00dece156b7a8e098ae7dc87bf?s=96&d=mm&r=g\",\"caption\":\"C.K.\"},\"url\":\"https:\/\/vosgesinfo.fr\/laplainedesvosgesinfo\/author\/celia-k-n\/\"}]}<\/script>\n<!-- \/ Yoast SEO plugin. -->","yoast_head_json":{"title":"Vittel lance un projet ambitieux d\u2019interconnexion pour s\u00e9curiser l\u2019eau potable sur son territoire et au-del\u00e0 - La Plaine des Vosges","robots":{"index":"index","follow":"follow","max-snippet":"max-snippet:-1","max-image-preview":"max-image-preview:large","max-video-preview":"max-video-preview:-1"},"canonical":"https:\/\/vosgesinfo.fr\/laplainedesvosgesinfo\/2025\/05\/vittel-lance-un-projet-ambitieux-dinterconnexion-pour-securiser-leau-potable-sur-son-territoire-et-au-dela\/","twitter_card":"summary_large_image","twitter_title":"Vittel lance un projet ambitieux d\u2019interconnexion pour s\u00e9curiser l\u2019eau potable sur son territoire et au-del\u00e0 - La Plaine des Vosges","twitter_description":"Dans le cadre de son engagement en faveur du d\u00e9veloppement durable et d\u2019une gestion responsable des ressources naturelles, la ville [&hellip;]","twitter_image":"https:\/\/vosgesinfo.fr\/app\/uploads\/sites\/2\/2025\/05\/740-450-7-travaux-interconnexion-eau-ligneville-vittel-contrexeville-ibrahima-ba-ville-de-vittel-1.jpg","twitter_creator":"@VosgesInfo88","twitter_site":"@VosgesInfo88","twitter_misc":{"\u00c9crit par":"C.K.","Dur\u00e9e de lecture estim\u00e9e":"3 minutes"},"schema":{"@context":"https:\/\/schema.org","@graph":[{"@type":"Article","@id":"https:\/\/vosgesinfo.fr\/laplainedesvosgesinfo\/2025\/05\/vittel-lance-un-projet-ambitieux-dinterconnexion-pour-securiser-leau-potable-sur-son-territoire-et-au-dela\/#article","isPartOf":{"@id":"https:\/\/vosgesinfo.fr\/laplainedesvosgesinfo\/2025\/05\/vittel-lance-un-projet-ambitieux-dinterconnexion-pour-securiser-leau-potable-sur-son-territoire-et-au-dela\/"},"author":{"name":"C.K.","@id":"https:\/\/vosgesinfo.fr\/laplainedesvosgesinfo\/#\/schema\/person\/6f9a650eeea99d969b6c4ab78fccbe81"},"headline":"Vittel lance un projet ambitieux d\u2019interconnexion pour s\u00e9curiser l\u2019eau potable sur son territoire et au-del\u00e0","datePublished":"2025-05-15T07:40:13+00:00","dateModified":"2025-05-15T07:40:13+00:00","mainEntityOfPage":{"@id":"https:\/\/vosgesinfo.fr\/laplainedesvosgesinfo\/2025\/05\/vittel-lance-un-projet-ambitieux-dinterconnexion-pour-securiser-leau-potable-sur-son-territoire-et-au-dela\/"},"wordCount":522,"commentCount":0,"publisher":{"@id":"https:\/\/vosgesinfo.fr\/laplainedesvosgesinfo\/#organization"},"image":{"@id":"https:\/\/vosgesinfo.fr\/laplainedesvosgesinfo\/2025\/05\/vittel-lance-un-projet-ambitieux-dinterconnexion-pour-securiser-leau-potable-sur-son-territoire-et-au-dela\/#primaryimage"},"thumbnailUrl":"https:\/\/vosgesinfo.fr\/app\/uploads\/sites\/2\/2025\/05\/740-450-7-travaux-interconnexion-eau-ligneville-vittel-contrexeville-ibrahima-ba-ville-de-vittel-1.jpg","articleSection":["A la Une","Epinal","La plaine des vosges"],"inLanguage":"fr-FR","potentialAction":[{"@type":"CommentAction","name":"Comment","target":["https:\/\/vosgesinfo.fr\/laplainedesvosgesinfo\/2025\/05\/vittel-lance-un-projet-ambitieux-dinterconnexion-pour-securiser-leau-potable-sur-son-territoire-et-au-dela\/#respond"]}]},{"@type":"WebPage","@id":"https:\/\/vosgesinfo.fr\/laplainedesvosgesinfo\/2025\/05\/vittel-lance-un-projet-ambitieux-dinterconnexion-pour-securiser-leau-potable-sur-son-territoire-et-au-dela\/","url":"https:\/\/vosgesinfo.fr\/laplainedesvosgesinfo\/2025\/05\/vittel-lance-un-projet-ambitieux-dinterconnexion-pour-securiser-leau-potable-sur-son-territoire-et-au-dela\/","name":"Vittel lance un projet ambitieux d\u2019interconnexion pour s\u00e9curiser l\u2019eau potable sur son territoire et au-del\u00e0 - La Plaine des Vosges","isPartOf":{"@id":"https:\/\/vosgesinfo.fr\/laplainedesvosgesinfo\/#website"},"primaryImageOfPage":{"@id":"https:\/\/vosgesinfo.fr\/laplainedesvosgesinfo\/2025\/05\/vittel-lance-un-projet-ambitieux-dinterconnexion-pour-securiser-leau-potable-sur-son-territoire-et-au-dela\/#primaryimage"},"image":{"@id":"https:\/\/vosgesinfo.fr\/laplainedesvosgesinfo\/2025\/05\/vittel-lance-un-projet-ambitieux-dinterconnexion-pour-securiser-leau-potable-sur-son-territoire-et-au-dela\/#primaryimage"},"thumbnailUrl":"https:\/\/vosgesinfo.fr\/app\/uploads\/sites\/2\/2025\/05\/740-450-7-travaux-interconnexion-eau-ligneville-vittel-contrexeville-ibrahima-ba-ville-de-vittel-1.jpg","datePublished":"2025-05-15T07:40:13+00:00","dateModified":"2025-05-15T07:40:13+00:00","breadcrumb":{"@id":"https:\/\/vosgesinfo.fr\/laplainedesvosgesinfo\/2025\/05\/vittel-lance-un-projet-ambitieux-dinterconnexion-pour-securiser-leau-potable-sur-son-territoire-et-au-dela\/#breadcrumb"},"inLanguage":"fr-FR","potentialAction":[{"@type":"ReadAction","target":["https:\/\/vosgesinfo.fr\/laplainedesvosgesinfo\/2025\/05\/vittel-lance-un-projet-ambitieux-dinterconnexion-pour-securiser-leau-potable-sur-son-territoire-et-au-dela\/"]}]},{"@type":"ImageObject","inLanguage":"fr-FR","@id":"https:\/\/vosgesinfo.fr\/laplainedesvosgesinfo\/2025\/05\/vittel-lance-un-projet-ambitieux-dinterconnexion-pour-securiser-leau-potable-sur-son-territoire-et-au-dela\/#primaryimage","url":"https:\/\/vosgesinfo.fr\/app\/uploads\/sites\/2\/2025\/05\/740-450-7-travaux-interconnexion-eau-ligneville-vittel-contrexeville-ibrahima-ba-ville-de-vittel-1.jpg","contentUrl":"https:\/\/vosgesinfo.fr\/app\/uploads\/sites\/2\/2025\/05\/740-450-7-travaux-interconnexion-eau-ligneville-vittel-contrexeville-ibrahima-ba-ville-de-vittel-1.jpg","width":740,"height":450},{"@type":"BreadcrumbList","@id":"https:\/\/vosgesinfo.fr\/laplainedesvosgesinfo\/2025\/05\/vittel-lance-un-projet-ambitieux-dinterconnexion-pour-securiser-leau-potable-sur-son-territoire-et-au-dela\/#breadcrumb","itemListElement":[{"@type":"ListItem","position":1,"name":"Home","item":"https:\/\/vosgesinfo.fr\/laplainedesvosgesinfo\/"},{"@type":"ListItem","position":2,"name":"Vittel lance un projet ambitieux d\u2019interconnexion pour s\u00e9curiser l\u2019eau potable sur son territoire et au-del\u00e0"}]},{"@type":"WebSite","@id":"https:\/\/vosgesinfo.fr\/laplainedesvosgesinfo\/#website","url":"https:\/\/vosgesinfo.fr\/laplainedesvosgesinfo\/","name":"La Plaine des Vosges","description":"Toute l&#039;actualit\u00e9 de la plaine de Vosges","publisher":{"@id":"https:\/\/vosgesinfo.fr\/laplainedesvosgesinfo\/#organization"},"alternateName":"Toute l'actualit\u00e9 de la plaine des Vosges","potentialAction":[{"@type":"SearchAction","target":{"@type":"EntryPoint","urlTemplate":"https:\/\/vosgesinfo.fr\/laplainedesvosgesinfo\/?s={search_term_string}"},"query-input":"required name=search_term_string"}],"inLanguage":"fr-FR"},{"@type":"Organization","@id":"https:\/\/vosgesinfo.fr\/laplainedesvosgesinfo\/#organization","name":"La Plaine des Vosges","url":"https:\/\/vosgesinfo.fr\/laplainedesvosgesinfo\/","logo":{"@type":"ImageObject","inLanguage":"fr-FR","@id":"https:\/\/vosgesinfo.fr\/laplainedesvosgesinfo\/#\/schema\/logo\/image\/","url":"https:\/\/vosgesinfo.fr\/app\/uploads\/sites\/2\/2023\/08\/logo-laplaineinfo.svg","contentUrl":"https:\/\/vosgesinfo.fr\/app\/uploads\/sites\/2\/2023\/08\/logo-laplaineinfo.svg","width":1,"height":1,"caption":"La Plaine des Vosges"},"image":{"@id":"https:\/\/vosgesinfo.fr\/laplainedesvosgesinfo\/#\/schema\/logo\/image\/"},"sameAs":["https:\/\/www.facebook.com\/laplainedesvosges","https:\/\/x.com\/VosgesInfo88","https:\/\/www.youtube.com\/@vosgesinfo"]},{"@type":"Person","@id":"https:\/\/vosgesinfo.fr\/laplainedesvosgesinfo\/#\/schema\/person\/6f9a650eeea99d969b6c4ab78fccbe81","name":"C.K.","image":{"@type":"ImageObject","inLanguage":"fr-FR","@id":"https:\/\/vosgesinfo.fr\/laplainedesvosgesinfo\/#\/schema\/person\/image\/","url":"https:\/\/secure.gravatar.com\/avatar\/48e3fc7f8421ba8942be6b74a2b7f014ca39bc00dece156b7a8e098ae7dc87bf?s=96&d=mm&r=g","contentUrl":"https:\/\/secure.gravatar.com\/avatar\/48e3fc7f8421ba8942be6b74a2b7f014ca39bc00dece156b7a8e098ae7dc87bf?s=96&d=mm&r=g","caption":"C.K."},"url":"https:\/\/vosgesinfo.fr\/laplainedesvosgesinfo\/author\/celia-k-n\/"}]}},"_links":{"self":[{"href":"https:\/\/vosgesinfo.fr\/laplainedesvosgesinfo\/wp-json\/wp\/v2\/posts\/29924","targetHints":{"allow":["GET"]}}],"collection":[{"href":"https:\/\/vosgesinfo.fr\/laplainedesvosgesinfo\/wp-json\/wp\/v2\/posts"}],"about":[{"href":"https:\/\/vosgesinfo.fr\/laplainedesvosgesinfo\/wp-json\/wp\/v2\/types\/post"}],"author":[{"embeddable":true,"href":"https:\/\/vosgesinfo.fr\/laplainedesvosgesinfo\/wp-json\/wp\/v2\/users\/52"}],"replies":[{"embeddable":true,"href":"https:\/\/vosgesinfo.fr\/laplainedesvosgesinfo\/wp-json\/wp\/v2\/comments?post=29924"}],"version-history":[{"count":0,"href":"https:\/\/vosgesinfo.fr\/laplainedesvosgesinfo\/wp-json\/wp\/v2\/posts\/29924\/revisions"}],"wp:featuredmedia":[{"embeddable":true,"href":"https:\/\/vosgesinfo.fr\/laplainedesvosgesinfo\/wp-json\/wp\/v2\/media\/29925"}],"wp:attachment":[{"href":"https:\/\/vosgesinfo.fr\/laplainedesvosgesinfo\/wp-json\/wp\/v2\/media?parent=29924"}],"wp:term":[{"taxonomy":"category","embeddable":true,"href":"https:\/\/vosgesinfo.fr\/laplainedesvosgesinfo\/wp-json\/wp\/v2\/categories?post=29924"},{"taxonomy":"post_tag","embeddable":true,"href":"https:\/\/vosgesinfo.fr\/laplainedesvosgesinfo\/wp-json\/wp\/v2\/tags?post=29924"}],"curies":[{"name":"wp","href":"https:\/\/api.w.org\/{rel}","templated":true}]}}