{"id":30077,"date":"2025-05-19T18:34:45","date_gmt":"2025-05-19T16:34:45","guid":{"rendered":"https:\/\/vosgesinfo.fr\/laplainedesvosgesinfo\/?p=30077"},"modified":"2025-05-19T18:17:00","modified_gmt":"2025-05-19T16:17:00","slug":"festival-masters-cuivres-2025","status":"publish","type":"post","link":"https:\/\/vosgesinfo.fr\/laplainedesvosgesinfo\/2025\/05\/festival-masters-cuivres-2025\/","title":{"rendered":"FESTIVAL MASTERS CUIVRES 2025"},"content":{"rendered":"<p><a href=\"https:\/\/vosgesinfo.fr\/app\/uploads\/sites\/2\/2025\/05\/mairie-vittel-carre.jpg\"><img decoding=\"async\" class=\"aligncenter size-large wp-image-30078\" src=\"https:\/\/vosgesinfo.fr\/app\/uploads\/sites\/2\/2025\/05\/mairie-vittel-carre-1024x1024.jpg\" alt=\"\" width=\"1024\" height=\"1024\" srcset=\"https:\/\/vosgesinfo.fr\/app\/uploads\/sites\/2\/2025\/05\/mairie-vittel-carre-1024x1024.jpg 1024w, https:\/\/vosgesinfo.fr\/app\/uploads\/sites\/2\/2025\/05\/mairie-vittel-carre-300x300.jpg 300w, https:\/\/vosgesinfo.fr\/app\/uploads\/sites\/2\/2025\/05\/mairie-vittel-carre-150x150.jpg 150w, https:\/\/vosgesinfo.fr\/app\/uploads\/sites\/2\/2025\/05\/mairie-vittel-carre-768x768.jpg 768w, https:\/\/vosgesinfo.fr\/app\/uploads\/sites\/2\/2025\/05\/mairie-vittel-carre-1536x1536.jpg 1536w, https:\/\/vosgesinfo.fr\/app\/uploads\/sites\/2\/2025\/05\/mairie-vittel-carre.jpg 1667w\" sizes=\"(max-width: 1024px) 100vw, 1024px\" \/><\/a><\/p>\n<p><span style=\"color: #080809;\"><span style=\"font-family: inherit, serif;\"><span style=\"font-size: medium;\"><b>Laissez-vous emporter par la puissance et la richesse des cuivres lors de ce rendez-vous musical incontournable organis\u00e9 par l\u2019\u00c9cole Municipale de Musique et Danse de Vittel !<\/b><\/span><\/span><\/span><\/p>\n<p>&nbsp;<\/p>\n<p><span style=\"color: #080809;\"><span style=\"font-family: inherit, serif;\"><span style=\"font-size: medium;\"><a href=\"https:\/\/vosgesinfo.fr\/app\/uploads\/sites\/2\/2025\/05\/mairie-vittel-visu-2.png\"><img decoding=\"async\" class=\"alignright size-medium wp-image-30080\" src=\"https:\/\/vosgesinfo.fr\/app\/uploads\/sites\/2\/2025\/05\/mairie-vittel-visu-2-300x275.png\" alt=\"\" width=\"300\" height=\"275\" srcset=\"https:\/\/vosgesinfo.fr\/app\/uploads\/sites\/2\/2025\/05\/mairie-vittel-visu-2-300x275.png 300w, https:\/\/vosgesinfo.fr\/app\/uploads\/sites\/2\/2025\/05\/mairie-vittel-visu-2-768x703.png 768w, https:\/\/vosgesinfo.fr\/app\/uploads\/sites\/2\/2025\/05\/mairie-vittel-visu-2.png 791w\" sizes=\"(max-width: 300px) 100vw, 300px\" \/><\/a>Au programme : fanfares de rue, ensembles d\u2019\u00e9coles de musique, big band, quatuor de cors, musiques actuelles, jazz, funk\u2026 Et ne manquez pas le concert du <\/span><\/span><\/span><a href=\"https:\/\/www.facebook.com\/KaktusGrooveBand?__cft__%5B0%5D=AZUdQdYJyZOL_L7quOJ_ZwJr0iAUG76ClIunN_zUntscIvGft3Gp5WdNCvFozVJpE5zVnbTix4NQCmJgh4ZQi0iYQD7wTQilQ6J0Tr6tZM2vF0iUDUqo2GV3X1bNrG1IegObys7EiDWMF7NGdO5PtZmCHOQDpCKdYJVxax0Ov6pa3Q&amp;__tn__=-%5DK-R\"><span style=\"color: #0064d1;\"><span style=\"font-family: inherit, serif;\"><span style=\"font-size: medium;\"><b>Kaktus Groove Band<\/b><\/span><\/span><\/span><\/a><span style=\"color: #080809;\"><span style=\"font-family: inherit, serif;\"><span style=\"font-size: medium;\">, un groupe qui vous fera d\u00e9couvrir une fusion unique de cuivres et de rythmes entra\u00eenants ! <\/span><\/span><\/span><\/p>\n<p><span style=\"color: #080809;\"><span style=\"font-family: inherit, serif;\"><span style=\"font-size: medium;\">Pour cl\u00f4turer ce week-end en beaut\u00e9, un concert exceptionnel du Brass Band de la <\/span><\/span><\/span><a href=\"https:\/\/www.facebook.com\/musiquedelair?__cft__%5B0%5D=AZUdQdYJyZOL_L7quOJ_ZwJr0iAUG76ClIunN_zUntscIvGft3Gp5WdNCvFozVJpE5zVnbTix4NQCmJgh4ZQi0iYQD7wTQilQ6J0Tr6tZM2vF0iUDUqo2GV3X1bNrG1IegObys7EiDWMF7NGdO5PtZmCHOQDpCKdYJVxax0Ov6pa3Q&amp;__tn__=-%5DK-R\"><span style=\"color: #0064d1;\"><span style=\"font-family: inherit, serif;\"><span style=\"font-size: medium;\"><b>Musique de l&rsquo;Air et de l&rsquo;Espace<\/b><\/span><\/span><\/span><\/a><\/p>\n<p><span style=\"color: #080809;\"><span style=\"font-family: inherit, serif;\"><span style=\"font-size: medium;\">Samedi dans le centre-ville et le parc thermal (repli \u00e0 l&rsquo;Espace Alhambra en cas de mauvais temps)<\/span><\/span><\/span><\/p>\n<p><span style=\"color: #080809;\"><span style=\"font-family: inherit, serif;\"><span style=\"font-size: medium;\">Dimanche au Palais des Congr\u00e8s et \u00e0 la chapelle Saint-Louis <\/span><\/span><\/span><\/p>\n<p><span style=\"color: #080809;\"><span style=\"font-family: inherit, serif;\"><span style=\"font-size: medium;\">Barbecue samedi soir \u00e0 la salle du Moulin (15 \u20ac, sur r\u00e9servation au 06 40 60 27 91).<\/span><\/span><\/span><\/p>\n<p><span style=\"color: #080809;\"><span style=\"font-family: inherit, serif;\"><span style=\"font-size: medium;\">Un festival pour petits et grands, m\u00e9lomanes ou simples curieux, \u00e0 ne pas manquer !<\/span><\/span><\/span><\/p>\n<p><span style=\"color: #080809;\"><span style=\"font-family: inherit, serif;\"><span style=\"font-size: medium;\">24 &amp; 25 mai \u2013 Vittel vibre au son des cuivres !<\/span><\/span><\/span><\/p>\n<p><b>https:\/\/www.ville-vittel.fr\/fr\/agenda.html<\/b><\/p>\n<p><a href=\"https:\/\/vosgesinfo.fr\/app\/uploads\/sites\/2\/2025\/05\/mairie-vittel-visu-3.png\"><img decoding=\"async\" class=\"aligncenter size-full wp-image-30079\" src=\"https:\/\/vosgesinfo.fr\/app\/uploads\/sites\/2\/2025\/05\/mairie-vittel-visu-3.png\" alt=\"\" width=\"793\" height=\"627\" srcset=\"https:\/\/vosgesinfo.fr\/app\/uploads\/sites\/2\/2025\/05\/mairie-vittel-visu-3.png 793w, https:\/\/vosgesinfo.fr\/app\/uploads\/sites\/2\/2025\/05\/mairie-vittel-visu-3-300x237.png 300w, https:\/\/vosgesinfo.fr\/app\/uploads\/sites\/2\/2025\/05\/mairie-vittel-visu-3-768x607.png 768w\" sizes=\"(max-width: 793px) 100vw, 793px\" \/><\/a><\/p>\n","protected":false},"excerpt":{"rendered":"<p>Laissez-vous emporter par la puissance et la richesse des cuivres lors de ce rendez-vous musical incontournable organis\u00e9 par l\u2019\u00c9cole Municipale [&hellip;]<\/p>\n","protected":false},"author":126,"featured_media":30079,"comment_status":"open","ping_status":"open","sticky":false,"template":"","format":"standard","meta":{"footnotes":""},"categories":[29,380,396,11,114,38],"tags":[4139],"class_list":["post-30077","post","type-post","status-publish","format-standard","has-post-thumbnail","hentry","category-a-la-une","category-la-plaine-des-vosges","category-publi-reportage","category-publi-repostage","category-publireportage","category-vittel-la-plaine","tag-masters-cuivres"],"acf":[],"yoast_head":"<!-- This site is optimized with the Yoast SEO plugin v22.5 - https:\/\/yoast.com\/wordpress\/plugins\/seo\/ -->\n<title>FESTIVAL MASTERS CUIVRES 2025 - La Plaine des Vosges<\/title>\n<meta name=\"robots\" content=\"index, follow, max-snippet:-1, max-image-preview:large, max-video-preview:-1\" \/>\n<link rel=\"canonical\" href=\"https:\/\/vosgesinfo.fr\/laplainedesvosgesinfo\/2025\/05\/festival-masters-cuivres-2025\/\" \/>\n<meta name=\"twitter:card\" content=\"summary_large_image\" \/>\n<meta name=\"twitter:title\" content=\"FESTIVAL MASTERS CUIVRES 2025 - La Plaine des Vosges\" \/>\n<meta name=\"twitter:description\" content=\"Laissez-vous emporter par la puissance et la richesse des cuivres lors de ce rendez-vous musical incontournable organis\u00e9 par l\u2019\u00c9cole Municipale [&hellip;]\" \/>\n<meta name=\"twitter:image\" content=\"https:\/\/vosgesinfo.fr\/app\/uploads\/sites\/2\/2025\/05\/mairie-vittel-visu-3.png\" \/>\n<meta name=\"twitter:creator\" content=\"@VosgesInfo88\" \/>\n<meta name=\"twitter:site\" content=\"@VosgesInfo88\" \/>\n<meta name=\"twitter:label1\" content=\"\u00c9crit par\" \/>\n\t<meta name=\"twitter:data1\" content=\"La R\u00e9daction\" \/>\n\t<meta name=\"twitter:label2\" content=\"Dur\u00e9e de lecture estim\u00e9e\" \/>\n\t<meta name=\"twitter:data2\" content=\"2 minutes\" \/>\n<script type=\"application\/ld+json\" class=\"yoast-schema-graph\">{\"@context\":\"https:\/\/schema.org\",\"@graph\":[{\"@type\":\"Article\",\"@id\":\"https:\/\/vosgesinfo.fr\/laplainedesvosgesinfo\/2025\/05\/festival-masters-cuivres-2025\/#article\",\"isPartOf\":{\"@id\":\"https:\/\/vosgesinfo.fr\/laplainedesvosgesinfo\/2025\/05\/festival-masters-cuivres-2025\/\"},\"author\":{\"name\":\"La R\u00e9daction\",\"@id\":\"https:\/\/vosgesinfo.fr\/laplainedesvosgesinfo\/#\/schema\/person\/db412391f749f1ee67e177e1dc017316\"},\"headline\":\"FESTIVAL MASTERS CUIVRES 2025\",\"datePublished\":\"2025-05-19T16:34:45+00:00\",\"dateModified\":\"2025-05-19T16:17:00+00:00\",\"mainEntityOfPage\":{\"@id\":\"https:\/\/vosgesinfo.fr\/laplainedesvosgesinfo\/2025\/05\/festival-masters-cuivres-2025\/\"},\"wordCount\":167,\"commentCount\":0,\"publisher\":{\"@id\":\"https:\/\/vosgesinfo.fr\/laplainedesvosgesinfo\/#organization\"},\"image\":{\"@id\":\"https:\/\/vosgesinfo.fr\/laplainedesvosgesinfo\/2025\/05\/festival-masters-cuivres-2025\/#primaryimage\"},\"thumbnailUrl\":\"https:\/\/vosgesinfo.fr\/app\/uploads\/sites\/2\/2025\/05\/mairie-vittel-visu-3.png\",\"keywords\":[\"Masters Cuivres\"],\"articleSection\":[\"A la Une\",\"La plaine des vosges\",\"Publi-reportage\",\"Publi-repostage\",\"Publireportage\",\"Vittel\"],\"inLanguage\":\"fr-FR\",\"potentialAction\":[{\"@type\":\"CommentAction\",\"name\":\"Comment\",\"target\":[\"https:\/\/vosgesinfo.fr\/laplainedesvosgesinfo\/2025\/05\/festival-masters-cuivres-2025\/#respond\"]}]},{\"@type\":\"WebPage\",\"@id\":\"https:\/\/vosgesinfo.fr\/laplainedesvosgesinfo\/2025\/05\/festival-masters-cuivres-2025\/\",\"url\":\"https:\/\/vosgesinfo.fr\/laplainedesvosgesinfo\/2025\/05\/festival-masters-cuivres-2025\/\",\"name\":\"FESTIVAL MASTERS CUIVRES 2025 - La Plaine des Vosges\",\"isPartOf\":{\"@id\":\"https:\/\/vosgesinfo.fr\/laplainedesvosgesinfo\/#website\"},\"primaryImageOfPage\":{\"@id\":\"https:\/\/vosgesinfo.fr\/laplainedesvosgesinfo\/2025\/05\/festival-masters-cuivres-2025\/#primaryimage\"},\"image\":{\"@id\":\"https:\/\/vosgesinfo.fr\/laplainedesvosgesinfo\/2025\/05\/festival-masters-cuivres-2025\/#primaryimage\"},\"thumbnailUrl\":\"https:\/\/vosgesinfo.fr\/app\/uploads\/sites\/2\/2025\/05\/mairie-vittel-visu-3.png\",\"datePublished\":\"2025-05-19T16:34:45+00:00\",\"dateModified\":\"2025-05-19T16:17:00+00:00\",\"breadcrumb\":{\"@id\":\"https:\/\/vosgesinfo.fr\/laplainedesvosgesinfo\/2025\/05\/festival-masters-cuivres-2025\/#breadcrumb\"},\"inLanguage\":\"fr-FR\",\"potentialAction\":[{\"@type\":\"ReadAction\",\"target\":[\"https:\/\/vosgesinfo.fr\/laplainedesvosgesinfo\/2025\/05\/festival-masters-cuivres-2025\/\"]}]},{\"@type\":\"ImageObject\",\"inLanguage\":\"fr-FR\",\"@id\":\"https:\/\/vosgesinfo.fr\/laplainedesvosgesinfo\/2025\/05\/festival-masters-cuivres-2025\/#primaryimage\",\"url\":\"https:\/\/vosgesinfo.fr\/app\/uploads\/sites\/2\/2025\/05\/mairie-vittel-visu-3.png\",\"contentUrl\":\"https:\/\/vosgesinfo.fr\/app\/uploads\/sites\/2\/2025\/05\/mairie-vittel-visu-3.png\",\"width\":793,\"height\":627},{\"@type\":\"BreadcrumbList\",\"@id\":\"https:\/\/vosgesinfo.fr\/laplainedesvosgesinfo\/2025\/05\/festival-masters-cuivres-2025\/#breadcrumb\",\"itemListElement\":[{\"@type\":\"ListItem\",\"position\":1,\"name\":\"Home\",\"item\":\"https:\/\/vosgesinfo.fr\/laplainedesvosgesinfo\/\"},{\"@type\":\"ListItem\",\"position\":2,\"name\":\"FESTIVAL MASTERS CUIVRES 2025\"}]},{\"@type\":\"WebSite\",\"@id\":\"https:\/\/vosgesinfo.fr\/laplainedesvosgesinfo\/#website\",\"url\":\"https:\/\/vosgesinfo.fr\/laplainedesvosgesinfo\/\",\"name\":\"La Plaine des Vosges\",\"description\":\"Toute l&#039;actualit\u00e9 de la plaine de Vosges\",\"publisher\":{\"@id\":\"https:\/\/vosgesinfo.fr\/laplainedesvosgesinfo\/#organization\"},\"alternateName\":\"Toute l'actualit\u00e9 de la plaine des Vosges\",\"potentialAction\":[{\"@type\":\"SearchAction\",\"target\":{\"@type\":\"EntryPoint\",\"urlTemplate\":\"https:\/\/vosgesinfo.fr\/laplainedesvosgesinfo\/?s={search_term_string}\"},\"query-input\":\"required name=search_term_string\"}],\"inLanguage\":\"fr-FR\"},{\"@type\":\"Organization\",\"@id\":\"https:\/\/vosgesinfo.fr\/laplainedesvosgesinfo\/#organization\",\"name\":\"La Plaine des Vosges\",\"url\":\"https:\/\/vosgesinfo.fr\/laplainedesvosgesinfo\/\",\"logo\":{\"@type\":\"ImageObject\",\"inLanguage\":\"fr-FR\",\"@id\":\"https:\/\/vosgesinfo.fr\/laplainedesvosgesinfo\/#\/schema\/logo\/image\/\",\"url\":\"https:\/\/vosgesinfo.fr\/app\/uploads\/sites\/2\/2023\/08\/logo-laplaineinfo.svg\",\"contentUrl\":\"https:\/\/vosgesinfo.fr\/app\/uploads\/sites\/2\/2023\/08\/logo-laplaineinfo.svg\",\"width\":1,\"height\":1,\"caption\":\"La Plaine des Vosges\"},\"image\":{\"@id\":\"https:\/\/vosgesinfo.fr\/laplainedesvosgesinfo\/#\/schema\/logo\/image\/\"},\"sameAs\":[\"https:\/\/www.facebook.com\/laplainedesvosges\",\"https:\/\/x.com\/VosgesInfo88\",\"https:\/\/www.youtube.com\/@vosgesinfo\"]},{\"@type\":\"Person\",\"@id\":\"https:\/\/vosgesinfo.fr\/laplainedesvosgesinfo\/#\/schema\/person\/db412391f749f1ee67e177e1dc017316\",\"name\":\"La R\u00e9daction\",\"image\":{\"@type\":\"ImageObject\",\"inLanguage\":\"fr-FR\",\"@id\":\"https:\/\/vosgesinfo.fr\/laplainedesvosgesinfo\/#\/schema\/person\/image\/\",\"url\":\"https:\/\/secure.gravatar.com\/avatar\/d10cfbea47ec464014dd9e55d3c353f7c4017b65068eb823d0882be0ff3b0ff6?s=96&d=mm&r=g\",\"contentUrl\":\"https:\/\/secure.gravatar.com\/avatar\/d10cfbea47ec464014dd9e55d3c353f7c4017b65068eb823d0882be0ff3b0ff6?s=96&d=mm&r=g\",\"caption\":\"La R\u00e9daction\"},\"url\":\"https:\/\/vosgesinfo.fr\/laplainedesvosgesinfo\/author\/redaction\/\"}]}<\/script>\n<!-- \/ Yoast SEO plugin. -->","yoast_head_json":{"title":"FESTIVAL MASTERS CUIVRES 2025 - La Plaine des Vosges","robots":{"index":"index","follow":"follow","max-snippet":"max-snippet:-1","max-image-preview":"max-image-preview:large","max-video-preview":"max-video-preview:-1"},"canonical":"https:\/\/vosgesinfo.fr\/laplainedesvosgesinfo\/2025\/05\/festival-masters-cuivres-2025\/","twitter_card":"summary_large_image","twitter_title":"FESTIVAL MASTERS CUIVRES 2025 - La Plaine des Vosges","twitter_description":"Laissez-vous emporter par la puissance et la richesse des cuivres lors de ce rendez-vous musical incontournable organis\u00e9 par l\u2019\u00c9cole Municipale [&hellip;]","twitter_image":"https:\/\/vosgesinfo.fr\/app\/uploads\/sites\/2\/2025\/05\/mairie-vittel-visu-3.png","twitter_creator":"@VosgesInfo88","twitter_site":"@VosgesInfo88","twitter_misc":{"\u00c9crit par":"La R\u00e9daction","Dur\u00e9e de lecture estim\u00e9e":"2 minutes"},"schema":{"@context":"https:\/\/schema.org","@graph":[{"@type":"Article","@id":"https:\/\/vosgesinfo.fr\/laplainedesvosgesinfo\/2025\/05\/festival-masters-cuivres-2025\/#article","isPartOf":{"@id":"https:\/\/vosgesinfo.fr\/laplainedesvosgesinfo\/2025\/05\/festival-masters-cuivres-2025\/"},"author":{"name":"La R\u00e9daction","@id":"https:\/\/vosgesinfo.fr\/laplainedesvosgesinfo\/#\/schema\/person\/db412391f749f1ee67e177e1dc017316"},"headline":"FESTIVAL MASTERS CUIVRES 2025","datePublished":"2025-05-19T16:34:45+00:00","dateModified":"2025-05-19T16:17:00+00:00","mainEntityOfPage":{"@id":"https:\/\/vosgesinfo.fr\/laplainedesvosgesinfo\/2025\/05\/festival-masters-cuivres-2025\/"},"wordCount":167,"commentCount":0,"publisher":{"@id":"https:\/\/vosgesinfo.fr\/laplainedesvosgesinfo\/#organization"},"image":{"@id":"https:\/\/vosgesinfo.fr\/laplainedesvosgesinfo\/2025\/05\/festival-masters-cuivres-2025\/#primaryimage"},"thumbnailUrl":"https:\/\/vosgesinfo.fr\/app\/uploads\/sites\/2\/2025\/05\/mairie-vittel-visu-3.png","keywords":["Masters Cuivres"],"articleSection":["A la Une","La plaine des vosges","Publi-reportage","Publi-repostage","Publireportage","Vittel"],"inLanguage":"fr-FR","potentialAction":[{"@type":"CommentAction","name":"Comment","target":["https:\/\/vosgesinfo.fr\/laplainedesvosgesinfo\/2025\/05\/festival-masters-cuivres-2025\/#respond"]}]},{"@type":"WebPage","@id":"https:\/\/vosgesinfo.fr\/laplainedesvosgesinfo\/2025\/05\/festival-masters-cuivres-2025\/","url":"https:\/\/vosgesinfo.fr\/laplainedesvosgesinfo\/2025\/05\/festival-masters-cuivres-2025\/","name":"FESTIVAL MASTERS CUIVRES 2025 - La Plaine des Vosges","isPartOf":{"@id":"https:\/\/vosgesinfo.fr\/laplainedesvosgesinfo\/#website"},"primaryImageOfPage":{"@id":"https:\/\/vosgesinfo.fr\/laplainedesvosgesinfo\/2025\/05\/festival-masters-cuivres-2025\/#primaryimage"},"image":{"@id":"https:\/\/vosgesinfo.fr\/laplainedesvosgesinfo\/2025\/05\/festival-masters-cuivres-2025\/#primaryimage"},"thumbnailUrl":"https:\/\/vosgesinfo.fr\/app\/uploads\/sites\/2\/2025\/05\/mairie-vittel-visu-3.png","datePublished":"2025-05-19T16:34:45+00:00","dateModified":"2025-05-19T16:17:00+00:00","breadcrumb":{"@id":"https:\/\/vosgesinfo.fr\/laplainedesvosgesinfo\/2025\/05\/festival-masters-cuivres-2025\/#breadcrumb"},"inLanguage":"fr-FR","potentialAction":[{"@type":"ReadAction","target":["https:\/\/vosgesinfo.fr\/laplainedesvosgesinfo\/2025\/05\/festival-masters-cuivres-2025\/"]}]},{"@type":"ImageObject","inLanguage":"fr-FR","@id":"https:\/\/vosgesinfo.fr\/laplainedesvosgesinfo\/2025\/05\/festival-masters-cuivres-2025\/#primaryimage","url":"https:\/\/vosgesinfo.fr\/app\/uploads\/sites\/2\/2025\/05\/mairie-vittel-visu-3.png","contentUrl":"https:\/\/vosgesinfo.fr\/app\/uploads\/sites\/2\/2025\/05\/mairie-vittel-visu-3.png","width":793,"height":627},{"@type":"BreadcrumbList","@id":"https:\/\/vosgesinfo.fr\/laplainedesvosgesinfo\/2025\/05\/festival-masters-cuivres-2025\/#breadcrumb","itemListElement":[{"@type":"ListItem","position":1,"name":"Home","item":"https:\/\/vosgesinfo.fr\/laplainedesvosgesinfo\/"},{"@type":"ListItem","position":2,"name":"FESTIVAL MASTERS CUIVRES 2025"}]},{"@type":"WebSite","@id":"https:\/\/vosgesinfo.fr\/laplainedesvosgesinfo\/#website","url":"https:\/\/vosgesinfo.fr\/laplainedesvosgesinfo\/","name":"La Plaine des Vosges","description":"Toute l&#039;actualit\u00e9 de la plaine de Vosges","publisher":{"@id":"https:\/\/vosgesinfo.fr\/laplainedesvosgesinfo\/#organization"},"alternateName":"Toute l'actualit\u00e9 de la plaine des Vosges","potentialAction":[{"@type":"SearchAction","target":{"@type":"EntryPoint","urlTemplate":"https:\/\/vosgesinfo.fr\/laplainedesvosgesinfo\/?s={search_term_string}"},"query-input":"required name=search_term_string"}],"inLanguage":"fr-FR"},{"@type":"Organization","@id":"https:\/\/vosgesinfo.fr\/laplainedesvosgesinfo\/#organization","name":"La Plaine des Vosges","url":"https:\/\/vosgesinfo.fr\/laplainedesvosgesinfo\/","logo":{"@type":"ImageObject","inLanguage":"fr-FR","@id":"https:\/\/vosgesinfo.fr\/laplainedesvosgesinfo\/#\/schema\/logo\/image\/","url":"https:\/\/vosgesinfo.fr\/app\/uploads\/sites\/2\/2023\/08\/logo-laplaineinfo.svg","contentUrl":"https:\/\/vosgesinfo.fr\/app\/uploads\/sites\/2\/2023\/08\/logo-laplaineinfo.svg","width":1,"height":1,"caption":"La Plaine des Vosges"},"image":{"@id":"https:\/\/vosgesinfo.fr\/laplainedesvosgesinfo\/#\/schema\/logo\/image\/"},"sameAs":["https:\/\/www.facebook.com\/laplainedesvosges","https:\/\/x.com\/VosgesInfo88","https:\/\/www.youtube.com\/@vosgesinfo"]},{"@type":"Person","@id":"https:\/\/vosgesinfo.fr\/laplainedesvosgesinfo\/#\/schema\/person\/db412391f749f1ee67e177e1dc017316","name":"La R\u00e9daction","image":{"@type":"ImageObject","inLanguage":"fr-FR","@id":"https:\/\/vosgesinfo.fr\/laplainedesvosgesinfo\/#\/schema\/person\/image\/","url":"https:\/\/secure.gravatar.com\/avatar\/d10cfbea47ec464014dd9e55d3c353f7c4017b65068eb823d0882be0ff3b0ff6?s=96&d=mm&r=g","contentUrl":"https:\/\/secure.gravatar.com\/avatar\/d10cfbea47ec464014dd9e55d3c353f7c4017b65068eb823d0882be0ff3b0ff6?s=96&d=mm&r=g","caption":"La R\u00e9daction"},"url":"https:\/\/vosgesinfo.fr\/laplainedesvosgesinfo\/author\/redaction\/"}]}},"_links":{"self":[{"href":"https:\/\/vosgesinfo.fr\/laplainedesvosgesinfo\/wp-json\/wp\/v2\/posts\/30077","targetHints":{"allow":["GET"]}}],"collection":[{"href":"https:\/\/vosgesinfo.fr\/laplainedesvosgesinfo\/wp-json\/wp\/v2\/posts"}],"about":[{"href":"https:\/\/vosgesinfo.fr\/laplainedesvosgesinfo\/wp-json\/wp\/v2\/types\/post"}],"author":[{"embeddable":true,"href":"https:\/\/vosgesinfo.fr\/laplainedesvosgesinfo\/wp-json\/wp\/v2\/users\/126"}],"replies":[{"embeddable":true,"href":"https:\/\/vosgesinfo.fr\/laplainedesvosgesinfo\/wp-json\/wp\/v2\/comments?post=30077"}],"version-history":[{"count":1,"href":"https:\/\/vosgesinfo.fr\/laplainedesvosgesinfo\/wp-json\/wp\/v2\/posts\/30077\/revisions"}],"predecessor-version":[{"id":30081,"href":"https:\/\/vosgesinfo.fr\/laplainedesvosgesinfo\/wp-json\/wp\/v2\/posts\/30077\/revisions\/30081"}],"wp:featuredmedia":[{"embeddable":true,"href":"https:\/\/vosgesinfo.fr\/laplainedesvosgesinfo\/wp-json\/wp\/v2\/media\/30079"}],"wp:attachment":[{"href":"https:\/\/vosgesinfo.fr\/laplainedesvosgesinfo\/wp-json\/wp\/v2\/media?parent=30077"}],"wp:term":[{"taxonomy":"category","embeddable":true,"href":"https:\/\/vosgesinfo.fr\/laplainedesvosgesinfo\/wp-json\/wp\/v2\/categories?post=30077"},{"taxonomy":"post_tag","embeddable":true,"href":"https:\/\/vosgesinfo.fr\/laplainedesvosgesinfo\/wp-json\/wp\/v2\/tags?post=30077"}],"curies":[{"name":"wp","href":"https:\/\/api.w.org\/{rel}","templated":true}]}}