{"id":30113,"date":"2025-05-22T19:29:29","date_gmt":"2025-05-22T17:29:29","guid":{"rendered":"https:\/\/vosgesinfo.fr\/laplainedesvosgesinfo\/?p=30113"},"modified":"2025-05-22T19:29:29","modified_gmt":"2025-05-22T17:29:29","slug":"rdv-cma-reussir-avec-le-numerique-du-2-au-6-juin-prochains","status":"publish","type":"post","link":"https:\/\/vosgesinfo.fr\/laplainedesvosgesinfo\/2025\/05\/rdv-cma-reussir-avec-le-numerique-du-2-au-6-juin-prochains\/","title":{"rendered":"RDV CMA &#8211; R\u00e9ussir avec le num\u00e9rique &#8211; du 2 au 6 juin prochains."},"content":{"rendered":"<p><a href=\"https:\/\/vosgesinfo.fr\/app\/uploads\/sites\/3\/2025\/05\/screenshot-2025-05-22-at-18-53-25-les-rdv-cma-reussir-avec-le-numerique-cma-grand-est.png\"><img decoding=\"async\" class=\"aligncenter size-large wp-image-132241\" src=\"https:\/\/vosgesinfo.fr\/app\/uploads\/sites\/3\/2025\/05\/screenshot-2025-05-22-at-18-53-25-les-rdv-cma-reussir-avec-le-numerique-cma-grand-est-1024x525.png\" alt=\"\" width=\"1024\" height=\"525\" \/><\/a><\/p>\n<p>Du 2 au 6 juin 2025 : la CMA lance une semaine d\u00e9di\u00e9e au d\u00e9veloppement par le num\u00e9rique. La Chambre de M\u00e9tiers et de l\u2019Artisanat Grand Est d\u00e9ploie une semaine d\u00e9di\u00e9e \u00e0 la transition digitale \u00e0 travers ses RDV CMA | R\u00e9ussir avec le num\u00e9rique. Au programme : webinaires, ateliers de coaching,d\u00e9monstrations et conf\u00e9rences en ligne. Cette initiative vise \u00e0 aider les artisans et entrepreneurs \u00e0 s\u2019approprier les outils num\u00e9riques pour renforcer leur activit\u00e9, gagner en visibilit\u00e9 et anticiper les \u00e9volutions du secteur.<\/p>\n<p><a href=\"https:\/\/www.rdvcma-numerique.fr\/\">https:\/\/www.rdvcma-numerique.fr\/<\/a><\/p>\n<p><strong>La CMA Grand Est comme appui au num\u00e9rique<\/strong><\/p>\n<p data-pm-slice=\"1 1 []\">Acteur majeur de la transformation num\u00e9rique des artisans, la CMA Grand Est organise les RDV CMA | R\u00e9ussir avec le num\u00e9rique, v\u00e9ritable temps fort pour guider les artisans et entrepreneurs dans l\u2019\u00e9volution de leurs pratiques. L\u2019enjeu : leur permettre de mieux appr\u00e9hender les nouvelles exigences digitales, de s\u00e9curiser leurs d\u00e9marches et d\u2019adopter les bons outils pour un d\u00e9veloppement p\u00e9renne.<\/p>\n<p data-pm-slice=\"1 1 []\">Cette semaine vise \u00e9galement \u00e0 faire d\u00e9couvrir l\u2019offre de services de la CMA, con\u00e7ue pour accompagner efficacement les professionnels dans chaque \u00e9tape de leur transition num\u00e9rique.<\/p>\n<p data-pm-slice=\"1 1 []\"><strong>Gauthier Ruspini<\/strong>, responsable du p\u00f4le num\u00e9rique \u00e0 la CMA Grand Est, souligne : \u00ab L&rsquo;IA et le num\u00e9rique ouvrent des perspectives incroyables, \u00e0 condition d\u2019avoir un cap pr\u00e9cis.\u00a0\u00bb \u00catre accompagn\u00e9 permet de fixer ces objectifs et d\u2019utiliser l\u2019outil de mani\u00e8re optimale, au service de sa strat\u00e9gie.\u00a0\u00bb<\/p>\n<p data-pm-slice=\"1 1 []\"><strong>Ateliers de coaching<\/strong><\/p>\n<p data-pm-slice=\"1 1 []\">Des ateliers en pr\u00e9sentiel avec nos conseillers, articul\u00e9s autour de l\u2019IA, pour en faire un outil accessible et pour apprendre \u00e0 l\u2019utiliser efficacement. Ces ateliers permettent de poser librement des questions et de recevoir des conseils personnalis\u00e9s.<\/p>\n<p data-pm-slice=\"1 1 []\"><strong>Webinaires<\/strong><\/p>\n<p data-pm-slice=\"1 1 []\">La CMA Grand Est propose des webinaires qui abordent de nombreux aspects du digital, tels que l\u2019e-commerce, le num\u00e9rique responsable ou encore le r\u00e9f\u00e9rencement naturel.<\/p>\n<p data-pm-slice=\"1 1 []\"><strong>D\u00e9monstrations<\/strong><\/p>\n<p data-pm-slice=\"1 1 []\">Les d\u00e9monstrations permettent de comprendre de fa\u00e7on claire et simplifi\u00e9e comment utiliser les outils num\u00e9riques tels que Canva ou l\u2019IA.<\/p>\n<p data-pm-slice=\"1 1 []\"><strong>Conf\u00e9rence en ligne avec Yann Cardona<\/strong><\/p>\n<p data-pm-slice=\"1 1 []\">Un expert parlera de son exp\u00e9rience avec les r\u00e9seaux sociaux et de leur importance dans son parcours professionnel. Il saura expliquer comment il a boost\u00e9 son activit\u00e9 artisanale avec ces plateformes.<\/p>\n<p><strong>Nouveaut\u00e9<\/strong><\/p>\n<p>La CMA Grand Est propose d\u00e9sormais la cr\u00e9ation d\u2019un site internet 100 % personnalis\u00e9. Ce site peut \u00eatre sous un format de \u201csite vitrine\u201d ou de \u201csite e-commerce\u201d. L\u2019objectif : simplifier la prise de contact et le parcours d\u2019achat.<\/p>\n<p><strong>Les rendez-vous au programme :<\/strong><\/p>\n<p>Lundi 2 juin :Atelier coaching sur l\u2019IA par un conseiller CMAWebinaire sur YouTube par les \u00e9quipes Google ; Webinaire sur l\u2019E-Commerce par un conseiller CMA<\/p>\n<p>Mardi 3 juin :Webinaire sur le Num\u00e9rique Responsable par Orange ; D\u00e9monstration pour publier avec l\u2019IA par un conseiller CMAInterview sur les r\u00e9seaux sociaux par Yann Cardona<\/p>\n<p>Mercredi 4 juin :Webinaire sur le R\u00e9f\u00e9rencement Naturel par un conseiller CMAD\u00e9monstration pour la gestion des mots de passe par un conseiller CMA<\/p>\n<p>Jeudi 5 juin :Webinaire sur la Photographie par la F\u00e9d\u00e9ration fran\u00e7aise de la photographie et des m\u00e9tiers de l&rsquo;image (FFPMI) ; D\u00e9monstration pour utiliser Canva par un conseiller CMAWebinaire sur l\u2019Encaissement avec le T\u00e9l\u00e9phone par la la Banque Populaire d\u2019Alsace Lorraine Champagne (BPALC)<\/p>\n<p>Vendredi 6 juin : Atelier coaching sur l\u2019IA par un conseiller CMA Webinaire sur la Facturation Electronique par la Direction G\u00e9n\u00e9rale des Finances Publiques (DGFiP)<\/p>\n<p><strong>Partenariats et engagement<\/strong><\/p>\n<p>La CMA Grand Est, en partenariat avec Orange, soutient la transformation digitale des artisans et entrepreneurs, en offrant une remise de 30 % sur une s\u00e9lection de services pour les entreprises ayant moins de 24 mois d\u2019existence.Ce partenariat inclut \u00e9galement le programme RE d\u2019Orange, ax\u00e9 sur le recyclage des t\u00e9l\u00e9phones et la sensibilisation aux impacts environnementaux li\u00e9s \u00e0 leur fabrication. Par ailleurs, une convention avec Google sera sign\u00e9e pour sensibiliser aux fondamentaux du marketing digital et \u00e0 l\u2019utilisation de l\u2019intelligence artificielle.<\/p>\n<p><strong>Jeu concours<\/strong><\/p>\n<p>La CMA propose, \u00e0 travers un jeu-concours, de remporter un ensemble d\u2019avantages afin d\u2019accompagner les professionnels dans leur transition digitale. \u00c0 cette occasion, les artisans et entrepreneurs ont la possibilit\u00e9 de gagner un site vitrine personnalis\u00e9, des rendez-vous conseils, ou encore des ateliers coaching. Divers \u00e9quipements utiles au quotidien, tels que des \u00e9couteurs sans fil, des batteries externes ou encore des porte-cl\u00e9s multic\u00e2bles figurent parmi les lots. C\u2019est simple, rapide et enti\u00e8rement en ligne.<\/p>\n","protected":false},"excerpt":{"rendered":"<p>Du 2 au 6 juin 2025 : la CMA lance une semaine d\u00e9di\u00e9e au d\u00e9veloppement par le num\u00e9rique. La Chambre [&hellip;]<\/p>\n","protected":false},"author":391,"featured_media":0,"comment_status":"open","ping_status":"open","sticky":false,"template":"","format":"standard","meta":{"footnotes":""},"categories":[29,5,383,380],"tags":[8484],"class_list":["post-30113","post","type-post","status-publish","format-standard","hentry","category-a-la-une","category-economie","category-epinal","category-la-plaine-des-vosges","tag-cma-grand-est"],"acf":[],"yoast_head":"<!-- This site is optimized with the Yoast SEO plugin v22.5 - https:\/\/yoast.com\/wordpress\/plugins\/seo\/ -->\n<title>RDV CMA - R\u00e9ussir avec le num\u00e9rique - du 2 au 6 juin prochains. - La Plaine des Vosges<\/title>\n<meta name=\"robots\" content=\"index, follow, max-snippet:-1, max-image-preview:large, max-video-preview:-1\" \/>\n<link rel=\"canonical\" href=\"https:\/\/vosgesinfo.fr\/laplainedesvosgesinfo\/2025\/05\/rdv-cma-reussir-avec-le-numerique-du-2-au-6-juin-prochains\/\" \/>\n<meta name=\"twitter:card\" content=\"summary_large_image\" \/>\n<meta name=\"twitter:title\" content=\"RDV CMA - R\u00e9ussir avec le num\u00e9rique - du 2 au 6 juin prochains. - La Plaine des Vosges\" \/>\n<meta name=\"twitter:description\" content=\"Du 2 au 6 juin 2025 : la CMA lance une semaine d\u00e9di\u00e9e au d\u00e9veloppement par le num\u00e9rique. La Chambre [&hellip;]\" \/>\n<meta name=\"twitter:image\" content=\"https:\/\/vosgesinfo.fr\/app\/uploads\/sites\/3\/2025\/05\/screenshot-2025-05-22-at-18-53-25-les-rdv-cma-reussir-avec-le-numerique-cma-grand-est-1024x525.png\" \/>\n<meta name=\"twitter:creator\" content=\"@VosgesInfo88\" \/>\n<meta name=\"twitter:site\" content=\"@VosgesInfo88\" \/>\n<meta name=\"twitter:label1\" content=\"\u00c9crit par\" \/>\n\t<meta name=\"twitter:data1\" content=\"La redaction\" \/>\n\t<meta name=\"twitter:label2\" content=\"Dur\u00e9e de lecture estim\u00e9e\" \/>\n\t<meta name=\"twitter:data2\" content=\"4 minutes\" \/>\n<script type=\"application\/ld+json\" class=\"yoast-schema-graph\">{\"@context\":\"https:\/\/schema.org\",\"@graph\":[{\"@type\":\"Article\",\"@id\":\"https:\/\/vosgesinfo.fr\/laplainedesvosgesinfo\/2025\/05\/rdv-cma-reussir-avec-le-numerique-du-2-au-6-juin-prochains\/#article\",\"isPartOf\":{\"@id\":\"https:\/\/vosgesinfo.fr\/laplainedesvosgesinfo\/2025\/05\/rdv-cma-reussir-avec-le-numerique-du-2-au-6-juin-prochains\/\"},\"author\":{\"name\":\"La redaction\",\"@id\":\"https:\/\/vosgesinfo.fr\/laplainedesvosgesinfo\/#\/schema\/person\/27a3695b06db98895b354c0765cdfc31\"},\"headline\":\"RDV CMA &#8211; R\u00e9ussir avec le num\u00e9rique &#8211; du 2 au 6 juin prochains.\",\"datePublished\":\"2025-05-22T17:29:29+00:00\",\"dateModified\":\"2025-05-22T17:29:29+00:00\",\"mainEntityOfPage\":{\"@id\":\"https:\/\/vosgesinfo.fr\/laplainedesvosgesinfo\/2025\/05\/rdv-cma-reussir-avec-le-numerique-du-2-au-6-juin-prochains\/\"},\"wordCount\":778,\"commentCount\":0,\"publisher\":{\"@id\":\"https:\/\/vosgesinfo.fr\/laplainedesvosgesinfo\/#organization\"},\"image\":{\"@id\":\"https:\/\/vosgesinfo.fr\/laplainedesvosgesinfo\/2025\/05\/rdv-cma-reussir-avec-le-numerique-du-2-au-6-juin-prochains\/#primaryimage\"},\"thumbnailUrl\":\"https:\/\/vosgesinfo.fr\/app\/uploads\/sites\/3\/2025\/05\/screenshot-2025-05-22-at-18-53-25-les-rdv-cma-reussir-avec-le-numerique-cma-grand-est-1024x525.png\",\"keywords\":[\"CMA Grand Est\"],\"articleSection\":[\"A la Une\",\"\u00c9conomie\",\"Epinal\",\"La plaine des vosges\"],\"inLanguage\":\"fr-FR\",\"potentialAction\":[{\"@type\":\"CommentAction\",\"name\":\"Comment\",\"target\":[\"https:\/\/vosgesinfo.fr\/laplainedesvosgesinfo\/2025\/05\/rdv-cma-reussir-avec-le-numerique-du-2-au-6-juin-prochains\/#respond\"]}]},{\"@type\":\"WebPage\",\"@id\":\"https:\/\/vosgesinfo.fr\/laplainedesvosgesinfo\/2025\/05\/rdv-cma-reussir-avec-le-numerique-du-2-au-6-juin-prochains\/\",\"url\":\"https:\/\/vosgesinfo.fr\/laplainedesvosgesinfo\/2025\/05\/rdv-cma-reussir-avec-le-numerique-du-2-au-6-juin-prochains\/\",\"name\":\"RDV CMA - R\u00e9ussir avec le num\u00e9rique - du 2 au 6 juin prochains. - La Plaine des Vosges\",\"isPartOf\":{\"@id\":\"https:\/\/vosgesinfo.fr\/laplainedesvosgesinfo\/#website\"},\"primaryImageOfPage\":{\"@id\":\"https:\/\/vosgesinfo.fr\/laplainedesvosgesinfo\/2025\/05\/rdv-cma-reussir-avec-le-numerique-du-2-au-6-juin-prochains\/#primaryimage\"},\"image\":{\"@id\":\"https:\/\/vosgesinfo.fr\/laplainedesvosgesinfo\/2025\/05\/rdv-cma-reussir-avec-le-numerique-du-2-au-6-juin-prochains\/#primaryimage\"},\"thumbnailUrl\":\"https:\/\/vosgesinfo.fr\/app\/uploads\/sites\/3\/2025\/05\/screenshot-2025-05-22-at-18-53-25-les-rdv-cma-reussir-avec-le-numerique-cma-grand-est-1024x525.png\",\"datePublished\":\"2025-05-22T17:29:29+00:00\",\"dateModified\":\"2025-05-22T17:29:29+00:00\",\"breadcrumb\":{\"@id\":\"https:\/\/vosgesinfo.fr\/laplainedesvosgesinfo\/2025\/05\/rdv-cma-reussir-avec-le-numerique-du-2-au-6-juin-prochains\/#breadcrumb\"},\"inLanguage\":\"fr-FR\",\"potentialAction\":[{\"@type\":\"ReadAction\",\"target\":[\"https:\/\/vosgesinfo.fr\/laplainedesvosgesinfo\/2025\/05\/rdv-cma-reussir-avec-le-numerique-du-2-au-6-juin-prochains\/\"]}]},{\"@type\":\"ImageObject\",\"inLanguage\":\"fr-FR\",\"@id\":\"https:\/\/vosgesinfo.fr\/laplainedesvosgesinfo\/2025\/05\/rdv-cma-reussir-avec-le-numerique-du-2-au-6-juin-prochains\/#primaryimage\",\"url\":\"https:\/\/vosgesinfo.fr\/app\/uploads\/sites\/3\/2025\/05\/screenshot-2025-05-22-at-18-53-25-les-rdv-cma-reussir-avec-le-numerique-cma-grand-est-1024x525.png\",\"contentUrl\":\"https:\/\/vosgesinfo.fr\/app\/uploads\/sites\/3\/2025\/05\/screenshot-2025-05-22-at-18-53-25-les-rdv-cma-reussir-avec-le-numerique-cma-grand-est-1024x525.png\"},{\"@type\":\"BreadcrumbList\",\"@id\":\"https:\/\/vosgesinfo.fr\/laplainedesvosgesinfo\/2025\/05\/rdv-cma-reussir-avec-le-numerique-du-2-au-6-juin-prochains\/#breadcrumb\",\"itemListElement\":[{\"@type\":\"ListItem\",\"position\":1,\"name\":\"Home\",\"item\":\"https:\/\/vosgesinfo.fr\/laplainedesvosgesinfo\/\"},{\"@type\":\"ListItem\",\"position\":2,\"name\":\"RDV CMA &#8211; R\u00e9ussir avec le num\u00e9rique &#8211; du 2 au 6 juin prochains.\"}]},{\"@type\":\"WebSite\",\"@id\":\"https:\/\/vosgesinfo.fr\/laplainedesvosgesinfo\/#website\",\"url\":\"https:\/\/vosgesinfo.fr\/laplainedesvosgesinfo\/\",\"name\":\"La Plaine des Vosges\",\"description\":\"Toute l&#039;actualit\u00e9 de la plaine de Vosges\",\"publisher\":{\"@id\":\"https:\/\/vosgesinfo.fr\/laplainedesvosgesinfo\/#organization\"},\"alternateName\":\"Toute l'actualit\u00e9 de la plaine des Vosges\",\"potentialAction\":[{\"@type\":\"SearchAction\",\"target\":{\"@type\":\"EntryPoint\",\"urlTemplate\":\"https:\/\/vosgesinfo.fr\/laplainedesvosgesinfo\/?s={search_term_string}\"},\"query-input\":\"required name=search_term_string\"}],\"inLanguage\":\"fr-FR\"},{\"@type\":\"Organization\",\"@id\":\"https:\/\/vosgesinfo.fr\/laplainedesvosgesinfo\/#organization\",\"name\":\"La Plaine des Vosges\",\"url\":\"https:\/\/vosgesinfo.fr\/laplainedesvosgesinfo\/\",\"logo\":{\"@type\":\"ImageObject\",\"inLanguage\":\"fr-FR\",\"@id\":\"https:\/\/vosgesinfo.fr\/laplainedesvosgesinfo\/#\/schema\/logo\/image\/\",\"url\":\"https:\/\/vosgesinfo.fr\/app\/uploads\/sites\/2\/2023\/08\/logo-laplaineinfo.svg\",\"contentUrl\":\"https:\/\/vosgesinfo.fr\/app\/uploads\/sites\/2\/2023\/08\/logo-laplaineinfo.svg\",\"width\":1,\"height\":1,\"caption\":\"La Plaine des Vosges\"},\"image\":{\"@id\":\"https:\/\/vosgesinfo.fr\/laplainedesvosgesinfo\/#\/schema\/logo\/image\/\"},\"sameAs\":[\"https:\/\/www.facebook.com\/laplainedesvosges\",\"https:\/\/x.com\/VosgesInfo88\",\"https:\/\/www.youtube.com\/@vosgesinfo\"]},{\"@type\":\"Person\",\"@id\":\"https:\/\/vosgesinfo.fr\/laplainedesvosgesinfo\/#\/schema\/person\/27a3695b06db98895b354c0765cdfc31\",\"name\":\"La redaction\",\"image\":{\"@type\":\"ImageObject\",\"inLanguage\":\"fr-FR\",\"@id\":\"https:\/\/vosgesinfo.fr\/laplainedesvosgesinfo\/#\/schema\/person\/image\/\",\"url\":\"https:\/\/secure.gravatar.com\/avatar\/64c76a78e501cedee55736f43f332df901e1896ae9cd8fad269ae2236dd0e8b6?s=96&d=mm&r=g\",\"contentUrl\":\"https:\/\/secure.gravatar.com\/avatar\/64c76a78e501cedee55736f43f332df901e1896ae9cd8fad269ae2236dd0e8b6?s=96&d=mm&r=g\",\"caption\":\"La redaction\"},\"url\":\"https:\/\/vosgesinfo.fr\/laplainedesvosgesinfo\/author\/la-redaction\/\"}]}<\/script>\n<!-- \/ Yoast SEO plugin. -->","yoast_head_json":{"title":"RDV CMA - R\u00e9ussir avec le num\u00e9rique - du 2 au 6 juin prochains. - La Plaine des Vosges","robots":{"index":"index","follow":"follow","max-snippet":"max-snippet:-1","max-image-preview":"max-image-preview:large","max-video-preview":"max-video-preview:-1"},"canonical":"https:\/\/vosgesinfo.fr\/laplainedesvosgesinfo\/2025\/05\/rdv-cma-reussir-avec-le-numerique-du-2-au-6-juin-prochains\/","twitter_card":"summary_large_image","twitter_title":"RDV CMA - R\u00e9ussir avec le num\u00e9rique - du 2 au 6 juin prochains. - La Plaine des Vosges","twitter_description":"Du 2 au 6 juin 2025 : la CMA lance une semaine d\u00e9di\u00e9e au d\u00e9veloppement par le num\u00e9rique. La Chambre [&hellip;]","twitter_image":"https:\/\/vosgesinfo.fr\/app\/uploads\/sites\/3\/2025\/05\/screenshot-2025-05-22-at-18-53-25-les-rdv-cma-reussir-avec-le-numerique-cma-grand-est-1024x525.png","twitter_creator":"@VosgesInfo88","twitter_site":"@VosgesInfo88","twitter_misc":{"\u00c9crit par":"La redaction","Dur\u00e9e de lecture estim\u00e9e":"4 minutes"},"schema":{"@context":"https:\/\/schema.org","@graph":[{"@type":"Article","@id":"https:\/\/vosgesinfo.fr\/laplainedesvosgesinfo\/2025\/05\/rdv-cma-reussir-avec-le-numerique-du-2-au-6-juin-prochains\/#article","isPartOf":{"@id":"https:\/\/vosgesinfo.fr\/laplainedesvosgesinfo\/2025\/05\/rdv-cma-reussir-avec-le-numerique-du-2-au-6-juin-prochains\/"},"author":{"name":"La redaction","@id":"https:\/\/vosgesinfo.fr\/laplainedesvosgesinfo\/#\/schema\/person\/27a3695b06db98895b354c0765cdfc31"},"headline":"RDV CMA &#8211; R\u00e9ussir avec le num\u00e9rique &#8211; du 2 au 6 juin prochains.","datePublished":"2025-05-22T17:29:29+00:00","dateModified":"2025-05-22T17:29:29+00:00","mainEntityOfPage":{"@id":"https:\/\/vosgesinfo.fr\/laplainedesvosgesinfo\/2025\/05\/rdv-cma-reussir-avec-le-numerique-du-2-au-6-juin-prochains\/"},"wordCount":778,"commentCount":0,"publisher":{"@id":"https:\/\/vosgesinfo.fr\/laplainedesvosgesinfo\/#organization"},"image":{"@id":"https:\/\/vosgesinfo.fr\/laplainedesvosgesinfo\/2025\/05\/rdv-cma-reussir-avec-le-numerique-du-2-au-6-juin-prochains\/#primaryimage"},"thumbnailUrl":"https:\/\/vosgesinfo.fr\/app\/uploads\/sites\/3\/2025\/05\/screenshot-2025-05-22-at-18-53-25-les-rdv-cma-reussir-avec-le-numerique-cma-grand-est-1024x525.png","keywords":["CMA Grand Est"],"articleSection":["A la Une","\u00c9conomie","Epinal","La plaine des vosges"],"inLanguage":"fr-FR","potentialAction":[{"@type":"CommentAction","name":"Comment","target":["https:\/\/vosgesinfo.fr\/laplainedesvosgesinfo\/2025\/05\/rdv-cma-reussir-avec-le-numerique-du-2-au-6-juin-prochains\/#respond"]}]},{"@type":"WebPage","@id":"https:\/\/vosgesinfo.fr\/laplainedesvosgesinfo\/2025\/05\/rdv-cma-reussir-avec-le-numerique-du-2-au-6-juin-prochains\/","url":"https:\/\/vosgesinfo.fr\/laplainedesvosgesinfo\/2025\/05\/rdv-cma-reussir-avec-le-numerique-du-2-au-6-juin-prochains\/","name":"RDV CMA - R\u00e9ussir avec le num\u00e9rique - du 2 au 6 juin prochains. - La Plaine des Vosges","isPartOf":{"@id":"https:\/\/vosgesinfo.fr\/laplainedesvosgesinfo\/#website"},"primaryImageOfPage":{"@id":"https:\/\/vosgesinfo.fr\/laplainedesvosgesinfo\/2025\/05\/rdv-cma-reussir-avec-le-numerique-du-2-au-6-juin-prochains\/#primaryimage"},"image":{"@id":"https:\/\/vosgesinfo.fr\/laplainedesvosgesinfo\/2025\/05\/rdv-cma-reussir-avec-le-numerique-du-2-au-6-juin-prochains\/#primaryimage"},"thumbnailUrl":"https:\/\/vosgesinfo.fr\/app\/uploads\/sites\/3\/2025\/05\/screenshot-2025-05-22-at-18-53-25-les-rdv-cma-reussir-avec-le-numerique-cma-grand-est-1024x525.png","datePublished":"2025-05-22T17:29:29+00:00","dateModified":"2025-05-22T17:29:29+00:00","breadcrumb":{"@id":"https:\/\/vosgesinfo.fr\/laplainedesvosgesinfo\/2025\/05\/rdv-cma-reussir-avec-le-numerique-du-2-au-6-juin-prochains\/#breadcrumb"},"inLanguage":"fr-FR","potentialAction":[{"@type":"ReadAction","target":["https:\/\/vosgesinfo.fr\/laplainedesvosgesinfo\/2025\/05\/rdv-cma-reussir-avec-le-numerique-du-2-au-6-juin-prochains\/"]}]},{"@type":"ImageObject","inLanguage":"fr-FR","@id":"https:\/\/vosgesinfo.fr\/laplainedesvosgesinfo\/2025\/05\/rdv-cma-reussir-avec-le-numerique-du-2-au-6-juin-prochains\/#primaryimage","url":"https:\/\/vosgesinfo.fr\/app\/uploads\/sites\/3\/2025\/05\/screenshot-2025-05-22-at-18-53-25-les-rdv-cma-reussir-avec-le-numerique-cma-grand-est-1024x525.png","contentUrl":"https:\/\/vosgesinfo.fr\/app\/uploads\/sites\/3\/2025\/05\/screenshot-2025-05-22-at-18-53-25-les-rdv-cma-reussir-avec-le-numerique-cma-grand-est-1024x525.png"},{"@type":"BreadcrumbList","@id":"https:\/\/vosgesinfo.fr\/laplainedesvosgesinfo\/2025\/05\/rdv-cma-reussir-avec-le-numerique-du-2-au-6-juin-prochains\/#breadcrumb","itemListElement":[{"@type":"ListItem","position":1,"name":"Home","item":"https:\/\/vosgesinfo.fr\/laplainedesvosgesinfo\/"},{"@type":"ListItem","position":2,"name":"RDV CMA &#8211; R\u00e9ussir avec le num\u00e9rique &#8211; du 2 au 6 juin prochains."}]},{"@type":"WebSite","@id":"https:\/\/vosgesinfo.fr\/laplainedesvosgesinfo\/#website","url":"https:\/\/vosgesinfo.fr\/laplainedesvosgesinfo\/","name":"La Plaine des Vosges","description":"Toute l&#039;actualit\u00e9 de la plaine de Vosges","publisher":{"@id":"https:\/\/vosgesinfo.fr\/laplainedesvosgesinfo\/#organization"},"alternateName":"Toute l'actualit\u00e9 de la plaine des Vosges","potentialAction":[{"@type":"SearchAction","target":{"@type":"EntryPoint","urlTemplate":"https:\/\/vosgesinfo.fr\/laplainedesvosgesinfo\/?s={search_term_string}"},"query-input":"required name=search_term_string"}],"inLanguage":"fr-FR"},{"@type":"Organization","@id":"https:\/\/vosgesinfo.fr\/laplainedesvosgesinfo\/#organization","name":"La Plaine des Vosges","url":"https:\/\/vosgesinfo.fr\/laplainedesvosgesinfo\/","logo":{"@type":"ImageObject","inLanguage":"fr-FR","@id":"https:\/\/vosgesinfo.fr\/laplainedesvosgesinfo\/#\/schema\/logo\/image\/","url":"https:\/\/vosgesinfo.fr\/app\/uploads\/sites\/2\/2023\/08\/logo-laplaineinfo.svg","contentUrl":"https:\/\/vosgesinfo.fr\/app\/uploads\/sites\/2\/2023\/08\/logo-laplaineinfo.svg","width":1,"height":1,"caption":"La Plaine des Vosges"},"image":{"@id":"https:\/\/vosgesinfo.fr\/laplainedesvosgesinfo\/#\/schema\/logo\/image\/"},"sameAs":["https:\/\/www.facebook.com\/laplainedesvosges","https:\/\/x.com\/VosgesInfo88","https:\/\/www.youtube.com\/@vosgesinfo"]},{"@type":"Person","@id":"https:\/\/vosgesinfo.fr\/laplainedesvosgesinfo\/#\/schema\/person\/27a3695b06db98895b354c0765cdfc31","name":"La redaction","image":{"@type":"ImageObject","inLanguage":"fr-FR","@id":"https:\/\/vosgesinfo.fr\/laplainedesvosgesinfo\/#\/schema\/person\/image\/","url":"https:\/\/secure.gravatar.com\/avatar\/64c76a78e501cedee55736f43f332df901e1896ae9cd8fad269ae2236dd0e8b6?s=96&d=mm&r=g","contentUrl":"https:\/\/secure.gravatar.com\/avatar\/64c76a78e501cedee55736f43f332df901e1896ae9cd8fad269ae2236dd0e8b6?s=96&d=mm&r=g","caption":"La redaction"},"url":"https:\/\/vosgesinfo.fr\/laplainedesvosgesinfo\/author\/la-redaction\/"}]}},"_links":{"self":[{"href":"https:\/\/vosgesinfo.fr\/laplainedesvosgesinfo\/wp-json\/wp\/v2\/posts\/30113","targetHints":{"allow":["GET"]}}],"collection":[{"href":"https:\/\/vosgesinfo.fr\/laplainedesvosgesinfo\/wp-json\/wp\/v2\/posts"}],"about":[{"href":"https:\/\/vosgesinfo.fr\/laplainedesvosgesinfo\/wp-json\/wp\/v2\/types\/post"}],"author":[{"embeddable":true,"href":"https:\/\/vosgesinfo.fr\/laplainedesvosgesinfo\/wp-json\/wp\/v2\/users\/391"}],"replies":[{"embeddable":true,"href":"https:\/\/vosgesinfo.fr\/laplainedesvosgesinfo\/wp-json\/wp\/v2\/comments?post=30113"}],"version-history":[{"count":0,"href":"https:\/\/vosgesinfo.fr\/laplainedesvosgesinfo\/wp-json\/wp\/v2\/posts\/30113\/revisions"}],"wp:attachment":[{"href":"https:\/\/vosgesinfo.fr\/laplainedesvosgesinfo\/wp-json\/wp\/v2\/media?parent=30113"}],"wp:term":[{"taxonomy":"category","embeddable":true,"href":"https:\/\/vosgesinfo.fr\/laplainedesvosgesinfo\/wp-json\/wp\/v2\/categories?post=30113"},{"taxonomy":"post_tag","embeddable":true,"href":"https:\/\/vosgesinfo.fr\/laplainedesvosgesinfo\/wp-json\/wp\/v2\/tags?post=30113"}],"curies":[{"name":"wp","href":"https:\/\/api.w.org\/{rel}","templated":true}]}}