{"id":30115,"date":"2025-05-23T08:42:15","date_gmt":"2025-05-23T06:42:15","guid":{"rendered":"https:\/\/vosgesinfo.fr\/laplainedesvosgesinfo\/?p=30115"},"modified":"2025-05-23T08:38:08","modified_gmt":"2025-05-23T06:38:08","slug":"vittel-reduction-de-la-vitesse-a-50-km-h-route-dhareville","status":"publish","type":"post","link":"https:\/\/vosgesinfo.fr\/laplainedesvosgesinfo\/2025\/05\/vittel-reduction-de-la-vitesse-a-50-km-h-route-dhareville\/","title":{"rendered":"Vittel &#8211; R\u00e9duction de la vitesse \u00e0 50 km\/h route d&rsquo;Har\u00e9ville"},"content":{"rendered":"<p><a href=\"https:\/\/vosgesinfo.fr\/app\/uploads\/sites\/2\/2025\/05\/50.png\"><img decoding=\"async\" class=\"alignright wp-image-30116 size-full\" src=\"https:\/\/vosgesinfo.fr\/app\/uploads\/sites\/2\/2025\/05\/50.png\" alt=\"\" width=\"370\" height=\"392\" srcset=\"https:\/\/vosgesinfo.fr\/app\/uploads\/sites\/2\/2025\/05\/50.png 370w, https:\/\/vosgesinfo.fr\/app\/uploads\/sites\/2\/2025\/05\/50-283x300.png 283w\" sizes=\"(max-width: 370px) 100vw, 370px\" \/><\/a>En raison des travaux r\u00e9alis\u00e9s par le Conseil D\u00e9partemental des Vosges sur l\u2019aqueduc de la rueDivision Leclerc, et de la fermeture temporaire de cette voie \u00e0 la circulation, de nombreux automobilistes et poids lourds empruntent actuellement la voie communale n\u00b07 \u2013 dite \u00ab\u00a0vieille route d\u2019Har\u00e9ville\u00a0\u00bb \u2013 comme itin\u00e9raire de substitution.<br \/>\nFace \u00e0 cette augmentation exceptionnelle du trafic, la Ville de Vittel a pris un arr\u00eat\u00e9 municipal (n\u00b0DGS-2025-133), en date du 19 mai 2025, abaissant la vitesse maximale autoris\u00e9e de 70 km\/h \u00e0 50km\/h.<br \/>\nCette d\u00e9cision r\u00e9pond \u00e0 plusieurs constats :<br \/>\n\u2022 Une fr\u00e9quentation anormalement \u00e9lev\u00e9e, y compris par des poids lourds ;<br \/>\n\u2022 Des vitesses excessives sur une route ancienne, entretenue \u00e0 minima ;<br \/>\n\u2022 Une d\u00e9t\u00e9rioration progressive de la chauss\u00e9e, accentu\u00e9e par l\u2019intensit\u00e9 du trafic.<br \/>\nLa s\u00e9curit\u00e9 de tous les usagers \u2013 pi\u00e9tons comme conducteurs \u2013 reste une priorit\u00e9 pour la municipalit\u00e9.<br \/>\nCette limitation contribuera \u00e0 r\u00e9duire les risques d\u2019accident et \u00e0 pr\u00e9server la chauss\u00e9e.<br \/>\nLa nouvelle signalisation r\u00e9glementaire sera mise en place dans les prochains jours par les servicestechniques municipaux<\/p>\n","protected":false},"excerpt":{"rendered":"<p>En raison des travaux r\u00e9alis\u00e9s par le Conseil D\u00e9partemental des Vosges sur l\u2019aqueduc de la rueDivision Leclerc, et de la [&hellip;]<\/p>\n","protected":false},"author":391,"featured_media":30116,"comment_status":"open","ping_status":"open","sticky":false,"template":"","format":"standard","meta":{"footnotes":""},"categories":[29],"tags":[],"class_list":["post-30115","post","type-post","status-publish","format-standard","has-post-thumbnail","hentry","category-a-la-une"],"acf":[],"yoast_head":"<!-- This site is optimized with the Yoast SEO plugin v22.5 - https:\/\/yoast.com\/wordpress\/plugins\/seo\/ -->\n<title>Vittel - R\u00e9duction de la vitesse \u00e0 50 km\/h route d&#039;Har\u00e9ville - La Plaine des Vosges<\/title>\n<meta name=\"robots\" content=\"index, follow, max-snippet:-1, max-image-preview:large, max-video-preview:-1\" \/>\n<link rel=\"canonical\" href=\"https:\/\/vosgesinfo.fr\/laplainedesvosgesinfo\/2025\/05\/vittel-reduction-de-la-vitesse-a-50-km-h-route-dhareville\/\" \/>\n<meta name=\"twitter:card\" content=\"summary_large_image\" \/>\n<meta name=\"twitter:title\" content=\"Vittel - R\u00e9duction de la vitesse \u00e0 50 km\/h route d&#039;Har\u00e9ville - La Plaine des Vosges\" \/>\n<meta name=\"twitter:description\" content=\"En raison des travaux r\u00e9alis\u00e9s par le Conseil D\u00e9partemental des Vosges sur l\u2019aqueduc de la rueDivision Leclerc, et de la [&hellip;]\" \/>\n<meta name=\"twitter:image\" content=\"https:\/\/vosgesinfo.fr\/app\/uploads\/sites\/2\/2025\/05\/50.png\" \/>\n<meta name=\"twitter:creator\" content=\"@VosgesInfo88\" \/>\n<meta name=\"twitter:site\" content=\"@VosgesInfo88\" \/>\n<meta name=\"twitter:label1\" content=\"\u00c9crit par\" \/>\n\t<meta name=\"twitter:data1\" content=\"La redaction\" \/>\n\t<meta name=\"twitter:label2\" content=\"Dur\u00e9e de lecture estim\u00e9e\" \/>\n\t<meta name=\"twitter:data2\" content=\"2 minutes\" \/>\n<script type=\"application\/ld+json\" class=\"yoast-schema-graph\">{\"@context\":\"https:\/\/schema.org\",\"@graph\":[{\"@type\":\"Article\",\"@id\":\"https:\/\/vosgesinfo.fr\/laplainedesvosgesinfo\/2025\/05\/vittel-reduction-de-la-vitesse-a-50-km-h-route-dhareville\/#article\",\"isPartOf\":{\"@id\":\"https:\/\/vosgesinfo.fr\/laplainedesvosgesinfo\/2025\/05\/vittel-reduction-de-la-vitesse-a-50-km-h-route-dhareville\/\"},\"author\":{\"name\":\"La redaction\",\"@id\":\"https:\/\/vosgesinfo.fr\/laplainedesvosgesinfo\/#\/schema\/person\/27a3695b06db98895b354c0765cdfc31\"},\"headline\":\"Vittel &#8211; R\u00e9duction de la vitesse \u00e0 50 km\/h route d&rsquo;Har\u00e9ville\",\"datePublished\":\"2025-05-23T06:42:15+00:00\",\"dateModified\":\"2025-05-23T06:38:08+00:00\",\"mainEntityOfPage\":{\"@id\":\"https:\/\/vosgesinfo.fr\/laplainedesvosgesinfo\/2025\/05\/vittel-reduction-de-la-vitesse-a-50-km-h-route-dhareville\/\"},\"wordCount\":194,\"commentCount\":0,\"publisher\":{\"@id\":\"https:\/\/vosgesinfo.fr\/laplainedesvosgesinfo\/#organization\"},\"image\":{\"@id\":\"https:\/\/vosgesinfo.fr\/laplainedesvosgesinfo\/2025\/05\/vittel-reduction-de-la-vitesse-a-50-km-h-route-dhareville\/#primaryimage\"},\"thumbnailUrl\":\"https:\/\/vosgesinfo.fr\/app\/uploads\/sites\/2\/2025\/05\/50.png\",\"articleSection\":[\"A la Une\"],\"inLanguage\":\"fr-FR\",\"potentialAction\":[{\"@type\":\"CommentAction\",\"name\":\"Comment\",\"target\":[\"https:\/\/vosgesinfo.fr\/laplainedesvosgesinfo\/2025\/05\/vittel-reduction-de-la-vitesse-a-50-km-h-route-dhareville\/#respond\"]}]},{\"@type\":\"WebPage\",\"@id\":\"https:\/\/vosgesinfo.fr\/laplainedesvosgesinfo\/2025\/05\/vittel-reduction-de-la-vitesse-a-50-km-h-route-dhareville\/\",\"url\":\"https:\/\/vosgesinfo.fr\/laplainedesvosgesinfo\/2025\/05\/vittel-reduction-de-la-vitesse-a-50-km-h-route-dhareville\/\",\"name\":\"Vittel - R\u00e9duction de la vitesse \u00e0 50 km\/h route d'Har\u00e9ville - La Plaine des Vosges\",\"isPartOf\":{\"@id\":\"https:\/\/vosgesinfo.fr\/laplainedesvosgesinfo\/#website\"},\"primaryImageOfPage\":{\"@id\":\"https:\/\/vosgesinfo.fr\/laplainedesvosgesinfo\/2025\/05\/vittel-reduction-de-la-vitesse-a-50-km-h-route-dhareville\/#primaryimage\"},\"image\":{\"@id\":\"https:\/\/vosgesinfo.fr\/laplainedesvosgesinfo\/2025\/05\/vittel-reduction-de-la-vitesse-a-50-km-h-route-dhareville\/#primaryimage\"},\"thumbnailUrl\":\"https:\/\/vosgesinfo.fr\/app\/uploads\/sites\/2\/2025\/05\/50.png\",\"datePublished\":\"2025-05-23T06:42:15+00:00\",\"dateModified\":\"2025-05-23T06:38:08+00:00\",\"breadcrumb\":{\"@id\":\"https:\/\/vosgesinfo.fr\/laplainedesvosgesinfo\/2025\/05\/vittel-reduction-de-la-vitesse-a-50-km-h-route-dhareville\/#breadcrumb\"},\"inLanguage\":\"fr-FR\",\"potentialAction\":[{\"@type\":\"ReadAction\",\"target\":[\"https:\/\/vosgesinfo.fr\/laplainedesvosgesinfo\/2025\/05\/vittel-reduction-de-la-vitesse-a-50-km-h-route-dhareville\/\"]}]},{\"@type\":\"ImageObject\",\"inLanguage\":\"fr-FR\",\"@id\":\"https:\/\/vosgesinfo.fr\/laplainedesvosgesinfo\/2025\/05\/vittel-reduction-de-la-vitesse-a-50-km-h-route-dhareville\/#primaryimage\",\"url\":\"https:\/\/vosgesinfo.fr\/app\/uploads\/sites\/2\/2025\/05\/50.png\",\"contentUrl\":\"https:\/\/vosgesinfo.fr\/app\/uploads\/sites\/2\/2025\/05\/50.png\",\"width\":370,\"height\":392},{\"@type\":\"BreadcrumbList\",\"@id\":\"https:\/\/vosgesinfo.fr\/laplainedesvosgesinfo\/2025\/05\/vittel-reduction-de-la-vitesse-a-50-km-h-route-dhareville\/#breadcrumb\",\"itemListElement\":[{\"@type\":\"ListItem\",\"position\":1,\"name\":\"Home\",\"item\":\"https:\/\/vosgesinfo.fr\/laplainedesvosgesinfo\/\"},{\"@type\":\"ListItem\",\"position\":2,\"name\":\"Vittel &#8211; R\u00e9duction de la vitesse \u00e0 50 km\/h route d&rsquo;Har\u00e9ville\"}]},{\"@type\":\"WebSite\",\"@id\":\"https:\/\/vosgesinfo.fr\/laplainedesvosgesinfo\/#website\",\"url\":\"https:\/\/vosgesinfo.fr\/laplainedesvosgesinfo\/\",\"name\":\"La Plaine des Vosges\",\"description\":\"Toute l&#039;actualit\u00e9 de la plaine de Vosges\",\"publisher\":{\"@id\":\"https:\/\/vosgesinfo.fr\/laplainedesvosgesinfo\/#organization\"},\"alternateName\":\"Toute l'actualit\u00e9 de la plaine des Vosges\",\"potentialAction\":[{\"@type\":\"SearchAction\",\"target\":{\"@type\":\"EntryPoint\",\"urlTemplate\":\"https:\/\/vosgesinfo.fr\/laplainedesvosgesinfo\/?s={search_term_string}\"},\"query-input\":\"required name=search_term_string\"}],\"inLanguage\":\"fr-FR\"},{\"@type\":\"Organization\",\"@id\":\"https:\/\/vosgesinfo.fr\/laplainedesvosgesinfo\/#organization\",\"name\":\"La Plaine des Vosges\",\"url\":\"https:\/\/vosgesinfo.fr\/laplainedesvosgesinfo\/\",\"logo\":{\"@type\":\"ImageObject\",\"inLanguage\":\"fr-FR\",\"@id\":\"https:\/\/vosgesinfo.fr\/laplainedesvosgesinfo\/#\/schema\/logo\/image\/\",\"url\":\"https:\/\/vosgesinfo.fr\/app\/uploads\/sites\/2\/2023\/08\/logo-laplaineinfo.svg\",\"contentUrl\":\"https:\/\/vosgesinfo.fr\/app\/uploads\/sites\/2\/2023\/08\/logo-laplaineinfo.svg\",\"width\":1,\"height\":1,\"caption\":\"La Plaine des Vosges\"},\"image\":{\"@id\":\"https:\/\/vosgesinfo.fr\/laplainedesvosgesinfo\/#\/schema\/logo\/image\/\"},\"sameAs\":[\"https:\/\/www.facebook.com\/laplainedesvosges\",\"https:\/\/x.com\/VosgesInfo88\",\"https:\/\/www.youtube.com\/@vosgesinfo\"]},{\"@type\":\"Person\",\"@id\":\"https:\/\/vosgesinfo.fr\/laplainedesvosgesinfo\/#\/schema\/person\/27a3695b06db98895b354c0765cdfc31\",\"name\":\"La redaction\",\"image\":{\"@type\":\"ImageObject\",\"inLanguage\":\"fr-FR\",\"@id\":\"https:\/\/vosgesinfo.fr\/laplainedesvosgesinfo\/#\/schema\/person\/image\/\",\"url\":\"https:\/\/secure.gravatar.com\/avatar\/64c76a78e501cedee55736f43f332df901e1896ae9cd8fad269ae2236dd0e8b6?s=96&d=mm&r=g\",\"contentUrl\":\"https:\/\/secure.gravatar.com\/avatar\/64c76a78e501cedee55736f43f332df901e1896ae9cd8fad269ae2236dd0e8b6?s=96&d=mm&r=g\",\"caption\":\"La redaction\"},\"url\":\"https:\/\/vosgesinfo.fr\/laplainedesvosgesinfo\/author\/la-redaction\/\"}]}<\/script>\n<!-- \/ Yoast SEO plugin. -->","yoast_head_json":{"title":"Vittel - R\u00e9duction de la vitesse \u00e0 50 km\/h route d'Har\u00e9ville - La Plaine des Vosges","robots":{"index":"index","follow":"follow","max-snippet":"max-snippet:-1","max-image-preview":"max-image-preview:large","max-video-preview":"max-video-preview:-1"},"canonical":"https:\/\/vosgesinfo.fr\/laplainedesvosgesinfo\/2025\/05\/vittel-reduction-de-la-vitesse-a-50-km-h-route-dhareville\/","twitter_card":"summary_large_image","twitter_title":"Vittel - R\u00e9duction de la vitesse \u00e0 50 km\/h route d'Har\u00e9ville - La Plaine des Vosges","twitter_description":"En raison des travaux r\u00e9alis\u00e9s par le Conseil D\u00e9partemental des Vosges sur l\u2019aqueduc de la rueDivision Leclerc, et de la [&hellip;]","twitter_image":"https:\/\/vosgesinfo.fr\/app\/uploads\/sites\/2\/2025\/05\/50.png","twitter_creator":"@VosgesInfo88","twitter_site":"@VosgesInfo88","twitter_misc":{"\u00c9crit par":"La redaction","Dur\u00e9e de lecture estim\u00e9e":"2 minutes"},"schema":{"@context":"https:\/\/schema.org","@graph":[{"@type":"Article","@id":"https:\/\/vosgesinfo.fr\/laplainedesvosgesinfo\/2025\/05\/vittel-reduction-de-la-vitesse-a-50-km-h-route-dhareville\/#article","isPartOf":{"@id":"https:\/\/vosgesinfo.fr\/laplainedesvosgesinfo\/2025\/05\/vittel-reduction-de-la-vitesse-a-50-km-h-route-dhareville\/"},"author":{"name":"La redaction","@id":"https:\/\/vosgesinfo.fr\/laplainedesvosgesinfo\/#\/schema\/person\/27a3695b06db98895b354c0765cdfc31"},"headline":"Vittel &#8211; R\u00e9duction de la vitesse \u00e0 50 km\/h route d&rsquo;Har\u00e9ville","datePublished":"2025-05-23T06:42:15+00:00","dateModified":"2025-05-23T06:38:08+00:00","mainEntityOfPage":{"@id":"https:\/\/vosgesinfo.fr\/laplainedesvosgesinfo\/2025\/05\/vittel-reduction-de-la-vitesse-a-50-km-h-route-dhareville\/"},"wordCount":194,"commentCount":0,"publisher":{"@id":"https:\/\/vosgesinfo.fr\/laplainedesvosgesinfo\/#organization"},"image":{"@id":"https:\/\/vosgesinfo.fr\/laplainedesvosgesinfo\/2025\/05\/vittel-reduction-de-la-vitesse-a-50-km-h-route-dhareville\/#primaryimage"},"thumbnailUrl":"https:\/\/vosgesinfo.fr\/app\/uploads\/sites\/2\/2025\/05\/50.png","articleSection":["A la Une"],"inLanguage":"fr-FR","potentialAction":[{"@type":"CommentAction","name":"Comment","target":["https:\/\/vosgesinfo.fr\/laplainedesvosgesinfo\/2025\/05\/vittel-reduction-de-la-vitesse-a-50-km-h-route-dhareville\/#respond"]}]},{"@type":"WebPage","@id":"https:\/\/vosgesinfo.fr\/laplainedesvosgesinfo\/2025\/05\/vittel-reduction-de-la-vitesse-a-50-km-h-route-dhareville\/","url":"https:\/\/vosgesinfo.fr\/laplainedesvosgesinfo\/2025\/05\/vittel-reduction-de-la-vitesse-a-50-km-h-route-dhareville\/","name":"Vittel - R\u00e9duction de la vitesse \u00e0 50 km\/h route d'Har\u00e9ville - La Plaine des Vosges","isPartOf":{"@id":"https:\/\/vosgesinfo.fr\/laplainedesvosgesinfo\/#website"},"primaryImageOfPage":{"@id":"https:\/\/vosgesinfo.fr\/laplainedesvosgesinfo\/2025\/05\/vittel-reduction-de-la-vitesse-a-50-km-h-route-dhareville\/#primaryimage"},"image":{"@id":"https:\/\/vosgesinfo.fr\/laplainedesvosgesinfo\/2025\/05\/vittel-reduction-de-la-vitesse-a-50-km-h-route-dhareville\/#primaryimage"},"thumbnailUrl":"https:\/\/vosgesinfo.fr\/app\/uploads\/sites\/2\/2025\/05\/50.png","datePublished":"2025-05-23T06:42:15+00:00","dateModified":"2025-05-23T06:38:08+00:00","breadcrumb":{"@id":"https:\/\/vosgesinfo.fr\/laplainedesvosgesinfo\/2025\/05\/vittel-reduction-de-la-vitesse-a-50-km-h-route-dhareville\/#breadcrumb"},"inLanguage":"fr-FR","potentialAction":[{"@type":"ReadAction","target":["https:\/\/vosgesinfo.fr\/laplainedesvosgesinfo\/2025\/05\/vittel-reduction-de-la-vitesse-a-50-km-h-route-dhareville\/"]}]},{"@type":"ImageObject","inLanguage":"fr-FR","@id":"https:\/\/vosgesinfo.fr\/laplainedesvosgesinfo\/2025\/05\/vittel-reduction-de-la-vitesse-a-50-km-h-route-dhareville\/#primaryimage","url":"https:\/\/vosgesinfo.fr\/app\/uploads\/sites\/2\/2025\/05\/50.png","contentUrl":"https:\/\/vosgesinfo.fr\/app\/uploads\/sites\/2\/2025\/05\/50.png","width":370,"height":392},{"@type":"BreadcrumbList","@id":"https:\/\/vosgesinfo.fr\/laplainedesvosgesinfo\/2025\/05\/vittel-reduction-de-la-vitesse-a-50-km-h-route-dhareville\/#breadcrumb","itemListElement":[{"@type":"ListItem","position":1,"name":"Home","item":"https:\/\/vosgesinfo.fr\/laplainedesvosgesinfo\/"},{"@type":"ListItem","position":2,"name":"Vittel &#8211; R\u00e9duction de la vitesse \u00e0 50 km\/h route d&rsquo;Har\u00e9ville"}]},{"@type":"WebSite","@id":"https:\/\/vosgesinfo.fr\/laplainedesvosgesinfo\/#website","url":"https:\/\/vosgesinfo.fr\/laplainedesvosgesinfo\/","name":"La Plaine des Vosges","description":"Toute l&#039;actualit\u00e9 de la plaine de Vosges","publisher":{"@id":"https:\/\/vosgesinfo.fr\/laplainedesvosgesinfo\/#organization"},"alternateName":"Toute l'actualit\u00e9 de la plaine des Vosges","potentialAction":[{"@type":"SearchAction","target":{"@type":"EntryPoint","urlTemplate":"https:\/\/vosgesinfo.fr\/laplainedesvosgesinfo\/?s={search_term_string}"},"query-input":"required name=search_term_string"}],"inLanguage":"fr-FR"},{"@type":"Organization","@id":"https:\/\/vosgesinfo.fr\/laplainedesvosgesinfo\/#organization","name":"La Plaine des Vosges","url":"https:\/\/vosgesinfo.fr\/laplainedesvosgesinfo\/","logo":{"@type":"ImageObject","inLanguage":"fr-FR","@id":"https:\/\/vosgesinfo.fr\/laplainedesvosgesinfo\/#\/schema\/logo\/image\/","url":"https:\/\/vosgesinfo.fr\/app\/uploads\/sites\/2\/2023\/08\/logo-laplaineinfo.svg","contentUrl":"https:\/\/vosgesinfo.fr\/app\/uploads\/sites\/2\/2023\/08\/logo-laplaineinfo.svg","width":1,"height":1,"caption":"La Plaine des Vosges"},"image":{"@id":"https:\/\/vosgesinfo.fr\/laplainedesvosgesinfo\/#\/schema\/logo\/image\/"},"sameAs":["https:\/\/www.facebook.com\/laplainedesvosges","https:\/\/x.com\/VosgesInfo88","https:\/\/www.youtube.com\/@vosgesinfo"]},{"@type":"Person","@id":"https:\/\/vosgesinfo.fr\/laplainedesvosgesinfo\/#\/schema\/person\/27a3695b06db98895b354c0765cdfc31","name":"La redaction","image":{"@type":"ImageObject","inLanguage":"fr-FR","@id":"https:\/\/vosgesinfo.fr\/laplainedesvosgesinfo\/#\/schema\/person\/image\/","url":"https:\/\/secure.gravatar.com\/avatar\/64c76a78e501cedee55736f43f332df901e1896ae9cd8fad269ae2236dd0e8b6?s=96&d=mm&r=g","contentUrl":"https:\/\/secure.gravatar.com\/avatar\/64c76a78e501cedee55736f43f332df901e1896ae9cd8fad269ae2236dd0e8b6?s=96&d=mm&r=g","caption":"La redaction"},"url":"https:\/\/vosgesinfo.fr\/laplainedesvosgesinfo\/author\/la-redaction\/"}]}},"_links":{"self":[{"href":"https:\/\/vosgesinfo.fr\/laplainedesvosgesinfo\/wp-json\/wp\/v2\/posts\/30115","targetHints":{"allow":["GET"]}}],"collection":[{"href":"https:\/\/vosgesinfo.fr\/laplainedesvosgesinfo\/wp-json\/wp\/v2\/posts"}],"about":[{"href":"https:\/\/vosgesinfo.fr\/laplainedesvosgesinfo\/wp-json\/wp\/v2\/types\/post"}],"author":[{"embeddable":true,"href":"https:\/\/vosgesinfo.fr\/laplainedesvosgesinfo\/wp-json\/wp\/v2\/users\/391"}],"replies":[{"embeddable":true,"href":"https:\/\/vosgesinfo.fr\/laplainedesvosgesinfo\/wp-json\/wp\/v2\/comments?post=30115"}],"version-history":[{"count":2,"href":"https:\/\/vosgesinfo.fr\/laplainedesvosgesinfo\/wp-json\/wp\/v2\/posts\/30115\/revisions"}],"predecessor-version":[{"id":30118,"href":"https:\/\/vosgesinfo.fr\/laplainedesvosgesinfo\/wp-json\/wp\/v2\/posts\/30115\/revisions\/30118"}],"wp:featuredmedia":[{"embeddable":true,"href":"https:\/\/vosgesinfo.fr\/laplainedesvosgesinfo\/wp-json\/wp\/v2\/media\/30116"}],"wp:attachment":[{"href":"https:\/\/vosgesinfo.fr\/laplainedesvosgesinfo\/wp-json\/wp\/v2\/media?parent=30115"}],"wp:term":[{"taxonomy":"category","embeddable":true,"href":"https:\/\/vosgesinfo.fr\/laplainedesvosgesinfo\/wp-json\/wp\/v2\/categories?post=30115"},{"taxonomy":"post_tag","embeddable":true,"href":"https:\/\/vosgesinfo.fr\/laplainedesvosgesinfo\/wp-json\/wp\/v2\/tags?post=30115"}],"curies":[{"name":"wp","href":"https:\/\/api.w.org\/{rel}","templated":true}]}}